{"id":4522,"date":"2017-07-16T06:21:18","date_gmt":"2017-07-16T06:21:18","guid":{"rendered":"https:\/\/www.welovecycling.com\/pl\/?p=4522"},"modified":"2017-08-06T10:01:08","modified_gmt":"2017-08-06T10:01:08","slug":"lista-odpowiedzi-w-konkursie-tour-de-france","status":"publish","type":"post","link":"https:\/\/www.welovecycling.com\/pl\/2017\/07\/16\/lista-odpowiedzi-w-konkursie-tour-de-france\/","title":{"rendered":"Lista odpowiedzi w konkursie Tour de France"},"content":{"rendered":"<p><strong>Pr\u00f3bowa\u0142e\u015b szcz\u0119\u015bcia w konkursie Tour de France i chcia\u0142by\u015b pozna\u0107 prawid\u0142owe odpowiedzi? Nareszcie \u2013 oto one! Poni\u017cej znajdziesz pe\u0142n\u0105 list\u0119 pyta\u0144 z wszystkich zako\u0144czonych ju\u017c rund i prawid\u0142owe odpowiedzi na te pytania. Lista b\u0119dzie systematycznie uzupe\u0142niana po zako\u0144czeniu ka\u017cdej z rund. I jak Ci posz\u0142o? <\/strong><!--more--><\/p>\n<h2>Runda 3<\/h2>\n<p><strong>Ilu widz\u00f3w przyje\u017cd\u017ca zazwyczaj na Tour de France?<\/strong><\/p>\n<p>Na Tour de France przybywa co roku ponad 15 milion\u00f3w widz\u00f3w. Ta ogromna publiczno\u015b\u0107 sprawia, \u017ce wy\u015bcig najwi\u0119kszym wydarzeniem sportowym na \u015bwiecie.<\/p>\n<p><strong>Ile dni odpoczynku maj\u0105 kolarze w trakcie Tour de France?<\/strong><\/p>\n<p>Kolarze bior\u0105cy udzia\u0142 w Tour de France maj\u0105 tylko 2 dni na odpoczynek w trakcie ca\u0142ego wy\u015bcigu. Nawet wtedy wi\u0119kszo\u015b\u0107 z nich je\u017adzi przynajmniej 2 godziny, \u017ceby pozby\u0107 si\u0119 kwasu mlekowego i nie wypa\u015b\u0107 z rytmu.<\/p>\n<p><strong>Co dla kolarza oznacza wyra\u017cenie &#8222;gry\u017a\u0107 kierownic\u0119&#8221;?<\/strong><\/p>\n<p>Wyra\u017cenia \u201egry\u017a\u0107 kierownic\u0119\u201d u\u017cywa si\u0119 wtedy, gdy kolarz jest tak zm\u0119czony, \u017ce jest w stanie skupi\u0107 si\u0119 tylko na w\u0142asnej kierownicy. To uczucie, kt\u00f3re przychodzi po d\u0142ugim i bolesnym podje\u017adzie, kiedy nie ma ju\u017c nic poza b\u00f3lem, zerkaniem na nawigacj\u0119 i liczeniem obrot\u00f3w peda\u0142\u00f3w do mety.<\/p>\n<p><strong>Jak nazywa si\u0119 czeski zwyci\u0119zca paraolimpiady i mistrz \u015bwiata, kt\u00f3ry pojawi\u0142 si\u0119 w filmiku \u0160KODY We Love Cycling przygotowanym na Tour de France 2017?<\/strong><\/p>\n<p>Ji\u0159\u00ed Je\u017eek wyst\u0105pi\u0142\u00a0w filmiku \u0160KODY opublikowanym w trakcie Tour de France 2017 na stronie WeLoveCycling.com. Sze\u015b\u0107 z\u0142otych medali paraolimpijskich daje mu miejsce w\u015br\u00f3d najbardziej utytu\u0142owanych kolarzy w historii paraolimpiady.<\/p>\n<p><strong>Jaka piosenka zosta\u0142a wykorzystana w animowanym filmie \u0160KODY przygotowanym na Tour de France?<\/strong><\/p>\n<p>W animowanym filmie \u0160KODY przygotowanym na Tour de France 2017 zosta\u0142a wykorzystana piosenka &#8222;Bicycle Race&#8221; zespo\u0142u Queen. Freddie Mercury napisa\u0142 j\u0105 po obejrzeniu 18. etapu Tour de France w 1978 roku.<\/p>\n<h2>Runda 2<\/h2>\n<p><strong>Co dzieje si\u0119, gdy uczestnik wy\u015bcigu upada, \u0142apie gum\u0119 lub ma problem techniczny na ostatnich 3 kilometrach\u00a0etapu?<\/strong><\/p>\n<p>Uczestnikowi, kt\u00f3ry zaliczy upadek na ostatnich 3 kilometrach etapu, przyznawany jest czas przekroczenia mety zawodnika, kt\u00f3ry jecha\u0142 z nim w czasie, gdy wydarzy\u0142 si\u0119 wypadek. Zasada ta nie obowi\u0105zuje przy etapach pr\u00f3bnych i oczywi\u015bcie jest stosowana tylko wtedy, kiedy ko\u0144c\u00f3wka wy\u015bcigu odbywa si\u0119 na szczycie. Inaczej zasada ta mog\u0142aby doprowadzi\u0107 do epidemii \u201eproblem\u00f3w technicznych\u201d na ostatnich 3 kilometrach przed szczytem wzniesienia.<\/p>\n<p><strong>Co oznacza na Tour de France francuskie wyra\u017cenie \u201ehors cat\u00e9gorie&#8221;?<\/strong><\/p>\n<p>Wyra\u017cenie\u00a0\u201ehors cat\u00e9gorie\u201d oznacza podjazd tak trudny, \u017ce nie da si\u0119 go skategoryzowa\u0107. Pocz\u0105tkowo nazywano tak drogi g\u00f3rskie, kt\u00f3re by\u0142y nieprzejezdne dla samochod\u00f3w. W Tour de France u\u017cywa si\u0119 go do okre\u015blenia podjazd\u00f3w, kt\u00f3re nie mieszcz\u0105 si\u0119 w najwy\u017cszej kategorii podjazd\u00f3w pod wzgl\u0119dem d\u0142ugo\u015bci i stopnia nachylenia. Przyk\u0142adem takiego brutalnego podjazdu by\u0142 Finhaut-\u00c9mosson w 17. etapie Tour de France w 2016 roku.<\/p>\n<p><strong>Co oznacza w kolarstwie s\u0142owo\u00a0 \u201eechelon&#8221;?<\/strong><\/p>\n<p>S\u0142owo \u201eechelon&#8221; u\u017cywane jest do opisania sznura zawodnik\u00f3w, kt\u00f3rzy pr\u00f3buj\u0105 jecha\u0107 na kole przy bocznym wietrze. Taktyka ta wykorzystywana jest g\u0142\u00f3wnie w grupach, kt\u00f3re pr\u00f3buj\u0105 uciec peletonowi i staraj\u0105 si\u0119 zaoszcz\u0119dzi\u0107 jak najwi\u0119cej energii. Nie zawsze jednak tak si\u0119 dzieje, gdy zawodnik z dru\u017cyny przeciwnej pr\u00f3buje do\u0142\u0105czy\u0107 do grupy.<\/p>\n<p><strong>Jaki jest najwa\u017cniejszy pojazd na Tour de France, z kt\u00f3rego dyrektor Christian Prudhomme czuwa nad przebiegiem wy\u015bcigu?<\/strong><\/p>\n<p>Ka\u017cdego ranka Christian Prudhomme, dyrektor Tour de France, zasiada na tylnym siedzeniu specjalnie zmodyfikowanej \u0160KODY Superb.<\/p>\n<p><strong>Dla jakiego \u00a0systemu(\u00f3w) dost\u0119pna jest dla oficjalna aplikacja mobilna Tour de France zaprezentowana przez \u0160KOD\u0118?<\/strong><\/p>\n<p>Oficjalna aplikacja mobilna Tour de France zaprezentowana przez \u0160KOD\u0118 zawiera kompleksowy serwis informacyjny na temat wy\u015bcigu oraz inne fantastyczne funkcje. Aplikacja dost\u0119pna jest dla system\u00f3w iOS i Android.<\/p>\n<h2>Runda 1<\/h2>\n<p><strong>Ile kilometr\u00f3w mia\u0142a najd\u0142u\u017csza trasa w historii Tour de France?<\/strong><\/p>\n<p>Najd\u0142u\u017csza trasa w historii Tour de France zosta\u0142a wytyczona w 20. edycji wy\u015bcigu w 1926 roku i liczy\u0142a 5745 kilometr\u00f3w. Sk\u0142ada\u0142a si\u0119 z 17 etap\u00f3w i bieg\u0142a przy granicy Francji. Kolarze pokonywali j\u0105 ze \u015bredni\u0105 pr\u0119dko\u015bci\u0105 24,3 km\/h.<\/p>\n<p><strong>W jaki spos\u00f3b Chris Froome wygra\u0142 8. etap Tour de France w 2016 roku?<\/strong><\/p>\n<p>Chris Froome wygra\u0142 8. etap Tour de France w 2016 roku w trakcie zjazdu z Col de Peyresourde. Chocia\u017c du\u017ce odst\u0119py nie powstaj\u0105 zwykle w trakcie zjazd\u00f3w, Froome udowodni\u0142, \u017ce jest to mo\u017cliwe. Dzi\u0119ki testom w tunelu aerodynamicznym i innowacjom znalaz\u0142 spos\u00f3b na to, by wykorzysta\u0107 wiatr i szybkie peda\u0142owanie w spos\u00f3b, jaki wydawa\u0142 si\u0119 do tamtej pory niemo\u017cliwy.<\/p>\n<p><strong>Co maj\u0105 na my\u015bli rowerzy\u015bci, kiedy m\u00f3wi\u0105 o \u201efalse flat&#8221;?<\/strong><\/p>\n<p>\u201eFalse flat\u201d to termin u\u017cywany do opisywania podjazd\u00f3w o ma\u0142ym nachyleniu, kt\u00f3re wydaj\u0105 si\u0119 zwodniczo p\u0142askie i \u0142atwe. Szczeg\u00f3lnie po ostrym zje\u017adzie podjazdy o ma\u0142ym nachyleniu mog\u0105 wydawa\u0107 si\u0119 p\u0142askie dla oka. Nie daj si\u0119 jednak nabra\u0107, nogi nie k\u0142ami\u0105 \u2013 to ci\u0105gle jest podjazd!<\/p>\n<p><strong>Portal \u0160KODY WeLoveCycling.pl wysy\u0142a siedmiu zwyci\u0119zc\u00f3w konkursu na l\u2019\u00c9tape du Tour. To doroczne wydarzenie pozwala amatorom do\u015bwiadczy\u0107 przejazdu etapem Tour de France. Kiedy l\u2019\u00c9tape du Tour odb\u0119dzie si\u0119 w tym roku?<\/strong><\/p>\n<p>W tym roku l\u2019\u00c9tape du Tour odb\u0119dzie si\u0119 16 lipca 2017. Trasa stanowi replik\u0119 18. etapu 104. edycji Tour de France.<\/p>\n<p><strong>Kt\u00f3ry ze zwyci\u0119zc\u00f3w Tour de France jest wieloletnim partnerem \u0160KODY i pojawia si\u0119 w naszym filmie z okazji wy\u015bcigu?<\/strong><\/p>\n<p>Stephen Roche to nie tylko zwyci\u0119zca Tour de France, ale tak\u017ce posiadacz nieoficjalnej \u201epotr\u00f3jnej korony&#8221;. Oznacza to, \u017ce jest jedn\u0105 z dw\u00f3ch os\u00f3b w historii, kt\u00f3rym uda\u0142o si\u0119 wygra\u0107 w tym samym roku Tour de France, Giro d\u2019Italia i mistrzostwa \u015bwiata w kolarstwie szosowym.<\/p>\n","protected":false},"excerpt":{"rendered":"<p>Pr\u00f3bowa\u0142e\u015b szcz\u0119\u015bcia w konkursie Tour de France i chcia\u0142by\u015b pozna\u0107 prawid\u0142owe odpowiedzi? Nareszcie \u2013 oto one! Poni\u017cej znajdziesz pe\u0142n\u0105 list\u0119 [&hellip;]<\/p>\n","protected":false},"author":27,"featured_media":4523,"comment_status":"open","ping_status":"open","sticky":false,"template":"","format":"standard","meta":{"footnotes":""},"categories":[1],"tags":[53,187,77,163],"global-categories":[],"class_list":["post-4522","post","type-post","status-publish","format-standard","has-post-thumbnail","hentry","category-uncategorized","tag-konkurs","tag-lista-odpowiedzi","tag-tour-de-france","tag-tour-de-france-2017"],"yoast_head":"<!-- This site is optimized with the Yoast SEO Premium plugin v25.3 (Yoast SEO v25.9) - https:\/\/yoast.com\/wordpress\/plugins\/seo\/ -->\n<title>Lista odpowiedzi w konkursie Tour de France - \u0160koda We Love Cycling - Poland<\/title>\n<meta name=\"robots\" content=\"index, follow, max-snippet:-1, max-image-preview:large, max-video-preview:-1\" \/>\n<link rel=\"canonical\" href=\"https:\/\/www.welovecycling.com\/pl\/2017\/07\/16\/lista-odpowiedzi-w-konkursie-tour-de-france\/\" \/>\n<meta property=\"og:locale\" content=\"pl_PL\" \/>\n<meta property=\"og:type\" content=\"article\" \/>\n<meta property=\"og:title\" content=\"Lista odpowiedzi w konkursie Tour de France\" \/>\n<meta property=\"og:description\" content=\"Pr\u00f3bowa\u0142e\u015b szcz\u0119\u015bcia w konkursie Tour de France i chcia\u0142by\u015b pozna\u0107 prawid\u0142owe odpowiedzi? Nareszcie \u2013 oto one! Poni\u017cej znajdziesz pe\u0142n\u0105 list\u0119 [&hellip;]\" \/>\n<meta property=\"og:url\" content=\"https:\/\/www.welovecycling.com\/pl\/2017\/07\/16\/lista-odpowiedzi-w-konkursie-tour-de-france\/\" \/>\n<meta property=\"og:site_name\" content=\"\u0160koda We Love Cycling - Poland\" \/>\n<meta property=\"article:published_time\" content=\"2017-07-16T06:21:18+00:00\" \/>\n<meta property=\"article:modified_time\" content=\"2017-08-06T10:01:08+00:00\" \/>\n<meta property=\"og:image\" content=\"https:\/\/d2p6e6u75xmxt8.cloudfront.net\/5\/2017\/07\/Cover.png\" \/>\n\t<meta property=\"og:image:width\" content=\"1375\" \/>\n\t<meta property=\"og:image:height\" content=\"600\" \/>\n\t<meta property=\"og:image:type\" content=\"image\/png\" \/>\n<meta name=\"author\" content=\"jakubstepanek\" \/>\n<meta name=\"twitter:card\" content=\"summary_large_image\" \/>\n<meta name=\"twitter:label1\" content=\"Written by\" \/>\n\t<meta name=\"twitter:data1\" content=\"WeLoveCycling\" \/>\n\t<meta name=\"twitter:label2\" content=\"Est. reading time\" \/>\n\t<meta name=\"twitter:data2\" content=\"5 minutes\" \/>\n<script type=\"application\/ld+json\" class=\"yoast-schema-graph\">{\"@context\":\"https:\/\/schema.org\",\"@graph\":[{\"@type\":\"WebPage\",\"@id\":\"https:\/\/www.welovecycling.com\/pl\/2017\/07\/16\/lista-odpowiedzi-w-konkursie-tour-de-france\/\",\"url\":\"https:\/\/www.welovecycling.com\/pl\/2017\/07\/16\/lista-odpowiedzi-w-konkursie-tour-de-france\/\",\"name\":\"Lista odpowiedzi w konkursie Tour de France - \u0160koda We Love Cycling - Poland\",\"isPartOf\":{\"@id\":\"https:\/\/www.welovecycling.com\/pl\/#website\"},\"primaryImageOfPage\":{\"@id\":\"https:\/\/www.welovecycling.com\/pl\/2017\/07\/16\/lista-odpowiedzi-w-konkursie-tour-de-france\/#primaryimage\"},\"image\":{\"@id\":\"https:\/\/www.welovecycling.com\/pl\/2017\/07\/16\/lista-odpowiedzi-w-konkursie-tour-de-france\/#primaryimage\"},\"thumbnailUrl\":\"https:\/\/d2p6e6u75xmxt8.cloudfront.net\/5\/2017\/07\/Cover.png\",\"datePublished\":\"2017-07-16T06:21:18+00:00\",\"dateModified\":\"2017-08-06T10:01:08+00:00\",\"author\":{\"@id\":\"https:\/\/www.welovecycling.com\/pl\/#\/schema\/person\/d42ede5c64c67b5db7ea181a1a82b2d5\"},\"breadcrumb\":{\"@id\":\"https:\/\/www.welovecycling.com\/pl\/2017\/07\/16\/lista-odpowiedzi-w-konkursie-tour-de-france\/#breadcrumb\"},\"inLanguage\":\"pl-PL\",\"potentialAction\":[{\"@type\":\"ReadAction\",\"target\":[\"https:\/\/www.welovecycling.com\/pl\/2017\/07\/16\/lista-odpowiedzi-w-konkursie-tour-de-france\/\"]}]},{\"@type\":\"ImageObject\",\"inLanguage\":\"pl-PL\",\"@id\":\"https:\/\/www.welovecycling.com\/pl\/2017\/07\/16\/lista-odpowiedzi-w-konkursie-tour-de-france\/#primaryimage\",\"url\":\"https:\/\/d2p6e6u75xmxt8.cloudfront.net\/5\/2017\/07\/Cover.png\",\"contentUrl\":\"https:\/\/d2p6e6u75xmxt8.cloudfront.net\/5\/2017\/07\/Cover.png\",\"width\":1375,\"height\":600},{\"@type\":\"BreadcrumbList\",\"@id\":\"https:\/\/www.welovecycling.com\/pl\/2017\/07\/16\/lista-odpowiedzi-w-konkursie-tour-de-france\/#breadcrumb\",\"itemListElement\":[{\"@type\":\"ListItem\",\"position\":1,\"name\":\"Home\",\"item\":\"https:\/\/www.welovecycling.com\/pl\/\"},{\"@type\":\"ListItem\",\"position\":2,\"name\":\"Lista odpowiedzi w konkursie Tour de France\"}]},{\"@type\":\"WebSite\",\"@id\":\"https:\/\/www.welovecycling.com\/pl\/#website\",\"url\":\"https:\/\/www.welovecycling.com\/pl\/\",\"name\":\"\u0160koda We Love Cycling - Poland\",\"description\":\"\",\"potentialAction\":[{\"@type\":\"SearchAction\",\"target\":{\"@type\":\"EntryPoint\",\"urlTemplate\":\"https:\/\/www.welovecycling.com\/pl\/?s={search_term_string}\"},\"query-input\":{\"@type\":\"PropertyValueSpecification\",\"valueRequired\":true,\"valueName\":\"search_term_string\"}}],\"inLanguage\":\"pl-PL\"},{\"@type\":\"Person\",\"@id\":\"https:\/\/www.welovecycling.com\/pl\/#\/schema\/person\/d42ede5c64c67b5db7ea181a1a82b2d5\",\"name\":\"jakubstepanek\",\"image\":{\"@type\":\"ImageObject\",\"inLanguage\":\"pl-PL\",\"@id\":\"https:\/\/www.welovecycling.com\/pl\/#\/schema\/person\/image\/\",\"url\":\"https:\/\/secure.gravatar.com\/avatar\/6088ff8a87539139d91121309dad6f7aee973467a9fee79888aeb2a7f7dc88a2?s=96&d=mm&r=g\",\"contentUrl\":\"https:\/\/secure.gravatar.com\/avatar\/6088ff8a87539139d91121309dad6f7aee973467a9fee79888aeb2a7f7dc88a2?s=96&d=mm&r=g\",\"caption\":\"jakubstepanek\"},\"url\":\"https:\/\/www.welovecycling.com\/pl\/author\/jakubstepanek\/\"}]}<\/script>\n<!-- \/ Yoast SEO Premium plugin. -->","yoast_head_json":{"title":"Lista odpowiedzi w konkursie Tour de France - \u0160koda We Love Cycling - Poland","robots":{"index":"index","follow":"follow","max-snippet":"max-snippet:-1","max-image-preview":"max-image-preview:large","max-video-preview":"max-video-preview:-1"},"canonical":"https:\/\/www.welovecycling.com\/pl\/2017\/07\/16\/lista-odpowiedzi-w-konkursie-tour-de-france\/","og_locale":"pl_PL","og_type":"article","og_title":"Lista odpowiedzi w konkursie Tour de France","og_description":"Pr\u00f3bowa\u0142e\u015b szcz\u0119\u015bcia w konkursie Tour de France i chcia\u0142by\u015b pozna\u0107 prawid\u0142owe odpowiedzi? Nareszcie \u2013 oto one! Poni\u017cej znajdziesz pe\u0142n\u0105 list\u0119 [&hellip;]","og_url":"https:\/\/www.welovecycling.com\/pl\/2017\/07\/16\/lista-odpowiedzi-w-konkursie-tour-de-france\/","og_site_name":"\u0160koda We Love Cycling - Poland","article_published_time":"2017-07-16T06:21:18+00:00","article_modified_time":"2017-08-06T10:01:08+00:00","og_image":[{"width":1375,"height":600,"url":"https:\/\/d2p6e6u75xmxt8.cloudfront.net\/5\/2017\/07\/Cover.png","type":"image\/png"}],"author":"jakubstepanek","twitter_card":"summary_large_image","twitter_misc":{"Written by":"WeLoveCycling","Est. reading time":"5 minutes"},"schema":{"@context":"https:\/\/schema.org","@graph":[{"@type":"WebPage","@id":"https:\/\/www.welovecycling.com\/pl\/2017\/07\/16\/lista-odpowiedzi-w-konkursie-tour-de-france\/","url":"https:\/\/www.welovecycling.com\/pl\/2017\/07\/16\/lista-odpowiedzi-w-konkursie-tour-de-france\/","name":"Lista odpowiedzi w konkursie Tour de France - \u0160koda We Love Cycling - Poland","isPartOf":{"@id":"https:\/\/www.welovecycling.com\/pl\/#website"},"primaryImageOfPage":{"@id":"https:\/\/www.welovecycling.com\/pl\/2017\/07\/16\/lista-odpowiedzi-w-konkursie-tour-de-france\/#primaryimage"},"image":{"@id":"https:\/\/www.welovecycling.com\/pl\/2017\/07\/16\/lista-odpowiedzi-w-konkursie-tour-de-france\/#primaryimage"},"thumbnailUrl":"https:\/\/d2p6e6u75xmxt8.cloudfront.net\/5\/2017\/07\/Cover.png","datePublished":"2017-07-16T06:21:18+00:00","dateModified":"2017-08-06T10:01:08+00:00","author":{"@id":"https:\/\/www.welovecycling.com\/pl\/#\/schema\/person\/d42ede5c64c67b5db7ea181a1a82b2d5"},"breadcrumb":{"@id":"https:\/\/www.welovecycling.com\/pl\/2017\/07\/16\/lista-odpowiedzi-w-konkursie-tour-de-france\/#breadcrumb"},"inLanguage":"pl-PL","potentialAction":[{"@type":"ReadAction","target":["https:\/\/www.welovecycling.com\/pl\/2017\/07\/16\/lista-odpowiedzi-w-konkursie-tour-de-france\/"]}]},{"@type":"ImageObject","inLanguage":"pl-PL","@id":"https:\/\/www.welovecycling.com\/pl\/2017\/07\/16\/lista-odpowiedzi-w-konkursie-tour-de-france\/#primaryimage","url":"https:\/\/d2p6e6u75xmxt8.cloudfront.net\/5\/2017\/07\/Cover.png","contentUrl":"https:\/\/d2p6e6u75xmxt8.cloudfront.net\/5\/2017\/07\/Cover.png","width":1375,"height":600},{"@type":"BreadcrumbList","@id":"https:\/\/www.welovecycling.com\/pl\/2017\/07\/16\/lista-odpowiedzi-w-konkursie-tour-de-france\/#breadcrumb","itemListElement":[{"@type":"ListItem","position":1,"name":"Home","item":"https:\/\/www.welovecycling.com\/pl\/"},{"@type":"ListItem","position":2,"name":"Lista odpowiedzi w konkursie Tour de France"}]},{"@type":"WebSite","@id":"https:\/\/www.welovecycling.com\/pl\/#website","url":"https:\/\/www.welovecycling.com\/pl\/","name":"\u0160koda We Love Cycling - Poland","description":"","potentialAction":[{"@type":"SearchAction","target":{"@type":"EntryPoint","urlTemplate":"https:\/\/www.welovecycling.com\/pl\/?s={search_term_string}"},"query-input":{"@type":"PropertyValueSpecification","valueRequired":true,"valueName":"search_term_string"}}],"inLanguage":"pl-PL"},{"@type":"Person","@id":"https:\/\/www.welovecycling.com\/pl\/#\/schema\/person\/d42ede5c64c67b5db7ea181a1a82b2d5","name":"jakubstepanek","image":{"@type":"ImageObject","inLanguage":"pl-PL","@id":"https:\/\/www.welovecycling.com\/pl\/#\/schema\/person\/image\/","url":"https:\/\/secure.gravatar.com\/avatar\/6088ff8a87539139d91121309dad6f7aee973467a9fee79888aeb2a7f7dc88a2?s=96&d=mm&r=g","contentUrl":"https:\/\/secure.gravatar.com\/avatar\/6088ff8a87539139d91121309dad6f7aee973467a9fee79888aeb2a7f7dc88a2?s=96&d=mm&r=g","caption":"jakubstepanek"},"url":"https:\/\/www.welovecycling.com\/pl\/author\/jakubstepanek\/"}]}},"_links":{"self":[{"href":"https:\/\/www.welovecycling.com\/pl\/wp-json\/wp\/v2\/posts\/4522","targetHints":{"allow":["GET"]}}],"collection":[{"href":"https:\/\/www.welovecycling.com\/pl\/wp-json\/wp\/v2\/posts"}],"about":[{"href":"https:\/\/www.welovecycling.com\/pl\/wp-json\/wp\/v2\/types\/post"}],"author":[{"embeddable":true,"href":"https:\/\/www.welovecycling.com\/pl\/wp-json\/wp\/v2\/users\/27"}],"replies":[{"embeddable":true,"href":"https:\/\/www.welovecycling.com\/pl\/wp-json\/wp\/v2\/comments?post=4522"}],"version-history":[{"count":2,"href":"https:\/\/www.welovecycling.com\/pl\/wp-json\/wp\/v2\/posts\/4522\/revisions"}],"predecessor-version":[{"id":4827,"href":"https:\/\/www.welovecycling.com\/pl\/wp-json\/wp\/v2\/posts\/4522\/revisions\/4827"}],"wp:featuredmedia":[{"embeddable":true,"href":"https:\/\/www.welovecycling.com\/pl\/wp-json\/wp\/v2\/media\/4523"}],"wp:attachment":[{"href":"https:\/\/www.welovecycling.com\/pl\/wp-json\/wp\/v2\/media?parent=4522"}],"wp:term":[{"taxonomy":"category","embeddable":true,"href":"https:\/\/www.welovecycling.com\/pl\/wp-json\/wp\/v2\/categories?post=4522"},{"taxonomy":"post_tag","embeddable":true,"href":"https:\/\/www.welovecycling.com\/pl\/wp-json\/wp\/v2\/tags?post=4522"},{"taxonomy":"global-categories","embeddable":true,"href":"https:\/\/www.welovecycling.com\/pl\/wp-json\/wp\/v2\/global-categories?post=4522"}],"curies":[{"name":"wp","href":"https:\/\/api.w.org\/{rel}","templated":true}]}}