{"id":4498,"date":"2017-07-12T21:51:38","date_gmt":"2017-07-12T21:51:38","guid":{"rendered":"https:\/\/www.welovecycling.com\/pl\/?p=4498"},"modified":"2018-04-03T09:29:07","modified_gmt":"2018-04-03T09:29:07","slug":"tour-de-france-przeszlosci-zobacz-10-historycznych-zdjec-wielkiej-petli","status":"publish","type":"post","link":"https:\/\/www.welovecycling.com\/pl\/2017\/07\/12\/tour-de-france-przeszlosci-zobacz-10-historycznych-zdjec-wielkiej-petli\/","title":{"rendered":"Tour de France w przesz\u0142o\u015bci: zobacz 10 historycznych zdj\u0119\u0107 Wielkiej P\u0119tli"},"content":{"rendered":"<p><strong>Pomy\u015bleli\u015bmy, \u017ce chcieliby\u015bcie cofn\u0105\u0107 si\u0119 w czasie i przypomnie\u0107 sobie, o co chodzi\u0142o w tym sporcie na samym pocz\u0105tku. Brak miernik\u00f3w, brak radia, brak Eurosportu, brak Czerwonego Samochodu. Zdj\u0119cia te przedstawiaj\u0105 wy\u015bcig w czystej postaci.<\/strong><br \/>\n<!--more--><\/p>\n<figure id=\"attachment_155975\" aria-describedby=\"caption-attachment-155975\" style=\"width: 2754px\" class=\"wp-caption alignnone\"><a href=\"https:\/\/d2p6e6u75xmxt8.cloudfront.net\/5\/2017\/07\/the-peloton-in-1906.jpg\"><img loading=\"lazy\" decoding=\"async\" class=\"size-full wp-image-4499\" src=\"https:\/\/d2p6e6u75xmxt8.cloudfront.net\/5\/2017\/07\/the-peloton-in-1906.jpg\" alt=\"\" width=\"2754\" height=\"1988\" srcset=\"https:\/\/d2p6e6u75xmxt8.cloudfront.net\/5\/2017\/07\/the-peloton-in-1906.jpg 2754w, https:\/\/d2p6e6u75xmxt8.cloudfront.net\/5\/2017\/07\/the-peloton-in-1906-300x217.jpg 300w, https:\/\/d2p6e6u75xmxt8.cloudfront.net\/5\/2017\/07\/the-peloton-in-1906-768x554.jpg 768w, https:\/\/d2p6e6u75xmxt8.cloudfront.net\/5\/2017\/07\/the-peloton-in-1906-1024x739.jpg 1024w, https:\/\/d2p6e6u75xmxt8.cloudfront.net\/5\/2017\/07\/the-peloton-in-1906-1920x1386.jpg 1920w, https:\/\/d2p6e6u75xmxt8.cloudfront.net\/5\/2017\/07\/the-peloton-in-1906-1920x1386.jpg 1920w\" sizes=\"auto, (max-width: 2754px) 100vw, 2754px\" \/><\/a><figcaption id=\"caption-attachment-155975\" class=\"wp-caption-text\"><span style=\"font-weight: 400;\">Peleton w 1906 r.<\/span><\/figcaption><\/figure>\n<figure id=\"attachment_155974\" aria-describedby=\"caption-attachment-155974\" style=\"width: 1000px\" class=\"wp-caption alignnone\"><a href=\"https:\/\/d2p6e6u75xmxt8.cloudfront.net\/5\/2017\/07\/ph002395_edit.jpg\"><img loading=\"lazy\" decoding=\"async\" class=\"size-full wp-image-4501\" src=\"https:\/\/d2p6e6u75xmxt8.cloudfront.net\/5\/2017\/07\/ph002395_edit.jpg\" alt=\"\" width=\"1000\" height=\"667\" srcset=\"https:\/\/d2p6e6u75xmxt8.cloudfront.net\/5\/2017\/07\/ph002395_edit.jpg 1000w, https:\/\/d2p6e6u75xmxt8.cloudfront.net\/5\/2017\/07\/ph002395_edit-300x200.jpg 300w, https:\/\/d2p6e6u75xmxt8.cloudfront.net\/5\/2017\/07\/ph002395_edit-768x512.jpg 768w, https:\/\/d2p6e6u75xmxt8.cloudfront.net\/5\/2017\/07\/ph002395_edit-272x182.jpg 272w\" sizes=\"auto, (max-width: 1000px) 100vw, 1000px\" \/><\/a><figcaption id=\"caption-attachment-155974\" class=\"wp-caption-text\"><span style=\"font-weight: 400;\">L\u00e9on Despontin, 37 lat, drugi etap Tour de France w 1925 r.<\/span><\/figcaption><\/figure>\n<figure id=\"attachment_155983\" aria-describedby=\"caption-attachment-155983\" style=\"width: 2000px\" class=\"wp-caption alignnone\"><a href=\"https:\/\/d2p6e6u75xmxt8.cloudfront.net\/5\/2017\/07\/One-of-the-competitors-cycles-in-Romilly-sur-Seine.jpg\"><img loading=\"lazy\" decoding=\"async\" class=\"size-full wp-image-4503\" src=\"https:\/\/d2p6e6u75xmxt8.cloudfront.net\/5\/2017\/07\/One-of-the-competitors-cycles-in-Romilly-sur-Seine.jpg\" alt=\"\" width=\"2000\" height=\"1393\" srcset=\"https:\/\/d2p6e6u75xmxt8.cloudfront.net\/5\/2017\/07\/One-of-the-competitors-cycles-in-Romilly-sur-Seine.jpg 2000w, https:\/\/d2p6e6u75xmxt8.cloudfront.net\/5\/2017\/07\/One-of-the-competitors-cycles-in-Romilly-sur-Seine-300x209.jpg 300w, https:\/\/d2p6e6u75xmxt8.cloudfront.net\/5\/2017\/07\/One-of-the-competitors-cycles-in-Romilly-sur-Seine-768x535.jpg 768w, https:\/\/d2p6e6u75xmxt8.cloudfront.net\/5\/2017\/07\/One-of-the-competitors-cycles-in-Romilly-sur-Seine-1024x713.jpg 1024w, https:\/\/d2p6e6u75xmxt8.cloudfront.net\/5\/2017\/07\/One-of-the-competitors-cycles-in-Romilly-sur-Seine-1920x1337.jpg 1920w, https:\/\/d2p6e6u75xmxt8.cloudfront.net\/5\/2017\/07\/One-of-the-competitors-cycles-in-Romilly-sur-Seine-1920x1337.jpg 1920w\" sizes=\"auto, (max-width: 2000px) 100vw, 2000px\" \/><\/a><figcaption id=\"caption-attachment-155983\" class=\"wp-caption-text\"><span style=\"font-weight: 400;\">Jeden z uczestnik\u00f3w jad\u0105cy przez Romilly-sur-Seine (1936 r.)<\/span><\/figcaption><\/figure>\n<figure id=\"attachment_158711\" aria-describedby=\"caption-attachment-158711\" style=\"width: 1156px\" class=\"wp-caption alignnone\"><a href=\"https:\/\/d2p6e6u75xmxt8.cloudfront.net\/5\/2017\/07\/A-controversial-moment-helped-Roger-Lapebie.JPG-1.jpg\"><img loading=\"lazy\" decoding=\"async\" class=\"size-full wp-image-4505\" src=\"https:\/\/d2p6e6u75xmxt8.cloudfront.net\/5\/2017\/07\/A-controversial-moment-helped-Roger-Lapebie.JPG-1.jpg\" alt=\"\" width=\"1156\" height=\"816\" srcset=\"https:\/\/d2p6e6u75xmxt8.cloudfront.net\/5\/2017\/07\/A-controversial-moment-helped-Roger-Lapebie.JPG-1.jpg 1156w, https:\/\/d2p6e6u75xmxt8.cloudfront.net\/5\/2017\/07\/A-controversial-moment-helped-Roger-Lapebie.JPG-1-300x212.jpg 300w, https:\/\/d2p6e6u75xmxt8.cloudfront.net\/5\/2017\/07\/A-controversial-moment-helped-Roger-Lapebie.JPG-1-768x542.jpg 768w, https:\/\/d2p6e6u75xmxt8.cloudfront.net\/5\/2017\/07\/A-controversial-moment-helped-Roger-Lapebie.JPG-1-1024x723.jpg 1024w\" sizes=\"auto, (max-width: 1156px) 100vw, 1156px\" \/><\/a><figcaption id=\"caption-attachment-158711\" class=\"wp-caption-text\"><span style=\"font-weight: 400;\">Kontrowersyjny moment, kt\u00f3ry pom\u00f3g\u0142 Rogerowi Lap\u00e9bie\u00a0(po prawej) osi\u0105gn\u0105\u0107 zwyci\u0119stwo w klasyfikacji generalnej Tour de France w edycji z 1937 r. Lap\u00e9bie\u00a0zd\u0105\u017cy\u0142 przebiec przez tory, a jego rywale zostali w tyle. Zatrzyma\u0142 ich poci\u0105g, co da\u0142o Francuzowi zdecydowan\u0105 przewag\u0119.<\/span><\/figcaption><\/figure>\n<figure id=\"attachment_155980\" aria-describedby=\"caption-attachment-155980\" style=\"width: 954px\" class=\"wp-caption alignnone\"><a href=\"https:\/\/d2p6e6u75xmxt8.cloudfront.net\/2\/2017\/06\/French-cyclist-Amede\u00e9-Fournier-resting-during-the-the-1939-Tour-de-France.JPG.jpg\"><img loading=\"lazy\" decoding=\"async\" class=\"size-full wp-image-4507\" src=\"https:\/\/d2p6e6u75xmxt8.cloudfront.net\/2\/2017\/06\/French-cyclist-Amede\u00e9-Fournier-resting-during-the-the-1939-Tour-de-France.JPG.jpg\" alt=\"\" width=\"954\" height=\"536\" \/><\/a><figcaption id=\"caption-attachment-155980\" class=\"wp-caption-text\"><span style=\"font-weight: 400;\">Francuski kolarz, Am\u00e9d\u00e9e Fournier odpoczywa podczas Tour de France w 1939 r.<\/span><\/figcaption><\/figure>\n<figure id=\"attachment_155976\" aria-describedby=\"caption-attachment-155976\" style=\"width: 1024px\" class=\"wp-caption alignnone\"><a href=\"https:\/\/d2p6e6u75xmxt8.cloudfront.net\/5\/2017\/07\/Geminiani-during-a-descent-from-the-Tourmalet.jpg\"><img loading=\"lazy\" decoding=\"async\" class=\"size-full wp-image-4509\" src=\"https:\/\/d2p6e6u75xmxt8.cloudfront.net\/5\/2017\/07\/Geminiani-during-a-descent-from-the-Tourmalet.jpg\" alt=\"\" width=\"1024\" height=\"713\" srcset=\"https:\/\/d2p6e6u75xmxt8.cloudfront.net\/5\/2017\/07\/Geminiani-during-a-descent-from-the-Tourmalet.jpg 1024w, https:\/\/d2p6e6u75xmxt8.cloudfront.net\/5\/2017\/07\/Geminiani-during-a-descent-from-the-Tourmalet-300x209.jpg 300w, https:\/\/d2p6e6u75xmxt8.cloudfront.net\/5\/2017\/07\/Geminiani-during-a-descent-from-the-Tourmalet-768x535.jpg 768w\" sizes=\"auto, (max-width: 1024px) 100vw, 1024px\" \/><\/a><figcaption id=\"caption-attachment-155976\" class=\"wp-caption-text\"><span style=\"font-weight: 400;\">Geminiani na zje\u017adzie z Tourmalet (1952 r.)<\/span><\/figcaption><\/figure>\n<figure id=\"attachment_155982\" aria-describedby=\"caption-attachment-155982\" style=\"width: 1280px\" class=\"wp-caption alignnone\"><a href=\"https:\/\/d2p6e6u75xmxt8.cloudfront.net\/5\/2017\/07\/Riders-enjoy-a-refreshing-spray-of-water-on-a-hot-day.jpg\"><img loading=\"lazy\" decoding=\"async\" class=\"size-full wp-image-4511\" src=\"https:\/\/d2p6e6u75xmxt8.cloudfront.net\/5\/2017\/07\/Riders-enjoy-a-refreshing-spray-of-water-on-a-hot-day.jpg\" alt=\"\" width=\"1280\" height=\"800\" srcset=\"https:\/\/d2p6e6u75xmxt8.cloudfront.net\/5\/2017\/07\/Riders-enjoy-a-refreshing-spray-of-water-on-a-hot-day.jpg 1280w, https:\/\/d2p6e6u75xmxt8.cloudfront.net\/5\/2017\/07\/Riders-enjoy-a-refreshing-spray-of-water-on-a-hot-day-300x188.jpg 300w, https:\/\/d2p6e6u75xmxt8.cloudfront.net\/5\/2017\/07\/Riders-enjoy-a-refreshing-spray-of-water-on-a-hot-day-768x480.jpg 768w, https:\/\/d2p6e6u75xmxt8.cloudfront.net\/5\/2017\/07\/Riders-enjoy-a-refreshing-spray-of-water-on-a-hot-day-1024x640.jpg 1024w\" sizes=\"auto, (max-width: 1280px) 100vw, 1280px\" \/><\/a><figcaption id=\"caption-attachment-155982\" class=\"wp-caption-text\"><span style=\"font-weight: 400;\">Kolarze ciesz\u0105 si\u0119 z orze\u017awiaj\u0105cego strumienia wody w upalny dzie\u0144 (1960 r.)\u00a0<\/span><\/figcaption><\/figure>\n<figure id=\"attachment_155977\" aria-describedby=\"caption-attachment-155977\" style=\"width: 1280px\" class=\"wp-caption alignnone\"><a href=\"https:\/\/d2p6e6u75xmxt8.cloudfront.net\/5\/2017\/07\/Laidback-break.jpg\"><img loading=\"lazy\" decoding=\"async\" class=\"size-full wp-image-4513\" src=\"https:\/\/d2p6e6u75xmxt8.cloudfront.net\/5\/2017\/07\/Laidback-break.jpg\" alt=\"\" width=\"1280\" height=\"856\" srcset=\"https:\/\/d2p6e6u75xmxt8.cloudfront.net\/5\/2017\/07\/Laidback-break.jpg 1280w, https:\/\/d2p6e6u75xmxt8.cloudfront.net\/5\/2017\/07\/Laidback-break-300x201.jpg 300w, https:\/\/d2p6e6u75xmxt8.cloudfront.net\/5\/2017\/07\/Laidback-break-768x514.jpg 768w, https:\/\/d2p6e6u75xmxt8.cloudfront.net\/5\/2017\/07\/Laidback-break-1024x685.jpg 1024w, https:\/\/d2p6e6u75xmxt8.cloudfront.net\/5\/2017\/07\/Laidback-break-272x182.jpg 272w\" sizes=\"auto, (max-width: 1280px) 100vw, 1280px\" \/><\/a><figcaption id=\"caption-attachment-155977\" class=\"wp-caption-text\"><span style=\"font-weight: 400;\">Beztroska przerwa (1960 r.)<\/span><\/figcaption><\/figure>\n<figure id=\"attachment_155979\" aria-describedby=\"caption-attachment-155979\" style=\"width: 955px\" class=\"wp-caption alignnone\"><a href=\"https:\/\/d2p6e6u75xmxt8.cloudfront.net\/5\/2017\/07\/Van-den-Hoek-during-a-smoking-break.JPG.jpg\"><img loading=\"lazy\" decoding=\"async\" class=\"size-full wp-image-4515\" src=\"https:\/\/d2p6e6u75xmxt8.cloudfront.net\/5\/2017\/07\/Van-den-Hoek-during-a-smoking-break.JPG.jpg\" alt=\"\" width=\"955\" height=\"537\" srcset=\"https:\/\/d2p6e6u75xmxt8.cloudfront.net\/5\/2017\/07\/Van-den-Hoek-during-a-smoking-break.JPG.jpg 955w, https:\/\/d2p6e6u75xmxt8.cloudfront.net\/5\/2017\/07\/Van-den-Hoek-during-a-smoking-break.JPG-300x169.jpg 300w, https:\/\/d2p6e6u75xmxt8.cloudfront.net\/5\/2017\/07\/Van-den-Hoek-during-a-smoking-break.JPG-768x432.jpg 768w\" sizes=\"auto, (max-width: 955px) 100vw, 955px\" \/><\/a><figcaption id=\"caption-attachment-155979\" class=\"wp-caption-text\"><span style=\"font-weight: 400;\">Van den Hoek podczas przerwy na papierosa (1978 r.)<\/span><\/figcaption><\/figure>\n<figure id=\"attachment_155978\" aria-describedby=\"caption-attachment-155978\" style=\"width: 951px\" class=\"wp-caption alignnone\"><a href=\"https:\/\/d2p6e6u75xmxt8.cloudfront.net\/2\/2017\/06\/Bernard-Hinault-gives-Gerhard-Sch\u00f6nbacher-a-red-lantern-for-taking.JPG.jpg\"><img loading=\"lazy\" decoding=\"async\" class=\"size-full wp-image-4517\" src=\"https:\/\/d2p6e6u75xmxt8.cloudfront.net\/2\/2017\/06\/Bernard-Hinault-gives-Gerhard-Sch\u00f6nbacher-a-red-lantern-for-taking.JPG.jpg\" alt=\"\" width=\"951\" height=\"536\" \/><\/a><figcaption id=\"caption-attachment-155978\" class=\"wp-caption-text\"><span style=\"font-weight: 400;\">Bernard Hinault wr\u0119cza Gerhardowi Sch\u00f6nbacherowi czerwony lampion za zaj\u0119cie ostatniego miejsca (1979 r.)<\/span><\/figcaption><\/figure>\n","protected":false},"excerpt":{"rendered":"<p>Pomy\u015bleli\u015bmy, \u017ce chcieliby\u015bcie cofn\u0105\u0107 si\u0119 w czasie i przypomnie\u0107 sobie, o co chodzi\u0142o w tym sporcie na samym pocz\u0105tku. Brak [&hellip;]<\/p>\n","protected":false},"author":76,"featured_media":4519,"comment_status":"open","ping_status":"open","sticky":false,"template":"","format":"standard","meta":{"footnotes":""},"categories":[226],"tags":[176,186,77,163],"global-categories":[],"class_list":["post-4498","post","type-post","status-publish","format-standard","has-post-thumbnail","hentry","category-ciekawostki","tag-kolarstwo","tag-retro","tag-tour-de-france","tag-tour-de-france-2017"],"yoast_head":"<!-- This site is optimized with the Yoast SEO Premium plugin v25.3 (Yoast SEO v25.9) - https:\/\/yoast.com\/wordpress\/plugins\/seo\/ -->\n<title>Tour de France w przesz\u0142o\u015bci: zobacz 10 historycznych zdj\u0119\u0107 Wielkiej P\u0119tli - \u0160koda We Love Cycling - Poland<\/title>\n<meta name=\"robots\" content=\"index, follow, max-snippet:-1, max-image-preview:large, max-video-preview:-1\" \/>\n<link rel=\"canonical\" href=\"https:\/\/www.welovecycling.com\/pl\/2017\/07\/12\/tour-de-france-przeszlosci-zobacz-10-historycznych-zdjec-wielkiej-petli\/\" \/>\n<meta property=\"og:locale\" content=\"pl_PL\" \/>\n<meta property=\"og:type\" content=\"article\" \/>\n<meta property=\"og:title\" content=\"Tour de France w przesz\u0142o\u015bci: zobacz 10 historycznych zdj\u0119\u0107 Wielkiej P\u0119tli\" \/>\n<meta property=\"og:description\" content=\"Pomy\u015bleli\u015bmy, \u017ce chcieliby\u015bcie cofn\u0105\u0107 si\u0119 w czasie i przypomnie\u0107 sobie, o co chodzi\u0142o w tym sporcie na samym pocz\u0105tku. Brak [&hellip;]\" \/>\n<meta property=\"og:url\" content=\"https:\/\/www.welovecycling.com\/pl\/2017\/07\/12\/tour-de-france-przeszlosci-zobacz-10-historycznych-zdjec-wielkiej-petli\/\" \/>\n<meta property=\"og:site_name\" content=\"\u0160koda We Love Cycling - Poland\" \/>\n<meta property=\"article:published_time\" content=\"2017-07-12T21:51:38+00:00\" \/>\n<meta property=\"article:modified_time\" content=\"2018-04-03T09:29:07+00:00\" \/>\n<meta property=\"og:image\" content=\"https:\/\/d2p6e6u75xmxt8.cloudfront.net\/5\/2017\/07\/Untitled-collage-7.jpg\" \/>\n\t<meta property=\"og:image:width\" content=\"1800\" \/>\n\t<meta property=\"og:image:height\" content=\"785\" \/>\n\t<meta property=\"og:image:type\" content=\"image\/jpeg\" \/>\n<meta name=\"author\" content=\"piotrboczkowski\" \/>\n<meta name=\"twitter:card\" content=\"summary_large_image\" \/>\n<meta name=\"twitter:label1\" content=\"Written by\" \/>\n\t<meta name=\"twitter:data1\" content=\"Monica Buck\" \/>\n\t<meta name=\"twitter:label2\" content=\"Est. reading time\" \/>\n\t<meta name=\"twitter:data2\" content=\"1 minute\" \/>\n<script type=\"application\/ld+json\" class=\"yoast-schema-graph\">{\"@context\":\"https:\/\/schema.org\",\"@graph\":[{\"@type\":\"WebPage\",\"@id\":\"https:\/\/www.welovecycling.com\/pl\/2017\/07\/12\/tour-de-france-przeszlosci-zobacz-10-historycznych-zdjec-wielkiej-petli\/\",\"url\":\"https:\/\/www.welovecycling.com\/pl\/2017\/07\/12\/tour-de-france-przeszlosci-zobacz-10-historycznych-zdjec-wielkiej-petli\/\",\"name\":\"Tour de France w przesz\u0142o\u015bci: zobacz 10 historycznych zdj\u0119\u0107 Wielkiej P\u0119tli - \u0160koda We Love Cycling - Poland\",\"isPartOf\":{\"@id\":\"https:\/\/www.welovecycling.com\/pl\/#website\"},\"primaryImageOfPage\":{\"@id\":\"https:\/\/www.welovecycling.com\/pl\/2017\/07\/12\/tour-de-france-przeszlosci-zobacz-10-historycznych-zdjec-wielkiej-petli\/#primaryimage\"},\"image\":{\"@id\":\"https:\/\/www.welovecycling.com\/pl\/2017\/07\/12\/tour-de-france-przeszlosci-zobacz-10-historycznych-zdjec-wielkiej-petli\/#primaryimage\"},\"thumbnailUrl\":\"https:\/\/d2p6e6u75xmxt8.cloudfront.net\/5\/2017\/07\/Untitled-collage-7.jpg\",\"datePublished\":\"2017-07-12T21:51:38+00:00\",\"dateModified\":\"2018-04-03T09:29:07+00:00\",\"author\":{\"@id\":\"https:\/\/www.welovecycling.com\/pl\/#\/schema\/person\/0dba2d39da943db9df3fd8f4687e7f23\"},\"breadcrumb\":{\"@id\":\"https:\/\/www.welovecycling.com\/pl\/2017\/07\/12\/tour-de-france-przeszlosci-zobacz-10-historycznych-zdjec-wielkiej-petli\/#breadcrumb\"},\"inLanguage\":\"pl-PL\",\"potentialAction\":[{\"@type\":\"ReadAction\",\"target\":[\"https:\/\/www.welovecycling.com\/pl\/2017\/07\/12\/tour-de-france-przeszlosci-zobacz-10-historycznych-zdjec-wielkiej-petli\/\"]}]},{\"@type\":\"ImageObject\",\"inLanguage\":\"pl-PL\",\"@id\":\"https:\/\/www.welovecycling.com\/pl\/2017\/07\/12\/tour-de-france-przeszlosci-zobacz-10-historycznych-zdjec-wielkiej-petli\/#primaryimage\",\"url\":\"https:\/\/d2p6e6u75xmxt8.cloudfront.net\/5\/2017\/07\/Untitled-collage-7.jpg\",\"contentUrl\":\"https:\/\/d2p6e6u75xmxt8.cloudfront.net\/5\/2017\/07\/Untitled-collage-7.jpg\",\"width\":1800,\"height\":785},{\"@type\":\"BreadcrumbList\",\"@id\":\"https:\/\/www.welovecycling.com\/pl\/2017\/07\/12\/tour-de-france-przeszlosci-zobacz-10-historycznych-zdjec-wielkiej-petli\/#breadcrumb\",\"itemListElement\":[{\"@type\":\"ListItem\",\"position\":1,\"name\":\"Home\",\"item\":\"https:\/\/www.welovecycling.com\/pl\/\"},{\"@type\":\"ListItem\",\"position\":2,\"name\":\"Tour de France w przesz\u0142o\u015bci: zobacz 10 historycznych zdj\u0119\u0107 Wielkiej P\u0119tli\"}]},{\"@type\":\"WebSite\",\"@id\":\"https:\/\/www.welovecycling.com\/pl\/#website\",\"url\":\"https:\/\/www.welovecycling.com\/pl\/\",\"name\":\"\u0160koda We Love Cycling - Poland\",\"description\":\"\",\"potentialAction\":[{\"@type\":\"SearchAction\",\"target\":{\"@type\":\"EntryPoint\",\"urlTemplate\":\"https:\/\/www.welovecycling.com\/pl\/?s={search_term_string}\"},\"query-input\":{\"@type\":\"PropertyValueSpecification\",\"valueRequired\":true,\"valueName\":\"search_term_string\"}}],\"inLanguage\":\"pl-PL\"},{\"@type\":\"Person\",\"@id\":\"https:\/\/www.welovecycling.com\/pl\/#\/schema\/person\/0dba2d39da943db9df3fd8f4687e7f23\",\"name\":\"piotrboczkowski\",\"image\":{\"@type\":\"ImageObject\",\"inLanguage\":\"pl-PL\",\"@id\":\"https:\/\/www.welovecycling.com\/pl\/#\/schema\/person\/image\/\",\"url\":\"https:\/\/secure.gravatar.com\/avatar\/533caccae14752e03a2ce2d3fd62d1b98b93e1393c3195c27819e53344ca1ace?s=96&d=mm&r=g\",\"contentUrl\":\"https:\/\/secure.gravatar.com\/avatar\/533caccae14752e03a2ce2d3fd62d1b98b93e1393c3195c27819e53344ca1ace?s=96&d=mm&r=g\",\"caption\":\"piotrboczkowski\"},\"url\":\"https:\/\/www.welovecycling.com\/pl\/author\/piotrboczkowski\/\"}]}<\/script>\n<!-- \/ Yoast SEO Premium plugin. -->","yoast_head_json":{"title":"Tour de France w przesz\u0142o\u015bci: zobacz 10 historycznych zdj\u0119\u0107 Wielkiej P\u0119tli - \u0160koda We Love Cycling - Poland","robots":{"index":"index","follow":"follow","max-snippet":"max-snippet:-1","max-image-preview":"max-image-preview:large","max-video-preview":"max-video-preview:-1"},"canonical":"https:\/\/www.welovecycling.com\/pl\/2017\/07\/12\/tour-de-france-przeszlosci-zobacz-10-historycznych-zdjec-wielkiej-petli\/","og_locale":"pl_PL","og_type":"article","og_title":"Tour de France w przesz\u0142o\u015bci: zobacz 10 historycznych zdj\u0119\u0107 Wielkiej P\u0119tli","og_description":"Pomy\u015bleli\u015bmy, \u017ce chcieliby\u015bcie cofn\u0105\u0107 si\u0119 w czasie i przypomnie\u0107 sobie, o co chodzi\u0142o w tym sporcie na samym pocz\u0105tku. Brak [&hellip;]","og_url":"https:\/\/www.welovecycling.com\/pl\/2017\/07\/12\/tour-de-france-przeszlosci-zobacz-10-historycznych-zdjec-wielkiej-petli\/","og_site_name":"\u0160koda We Love Cycling - Poland","article_published_time":"2017-07-12T21:51:38+00:00","article_modified_time":"2018-04-03T09:29:07+00:00","og_image":[{"width":1800,"height":785,"url":"https:\/\/d2p6e6u75xmxt8.cloudfront.net\/5\/2017\/07\/Untitled-collage-7.jpg","type":"image\/jpeg"}],"author":"piotrboczkowski","twitter_card":"summary_large_image","twitter_misc":{"Written by":"Monica Buck","Est. reading time":"1 minute"},"schema":{"@context":"https:\/\/schema.org","@graph":[{"@type":"WebPage","@id":"https:\/\/www.welovecycling.com\/pl\/2017\/07\/12\/tour-de-france-przeszlosci-zobacz-10-historycznych-zdjec-wielkiej-petli\/","url":"https:\/\/www.welovecycling.com\/pl\/2017\/07\/12\/tour-de-france-przeszlosci-zobacz-10-historycznych-zdjec-wielkiej-petli\/","name":"Tour de France w przesz\u0142o\u015bci: zobacz 10 historycznych zdj\u0119\u0107 Wielkiej P\u0119tli - \u0160koda We Love Cycling - Poland","isPartOf":{"@id":"https:\/\/www.welovecycling.com\/pl\/#website"},"primaryImageOfPage":{"@id":"https:\/\/www.welovecycling.com\/pl\/2017\/07\/12\/tour-de-france-przeszlosci-zobacz-10-historycznych-zdjec-wielkiej-petli\/#primaryimage"},"image":{"@id":"https:\/\/www.welovecycling.com\/pl\/2017\/07\/12\/tour-de-france-przeszlosci-zobacz-10-historycznych-zdjec-wielkiej-petli\/#primaryimage"},"thumbnailUrl":"https:\/\/d2p6e6u75xmxt8.cloudfront.net\/5\/2017\/07\/Untitled-collage-7.jpg","datePublished":"2017-07-12T21:51:38+00:00","dateModified":"2018-04-03T09:29:07+00:00","author":{"@id":"https:\/\/www.welovecycling.com\/pl\/#\/schema\/person\/0dba2d39da943db9df3fd8f4687e7f23"},"breadcrumb":{"@id":"https:\/\/www.welovecycling.com\/pl\/2017\/07\/12\/tour-de-france-przeszlosci-zobacz-10-historycznych-zdjec-wielkiej-petli\/#breadcrumb"},"inLanguage":"pl-PL","potentialAction":[{"@type":"ReadAction","target":["https:\/\/www.welovecycling.com\/pl\/2017\/07\/12\/tour-de-france-przeszlosci-zobacz-10-historycznych-zdjec-wielkiej-petli\/"]}]},{"@type":"ImageObject","inLanguage":"pl-PL","@id":"https:\/\/www.welovecycling.com\/pl\/2017\/07\/12\/tour-de-france-przeszlosci-zobacz-10-historycznych-zdjec-wielkiej-petli\/#primaryimage","url":"https:\/\/d2p6e6u75xmxt8.cloudfront.net\/5\/2017\/07\/Untitled-collage-7.jpg","contentUrl":"https:\/\/d2p6e6u75xmxt8.cloudfront.net\/5\/2017\/07\/Untitled-collage-7.jpg","width":1800,"height":785},{"@type":"BreadcrumbList","@id":"https:\/\/www.welovecycling.com\/pl\/2017\/07\/12\/tour-de-france-przeszlosci-zobacz-10-historycznych-zdjec-wielkiej-petli\/#breadcrumb","itemListElement":[{"@type":"ListItem","position":1,"name":"Home","item":"https:\/\/www.welovecycling.com\/pl\/"},{"@type":"ListItem","position":2,"name":"Tour de France w przesz\u0142o\u015bci: zobacz 10 historycznych zdj\u0119\u0107 Wielkiej P\u0119tli"}]},{"@type":"WebSite","@id":"https:\/\/www.welovecycling.com\/pl\/#website","url":"https:\/\/www.welovecycling.com\/pl\/","name":"\u0160koda We Love Cycling - Poland","description":"","potentialAction":[{"@type":"SearchAction","target":{"@type":"EntryPoint","urlTemplate":"https:\/\/www.welovecycling.com\/pl\/?s={search_term_string}"},"query-input":{"@type":"PropertyValueSpecification","valueRequired":true,"valueName":"search_term_string"}}],"inLanguage":"pl-PL"},{"@type":"Person","@id":"https:\/\/www.welovecycling.com\/pl\/#\/schema\/person\/0dba2d39da943db9df3fd8f4687e7f23","name":"piotrboczkowski","image":{"@type":"ImageObject","inLanguage":"pl-PL","@id":"https:\/\/www.welovecycling.com\/pl\/#\/schema\/person\/image\/","url":"https:\/\/secure.gravatar.com\/avatar\/533caccae14752e03a2ce2d3fd62d1b98b93e1393c3195c27819e53344ca1ace?s=96&d=mm&r=g","contentUrl":"https:\/\/secure.gravatar.com\/avatar\/533caccae14752e03a2ce2d3fd62d1b98b93e1393c3195c27819e53344ca1ace?s=96&d=mm&r=g","caption":"piotrboczkowski"},"url":"https:\/\/www.welovecycling.com\/pl\/author\/piotrboczkowski\/"}]}},"_links":{"self":[{"href":"https:\/\/www.welovecycling.com\/pl\/wp-json\/wp\/v2\/posts\/4498","targetHints":{"allow":["GET"]}}],"collection":[{"href":"https:\/\/www.welovecycling.com\/pl\/wp-json\/wp\/v2\/posts"}],"about":[{"href":"https:\/\/www.welovecycling.com\/pl\/wp-json\/wp\/v2\/types\/post"}],"author":[{"embeddable":true,"href":"https:\/\/www.welovecycling.com\/pl\/wp-json\/wp\/v2\/users\/76"}],"replies":[{"embeddable":true,"href":"https:\/\/www.welovecycling.com\/pl\/wp-json\/wp\/v2\/comments?post=4498"}],"version-history":[{"count":2,"href":"https:\/\/www.welovecycling.com\/pl\/wp-json\/wp\/v2\/posts\/4498\/revisions"}],"predecessor-version":[{"id":4770,"href":"https:\/\/www.welovecycling.com\/pl\/wp-json\/wp\/v2\/posts\/4498\/revisions\/4770"}],"wp:featuredmedia":[{"embeddable":true,"href":"https:\/\/www.welovecycling.com\/pl\/wp-json\/wp\/v2\/media\/4519"}],"wp:attachment":[{"href":"https:\/\/www.welovecycling.com\/pl\/wp-json\/wp\/v2\/media?parent=4498"}],"wp:term":[{"taxonomy":"category","embeddable":true,"href":"https:\/\/www.welovecycling.com\/pl\/wp-json\/wp\/v2\/categories?post=4498"},{"taxonomy":"post_tag","embeddable":true,"href":"https:\/\/www.welovecycling.com\/pl\/wp-json\/wp\/v2\/tags?post=4498"},{"taxonomy":"global-categories","embeddable":true,"href":"https:\/\/www.welovecycling.com\/pl\/wp-json\/wp\/v2\/global-categories?post=4498"}],"curies":[{"name":"wp","href":"https:\/\/api.w.org\/{rel}","templated":true}]}}