{"id":4490,"date":"2017-07-12T08:28:52","date_gmt":"2017-07-12T08:28:52","guid":{"rendered":"https:\/\/www.welovecycling.com\/pl\/?p=4490"},"modified":"2017-08-04T09:32:40","modified_gmt":"2017-08-04T09:32:40","slug":"strzelce-oczarowane-rowerami","status":"publish","type":"post","link":"https:\/\/www.welovecycling.com\/pl\/2017\/07\/12\/strzelce-oczarowane-rowerami\/","title":{"rendered":"Strzelce oczarowane rowerami"},"content":{"rendered":"<p><b><\/b>Za nami kolejny emocjonuj\u0105cy weekend kolarski z mark\u0105 \u0160koda! Tym razem w podgorzowskich Strzelcach Kraje\u0144skich 2 lipca odby\u0142o si\u0119 kryterium uliczne \u201eOgnia i Czar\u00f3w\u201d.\u00a0<!--more-->Wy\u015bcig bardzo wa\u017cny, bo b\u0119d\u0105cy eliminacj\u0105 do Mistrzostw Polski, a odbywaj\u0105cy si\u0119 w r\u00f3\u017cnych kategoriach &#8211; od m\u0142odzik\u00f3w do kadrowicz\u00f3w. Trasa bieg\u0142a ulicami miasta, a d\u0142ugo\u015b\u0107 jednego okr\u0105\u017cenia wynosi\u0142a oko\u0142o dw\u00f3ch kilometr\u00f3w.<br \/>\nKraje\u0144ska impreza rowerowa by\u0142a dla lokalnej spo\u0142eczno\u015bci nie lada wydarzeniem, a dzi\u0119ki niej miasto b\u0119dzie jeszcze silniej kojarzone z kolarstwem w ca\u0142ym regionie. Dla wielu mieszka\u0144c\u00f3w Strzelec impreza sta\u0142a si\u0119 bowiem okazj\u0105 do wspania\u0142ej zabawy i gor\u0105cego dopingu.<\/p>\n<p><a href=\"https:\/\/d2p6e6u75xmxt8.cloudfront.net\/5\/2017\/07\/IMG_2509.JPG.jpg\"><img loading=\"lazy\" decoding=\"async\" class=\"alignnone wp-image-4492 size-large\" src=\"https:\/\/d2p6e6u75xmxt8.cloudfront.net\/5\/2017\/07\/IMG_2509.JPG-1024x768.jpg\" alt=\"\" width=\"1024\" height=\"768\" srcset=\"https:\/\/d2p6e6u75xmxt8.cloudfront.net\/5\/2017\/07\/IMG_2509.JPG-1024x768.jpg 1024w, https:\/\/d2p6e6u75xmxt8.cloudfront.net\/5\/2017\/07\/IMG_2509.JPG-300x225.jpg 300w, https:\/\/d2p6e6u75xmxt8.cloudfront.net\/5\/2017\/07\/IMG_2509.JPG-768x576.jpg 768w, https:\/\/d2p6e6u75xmxt8.cloudfront.net\/5\/2017\/07\/IMG_2509.JPG-1920x1440.jpg 1920w, https:\/\/d2p6e6u75xmxt8.cloudfront.net\/5\/2017\/07\/IMG_2509.JPG.jpg 2016w, https:\/\/d2p6e6u75xmxt8.cloudfront.net\/5\/2017\/07\/IMG_2509.JPG-1920x1440.jpg 1920w\" sizes=\"auto, (max-width: 1024px) 100vw, 1024px\" \/><\/a><\/p>\n<p><a href=\"https:\/\/d2p6e6u75xmxt8.cloudfront.net\/5\/2017\/07\/IMG_2513.JPG.jpg\"><img loading=\"lazy\" decoding=\"async\" class=\"alignnone wp-image-4493 size-large\" src=\"https:\/\/d2p6e6u75xmxt8.cloudfront.net\/5\/2017\/07\/IMG_2513.JPG-1024x768.jpg\" alt=\"\" width=\"1024\" height=\"768\" srcset=\"https:\/\/d2p6e6u75xmxt8.cloudfront.net\/5\/2017\/07\/IMG_2513.JPG-1024x768.jpg 1024w, https:\/\/d2p6e6u75xmxt8.cloudfront.net\/5\/2017\/07\/IMG_2513.JPG-300x225.jpg 300w, https:\/\/d2p6e6u75xmxt8.cloudfront.net\/5\/2017\/07\/IMG_2513.JPG-768x576.jpg 768w, https:\/\/d2p6e6u75xmxt8.cloudfront.net\/5\/2017\/07\/IMG_2513.JPG-1920x1440.jpg 1920w, https:\/\/d2p6e6u75xmxt8.cloudfront.net\/5\/2017\/07\/IMG_2513.JPG.jpg 2016w, https:\/\/d2p6e6u75xmxt8.cloudfront.net\/5\/2017\/07\/IMG_2513.JPG-1920x1440.jpg 1920w\" sizes=\"auto, (max-width: 1024px) 100vw, 1024px\" \/><\/a><\/p>\n<p><a href=\"https:\/\/d2p6e6u75xmxt8.cloudfront.net\/5\/2017\/07\/IMG_2521.JPG.jpg\"><img loading=\"lazy\" decoding=\"async\" class=\"alignnone wp-image-4494 size-large\" src=\"https:\/\/d2p6e6u75xmxt8.cloudfront.net\/5\/2017\/07\/IMG_2521.JPG-1024x768.jpg\" alt=\"\" width=\"1024\" height=\"768\" srcset=\"https:\/\/d2p6e6u75xmxt8.cloudfront.net\/5\/2017\/07\/IMG_2521.JPG-1024x768.jpg 1024w, https:\/\/d2p6e6u75xmxt8.cloudfront.net\/5\/2017\/07\/IMG_2521.JPG-300x225.jpg 300w, https:\/\/d2p6e6u75xmxt8.cloudfront.net\/5\/2017\/07\/IMG_2521.JPG-768x576.jpg 768w, https:\/\/d2p6e6u75xmxt8.cloudfront.net\/5\/2017\/07\/IMG_2521.JPG-1920x1440.jpg 1920w, https:\/\/d2p6e6u75xmxt8.cloudfront.net\/5\/2017\/07\/IMG_2521.JPG.jpg 2016w, https:\/\/d2p6e6u75xmxt8.cloudfront.net\/5\/2017\/07\/IMG_2521.JPG-1920x1440.jpg 1920w\" sizes=\"auto, (max-width: 1024px) 100vw, 1024px\" \/><\/a><\/p>\n<p><a href=\"https:\/\/d2p6e6u75xmxt8.cloudfront.net\/5\/2017\/07\/IMG_2531.JPG.jpg\"><img loading=\"lazy\" decoding=\"async\" class=\"alignnone wp-image-4495 size-large\" src=\"https:\/\/d2p6e6u75xmxt8.cloudfront.net\/5\/2017\/07\/IMG_2531.JPG-1024x768.jpg\" alt=\"\" width=\"1024\" height=\"768\" srcset=\"https:\/\/d2p6e6u75xmxt8.cloudfront.net\/5\/2017\/07\/IMG_2531.JPG-1024x768.jpg 1024w, https:\/\/d2p6e6u75xmxt8.cloudfront.net\/5\/2017\/07\/IMG_2531.JPG-300x225.jpg 300w, https:\/\/d2p6e6u75xmxt8.cloudfront.net\/5\/2017\/07\/IMG_2531.JPG-768x576.jpg 768w, https:\/\/d2p6e6u75xmxt8.cloudfront.net\/5\/2017\/07\/IMG_2531.JPG-1920x1440.jpg 1920w, https:\/\/d2p6e6u75xmxt8.cloudfront.net\/5\/2017\/07\/IMG_2531.JPG.jpg 2016w, https:\/\/d2p6e6u75xmxt8.cloudfront.net\/5\/2017\/07\/IMG_2531.JPG-1920x1440.jpg 1920w\" sizes=\"auto, (max-width: 1024px) 100vw, 1024px\" \/><\/a><\/p>\n<p><a href=\"https:\/\/d2p6e6u75xmxt8.cloudfront.net\/5\/2017\/07\/IMG_2515.JPG.jpg\"><img loading=\"lazy\" decoding=\"async\" class=\"alignnone wp-image-4496 size-large\" src=\"https:\/\/d2p6e6u75xmxt8.cloudfront.net\/5\/2017\/07\/IMG_2515.JPG-1024x768.jpg\" alt=\"\" width=\"1024\" height=\"768\" srcset=\"https:\/\/d2p6e6u75xmxt8.cloudfront.net\/5\/2017\/07\/IMG_2515.JPG-1024x768.jpg 1024w, https:\/\/d2p6e6u75xmxt8.cloudfront.net\/5\/2017\/07\/IMG_2515.JPG-300x225.jpg 300w, https:\/\/d2p6e6u75xmxt8.cloudfront.net\/5\/2017\/07\/IMG_2515.JPG-768x576.jpg 768w, https:\/\/d2p6e6u75xmxt8.cloudfront.net\/5\/2017\/07\/IMG_2515.JPG-1920x1440.jpg 1920w, https:\/\/d2p6e6u75xmxt8.cloudfront.net\/5\/2017\/07\/IMG_2515.JPG.jpg 2016w, https:\/\/d2p6e6u75xmxt8.cloudfront.net\/5\/2017\/07\/IMG_2515.JPG-1920x1440.jpg 1920w\" sizes=\"auto, (max-width: 1024px) 100vw, 1024px\" \/><\/a><\/p>\n<p>Tak emocjonuj\u0105cych chwil d\u0142ugo si\u0119 tu nie zapomni, a wsp\u00f3lne prze\u017cywanie sportowych zmaga\u0144 zintegrowa\u0142o wok\u00f3\u0142 kolarstwa lokaln\u0105 spo\u0142eczno\u015b\u0107, kt\u00f3ra ju\u017c czeka na kolejne edycje rowerowych wy\u015bcig\u00f3w pod patronatem \u0160KODY. Po raz kolejny potwierdzi\u0142o si\u0119, \u017ce \u0160koda nie tylko nap\u0119dza rowery, lecz r\u00f3wnie\u017c o\u017cywia miejsca, w kt\u00f3rych rozgrywane s\u0105 nasze zawody.<\/p>\n<p>(\u017ar\u00f3d\u0142o zdj\u0119\u0107: Autoryzowany salon\u00a0\u0160KODY\u00a0Auto-Bis)<\/p>\n","protected":false},"excerpt":{"rendered":"<p>Za nami kolejny emocjonuj\u0105cy weekend kolarski z mark\u0105 \u0160koda! Tym razem w podgorzowskich Strzelcach Kraje\u0144skich 2 lipca odby\u0142o si\u0119 kryterium [&hellip;]<\/p>\n","protected":false},"author":76,"featured_media":4491,"comment_status":"open","ping_status":"open","sticky":false,"template":"","format":"standard","meta":{"footnotes":""},"categories":[1],"tags":[158,66,146],"global-categories":[],"class_list":["post-4490","post","type-post","status-publish","format-standard","has-post-thumbnail","hentry","category-uncategorized","tag-relacja","tag-skodanapedzarowery","tag-wyscig"],"yoast_head":"<!-- This site is optimized with the Yoast SEO Premium plugin v25.3 (Yoast SEO v25.9) - https:\/\/yoast.com\/wordpress\/plugins\/seo\/ -->\n<title>Strzelce oczarowane rowerami - \u0160koda We Love Cycling - Poland<\/title>\n<meta name=\"robots\" content=\"index, follow, max-snippet:-1, max-image-preview:large, max-video-preview:-1\" \/>\n<link rel=\"canonical\" href=\"https:\/\/www.welovecycling.com\/pl\/2017\/07\/12\/strzelce-oczarowane-rowerami\/\" \/>\n<meta property=\"og:locale\" content=\"pl_PL\" \/>\n<meta property=\"og:type\" content=\"article\" \/>\n<meta property=\"og:title\" content=\"Strzelce oczarowane rowerami\" \/>\n<meta property=\"og:description\" content=\"Za nami kolejny emocjonuj\u0105cy weekend kolarski z mark\u0105 \u0160koda! Tym razem w podgorzowskich Strzelcach Kraje\u0144skich 2 lipca odby\u0142o si\u0119 kryterium [&hellip;]\" \/>\n<meta property=\"og:url\" content=\"https:\/\/www.welovecycling.com\/pl\/2017\/07\/12\/strzelce-oczarowane-rowerami\/\" \/>\n<meta property=\"og:site_name\" content=\"\u0160koda We Love Cycling - Poland\" \/>\n<meta property=\"article:published_time\" content=\"2017-07-12T08:28:52+00:00\" \/>\n<meta property=\"article:modified_time\" content=\"2017-08-04T09:32:40+00:00\" \/>\n<meta property=\"og:image\" content=\"https:\/\/d2p6e6u75xmxt8.cloudfront.net\/5\/2017\/07\/IMG_2518.JPG-e1499847964979.jpg\" \/>\n\t<meta property=\"og:image:width\" content=\"1000\" \/>\n\t<meta property=\"og:image:height\" content=\"750\" \/>\n\t<meta property=\"og:image:type\" content=\"image\/jpeg\" \/>\n<meta name=\"author\" content=\"piotrboczkowski\" \/>\n<meta name=\"twitter:card\" content=\"summary_large_image\" \/>\n<meta name=\"twitter:label1\" content=\"Written by\" \/>\n\t<meta name=\"twitter:data1\" content=\"WeLoveCycling\" \/>\n\t<meta name=\"twitter:label2\" content=\"Est. reading time\" \/>\n\t<meta name=\"twitter:data2\" content=\"1 minute\" \/>\n<script type=\"application\/ld+json\" class=\"yoast-schema-graph\">{\"@context\":\"https:\/\/schema.org\",\"@graph\":[{\"@type\":\"WebPage\",\"@id\":\"https:\/\/www.welovecycling.com\/pl\/2017\/07\/12\/strzelce-oczarowane-rowerami\/\",\"url\":\"https:\/\/www.welovecycling.com\/pl\/2017\/07\/12\/strzelce-oczarowane-rowerami\/\",\"name\":\"Strzelce oczarowane rowerami - \u0160koda We Love Cycling - Poland\",\"isPartOf\":{\"@id\":\"https:\/\/www.welovecycling.com\/pl\/#website\"},\"primaryImageOfPage\":{\"@id\":\"https:\/\/www.welovecycling.com\/pl\/2017\/07\/12\/strzelce-oczarowane-rowerami\/#primaryimage\"},\"image\":{\"@id\":\"https:\/\/www.welovecycling.com\/pl\/2017\/07\/12\/strzelce-oczarowane-rowerami\/#primaryimage\"},\"thumbnailUrl\":\"https:\/\/d2p6e6u75xmxt8.cloudfront.net\/5\/2017\/07\/IMG_2518.JPG-e1499847964979.jpg\",\"datePublished\":\"2017-07-12T08:28:52+00:00\",\"dateModified\":\"2017-08-04T09:32:40+00:00\",\"author\":{\"@id\":\"https:\/\/www.welovecycling.com\/pl\/#\/schema\/person\/0dba2d39da943db9df3fd8f4687e7f23\"},\"breadcrumb\":{\"@id\":\"https:\/\/www.welovecycling.com\/pl\/2017\/07\/12\/strzelce-oczarowane-rowerami\/#breadcrumb\"},\"inLanguage\":\"pl-PL\",\"potentialAction\":[{\"@type\":\"ReadAction\",\"target\":[\"https:\/\/www.welovecycling.com\/pl\/2017\/07\/12\/strzelce-oczarowane-rowerami\/\"]}]},{\"@type\":\"ImageObject\",\"inLanguage\":\"pl-PL\",\"@id\":\"https:\/\/www.welovecycling.com\/pl\/2017\/07\/12\/strzelce-oczarowane-rowerami\/#primaryimage\",\"url\":\"https:\/\/d2p6e6u75xmxt8.cloudfront.net\/5\/2017\/07\/IMG_2518.JPG-e1499847964979.jpg\",\"contentUrl\":\"https:\/\/d2p6e6u75xmxt8.cloudfront.net\/5\/2017\/07\/IMG_2518.JPG-e1499847964979.jpg\",\"width\":1000,\"height\":750},{\"@type\":\"BreadcrumbList\",\"@id\":\"https:\/\/www.welovecycling.com\/pl\/2017\/07\/12\/strzelce-oczarowane-rowerami\/#breadcrumb\",\"itemListElement\":[{\"@type\":\"ListItem\",\"position\":1,\"name\":\"Home\",\"item\":\"https:\/\/www.welovecycling.com\/pl\/\"},{\"@type\":\"ListItem\",\"position\":2,\"name\":\"Strzelce oczarowane rowerami\"}]},{\"@type\":\"WebSite\",\"@id\":\"https:\/\/www.welovecycling.com\/pl\/#website\",\"url\":\"https:\/\/www.welovecycling.com\/pl\/\",\"name\":\"\u0160koda We Love Cycling - Poland\",\"description\":\"\",\"potentialAction\":[{\"@type\":\"SearchAction\",\"target\":{\"@type\":\"EntryPoint\",\"urlTemplate\":\"https:\/\/www.welovecycling.com\/pl\/?s={search_term_string}\"},\"query-input\":{\"@type\":\"PropertyValueSpecification\",\"valueRequired\":true,\"valueName\":\"search_term_string\"}}],\"inLanguage\":\"pl-PL\"},{\"@type\":\"Person\",\"@id\":\"https:\/\/www.welovecycling.com\/pl\/#\/schema\/person\/0dba2d39da943db9df3fd8f4687e7f23\",\"name\":\"piotrboczkowski\",\"image\":{\"@type\":\"ImageObject\",\"inLanguage\":\"pl-PL\",\"@id\":\"https:\/\/www.welovecycling.com\/pl\/#\/schema\/person\/image\/\",\"url\":\"https:\/\/secure.gravatar.com\/avatar\/533caccae14752e03a2ce2d3fd62d1b98b93e1393c3195c27819e53344ca1ace?s=96&d=mm&r=g\",\"contentUrl\":\"https:\/\/secure.gravatar.com\/avatar\/533caccae14752e03a2ce2d3fd62d1b98b93e1393c3195c27819e53344ca1ace?s=96&d=mm&r=g\",\"caption\":\"piotrboczkowski\"},\"url\":\"https:\/\/www.welovecycling.com\/pl\/author\/piotrboczkowski\/\"}]}<\/script>\n<!-- \/ Yoast SEO Premium plugin. -->","yoast_head_json":{"title":"Strzelce oczarowane rowerami - \u0160koda We Love Cycling - Poland","robots":{"index":"index","follow":"follow","max-snippet":"max-snippet:-1","max-image-preview":"max-image-preview:large","max-video-preview":"max-video-preview:-1"},"canonical":"https:\/\/www.welovecycling.com\/pl\/2017\/07\/12\/strzelce-oczarowane-rowerami\/","og_locale":"pl_PL","og_type":"article","og_title":"Strzelce oczarowane rowerami","og_description":"Za nami kolejny emocjonuj\u0105cy weekend kolarski z mark\u0105 \u0160koda! Tym razem w podgorzowskich Strzelcach Kraje\u0144skich 2 lipca odby\u0142o si\u0119 kryterium [&hellip;]","og_url":"https:\/\/www.welovecycling.com\/pl\/2017\/07\/12\/strzelce-oczarowane-rowerami\/","og_site_name":"\u0160koda We Love Cycling - Poland","article_published_time":"2017-07-12T08:28:52+00:00","article_modified_time":"2017-08-04T09:32:40+00:00","og_image":[{"width":1000,"height":750,"url":"https:\/\/d2p6e6u75xmxt8.cloudfront.net\/5\/2017\/07\/IMG_2518.JPG-e1499847964979.jpg","type":"image\/jpeg"}],"author":"piotrboczkowski","twitter_card":"summary_large_image","twitter_misc":{"Written by":"WeLoveCycling","Est. reading time":"1 minute"},"schema":{"@context":"https:\/\/schema.org","@graph":[{"@type":"WebPage","@id":"https:\/\/www.welovecycling.com\/pl\/2017\/07\/12\/strzelce-oczarowane-rowerami\/","url":"https:\/\/www.welovecycling.com\/pl\/2017\/07\/12\/strzelce-oczarowane-rowerami\/","name":"Strzelce oczarowane rowerami - \u0160koda We Love Cycling - Poland","isPartOf":{"@id":"https:\/\/www.welovecycling.com\/pl\/#website"},"primaryImageOfPage":{"@id":"https:\/\/www.welovecycling.com\/pl\/2017\/07\/12\/strzelce-oczarowane-rowerami\/#primaryimage"},"image":{"@id":"https:\/\/www.welovecycling.com\/pl\/2017\/07\/12\/strzelce-oczarowane-rowerami\/#primaryimage"},"thumbnailUrl":"https:\/\/d2p6e6u75xmxt8.cloudfront.net\/5\/2017\/07\/IMG_2518.JPG-e1499847964979.jpg","datePublished":"2017-07-12T08:28:52+00:00","dateModified":"2017-08-04T09:32:40+00:00","author":{"@id":"https:\/\/www.welovecycling.com\/pl\/#\/schema\/person\/0dba2d39da943db9df3fd8f4687e7f23"},"breadcrumb":{"@id":"https:\/\/www.welovecycling.com\/pl\/2017\/07\/12\/strzelce-oczarowane-rowerami\/#breadcrumb"},"inLanguage":"pl-PL","potentialAction":[{"@type":"ReadAction","target":["https:\/\/www.welovecycling.com\/pl\/2017\/07\/12\/strzelce-oczarowane-rowerami\/"]}]},{"@type":"ImageObject","inLanguage":"pl-PL","@id":"https:\/\/www.welovecycling.com\/pl\/2017\/07\/12\/strzelce-oczarowane-rowerami\/#primaryimage","url":"https:\/\/d2p6e6u75xmxt8.cloudfront.net\/5\/2017\/07\/IMG_2518.JPG-e1499847964979.jpg","contentUrl":"https:\/\/d2p6e6u75xmxt8.cloudfront.net\/5\/2017\/07\/IMG_2518.JPG-e1499847964979.jpg","width":1000,"height":750},{"@type":"BreadcrumbList","@id":"https:\/\/www.welovecycling.com\/pl\/2017\/07\/12\/strzelce-oczarowane-rowerami\/#breadcrumb","itemListElement":[{"@type":"ListItem","position":1,"name":"Home","item":"https:\/\/www.welovecycling.com\/pl\/"},{"@type":"ListItem","position":2,"name":"Strzelce oczarowane rowerami"}]},{"@type":"WebSite","@id":"https:\/\/www.welovecycling.com\/pl\/#website","url":"https:\/\/www.welovecycling.com\/pl\/","name":"\u0160koda We Love Cycling - Poland","description":"","potentialAction":[{"@type":"SearchAction","target":{"@type":"EntryPoint","urlTemplate":"https:\/\/www.welovecycling.com\/pl\/?s={search_term_string}"},"query-input":{"@type":"PropertyValueSpecification","valueRequired":true,"valueName":"search_term_string"}}],"inLanguage":"pl-PL"},{"@type":"Person","@id":"https:\/\/www.welovecycling.com\/pl\/#\/schema\/person\/0dba2d39da943db9df3fd8f4687e7f23","name":"piotrboczkowski","image":{"@type":"ImageObject","inLanguage":"pl-PL","@id":"https:\/\/www.welovecycling.com\/pl\/#\/schema\/person\/image\/","url":"https:\/\/secure.gravatar.com\/avatar\/533caccae14752e03a2ce2d3fd62d1b98b93e1393c3195c27819e53344ca1ace?s=96&d=mm&r=g","contentUrl":"https:\/\/secure.gravatar.com\/avatar\/533caccae14752e03a2ce2d3fd62d1b98b93e1393c3195c27819e53344ca1ace?s=96&d=mm&r=g","caption":"piotrboczkowski"},"url":"https:\/\/www.welovecycling.com\/pl\/author\/piotrboczkowski\/"}]}},"_links":{"self":[{"href":"https:\/\/www.welovecycling.com\/pl\/wp-json\/wp\/v2\/posts\/4490","targetHints":{"allow":["GET"]}}],"collection":[{"href":"https:\/\/www.welovecycling.com\/pl\/wp-json\/wp\/v2\/posts"}],"about":[{"href":"https:\/\/www.welovecycling.com\/pl\/wp-json\/wp\/v2\/types\/post"}],"author":[{"embeddable":true,"href":"https:\/\/www.welovecycling.com\/pl\/wp-json\/wp\/v2\/users\/76"}],"replies":[{"embeddable":true,"href":"https:\/\/www.welovecycling.com\/pl\/wp-json\/wp\/v2\/comments?post=4490"}],"version-history":[{"count":2,"href":"https:\/\/www.welovecycling.com\/pl\/wp-json\/wp\/v2\/posts\/4490\/revisions"}],"predecessor-version":[{"id":4783,"href":"https:\/\/www.welovecycling.com\/pl\/wp-json\/wp\/v2\/posts\/4490\/revisions\/4783"}],"wp:featuredmedia":[{"embeddable":true,"href":"https:\/\/www.welovecycling.com\/pl\/wp-json\/wp\/v2\/media\/4491"}],"wp:attachment":[{"href":"https:\/\/www.welovecycling.com\/pl\/wp-json\/wp\/v2\/media?parent=4490"}],"wp:term":[{"taxonomy":"category","embeddable":true,"href":"https:\/\/www.welovecycling.com\/pl\/wp-json\/wp\/v2\/categories?post=4490"},{"taxonomy":"post_tag","embeddable":true,"href":"https:\/\/www.welovecycling.com\/pl\/wp-json\/wp\/v2\/tags?post=4490"},{"taxonomy":"global-categories","embeddable":true,"href":"https:\/\/www.welovecycling.com\/pl\/wp-json\/wp\/v2\/global-categories?post=4490"}],"curies":[{"name":"wp","href":"https:\/\/api.w.org\/{rel}","templated":true}]}}