{"id":4459,"date":"2017-07-10T10:51:55","date_gmt":"2017-07-10T10:51:55","guid":{"rendered":"https:\/\/www.welovecycling.com\/pl\/?p=4459"},"modified":"2018-04-03T09:34:20","modified_gmt":"2018-04-03T09:34:20","slug":"oto-piekno-sportu-niesamowity-gest-polaka-tour-de-france","status":"publish","type":"post","link":"https:\/\/www.welovecycling.com\/pl\/2017\/07\/10\/oto-piekno-sportu-niesamowity-gest-polaka-tour-de-france\/","title":{"rendered":"Oto pi\u0119kno sportu! Niesamowity gest Polaka na Tour de France"},"content":{"rendered":"<p>Czasem nie miejsce, czas czy sportowe ambicje s\u0105 najwa\u017cniejsze. Czasem istotniejsze, by w trudnych chwilach unie\u015b\u0107 si\u0119 nawet ponad zasady fair play i wyci\u0105gn\u0105\u0107 do rywala pomocn\u0105 d\u0142o\u0144. Tak jak Micha\u0142 Kwiatkowski, kt\u00f3ry w ci\u0119\u017ckich chwilach pom\u00f3g\u0142 Rafa\u0142owi Majce i dzi\u0119ki temu poturbowany kolarz z Zegartowic zmie\u015bci\u0142 si\u0119 w limicie czasu.<\/p>\n<p>Na co dzie\u0144 je\u017cd\u017c\u0105 w rywalizuj\u0105cych ze sob\u0105 zespo\u0142ach, kt\u00f3re celuj\u0105 w najwy\u017csze wyniki. Kwiatkowski w Team Sky jest pomocnikiem Chrise\u2019a Froome\u2019a. Za to Majka mia\u0142 wspiera\u0107 Petera Sagana, ale gdy S\u0142owak zosta\u0142 zdyskwalifikowany, br\u0105zowy medalista olimpijski dosta\u0142 zielone \u015bwiat\u0142o do walki o najwy\u017csze lokaty w klasyfikacji generalnej.<\/p>\n<p>Opr\u00f3cz tego ci\u0105gn\u0119\u0142y si\u0119 za nimi zasz\u0142o\u015bci jeszcze z Igrzysk Olimpijskich w Rio de Janeiro. W\u00f3wczas cz\u0119\u015b\u0107 \u015brodowiska kolarskiego sugerowa\u0142a, \u017ce Kwiatkowski nie chcia\u0142 pomaga\u0107 Majce w walce o medal, tylko jecha\u0142 po swojemu. \u201eKwiato\u201d zdecydowanie temu zaprzecza\u0142 i mia\u0142 racj\u0119, a po raz kolejny udowodni\u0142 to podczas niedzielnego etapu Tour de France.<\/p>\n<p><strong>Paskudna kraksa<\/strong><\/p>\n<p>Na met\u0119 Majka i Kwiatkowski wjechali razem. Jednak nie dlatego, \u017ce toczyli za\u017cart\u0105 walk\u0119 i szli szprycha w szprych\u0119, ale z powodu fatalnego upadku zawodnika Bora-Hansgrohe.<\/p>\n<p>Majka bra\u0142 udzia\u0142 w paskudnej kraksie. W jej wyniku wicelider Tour de France Geraint Thomas z\u0142ama\u0142 obojczyk, a Polak odni\u00f3s\u0142 fatalnie wygl\u0105daj\u0105ce obra\u017cenia. \u201eMocno si\u0119 pobija\u0142. Bardzo cierpi, zdar\u0142 wiele sk\u00f3ry\u201d \u2013 informowa\u0142 w trakcie wy\u015bcigu zesp\u00f3\u0142 Majki.<\/p>\n<p>Polak skorzysta\u0142 z pomocy lekarza, ale pozbiera\u0142 si\u0119 i spr\u00f3bowa\u0142 dojecha\u0107 do ko\u0144ca. Je\u015bli by tego nie zrobi\u0142, zosta\u0142by wykluczony z wy\u015bcigu. Na met\u0119 nie m\u00f3g\u0142 te\u017c pod\u0105\u017ca\u0107 spacerowym tempem, bo niezmieszczenie si\u0119 w limicie czasu r\u00f3wnie\u017c sko\u0144czy\u0142oby si\u0119 wyrzuceniem z Tour de France.<\/p>\n<p>W tej sytuacji pomocn\u0105 d\u0142o\u0144 do Majki wyci\u0105gn\u0105\u0142 Kwiatkowski, kt\u00f3ry wspiera\u0142 go na ko\u0144c\u00f3wce trasy. I zrobi\u0142 to pomimo reprezentowania innego zespo\u0142u oraz nara\u017cania si\u0119 na gniew swoich szef\u00f3w. \u201eKwiato\u201d by\u0142 ponad to, u niego wygra\u0142 duch sportu!<\/p>\n<p>\u201eDzi\u0119kuj\u0119 bardzo za pomoc Micha\u0142owi Kwiatkowskiemu, kt\u00f3ry pom\u00f3g\u0142 mi na ostatnich 20 kilometrach dojecha\u0107 na kole do mety. Ch\u0142opaki z dru\u017cyny te\u017c bardzo mi pomogli, czekaj\u0105c na mnie po upadku \u2013\u00a0dzi\u0119kuj\u0119! Chyba po raz pierwszy p\u0142aka\u0142em na rowerze z b\u00f3lu\u201d \u2013 napisa\u0142 Majka w o\u015bwiadczeniu.<\/p>\n<p><strong>Co dalej z Majk\u0105?<\/strong><\/p>\n<p>Niemal od razu z linii mety Polak uda\u0142 si\u0119 na badania i w poniedzia\u0142ek zostanie podj\u0119ta ostateczna decyzja, czy w Tour de France jeszcze go zobaczymy.<\/p>\n<p>Zreszt\u0105 9. etap obfitowa\u0142 w gro\u017ane upadki, m.in. fatalnie kozio\u0142kowa\u0142 Richie Porte, jeden z faworyt\u00f3w. Wst\u0119pne badania wykaza\u0142y urazy czaszki i p\u0119kni\u0119cie ko\u015bci miednicy. Po niedzielnym \u015bciganiu z Tour de France wycofa\u0142o si\u0119 12 zawodnik\u00f3w (z powodu uraz\u00f3w lub te\u017c przekroczenia limitu czasu).<\/p>\n<p><strong>Zwyci\u0119zca z zepsut\u0105 przerzutk\u0105<\/strong><\/p>\n<p>Etap wygra\u0142 Rigoberto Ur\u00e1n, kt\u00f3ry do ko\u0144ca nie m\u00f3g\u0142 uwierzy\u0107 w zwyci\u0119stwo.<\/p>\n<p>\u2013\u00a0Gdy mi to powiedzieli, pomy\u015bla\u0142em, \u017ce \u017cartuj\u0105. By\u0142em przekonany, \u017ce to Barguil by\u0142 pierwszy. Po jednej z kraks mia\u0142em zepsut\u0105 przerzutk\u0119 i tak naprawd\u0119 chcia\u0142em tylko dojecha\u0107 do mety w pierwszej grupce, a tymczasem wygra\u0142em. Zwyci\u0119\u017cy\u0107 w tak trudnym etapie to du\u017ce osi\u0105gni\u0119cie \u2013 cieszy\u0142 si\u0119 na mecie zawodnik Cannondale-Drapac.<\/p>\n<p>W poniedzia\u0142ek zawodnicy maj\u0105 przerw\u0119, a we wtorek czeka ich etap P\u00e9rigueux\u00a0\u2013 Bergerac (178 km).<\/p>\n<p>Klasyfikacja generalna po 9. etapie:<\/p>\n<ol>\n<li>Christopher Froome<\/li>\n<li>Fabio Aru<\/li>\n<li>Romain Bardet<\/li>\n<\/ol>\n<p>&#8212;<\/p>\n<ol start=\"43\">\n<li>Rafa\u0142 Majka<\/li>\n<li>Pawe\u0142 Polja\u0144ski<\/li>\n<li>Micha\u0142 Kwiatkowski<\/li>\n<li>Maciej Bodnar<\/li>\n<\/ol>\n<p>Klasyfikacja sprinter\u00f3w (zielona koszulka sponsorowana przez \u0160KOD\u0118)<\/p>\n<ol>\n<li>Marcel Kittel<\/li>\n<li>Michael Matthews<\/li>\n<li>Andre Greipel<\/li>\n<\/ol>\n<p>&nbsp;<\/p>\n<p>(\u017ar\u00f3d\u0142o zdj\u0119\u0107:\u00a0http:\/\/www.letour.fr \u00a9 ASO\/Pauline BALLET)<\/p>\n","protected":false},"excerpt":{"rendered":"<p>Czasem nie miejsce, czas czy sportowe ambicje s\u0105 najwa\u017cniejsze. Czasem istotniejsze, by w trudnych chwilach unie\u015b\u0107 si\u0119 nawet ponad zasady [&hellip;]<\/p>\n","protected":false},"author":76,"featured_media":4460,"comment_status":"open","ping_status":"open","sticky":false,"template":"","format":"standard","meta":{"footnotes":""},"categories":[226],"tags":[151,57,185,158,77,163,146],"global-categories":[],"class_list":["post-4459","post","type-post","status-publish","format-standard","has-post-thumbnail","hentry","category-ciekawostki","tag-kolarstwo-szosowe","tag-michal-kwiatkowski","tag-rafal-majka","tag-relacja","tag-tour-de-france","tag-tour-de-france-2017","tag-wyscig"],"yoast_head":"<!-- This site is optimized with the Yoast SEO Premium plugin v25.3 (Yoast SEO v25.9) - https:\/\/yoast.com\/wordpress\/plugins\/seo\/ -->\n<title>Oto pi\u0119kno sportu! Niesamowity gest Polaka na Tour de France - \u0160koda We Love Cycling - Poland<\/title>\n<meta name=\"robots\" content=\"index, follow, max-snippet:-1, max-image-preview:large, max-video-preview:-1\" \/>\n<link rel=\"canonical\" href=\"https:\/\/www.welovecycling.com\/pl\/2017\/07\/10\/oto-piekno-sportu-niesamowity-gest-polaka-tour-de-france\/\" \/>\n<meta property=\"og:locale\" content=\"pl_PL\" \/>\n<meta property=\"og:type\" content=\"article\" \/>\n<meta property=\"og:title\" content=\"Oto pi\u0119kno sportu! Niesamowity gest Polaka na Tour de France\" \/>\n<meta property=\"og:description\" content=\"Czasem nie miejsce, czas czy sportowe ambicje s\u0105 najwa\u017cniejsze. Czasem istotniejsze, by w trudnych chwilach unie\u015b\u0107 si\u0119 nawet ponad zasady [&hellip;]\" \/>\n<meta property=\"og:url\" content=\"https:\/\/www.welovecycling.com\/pl\/2017\/07\/10\/oto-piekno-sportu-niesamowity-gest-polaka-tour-de-france\/\" \/>\n<meta property=\"og:site_name\" content=\"\u0160koda We Love Cycling - Poland\" \/>\n<meta property=\"article:published_time\" content=\"2017-07-10T10:51:55+00:00\" \/>\n<meta property=\"article:modified_time\" content=\"2018-04-03T09:34:20+00:00\" \/>\n<meta property=\"og:image\" content=\"https:\/\/d2p6e6u75xmxt8.cloudfront.net\/5\/2017\/07\/20170709536_091457-e1499683942178.jpg\" \/>\n\t<meta property=\"og:image:width\" content=\"900\" \/>\n\t<meta property=\"og:image:height\" content=\"599\" \/>\n\t<meta property=\"og:image:type\" content=\"image\/jpeg\" \/>\n<meta name=\"author\" content=\"piotrboczkowski\" \/>\n<meta name=\"twitter:card\" content=\"summary_large_image\" \/>\n<meta name=\"twitter:label1\" content=\"Written by\" \/>\n\t<meta name=\"twitter:data1\" content=\"WeLoveCycling\" \/>\n\t<meta name=\"twitter:label2\" content=\"Est. reading time\" \/>\n\t<meta name=\"twitter:data2\" content=\"3 minutes\" \/>\n<script type=\"application\/ld+json\" class=\"yoast-schema-graph\">{\"@context\":\"https:\/\/schema.org\",\"@graph\":[{\"@type\":\"WebPage\",\"@id\":\"https:\/\/www.welovecycling.com\/pl\/2017\/07\/10\/oto-piekno-sportu-niesamowity-gest-polaka-tour-de-france\/\",\"url\":\"https:\/\/www.welovecycling.com\/pl\/2017\/07\/10\/oto-piekno-sportu-niesamowity-gest-polaka-tour-de-france\/\",\"name\":\"Oto pi\u0119kno sportu! Niesamowity gest Polaka na Tour de France - \u0160koda We Love Cycling - Poland\",\"isPartOf\":{\"@id\":\"https:\/\/www.welovecycling.com\/pl\/#website\"},\"primaryImageOfPage\":{\"@id\":\"https:\/\/www.welovecycling.com\/pl\/2017\/07\/10\/oto-piekno-sportu-niesamowity-gest-polaka-tour-de-france\/#primaryimage\"},\"image\":{\"@id\":\"https:\/\/www.welovecycling.com\/pl\/2017\/07\/10\/oto-piekno-sportu-niesamowity-gest-polaka-tour-de-france\/#primaryimage\"},\"thumbnailUrl\":\"https:\/\/d2p6e6u75xmxt8.cloudfront.net\/5\/2017\/07\/20170709536_091457-e1499683942178.jpg\",\"datePublished\":\"2017-07-10T10:51:55+00:00\",\"dateModified\":\"2018-04-03T09:34:20+00:00\",\"author\":{\"@id\":\"https:\/\/www.welovecycling.com\/pl\/#\/schema\/person\/0dba2d39da943db9df3fd8f4687e7f23\"},\"breadcrumb\":{\"@id\":\"https:\/\/www.welovecycling.com\/pl\/2017\/07\/10\/oto-piekno-sportu-niesamowity-gest-polaka-tour-de-france\/#breadcrumb\"},\"inLanguage\":\"pl-PL\",\"potentialAction\":[{\"@type\":\"ReadAction\",\"target\":[\"https:\/\/www.welovecycling.com\/pl\/2017\/07\/10\/oto-piekno-sportu-niesamowity-gest-polaka-tour-de-france\/\"]}]},{\"@type\":\"ImageObject\",\"inLanguage\":\"pl-PL\",\"@id\":\"https:\/\/www.welovecycling.com\/pl\/2017\/07\/10\/oto-piekno-sportu-niesamowity-gest-polaka-tour-de-france\/#primaryimage\",\"url\":\"https:\/\/d2p6e6u75xmxt8.cloudfront.net\/5\/2017\/07\/20170709536_091457-e1499683942178.jpg\",\"contentUrl\":\"https:\/\/d2p6e6u75xmxt8.cloudfront.net\/5\/2017\/07\/20170709536_091457-e1499683942178.jpg\",\"width\":900,\"height\":599,\"caption\":\"Tour de France 2017 - 09\/07\/2017 - Etape 9 - Nantua \/ Chamb\u00e9ry (181,5 km) - France - Rafal MAJKA (BORA - HANSGROHE)\"},{\"@type\":\"BreadcrumbList\",\"@id\":\"https:\/\/www.welovecycling.com\/pl\/2017\/07\/10\/oto-piekno-sportu-niesamowity-gest-polaka-tour-de-france\/#breadcrumb\",\"itemListElement\":[{\"@type\":\"ListItem\",\"position\":1,\"name\":\"Home\",\"item\":\"https:\/\/www.welovecycling.com\/pl\/\"},{\"@type\":\"ListItem\",\"position\":2,\"name\":\"Oto pi\u0119kno sportu! Niesamowity gest Polaka na Tour de France\"}]},{\"@type\":\"WebSite\",\"@id\":\"https:\/\/www.welovecycling.com\/pl\/#website\",\"url\":\"https:\/\/www.welovecycling.com\/pl\/\",\"name\":\"\u0160koda We Love Cycling - Poland\",\"description\":\"\",\"potentialAction\":[{\"@type\":\"SearchAction\",\"target\":{\"@type\":\"EntryPoint\",\"urlTemplate\":\"https:\/\/www.welovecycling.com\/pl\/?s={search_term_string}\"},\"query-input\":{\"@type\":\"PropertyValueSpecification\",\"valueRequired\":true,\"valueName\":\"search_term_string\"}}],\"inLanguage\":\"pl-PL\"},{\"@type\":\"Person\",\"@id\":\"https:\/\/www.welovecycling.com\/pl\/#\/schema\/person\/0dba2d39da943db9df3fd8f4687e7f23\",\"name\":\"piotrboczkowski\",\"image\":{\"@type\":\"ImageObject\",\"inLanguage\":\"pl-PL\",\"@id\":\"https:\/\/www.welovecycling.com\/pl\/#\/schema\/person\/image\/\",\"url\":\"https:\/\/secure.gravatar.com\/avatar\/533caccae14752e03a2ce2d3fd62d1b98b93e1393c3195c27819e53344ca1ace?s=96&d=mm&r=g\",\"contentUrl\":\"https:\/\/secure.gravatar.com\/avatar\/533caccae14752e03a2ce2d3fd62d1b98b93e1393c3195c27819e53344ca1ace?s=96&d=mm&r=g\",\"caption\":\"piotrboczkowski\"},\"url\":\"https:\/\/www.welovecycling.com\/pl\/author\/piotrboczkowski\/\"}]}<\/script>\n<!-- \/ Yoast SEO Premium plugin. -->","yoast_head_json":{"title":"Oto pi\u0119kno sportu! Niesamowity gest Polaka na Tour de France - \u0160koda We Love Cycling - Poland","robots":{"index":"index","follow":"follow","max-snippet":"max-snippet:-1","max-image-preview":"max-image-preview:large","max-video-preview":"max-video-preview:-1"},"canonical":"https:\/\/www.welovecycling.com\/pl\/2017\/07\/10\/oto-piekno-sportu-niesamowity-gest-polaka-tour-de-france\/","og_locale":"pl_PL","og_type":"article","og_title":"Oto pi\u0119kno sportu! Niesamowity gest Polaka na Tour de France","og_description":"Czasem nie miejsce, czas czy sportowe ambicje s\u0105 najwa\u017cniejsze. Czasem istotniejsze, by w trudnych chwilach unie\u015b\u0107 si\u0119 nawet ponad zasady [&hellip;]","og_url":"https:\/\/www.welovecycling.com\/pl\/2017\/07\/10\/oto-piekno-sportu-niesamowity-gest-polaka-tour-de-france\/","og_site_name":"\u0160koda We Love Cycling - Poland","article_published_time":"2017-07-10T10:51:55+00:00","article_modified_time":"2018-04-03T09:34:20+00:00","og_image":[{"width":900,"height":599,"url":"https:\/\/d2p6e6u75xmxt8.cloudfront.net\/5\/2017\/07\/20170709536_091457-e1499683942178.jpg","type":"image\/jpeg"}],"author":"piotrboczkowski","twitter_card":"summary_large_image","twitter_misc":{"Written by":"WeLoveCycling","Est. reading time":"3 minutes"},"schema":{"@context":"https:\/\/schema.org","@graph":[{"@type":"WebPage","@id":"https:\/\/www.welovecycling.com\/pl\/2017\/07\/10\/oto-piekno-sportu-niesamowity-gest-polaka-tour-de-france\/","url":"https:\/\/www.welovecycling.com\/pl\/2017\/07\/10\/oto-piekno-sportu-niesamowity-gest-polaka-tour-de-france\/","name":"Oto pi\u0119kno sportu! Niesamowity gest Polaka na Tour de France - \u0160koda We Love Cycling - Poland","isPartOf":{"@id":"https:\/\/www.welovecycling.com\/pl\/#website"},"primaryImageOfPage":{"@id":"https:\/\/www.welovecycling.com\/pl\/2017\/07\/10\/oto-piekno-sportu-niesamowity-gest-polaka-tour-de-france\/#primaryimage"},"image":{"@id":"https:\/\/www.welovecycling.com\/pl\/2017\/07\/10\/oto-piekno-sportu-niesamowity-gest-polaka-tour-de-france\/#primaryimage"},"thumbnailUrl":"https:\/\/d2p6e6u75xmxt8.cloudfront.net\/5\/2017\/07\/20170709536_091457-e1499683942178.jpg","datePublished":"2017-07-10T10:51:55+00:00","dateModified":"2018-04-03T09:34:20+00:00","author":{"@id":"https:\/\/www.welovecycling.com\/pl\/#\/schema\/person\/0dba2d39da943db9df3fd8f4687e7f23"},"breadcrumb":{"@id":"https:\/\/www.welovecycling.com\/pl\/2017\/07\/10\/oto-piekno-sportu-niesamowity-gest-polaka-tour-de-france\/#breadcrumb"},"inLanguage":"pl-PL","potentialAction":[{"@type":"ReadAction","target":["https:\/\/www.welovecycling.com\/pl\/2017\/07\/10\/oto-piekno-sportu-niesamowity-gest-polaka-tour-de-france\/"]}]},{"@type":"ImageObject","inLanguage":"pl-PL","@id":"https:\/\/www.welovecycling.com\/pl\/2017\/07\/10\/oto-piekno-sportu-niesamowity-gest-polaka-tour-de-france\/#primaryimage","url":"https:\/\/d2p6e6u75xmxt8.cloudfront.net\/5\/2017\/07\/20170709536_091457-e1499683942178.jpg","contentUrl":"https:\/\/d2p6e6u75xmxt8.cloudfront.net\/5\/2017\/07\/20170709536_091457-e1499683942178.jpg","width":900,"height":599,"caption":"Tour de France 2017 - 09\/07\/2017 - Etape 9 - Nantua \/ Chamb\u00e9ry (181,5 km) - France - Rafal MAJKA (BORA - HANSGROHE)"},{"@type":"BreadcrumbList","@id":"https:\/\/www.welovecycling.com\/pl\/2017\/07\/10\/oto-piekno-sportu-niesamowity-gest-polaka-tour-de-france\/#breadcrumb","itemListElement":[{"@type":"ListItem","position":1,"name":"Home","item":"https:\/\/www.welovecycling.com\/pl\/"},{"@type":"ListItem","position":2,"name":"Oto pi\u0119kno sportu! Niesamowity gest Polaka na Tour de France"}]},{"@type":"WebSite","@id":"https:\/\/www.welovecycling.com\/pl\/#website","url":"https:\/\/www.welovecycling.com\/pl\/","name":"\u0160koda We Love Cycling - Poland","description":"","potentialAction":[{"@type":"SearchAction","target":{"@type":"EntryPoint","urlTemplate":"https:\/\/www.welovecycling.com\/pl\/?s={search_term_string}"},"query-input":{"@type":"PropertyValueSpecification","valueRequired":true,"valueName":"search_term_string"}}],"inLanguage":"pl-PL"},{"@type":"Person","@id":"https:\/\/www.welovecycling.com\/pl\/#\/schema\/person\/0dba2d39da943db9df3fd8f4687e7f23","name":"piotrboczkowski","image":{"@type":"ImageObject","inLanguage":"pl-PL","@id":"https:\/\/www.welovecycling.com\/pl\/#\/schema\/person\/image\/","url":"https:\/\/secure.gravatar.com\/avatar\/533caccae14752e03a2ce2d3fd62d1b98b93e1393c3195c27819e53344ca1ace?s=96&d=mm&r=g","contentUrl":"https:\/\/secure.gravatar.com\/avatar\/533caccae14752e03a2ce2d3fd62d1b98b93e1393c3195c27819e53344ca1ace?s=96&d=mm&r=g","caption":"piotrboczkowski"},"url":"https:\/\/www.welovecycling.com\/pl\/author\/piotrboczkowski\/"}]}},"_links":{"self":[{"href":"https:\/\/www.welovecycling.com\/pl\/wp-json\/wp\/v2\/posts\/4459","targetHints":{"allow":["GET"]}}],"collection":[{"href":"https:\/\/www.welovecycling.com\/pl\/wp-json\/wp\/v2\/posts"}],"about":[{"href":"https:\/\/www.welovecycling.com\/pl\/wp-json\/wp\/v2\/types\/post"}],"author":[{"embeddable":true,"href":"https:\/\/www.welovecycling.com\/pl\/wp-json\/wp\/v2\/users\/76"}],"replies":[{"embeddable":true,"href":"https:\/\/www.welovecycling.com\/pl\/wp-json\/wp\/v2\/comments?post=4459"}],"version-history":[{"count":2,"href":"https:\/\/www.welovecycling.com\/pl\/wp-json\/wp\/v2\/posts\/4459\/revisions"}],"predecessor-version":[{"id":5076,"href":"https:\/\/www.welovecycling.com\/pl\/wp-json\/wp\/v2\/posts\/4459\/revisions\/5076"}],"wp:featuredmedia":[{"embeddable":true,"href":"https:\/\/www.welovecycling.com\/pl\/wp-json\/wp\/v2\/media\/4460"}],"wp:attachment":[{"href":"https:\/\/www.welovecycling.com\/pl\/wp-json\/wp\/v2\/media?parent=4459"}],"wp:term":[{"taxonomy":"category","embeddable":true,"href":"https:\/\/www.welovecycling.com\/pl\/wp-json\/wp\/v2\/categories?post=4459"},{"taxonomy":"post_tag","embeddable":true,"href":"https:\/\/www.welovecycling.com\/pl\/wp-json\/wp\/v2\/tags?post=4459"},{"taxonomy":"global-categories","embeddable":true,"href":"https:\/\/www.welovecycling.com\/pl\/wp-json\/wp\/v2\/global-categories?post=4459"}],"curies":[{"name":"wp","href":"https:\/\/api.w.org\/{rel}","templated":true}]}}