{"id":4449,"date":"2017-07-09T11:39:54","date_gmt":"2017-07-09T11:39:54","guid":{"rendered":"https:\/\/www.welovecycling.com\/pl\/?p=4449"},"modified":"2017-08-04T15:34:10","modified_gmt":"2017-08-04T15:34:10","slug":"dlugosc-paznokcia-mrugniecie-okiem-niesamowita-wygrana-tour-de-france","status":"publish","type":"post","link":"https:\/\/www.welovecycling.com\/pl\/2017\/07\/09\/dlugosc-paznokcia-mrugniecie-okiem-niesamowita-wygrana-tour-de-france\/","title":{"rendered":"D\u0142ugo\u015b\u0107 paznokcia czy mrugni\u0119cie okiem\u2026 Niesamowita wygrana w Tour de France!"},"content":{"rendered":"<p>Jednego dnia decyduj\u0105 dos\u0142ownie milimetry, drugiego kapitalna ucieczka \u017c\u00f3\u0142todzioba. W 48 godzin dostali\u015bmy w Tour de France to, co najbardziej kochamy!<\/p>\n<p><span style=\"font-weight: 400;\">\u201eE tam, nuda, nic si\u0119 nie dzieje. Peda\u0142uj\u0105 przez pi\u0119\u0107 godzin i nic poza tym!\u201d \u2013 przyznajcie, ile razy s\u0142yszeli\u015bcie takie opinie znajomych \/ przyjaci\u00f3\u0142 \/ rodziny? <\/span><\/p>\n<p><span style=\"font-weight: 400;\">My ju\u017c nauczyli\u015bmy si\u0119, \u017ce k\u0142\u00f3tnie tu nic nie daj\u0105. Lepiej w\u0142\u0105czy\u0107 niedowiarkowi wy\u015bcig i powiedzie\u0107: \u201eA teraz patrz!\u201d. Nie wiecie, kt\u00f3re fragmenty wybra\u0107? No to w\u0142a\u015bnie Tour de France napisa\u0142o Wam dwie \u015bwietne historie.<\/span><\/p>\n<p><b>6 milimetr\u00f3w r\u00f3\u017cnicy<\/b><\/p>\n<p><span style=\"font-weight: 400;\">Pierwsza to ta bardziej emocjonuj\u0105ca, trzymaj\u0105c w napi\u0119ciu jeszcze d\u0142ugo po wy\u015bcigu. Sam 7. etap kibic\u00f3w mo\u017ce nie porwa\u0142, ale ko\u0144c\u00f3wka to by\u0142y fajerwerki po\u0142\u0105czone z petardami hukowymi i pokazem laser\u00f3w. Show najwy\u017cszej pr\u00f3by!<\/span><\/p>\n<p><span style=\"font-weight: 400;\">Napisa\u0107, \u017ce Marcel Kittel wyprzedzi\u0142 Boassona Hagena o b\u0142ysk szprychy, to nic nie napisa\u0107. To nie by\u0142a nawet d\u0142ugo\u015b\u0107 paznokcia, to by\u0142o 0,003 sekundy! Czyli 6 milimetr\u00f3w! Na tzw. stop-klatkach ludzkie oko nie by\u0142o w stanie dostrzec, kto wygra\u0142. Czemu? Bo \u2013 dla przyk\u0142adu \u2013 mrugni\u0119cie okiem trwa 0,25 sekundy!<\/span><\/p>\n<p><span style=\"font-weight: 400;\">Takiego finiszu w tym Tour de France nie widzieli\u015bmy i z du\u017c\u0105 doz\u0105 prawdopodobie\u0144stwa mo\u017cemy stwierdzi\u0107, \u017ce ju\u017c nie zobaczymy. Ale dla Kittela to \u017caden problem \u2013 on swoje ugra\u0142, bo dla Niemca by\u0142o to trzecie zwyci\u0119stwo etapowe w tegorocznej Wielkiej P\u0119tli!<\/span><\/p>\n<p><span style=\"font-weight: 400;\">&#8211; Nie mia\u0142em poj\u0119cia, czy wygra\u0142em. Na finiszu pr\u00f3bowa\u0142em \u201ewyd\u0142u\u017cy\u0107\u201d siebie o trzy metry \u2013 u\u015bmiecha\u0142 si\u0119 Kittel w rozmowie z oficjaln\u0105 stron\u0105 Tour de France. \u2013 Trzecia wygrana to niesamowity sukces. Jestem w formie i ciesz\u0119 si\u0119, \u017ce dru\u017cyna mnie wspiera &#8211; doda\u0142.<\/span><\/p>\n<p><b>\u201eNiech kto\u015b mnie uszczypnie!\u201d<\/b><\/p>\n<p><span style=\"font-weight: 400;\">Sobotni etap to ju\u017c zupe\u0142nie inna bajka. Inna, ale na pewno bajka. G\u00f3ry, lasy, niewielkie miasteczka i mi\u0119dzy nimi najlepsi kolarze \u015bwiata. Do tego tysi\u0105ce kibic\u00f3w, kt\u00f3ry liczyli, \u017ce tym razem da o sobie zna\u0107 jaki\u015b \u201euciekinier\u201d.<\/span><\/p>\n<p><span style=\"font-weight: 400;\">Fani mieli tak\u0105 nadziej\u0119, ale chyba niewielu liczy\u0142o, \u017ce \u015bmia\u0142kiem, kt\u00f3ry sam pomknie do mety, b\u0119dzie Lilian Calmejane. <\/span><\/p>\n<p><span style=\"font-weight: 400;\">Do tej pory Francuz w Tour de France m\u00f3g\u0142 uczestniczy\u0107 tylko jako kibic lub telewidz i pewnie marzy\u0142, by kiedykolwiek pomkn\u0105\u0107 w Wielkiej P\u0119tli. A gdy popu\u015bci\u0142 wodze fantazji, widzia\u0142 siebie jako zwyci\u0119zc\u0119. Dlatego na mecie m\u00f3g\u0142by wykrzycze\u0107 do swojego zespo\u0142u: \u201eNiech kto\u015b mnie uszczypnie!\u201d.<\/span><\/p>\n<p><span style=\"font-weight: 400;\">&#8211; Ta dodatkowa adrenalina zacz\u0119\u0142a kr\u0105\u017cy\u0107 w jego organizmie. Ju\u017c widzi met\u0119, ju\u017c za chwil\u0119 b\u0119dzie si\u0119 cieszy\u0142 . Kr\u0119ci g\u0142ow\u0105, ale nie ze zm\u0119czenia, tylko z rado\u015bci. Teraz b\u00f3l zamieni si\u0119 w rado\u015b\u0107. Co\u015b wspania\u0142ego, takie zwyci\u0119stwa ciesz\u0105 wszystkich. A\u017c \u0142ezka si\u0119 w oku kr\u0119ci \u2013 emocjonowali si\u0119 komentatorzy Eurosportu.<\/span><\/p>\n<p><span style=\"font-weight: 400;\">Co wi\u0119c w tej sytuacji mia\u0142 powiedzie\u0107 debiutant i etapowy zwyci\u0119zca Tour de France w jednym?<\/span><\/p>\n<p><span style=\"font-weight: 400;\">&#8211; Powoli to wszystko do mnie dociera. W autokarze zrobi\u0142em kolegom kawa\u0142 i powiedzia\u0142em, \u017ce to ja dzi\u015b wygram, ale to mia\u0142 by\u0107 tylko kawa\u0142! A tymczasem spe\u0142ni\u0142em marzenia\u2026 Wszystko potoczy\u0142o si\u0119 po mojej my\u015bli, a p\u00f3\u017aniej tylko musia\u0142em wzi\u0105\u0107 sprawy w swoje r\u0119ce. W ko\u0144c\u00f3wce jeszcze \u0142apa\u0142y mnie skurcze, ale zdo\u0142a\u0142em to prze\u0142ama\u0107 \u2013 cieszy\u0142 si\u0119 Calmejane.<\/span><\/p>\n<p><b>Czas na kolejne g\u00f3rskie historie<\/b><\/p>\n<p><span style=\"font-weight: 400;\">W niedziel\u0119 kolarze dalej b\u0119d\u0119 si\u0119 wspinali po g\u00f3rach. Tym razem czeka ich ponad 180 km z Nantua do Chambery. <\/span><\/p>\n<p><span style=\"font-weight: 400;\">Czy napisz\u0105 jakie\u015b nowe, niesamowite historie? Nie mieliby\u015bmy nic przeciwko\u2026<\/span><\/p>\n<p><b>Klasyfikacja generalna po 8. etapie:<\/b><\/p>\n<ol>\n<li style=\"font-weight: 400;\"><span style=\"font-weight: 400;\">Christopher Froome<\/span><\/li>\n<li style=\"font-weight: 400;\"><span style=\"font-weight: 400;\">Geraint Thomas<\/span><\/li>\n<li style=\"font-weight: 400;\"><span style=\"font-weight: 400;\"><span style=\"font-weight: 400;\">Fabio Aru<\/span><\/span><\/li>\n<li><span style=\"font-weight: 400;\"> Rafa\u0142 Majka<\/span><\/li>\n<li><span style=\"font-weight: 400;\"> Micha\u0142 Kwiatkowski<\/span><\/li>\n<li><span style=\"font-weight: 400;\"> Pawe\u0142 Polja\u0144ski<\/span><\/li>\n<li><span style=\"font-weight: 400;\"><span style=\"font-weight: 400;\"> Maciej Bodnar<\/span><\/span><\/li>\n<\/ol>\n<div><strong>Klasyfikacja sprinter\u00f3w (zielona koszulka sponsorowana przez\u00a0<\/strong><strong>\u0160<\/strong><strong>kod\u0119)<\/strong><\/div>\n<div><\/div>\n<div>1. Marcel Kittel<\/div>\n<div>2. Arnaud D\u00e9mare<\/div>\n<div>3. Michael Matthews<\/div>\n<p>&nbsp;<\/p>\n<p>(\u017ar\u00f3d\u0142o zdj\u0119\u0107:\u00a0http:\/\/www.letour.fr &#8211; ASO\/Alex BROADWAY)<\/p>\n","protected":false},"excerpt":{"rendered":"<p>Jednego dnia decyduj\u0105 dos\u0142ownie milimetry, drugiego kapitalna ucieczka \u017c\u00f3\u0142todzioba. W 48 godzin dostali\u015bmy w Tour de France to, co najbardziej [&hellip;]<\/p>\n","protected":false},"author":76,"featured_media":4452,"comment_status":"open","ping_status":"open","sticky":false,"template":"","format":"standard","meta":{"footnotes":""},"categories":[1],"tags":[158,77,163,146],"global-categories":[],"class_list":["post-4449","post","type-post","status-publish","format-standard","has-post-thumbnail","hentry","category-uncategorized","tag-relacja","tag-tour-de-france","tag-tour-de-france-2017","tag-wyscig"],"yoast_head":"<!-- This site is optimized with the Yoast SEO Premium plugin v25.3 (Yoast SEO v25.9) - https:\/\/yoast.com\/wordpress\/plugins\/seo\/ -->\n<title>D\u0142ugo\u015b\u0107 paznokcia czy mrugni\u0119cie okiem\u2026 Niesamowita wygrana w Tour de France! - \u0160koda We Love Cycling - Poland<\/title>\n<meta name=\"robots\" content=\"index, follow, max-snippet:-1, max-image-preview:large, max-video-preview:-1\" \/>\n<link rel=\"canonical\" href=\"https:\/\/www.welovecycling.com\/pl\/2017\/07\/09\/dlugosc-paznokcia-mrugniecie-okiem-niesamowita-wygrana-tour-de-france\/\" \/>\n<meta property=\"og:locale\" content=\"pl_PL\" \/>\n<meta property=\"og:type\" content=\"article\" \/>\n<meta property=\"og:title\" content=\"D\u0142ugo\u015b\u0107 paznokcia czy mrugni\u0119cie okiem\u2026 Niesamowita wygrana w Tour de France!\" \/>\n<meta property=\"og:description\" content=\"Jednego dnia decyduj\u0105 dos\u0142ownie milimetry, drugiego kapitalna ucieczka \u017c\u00f3\u0142todzioba. W 48 godzin dostali\u015bmy w Tour de France to, co najbardziej [&hellip;]\" \/>\n<meta property=\"og:url\" content=\"https:\/\/www.welovecycling.com\/pl\/2017\/07\/09\/dlugosc-paznokcia-mrugniecie-okiem-niesamowita-wygrana-tour-de-france\/\" \/>\n<meta property=\"og:site_name\" content=\"\u0160koda We Love Cycling - Poland\" \/>\n<meta property=\"article:published_time\" content=\"2017-07-09T11:39:54+00:00\" \/>\n<meta property=\"article:modified_time\" content=\"2017-08-04T15:34:10+00:00\" \/>\n<meta property=\"og:image\" content=\"https:\/\/d2p6e6u75xmxt8.cloudfront.net\/5\/2017\/07\/20170709260_091104.jpg\" \/>\n\t<meta property=\"og:image:width\" content=\"1000\" \/>\n\t<meta property=\"og:image:height\" content=\"666\" \/>\n\t<meta property=\"og:image:type\" content=\"image\/jpeg\" \/>\n<meta name=\"author\" content=\"piotrboczkowski\" \/>\n<meta name=\"twitter:card\" content=\"summary_large_image\" \/>\n<meta name=\"twitter:label1\" content=\"Written by\" \/>\n\t<meta name=\"twitter:data1\" content=\"WeLoveCycling\" \/>\n\t<meta name=\"twitter:label2\" content=\"Est. reading time\" \/>\n\t<meta name=\"twitter:data2\" content=\"3 minutes\" \/>\n<script type=\"application\/ld+json\" class=\"yoast-schema-graph\">{\"@context\":\"https:\/\/schema.org\",\"@graph\":[{\"@type\":\"WebPage\",\"@id\":\"https:\/\/www.welovecycling.com\/pl\/2017\/07\/09\/dlugosc-paznokcia-mrugniecie-okiem-niesamowita-wygrana-tour-de-france\/\",\"url\":\"https:\/\/www.welovecycling.com\/pl\/2017\/07\/09\/dlugosc-paznokcia-mrugniecie-okiem-niesamowita-wygrana-tour-de-france\/\",\"name\":\"D\u0142ugo\u015b\u0107 paznokcia czy mrugni\u0119cie okiem\u2026 Niesamowita wygrana w Tour de France! - \u0160koda We Love Cycling - Poland\",\"isPartOf\":{\"@id\":\"https:\/\/www.welovecycling.com\/pl\/#website\"},\"primaryImageOfPage\":{\"@id\":\"https:\/\/www.welovecycling.com\/pl\/2017\/07\/09\/dlugosc-paznokcia-mrugniecie-okiem-niesamowita-wygrana-tour-de-france\/#primaryimage\"},\"image\":{\"@id\":\"https:\/\/www.welovecycling.com\/pl\/2017\/07\/09\/dlugosc-paznokcia-mrugniecie-okiem-niesamowita-wygrana-tour-de-france\/#primaryimage\"},\"thumbnailUrl\":\"https:\/\/d2p6e6u75xmxt8.cloudfront.net\/5\/2017\/07\/20170709260_091104.jpg\",\"datePublished\":\"2017-07-09T11:39:54+00:00\",\"dateModified\":\"2017-08-04T15:34:10+00:00\",\"author\":{\"@id\":\"https:\/\/www.welovecycling.com\/pl\/#\/schema\/person\/0dba2d39da943db9df3fd8f4687e7f23\"},\"breadcrumb\":{\"@id\":\"https:\/\/www.welovecycling.com\/pl\/2017\/07\/09\/dlugosc-paznokcia-mrugniecie-okiem-niesamowita-wygrana-tour-de-france\/#breadcrumb\"},\"inLanguage\":\"pl-PL\",\"potentialAction\":[{\"@type\":\"ReadAction\",\"target\":[\"https:\/\/www.welovecycling.com\/pl\/2017\/07\/09\/dlugosc-paznokcia-mrugniecie-okiem-niesamowita-wygrana-tour-de-france\/\"]}]},{\"@type\":\"ImageObject\",\"inLanguage\":\"pl-PL\",\"@id\":\"https:\/\/www.welovecycling.com\/pl\/2017\/07\/09\/dlugosc-paznokcia-mrugniecie-okiem-niesamowita-wygrana-tour-de-france\/#primaryimage\",\"url\":\"https:\/\/d2p6e6u75xmxt8.cloudfront.net\/5\/2017\/07\/20170709260_091104.jpg\",\"contentUrl\":\"https:\/\/d2p6e6u75xmxt8.cloudfront.net\/5\/2017\/07\/20170709260_091104.jpg\",\"width\":1000,\"height\":666},{\"@type\":\"BreadcrumbList\",\"@id\":\"https:\/\/www.welovecycling.com\/pl\/2017\/07\/09\/dlugosc-paznokcia-mrugniecie-okiem-niesamowita-wygrana-tour-de-france\/#breadcrumb\",\"itemListElement\":[{\"@type\":\"ListItem\",\"position\":1,\"name\":\"Home\",\"item\":\"https:\/\/www.welovecycling.com\/pl\/\"},{\"@type\":\"ListItem\",\"position\":2,\"name\":\"D\u0142ugo\u015b\u0107 paznokcia czy mrugni\u0119cie okiem\u2026 Niesamowita wygrana w Tour de France!\"}]},{\"@type\":\"WebSite\",\"@id\":\"https:\/\/www.welovecycling.com\/pl\/#website\",\"url\":\"https:\/\/www.welovecycling.com\/pl\/\",\"name\":\"\u0160koda We Love Cycling - Poland\",\"description\":\"\",\"potentialAction\":[{\"@type\":\"SearchAction\",\"target\":{\"@type\":\"EntryPoint\",\"urlTemplate\":\"https:\/\/www.welovecycling.com\/pl\/?s={search_term_string}\"},\"query-input\":{\"@type\":\"PropertyValueSpecification\",\"valueRequired\":true,\"valueName\":\"search_term_string\"}}],\"inLanguage\":\"pl-PL\"},{\"@type\":\"Person\",\"@id\":\"https:\/\/www.welovecycling.com\/pl\/#\/schema\/person\/0dba2d39da943db9df3fd8f4687e7f23\",\"name\":\"piotrboczkowski\",\"image\":{\"@type\":\"ImageObject\",\"inLanguage\":\"pl-PL\",\"@id\":\"https:\/\/www.welovecycling.com\/pl\/#\/schema\/person\/image\/\",\"url\":\"https:\/\/secure.gravatar.com\/avatar\/533caccae14752e03a2ce2d3fd62d1b98b93e1393c3195c27819e53344ca1ace?s=96&d=mm&r=g\",\"contentUrl\":\"https:\/\/secure.gravatar.com\/avatar\/533caccae14752e03a2ce2d3fd62d1b98b93e1393c3195c27819e53344ca1ace?s=96&d=mm&r=g\",\"caption\":\"piotrboczkowski\"},\"url\":\"https:\/\/www.welovecycling.com\/pl\/author\/piotrboczkowski\/\"}]}<\/script>\n<!-- \/ Yoast SEO Premium plugin. -->","yoast_head_json":{"title":"D\u0142ugo\u015b\u0107 paznokcia czy mrugni\u0119cie okiem\u2026 Niesamowita wygrana w Tour de France! - \u0160koda We Love Cycling - Poland","robots":{"index":"index","follow":"follow","max-snippet":"max-snippet:-1","max-image-preview":"max-image-preview:large","max-video-preview":"max-video-preview:-1"},"canonical":"https:\/\/www.welovecycling.com\/pl\/2017\/07\/09\/dlugosc-paznokcia-mrugniecie-okiem-niesamowita-wygrana-tour-de-france\/","og_locale":"pl_PL","og_type":"article","og_title":"D\u0142ugo\u015b\u0107 paznokcia czy mrugni\u0119cie okiem\u2026 Niesamowita wygrana w Tour de France!","og_description":"Jednego dnia decyduj\u0105 dos\u0142ownie milimetry, drugiego kapitalna ucieczka \u017c\u00f3\u0142todzioba. W 48 godzin dostali\u015bmy w Tour de France to, co najbardziej [&hellip;]","og_url":"https:\/\/www.welovecycling.com\/pl\/2017\/07\/09\/dlugosc-paznokcia-mrugniecie-okiem-niesamowita-wygrana-tour-de-france\/","og_site_name":"\u0160koda We Love Cycling - Poland","article_published_time":"2017-07-09T11:39:54+00:00","article_modified_time":"2017-08-04T15:34:10+00:00","og_image":[{"width":1000,"height":666,"url":"https:\/\/d2p6e6u75xmxt8.cloudfront.net\/5\/2017\/07\/20170709260_091104.jpg","type":"image\/jpeg"}],"author":"piotrboczkowski","twitter_card":"summary_large_image","twitter_misc":{"Written by":"WeLoveCycling","Est. reading time":"3 minutes"},"schema":{"@context":"https:\/\/schema.org","@graph":[{"@type":"WebPage","@id":"https:\/\/www.welovecycling.com\/pl\/2017\/07\/09\/dlugosc-paznokcia-mrugniecie-okiem-niesamowita-wygrana-tour-de-france\/","url":"https:\/\/www.welovecycling.com\/pl\/2017\/07\/09\/dlugosc-paznokcia-mrugniecie-okiem-niesamowita-wygrana-tour-de-france\/","name":"D\u0142ugo\u015b\u0107 paznokcia czy mrugni\u0119cie okiem\u2026 Niesamowita wygrana w Tour de France! - \u0160koda We Love Cycling - Poland","isPartOf":{"@id":"https:\/\/www.welovecycling.com\/pl\/#website"},"primaryImageOfPage":{"@id":"https:\/\/www.welovecycling.com\/pl\/2017\/07\/09\/dlugosc-paznokcia-mrugniecie-okiem-niesamowita-wygrana-tour-de-france\/#primaryimage"},"image":{"@id":"https:\/\/www.welovecycling.com\/pl\/2017\/07\/09\/dlugosc-paznokcia-mrugniecie-okiem-niesamowita-wygrana-tour-de-france\/#primaryimage"},"thumbnailUrl":"https:\/\/d2p6e6u75xmxt8.cloudfront.net\/5\/2017\/07\/20170709260_091104.jpg","datePublished":"2017-07-09T11:39:54+00:00","dateModified":"2017-08-04T15:34:10+00:00","author":{"@id":"https:\/\/www.welovecycling.com\/pl\/#\/schema\/person\/0dba2d39da943db9df3fd8f4687e7f23"},"breadcrumb":{"@id":"https:\/\/www.welovecycling.com\/pl\/2017\/07\/09\/dlugosc-paznokcia-mrugniecie-okiem-niesamowita-wygrana-tour-de-france\/#breadcrumb"},"inLanguage":"pl-PL","potentialAction":[{"@type":"ReadAction","target":["https:\/\/www.welovecycling.com\/pl\/2017\/07\/09\/dlugosc-paznokcia-mrugniecie-okiem-niesamowita-wygrana-tour-de-france\/"]}]},{"@type":"ImageObject","inLanguage":"pl-PL","@id":"https:\/\/www.welovecycling.com\/pl\/2017\/07\/09\/dlugosc-paznokcia-mrugniecie-okiem-niesamowita-wygrana-tour-de-france\/#primaryimage","url":"https:\/\/d2p6e6u75xmxt8.cloudfront.net\/5\/2017\/07\/20170709260_091104.jpg","contentUrl":"https:\/\/d2p6e6u75xmxt8.cloudfront.net\/5\/2017\/07\/20170709260_091104.jpg","width":1000,"height":666},{"@type":"BreadcrumbList","@id":"https:\/\/www.welovecycling.com\/pl\/2017\/07\/09\/dlugosc-paznokcia-mrugniecie-okiem-niesamowita-wygrana-tour-de-france\/#breadcrumb","itemListElement":[{"@type":"ListItem","position":1,"name":"Home","item":"https:\/\/www.welovecycling.com\/pl\/"},{"@type":"ListItem","position":2,"name":"D\u0142ugo\u015b\u0107 paznokcia czy mrugni\u0119cie okiem\u2026 Niesamowita wygrana w Tour de France!"}]},{"@type":"WebSite","@id":"https:\/\/www.welovecycling.com\/pl\/#website","url":"https:\/\/www.welovecycling.com\/pl\/","name":"\u0160koda We Love Cycling - Poland","description":"","potentialAction":[{"@type":"SearchAction","target":{"@type":"EntryPoint","urlTemplate":"https:\/\/www.welovecycling.com\/pl\/?s={search_term_string}"},"query-input":{"@type":"PropertyValueSpecification","valueRequired":true,"valueName":"search_term_string"}}],"inLanguage":"pl-PL"},{"@type":"Person","@id":"https:\/\/www.welovecycling.com\/pl\/#\/schema\/person\/0dba2d39da943db9df3fd8f4687e7f23","name":"piotrboczkowski","image":{"@type":"ImageObject","inLanguage":"pl-PL","@id":"https:\/\/www.welovecycling.com\/pl\/#\/schema\/person\/image\/","url":"https:\/\/secure.gravatar.com\/avatar\/533caccae14752e03a2ce2d3fd62d1b98b93e1393c3195c27819e53344ca1ace?s=96&d=mm&r=g","contentUrl":"https:\/\/secure.gravatar.com\/avatar\/533caccae14752e03a2ce2d3fd62d1b98b93e1393c3195c27819e53344ca1ace?s=96&d=mm&r=g","caption":"piotrboczkowski"},"url":"https:\/\/www.welovecycling.com\/pl\/author\/piotrboczkowski\/"}]}},"_links":{"self":[{"href":"https:\/\/www.welovecycling.com\/pl\/wp-json\/wp\/v2\/posts\/4449","targetHints":{"allow":["GET"]}}],"collection":[{"href":"https:\/\/www.welovecycling.com\/pl\/wp-json\/wp\/v2\/posts"}],"about":[{"href":"https:\/\/www.welovecycling.com\/pl\/wp-json\/wp\/v2\/types\/post"}],"author":[{"embeddable":true,"href":"https:\/\/www.welovecycling.com\/pl\/wp-json\/wp\/v2\/users\/76"}],"replies":[{"embeddable":true,"href":"https:\/\/www.welovecycling.com\/pl\/wp-json\/wp\/v2\/comments?post=4449"}],"version-history":[{"count":2,"href":"https:\/\/www.welovecycling.com\/pl\/wp-json\/wp\/v2\/posts\/4449\/revisions"}],"predecessor-version":[{"id":4792,"href":"https:\/\/www.welovecycling.com\/pl\/wp-json\/wp\/v2\/posts\/4449\/revisions\/4792"}],"wp:featuredmedia":[{"embeddable":true,"href":"https:\/\/www.welovecycling.com\/pl\/wp-json\/wp\/v2\/media\/4452"}],"wp:attachment":[{"href":"https:\/\/www.welovecycling.com\/pl\/wp-json\/wp\/v2\/media?parent=4449"}],"wp:term":[{"taxonomy":"category","embeddable":true,"href":"https:\/\/www.welovecycling.com\/pl\/wp-json\/wp\/v2\/categories?post=4449"},{"taxonomy":"post_tag","embeddable":true,"href":"https:\/\/www.welovecycling.com\/pl\/wp-json\/wp\/v2\/tags?post=4449"},{"taxonomy":"global-categories","embeddable":true,"href":"https:\/\/www.welovecycling.com\/pl\/wp-json\/wp\/v2\/global-categories?post=4449"}],"curies":[{"name":"wp","href":"https:\/\/api.w.org\/{rel}","templated":true}]}}