{"id":4445,"date":"2017-07-08T11:32:11","date_gmt":"2017-07-08T11:32:11","guid":{"rendered":"https:\/\/www.welovecycling.com\/pl\/?p=4445"},"modified":"2017-08-06T11:17:50","modified_gmt":"2017-08-06T11:17:50","slug":"najwazniejszy-pojazd-tour-de-france-czerwony-superb","status":"publish","type":"post","link":"https:\/\/www.welovecycling.com\/pl\/2017\/07\/08\/najwazniejszy-pojazd-tour-de-france-czerwony-superb\/","title":{"rendered":"Najwa\u017cniejszy pojazd Tour de France \u2013 czerwona  \u0160koda Superb"},"content":{"rendered":"<p><strong>Kierowanie Tour de France jest nie\u0142atwym zadaniem, wymagaj\u0105cym doskona\u0142ej organizacji i sprawnej komunikacji. W samym sercu sieci logistycznej, kontroluj\u0105cej wszystkie aspekty wy\u015bcigu, znajduje si\u0119 Czerwony Samoch\u00f3d \u2013 zmodyfikowane technologicznie mobilne centrum dowodzenia, z kt\u00f3rego dyrektor Tour de France, Christian Prudhomme, kieruje wy\u015bcigiem.<\/strong><br \/>\n<!--more--><\/p>\n<p>Ka\u017cdego ranka Christian Prudhomme, dyrektor Tour de France, zasiada na tylnym siedzeniu specjalnie zmodyfikowanej \u0160KODY Superb. W oczekiwaniu na etap wy\u015bcigu rozgrywany danego dnia rozsiada si\u0119 wygodnie, pomimo swoich 190 cm wzrostu, w przestronnym wn\u0119trzu i cz\u0119stuje si\u0119 napojem z ma\u0142ej lod\u00f3wki stoj\u0105cej obok pulpitu sterowniczego. Kontaktuje si\u0119 przez radio z s\u0119dziami g\u0142\u00f3wnymi, \u0142\u0105czy si\u0119 z central\u0105 wy\u015bcigu. Nast\u0119pnie, gdy wszystko jest na swoim miejscu, daje zielone \u015bwiat\u0142o do rozpocz\u0119cia etapu rozgrywanego danego dnia i prowadzi p\u0119dz\u0105cy peleton.<\/p>\n<p>https:\/\/www.instagram.com\/p\/BHewabqDAIR\/?taken-by=letourdefrance<\/p>\n<p><span style=\"font-weight: 400;\">Nowa generacja \u0160KODY Superb jest przygotowana, by zn\u00f3w <\/span><span style=\"font-weight: 400;\">si\u0119 <\/span><span style=\"font-weight: 400;\">znale\u017a\u0107 w \u015bwiatowym centrum uwagi jako oficjalny Czerwony Samoch\u00f3d w tegorocznym Tour de France. Dzi\u0119ki najbardziej przestrzennemu wn\u0119trzu w swoim segmencie \u0160koda Superb to idealne mobilne centrum dowodzenia do kierowania zawodami.<\/span><\/p>\n<p><span style=\"font-weight: 400;\">Zmodyfikowany samoch\u00f3d dysponuje imponuj\u0105c\u0105 gam\u0105 wyposa\u017cenia technicznego, w tym sze\u015bcioma antenami radiowymi na dachu, kilkoma mikrofonami i czterema kana\u0142ami radiowymi na pulpicie. To st\u0105d Prudhomme b\u0119dzie nadawa\u0107 i odbiera\u0107 polecenia i informacje, organizowa\u0107 ruch drogowy wok\u00f3\u0142 peletonu i pozostawa\u0107 w sta\u0142ym kontakcie z s\u0119dziami g\u0142\u00f3wnymi i innymi samochodami Tour de France.<\/span><\/p>\n<p><span style=\"font-weight: 400;\">To st\u0105d b\u0119dzie on r\u00f3wnie\u017c zabawia\u0107 dygnitarzy, takich jak francuski prezydent, gotowy poda\u0107 im sch\u0142odzonego szampana z minibaru i pokazywa\u0107 panoramiczne widoki poprzez sk\u0142adany szklany dach samochodu.<\/span><\/p>\n<p><span style=\"font-weight: 400;\">A sam Prudhomme m\u00f3wi: \u201eKocham moj\u0105 \u0160KOD\u0118 Superb. To fantastyczny samoch\u00f3d. Gilles Maignan, m\u00f3j kierowca, ma 6\u20192\u2033 wzrostu [190 cm], jak ja, a mog\u0119 usi\u0105\u015b\u0107 z ty\u0142u bardzo wygodnie \u2013 nawet skrzy\u017cowanie n\u00f3g nie stanowi problemu\u201d.<\/span><\/p>\n<p><span style=\"font-weight: 400;\">Jako oficjalny Czerwony Samoch\u00f3d prowadz\u0105cy zawodnik\u00f3w \u0160koda Superb b\u0119dzie widoczna dla milion\u00f3w fan\u00f3w, szczeg\u00f3lnie \u017ce jest to jedyny samoch\u00f3d, kt\u00f3remu wolno przekroczy\u0107 z zawodnikami lini\u0119 mety na ka\u017cdym etapie.<\/span><\/p>\n","protected":false},"excerpt":{"rendered":"<p>Kierowanie Tour de France jest nie\u0142atwym zadaniem, wymagaj\u0105cym doskona\u0142ej organizacji i sprawnej komunikacji. W samym sercu sieci logistycznej, kontroluj\u0105cej wszystkie [&hellip;]<\/p>\n","protected":false},"author":76,"featured_media":4446,"comment_status":"open","ping_status":"open","sticky":false,"template":"","format":"standard","meta":{"footnotes":""},"categories":[1],"tags":[184,77,163],"global-categories":[],"class_list":["post-4445","post","type-post","status-publish","format-standard","has-post-thumbnail","hentry","category-uncategorized","tag-czerwona-skoda-superb","tag-tour-de-france","tag-tour-de-france-2017"],"yoast_head":"<!-- This site is optimized with the Yoast SEO Premium plugin v25.3 (Yoast SEO v25.9) - https:\/\/yoast.com\/wordpress\/plugins\/seo\/ -->\n<title>Najwa\u017cniejszy pojazd Tour de France \u2013 czerwona \u0160koda Superb - \u0160koda We Love Cycling - Poland<\/title>\n<meta name=\"robots\" content=\"index, follow, max-snippet:-1, max-image-preview:large, max-video-preview:-1\" \/>\n<link rel=\"canonical\" href=\"https:\/\/www.welovecycling.com\/pl\/2017\/07\/08\/najwazniejszy-pojazd-tour-de-france-czerwony-superb\/\" \/>\n<meta property=\"og:locale\" content=\"pl_PL\" \/>\n<meta property=\"og:type\" content=\"article\" \/>\n<meta property=\"og:title\" content=\"Najwa\u017cniejszy pojazd Tour de France \u2013 czerwona \u0160koda Superb\" \/>\n<meta property=\"og:description\" content=\"Kierowanie Tour de France jest nie\u0142atwym zadaniem, wymagaj\u0105cym doskona\u0142ej organizacji i sprawnej komunikacji. W samym sercu sieci logistycznej, kontroluj\u0105cej wszystkie [&hellip;]\" \/>\n<meta property=\"og:url\" content=\"https:\/\/www.welovecycling.com\/pl\/2017\/07\/08\/najwazniejszy-pojazd-tour-de-france-czerwony-superb\/\" \/>\n<meta property=\"og:site_name\" content=\"\u0160koda We Love Cycling - Poland\" \/>\n<meta property=\"article:published_time\" content=\"2017-07-08T11:32:11+00:00\" \/>\n<meta property=\"article:modified_time\" content=\"2017-08-06T11:17:50+00:00\" \/>\n<meta property=\"og:image\" content=\"https:\/\/d2p6e6u75xmxt8.cloudfront.net\/5\/2017\/07\/opener1.jpg\" \/>\n\t<meta property=\"og:image:width\" content=\"1375\" \/>\n\t<meta property=\"og:image:height\" content=\"600\" \/>\n\t<meta property=\"og:image:type\" content=\"image\/jpeg\" \/>\n<meta name=\"author\" content=\"piotrboczkowski\" \/>\n<meta name=\"twitter:card\" content=\"summary_large_image\" \/>\n<meta name=\"twitter:label1\" content=\"Written by\" \/>\n\t<meta name=\"twitter:data1\" content=\"WeLoveCycling\" \/>\n\t<meta name=\"twitter:label2\" content=\"Est. reading time\" \/>\n\t<meta name=\"twitter:data2\" content=\"2 minutes\" \/>\n<script type=\"application\/ld+json\" class=\"yoast-schema-graph\">{\"@context\":\"https:\/\/schema.org\",\"@graph\":[{\"@type\":\"WebPage\",\"@id\":\"https:\/\/www.welovecycling.com\/pl\/2017\/07\/08\/najwazniejszy-pojazd-tour-de-france-czerwony-superb\/\",\"url\":\"https:\/\/www.welovecycling.com\/pl\/2017\/07\/08\/najwazniejszy-pojazd-tour-de-france-czerwony-superb\/\",\"name\":\"Najwa\u017cniejszy pojazd Tour de France \u2013 czerwona \u0160koda Superb - \u0160koda We Love Cycling - Poland\",\"isPartOf\":{\"@id\":\"https:\/\/www.welovecycling.com\/pl\/#website\"},\"primaryImageOfPage\":{\"@id\":\"https:\/\/www.welovecycling.com\/pl\/2017\/07\/08\/najwazniejszy-pojazd-tour-de-france-czerwony-superb\/#primaryimage\"},\"image\":{\"@id\":\"https:\/\/www.welovecycling.com\/pl\/2017\/07\/08\/najwazniejszy-pojazd-tour-de-france-czerwony-superb\/#primaryimage\"},\"thumbnailUrl\":\"https:\/\/d2p6e6u75xmxt8.cloudfront.net\/5\/2017\/07\/opener1.jpg\",\"datePublished\":\"2017-07-08T11:32:11+00:00\",\"dateModified\":\"2017-08-06T11:17:50+00:00\",\"author\":{\"@id\":\"https:\/\/www.welovecycling.com\/pl\/#\/schema\/person\/0dba2d39da943db9df3fd8f4687e7f23\"},\"breadcrumb\":{\"@id\":\"https:\/\/www.welovecycling.com\/pl\/2017\/07\/08\/najwazniejszy-pojazd-tour-de-france-czerwony-superb\/#breadcrumb\"},\"inLanguage\":\"pl-PL\",\"potentialAction\":[{\"@type\":\"ReadAction\",\"target\":[\"https:\/\/www.welovecycling.com\/pl\/2017\/07\/08\/najwazniejszy-pojazd-tour-de-france-czerwony-superb\/\"]}]},{\"@type\":\"ImageObject\",\"inLanguage\":\"pl-PL\",\"@id\":\"https:\/\/www.welovecycling.com\/pl\/2017\/07\/08\/najwazniejszy-pojazd-tour-de-france-czerwony-superb\/#primaryimage\",\"url\":\"https:\/\/d2p6e6u75xmxt8.cloudfront.net\/5\/2017\/07\/opener1.jpg\",\"contentUrl\":\"https:\/\/d2p6e6u75xmxt8.cloudfront.net\/5\/2017\/07\/opener1.jpg\",\"width\":1375,\"height\":600},{\"@type\":\"BreadcrumbList\",\"@id\":\"https:\/\/www.welovecycling.com\/pl\/2017\/07\/08\/najwazniejszy-pojazd-tour-de-france-czerwony-superb\/#breadcrumb\",\"itemListElement\":[{\"@type\":\"ListItem\",\"position\":1,\"name\":\"Home\",\"item\":\"https:\/\/www.welovecycling.com\/pl\/\"},{\"@type\":\"ListItem\",\"position\":2,\"name\":\"Najwa\u017cniejszy pojazd Tour de France \u2013 czerwona \u0160koda Superb\"}]},{\"@type\":\"WebSite\",\"@id\":\"https:\/\/www.welovecycling.com\/pl\/#website\",\"url\":\"https:\/\/www.welovecycling.com\/pl\/\",\"name\":\"\u0160koda We Love Cycling - Poland\",\"description\":\"\",\"potentialAction\":[{\"@type\":\"SearchAction\",\"target\":{\"@type\":\"EntryPoint\",\"urlTemplate\":\"https:\/\/www.welovecycling.com\/pl\/?s={search_term_string}\"},\"query-input\":{\"@type\":\"PropertyValueSpecification\",\"valueRequired\":true,\"valueName\":\"search_term_string\"}}],\"inLanguage\":\"pl-PL\"},{\"@type\":\"Person\",\"@id\":\"https:\/\/www.welovecycling.com\/pl\/#\/schema\/person\/0dba2d39da943db9df3fd8f4687e7f23\",\"name\":\"piotrboczkowski\",\"image\":{\"@type\":\"ImageObject\",\"inLanguage\":\"pl-PL\",\"@id\":\"https:\/\/www.welovecycling.com\/pl\/#\/schema\/person\/image\/\",\"url\":\"https:\/\/secure.gravatar.com\/avatar\/533caccae14752e03a2ce2d3fd62d1b98b93e1393c3195c27819e53344ca1ace?s=96&d=mm&r=g\",\"contentUrl\":\"https:\/\/secure.gravatar.com\/avatar\/533caccae14752e03a2ce2d3fd62d1b98b93e1393c3195c27819e53344ca1ace?s=96&d=mm&r=g\",\"caption\":\"piotrboczkowski\"},\"url\":\"https:\/\/www.welovecycling.com\/pl\/author\/piotrboczkowski\/\"}]}<\/script>\n<!-- \/ Yoast SEO Premium plugin. -->","yoast_head_json":{"title":"Najwa\u017cniejszy pojazd Tour de France \u2013 czerwona \u0160koda Superb - \u0160koda We Love Cycling - Poland","robots":{"index":"index","follow":"follow","max-snippet":"max-snippet:-1","max-image-preview":"max-image-preview:large","max-video-preview":"max-video-preview:-1"},"canonical":"https:\/\/www.welovecycling.com\/pl\/2017\/07\/08\/najwazniejszy-pojazd-tour-de-france-czerwony-superb\/","og_locale":"pl_PL","og_type":"article","og_title":"Najwa\u017cniejszy pojazd Tour de France \u2013 czerwona \u0160koda Superb","og_description":"Kierowanie Tour de France jest nie\u0142atwym zadaniem, wymagaj\u0105cym doskona\u0142ej organizacji i sprawnej komunikacji. W samym sercu sieci logistycznej, kontroluj\u0105cej wszystkie [&hellip;]","og_url":"https:\/\/www.welovecycling.com\/pl\/2017\/07\/08\/najwazniejszy-pojazd-tour-de-france-czerwony-superb\/","og_site_name":"\u0160koda We Love Cycling - Poland","article_published_time":"2017-07-08T11:32:11+00:00","article_modified_time":"2017-08-06T11:17:50+00:00","og_image":[{"width":1375,"height":600,"url":"https:\/\/d2p6e6u75xmxt8.cloudfront.net\/5\/2017\/07\/opener1.jpg","type":"image\/jpeg"}],"author":"piotrboczkowski","twitter_card":"summary_large_image","twitter_misc":{"Written by":"WeLoveCycling","Est. reading time":"2 minutes"},"schema":{"@context":"https:\/\/schema.org","@graph":[{"@type":"WebPage","@id":"https:\/\/www.welovecycling.com\/pl\/2017\/07\/08\/najwazniejszy-pojazd-tour-de-france-czerwony-superb\/","url":"https:\/\/www.welovecycling.com\/pl\/2017\/07\/08\/najwazniejszy-pojazd-tour-de-france-czerwony-superb\/","name":"Najwa\u017cniejszy pojazd Tour de France \u2013 czerwona \u0160koda Superb - \u0160koda We Love Cycling - Poland","isPartOf":{"@id":"https:\/\/www.welovecycling.com\/pl\/#website"},"primaryImageOfPage":{"@id":"https:\/\/www.welovecycling.com\/pl\/2017\/07\/08\/najwazniejszy-pojazd-tour-de-france-czerwony-superb\/#primaryimage"},"image":{"@id":"https:\/\/www.welovecycling.com\/pl\/2017\/07\/08\/najwazniejszy-pojazd-tour-de-france-czerwony-superb\/#primaryimage"},"thumbnailUrl":"https:\/\/d2p6e6u75xmxt8.cloudfront.net\/5\/2017\/07\/opener1.jpg","datePublished":"2017-07-08T11:32:11+00:00","dateModified":"2017-08-06T11:17:50+00:00","author":{"@id":"https:\/\/www.welovecycling.com\/pl\/#\/schema\/person\/0dba2d39da943db9df3fd8f4687e7f23"},"breadcrumb":{"@id":"https:\/\/www.welovecycling.com\/pl\/2017\/07\/08\/najwazniejszy-pojazd-tour-de-france-czerwony-superb\/#breadcrumb"},"inLanguage":"pl-PL","potentialAction":[{"@type":"ReadAction","target":["https:\/\/www.welovecycling.com\/pl\/2017\/07\/08\/najwazniejszy-pojazd-tour-de-france-czerwony-superb\/"]}]},{"@type":"ImageObject","inLanguage":"pl-PL","@id":"https:\/\/www.welovecycling.com\/pl\/2017\/07\/08\/najwazniejszy-pojazd-tour-de-france-czerwony-superb\/#primaryimage","url":"https:\/\/d2p6e6u75xmxt8.cloudfront.net\/5\/2017\/07\/opener1.jpg","contentUrl":"https:\/\/d2p6e6u75xmxt8.cloudfront.net\/5\/2017\/07\/opener1.jpg","width":1375,"height":600},{"@type":"BreadcrumbList","@id":"https:\/\/www.welovecycling.com\/pl\/2017\/07\/08\/najwazniejszy-pojazd-tour-de-france-czerwony-superb\/#breadcrumb","itemListElement":[{"@type":"ListItem","position":1,"name":"Home","item":"https:\/\/www.welovecycling.com\/pl\/"},{"@type":"ListItem","position":2,"name":"Najwa\u017cniejszy pojazd Tour de France \u2013 czerwona \u0160koda Superb"}]},{"@type":"WebSite","@id":"https:\/\/www.welovecycling.com\/pl\/#website","url":"https:\/\/www.welovecycling.com\/pl\/","name":"\u0160koda We Love Cycling - Poland","description":"","potentialAction":[{"@type":"SearchAction","target":{"@type":"EntryPoint","urlTemplate":"https:\/\/www.welovecycling.com\/pl\/?s={search_term_string}"},"query-input":{"@type":"PropertyValueSpecification","valueRequired":true,"valueName":"search_term_string"}}],"inLanguage":"pl-PL"},{"@type":"Person","@id":"https:\/\/www.welovecycling.com\/pl\/#\/schema\/person\/0dba2d39da943db9df3fd8f4687e7f23","name":"piotrboczkowski","image":{"@type":"ImageObject","inLanguage":"pl-PL","@id":"https:\/\/www.welovecycling.com\/pl\/#\/schema\/person\/image\/","url":"https:\/\/secure.gravatar.com\/avatar\/533caccae14752e03a2ce2d3fd62d1b98b93e1393c3195c27819e53344ca1ace?s=96&d=mm&r=g","contentUrl":"https:\/\/secure.gravatar.com\/avatar\/533caccae14752e03a2ce2d3fd62d1b98b93e1393c3195c27819e53344ca1ace?s=96&d=mm&r=g","caption":"piotrboczkowski"},"url":"https:\/\/www.welovecycling.com\/pl\/author\/piotrboczkowski\/"}]}},"_links":{"self":[{"href":"https:\/\/www.welovecycling.com\/pl\/wp-json\/wp\/v2\/posts\/4445","targetHints":{"allow":["GET"]}}],"collection":[{"href":"https:\/\/www.welovecycling.com\/pl\/wp-json\/wp\/v2\/posts"}],"about":[{"href":"https:\/\/www.welovecycling.com\/pl\/wp-json\/wp\/v2\/types\/post"}],"author":[{"embeddable":true,"href":"https:\/\/www.welovecycling.com\/pl\/wp-json\/wp\/v2\/users\/76"}],"replies":[{"embeddable":true,"href":"https:\/\/www.welovecycling.com\/pl\/wp-json\/wp\/v2\/comments?post=4445"}],"version-history":[{"count":2,"href":"https:\/\/www.welovecycling.com\/pl\/wp-json\/wp\/v2\/posts\/4445\/revisions"}],"predecessor-version":[{"id":4831,"href":"https:\/\/www.welovecycling.com\/pl\/wp-json\/wp\/v2\/posts\/4445\/revisions\/4831"}],"wp:featuredmedia":[{"embeddable":true,"href":"https:\/\/www.welovecycling.com\/pl\/wp-json\/wp\/v2\/media\/4446"}],"wp:attachment":[{"href":"https:\/\/www.welovecycling.com\/pl\/wp-json\/wp\/v2\/media?parent=4445"}],"wp:term":[{"taxonomy":"category","embeddable":true,"href":"https:\/\/www.welovecycling.com\/pl\/wp-json\/wp\/v2\/categories?post=4445"},{"taxonomy":"post_tag","embeddable":true,"href":"https:\/\/www.welovecycling.com\/pl\/wp-json\/wp\/v2\/tags?post=4445"},{"taxonomy":"global-categories","embeddable":true,"href":"https:\/\/www.welovecycling.com\/pl\/wp-json\/wp\/v2\/global-categories?post=4445"}],"curies":[{"name":"wp","href":"https:\/\/api.w.org\/{rel}","templated":true}]}}