{"id":4432,"date":"2017-07-06T13:57:10","date_gmt":"2017-07-06T13:57:10","guid":{"rendered":"https:\/\/www.welovecycling.com\/pl\/?p=4432"},"modified":"2017-08-06T09:44:26","modified_gmt":"2017-08-06T09:44:26","slug":"coz-nawet-najlepszym-sie-zdarza-wielka-draka-tour-de-france","status":"publish","type":"post","link":"https:\/\/www.welovecycling.com\/pl\/2017\/07\/06\/coz-nawet-najlepszym-sie-zdarza-wielka-draka-tour-de-france\/","title":{"rendered":"C\u00f3\u017c, nawet najlepszym si\u0119 to zdarza. Wielka kraksa na Tour de France!"},"content":{"rendered":"<p>W pi\u0142ce no\u017cnej s\u0105 gole strzelone r\u0119k\u0105, w boksie uderzenia poni\u017cej pasa, a w pi\u0142ce r\u0119cznej szczypanie i ci\u0105gni\u0119cie za w\u0142osy. Sport to rywalizacja, a rywalizacja to emocje. Raz dobre, raz z\u0142e. Nie inaczej jest w kolarstwie, dlatego 4. etap zako\u0144czy\u0142 si\u0119 wielk\u0105 drak\u0105.<\/p>\n<p><span style=\"font-weight: 400;\">Lekarze maj\u0105 na to wyt\u0142umaczenie &#8211; gdy jeste\u015b wyko\u0144czony wysi\u0142kiem fizycznym i gdy dojd\u0105 do tego emocje zwi\u0105zane z rywalizacj\u0105, to w organizmie przestaje by\u0107 wydzielanym hormon odpowiedzialny za racjonalne my\u015blenie. I w\u00f3wczas robisz rzeczy, kt\u00f3rych normalnie by\u015b nie zrobi\u0142, a kt\u00f3rych p\u00f3\u017aniej bardzo \u017ca\u0142ujesz. Tak jak teraz zapewne Peter Sagan.<\/span><\/p>\n<p><b>Bezlito\u015bni s\u0119dziowie<\/b><\/p>\n<p><span style=\"font-weight: 400;\">By\u0142a sama ko\u0144c\u00f3wka 4. etapu. Trwa\u0142 finisz z peletonu, robi\u0142o si\u0119 coraz szybciej i coraz cia\u015bniej. Peter Sagan p\u0119dzi\u0142, ile si\u0142 w nogach, rzuca\u0142 swoim rowerem na lewo i prawo i&#8230; W\u0142a\u015bnie, tu wersje zdarze\u0144 s\u0105 r\u00f3\u017cne.<\/span><\/p>\n<p><span style=\"font-weight: 400;\">Pierwsza m\u00f3wi, \u017ce Sagan bezczelnie, z zimn\u0105 krwi\u0105 wycelowa\u0142 \u0142okciem w Marka Cavendisha i \u00a0spowodowa\u0142 jego upadek, kt\u00f3ry Brytyjczyk zako\u0144czy\u0142 na barierkach oddzielaj\u0105cych kibic\u00f3w od zawodnik\u00f3w.<\/span><\/p>\n<p><span style=\"font-weight: 400;\">Wed\u0142ug drugiej, korzystniejszej dla Sagana wersji, Cavendish pr\u00f3bowa\u0142 wjecha\u0107 w bardzo w\u0105skie miejsce, a S\u0142owak pchn\u0105\u0142 go \u0142okciem. Jednak nie mia\u0142o to wielkiego wp\u0142ywu na kraks\u0119, bo Brytyjczyk ju\u017c wcze\u015bniej straci\u0142 r\u00f3wnowag\u0119 i nawet bez kontaktu z Saganem wypad\u0142by z trasy.<\/span><\/p>\n<p><span style=\"font-weight: 400;\">Obie wersje oczywi\u015bcie obwiniaj\u0105 S\u0142owaka, ale za pierwsz\u0105 grozi\u0142o mu wykluczenie z Tour de France, a za drug\u0105 sroga kary, ale jednak wci\u0105\u017c m\u00f3g\u0142by jecha\u0107 w Wielkiej P\u0119tli. S\u0119dziowie byli jednak bezlito\u015bni i mistrza \u015bwiata w Tour de France ju\u017c nie zobaczymy.<\/span><\/p>\n<p><span style=\"font-weight: 400;\">&#8211; Akceptuj\u0119 t\u0119 decyzj\u0119, ale kompletnie si\u0119 z ni\u0105 nie zgadzam. Nie zrobi\u0142em niczego z\u0142ego. To by\u0142 szalony finisz &#8211; nie pierwszy i nie ostatni. Jestem niepocieszony, poniewa\u017c upad\u0142 Mark Cavendish. Mam nadziej\u0119, \u017ce wkr\u00f3tce wyzdrowieje. To wszystko &#8211; powiedzia\u0142 Sagan dziennikarzom, kt\u00f3rzy &#8211; gdyby by\u0142a taka potrzeba &#8211; pewnie nocowaliby pod hotelem, byle tylko us\u0142ysze\u0107 o\u015bwiadczenie S\u0142owaka.<\/span><\/p>\n<p><span style=\"font-weight: 400;\">Sagan ju\u017c opu\u015bci\u0142 Francj\u0119, podobnie zrobi Cavendish. Brytyjczyk ma z\u0142aman\u0105 \u0142opatk\u0119 i nie wiadomo, czy w tym sezonie w og\u00f3le jeszcze wsi\u0105dzie na rower.<\/span><\/p>\n<p><b>Co m\u00f3wi\u0105 powt\u00f3rki?<\/b><\/p>\n<p><span style=\"font-weight: 400;\">Kibice i \u015brodowisko kolarskie by\u0142o podzielone w ocenie decyzji s\u0119dzi\u00f3w, a najlepszym przyk\u0142adem by\u0142 Andr\u00e9\u00a0Greipel. Najpierw mocno skrytykowa\u0142 Sagana za brutalny atak (&#8222;jest mistrzem \u015bwiata i my\u015bli, \u017ce wszystko mu wolno&#8221;), a nast\u0119pnie go&#8230; przeprosi\u0142.<\/span><\/p>\n<p><span style=\"font-weight: 400;\">&#8211; Nim zabra\u0142em g\u0142os, powinienem by\u0142 zobaczy\u0107 powt\u00f3rk\u0119. Przepraszam Petera Sagana. My\u015bl\u0119, \u017ce decyzja s\u0119dzi\u00f3w jest zbyt surowa &#8211; napisa\u0142 na Twitterze Greipel.<\/span><\/p>\n<p><span style=\"font-weight: 400;\">4. etap wygra\u0142 Arnaud D\u00e9mare, przed Alexandrem Kristoffem i Andr\u00e9\u00a0Greipelem.<\/span><\/p>\n<p><b>Podskokami do mety<\/b><\/p>\n<p><span style=\"font-weight: 400;\">Gdy wszyscy rozprawiali jeszcze o wyrzuceniu Sagana z Tour de France, kolarze wyjechali na 5. etap. <\/span><\/p>\n<p><span style=\"font-weight: 400;\">Ten zako\u0144czy\u0142 si\u0119 niecodziennie jak na tegoroczn\u0105 Wielk\u0105 P\u0119tl\u0119, bo w ko\u0144cu powiod\u0142a si\u0119 ucieczka. Od reszty stawki od\u0142\u0105czy\u0142 si\u0119 Fabio Aru i niemal skacz\u0105c po peda\u0142ach, mkn\u0105\u0142 pod g\u00f3r\u0119. 150 metr\u00f3w przed ko\u0144cem W\u0142och ju\u017c wiedzia\u0142, \u017ce nikt nie jest w stanie go dogoni\u0107, wi\u0119c zapi\u0105\u0142 koszulk\u0119 i dumnie wjecha\u0142 na met\u0119.<\/span><\/p>\n<p><span style=\"font-weight: 400;\">Za Aru byli Daniel Martin i Chris Froome. Rafa\u0142 Majka zaj\u0105\u0142 12. miejsce, Micha\u0142 Kwiatkowski 29., Maciej Bodnar 141., a Pawe\u0142 Polja\u0144ski 156.<\/span><\/p>\n<p><span style=\"font-weight: 400;\">Teraz przed kolarzami dwa d\u0142ugie etapy. Czwartkowy z Vesoul do Troyes (216 km) i pi\u0105tkowy z Troyes do Nuits-Saint-Georges (213,5 km).<\/span><\/p>\n<p><b>Klasyfikacja generalna po 5. etapie:<\/b><\/p>\n<ol>\n<li><span style=\"font-weight: 400;\"> Chris Froome <\/span><\/li>\n<li><span style=\"font-weight: 400;\"> Geraint Thomas<\/span><\/li>\n<li><span style=\"font-weight: 400;\"> Fabio Aru<\/span><\/li>\n<\/ol>\n<p><span style=\"font-weight: 400;\">&#8212;&#8212;-<\/span><\/p>\n<ol start=\"10\">\n<li><span style=\"font-weight: 400;\"> Rafa\u0142 Majka<\/span><\/li>\n<li><span style=\"font-weight: 400;\"> Micha\u0142 Kwiatkowski<\/span><\/li>\n<li><span style=\"font-weight: 400;\"> Maciej Bodnar<\/span><\/li>\n<li><span style=\"font-weight: 400;\"> Pawe\u0142 Polja\u0144ski<\/span><\/li>\n<\/ol>\n<p>&nbsp;<\/p>\n<p>(\u017ar\u00f3d\u0142o zdj\u0119\u0107:\u00a0http:\/\/www.letour.fr\/ \u00a9 ASO\/Alex BROADWAY)<\/p>\n","protected":false},"excerpt":{"rendered":"<p>W pi\u0142ce no\u017cnej s\u0105 gole strzelone r\u0119k\u0105, w boksie uderzenia poni\u017cej pasa, a w pi\u0142ce r\u0119cznej szczypanie i ci\u0105gni\u0119cie za [&hellip;]<\/p>\n","protected":false},"author":76,"featured_media":4433,"comment_status":"open","ping_status":"open","sticky":false,"template":"","format":"standard","meta":{"footnotes":""},"categories":[1],"tags":[158,77,163,82,146],"global-categories":[],"class_list":["post-4432","post","type-post","status-publish","format-standard","has-post-thumbnail","hentry","category-uncategorized","tag-relacja","tag-tour-de-france","tag-tour-de-france-2017","tag-welovecycling","tag-wyscig"],"yoast_head":"<!-- This site is optimized with the Yoast SEO Premium plugin v25.3 (Yoast SEO v25.9) - https:\/\/yoast.com\/wordpress\/plugins\/seo\/ -->\n<title>C\u00f3\u017c, nawet najlepszym si\u0119 to zdarza. Wielka kraksa na Tour de France! - \u0160koda We Love Cycling - Poland<\/title>\n<meta name=\"robots\" content=\"index, follow, max-snippet:-1, max-image-preview:large, max-video-preview:-1\" \/>\n<link rel=\"canonical\" href=\"https:\/\/www.welovecycling.com\/pl\/2017\/07\/06\/coz-nawet-najlepszym-sie-zdarza-wielka-draka-tour-de-france\/\" \/>\n<meta property=\"og:locale\" content=\"pl_PL\" \/>\n<meta property=\"og:type\" content=\"article\" \/>\n<meta property=\"og:title\" content=\"C\u00f3\u017c, nawet najlepszym si\u0119 to zdarza. Wielka kraksa na Tour de France!\" \/>\n<meta property=\"og:description\" content=\"W pi\u0142ce no\u017cnej s\u0105 gole strzelone r\u0119k\u0105, w boksie uderzenia poni\u017cej pasa, a w pi\u0142ce r\u0119cznej szczypanie i ci\u0105gni\u0119cie za [&hellip;]\" \/>\n<meta property=\"og:url\" content=\"https:\/\/www.welovecycling.com\/pl\/2017\/07\/06\/coz-nawet-najlepszym-sie-zdarza-wielka-draka-tour-de-france\/\" \/>\n<meta property=\"og:site_name\" content=\"\u0160koda We Love Cycling - Poland\" \/>\n<meta property=\"article:published_time\" content=\"2017-07-06T13:57:10+00:00\" \/>\n<meta property=\"article:modified_time\" content=\"2017-08-06T09:44:26+00:00\" \/>\n<meta property=\"og:image\" content=\"https:\/\/d2p6e6u75xmxt8.cloudfront.net\/5\/2017\/07\/20170705440_051432.jpg\" \/>\n\t<meta property=\"og:image:width\" content=\"1000\" \/>\n\t<meta property=\"og:image:height\" content=\"666\" \/>\n\t<meta property=\"og:image:type\" content=\"image\/jpeg\" \/>\n<meta name=\"author\" content=\"piotrboczkowski\" \/>\n<meta name=\"twitter:card\" content=\"summary_large_image\" \/>\n<meta name=\"twitter:label1\" content=\"Written by\" \/>\n\t<meta name=\"twitter:data1\" content=\"WeLoveCycling\" \/>\n\t<meta name=\"twitter:label2\" content=\"Est. reading time\" \/>\n\t<meta name=\"twitter:data2\" content=\"3 minutes\" \/>\n<script type=\"application\/ld+json\" class=\"yoast-schema-graph\">{\"@context\":\"https:\/\/schema.org\",\"@graph\":[{\"@type\":\"WebPage\",\"@id\":\"https:\/\/www.welovecycling.com\/pl\/2017\/07\/06\/coz-nawet-najlepszym-sie-zdarza-wielka-draka-tour-de-france\/\",\"url\":\"https:\/\/www.welovecycling.com\/pl\/2017\/07\/06\/coz-nawet-najlepszym-sie-zdarza-wielka-draka-tour-de-france\/\",\"name\":\"C\u00f3\u017c, nawet najlepszym si\u0119 to zdarza. Wielka kraksa na Tour de France! - \u0160koda We Love Cycling - Poland\",\"isPartOf\":{\"@id\":\"https:\/\/www.welovecycling.com\/pl\/#website\"},\"primaryImageOfPage\":{\"@id\":\"https:\/\/www.welovecycling.com\/pl\/2017\/07\/06\/coz-nawet-najlepszym-sie-zdarza-wielka-draka-tour-de-france\/#primaryimage\"},\"image\":{\"@id\":\"https:\/\/www.welovecycling.com\/pl\/2017\/07\/06\/coz-nawet-najlepszym-sie-zdarza-wielka-draka-tour-de-france\/#primaryimage\"},\"thumbnailUrl\":\"https:\/\/d2p6e6u75xmxt8.cloudfront.net\/5\/2017\/07\/20170705440_051432.jpg\",\"datePublished\":\"2017-07-06T13:57:10+00:00\",\"dateModified\":\"2017-08-06T09:44:26+00:00\",\"author\":{\"@id\":\"https:\/\/www.welovecycling.com\/pl\/#\/schema\/person\/0dba2d39da943db9df3fd8f4687e7f23\"},\"breadcrumb\":{\"@id\":\"https:\/\/www.welovecycling.com\/pl\/2017\/07\/06\/coz-nawet-najlepszym-sie-zdarza-wielka-draka-tour-de-france\/#breadcrumb\"},\"inLanguage\":\"pl-PL\",\"potentialAction\":[{\"@type\":\"ReadAction\",\"target\":[\"https:\/\/www.welovecycling.com\/pl\/2017\/07\/06\/coz-nawet-najlepszym-sie-zdarza-wielka-draka-tour-de-france\/\"]}]},{\"@type\":\"ImageObject\",\"inLanguage\":\"pl-PL\",\"@id\":\"https:\/\/www.welovecycling.com\/pl\/2017\/07\/06\/coz-nawet-najlepszym-sie-zdarza-wielka-draka-tour-de-france\/#primaryimage\",\"url\":\"https:\/\/d2p6e6u75xmxt8.cloudfront.net\/5\/2017\/07\/20170705440_051432.jpg\",\"contentUrl\":\"https:\/\/d2p6e6u75xmxt8.cloudfront.net\/5\/2017\/07\/20170705440_051432.jpg\",\"width\":1000,\"height\":666,\"caption\":\"Tour de France 2017 - 05\/07\/2017 - Etape 5 - Vittel \/ La Planche des Belles Filles (160,5 km) - France - Philippe GILBERT (QST), Edvald BOASSEN HAGEN (DDD), Thomas DE GENDT (LTS), Mickael DELAGE (FDJ)Jan BAKELANTS (ALM), Pierre Luc PERICHON (TFO)\"},{\"@type\":\"BreadcrumbList\",\"@id\":\"https:\/\/www.welovecycling.com\/pl\/2017\/07\/06\/coz-nawet-najlepszym-sie-zdarza-wielka-draka-tour-de-france\/#breadcrumb\",\"itemListElement\":[{\"@type\":\"ListItem\",\"position\":1,\"name\":\"Home\",\"item\":\"https:\/\/www.welovecycling.com\/pl\/\"},{\"@type\":\"ListItem\",\"position\":2,\"name\":\"C\u00f3\u017c, nawet najlepszym si\u0119 to zdarza. Wielka kraksa na Tour de France!\"}]},{\"@type\":\"WebSite\",\"@id\":\"https:\/\/www.welovecycling.com\/pl\/#website\",\"url\":\"https:\/\/www.welovecycling.com\/pl\/\",\"name\":\"\u0160koda We Love Cycling - Poland\",\"description\":\"\",\"potentialAction\":[{\"@type\":\"SearchAction\",\"target\":{\"@type\":\"EntryPoint\",\"urlTemplate\":\"https:\/\/www.welovecycling.com\/pl\/?s={search_term_string}\"},\"query-input\":{\"@type\":\"PropertyValueSpecification\",\"valueRequired\":true,\"valueName\":\"search_term_string\"}}],\"inLanguage\":\"pl-PL\"},{\"@type\":\"Person\",\"@id\":\"https:\/\/www.welovecycling.com\/pl\/#\/schema\/person\/0dba2d39da943db9df3fd8f4687e7f23\",\"name\":\"piotrboczkowski\",\"image\":{\"@type\":\"ImageObject\",\"inLanguage\":\"pl-PL\",\"@id\":\"https:\/\/www.welovecycling.com\/pl\/#\/schema\/person\/image\/\",\"url\":\"https:\/\/secure.gravatar.com\/avatar\/533caccae14752e03a2ce2d3fd62d1b98b93e1393c3195c27819e53344ca1ace?s=96&d=mm&r=g\",\"contentUrl\":\"https:\/\/secure.gravatar.com\/avatar\/533caccae14752e03a2ce2d3fd62d1b98b93e1393c3195c27819e53344ca1ace?s=96&d=mm&r=g\",\"caption\":\"piotrboczkowski\"},\"url\":\"https:\/\/www.welovecycling.com\/pl\/author\/piotrboczkowski\/\"}]}<\/script>\n<!-- \/ Yoast SEO Premium plugin. -->","yoast_head_json":{"title":"C\u00f3\u017c, nawet najlepszym si\u0119 to zdarza. Wielka kraksa na Tour de France! - \u0160koda We Love Cycling - Poland","robots":{"index":"index","follow":"follow","max-snippet":"max-snippet:-1","max-image-preview":"max-image-preview:large","max-video-preview":"max-video-preview:-1"},"canonical":"https:\/\/www.welovecycling.com\/pl\/2017\/07\/06\/coz-nawet-najlepszym-sie-zdarza-wielka-draka-tour-de-france\/","og_locale":"pl_PL","og_type":"article","og_title":"C\u00f3\u017c, nawet najlepszym si\u0119 to zdarza. Wielka kraksa na Tour de France!","og_description":"W pi\u0142ce no\u017cnej s\u0105 gole strzelone r\u0119k\u0105, w boksie uderzenia poni\u017cej pasa, a w pi\u0142ce r\u0119cznej szczypanie i ci\u0105gni\u0119cie za [&hellip;]","og_url":"https:\/\/www.welovecycling.com\/pl\/2017\/07\/06\/coz-nawet-najlepszym-sie-zdarza-wielka-draka-tour-de-france\/","og_site_name":"\u0160koda We Love Cycling - Poland","article_published_time":"2017-07-06T13:57:10+00:00","article_modified_time":"2017-08-06T09:44:26+00:00","og_image":[{"width":1000,"height":666,"url":"https:\/\/d2p6e6u75xmxt8.cloudfront.net\/5\/2017\/07\/20170705440_051432.jpg","type":"image\/jpeg"}],"author":"piotrboczkowski","twitter_card":"summary_large_image","twitter_misc":{"Written by":"WeLoveCycling","Est. reading time":"3 minutes"},"schema":{"@context":"https:\/\/schema.org","@graph":[{"@type":"WebPage","@id":"https:\/\/www.welovecycling.com\/pl\/2017\/07\/06\/coz-nawet-najlepszym-sie-zdarza-wielka-draka-tour-de-france\/","url":"https:\/\/www.welovecycling.com\/pl\/2017\/07\/06\/coz-nawet-najlepszym-sie-zdarza-wielka-draka-tour-de-france\/","name":"C\u00f3\u017c, nawet najlepszym si\u0119 to zdarza. Wielka kraksa na Tour de France! - \u0160koda We Love Cycling - Poland","isPartOf":{"@id":"https:\/\/www.welovecycling.com\/pl\/#website"},"primaryImageOfPage":{"@id":"https:\/\/www.welovecycling.com\/pl\/2017\/07\/06\/coz-nawet-najlepszym-sie-zdarza-wielka-draka-tour-de-france\/#primaryimage"},"image":{"@id":"https:\/\/www.welovecycling.com\/pl\/2017\/07\/06\/coz-nawet-najlepszym-sie-zdarza-wielka-draka-tour-de-france\/#primaryimage"},"thumbnailUrl":"https:\/\/d2p6e6u75xmxt8.cloudfront.net\/5\/2017\/07\/20170705440_051432.jpg","datePublished":"2017-07-06T13:57:10+00:00","dateModified":"2017-08-06T09:44:26+00:00","author":{"@id":"https:\/\/www.welovecycling.com\/pl\/#\/schema\/person\/0dba2d39da943db9df3fd8f4687e7f23"},"breadcrumb":{"@id":"https:\/\/www.welovecycling.com\/pl\/2017\/07\/06\/coz-nawet-najlepszym-sie-zdarza-wielka-draka-tour-de-france\/#breadcrumb"},"inLanguage":"pl-PL","potentialAction":[{"@type":"ReadAction","target":["https:\/\/www.welovecycling.com\/pl\/2017\/07\/06\/coz-nawet-najlepszym-sie-zdarza-wielka-draka-tour-de-france\/"]}]},{"@type":"ImageObject","inLanguage":"pl-PL","@id":"https:\/\/www.welovecycling.com\/pl\/2017\/07\/06\/coz-nawet-najlepszym-sie-zdarza-wielka-draka-tour-de-france\/#primaryimage","url":"https:\/\/d2p6e6u75xmxt8.cloudfront.net\/5\/2017\/07\/20170705440_051432.jpg","contentUrl":"https:\/\/d2p6e6u75xmxt8.cloudfront.net\/5\/2017\/07\/20170705440_051432.jpg","width":1000,"height":666,"caption":"Tour de France 2017 - 05\/07\/2017 - Etape 5 - Vittel \/ La Planche des Belles Filles (160,5 km) - France - Philippe GILBERT (QST), Edvald BOASSEN HAGEN (DDD), Thomas DE GENDT (LTS), Mickael DELAGE (FDJ)Jan BAKELANTS (ALM), Pierre Luc PERICHON (TFO)"},{"@type":"BreadcrumbList","@id":"https:\/\/www.welovecycling.com\/pl\/2017\/07\/06\/coz-nawet-najlepszym-sie-zdarza-wielka-draka-tour-de-france\/#breadcrumb","itemListElement":[{"@type":"ListItem","position":1,"name":"Home","item":"https:\/\/www.welovecycling.com\/pl\/"},{"@type":"ListItem","position":2,"name":"C\u00f3\u017c, nawet najlepszym si\u0119 to zdarza. Wielka kraksa na Tour de France!"}]},{"@type":"WebSite","@id":"https:\/\/www.welovecycling.com\/pl\/#website","url":"https:\/\/www.welovecycling.com\/pl\/","name":"\u0160koda We Love Cycling - Poland","description":"","potentialAction":[{"@type":"SearchAction","target":{"@type":"EntryPoint","urlTemplate":"https:\/\/www.welovecycling.com\/pl\/?s={search_term_string}"},"query-input":{"@type":"PropertyValueSpecification","valueRequired":true,"valueName":"search_term_string"}}],"inLanguage":"pl-PL"},{"@type":"Person","@id":"https:\/\/www.welovecycling.com\/pl\/#\/schema\/person\/0dba2d39da943db9df3fd8f4687e7f23","name":"piotrboczkowski","image":{"@type":"ImageObject","inLanguage":"pl-PL","@id":"https:\/\/www.welovecycling.com\/pl\/#\/schema\/person\/image\/","url":"https:\/\/secure.gravatar.com\/avatar\/533caccae14752e03a2ce2d3fd62d1b98b93e1393c3195c27819e53344ca1ace?s=96&d=mm&r=g","contentUrl":"https:\/\/secure.gravatar.com\/avatar\/533caccae14752e03a2ce2d3fd62d1b98b93e1393c3195c27819e53344ca1ace?s=96&d=mm&r=g","caption":"piotrboczkowski"},"url":"https:\/\/www.welovecycling.com\/pl\/author\/piotrboczkowski\/"}]}},"_links":{"self":[{"href":"https:\/\/www.welovecycling.com\/pl\/wp-json\/wp\/v2\/posts\/4432","targetHints":{"allow":["GET"]}}],"collection":[{"href":"https:\/\/www.welovecycling.com\/pl\/wp-json\/wp\/v2\/posts"}],"about":[{"href":"https:\/\/www.welovecycling.com\/pl\/wp-json\/wp\/v2\/types\/post"}],"author":[{"embeddable":true,"href":"https:\/\/www.welovecycling.com\/pl\/wp-json\/wp\/v2\/users\/76"}],"replies":[{"embeddable":true,"href":"https:\/\/www.welovecycling.com\/pl\/wp-json\/wp\/v2\/comments?post=4432"}],"version-history":[{"count":2,"href":"https:\/\/www.welovecycling.com\/pl\/wp-json\/wp\/v2\/posts\/4432\/revisions"}],"predecessor-version":[{"id":4822,"href":"https:\/\/www.welovecycling.com\/pl\/wp-json\/wp\/v2\/posts\/4432\/revisions\/4822"}],"wp:featuredmedia":[{"embeddable":true,"href":"https:\/\/www.welovecycling.com\/pl\/wp-json\/wp\/v2\/media\/4433"}],"wp:attachment":[{"href":"https:\/\/www.welovecycling.com\/pl\/wp-json\/wp\/v2\/media?parent=4432"}],"wp:term":[{"taxonomy":"category","embeddable":true,"href":"https:\/\/www.welovecycling.com\/pl\/wp-json\/wp\/v2\/categories?post=4432"},{"taxonomy":"post_tag","embeddable":true,"href":"https:\/\/www.welovecycling.com\/pl\/wp-json\/wp\/v2\/tags?post=4432"},{"taxonomy":"global-categories","embeddable":true,"href":"https:\/\/www.welovecycling.com\/pl\/wp-json\/wp\/v2\/global-categories?post=4432"}],"curies":[{"name":"wp","href":"https:\/\/api.w.org\/{rel}","templated":true}]}}