{"id":4414,"date":"2017-07-05T20:49:57","date_gmt":"2017-07-05T20:49:57","guid":{"rendered":"https:\/\/www.welovecycling.com\/pl\/?p=4414"},"modified":"2017-08-06T09:32:24","modified_gmt":"2017-08-06T09:32:24","slug":"ciekawe-etapy-tdf-2017","status":"publish","type":"post","link":"https:\/\/www.welovecycling.com\/pl\/2017\/07\/05\/ciekawe-etapy-tdf-2017\/","title":{"rendered":"Ciekawe etapy: Tour de France 2017"},"content":{"rendered":"<p><strong>Christian Prudhomme wymarzy\u0142 sobie tegoroczny Tour de France jako \u201ebardziej otwarty, mniej kontrolowany wy\u015bcig, kt\u00f3rego celem ma by\u0107 ponowne odkrycie kolarstwa w duchu pi\u0119ciokrotnego zwyci\u0119zcy Bernarda Hinaulta\u201d. Przyjrzyjmy si\u0119 bli\u017cej kilku z bardziej interesuj\u0105cych etap\u00f3w.<\/strong><br \/>\n<!--more--><\/p>\n<h2><b>Etap 1. D\u00fcsseldorf 13,8 km (jazda indywidualna na czas)<\/b><\/h2>\n<p><span style=\"font-weight: 400;\">Tegoroczny wy\u015bcig nie oferuje zbyt wiele zwolennikom jazdy na czas \u2013 jedyne 36 km \u0142\u0105cznie i dwa etapy (ten i w Marsylii). To ciekawe, \u017ce po raz pierwszy od 2013 roku wy\u015bcig otwiera w\u0142a\u015bnie jazda indywidualna na czas.<\/span><\/p>\n<p><a href=\"https:\/\/d2p6e6u75xmxt8.cloudfront.net\/5\/2017\/07\/CARTE.jpg\"><img loading=\"lazy\" decoding=\"async\" class=\"alignnone size-full wp-image-4415\" src=\"https:\/\/d2p6e6u75xmxt8.cloudfront.net\/5\/2017\/07\/CARTE.jpg\" alt=\"\" width=\"600\" height=\"426\" srcset=\"https:\/\/d2p6e6u75xmxt8.cloudfront.net\/5\/2017\/07\/CARTE.jpg 600w, https:\/\/d2p6e6u75xmxt8.cloudfront.net\/5\/2017\/07\/CARTE-300x213.jpg 300w\" sizes=\"auto, (max-width: 600px) 100vw, 600px\" \/><\/a><\/p>\n<p><span style=\"font-weight: 400;\">Froome stwierdzi\u0142, \u017ce tegoroczny Tour de France b\u0119dzie wy\u015bcigiem, \u201ekt\u00f3ry wygrywa lub przegrywa si\u0119 w g\u00f3rach\u201d. Ten etap mo\u017ce by\u0107 dla niego zach\u0119t\u0105 do zdominowania rywali, zaci\u015bni\u0119cia z\u0119b\u00f3w i za\u0142o\u017cenia \u017c\u00f3\u0142tej koszulki ju\u017c na samym pocz\u0105tku.<\/span><\/p>\n<h2><b>Etap 2. D\u00fcsseldorf \u2013 Li\u00e8ge 202 km<\/b><\/h2>\n<p><span style=\"font-weight: 400;\">Wszyscy trzymaj\u0105 kciuki za start Marka Cavendisha w tegorocznym Tour de France. Brakuje mu tylko 4 wygranych etap\u00f3w do rekordu Eddy\u2019ego Merckxa (34), a 9 tegorocznych odcink\u00f3w wydaje si\u0119 tylko czeka\u0107 na to, a\u017c je wygra.<\/span><\/p>\n<p><a href=\"https:\/\/d2p6e6u75xmxt8.cloudfront.net\/5\/2017\/07\/CARTE-1.jpg\"><img loading=\"lazy\" decoding=\"async\" class=\"alignnone size-full wp-image-4417\" src=\"https:\/\/d2p6e6u75xmxt8.cloudfront.net\/5\/2017\/07\/CARTE-1.jpg\" alt=\"\" width=\"600\" height=\"426\" srcset=\"https:\/\/d2p6e6u75xmxt8.cloudfront.net\/5\/2017\/07\/CARTE-1.jpg 600w, https:\/\/d2p6e6u75xmxt8.cloudfront.net\/5\/2017\/07\/CARTE-1-300x213.jpg 300w\" sizes=\"auto, (max-width: 600px) 100vw, 600px\" \/><\/a><\/p>\n<p><span style=\"font-weight: 400;\">Li\u00e8ge to pierwsza z tych okazji. By\u0142 to\u00a0\u201ewiosenny klasyk\u201d ze sprintem grupowym na koniec, a bardzo podobnie powinien wygl\u0105da\u0107 etap 3., kt\u00f3ry ko\u0144czy si\u0119 w Longwy.<\/span><\/p>\n<h2><b>Etap 12. Pau \u2013 Peyragudes 214 km (finisz na podje\u017adzie)<\/b><\/h2>\n<p><span style=\"font-weight: 400;\">Mimo \u017ce ko\u0144cowy podjazd do Peyragudes nie jest tak s\u0142ynny jak Col du Tourmalet czy Col d\u2019Aubisque, to poprzedza go ponad 200 km wyczynowej jazdy. Podczas tego epickiego etapu peleton b\u0119dzie musia\u0142 pokona\u0107 5 sklasyfikowanych podjazd\u00f3w.<\/span><\/p>\n<p><a href=\"https:\/\/d2p6e6u75xmxt8.cloudfront.net\/5\/2017\/07\/PROFIL-1.png\"><img loading=\"lazy\" decoding=\"async\" class=\"alignnone size-full wp-image-4419\" src=\"https:\/\/d2p6e6u75xmxt8.cloudfront.net\/5\/2017\/07\/PROFIL-1.png\" alt=\"\" width=\"600\" height=\"324\" srcset=\"https:\/\/d2p6e6u75xmxt8.cloudfront.net\/5\/2017\/07\/PROFIL-1.png 600w, https:\/\/d2p6e6u75xmxt8.cloudfront.net\/5\/2017\/07\/PROFIL-1-300x162.png 300w\" sizes=\"auto, (max-width: 600px) 100vw, 600px\" \/><\/a><\/p>\n<p><span style=\"font-weight: 400;\">Wiemy, jak dobrze Froome radzi sobie w takich warunkach po jego druzgoc\u0105co skutecznym ataku podczas zjazdu z Peyresourde w 2016 roku \u2013 je\u015bli rywalom nie uda si\u0119 nad\u0105\u017cy\u0107, to mo\u017ce by\u0107 punkt zwrotny wy\u015bcigu o \u017c\u00f3\u0142t\u0105 koszulk\u0119.<\/span><\/p>\n<h2><b>Etap 17. La Mure \u2013 Serre Chevalier 183 km<\/b><\/h2>\n<p><span style=\"font-weight: 400;\">Powr\u00f3t wy\u015bcigu do Alp rozpocznie si\u0119 od tego wyczerpuj\u0105cego etapu przechodz\u0105cego przez prze\u0142\u0119cz Galibier. W 2015 roku lawiny doprowadzi\u0142y do przesuni\u0119cia finiszu z Galibier do Col de la Croix de Fer, kt\u00f3ra b\u0119dzie te\u017c cz\u0119\u015bci\u0105 tegorocznej trasy.<\/span><\/p>\n<p><a href=\"https:\/\/d2p6e6u75xmxt8.cloudfront.net\/5\/2017\/07\/PROFIL-2.png\"><img loading=\"lazy\" decoding=\"async\" class=\"alignnone size-full wp-image-4421\" src=\"https:\/\/d2p6e6u75xmxt8.cloudfront.net\/5\/2017\/07\/PROFIL-2.png\" alt=\"\" width=\"600\" height=\"324\" srcset=\"https:\/\/d2p6e6u75xmxt8.cloudfront.net\/5\/2017\/07\/PROFIL-2.png 600w, https:\/\/d2p6e6u75xmxt8.cloudfront.net\/5\/2017\/07\/PROFIL-2-300x162.png 300w\" sizes=\"auto, (max-width: 600px) 100vw, 600px\" \/><\/a><\/p>\n<p><span style=\"font-weight: 400;\">Ten, kto b\u0119dzie prowadzi\u0142 po podje\u017adzie na Galibier, otrzyma Souvenir Henri Desgrange, wyr\u00f3\u017cnienie za dotarcie na najwy\u017cszy punkt wy\u015bcigu przed konkurentami.<\/span><\/p>\n<h2><b>Etap 20. Marsylia 23 km (jazda indywidualna na czas)<\/b><\/h2>\n<p><span style=\"font-weight: 400;\">Przedostatni etap jest wystarczaj\u0105co dziwny, by wprowadzi\u0107 zamieszanie w ostatniej chwili. Zdarza\u0142o si\u0119 ju\u017c, \u017ce jazda na czas bezpo\u015brednio poprzedza\u0142a ostatni etap ko\u0144cz\u0105cy si\u0119 w Pary\u017cu, ale tutaj w gr\u0119 wchodzi jeszcze podjazd pod Notre-Dame de la Garde (1,2 km, 9,5%) \u2013 lepiej trzymajcie kciuki za to, \u017ceby Waszemu faworytowi zosta\u0142o w baku sporo paliwa.<\/span><\/p>\n<p><a href=\"https:\/\/d2p6e6u75xmxt8.cloudfront.net\/5\/2017\/07\/CARTE-2.jpg\"><img loading=\"lazy\" decoding=\"async\" class=\"alignnone size-full wp-image-4423\" src=\"https:\/\/d2p6e6u75xmxt8.cloudfront.net\/5\/2017\/07\/CARTE-2.jpg\" alt=\"\" width=\"600\" height=\"426\" srcset=\"https:\/\/d2p6e6u75xmxt8.cloudfront.net\/5\/2017\/07\/CARTE-2.jpg 600w, https:\/\/d2p6e6u75xmxt8.cloudfront.net\/5\/2017\/07\/CARTE-2-300x213.jpg 300w\" sizes=\"auto, (max-width: 600px) 100vw, 600px\" \/><\/a><\/p>\n<p><span style=\"font-weight: 400;\">Na tym etapie zawodnicy b\u0119d\u0105 musieli pokona\u0107 psychologiczn\u0105 barier\u0119. Zw\u0142aszcza Froome, kt\u00f3remu przynajmniej raz zdarzy\u0142o si\u0119 ju\u017c wykorzysta\u0107 za du\u017co energii. Kto da tutaj plam\u0119, przegra wy\u015bcig.<\/span><\/p>\n<p><a href=\"https:\/\/www.welovecycling.com\/pl\/tour-de-france-2017\/#personality-test\"><img loading=\"lazy\" decoding=\"async\" class=\"alignnone wp-image-4428 \" src=\"https:\/\/d2p6e6u75xmxt8.cloudfront.net\/5\/2017\/07\/Tdf-fb-share-family-1024x536.jpg\" alt=\"\" width=\"527\" height=\"276\" srcset=\"https:\/\/d2p6e6u75xmxt8.cloudfront.net\/5\/2017\/07\/Tdf-fb-share-family-1024x536.jpg 1024w, https:\/\/d2p6e6u75xmxt8.cloudfront.net\/5\/2017\/07\/Tdf-fb-share-family-300x157.jpg 300w, https:\/\/d2p6e6u75xmxt8.cloudfront.net\/5\/2017\/07\/Tdf-fb-share-family-768x402.jpg 768w, https:\/\/d2p6e6u75xmxt8.cloudfront.net\/5\/2017\/07\/Tdf-fb-share-family.jpg 1200w\" sizes=\"auto, (max-width: 527px) 100vw, 527px\" \/><\/a><\/p>\n","protected":false},"excerpt":{"rendered":"<p>Christian Prudhomme wymarzy\u0142 sobie tegoroczny Tour de France jako \u201ebardziej otwarty, mniej kontrolowany wy\u015bcig, kt\u00f3rego celem ma by\u0107 ponowne odkrycie [&hellip;]<\/p>\n","protected":false},"author":76,"featured_media":4427,"comment_status":"open","ping_status":"open","sticky":false,"template":"","format":"standard","meta":{"footnotes":""},"categories":[1],"tags":[77,163,181,146],"global-categories":[],"class_list":["post-4414","post","type-post","status-publish","format-standard","has-post-thumbnail","hentry","category-uncategorized","tag-tour-de-france","tag-tour-de-france-2017","tag-trasa-tour-de-france","tag-wyscig"],"yoast_head":"<!-- This site is optimized with the Yoast SEO Premium plugin v25.3 (Yoast SEO v25.9) - https:\/\/yoast.com\/wordpress\/plugins\/seo\/ -->\n<title>Ciekawe etapy: Tour de France 2017 - \u0160koda We Love Cycling - Poland<\/title>\n<meta name=\"robots\" content=\"index, follow, max-snippet:-1, max-image-preview:large, max-video-preview:-1\" \/>\n<link rel=\"canonical\" href=\"https:\/\/www.welovecycling.com\/pl\/2017\/07\/05\/ciekawe-etapy-tdf-2017\/\" \/>\n<meta property=\"og:locale\" content=\"pl_PL\" \/>\n<meta property=\"og:type\" content=\"article\" \/>\n<meta property=\"og:title\" content=\"Ciekawe etapy: Tour de France 2017\" \/>\n<meta property=\"og:description\" content=\"Christian Prudhomme wymarzy\u0142 sobie tegoroczny Tour de France jako \u201ebardziej otwarty, mniej kontrolowany wy\u015bcig, kt\u00f3rego celem ma by\u0107 ponowne odkrycie [&hellip;]\" \/>\n<meta property=\"og:url\" content=\"https:\/\/www.welovecycling.com\/pl\/2017\/07\/05\/ciekawe-etapy-tdf-2017\/\" \/>\n<meta property=\"og:site_name\" content=\"\u0160koda We Love Cycling - Poland\" \/>\n<meta property=\"article:published_time\" content=\"2017-07-05T20:49:57+00:00\" \/>\n<meta property=\"article:modified_time\" content=\"2017-08-06T09:32:24+00:00\" \/>\n<meta property=\"og:image\" content=\"https:\/\/d2p6e6u75xmxt8.cloudfront.net\/5\/2017\/07\/profimedia-0293210673-1-e1499287603263.jpg\" \/>\n\t<meta property=\"og:image:width\" content=\"1000\" \/>\n\t<meta property=\"og:image:height\" content=\"436\" \/>\n\t<meta property=\"og:image:type\" content=\"image\/jpeg\" \/>\n<meta name=\"author\" content=\"piotrboczkowski\" \/>\n<meta name=\"twitter:card\" content=\"summary_large_image\" \/>\n<meta name=\"twitter:label1\" content=\"Written by\" \/>\n\t<meta name=\"twitter:data1\" content=\"WeLoveCycling\" \/>\n\t<meta name=\"twitter:label2\" content=\"Est. reading time\" \/>\n\t<meta name=\"twitter:data2\" content=\"2 minutes\" \/>\n<script type=\"application\/ld+json\" class=\"yoast-schema-graph\">{\"@context\":\"https:\/\/schema.org\",\"@graph\":[{\"@type\":\"WebPage\",\"@id\":\"https:\/\/www.welovecycling.com\/pl\/2017\/07\/05\/ciekawe-etapy-tdf-2017\/\",\"url\":\"https:\/\/www.welovecycling.com\/pl\/2017\/07\/05\/ciekawe-etapy-tdf-2017\/\",\"name\":\"Ciekawe etapy: Tour de France 2017 - \u0160koda We Love Cycling - Poland\",\"isPartOf\":{\"@id\":\"https:\/\/www.welovecycling.com\/pl\/#website\"},\"primaryImageOfPage\":{\"@id\":\"https:\/\/www.welovecycling.com\/pl\/2017\/07\/05\/ciekawe-etapy-tdf-2017\/#primaryimage\"},\"image\":{\"@id\":\"https:\/\/www.welovecycling.com\/pl\/2017\/07\/05\/ciekawe-etapy-tdf-2017\/#primaryimage\"},\"thumbnailUrl\":\"https:\/\/d2p6e6u75xmxt8.cloudfront.net\/5\/2017\/07\/profimedia-0293210673-1-e1499287603263.jpg\",\"datePublished\":\"2017-07-05T20:49:57+00:00\",\"dateModified\":\"2017-08-06T09:32:24+00:00\",\"author\":{\"@id\":\"https:\/\/www.welovecycling.com\/pl\/#\/schema\/person\/0dba2d39da943db9df3fd8f4687e7f23\"},\"breadcrumb\":{\"@id\":\"https:\/\/www.welovecycling.com\/pl\/2017\/07\/05\/ciekawe-etapy-tdf-2017\/#breadcrumb\"},\"inLanguage\":\"pl-PL\",\"potentialAction\":[{\"@type\":\"ReadAction\",\"target\":[\"https:\/\/www.welovecycling.com\/pl\/2017\/07\/05\/ciekawe-etapy-tdf-2017\/\"]}]},{\"@type\":\"ImageObject\",\"inLanguage\":\"pl-PL\",\"@id\":\"https:\/\/www.welovecycling.com\/pl\/2017\/07\/05\/ciekawe-etapy-tdf-2017\/#primaryimage\",\"url\":\"https:\/\/d2p6e6u75xmxt8.cloudfront.net\/5\/2017\/07\/profimedia-0293210673-1-e1499287603263.jpg\",\"contentUrl\":\"https:\/\/d2p6e6u75xmxt8.cloudfront.net\/5\/2017\/07\/profimedia-0293210673-1-e1499287603263.jpg\",\"width\":1000,\"height\":436},{\"@type\":\"BreadcrumbList\",\"@id\":\"https:\/\/www.welovecycling.com\/pl\/2017\/07\/05\/ciekawe-etapy-tdf-2017\/#breadcrumb\",\"itemListElement\":[{\"@type\":\"ListItem\",\"position\":1,\"name\":\"Home\",\"item\":\"https:\/\/www.welovecycling.com\/pl\/\"},{\"@type\":\"ListItem\",\"position\":2,\"name\":\"Ciekawe etapy: Tour de France 2017\"}]},{\"@type\":\"WebSite\",\"@id\":\"https:\/\/www.welovecycling.com\/pl\/#website\",\"url\":\"https:\/\/www.welovecycling.com\/pl\/\",\"name\":\"\u0160koda We Love Cycling - Poland\",\"description\":\"\",\"potentialAction\":[{\"@type\":\"SearchAction\",\"target\":{\"@type\":\"EntryPoint\",\"urlTemplate\":\"https:\/\/www.welovecycling.com\/pl\/?s={search_term_string}\"},\"query-input\":{\"@type\":\"PropertyValueSpecification\",\"valueRequired\":true,\"valueName\":\"search_term_string\"}}],\"inLanguage\":\"pl-PL\"},{\"@type\":\"Person\",\"@id\":\"https:\/\/www.welovecycling.com\/pl\/#\/schema\/person\/0dba2d39da943db9df3fd8f4687e7f23\",\"name\":\"piotrboczkowski\",\"image\":{\"@type\":\"ImageObject\",\"inLanguage\":\"pl-PL\",\"@id\":\"https:\/\/www.welovecycling.com\/pl\/#\/schema\/person\/image\/\",\"url\":\"https:\/\/secure.gravatar.com\/avatar\/533caccae14752e03a2ce2d3fd62d1b98b93e1393c3195c27819e53344ca1ace?s=96&d=mm&r=g\",\"contentUrl\":\"https:\/\/secure.gravatar.com\/avatar\/533caccae14752e03a2ce2d3fd62d1b98b93e1393c3195c27819e53344ca1ace?s=96&d=mm&r=g\",\"caption\":\"piotrboczkowski\"},\"url\":\"https:\/\/www.welovecycling.com\/pl\/author\/piotrboczkowski\/\"}]}<\/script>\n<!-- \/ Yoast SEO Premium plugin. -->","yoast_head_json":{"title":"Ciekawe etapy: Tour de France 2017 - \u0160koda We Love Cycling - Poland","robots":{"index":"index","follow":"follow","max-snippet":"max-snippet:-1","max-image-preview":"max-image-preview:large","max-video-preview":"max-video-preview:-1"},"canonical":"https:\/\/www.welovecycling.com\/pl\/2017\/07\/05\/ciekawe-etapy-tdf-2017\/","og_locale":"pl_PL","og_type":"article","og_title":"Ciekawe etapy: Tour de France 2017","og_description":"Christian Prudhomme wymarzy\u0142 sobie tegoroczny Tour de France jako \u201ebardziej otwarty, mniej kontrolowany wy\u015bcig, kt\u00f3rego celem ma by\u0107 ponowne odkrycie [&hellip;]","og_url":"https:\/\/www.welovecycling.com\/pl\/2017\/07\/05\/ciekawe-etapy-tdf-2017\/","og_site_name":"\u0160koda We Love Cycling - Poland","article_published_time":"2017-07-05T20:49:57+00:00","article_modified_time":"2017-08-06T09:32:24+00:00","og_image":[{"width":1000,"height":436,"url":"https:\/\/d2p6e6u75xmxt8.cloudfront.net\/5\/2017\/07\/profimedia-0293210673-1-e1499287603263.jpg","type":"image\/jpeg"}],"author":"piotrboczkowski","twitter_card":"summary_large_image","twitter_misc":{"Written by":"WeLoveCycling","Est. reading time":"2 minutes"},"schema":{"@context":"https:\/\/schema.org","@graph":[{"@type":"WebPage","@id":"https:\/\/www.welovecycling.com\/pl\/2017\/07\/05\/ciekawe-etapy-tdf-2017\/","url":"https:\/\/www.welovecycling.com\/pl\/2017\/07\/05\/ciekawe-etapy-tdf-2017\/","name":"Ciekawe etapy: Tour de France 2017 - \u0160koda We Love Cycling - Poland","isPartOf":{"@id":"https:\/\/www.welovecycling.com\/pl\/#website"},"primaryImageOfPage":{"@id":"https:\/\/www.welovecycling.com\/pl\/2017\/07\/05\/ciekawe-etapy-tdf-2017\/#primaryimage"},"image":{"@id":"https:\/\/www.welovecycling.com\/pl\/2017\/07\/05\/ciekawe-etapy-tdf-2017\/#primaryimage"},"thumbnailUrl":"https:\/\/d2p6e6u75xmxt8.cloudfront.net\/5\/2017\/07\/profimedia-0293210673-1-e1499287603263.jpg","datePublished":"2017-07-05T20:49:57+00:00","dateModified":"2017-08-06T09:32:24+00:00","author":{"@id":"https:\/\/www.welovecycling.com\/pl\/#\/schema\/person\/0dba2d39da943db9df3fd8f4687e7f23"},"breadcrumb":{"@id":"https:\/\/www.welovecycling.com\/pl\/2017\/07\/05\/ciekawe-etapy-tdf-2017\/#breadcrumb"},"inLanguage":"pl-PL","potentialAction":[{"@type":"ReadAction","target":["https:\/\/www.welovecycling.com\/pl\/2017\/07\/05\/ciekawe-etapy-tdf-2017\/"]}]},{"@type":"ImageObject","inLanguage":"pl-PL","@id":"https:\/\/www.welovecycling.com\/pl\/2017\/07\/05\/ciekawe-etapy-tdf-2017\/#primaryimage","url":"https:\/\/d2p6e6u75xmxt8.cloudfront.net\/5\/2017\/07\/profimedia-0293210673-1-e1499287603263.jpg","contentUrl":"https:\/\/d2p6e6u75xmxt8.cloudfront.net\/5\/2017\/07\/profimedia-0293210673-1-e1499287603263.jpg","width":1000,"height":436},{"@type":"BreadcrumbList","@id":"https:\/\/www.welovecycling.com\/pl\/2017\/07\/05\/ciekawe-etapy-tdf-2017\/#breadcrumb","itemListElement":[{"@type":"ListItem","position":1,"name":"Home","item":"https:\/\/www.welovecycling.com\/pl\/"},{"@type":"ListItem","position":2,"name":"Ciekawe etapy: Tour de France 2017"}]},{"@type":"WebSite","@id":"https:\/\/www.welovecycling.com\/pl\/#website","url":"https:\/\/www.welovecycling.com\/pl\/","name":"\u0160koda We Love Cycling - Poland","description":"","potentialAction":[{"@type":"SearchAction","target":{"@type":"EntryPoint","urlTemplate":"https:\/\/www.welovecycling.com\/pl\/?s={search_term_string}"},"query-input":{"@type":"PropertyValueSpecification","valueRequired":true,"valueName":"search_term_string"}}],"inLanguage":"pl-PL"},{"@type":"Person","@id":"https:\/\/www.welovecycling.com\/pl\/#\/schema\/person\/0dba2d39da943db9df3fd8f4687e7f23","name":"piotrboczkowski","image":{"@type":"ImageObject","inLanguage":"pl-PL","@id":"https:\/\/www.welovecycling.com\/pl\/#\/schema\/person\/image\/","url":"https:\/\/secure.gravatar.com\/avatar\/533caccae14752e03a2ce2d3fd62d1b98b93e1393c3195c27819e53344ca1ace?s=96&d=mm&r=g","contentUrl":"https:\/\/secure.gravatar.com\/avatar\/533caccae14752e03a2ce2d3fd62d1b98b93e1393c3195c27819e53344ca1ace?s=96&d=mm&r=g","caption":"piotrboczkowski"},"url":"https:\/\/www.welovecycling.com\/pl\/author\/piotrboczkowski\/"}]}},"_links":{"self":[{"href":"https:\/\/www.welovecycling.com\/pl\/wp-json\/wp\/v2\/posts\/4414","targetHints":{"allow":["GET"]}}],"collection":[{"href":"https:\/\/www.welovecycling.com\/pl\/wp-json\/wp\/v2\/posts"}],"about":[{"href":"https:\/\/www.welovecycling.com\/pl\/wp-json\/wp\/v2\/types\/post"}],"author":[{"embeddable":true,"href":"https:\/\/www.welovecycling.com\/pl\/wp-json\/wp\/v2\/users\/76"}],"replies":[{"embeddable":true,"href":"https:\/\/www.welovecycling.com\/pl\/wp-json\/wp\/v2\/comments?post=4414"}],"version-history":[{"count":2,"href":"https:\/\/www.welovecycling.com\/pl\/wp-json\/wp\/v2\/posts\/4414\/revisions"}],"predecessor-version":[{"id":4819,"href":"https:\/\/www.welovecycling.com\/pl\/wp-json\/wp\/v2\/posts\/4414\/revisions\/4819"}],"wp:featuredmedia":[{"embeddable":true,"href":"https:\/\/www.welovecycling.com\/pl\/wp-json\/wp\/v2\/media\/4427"}],"wp:attachment":[{"href":"https:\/\/www.welovecycling.com\/pl\/wp-json\/wp\/v2\/media?parent=4414"}],"wp:term":[{"taxonomy":"category","embeddable":true,"href":"https:\/\/www.welovecycling.com\/pl\/wp-json\/wp\/v2\/categories?post=4414"},{"taxonomy":"post_tag","embeddable":true,"href":"https:\/\/www.welovecycling.com\/pl\/wp-json\/wp\/v2\/tags?post=4414"},{"taxonomy":"global-categories","embeddable":true,"href":"https:\/\/www.welovecycling.com\/pl\/wp-json\/wp\/v2\/global-categories?post=4414"}],"curies":[{"name":"wp","href":"https:\/\/api.w.org\/{rel}","templated":true}]}}