{"id":4410,"date":"2017-07-04T14:59:45","date_gmt":"2017-07-04T14:59:45","guid":{"rendered":"https:\/\/www.welovecycling.com\/pl\/?p=4410"},"modified":"2017-08-06T08:38:46","modified_gmt":"2017-08-06T08:38:46","slug":"zrobil-niesamowite-zwyciestwo-tour-de-france","status":"publish","type":"post","link":"https:\/\/www.welovecycling.com\/pl\/2017\/07\/04\/zrobil-niesamowite-zwyciestwo-tour-de-france\/","title":{"rendered":"Jak on to zrobi\u0142? Niesamowite zwyci\u0119stwo w Tour de France!"},"content":{"rendered":"<p>&nbsp;<\/p>\n<p>Ten b\u0142ysk szprychy, to migni\u0119cie plastronu czy charakterystyczne wychylenie roweru. 200 kilometr\u00f3w i 5 godzin jazdy tylko po to, by wszystko rozstrzygn\u0105\u0107 o centymetry. Kolarze 104. Tour de France z przytupem przywitali si\u0119 z Francj\u0105, a na finiszu 3. etapu dosz\u0142o do zaskakuj\u0105cej sytuacji!<\/p>\n<p>To jasne, \u017ce centymetry decyduj\u0105 w biegu na 100 metr\u00f3w, w rzucie oszczepem czy pchni\u0119ciu kul\u0105. Ale wci\u0105\u017c wydaje si\u0119 nieprawdopodobne, \u017ce kolarze mog\u0105 kr\u0119ci\u0107 godzinami, zostawia\u0107 za sob\u0105 setki kilometr\u00f3w, by finisz rozstrzygn\u0105\u0107 o u\u0142amki sekund!<\/p>\n<p><strong>Rzut monet\u0105<\/strong><\/p>\n<p>Takie ko\u0144c\u00f3wki dla fan\u00f3w kolarstwa to \u017cadne zaskoczenie, ale jednak dalej s\u0105 atrakcj\u0105 tego sportu. Tak jak w poniedzia\u0142kowym etapie Tour de France &#8211; jeszcze 200 metr\u00f3w przed met\u0105 mocno trzymali\u015bmy kciuki za Rafa\u0142a Majk\u0119, kt\u00f3ry jecha\u0142 w czo\u0142\u00f3wce, ale Polak doskonale zna\u0142 swoje zadanie. My si\u0119 emocjonowali\u015bmy, a on wiedzia\u0142, \u017ce nie stanie nawet na podium i pewnie dlatego zosta\u0142 cichym bohaterem.<\/p>\n<p>Zadanie Majki by\u0142o proste &#8211; utorowa\u0107 finisz Peterowi Saganowi, liderowi jego zespo\u0142u (Bora-Hansgrohe). Polak spisa\u0142 si\u0119 wy\u015bmienicie &#8211; tu\u017c przed met\u0105 zza jego plec\u00f3w wyskoczy\u0142 S\u0142owak i wygra\u0142 etap.<\/p>\n<p>Teraz \u0142atwo m\u00f3wi\u0107, \u017ce wygra\u0142, ale zaraz po wjechaniu na met\u0119 nie by\u0142o to takie pewne, bo na pierwszy rzut oka wskaza\u0107 zwyci\u0119zc\u0119 m\u00f3g\u0142 nawet rzut monet\u0105. Uj\u0119cia z innych kamer pokazywa\u0142y sytuacj\u0119 coraz bardziej klarownnie, a fotokom\u00f3rka nie pozostawi\u0142a ju\u017c w\u0105tpliwo\u015bci &#8211; Sagan o p\u00f3\u0142 d\u0142ugo\u015bci roweru wyprzedzi\u0142 Michaela Matthewsa i Daniela Martina.<\/p>\n<p><strong>Niesamowita sytuacja na finiszu<\/strong><\/p>\n<p>Jednak nie by\u0142y to wszystkie sytuacje, kt\u00f3rych na finiszu nie wychwyci\u0142o oko laika. Okaza\u0142o si\u0119 bowiem, \u017ce Sagan finiszowa\u0142\u2026 dwukrotnie. Wszystko dlatego, \u017ce przy pierwszej pr\u00f3bie z peda\u0142u wypi\u0105\u0142 mu si\u0119 but, ale S\u0142owak nie straci\u0142 zimnej krwi, poprawi\u0142 sprz\u0119t i w sytuacji, gdzie decyduj\u0105 setne sekundy, zdo\u0142a\u0142 jeszcze pokona\u0107 stawk\u0119!<\/p>\n<p>&#8211; Chc\u0119 podzi\u0119kowa\u0107 moim kolegom z zespo\u0142u, bo wykonali fantastyczn\u0105 prac\u0119. Przez ca\u0142y dzie\u0144 utrzymywali mocne tempo na czele peletonu, a przy takim silnym wietrze to nie by\u0142o \u0142atwe. Trudna ko\u0144c\u00f3wka wywo\u0142a\u0142a sporo nerw\u00f3w. Gdy zacz\u0105\u0142em sprint, wypi\u0105\u0142 mi si\u0119 but i pomy\u015bla\u0142em \u201ekolejny b\u0142\u0105d, co si\u0119 dzisiaj dzieje?\u201d, ale pojecha\u0142em dalej i ostatecznie si\u0119 uda\u0142o. Jestem niesamowicie szcz\u0119\u015bliwy &#8211; cieszy\u0142 si\u0119 na mecie Sagan.<\/p>\n<p>Majka na 3. etapie by\u0142 10., Kwiatkowski 42., Polja\u0144ski 89., a Bodnar 136.<\/p>\n<p>Teraz przed kolarzami blisko 210-kilomtrowy etap Mondorf-les-Bains \u2013 Vittel, w \u015brod\u0119 \u015bciganie na trasie Vittel \u2013 La Planche des Belles Filles (160 km), a w czwartek Vesoul \u2013 Troyes (216 km).<\/p>\n<p><strong>Klasyfikacja generalna po 3. etapie: <\/strong><\/p>\n<ol>\n<li>Geraint Thomas<\/li>\n<li>Christopher Froome<\/li>\n<li>Michael Matthews<\/li>\n<\/ol>\n<p>&#8212;<\/p>\n<ol start=\"8\">\n<li>Micha\u0142 Kwiatkowski<\/li>\n<li>Rafa\u0142 Majka<\/li>\n<li>Pawe\u0142 Polja\u0144ski<\/li>\n<li>Maciej Bodnar<\/li>\n<\/ol>\n<p>&nbsp;<\/p>\n<p>(\u017ar\u00f3d\u0142o zdj\u0119\u0107:\u00a0http:\/\/www.letour.fr\/ \u00a9ASO\/Pauline BALLET)<\/p>\n","protected":false},"excerpt":{"rendered":"<p>&nbsp; Ten b\u0142ysk szprychy, to migni\u0119cie plastronu czy charakterystyczne wychylenie roweru. 200 kilometr\u00f3w i 5 godzin jazdy tylko po to, [&hellip;]<\/p>\n","protected":false},"author":76,"featured_media":4411,"comment_status":"open","ping_status":"open","sticky":false,"template":"","format":"standard","meta":{"footnotes":""},"categories":[1],"tags":[151,77,163,82],"global-categories":[],"class_list":["post-4410","post","type-post","status-publish","format-standard","has-post-thumbnail","hentry","category-uncategorized","tag-kolarstwo-szosowe","tag-tour-de-france","tag-tour-de-france-2017","tag-welovecycling"],"yoast_head":"<!-- This site is optimized with the Yoast SEO Premium plugin v25.3 (Yoast SEO v25.9) - https:\/\/yoast.com\/wordpress\/plugins\/seo\/ -->\n<title>Jak on to zrobi\u0142? Niesamowite zwyci\u0119stwo w Tour de France! - \u0160koda We Love Cycling - Poland<\/title>\n<meta name=\"robots\" content=\"index, follow, max-snippet:-1, max-image-preview:large, max-video-preview:-1\" \/>\n<link rel=\"canonical\" href=\"https:\/\/www.welovecycling.com\/pl\/2017\/07\/04\/zrobil-niesamowite-zwyciestwo-tour-de-france\/\" \/>\n<meta property=\"og:locale\" content=\"pl_PL\" \/>\n<meta property=\"og:type\" content=\"article\" \/>\n<meta property=\"og:title\" content=\"Jak on to zrobi\u0142? Niesamowite zwyci\u0119stwo w Tour de France!\" \/>\n<meta property=\"og:description\" content=\"&nbsp; Ten b\u0142ysk szprychy, to migni\u0119cie plastronu czy charakterystyczne wychylenie roweru. 200 kilometr\u00f3w i 5 godzin jazdy tylko po to, [&hellip;]\" \/>\n<meta property=\"og:url\" content=\"https:\/\/www.welovecycling.com\/pl\/2017\/07\/04\/zrobil-niesamowite-zwyciestwo-tour-de-france\/\" \/>\n<meta property=\"og:site_name\" content=\"\u0160koda We Love Cycling - Poland\" \/>\n<meta property=\"article:published_time\" content=\"2017-07-04T14:59:45+00:00\" \/>\n<meta property=\"article:modified_time\" content=\"2017-08-06T08:38:46+00:00\" \/>\n<meta property=\"og:image\" content=\"https:\/\/d2p6e6u75xmxt8.cloudfront.net\/5\/2017\/07\/20170704284_041409.jpg\" \/>\n\t<meta property=\"og:image:width\" content=\"1000\" \/>\n\t<meta property=\"og:image:height\" content=\"666\" \/>\n\t<meta property=\"og:image:type\" content=\"image\/jpeg\" \/>\n<meta name=\"author\" content=\"piotrboczkowski\" \/>\n<meta name=\"twitter:card\" content=\"summary_large_image\" \/>\n<meta name=\"twitter:label1\" content=\"Written by\" \/>\n\t<meta name=\"twitter:data1\" content=\"WeLoveCycling\" \/>\n\t<meta name=\"twitter:label2\" content=\"Est. reading time\" \/>\n\t<meta name=\"twitter:data2\" content=\"2 minutes\" \/>\n<script type=\"application\/ld+json\" class=\"yoast-schema-graph\">{\"@context\":\"https:\/\/schema.org\",\"@graph\":[{\"@type\":\"WebPage\",\"@id\":\"https:\/\/www.welovecycling.com\/pl\/2017\/07\/04\/zrobil-niesamowite-zwyciestwo-tour-de-france\/\",\"url\":\"https:\/\/www.welovecycling.com\/pl\/2017\/07\/04\/zrobil-niesamowite-zwyciestwo-tour-de-france\/\",\"name\":\"Jak on to zrobi\u0142? Niesamowite zwyci\u0119stwo w Tour de France! - \u0160koda We Love Cycling - Poland\",\"isPartOf\":{\"@id\":\"https:\/\/www.welovecycling.com\/pl\/#website\"},\"primaryImageOfPage\":{\"@id\":\"https:\/\/www.welovecycling.com\/pl\/2017\/07\/04\/zrobil-niesamowite-zwyciestwo-tour-de-france\/#primaryimage\"},\"image\":{\"@id\":\"https:\/\/www.welovecycling.com\/pl\/2017\/07\/04\/zrobil-niesamowite-zwyciestwo-tour-de-france\/#primaryimage\"},\"thumbnailUrl\":\"https:\/\/d2p6e6u75xmxt8.cloudfront.net\/5\/2017\/07\/20170704284_041409.jpg\",\"datePublished\":\"2017-07-04T14:59:45+00:00\",\"dateModified\":\"2017-08-06T08:38:46+00:00\",\"author\":{\"@id\":\"https:\/\/www.welovecycling.com\/pl\/#\/schema\/person\/0dba2d39da943db9df3fd8f4687e7f23\"},\"breadcrumb\":{\"@id\":\"https:\/\/www.welovecycling.com\/pl\/2017\/07\/04\/zrobil-niesamowite-zwyciestwo-tour-de-france\/#breadcrumb\"},\"inLanguage\":\"pl-PL\",\"potentialAction\":[{\"@type\":\"ReadAction\",\"target\":[\"https:\/\/www.welovecycling.com\/pl\/2017\/07\/04\/zrobil-niesamowite-zwyciestwo-tour-de-france\/\"]}]},{\"@type\":\"ImageObject\",\"inLanguage\":\"pl-PL\",\"@id\":\"https:\/\/www.welovecycling.com\/pl\/2017\/07\/04\/zrobil-niesamowite-zwyciestwo-tour-de-france\/#primaryimage\",\"url\":\"https:\/\/d2p6e6u75xmxt8.cloudfront.net\/5\/2017\/07\/20170704284_041409.jpg\",\"contentUrl\":\"https:\/\/d2p6e6u75xmxt8.cloudfront.net\/5\/2017\/07\/20170704284_041409.jpg\",\"width\":1000,\"height\":666,\"caption\":\"Tour de France 2017 - 04\/07\/2017 - Etape 4 - Mondorf-les-Bains \/ Vittel (207,5 km) - France - Thomas DE GENDT (LOTTO SOUDAL) et Julien VERMOTE (QUICK - STEP FLOORS) - donnent le rythme de la poursuite\"},{\"@type\":\"BreadcrumbList\",\"@id\":\"https:\/\/www.welovecycling.com\/pl\/2017\/07\/04\/zrobil-niesamowite-zwyciestwo-tour-de-france\/#breadcrumb\",\"itemListElement\":[{\"@type\":\"ListItem\",\"position\":1,\"name\":\"Home\",\"item\":\"https:\/\/www.welovecycling.com\/pl\/\"},{\"@type\":\"ListItem\",\"position\":2,\"name\":\"Jak on to zrobi\u0142? Niesamowite zwyci\u0119stwo w Tour de France!\"}]},{\"@type\":\"WebSite\",\"@id\":\"https:\/\/www.welovecycling.com\/pl\/#website\",\"url\":\"https:\/\/www.welovecycling.com\/pl\/\",\"name\":\"\u0160koda We Love Cycling - Poland\",\"description\":\"\",\"potentialAction\":[{\"@type\":\"SearchAction\",\"target\":{\"@type\":\"EntryPoint\",\"urlTemplate\":\"https:\/\/www.welovecycling.com\/pl\/?s={search_term_string}\"},\"query-input\":{\"@type\":\"PropertyValueSpecification\",\"valueRequired\":true,\"valueName\":\"search_term_string\"}}],\"inLanguage\":\"pl-PL\"},{\"@type\":\"Person\",\"@id\":\"https:\/\/www.welovecycling.com\/pl\/#\/schema\/person\/0dba2d39da943db9df3fd8f4687e7f23\",\"name\":\"piotrboczkowski\",\"image\":{\"@type\":\"ImageObject\",\"inLanguage\":\"pl-PL\",\"@id\":\"https:\/\/www.welovecycling.com\/pl\/#\/schema\/person\/image\/\",\"url\":\"https:\/\/secure.gravatar.com\/avatar\/533caccae14752e03a2ce2d3fd62d1b98b93e1393c3195c27819e53344ca1ace?s=96&d=mm&r=g\",\"contentUrl\":\"https:\/\/secure.gravatar.com\/avatar\/533caccae14752e03a2ce2d3fd62d1b98b93e1393c3195c27819e53344ca1ace?s=96&d=mm&r=g\",\"caption\":\"piotrboczkowski\"},\"url\":\"https:\/\/www.welovecycling.com\/pl\/author\/piotrboczkowski\/\"}]}<\/script>\n<!-- \/ Yoast SEO Premium plugin. -->","yoast_head_json":{"title":"Jak on to zrobi\u0142? Niesamowite zwyci\u0119stwo w Tour de France! - \u0160koda We Love Cycling - Poland","robots":{"index":"index","follow":"follow","max-snippet":"max-snippet:-1","max-image-preview":"max-image-preview:large","max-video-preview":"max-video-preview:-1"},"canonical":"https:\/\/www.welovecycling.com\/pl\/2017\/07\/04\/zrobil-niesamowite-zwyciestwo-tour-de-france\/","og_locale":"pl_PL","og_type":"article","og_title":"Jak on to zrobi\u0142? Niesamowite zwyci\u0119stwo w Tour de France!","og_description":"&nbsp; Ten b\u0142ysk szprychy, to migni\u0119cie plastronu czy charakterystyczne wychylenie roweru. 200 kilometr\u00f3w i 5 godzin jazdy tylko po to, [&hellip;]","og_url":"https:\/\/www.welovecycling.com\/pl\/2017\/07\/04\/zrobil-niesamowite-zwyciestwo-tour-de-france\/","og_site_name":"\u0160koda We Love Cycling - Poland","article_published_time":"2017-07-04T14:59:45+00:00","article_modified_time":"2017-08-06T08:38:46+00:00","og_image":[{"width":1000,"height":666,"url":"https:\/\/d2p6e6u75xmxt8.cloudfront.net\/5\/2017\/07\/20170704284_041409.jpg","type":"image\/jpeg"}],"author":"piotrboczkowski","twitter_card":"summary_large_image","twitter_misc":{"Written by":"WeLoveCycling","Est. reading time":"2 minutes"},"schema":{"@context":"https:\/\/schema.org","@graph":[{"@type":"WebPage","@id":"https:\/\/www.welovecycling.com\/pl\/2017\/07\/04\/zrobil-niesamowite-zwyciestwo-tour-de-france\/","url":"https:\/\/www.welovecycling.com\/pl\/2017\/07\/04\/zrobil-niesamowite-zwyciestwo-tour-de-france\/","name":"Jak on to zrobi\u0142? Niesamowite zwyci\u0119stwo w Tour de France! - \u0160koda We Love Cycling - Poland","isPartOf":{"@id":"https:\/\/www.welovecycling.com\/pl\/#website"},"primaryImageOfPage":{"@id":"https:\/\/www.welovecycling.com\/pl\/2017\/07\/04\/zrobil-niesamowite-zwyciestwo-tour-de-france\/#primaryimage"},"image":{"@id":"https:\/\/www.welovecycling.com\/pl\/2017\/07\/04\/zrobil-niesamowite-zwyciestwo-tour-de-france\/#primaryimage"},"thumbnailUrl":"https:\/\/d2p6e6u75xmxt8.cloudfront.net\/5\/2017\/07\/20170704284_041409.jpg","datePublished":"2017-07-04T14:59:45+00:00","dateModified":"2017-08-06T08:38:46+00:00","author":{"@id":"https:\/\/www.welovecycling.com\/pl\/#\/schema\/person\/0dba2d39da943db9df3fd8f4687e7f23"},"breadcrumb":{"@id":"https:\/\/www.welovecycling.com\/pl\/2017\/07\/04\/zrobil-niesamowite-zwyciestwo-tour-de-france\/#breadcrumb"},"inLanguage":"pl-PL","potentialAction":[{"@type":"ReadAction","target":["https:\/\/www.welovecycling.com\/pl\/2017\/07\/04\/zrobil-niesamowite-zwyciestwo-tour-de-france\/"]}]},{"@type":"ImageObject","inLanguage":"pl-PL","@id":"https:\/\/www.welovecycling.com\/pl\/2017\/07\/04\/zrobil-niesamowite-zwyciestwo-tour-de-france\/#primaryimage","url":"https:\/\/d2p6e6u75xmxt8.cloudfront.net\/5\/2017\/07\/20170704284_041409.jpg","contentUrl":"https:\/\/d2p6e6u75xmxt8.cloudfront.net\/5\/2017\/07\/20170704284_041409.jpg","width":1000,"height":666,"caption":"Tour de France 2017 - 04\/07\/2017 - Etape 4 - Mondorf-les-Bains \/ Vittel (207,5 km) - France - Thomas DE GENDT (LOTTO SOUDAL) et Julien VERMOTE (QUICK - STEP FLOORS) - donnent le rythme de la poursuite"},{"@type":"BreadcrumbList","@id":"https:\/\/www.welovecycling.com\/pl\/2017\/07\/04\/zrobil-niesamowite-zwyciestwo-tour-de-france\/#breadcrumb","itemListElement":[{"@type":"ListItem","position":1,"name":"Home","item":"https:\/\/www.welovecycling.com\/pl\/"},{"@type":"ListItem","position":2,"name":"Jak on to zrobi\u0142? Niesamowite zwyci\u0119stwo w Tour de France!"}]},{"@type":"WebSite","@id":"https:\/\/www.welovecycling.com\/pl\/#website","url":"https:\/\/www.welovecycling.com\/pl\/","name":"\u0160koda We Love Cycling - Poland","description":"","potentialAction":[{"@type":"SearchAction","target":{"@type":"EntryPoint","urlTemplate":"https:\/\/www.welovecycling.com\/pl\/?s={search_term_string}"},"query-input":{"@type":"PropertyValueSpecification","valueRequired":true,"valueName":"search_term_string"}}],"inLanguage":"pl-PL"},{"@type":"Person","@id":"https:\/\/www.welovecycling.com\/pl\/#\/schema\/person\/0dba2d39da943db9df3fd8f4687e7f23","name":"piotrboczkowski","image":{"@type":"ImageObject","inLanguage":"pl-PL","@id":"https:\/\/www.welovecycling.com\/pl\/#\/schema\/person\/image\/","url":"https:\/\/secure.gravatar.com\/avatar\/533caccae14752e03a2ce2d3fd62d1b98b93e1393c3195c27819e53344ca1ace?s=96&d=mm&r=g","contentUrl":"https:\/\/secure.gravatar.com\/avatar\/533caccae14752e03a2ce2d3fd62d1b98b93e1393c3195c27819e53344ca1ace?s=96&d=mm&r=g","caption":"piotrboczkowski"},"url":"https:\/\/www.welovecycling.com\/pl\/author\/piotrboczkowski\/"}]}},"_links":{"self":[{"href":"https:\/\/www.welovecycling.com\/pl\/wp-json\/wp\/v2\/posts\/4410","targetHints":{"allow":["GET"]}}],"collection":[{"href":"https:\/\/www.welovecycling.com\/pl\/wp-json\/wp\/v2\/posts"}],"about":[{"href":"https:\/\/www.welovecycling.com\/pl\/wp-json\/wp\/v2\/types\/post"}],"author":[{"embeddable":true,"href":"https:\/\/www.welovecycling.com\/pl\/wp-json\/wp\/v2\/users\/76"}],"replies":[{"embeddable":true,"href":"https:\/\/www.welovecycling.com\/pl\/wp-json\/wp\/v2\/comments?post=4410"}],"version-history":[{"count":2,"href":"https:\/\/www.welovecycling.com\/pl\/wp-json\/wp\/v2\/posts\/4410\/revisions"}],"predecessor-version":[{"id":4816,"href":"https:\/\/www.welovecycling.com\/pl\/wp-json\/wp\/v2\/posts\/4410\/revisions\/4816"}],"wp:featuredmedia":[{"embeddable":true,"href":"https:\/\/www.welovecycling.com\/pl\/wp-json\/wp\/v2\/media\/4411"}],"wp:attachment":[{"href":"https:\/\/www.welovecycling.com\/pl\/wp-json\/wp\/v2\/media?parent=4410"}],"wp:term":[{"taxonomy":"category","embeddable":true,"href":"https:\/\/www.welovecycling.com\/pl\/wp-json\/wp\/v2\/categories?post=4410"},{"taxonomy":"post_tag","embeddable":true,"href":"https:\/\/www.welovecycling.com\/pl\/wp-json\/wp\/v2\/tags?post=4410"},{"taxonomy":"global-categories","embeddable":true,"href":"https:\/\/www.welovecycling.com\/pl\/wp-json\/wp\/v2\/global-categories?post=4410"}],"curies":[{"name":"wp","href":"https:\/\/api.w.org\/{rel}","templated":true}]}}