{"id":4400,"date":"2017-07-03T09:10:38","date_gmt":"2017-07-03T09:10:38","guid":{"rendered":"https:\/\/www.welovecycling.com\/pl\/?p=4400"},"modified":"2017-08-06T07:20:47","modified_gmt":"2017-08-06T07:20:47","slug":"zaczeli-krecic-tour-de-france-juz-pokazalo-ze-przelewki","status":"publish","type":"post","link":"https:\/\/www.welovecycling.com\/pl\/2017\/07\/03\/zaczeli-krecic-tour-de-france-juz-pokazalo-ze-przelewki\/","title":{"rendered":"Zacz\u0119li kr\u0119ci\u0107! Tour de France ju\u017c pokaza\u0142, \u017ce to nie przelewki"},"content":{"rendered":"<p>Ruszyli! Jedni z werw\u0105 m\u0142okos\u00f3w, inni z do\u015bwiadczeniem wyrysowanym na twarzy. Zaprezentowali si\u0119 Niemcom, zahaczyli o Belgi\u0119, przemkn\u0105 przez Luksemburg i dzi\u015b zamelduj\u0105 si\u0119 we Francji. Wystartowa\u0142 104. Tour de France i ju\u017c na starcie pokaza\u0142 sw\u00f3j urok i pazur.<\/p>\n<p>Na ten dzie\u0144 mniejsi i wi\u0119ksi fani kolarstwa czekali blisko rok. Zn\u00f3w najlepsi zawodnicy \u015bwiata w jednym miejscu, zn\u00f3w najciekawsze trasy i najwi\u0119ksze sportowe emocje. I tak przez 23 dni, 21 etap\u00f3w i 3516 kilometr\u00f3w!<\/p>\n<p>W tym roku zacz\u0119\u0142o si\u0119 w Niemczech. D\u00fcsseldorf\u00a0mocno rywalizowa\u0142 z innymi europejskimi miastami, by to w\u0142a\u015bnie tam zacz\u0119\u0142o si\u0119 wielkie kolarskie \u015bwi\u0119to. I organizatorzy Tour de France wyborem nie mog\u0105 czu\u0107 si\u0119 zawiedzeni.<\/p>\n<p>14-kilometrowy prolog bieg\u0142 ulicami miasta nad Renem, a wed\u0142ug szacunk\u00f3w organizator\u00f3w dwudniowe \u015bciganie w D\u00fcsseldorfie ogl\u0105da\u0142o blisko 800 tysi\u0119cy widz\u00f3w!<\/p>\n<p><strong>Polscy kibice popychaj\u0105, jak mog\u0105<\/strong><\/p>\n<p>Nie\u017ale zacz\u0105\u0142 Micha\u0142 Kwiatkowski. To znaczy: zacz\u0105\u0142 \u015bwietnie, szczeg\u00f3lnie na pierwszym pomiarze czasu. W drugiej cz\u0119\u015bci jednak nieco straci\u0142 i sko\u0144czy\u0142 wy\u015bcig na wysokim, \u00f3smym miejscu.<\/p>\n<p>Do takiego rezultatu popychali go bia\u0142o-czerwoni kibice, kt\u00f3rzy dopingowali Polak\u00f3w wzd\u0142u\u017c trasy.<\/p>\n<p>&#8211; Du\u017co przyjemniej jecha\u0142o si\u0119 przy tym g\u0142o\u015bnym wsparciu. Wiem, \u017ce apetyty by\u0142y bardzo du\u017ce, a kibice liczyli, \u017ce mog\u0119 wygra\u0107. Zrobi\u0142em jednak, co mog\u0142em \u2013 podkre\u015bla\u0142 na mecie Kwiatkowski.<\/p>\n<p>Prolog wygra\u0142 Thomas Geraint. 25. miejsce zaj\u0105\u0142 Maciej Bodnar, 54. Rafa\u0142 Majka, a 159. by\u0142 Pawe\u0142 Polja\u0144ski.<\/p>\n<p><strong>Brawa na otuch\u0119<\/strong><\/p>\n<p>Niestety, podczas jazdy kolarzom towarzyszy\u0142 deszcz, co przy du\u017cych pr\u0119dko\u015bciach mocno utrudnia\u0142o manewrowanie rowerem. O nieprzewidywalno\u015bci Tour de France najbole\u015bniej przekona\u0142 si\u0119 \u015bwietny Alejandro Valverde, kt\u00f3ry na zakr\u0119cie straci\u0142 panowanie nad rowerem, upad\u0142 i uderzy\u0142 w metalowe barierki. Dla do\u015bwiadczonego Hiszpana wy\u015bcig ju\u017c si\u0119 sko\u0144czy\u0142, a po\u017cegna\u0142y go brawa kibic\u00f3w, kt\u00f3rzy podtrzymywali pechowca na duchu.<\/p>\n<p>&#8211; To dla nas przykra sytuacja. Alejandro to dobry cz\u0142owiek i \u015bwietny kolega. To okropne, gdy kto\u015b ko\u0144czy wy\u015bcig tak szybko \u2013 m\u00f3wi\u0142 Nairo Quintana, kolega Valverde\u00a0z zespo\u0142u Movistar.<\/p>\n<p><strong>Tour de France zn\u00f3w pokaza\u0142o pazur<\/strong><\/p>\n<p>Prawdziwe \u015bciganie zacz\u0119\u0142o si\u0119 w niedziel\u0119! Przez wi\u0119kszo\u015b\u0107 etapu z D\u00fcsseldorfu do belgijskiego Li\u00e8ge oczy fan\u00f3w kolarstwa wbite by\u0142y w Taylora Phinneya i Yoanna Ofredo, kt\u00f3rzy jechali przed peletonem, ale nieco kilometr przed met\u0105 wch\u0142on\u0105\u0142 ich tabun kolarzy i by\u0142o wiadomo, \u017ce o zwyci\u0119stwie zdecyduj\u0105 ostatnie metry.<\/p>\n<p>Najszybszy z peletonu by\u0142 Marcel Kittel i to on na mecie zbiera\u0142 zas\u0142u\u017cone gratulacje. Na tym etapie Tour de France zn\u00f3w pokaza\u0142o pazur \u2013 30 kilometr\u00f3w przed met\u0105, na mokrej nawierzchni, dosz\u0142o do kraksy i kilkunastu kolarzy pada\u0142o jak domino. W\u015br\u00f3d nich by\u0142 Micha\u0142 Kwiatkowski, ale Polakowi nic si\u0119 nie sta\u0142o.<\/p>\n<p>\u201eKwiato\u201d na drugim etapie zaj\u0105\u0142 32. miejsce, Polaj\u0144ski by\u0142 57., Majka 58., a Bodnar 104.<\/p>\n<p>W poniedzia\u0142ek kolarze \u015bciganie zaczn\u0105 w belgijskim Verviers, gdzie w 1938 r. urodzi\u0142a si\u0119 polska \u015bpiewaczka Violetta Villas. P\u00f3\u017aniej przemkn\u0105 przez Luksemburg i zamelduj\u0105 si\u0119 na mecie we Francji!<\/p>\n<p><strong>Klasyfikacja generalna po 2. etapie:<\/strong><\/p>\n<ol>\n<li>Geraint Thomas<\/li>\n<li>Stefan K\u00fcng<\/li>\n<li>Marcel Kittel<\/li>\n<\/ol>\n<p>&#8212;<\/p>\n<ol start=\"8\">\n<li>Micha\u0142 Kwiatkowski<\/li>\n<li>Maciej Bodnar<\/li>\n<li>Rafa\u0142 Majka<\/li>\n<li>Pawe\u0142 Polja\u0144ski<\/li>\n<\/ol>\n<p>&nbsp;<\/p>\n<p>(\u017ar\u00f3d\u0142o zdj\u0119\u0107:\u00a0http:\/\/www.letour.fr\/ \u00a9 ASO\/Pauline BALLET)<\/p>\n","protected":false},"excerpt":{"rendered":"<p>Ruszyli! Jedni z werw\u0105 m\u0142okos\u00f3w, inni z do\u015bwiadczeniem wyrysowanym na twarzy. Zaprezentowali si\u0119 Niemcom, zahaczyli o Belgi\u0119, przemkn\u0105 przez Luksemburg [&hellip;]<\/p>\n","protected":false},"author":76,"featured_media":4401,"comment_status":"open","ping_status":"open","sticky":false,"template":"","format":"standard","meta":{"footnotes":""},"categories":[1],"tags":[158,77,163,146],"global-categories":[],"class_list":["post-4400","post","type-post","status-publish","format-standard","has-post-thumbnail","hentry","category-uncategorized","tag-relacja","tag-tour-de-france","tag-tour-de-france-2017","tag-wyscig"],"yoast_head":"<!-- This site is optimized with the Yoast SEO Premium plugin v25.3 (Yoast SEO v25.9) - https:\/\/yoast.com\/wordpress\/plugins\/seo\/ -->\n<title>Zacz\u0119li kr\u0119ci\u0107! Tour de France ju\u017c pokaza\u0142, \u017ce to nie przelewki - \u0160koda We Love Cycling - Poland<\/title>\n<meta name=\"robots\" content=\"index, follow, max-snippet:-1, max-image-preview:large, max-video-preview:-1\" \/>\n<link rel=\"canonical\" href=\"https:\/\/www.welovecycling.com\/pl\/2017\/07\/03\/zaczeli-krecic-tour-de-france-juz-pokazalo-ze-przelewki\/\" \/>\n<meta property=\"og:locale\" content=\"pl_PL\" \/>\n<meta property=\"og:type\" content=\"article\" \/>\n<meta property=\"og:title\" content=\"Zacz\u0119li kr\u0119ci\u0107! Tour de France ju\u017c pokaza\u0142, \u017ce to nie przelewki\" \/>\n<meta property=\"og:description\" content=\"Ruszyli! Jedni z werw\u0105 m\u0142okos\u00f3w, inni z do\u015bwiadczeniem wyrysowanym na twarzy. Zaprezentowali si\u0119 Niemcom, zahaczyli o Belgi\u0119, przemkn\u0105 przez Luksemburg [&hellip;]\" \/>\n<meta property=\"og:url\" content=\"https:\/\/www.welovecycling.com\/pl\/2017\/07\/03\/zaczeli-krecic-tour-de-france-juz-pokazalo-ze-przelewki\/\" \/>\n<meta property=\"og:site_name\" content=\"\u0160koda We Love Cycling - Poland\" \/>\n<meta property=\"article:published_time\" content=\"2017-07-03T09:10:38+00:00\" \/>\n<meta property=\"article:modified_time\" content=\"2017-08-06T07:20:47+00:00\" \/>\n<meta property=\"og:image\" content=\"https:\/\/d2p6e6u75xmxt8.cloudfront.net\/5\/2017\/07\/20170702272_021705-e1499073236554.jpg\" \/>\n\t<meta property=\"og:image:width\" content=\"900\" \/>\n\t<meta property=\"og:image:height\" content=\"599\" \/>\n\t<meta property=\"og:image:type\" content=\"image\/jpeg\" \/>\n<meta name=\"author\" content=\"piotrboczkowski\" \/>\n<meta name=\"twitter:card\" content=\"summary_large_image\" \/>\n<meta name=\"twitter:label1\" content=\"Written by\" \/>\n\t<meta name=\"twitter:data1\" content=\"WeLoveCycling\" \/>\n\t<meta name=\"twitter:label2\" content=\"Est. reading time\" \/>\n\t<meta name=\"twitter:data2\" content=\"3 minutes\" \/>\n<script type=\"application\/ld+json\" class=\"yoast-schema-graph\">{\"@context\":\"https:\/\/schema.org\",\"@graph\":[{\"@type\":\"WebPage\",\"@id\":\"https:\/\/www.welovecycling.com\/pl\/2017\/07\/03\/zaczeli-krecic-tour-de-france-juz-pokazalo-ze-przelewki\/\",\"url\":\"https:\/\/www.welovecycling.com\/pl\/2017\/07\/03\/zaczeli-krecic-tour-de-france-juz-pokazalo-ze-przelewki\/\",\"name\":\"Zacz\u0119li kr\u0119ci\u0107! Tour de France ju\u017c pokaza\u0142, \u017ce to nie przelewki - \u0160koda We Love Cycling - Poland\",\"isPartOf\":{\"@id\":\"https:\/\/www.welovecycling.com\/pl\/#website\"},\"primaryImageOfPage\":{\"@id\":\"https:\/\/www.welovecycling.com\/pl\/2017\/07\/03\/zaczeli-krecic-tour-de-france-juz-pokazalo-ze-przelewki\/#primaryimage\"},\"image\":{\"@id\":\"https:\/\/www.welovecycling.com\/pl\/2017\/07\/03\/zaczeli-krecic-tour-de-france-juz-pokazalo-ze-przelewki\/#primaryimage\"},\"thumbnailUrl\":\"https:\/\/d2p6e6u75xmxt8.cloudfront.net\/5\/2017\/07\/20170702272_021705-e1499073236554.jpg\",\"datePublished\":\"2017-07-03T09:10:38+00:00\",\"dateModified\":\"2017-08-06T07:20:47+00:00\",\"author\":{\"@id\":\"https:\/\/www.welovecycling.com\/pl\/#\/schema\/person\/0dba2d39da943db9df3fd8f4687e7f23\"},\"breadcrumb\":{\"@id\":\"https:\/\/www.welovecycling.com\/pl\/2017\/07\/03\/zaczeli-krecic-tour-de-france-juz-pokazalo-ze-przelewki\/#breadcrumb\"},\"inLanguage\":\"pl-PL\",\"potentialAction\":[{\"@type\":\"ReadAction\",\"target\":[\"https:\/\/www.welovecycling.com\/pl\/2017\/07\/03\/zaczeli-krecic-tour-de-france-juz-pokazalo-ze-przelewki\/\"]}]},{\"@type\":\"ImageObject\",\"inLanguage\":\"pl-PL\",\"@id\":\"https:\/\/www.welovecycling.com\/pl\/2017\/07\/03\/zaczeli-krecic-tour-de-france-juz-pokazalo-ze-przelewki\/#primaryimage\",\"url\":\"https:\/\/d2p6e6u75xmxt8.cloudfront.net\/5\/2017\/07\/20170702272_021705-e1499073236554.jpg\",\"contentUrl\":\"https:\/\/d2p6e6u75xmxt8.cloudfront.net\/5\/2017\/07\/20170702272_021705-e1499073236554.jpg\",\"width\":900,\"height\":599,\"caption\":\"tour de France 2017 - 02\/07\/2017 - Etape 2 - D\u00fcsseldorf \/ Li\u00e8ge (203,5 km) - Belgique - Marcel KITTEL (QUICK - STEP FLOORS) - Vainqueur du jour\"},{\"@type\":\"BreadcrumbList\",\"@id\":\"https:\/\/www.welovecycling.com\/pl\/2017\/07\/03\/zaczeli-krecic-tour-de-france-juz-pokazalo-ze-przelewki\/#breadcrumb\",\"itemListElement\":[{\"@type\":\"ListItem\",\"position\":1,\"name\":\"Home\",\"item\":\"https:\/\/www.welovecycling.com\/pl\/\"},{\"@type\":\"ListItem\",\"position\":2,\"name\":\"Zacz\u0119li kr\u0119ci\u0107! Tour de France ju\u017c pokaza\u0142, \u017ce to nie przelewki\"}]},{\"@type\":\"WebSite\",\"@id\":\"https:\/\/www.welovecycling.com\/pl\/#website\",\"url\":\"https:\/\/www.welovecycling.com\/pl\/\",\"name\":\"\u0160koda We Love Cycling - Poland\",\"description\":\"\",\"potentialAction\":[{\"@type\":\"SearchAction\",\"target\":{\"@type\":\"EntryPoint\",\"urlTemplate\":\"https:\/\/www.welovecycling.com\/pl\/?s={search_term_string}\"},\"query-input\":{\"@type\":\"PropertyValueSpecification\",\"valueRequired\":true,\"valueName\":\"search_term_string\"}}],\"inLanguage\":\"pl-PL\"},{\"@type\":\"Person\",\"@id\":\"https:\/\/www.welovecycling.com\/pl\/#\/schema\/person\/0dba2d39da943db9df3fd8f4687e7f23\",\"name\":\"piotrboczkowski\",\"image\":{\"@type\":\"ImageObject\",\"inLanguage\":\"pl-PL\",\"@id\":\"https:\/\/www.welovecycling.com\/pl\/#\/schema\/person\/image\/\",\"url\":\"https:\/\/secure.gravatar.com\/avatar\/533caccae14752e03a2ce2d3fd62d1b98b93e1393c3195c27819e53344ca1ace?s=96&d=mm&r=g\",\"contentUrl\":\"https:\/\/secure.gravatar.com\/avatar\/533caccae14752e03a2ce2d3fd62d1b98b93e1393c3195c27819e53344ca1ace?s=96&d=mm&r=g\",\"caption\":\"piotrboczkowski\"},\"url\":\"https:\/\/www.welovecycling.com\/pl\/author\/piotrboczkowski\/\"}]}<\/script>\n<!-- \/ Yoast SEO Premium plugin. -->","yoast_head_json":{"title":"Zacz\u0119li kr\u0119ci\u0107! Tour de France ju\u017c pokaza\u0142, \u017ce to nie przelewki - \u0160koda We Love Cycling - Poland","robots":{"index":"index","follow":"follow","max-snippet":"max-snippet:-1","max-image-preview":"max-image-preview:large","max-video-preview":"max-video-preview:-1"},"canonical":"https:\/\/www.welovecycling.com\/pl\/2017\/07\/03\/zaczeli-krecic-tour-de-france-juz-pokazalo-ze-przelewki\/","og_locale":"pl_PL","og_type":"article","og_title":"Zacz\u0119li kr\u0119ci\u0107! Tour de France ju\u017c pokaza\u0142, \u017ce to nie przelewki","og_description":"Ruszyli! Jedni z werw\u0105 m\u0142okos\u00f3w, inni z do\u015bwiadczeniem wyrysowanym na twarzy. Zaprezentowali si\u0119 Niemcom, zahaczyli o Belgi\u0119, przemkn\u0105 przez Luksemburg [&hellip;]","og_url":"https:\/\/www.welovecycling.com\/pl\/2017\/07\/03\/zaczeli-krecic-tour-de-france-juz-pokazalo-ze-przelewki\/","og_site_name":"\u0160koda We Love Cycling - Poland","article_published_time":"2017-07-03T09:10:38+00:00","article_modified_time":"2017-08-06T07:20:47+00:00","og_image":[{"width":900,"height":599,"url":"https:\/\/d2p6e6u75xmxt8.cloudfront.net\/5\/2017\/07\/20170702272_021705-e1499073236554.jpg","type":"image\/jpeg"}],"author":"piotrboczkowski","twitter_card":"summary_large_image","twitter_misc":{"Written by":"WeLoveCycling","Est. reading time":"3 minutes"},"schema":{"@context":"https:\/\/schema.org","@graph":[{"@type":"WebPage","@id":"https:\/\/www.welovecycling.com\/pl\/2017\/07\/03\/zaczeli-krecic-tour-de-france-juz-pokazalo-ze-przelewki\/","url":"https:\/\/www.welovecycling.com\/pl\/2017\/07\/03\/zaczeli-krecic-tour-de-france-juz-pokazalo-ze-przelewki\/","name":"Zacz\u0119li kr\u0119ci\u0107! Tour de France ju\u017c pokaza\u0142, \u017ce to nie przelewki - \u0160koda We Love Cycling - Poland","isPartOf":{"@id":"https:\/\/www.welovecycling.com\/pl\/#website"},"primaryImageOfPage":{"@id":"https:\/\/www.welovecycling.com\/pl\/2017\/07\/03\/zaczeli-krecic-tour-de-france-juz-pokazalo-ze-przelewki\/#primaryimage"},"image":{"@id":"https:\/\/www.welovecycling.com\/pl\/2017\/07\/03\/zaczeli-krecic-tour-de-france-juz-pokazalo-ze-przelewki\/#primaryimage"},"thumbnailUrl":"https:\/\/d2p6e6u75xmxt8.cloudfront.net\/5\/2017\/07\/20170702272_021705-e1499073236554.jpg","datePublished":"2017-07-03T09:10:38+00:00","dateModified":"2017-08-06T07:20:47+00:00","author":{"@id":"https:\/\/www.welovecycling.com\/pl\/#\/schema\/person\/0dba2d39da943db9df3fd8f4687e7f23"},"breadcrumb":{"@id":"https:\/\/www.welovecycling.com\/pl\/2017\/07\/03\/zaczeli-krecic-tour-de-france-juz-pokazalo-ze-przelewki\/#breadcrumb"},"inLanguage":"pl-PL","potentialAction":[{"@type":"ReadAction","target":["https:\/\/www.welovecycling.com\/pl\/2017\/07\/03\/zaczeli-krecic-tour-de-france-juz-pokazalo-ze-przelewki\/"]}]},{"@type":"ImageObject","inLanguage":"pl-PL","@id":"https:\/\/www.welovecycling.com\/pl\/2017\/07\/03\/zaczeli-krecic-tour-de-france-juz-pokazalo-ze-przelewki\/#primaryimage","url":"https:\/\/d2p6e6u75xmxt8.cloudfront.net\/5\/2017\/07\/20170702272_021705-e1499073236554.jpg","contentUrl":"https:\/\/d2p6e6u75xmxt8.cloudfront.net\/5\/2017\/07\/20170702272_021705-e1499073236554.jpg","width":900,"height":599,"caption":"tour de France 2017 - 02\/07\/2017 - Etape 2 - D\u00fcsseldorf \/ Li\u00e8ge (203,5 km) - Belgique - Marcel KITTEL (QUICK - STEP FLOORS) - Vainqueur du jour"},{"@type":"BreadcrumbList","@id":"https:\/\/www.welovecycling.com\/pl\/2017\/07\/03\/zaczeli-krecic-tour-de-france-juz-pokazalo-ze-przelewki\/#breadcrumb","itemListElement":[{"@type":"ListItem","position":1,"name":"Home","item":"https:\/\/www.welovecycling.com\/pl\/"},{"@type":"ListItem","position":2,"name":"Zacz\u0119li kr\u0119ci\u0107! Tour de France ju\u017c pokaza\u0142, \u017ce to nie przelewki"}]},{"@type":"WebSite","@id":"https:\/\/www.welovecycling.com\/pl\/#website","url":"https:\/\/www.welovecycling.com\/pl\/","name":"\u0160koda We Love Cycling - Poland","description":"","potentialAction":[{"@type":"SearchAction","target":{"@type":"EntryPoint","urlTemplate":"https:\/\/www.welovecycling.com\/pl\/?s={search_term_string}"},"query-input":{"@type":"PropertyValueSpecification","valueRequired":true,"valueName":"search_term_string"}}],"inLanguage":"pl-PL"},{"@type":"Person","@id":"https:\/\/www.welovecycling.com\/pl\/#\/schema\/person\/0dba2d39da943db9df3fd8f4687e7f23","name":"piotrboczkowski","image":{"@type":"ImageObject","inLanguage":"pl-PL","@id":"https:\/\/www.welovecycling.com\/pl\/#\/schema\/person\/image\/","url":"https:\/\/secure.gravatar.com\/avatar\/533caccae14752e03a2ce2d3fd62d1b98b93e1393c3195c27819e53344ca1ace?s=96&d=mm&r=g","contentUrl":"https:\/\/secure.gravatar.com\/avatar\/533caccae14752e03a2ce2d3fd62d1b98b93e1393c3195c27819e53344ca1ace?s=96&d=mm&r=g","caption":"piotrboczkowski"},"url":"https:\/\/www.welovecycling.com\/pl\/author\/piotrboczkowski\/"}]}},"_links":{"self":[{"href":"https:\/\/www.welovecycling.com\/pl\/wp-json\/wp\/v2\/posts\/4400","targetHints":{"allow":["GET"]}}],"collection":[{"href":"https:\/\/www.welovecycling.com\/pl\/wp-json\/wp\/v2\/posts"}],"about":[{"href":"https:\/\/www.welovecycling.com\/pl\/wp-json\/wp\/v2\/types\/post"}],"author":[{"embeddable":true,"href":"https:\/\/www.welovecycling.com\/pl\/wp-json\/wp\/v2\/users\/76"}],"replies":[{"embeddable":true,"href":"https:\/\/www.welovecycling.com\/pl\/wp-json\/wp\/v2\/comments?post=4400"}],"version-history":[{"count":2,"href":"https:\/\/www.welovecycling.com\/pl\/wp-json\/wp\/v2\/posts\/4400\/revisions"}],"predecessor-version":[{"id":4810,"href":"https:\/\/www.welovecycling.com\/pl\/wp-json\/wp\/v2\/posts\/4400\/revisions\/4810"}],"wp:featuredmedia":[{"embeddable":true,"href":"https:\/\/www.welovecycling.com\/pl\/wp-json\/wp\/v2\/media\/4401"}],"wp:attachment":[{"href":"https:\/\/www.welovecycling.com\/pl\/wp-json\/wp\/v2\/media?parent=4400"}],"wp:term":[{"taxonomy":"category","embeddable":true,"href":"https:\/\/www.welovecycling.com\/pl\/wp-json\/wp\/v2\/categories?post=4400"},{"taxonomy":"post_tag","embeddable":true,"href":"https:\/\/www.welovecycling.com\/pl\/wp-json\/wp\/v2\/tags?post=4400"},{"taxonomy":"global-categories","embeddable":true,"href":"https:\/\/www.welovecycling.com\/pl\/wp-json\/wp\/v2\/global-categories?post=4400"}],"curies":[{"name":"wp","href":"https:\/\/api.w.org\/{rel}","templated":true}]}}