{"id":44,"date":"2014-09-19T12:54:00","date_gmt":"2014-09-19T10:54:00","guid":{"rendered":"http:\/\/serwer1629254.home.pl\/index.php\/2014\/09\/19\/o-oponach-i-kolach-video\/"},"modified":"2018-04-03T09:31:12","modified_gmt":"2018-04-03T09:31:12","slug":"o-oponach-i-kolach-video","status":"publish","type":"post","link":"https:\/\/www.welovecycling.com\/pl\/2014\/09\/19\/o-oponach-i-kolach-video\/","title":{"rendered":"O oponach i ko\u0142ach (VIDEO)"},"content":{"rendered":"<p>Czy wiesz jak dobrze dopasowa\u0107 ko\u0142a i opony?<!--more--><\/p>\n<p><em>Ka\u017cde ko\u0142o ma swoje przeznaczenie-\u00a0<\/em>m\u00f3wi g\u0142\u00f3wny ekspert ds. technicznych w Akademii Copernicus, Piotr Grzyb. Najwa\u017cniejsze to dobra\u0107 ich rodzaj do swoich potrzeb oraz warunk\u00f3w atmosferycznych.<\/p>\n<p>W wyborze k\u00f3\u0142 i opon znaczenie ma r\u00f3wnie\u017c to, jaki rodzaj kolarstwa uprawiasz i w jakim terenie trenujesz. Specjalista z Akademii Copernicus zwraca uwag\u0119 na najdrobniejsze szczeg\u00f3\u0142y, takie jak dopasowanie ci\u015bnienia opon, czy rodzaj bie\u017cnika.<\/p>\n<p>Wyb\u00f3r k\u00f3\u0142 zale\u017cy przede wszystkim od rodzaju roweru i \u015brednicy jego obr\u0119czy. Wi\u0119ksze ko\u0142a maj\u0105 mniejszy k\u0105t tarcia, co u\u0142atwia pokonywanie przeszk\u00f3d. Opr\u00f3cz tego maj\u0105 wi\u0119ksz\u0105 powierzchni\u0119 styczno\u015bci z pod\u0142o\u017cem i dzi\u0119ki temu pewnie poruszaj\u0105 si\u0119 po nawierzchni. Ma\u0142e ko\u0142a s\u0105 z kolei zwrotne, l\u017cejsze, maj\u0105 dobr\u0105 dynamik\u0119 i w\u0142a\u015bciwie uniwersalne zastosowanie. Do kolarstwa szosowego najcz\u0119\u015bciej wybieramy ko\u0142a 28\u201d, kt\u00f3re w po\u0142\u0105czeniu z cienkimi oponami osi\u0105gaj\u0105 najwy\u017csze pr\u0119dko\u015bci.<\/p>\n<p>Dobrze dobrane opony przed\u0142u\u017caj\u0105 \u017cycie naszego roweru i zwi\u0119kszaj\u0105 w\u0142a\u015bciwo\u015bci jezdne.<\/p>\n<p>Wyb\u00f3r opony jest uzale\u017cniony przede wszystkim od sposobu jazdy i nawierzchni. Warto przeanalizowa\u0107, czy cz\u0119\u015bciej je\u017adzimy po asfalcie, czy po drogach gruntowych, czy je\u017adzimy intensywnie i regularnie, czy mo\u017ce okazjonalnie. Pami\u0119tajmy, \u017ce ogumienie ma du\u017cy wp\u0142yw na ci\u0119\u017cko\u015b\u0107 oporu toczenia i komfort jazdy. To, jaki wybierzemy rodzaj opon i bie\u017cnik b\u0119dzie mia\u0142o decyduj\u0105cy wp\u0142yw na mo\u017cliwo\u015b\u0107 pokonywania przez rower danego terenu i tzw. poziom skuteczno\u015bci (wydajno\u015b\u0107, przyczepno\u015b\u0107, odporno\u015b\u0107 na przebicia, trwa\u0142o\u015b\u0107, wag\u0119).<\/p>\n<p>A ty, jakie ko\u0142a i opony wybierasz? Zadbaj o aerodynamik\u0119 i w\u0142a\u015bciwo\u015bci jezdne swojego roweru. Obejrzyj filmik przygotowany przez\u00a0\u0160koda Nap\u0119dza Rowery:<\/p>\n","protected":false},"excerpt":{"rendered":"<p>Czy wiesz jak dobrze dopasowa\u0107 ko\u0142a i opony?<\/p>\n","protected":false},"author":1,"featured_media":504,"comment_status":"open","ping_status":"open","sticky":false,"template":"","format":"standard","meta":{"footnotes":""},"categories":[7],"tags":[62],"global-categories":[],"class_list":["post-44","post","type-post","status-publish","format-standard","has-post-thumbnail","hentry","category-bezpieczenstwo","tag-porady"],"yoast_head":"<!-- This site is optimized with the Yoast SEO Premium plugin v25.3 (Yoast SEO v25.9) - https:\/\/yoast.com\/wordpress\/plugins\/seo\/ -->\n<title>O oponach i ko\u0142ach (VIDEO) - \u0160koda We Love Cycling - Poland<\/title>\n<meta name=\"robots\" content=\"index, follow, max-snippet:-1, max-image-preview:large, max-video-preview:-1\" \/>\n<link rel=\"canonical\" href=\"https:\/\/www.welovecycling.com\/pl\/2014\/09\/19\/o-oponach-i-kolach-video\/\" \/>\n<meta property=\"og:locale\" content=\"pl_PL\" \/>\n<meta property=\"og:type\" content=\"article\" \/>\n<meta property=\"og:title\" content=\"O oponach i ko\u0142ach (VIDEO)\" \/>\n<meta property=\"og:description\" content=\"Czy wiesz jak dobrze dopasowa\u0107 ko\u0142a i opony?\" \/>\n<meta property=\"og:url\" content=\"https:\/\/www.welovecycling.com\/pl\/2014\/09\/19\/o-oponach-i-kolach-video\/\" \/>\n<meta property=\"og:site_name\" content=\"\u0160koda We Love Cycling - Poland\" \/>\n<meta property=\"article:published_time\" content=\"2014-09-19T10:54:00+00:00\" \/>\n<meta property=\"article:modified_time\" content=\"2018-04-03T09:31:12+00:00\" \/>\n<meta property=\"og:image\" content=\"https:\/\/d2p6e6u75xmxt8.cloudfront.net\/5\/2014\/09\/38.png\" \/>\n\t<meta property=\"og:image:width\" content=\"500\" \/>\n\t<meta property=\"og:image:height\" content=\"281\" \/>\n\t<meta property=\"og:image:type\" content=\"image\/png\" \/>\n<meta name=\"author\" content=\"WeLoveCycling\" \/>\n<meta name=\"twitter:card\" content=\"summary_large_image\" \/>\n<meta name=\"twitter:label1\" content=\"Written by\" \/>\n\t<meta name=\"twitter:data1\" content=\"WeLoveCycling\" \/>\n\t<meta name=\"twitter:label2\" content=\"Est. reading time\" \/>\n\t<meta name=\"twitter:data2\" content=\"2 minutes\" \/>\n<script type=\"application\/ld+json\" class=\"yoast-schema-graph\">{\"@context\":\"https:\/\/schema.org\",\"@graph\":[{\"@type\":\"WebPage\",\"@id\":\"https:\/\/www.welovecycling.com\/pl\/2014\/09\/19\/o-oponach-i-kolach-video\/\",\"url\":\"https:\/\/www.welovecycling.com\/pl\/2014\/09\/19\/o-oponach-i-kolach-video\/\",\"name\":\"O oponach i ko\u0142ach (VIDEO) - \u0160koda We Love Cycling - Poland\",\"isPartOf\":{\"@id\":\"https:\/\/www.welovecycling.com\/pl\/#website\"},\"primaryImageOfPage\":{\"@id\":\"https:\/\/www.welovecycling.com\/pl\/2014\/09\/19\/o-oponach-i-kolach-video\/#primaryimage\"},\"image\":{\"@id\":\"https:\/\/www.welovecycling.com\/pl\/2014\/09\/19\/o-oponach-i-kolach-video\/#primaryimage\"},\"thumbnailUrl\":\"https:\/\/d2p6e6u75xmxt8.cloudfront.net\/5\/2014\/09\/38.png\",\"datePublished\":\"2014-09-19T10:54:00+00:00\",\"dateModified\":\"2018-04-03T09:31:12+00:00\",\"author\":{\"@id\":\"https:\/\/www.welovecycling.com\/pl\/#\/schema\/person\/e5187c9cac8dd619ebc7b41bd73c2fd9\"},\"breadcrumb\":{\"@id\":\"https:\/\/www.welovecycling.com\/pl\/2014\/09\/19\/o-oponach-i-kolach-video\/#breadcrumb\"},\"inLanguage\":\"pl-PL\",\"potentialAction\":[{\"@type\":\"ReadAction\",\"target\":[\"https:\/\/www.welovecycling.com\/pl\/2014\/09\/19\/o-oponach-i-kolach-video\/\"]}]},{\"@type\":\"ImageObject\",\"inLanguage\":\"pl-PL\",\"@id\":\"https:\/\/www.welovecycling.com\/pl\/2014\/09\/19\/o-oponach-i-kolach-video\/#primaryimage\",\"url\":\"https:\/\/d2p6e6u75xmxt8.cloudfront.net\/5\/2014\/09\/38.png\",\"contentUrl\":\"https:\/\/d2p6e6u75xmxt8.cloudfront.net\/5\/2014\/09\/38.png\",\"width\":500,\"height\":281},{\"@type\":\"BreadcrumbList\",\"@id\":\"https:\/\/www.welovecycling.com\/pl\/2014\/09\/19\/o-oponach-i-kolach-video\/#breadcrumb\",\"itemListElement\":[{\"@type\":\"ListItem\",\"position\":1,\"name\":\"Home\",\"item\":\"https:\/\/www.welovecycling.com\/pl\/\"},{\"@type\":\"ListItem\",\"position\":2,\"name\":\"O oponach i ko\u0142ach (VIDEO)\"}]},{\"@type\":\"WebSite\",\"@id\":\"https:\/\/www.welovecycling.com\/pl\/#website\",\"url\":\"https:\/\/www.welovecycling.com\/pl\/\",\"name\":\"\u0160koda We Love Cycling - Poland\",\"description\":\"\",\"potentialAction\":[{\"@type\":\"SearchAction\",\"target\":{\"@type\":\"EntryPoint\",\"urlTemplate\":\"https:\/\/www.welovecycling.com\/pl\/?s={search_term_string}\"},\"query-input\":{\"@type\":\"PropertyValueSpecification\",\"valueRequired\":true,\"valueName\":\"search_term_string\"}}],\"inLanguage\":\"pl-PL\"},{\"@type\":\"Person\",\"@id\":\"https:\/\/www.welovecycling.com\/pl\/#\/schema\/person\/e5187c9cac8dd619ebc7b41bd73c2fd9\",\"name\":\"WeLoveCycling\",\"image\":{\"@type\":\"ImageObject\",\"inLanguage\":\"pl-PL\",\"@id\":\"https:\/\/www.welovecycling.com\/pl\/#\/schema\/person\/image\/\",\"url\":\"https:\/\/secure.gravatar.com\/avatar\/7e1ee0ecc5e294b19ef32b9f6086e0afbb9da00c3cb0d465ba4695331f4a9187?s=96&d=mm&r=g\",\"contentUrl\":\"https:\/\/secure.gravatar.com\/avatar\/7e1ee0ecc5e294b19ef32b9f6086e0afbb9da00c3cb0d465ba4695331f4a9187?s=96&d=mm&r=g\",\"caption\":\"WeLoveCycling\"},\"url\":\"https:\/\/www.welovecycling.com\/pl\/author\/lukascech\/\"}]}<\/script>\n<!-- \/ Yoast SEO Premium plugin. -->","yoast_head_json":{"title":"O oponach i ko\u0142ach (VIDEO) - \u0160koda We Love Cycling - Poland","robots":{"index":"index","follow":"follow","max-snippet":"max-snippet:-1","max-image-preview":"max-image-preview:large","max-video-preview":"max-video-preview:-1"},"canonical":"https:\/\/www.welovecycling.com\/pl\/2014\/09\/19\/o-oponach-i-kolach-video\/","og_locale":"pl_PL","og_type":"article","og_title":"O oponach i ko\u0142ach (VIDEO)","og_description":"Czy wiesz jak dobrze dopasowa\u0107 ko\u0142a i opony?","og_url":"https:\/\/www.welovecycling.com\/pl\/2014\/09\/19\/o-oponach-i-kolach-video\/","og_site_name":"\u0160koda We Love Cycling - Poland","article_published_time":"2014-09-19T10:54:00+00:00","article_modified_time":"2018-04-03T09:31:12+00:00","og_image":[{"width":500,"height":281,"url":"https:\/\/d2p6e6u75xmxt8.cloudfront.net\/5\/2014\/09\/38.png","type":"image\/png"}],"author":"WeLoveCycling","twitter_card":"summary_large_image","twitter_misc":{"Written by":"WeLoveCycling","Est. reading time":"2 minutes"},"schema":{"@context":"https:\/\/schema.org","@graph":[{"@type":"WebPage","@id":"https:\/\/www.welovecycling.com\/pl\/2014\/09\/19\/o-oponach-i-kolach-video\/","url":"https:\/\/www.welovecycling.com\/pl\/2014\/09\/19\/o-oponach-i-kolach-video\/","name":"O oponach i ko\u0142ach (VIDEO) - \u0160koda We Love Cycling - Poland","isPartOf":{"@id":"https:\/\/www.welovecycling.com\/pl\/#website"},"primaryImageOfPage":{"@id":"https:\/\/www.welovecycling.com\/pl\/2014\/09\/19\/o-oponach-i-kolach-video\/#primaryimage"},"image":{"@id":"https:\/\/www.welovecycling.com\/pl\/2014\/09\/19\/o-oponach-i-kolach-video\/#primaryimage"},"thumbnailUrl":"https:\/\/d2p6e6u75xmxt8.cloudfront.net\/5\/2014\/09\/38.png","datePublished":"2014-09-19T10:54:00+00:00","dateModified":"2018-04-03T09:31:12+00:00","author":{"@id":"https:\/\/www.welovecycling.com\/pl\/#\/schema\/person\/e5187c9cac8dd619ebc7b41bd73c2fd9"},"breadcrumb":{"@id":"https:\/\/www.welovecycling.com\/pl\/2014\/09\/19\/o-oponach-i-kolach-video\/#breadcrumb"},"inLanguage":"pl-PL","potentialAction":[{"@type":"ReadAction","target":["https:\/\/www.welovecycling.com\/pl\/2014\/09\/19\/o-oponach-i-kolach-video\/"]}]},{"@type":"ImageObject","inLanguage":"pl-PL","@id":"https:\/\/www.welovecycling.com\/pl\/2014\/09\/19\/o-oponach-i-kolach-video\/#primaryimage","url":"https:\/\/d2p6e6u75xmxt8.cloudfront.net\/5\/2014\/09\/38.png","contentUrl":"https:\/\/d2p6e6u75xmxt8.cloudfront.net\/5\/2014\/09\/38.png","width":500,"height":281},{"@type":"BreadcrumbList","@id":"https:\/\/www.welovecycling.com\/pl\/2014\/09\/19\/o-oponach-i-kolach-video\/#breadcrumb","itemListElement":[{"@type":"ListItem","position":1,"name":"Home","item":"https:\/\/www.welovecycling.com\/pl\/"},{"@type":"ListItem","position":2,"name":"O oponach i ko\u0142ach (VIDEO)"}]},{"@type":"WebSite","@id":"https:\/\/www.welovecycling.com\/pl\/#website","url":"https:\/\/www.welovecycling.com\/pl\/","name":"\u0160koda We Love Cycling - Poland","description":"","potentialAction":[{"@type":"SearchAction","target":{"@type":"EntryPoint","urlTemplate":"https:\/\/www.welovecycling.com\/pl\/?s={search_term_string}"},"query-input":{"@type":"PropertyValueSpecification","valueRequired":true,"valueName":"search_term_string"}}],"inLanguage":"pl-PL"},{"@type":"Person","@id":"https:\/\/www.welovecycling.com\/pl\/#\/schema\/person\/e5187c9cac8dd619ebc7b41bd73c2fd9","name":"WeLoveCycling","image":{"@type":"ImageObject","inLanguage":"pl-PL","@id":"https:\/\/www.welovecycling.com\/pl\/#\/schema\/person\/image\/","url":"https:\/\/secure.gravatar.com\/avatar\/7e1ee0ecc5e294b19ef32b9f6086e0afbb9da00c3cb0d465ba4695331f4a9187?s=96&d=mm&r=g","contentUrl":"https:\/\/secure.gravatar.com\/avatar\/7e1ee0ecc5e294b19ef32b9f6086e0afbb9da00c3cb0d465ba4695331f4a9187?s=96&d=mm&r=g","caption":"WeLoveCycling"},"url":"https:\/\/www.welovecycling.com\/pl\/author\/lukascech\/"}]}},"_links":{"self":[{"href":"https:\/\/www.welovecycling.com\/pl\/wp-json\/wp\/v2\/posts\/44","targetHints":{"allow":["GET"]}}],"collection":[{"href":"https:\/\/www.welovecycling.com\/pl\/wp-json\/wp\/v2\/posts"}],"about":[{"href":"https:\/\/www.welovecycling.com\/pl\/wp-json\/wp\/v2\/types\/post"}],"author":[{"embeddable":true,"href":"https:\/\/www.welovecycling.com\/pl\/wp-json\/wp\/v2\/users\/1"}],"replies":[{"embeddable":true,"href":"https:\/\/www.welovecycling.com\/pl\/wp-json\/wp\/v2\/comments?post=44"}],"version-history":[{"count":1,"href":"https:\/\/www.welovecycling.com\/pl\/wp-json\/wp\/v2\/posts\/44\/revisions"}],"predecessor-version":[{"id":2527,"href":"https:\/\/www.welovecycling.com\/pl\/wp-json\/wp\/v2\/posts\/44\/revisions\/2527"}],"wp:featuredmedia":[{"embeddable":true,"href":"https:\/\/www.welovecycling.com\/pl\/wp-json\/wp\/v2\/media\/504"}],"wp:attachment":[{"href":"https:\/\/www.welovecycling.com\/pl\/wp-json\/wp\/v2\/media?parent=44"}],"wp:term":[{"taxonomy":"category","embeddable":true,"href":"https:\/\/www.welovecycling.com\/pl\/wp-json\/wp\/v2\/categories?post=44"},{"taxonomy":"post_tag","embeddable":true,"href":"https:\/\/www.welovecycling.com\/pl\/wp-json\/wp\/v2\/tags?post=44"},{"taxonomy":"global-categories","embeddable":true,"href":"https:\/\/www.welovecycling.com\/pl\/wp-json\/wp\/v2\/global-categories?post=44"}],"curies":[{"name":"wp","href":"https:\/\/api.w.org\/{rel}","templated":true}]}}