{"id":4390,"date":"2017-07-02T21:18:13","date_gmt":"2017-07-02T21:18:13","guid":{"rendered":"https:\/\/www.welovecycling.com\/pl\/?p=4390"},"modified":"2017-08-06T07:07:45","modified_gmt":"2017-08-06T07:07:45","slug":"stephen-roche-poswiecenia-jazda-bez-ograniczen-wymowek","status":"publish","type":"post","link":"https:\/\/www.welovecycling.com\/pl\/2017\/07\/02\/stephen-roche-poswiecenia-jazda-bez-ograniczen-wymowek\/","title":{"rendered":"Stephen Roche i jego po\u015bwi\u0119cenia \u2013 jazda bez ogranicze\u0144 i wym\u00f3wek"},"content":{"rendered":"<p><strong>Tylko o\u015bmiu kolarzom uda\u0142o si\u0119 wygra\u0107 dwa wielkie wy\u015bcigi Grand Tour w ci\u0105gu jednego roku, a raptem siedmiu odnios\u0142o zwyci\u0119stwo w kt\u00f3rym\u015b wy\u015bcigu Grand Tour i mistrzostwach \u015bwiata w tym samym roku. Poza tym tylko dwaj kolarze zwyci\u0119\u017cyli w Giro d\u2019Italia, Tour de France i mistrzostwach \u015bwiata, co da\u0142o im tzw. potr\u00f3jn\u0105 koron\u0119. Tymi legendarnymi zawodnikami s\u0105 Eddie Merckx (kt\u00f3remu nadano pseudonim \u201eKanibal\u201d) oraz niepozorny Irlandczyk Stephen Roche.<\/strong><br \/>\n<!--more--><\/p>\n<h2><strong>Tragiczny wypadek<\/strong><\/h2>\n<p><span style=\"font-weight: 400;\">W 1980 roku Stephen Roche sko\u0144czy\u0142 21 lat i dobrze radzi\u0142 sobie w kolarskich klasykach na torach wy\u015bcigowych dla zawodowc\u00f3w. W 1986 roku rozbi\u0142 si\u0119, jad\u0105c z du\u017c\u0105 pr\u0119dko\u015bci\u0105, co sko\u0144czy\u0142o si\u0119 przewlek\u0142ym urazem prawego kolana. Mimo to Roche zdecydowa\u0142 si\u0119 kontynuowa\u0107 karier\u0119 w kolarstwie zawodowym i w roku 1987 \u015bciga\u0142 si\u0119 tak, jakby mia\u0142 to by\u0107 jego ostatni wy\u015bcig.<\/span><\/p>\n<figure id=\"attachment_152281\" aria-describedby=\"caption-attachment-152281\" style=\"width: 1250px\" class=\"wp-caption alignnone\"><a href=\"https:\/\/d2p6e6u75xmxt8.cloudfront.net\/5\/2017\/07\/profimedia-0226083874.jpg\"><img loading=\"lazy\" decoding=\"async\" class=\"size-full wp-image-4391\" src=\"https:\/\/d2p6e6u75xmxt8.cloudfront.net\/5\/2017\/07\/profimedia-0226083874.jpg\" alt=\"\" width=\"1250\" height=\"821\" srcset=\"https:\/\/d2p6e6u75xmxt8.cloudfront.net\/5\/2017\/07\/profimedia-0226083874.jpg 1250w, https:\/\/d2p6e6u75xmxt8.cloudfront.net\/5\/2017\/07\/profimedia-0226083874-300x197.jpg 300w, https:\/\/d2p6e6u75xmxt8.cloudfront.net\/5\/2017\/07\/profimedia-0226083874-768x504.jpg 768w, https:\/\/d2p6e6u75xmxt8.cloudfront.net\/5\/2017\/07\/profimedia-0226083874-1024x673.jpg 1024w\" sizes=\"auto, (max-width: 1250px) 100vw, 1250px\" \/><\/a><figcaption id=\"caption-attachment-152281\" class=\"wp-caption-text\">Stephen Roche i Sean Kelly w\u00a01982 \u00a0roku. Goodwood, Britain.<\/figcaption><\/figure>\n<h2><strong>Amator<\/strong><\/h2>\n<p><span style=\"font-weight: 400;\">Pocz\u0105tek sezonu w 1987 roku mia\u0142 by\u0107 dla Roche\u2019a spe\u0142nieniem marze\u0144 \u2013 wygrywaj\u0105c Volta a la Comunitat Valenciana i plasuj\u0105c si\u0119 w zwyci\u0119skiej tr\u00f3jce kilku klasyk\u00f3w, zawodnik przer\u00f3s\u0142 wszelkie oczekiwania. Mimo sukces\u00f3w Roche powiedzia\u0142 dziennikarzom, \u017ce jecha\u0142 na rowerze \u201ejak amator\u201d.<\/span><\/p>\n<p><span style=\"font-weight: 400;\">Nast\u0119pnie Roche pokona\u0142 tras\u0119 trzech etap\u00f3w Giro d\u2019Italia, a potem sta\u0142 si\u0119 pierwszym zwyci\u0119zc\u0105 wy\u015bcigu pochodz\u0105cym z Irlandii. \u015awiat kolarstwa trwa\u0142 w zachwycie \u2013 je\u017celi Stephen Roche jest w stanie osi\u0105gn\u0105\u0107 a\u017c tyle jako amator, to ile osi\u0105gnie jako zawodowiec.<\/span><\/p>\n<h2><strong>\u015awiate\u0142ko na ko\u0144cu tunelu<\/strong><\/h2>\n<p><span style=\"font-weight: 400;\">Roche opisa\u0142 Tour de France z 1986 roku jako \u201eciemny tunel b\u00f3lu\u201d i nikt nie wini\u0142by go wtedy za odej\u015bcie z kolarstwa zawodowego. Jakim\u015b sposobem nauczy\u0142 si\u0119 jednak przekracza\u0107 swoje granice b\u00f3lu i zm\u0119czenia &#8211; w etapie 21. wywo\u0142a\u0142 w\u015br\u00f3d widz\u00f3w prawdziw\u0105 sensacj\u0119.<\/span><\/p>\n<figure id=\"attachment_152284\" aria-describedby=\"caption-attachment-152284\" style=\"width: 1250px\" class=\"wp-caption alignnone\"><a href=\"https:\/\/d2p6e6u75xmxt8.cloudfront.net\/5\/2017\/07\/profimedia-0226083837.jpg\"><img loading=\"lazy\" decoding=\"async\" class=\"size-full wp-image-4393\" src=\"https:\/\/d2p6e6u75xmxt8.cloudfront.net\/5\/2017\/07\/profimedia-0226083837.jpg\" alt=\"\" width=\"1250\" height=\"931\" srcset=\"https:\/\/d2p6e6u75xmxt8.cloudfront.net\/5\/2017\/07\/profimedia-0226083837.jpg 1250w, https:\/\/d2p6e6u75xmxt8.cloudfront.net\/5\/2017\/07\/profimedia-0226083837-300x223.jpg 300w, https:\/\/d2p6e6u75xmxt8.cloudfront.net\/5\/2017\/07\/profimedia-0226083837-768x572.jpg 768w, https:\/\/d2p6e6u75xmxt8.cloudfront.net\/5\/2017\/07\/profimedia-0226083837-1024x763.jpg 1024w\" sizes=\"auto, (max-width: 1250px) 100vw, 1250px\" \/><\/a><figcaption id=\"caption-attachment-152284\" class=\"wp-caption-text\">Stephen Roche holuje\u00a0Seana Kelly.<\/figcaption><\/figure>\n<h2><strong>Bystro\u015b\u0107 umys\u0142u mimo wysi\u0142ku<\/strong><\/h2>\n<p><span style=\"font-weight: 400;\">W etapie 20. Tour de France z 1987 roku Roche pozostawa\u0142 w tyle za Delgado, swoim rywalem. Roche wiedzia\u0142, \u017ce jego konkurent uwielbia wspinaczk\u0119 i spodziewa\u0142 si\u0119, \u017ce Delgado b\u0119dzie jecha\u0142 z umiarkowan\u0105 pr\u0119dko\u015bci\u0105 po to, by gwa\u0142townie przyspieszy\u0107 w drodze do La Plagne. Dlatego Roche zdecydowa\u0142 si\u0119 na atak z zaskoczenia dosy\u0107 wcze\u015bnie, wje\u017cd\u017caj\u0105c w pojedynk\u0119 na Col de la Madeleine, przy czym pokona\u0142 wysoko\u015b\u0107 2000 metr\u00f3w.<\/span><\/p>\n<lite-youtube videoid=sQojh-wqL04 params=\"enablejsapi=1\" style=\"background-image: url('https:\/\/i.ytimg.com\/vi_webp\/sQojh-wqL04\/maxresdefault.webp');\"><\/lite-youtube>\n<p><span style=\"font-weight: 400;\">Delgado nadrobi\u0142 czas i \u2013 tak jak spodziewa\u0142 si\u0119 Roche \u2013 gwa\u0142townie przyspieszy\u0142 przed La Plagne. Pozwalaj\u0105c Delgado na jednominutow\u0105 przewag\u0119, Roche mia\u0142 nadziej\u0119, \u017ce Delgado odpr\u0119\u017cy si\u0119 na tyle, by nie wychodzi\u0107 dalej na prowadzenie. Ku zdumieniu komentator\u00f3w, po zdobyciu przewagi przez Delgado, Roche zacz\u0105\u0142 sun\u0105\u0107 wzwy\u017c, a\u017c wjecha\u0142 na p\u0142aski teren i z r\u00f3wn\u0105 moc\u0105 pokona\u0142 pozosta\u0142\u0105 cz\u0119\u015b\u0107 wspinaczki.<\/span><\/p>\n<h2><strong>Narodziny legendy<\/strong><\/h2>\n<p><span style=\"font-weight: 400;\">Osi\u0105gni\u0119cie Roche\u2019a by\u0142o tak wyczerpuj\u0105ce, \u017ce straci\u0142 przytomno\u015b\u0107 i upad\u0142 pod sam koniec etapu. Zabrano go do karetki i podano mu tlen, dzi\u0119ki czemu w ko\u0144cu si\u0119 przebudzi\u0142. Gdy zapytano go o samopoczucie, odpowiedzia\u0142: \u201eDobrze, ale nie jestem jeszcze gotowy na kobiet\u0119\u201d.<\/span><\/p>\n<p><span style=\"font-weight: 400;\">Roche s\u0142usznie wystrzega\u0142 si\u0119 pokus \u2013 niebawem wygra\u0142 Tour de France z 1987 roku, wyprzedzaj\u0105c Delgado o zaledwie 40 sekund. Jeszcze w tym samym roku Roche zwyci\u0119\u017cy\u0142 w mistrzostwach \u015bwiata w kolarstwie szosowym, kt\u00f3re odby\u0142y si\u0119 w austriackim Villach. Dzi\u0119ki tym sukcesom\u00a0rok 1987 sta\u0142 si\u0119 drugim i jak dot\u0105d ostatnim, w kt\u00f3rym zawodnikowi uda\u0142o si\u0119 zdoby\u0107 potr\u00f3jn\u0105 koron\u0119 kolarstwa.<\/span><\/p>\n<h2><strong>Bez przeszk\u00f3d<\/strong><\/h2>\n<p><span style=\"font-weight: 400;\">Kolarze, kt\u00f3rzy osi\u0105gaj\u0105 w swojej dziedzinie mistrzostwo, potrafi\u0105 oceni\u0107, co jest w \u017cyciu naprawd\u0119 wa\u017cne. Roche powiedzia\u0142 kiedy\u015b: \u201eNigdy nie rzuc\u0119 jazdy na rowerze. M\u00f3j dziadek jest ju\u017c po siedemdziesi\u0105tce i ci\u0105gle porusza si\u0119 wsz\u0119dzie rowerem. Uwa\u017cam to za co\u015b pi\u0119knego. Dlatego rower na zawsze pozostanie elementem mojego \u017cycia\u201d. Oto s\u0142owa kolarza z prawdziwego zdarzenia.<\/span><\/p>\n<lite-youtube videoid=mNqx2f9Pgj0 params=\"enablejsapi=1\" style=\"background-image: url('https:\/\/i.ytimg.com\/vi_webp\/mNqx2f9Pgj0\/maxresdefault.webp');\"><\/lite-youtube>\n","protected":false},"excerpt":{"rendered":"<p>Tylko o\u015bmiu kolarzom uda\u0142o si\u0119 wygra\u0107 dwa wielkie wy\u015bcigi Grand Tour w ci\u0105gu jednego roku, a raptem siedmiu odnios\u0142o zwyci\u0119stwo [&hellip;]<\/p>\n","protected":false},"author":76,"featured_media":4395,"comment_status":"open","ping_status":"open","sticky":false,"template":"","format":"video","meta":{"footnotes":""},"categories":[1],"tags":[112,77,163],"global-categories":[],"class_list":["post-4390","post","type-post","status-publish","format-video","has-post-thumbnail","hentry","category-uncategorized","tag-stephan-roche","tag-tour-de-france","tag-tour-de-france-2017","post_format-post-format-video"],"yoast_head":"<!-- This site is optimized with the Yoast SEO Premium plugin v25.3 (Yoast SEO v25.9) - https:\/\/yoast.com\/wordpress\/plugins\/seo\/ -->\n<title>Stephen Roche i jego po\u015bwi\u0119cenia \u2013 jazda bez ogranicze\u0144 i wym\u00f3wek - \u0160koda We Love Cycling - Poland<\/title>\n<meta name=\"robots\" content=\"index, follow, max-snippet:-1, max-image-preview:large, max-video-preview:-1\" \/>\n<link rel=\"canonical\" href=\"https:\/\/www.welovecycling.com\/pl\/2017\/07\/02\/stephen-roche-poswiecenia-jazda-bez-ograniczen-wymowek\/\" \/>\n<meta property=\"og:locale\" content=\"pl_PL\" \/>\n<meta property=\"og:type\" content=\"article\" \/>\n<meta property=\"og:title\" content=\"Stephen Roche i jego po\u015bwi\u0119cenia \u2013 jazda bez ogranicze\u0144 i wym\u00f3wek\" \/>\n<meta property=\"og:description\" content=\"Tylko o\u015bmiu kolarzom uda\u0142o si\u0119 wygra\u0107 dwa wielkie wy\u015bcigi Grand Tour w ci\u0105gu jednego roku, a raptem siedmiu odnios\u0142o zwyci\u0119stwo [&hellip;]\" \/>\n<meta property=\"og:url\" content=\"https:\/\/www.welovecycling.com\/pl\/2017\/07\/02\/stephen-roche-poswiecenia-jazda-bez-ograniczen-wymowek\/\" \/>\n<meta property=\"og:site_name\" content=\"\u0160koda We Love Cycling - Poland\" \/>\n<meta property=\"article:published_time\" content=\"2017-07-02T21:18:13+00:00\" \/>\n<meta property=\"article:modified_time\" content=\"2017-08-06T07:07:45+00:00\" \/>\n<meta property=\"og:image\" content=\"https:\/\/d2p6e6u75xmxt8.cloudfront.net\/5\/2017\/07\/profimedia-0068376051-1.jpg\" \/>\n\t<meta property=\"og:image:width\" content=\"1800\" \/>\n\t<meta property=\"og:image:height\" content=\"785\" \/>\n\t<meta property=\"og:image:type\" content=\"image\/jpeg\" \/>\n<meta name=\"author\" content=\"piotrboczkowski\" \/>\n<meta name=\"twitter:card\" content=\"summary_large_image\" \/>\n<meta name=\"twitter:label1\" content=\"Written by\" \/>\n\t<meta name=\"twitter:data1\" content=\"WeLoveCycling\" \/>\n\t<meta name=\"twitter:label2\" content=\"Est. watching time\" \/>\n\t<meta name=\"twitter:data2\" content=\"1:33\" \/>\n<script type=\"application\/ld+json\" class=\"yoast-schema-graph\">{\"@context\":\"https:\/\/schema.org\",\"@graph\":[{\"@type\":\"WebPage\",\"@id\":\"https:\/\/www.welovecycling.com\/pl\/2017\/07\/02\/stephen-roche-poswiecenia-jazda-bez-ograniczen-wymowek\/\",\"url\":\"https:\/\/www.welovecycling.com\/pl\/2017\/07\/02\/stephen-roche-poswiecenia-jazda-bez-ograniczen-wymowek\/\",\"name\":\"Stephen Roche i jego po\u015bwi\u0119cenia \u2013 jazda bez ogranicze\u0144 i wym\u00f3wek - \u0160koda We Love Cycling - Poland\",\"isPartOf\":{\"@id\":\"https:\/\/www.welovecycling.com\/pl\/#website\"},\"primaryImageOfPage\":{\"@id\":\"https:\/\/www.welovecycling.com\/pl\/2017\/07\/02\/stephen-roche-poswiecenia-jazda-bez-ograniczen-wymowek\/#primaryimage\"},\"image\":{\"@id\":\"https:\/\/www.welovecycling.com\/pl\/2017\/07\/02\/stephen-roche-poswiecenia-jazda-bez-ograniczen-wymowek\/#primaryimage\"},\"thumbnailUrl\":\"https:\/\/d2p6e6u75xmxt8.cloudfront.net\/5\/2017\/07\/profimedia-0068376051-1.jpg\",\"datePublished\":\"2017-07-02T21:18:13+00:00\",\"dateModified\":\"2017-08-06T07:07:45+00:00\",\"author\":{\"@id\":\"https:\/\/www.welovecycling.com\/pl\/#\/schema\/person\/0dba2d39da943db9df3fd8f4687e7f23\"},\"breadcrumb\":{\"@id\":\"https:\/\/www.welovecycling.com\/pl\/2017\/07\/02\/stephen-roche-poswiecenia-jazda-bez-ograniczen-wymowek\/#breadcrumb\"},\"inLanguage\":\"pl-PL\",\"potentialAction\":[{\"@type\":\"ReadAction\",\"target\":[\"https:\/\/www.welovecycling.com\/pl\/2017\/07\/02\/stephen-roche-poswiecenia-jazda-bez-ograniczen-wymowek\/\"]}]},{\"@type\":\"ImageObject\",\"inLanguage\":\"pl-PL\",\"@id\":\"https:\/\/www.welovecycling.com\/pl\/2017\/07\/02\/stephen-roche-poswiecenia-jazda-bez-ograniczen-wymowek\/#primaryimage\",\"url\":\"https:\/\/d2p6e6u75xmxt8.cloudfront.net\/5\/2017\/07\/profimedia-0068376051-1.jpg\",\"contentUrl\":\"https:\/\/d2p6e6u75xmxt8.cloudfront.net\/5\/2017\/07\/profimedia-0068376051-1.jpg\",\"width\":1800,\"height\":785},{\"@type\":\"BreadcrumbList\",\"@id\":\"https:\/\/www.welovecycling.com\/pl\/2017\/07\/02\/stephen-roche-poswiecenia-jazda-bez-ograniczen-wymowek\/#breadcrumb\",\"itemListElement\":[{\"@type\":\"ListItem\",\"position\":1,\"name\":\"Home\",\"item\":\"https:\/\/www.welovecycling.com\/pl\/\"},{\"@type\":\"ListItem\",\"position\":2,\"name\":\"Stephen Roche i jego po\u015bwi\u0119cenia \u2013 jazda bez ogranicze\u0144 i wym\u00f3wek\"}]},{\"@type\":\"WebSite\",\"@id\":\"https:\/\/www.welovecycling.com\/pl\/#website\",\"url\":\"https:\/\/www.welovecycling.com\/pl\/\",\"name\":\"\u0160koda We Love Cycling - Poland\",\"description\":\"\",\"potentialAction\":[{\"@type\":\"SearchAction\",\"target\":{\"@type\":\"EntryPoint\",\"urlTemplate\":\"https:\/\/www.welovecycling.com\/pl\/?s={search_term_string}\"},\"query-input\":{\"@type\":\"PropertyValueSpecification\",\"valueRequired\":true,\"valueName\":\"search_term_string\"}}],\"inLanguage\":\"pl-PL\"},{\"@type\":\"Person\",\"@id\":\"https:\/\/www.welovecycling.com\/pl\/#\/schema\/person\/0dba2d39da943db9df3fd8f4687e7f23\",\"name\":\"piotrboczkowski\",\"image\":{\"@type\":\"ImageObject\",\"inLanguage\":\"pl-PL\",\"@id\":\"https:\/\/www.welovecycling.com\/pl\/#\/schema\/person\/image\/\",\"url\":\"https:\/\/secure.gravatar.com\/avatar\/533caccae14752e03a2ce2d3fd62d1b98b93e1393c3195c27819e53344ca1ace?s=96&d=mm&r=g\",\"contentUrl\":\"https:\/\/secure.gravatar.com\/avatar\/533caccae14752e03a2ce2d3fd62d1b98b93e1393c3195c27819e53344ca1ace?s=96&d=mm&r=g\",\"caption\":\"piotrboczkowski\"},\"url\":\"https:\/\/www.welovecycling.com\/pl\/author\/piotrboczkowski\/\"}]}<\/script>\n<!-- \/ Yoast SEO Premium plugin. -->","yoast_head_json":{"title":"Stephen Roche i jego po\u015bwi\u0119cenia \u2013 jazda bez ogranicze\u0144 i wym\u00f3wek - \u0160koda We Love Cycling - Poland","robots":{"index":"index","follow":"follow","max-snippet":"max-snippet:-1","max-image-preview":"max-image-preview:large","max-video-preview":"max-video-preview:-1"},"canonical":"https:\/\/www.welovecycling.com\/pl\/2017\/07\/02\/stephen-roche-poswiecenia-jazda-bez-ograniczen-wymowek\/","og_locale":"pl_PL","og_type":"article","og_title":"Stephen Roche i jego po\u015bwi\u0119cenia \u2013 jazda bez ogranicze\u0144 i wym\u00f3wek","og_description":"Tylko o\u015bmiu kolarzom uda\u0142o si\u0119 wygra\u0107 dwa wielkie wy\u015bcigi Grand Tour w ci\u0105gu jednego roku, a raptem siedmiu odnios\u0142o zwyci\u0119stwo [&hellip;]","og_url":"https:\/\/www.welovecycling.com\/pl\/2017\/07\/02\/stephen-roche-poswiecenia-jazda-bez-ograniczen-wymowek\/","og_site_name":"\u0160koda We Love Cycling - Poland","article_published_time":"2017-07-02T21:18:13+00:00","article_modified_time":"2017-08-06T07:07:45+00:00","og_image":[{"width":1800,"height":785,"url":"https:\/\/d2p6e6u75xmxt8.cloudfront.net\/5\/2017\/07\/profimedia-0068376051-1.jpg","type":"image\/jpeg"}],"author":"piotrboczkowski","twitter_card":"summary_large_image","twitter_misc":{"Written by":"WeLoveCycling","Est. watching time":"1:33"},"schema":{"@context":"https:\/\/schema.org","@graph":[{"@type":"WebPage","@id":"https:\/\/www.welovecycling.com\/pl\/2017\/07\/02\/stephen-roche-poswiecenia-jazda-bez-ograniczen-wymowek\/","url":"https:\/\/www.welovecycling.com\/pl\/2017\/07\/02\/stephen-roche-poswiecenia-jazda-bez-ograniczen-wymowek\/","name":"Stephen Roche i jego po\u015bwi\u0119cenia \u2013 jazda bez ogranicze\u0144 i wym\u00f3wek - \u0160koda We Love Cycling - Poland","isPartOf":{"@id":"https:\/\/www.welovecycling.com\/pl\/#website"},"primaryImageOfPage":{"@id":"https:\/\/www.welovecycling.com\/pl\/2017\/07\/02\/stephen-roche-poswiecenia-jazda-bez-ograniczen-wymowek\/#primaryimage"},"image":{"@id":"https:\/\/www.welovecycling.com\/pl\/2017\/07\/02\/stephen-roche-poswiecenia-jazda-bez-ograniczen-wymowek\/#primaryimage"},"thumbnailUrl":"https:\/\/d2p6e6u75xmxt8.cloudfront.net\/5\/2017\/07\/profimedia-0068376051-1.jpg","datePublished":"2017-07-02T21:18:13+00:00","dateModified":"2017-08-06T07:07:45+00:00","author":{"@id":"https:\/\/www.welovecycling.com\/pl\/#\/schema\/person\/0dba2d39da943db9df3fd8f4687e7f23"},"breadcrumb":{"@id":"https:\/\/www.welovecycling.com\/pl\/2017\/07\/02\/stephen-roche-poswiecenia-jazda-bez-ograniczen-wymowek\/#breadcrumb"},"inLanguage":"pl-PL","potentialAction":[{"@type":"ReadAction","target":["https:\/\/www.welovecycling.com\/pl\/2017\/07\/02\/stephen-roche-poswiecenia-jazda-bez-ograniczen-wymowek\/"]}]},{"@type":"ImageObject","inLanguage":"pl-PL","@id":"https:\/\/www.welovecycling.com\/pl\/2017\/07\/02\/stephen-roche-poswiecenia-jazda-bez-ograniczen-wymowek\/#primaryimage","url":"https:\/\/d2p6e6u75xmxt8.cloudfront.net\/5\/2017\/07\/profimedia-0068376051-1.jpg","contentUrl":"https:\/\/d2p6e6u75xmxt8.cloudfront.net\/5\/2017\/07\/profimedia-0068376051-1.jpg","width":1800,"height":785},{"@type":"BreadcrumbList","@id":"https:\/\/www.welovecycling.com\/pl\/2017\/07\/02\/stephen-roche-poswiecenia-jazda-bez-ograniczen-wymowek\/#breadcrumb","itemListElement":[{"@type":"ListItem","position":1,"name":"Home","item":"https:\/\/www.welovecycling.com\/pl\/"},{"@type":"ListItem","position":2,"name":"Stephen Roche i jego po\u015bwi\u0119cenia \u2013 jazda bez ogranicze\u0144 i wym\u00f3wek"}]},{"@type":"WebSite","@id":"https:\/\/www.welovecycling.com\/pl\/#website","url":"https:\/\/www.welovecycling.com\/pl\/","name":"\u0160koda We Love Cycling - Poland","description":"","potentialAction":[{"@type":"SearchAction","target":{"@type":"EntryPoint","urlTemplate":"https:\/\/www.welovecycling.com\/pl\/?s={search_term_string}"},"query-input":{"@type":"PropertyValueSpecification","valueRequired":true,"valueName":"search_term_string"}}],"inLanguage":"pl-PL"},{"@type":"Person","@id":"https:\/\/www.welovecycling.com\/pl\/#\/schema\/person\/0dba2d39da943db9df3fd8f4687e7f23","name":"piotrboczkowski","image":{"@type":"ImageObject","inLanguage":"pl-PL","@id":"https:\/\/www.welovecycling.com\/pl\/#\/schema\/person\/image\/","url":"https:\/\/secure.gravatar.com\/avatar\/533caccae14752e03a2ce2d3fd62d1b98b93e1393c3195c27819e53344ca1ace?s=96&d=mm&r=g","contentUrl":"https:\/\/secure.gravatar.com\/avatar\/533caccae14752e03a2ce2d3fd62d1b98b93e1393c3195c27819e53344ca1ace?s=96&d=mm&r=g","caption":"piotrboczkowski"},"url":"https:\/\/www.welovecycling.com\/pl\/author\/piotrboczkowski\/"}]}},"_links":{"self":[{"href":"https:\/\/www.welovecycling.com\/pl\/wp-json\/wp\/v2\/posts\/4390","targetHints":{"allow":["GET"]}}],"collection":[{"href":"https:\/\/www.welovecycling.com\/pl\/wp-json\/wp\/v2\/posts"}],"about":[{"href":"https:\/\/www.welovecycling.com\/pl\/wp-json\/wp\/v2\/types\/post"}],"author":[{"embeddable":true,"href":"https:\/\/www.welovecycling.com\/pl\/wp-json\/wp\/v2\/users\/76"}],"replies":[{"embeddable":true,"href":"https:\/\/www.welovecycling.com\/pl\/wp-json\/wp\/v2\/comments?post=4390"}],"version-history":[{"count":2,"href":"https:\/\/www.welovecycling.com\/pl\/wp-json\/wp\/v2\/posts\/4390\/revisions"}],"predecessor-version":[{"id":4674,"href":"https:\/\/www.welovecycling.com\/pl\/wp-json\/wp\/v2\/posts\/4390\/revisions\/4674"}],"wp:featuredmedia":[{"embeddable":true,"href":"https:\/\/www.welovecycling.com\/pl\/wp-json\/wp\/v2\/media\/4395"}],"wp:attachment":[{"href":"https:\/\/www.welovecycling.com\/pl\/wp-json\/wp\/v2\/media?parent=4390"}],"wp:term":[{"taxonomy":"category","embeddable":true,"href":"https:\/\/www.welovecycling.com\/pl\/wp-json\/wp\/v2\/categories?post=4390"},{"taxonomy":"post_tag","embeddable":true,"href":"https:\/\/www.welovecycling.com\/pl\/wp-json\/wp\/v2\/tags?post=4390"},{"taxonomy":"global-categories","embeddable":true,"href":"https:\/\/www.welovecycling.com\/pl\/wp-json\/wp\/v2\/global-categories?post=4390"}],"curies":[{"name":"wp","href":"https:\/\/api.w.org\/{rel}","templated":true}]}}