{"id":4374,"date":"2017-06-30T20:09:47","date_gmt":"2017-06-30T20:09:47","guid":{"rendered":"https:\/\/www.welovecycling.com\/pl\/?p=4374"},"modified":"2017-06-30T20:09:47","modified_gmt":"2017-06-30T20:09:47","slug":"wez-udzial-konkursie-o-tour-de-france-wygraj-wspaniale-nagrody","status":"publish","type":"post","link":"https:\/\/www.welovecycling.com\/pl\/2017\/06\/30\/wez-udzial-konkursie-o-tour-de-france-wygraj-wspaniale-nagrody\/","title":{"rendered":"We\u017a udzia\u0142 w konkursie o Tour de France i wygraj wspania\u0142e nagrody!"},"content":{"rendered":"<p><span style=\"font-weight: 400;\">Najbardziej wyczekiwane \u015bwi\u0119to kolarstwa zas\u0142uguje na obchody, w kt\u00f3rych udzia\u0142 wezm\u0105 nie tylko osobowo\u015bci ze \u015bwiata sportu zawodowego, ale te\u017c wszyscy prawdziwi mi\u0142o\u015bnicy kolarstwa. Podobnie jak w zesz\u0142ym roku, We Love Cycling pragnie przybli\u017cy\u0107 Wam wspania\u0142\u0105 atmosfer\u0119 Tour de France. Dlatego w\u0142a\u015bnie czeka na Was wyj\u0105tkowy konkurs!<\/span><\/p>\n<p><!--more--><\/p>\n<p><span style=\"font-weight: 400;\">Konkurs rozpocznie si\u0119 1 lipca i b\u0119dzie si\u0119 sk\u0142ada\u0142 z trzech rund, kt\u00f3re odb\u0119d\u0105 si\u0119 na przestrzeni kolejnych trzech tygodni. W ka\u017cdej rundzie b\u0119dziesz mie\u0107 za zadanie uko\u0144czy\u0107 quiz wielokrotnego wyboru, pe\u0142en podchwytliwych pyta\u0144 dotycz\u0105cych zagadnie\u0144 i fakt\u00f3w zwi\u0105zanych z Tour de France. Mo\u017cesz wzi\u0105\u0107 udzia\u0142 tylko w jednej rundzie konkursu, jak r\u00f3wnie\u017c w dw\u00f3ch lub we wszystkich trzech rundach.<\/span><\/p>\n<h4><b>Runda 1. odb\u0119dzie si\u0119 w dniach od 1 do 8 lipca i mo\u017cna w niej wygra\u0107 nast\u0119puj\u0105ce nagrody:<\/b><\/h4>\n<p><span style=\"font-weight: 400;\">\u2013 3x \u0160koda Hospitality Programme Package (<\/span><i><span style=\"font-weight: 400;\">pakiet atrakcji obj\u0119tych Programem Go\u015bcinno\u015bci<\/span><\/i><span style=\"font-weight: 400;\">) \u2013 troje zwyci\u0119zc\u00f3w uda si\u0119 na wyj\u0105tkow\u0105, trzydniow\u0105 wycieczk\u0119, by zobaczy\u0107 jeden z etap\u00f3w Tour de France, przy czym przewidziano m.in. przelot helikopterem z widokiem na tras\u0119 wy\u015bcigu, jak r\u00f3wnie\u017c wiele innych atrakcji;<\/span><\/p>\n<p><span style=\"font-weight: 400;\">\u2013 3x zielona koszulka z logo \u0160koda;<\/span><\/p>\n<p><span style=\"font-weight: 400;\">\u2013 3x pakiet gad\u017cet\u00f3w sponsorowanych przez WeLoveCycling.<\/span><\/p>\n<p><b>Runda 2. odb\u0119dzie si\u0119 w dniach od 9 do 15 lipca i da Wam szans\u0119 na wygranie jednej z nast\u0119puj\u0105cych nagr\u00f3d:<\/b><\/p>\n<p><span style=\"font-weight: 400;\">\u2013<\/span> <span style=\"font-weight: 400;\">2x \u0160koda Hospitality Programme Package (<\/span><i><span style=\"font-weight: 400;\">pakiet atrakcji obj\u0119tych Programem Go\u015bcinno\u015bci<\/span><\/i><span style=\"font-weight: 400;\">) \u2013 troje zwyci\u0119zc\u00f3w uda si\u0119 na wyj\u0105tkow\u0105, trzydniow\u0105 wycieczk\u0119, by zobaczy\u0107 jeden z etap\u00f3w Tour de France, przy czym przewidziano m.in. przelot helikopterem z widokiem na tras\u0119 wy\u015bcigu, jak r\u00f3wnie\u017c wiele innych atrakcji;<\/span><\/p>\n<p><span style=\"font-weight: 400;\">\u2013 3x zielona koszulka z logo \u0160koda;<\/span><\/p>\n<p><span style=\"font-weight: 400;\">\u2013 3x pakiet gad\u017cet\u00f3w sponsorowanych przez WeLoveCycling.<\/span><\/p>\n<p><b>Runda 3. odb\u0119dzie si\u0119 w dniach od 16 do 23 lipca i b\u0119dzie wielk\u0105 frajd\u0105 dla wszystkich aktywnych mi\u0142o\u015bnik\u00f3w kolarstwa, bo przewiduje nast\u0119puj\u0105ce nagrody:<\/b><\/p>\n<p><span style=\"font-weight: 400;\">\u2013 3x ob\u00f3z ze Stephenem Rochem na Majorce \u2013 trzydniowy kolarski ob\u00f3z szkoleniowy, organizowany na tropikalnej wyspie w towarzystwie Stephena Roche\u2019a i do\u015bwiadczonych instruktor\u00f3w jazdy na rowerze;<\/span><\/p>\n<p><span style=\"font-weight: 400;\">\u2013 1x oryginalna autentyczna zielona koszulka, podpisana przez ka\u017cdego zawodnika, kt\u00f3ry nosi\u0142 j\u0105 podczas tegorocznej edycji Tour de France;<\/span><\/p>\n<p><span style=\"font-weight: 400;\">\u2013 3x pakiet gad\u017cet\u00f3w sponsorowanych przez WeLoveCycling.<\/span><\/p>\n<p><span style=\"font-weight: 400;\">Chcesz si\u0119 dowiedzie\u0107, co czeka na Ciebie na rozgrzanej s\u0142o\u0144cem Majorce, gdy wygrasz przygod\u0119 swojego \u017cycia w towarzystwie Stephena Roche\u2019a? Przeczytaj nasz <\/span><a href=\"https:\/\/www.welovecycling.com\/pl\/2017\/06\/10\/gabriel-dobrowolski-o-treningu-ze-stephenem-roche-majorce\/\"><b>artyku\u0142<\/b><span style=\"font-weight: 400;\">.<\/span><\/a><\/p>\n<p><span style=\"font-weight: 400;\">Wyniki ka\u017cdej rundy b\u0119d\u0105 og\u0142oszone dzie\u0144 po jej zako\u0144czeniu. A zatem osoby nagrodzone w Rundzie 1. wy\u0142onimy 9 lipca, w Rundzie 2. \u2013 16 lipca, a w Rundzie 3. \u2013 24 lipca. Ze zwyci\u0119zcami skontaktujemy si\u0119 za po\u015brednictwem adresu email podanego podczas rozwi\u0105zywania quiz\u00f3w. Szczeg\u00f3\u0142owe informacje i pe\u0142ne zasady konkursu znajdziesz na specjalnej <\/span><a href=\"https:\/\/www.welovecycling.com\/pl\/tour-de-france-2017\/\"><b>stronie internetowej<\/b><span style=\"font-weight: 400;\">. <\/span><\/a><\/p>\n<p>&nbsp;<\/p>\n","protected":false},"excerpt":{"rendered":"<p>Najbardziej wyczekiwane \u015bwi\u0119to kolarstwa zas\u0142uguje na obchody, w kt\u00f3rych udzia\u0142 wezm\u0105 nie tylko osobowo\u015bci ze \u015bwiata sportu zawodowego, ale te\u017c [&hellip;]<\/p>\n","protected":false},"author":76,"featured_media":4377,"comment_status":"open","ping_status":"open","sticky":false,"template":"","format":"standard","meta":{"footnotes":""},"categories":[1],"tags":[53,112,163],"global-categories":[],"class_list":["post-4374","post","type-post","status-publish","format-standard","has-post-thumbnail","hentry","category-uncategorized","tag-konkurs","tag-stephan-roche","tag-tour-de-france-2017"],"yoast_head":"<!-- This site is optimized with the Yoast SEO Premium plugin v25.3 (Yoast SEO v25.9) - https:\/\/yoast.com\/wordpress\/plugins\/seo\/ -->\n<title>We\u017a udzia\u0142 w konkursie o Tour de France i wygraj wspania\u0142e nagrody! - \u0160koda We Love Cycling - Poland<\/title>\n<meta name=\"robots\" content=\"index, follow, max-snippet:-1, max-image-preview:large, max-video-preview:-1\" \/>\n<link rel=\"canonical\" href=\"https:\/\/www.welovecycling.com\/pl\/2017\/06\/30\/wez-udzial-konkursie-o-tour-de-france-wygraj-wspaniale-nagrody\/\" \/>\n<meta property=\"og:locale\" content=\"pl_PL\" \/>\n<meta property=\"og:type\" content=\"article\" \/>\n<meta property=\"og:title\" content=\"We\u017a udzia\u0142 w konkursie o Tour de France i wygraj wspania\u0142e nagrody!\" \/>\n<meta property=\"og:description\" content=\"Najbardziej wyczekiwane \u015bwi\u0119to kolarstwa zas\u0142uguje na obchody, w kt\u00f3rych udzia\u0142 wezm\u0105 nie tylko osobowo\u015bci ze \u015bwiata sportu zawodowego, ale te\u017c [&hellip;]\" \/>\n<meta property=\"og:url\" content=\"https:\/\/www.welovecycling.com\/pl\/2017\/06\/30\/wez-udzial-konkursie-o-tour-de-france-wygraj-wspaniale-nagrody\/\" \/>\n<meta property=\"og:site_name\" content=\"\u0160koda We Love Cycling - Poland\" \/>\n<meta property=\"article:published_time\" content=\"2017-06-30T20:09:47+00:00\" \/>\n<meta property=\"og:image\" content=\"https:\/\/d2p6e6u75xmxt8.cloudfront.net\/5\/2017\/06\/Cover.png\" \/>\n\t<meta property=\"og:image:width\" content=\"1375\" \/>\n\t<meta property=\"og:image:height\" content=\"600\" \/>\n\t<meta property=\"og:image:type\" content=\"image\/png\" \/>\n<meta name=\"author\" content=\"piotrboczkowski\" \/>\n<meta name=\"twitter:card\" content=\"summary_large_image\" \/>\n<meta name=\"twitter:label1\" content=\"Written by\" \/>\n\t<meta name=\"twitter:data1\" content=\"WeLoveCycling\" \/>\n\t<meta name=\"twitter:label2\" content=\"Est. reading time\" \/>\n\t<meta name=\"twitter:data2\" content=\"2 minutes\" \/>\n<script type=\"application\/ld+json\" class=\"yoast-schema-graph\">{\"@context\":\"https:\/\/schema.org\",\"@graph\":[{\"@type\":\"WebPage\",\"@id\":\"https:\/\/www.welovecycling.com\/pl\/2017\/06\/30\/wez-udzial-konkursie-o-tour-de-france-wygraj-wspaniale-nagrody\/\",\"url\":\"https:\/\/www.welovecycling.com\/pl\/2017\/06\/30\/wez-udzial-konkursie-o-tour-de-france-wygraj-wspaniale-nagrody\/\",\"name\":\"We\u017a udzia\u0142 w konkursie o Tour de France i wygraj wspania\u0142e nagrody! - \u0160koda We Love Cycling - Poland\",\"isPartOf\":{\"@id\":\"https:\/\/www.welovecycling.com\/pl\/#website\"},\"primaryImageOfPage\":{\"@id\":\"https:\/\/www.welovecycling.com\/pl\/2017\/06\/30\/wez-udzial-konkursie-o-tour-de-france-wygraj-wspaniale-nagrody\/#primaryimage\"},\"image\":{\"@id\":\"https:\/\/www.welovecycling.com\/pl\/2017\/06\/30\/wez-udzial-konkursie-o-tour-de-france-wygraj-wspaniale-nagrody\/#primaryimage\"},\"thumbnailUrl\":\"https:\/\/d2p6e6u75xmxt8.cloudfront.net\/5\/2017\/06\/Cover.png\",\"datePublished\":\"2017-06-30T20:09:47+00:00\",\"author\":{\"@id\":\"https:\/\/www.welovecycling.com\/pl\/#\/schema\/person\/0dba2d39da943db9df3fd8f4687e7f23\"},\"breadcrumb\":{\"@id\":\"https:\/\/www.welovecycling.com\/pl\/2017\/06\/30\/wez-udzial-konkursie-o-tour-de-france-wygraj-wspaniale-nagrody\/#breadcrumb\"},\"inLanguage\":\"pl-PL\",\"potentialAction\":[{\"@type\":\"ReadAction\",\"target\":[\"https:\/\/www.welovecycling.com\/pl\/2017\/06\/30\/wez-udzial-konkursie-o-tour-de-france-wygraj-wspaniale-nagrody\/\"]}]},{\"@type\":\"ImageObject\",\"inLanguage\":\"pl-PL\",\"@id\":\"https:\/\/www.welovecycling.com\/pl\/2017\/06\/30\/wez-udzial-konkursie-o-tour-de-france-wygraj-wspaniale-nagrody\/#primaryimage\",\"url\":\"https:\/\/d2p6e6u75xmxt8.cloudfront.net\/5\/2017\/06\/Cover.png\",\"contentUrl\":\"https:\/\/d2p6e6u75xmxt8.cloudfront.net\/5\/2017\/06\/Cover.png\",\"width\":1375,\"height\":600},{\"@type\":\"BreadcrumbList\",\"@id\":\"https:\/\/www.welovecycling.com\/pl\/2017\/06\/30\/wez-udzial-konkursie-o-tour-de-france-wygraj-wspaniale-nagrody\/#breadcrumb\",\"itemListElement\":[{\"@type\":\"ListItem\",\"position\":1,\"name\":\"Home\",\"item\":\"https:\/\/www.welovecycling.com\/pl\/\"},{\"@type\":\"ListItem\",\"position\":2,\"name\":\"We\u017a udzia\u0142 w konkursie o Tour de France i wygraj wspania\u0142e nagrody!\"}]},{\"@type\":\"WebSite\",\"@id\":\"https:\/\/www.welovecycling.com\/pl\/#website\",\"url\":\"https:\/\/www.welovecycling.com\/pl\/\",\"name\":\"\u0160koda We Love Cycling - Poland\",\"description\":\"\",\"potentialAction\":[{\"@type\":\"SearchAction\",\"target\":{\"@type\":\"EntryPoint\",\"urlTemplate\":\"https:\/\/www.welovecycling.com\/pl\/?s={search_term_string}\"},\"query-input\":{\"@type\":\"PropertyValueSpecification\",\"valueRequired\":true,\"valueName\":\"search_term_string\"}}],\"inLanguage\":\"pl-PL\"},{\"@type\":\"Person\",\"@id\":\"https:\/\/www.welovecycling.com\/pl\/#\/schema\/person\/0dba2d39da943db9df3fd8f4687e7f23\",\"name\":\"piotrboczkowski\",\"image\":{\"@type\":\"ImageObject\",\"inLanguage\":\"pl-PL\",\"@id\":\"https:\/\/www.welovecycling.com\/pl\/#\/schema\/person\/image\/\",\"url\":\"https:\/\/secure.gravatar.com\/avatar\/533caccae14752e03a2ce2d3fd62d1b98b93e1393c3195c27819e53344ca1ace?s=96&d=mm&r=g\",\"contentUrl\":\"https:\/\/secure.gravatar.com\/avatar\/533caccae14752e03a2ce2d3fd62d1b98b93e1393c3195c27819e53344ca1ace?s=96&d=mm&r=g\",\"caption\":\"piotrboczkowski\"},\"url\":\"https:\/\/www.welovecycling.com\/pl\/author\/piotrboczkowski\/\"}]}<\/script>\n<!-- \/ Yoast SEO Premium plugin. -->","yoast_head_json":{"title":"We\u017a udzia\u0142 w konkursie o Tour de France i wygraj wspania\u0142e nagrody! - \u0160koda We Love Cycling - Poland","robots":{"index":"index","follow":"follow","max-snippet":"max-snippet:-1","max-image-preview":"max-image-preview:large","max-video-preview":"max-video-preview:-1"},"canonical":"https:\/\/www.welovecycling.com\/pl\/2017\/06\/30\/wez-udzial-konkursie-o-tour-de-france-wygraj-wspaniale-nagrody\/","og_locale":"pl_PL","og_type":"article","og_title":"We\u017a udzia\u0142 w konkursie o Tour de France i wygraj wspania\u0142e nagrody!","og_description":"Najbardziej wyczekiwane \u015bwi\u0119to kolarstwa zas\u0142uguje na obchody, w kt\u00f3rych udzia\u0142 wezm\u0105 nie tylko osobowo\u015bci ze \u015bwiata sportu zawodowego, ale te\u017c [&hellip;]","og_url":"https:\/\/www.welovecycling.com\/pl\/2017\/06\/30\/wez-udzial-konkursie-o-tour-de-france-wygraj-wspaniale-nagrody\/","og_site_name":"\u0160koda We Love Cycling - Poland","article_published_time":"2017-06-30T20:09:47+00:00","og_image":[{"width":1375,"height":600,"url":"https:\/\/d2p6e6u75xmxt8.cloudfront.net\/5\/2017\/06\/Cover.png","type":"image\/png"}],"author":"piotrboczkowski","twitter_card":"summary_large_image","twitter_misc":{"Written by":"WeLoveCycling","Est. reading time":"2 minutes"},"schema":{"@context":"https:\/\/schema.org","@graph":[{"@type":"WebPage","@id":"https:\/\/www.welovecycling.com\/pl\/2017\/06\/30\/wez-udzial-konkursie-o-tour-de-france-wygraj-wspaniale-nagrody\/","url":"https:\/\/www.welovecycling.com\/pl\/2017\/06\/30\/wez-udzial-konkursie-o-tour-de-france-wygraj-wspaniale-nagrody\/","name":"We\u017a udzia\u0142 w konkursie o Tour de France i wygraj wspania\u0142e nagrody! - \u0160koda We Love Cycling - Poland","isPartOf":{"@id":"https:\/\/www.welovecycling.com\/pl\/#website"},"primaryImageOfPage":{"@id":"https:\/\/www.welovecycling.com\/pl\/2017\/06\/30\/wez-udzial-konkursie-o-tour-de-france-wygraj-wspaniale-nagrody\/#primaryimage"},"image":{"@id":"https:\/\/www.welovecycling.com\/pl\/2017\/06\/30\/wez-udzial-konkursie-o-tour-de-france-wygraj-wspaniale-nagrody\/#primaryimage"},"thumbnailUrl":"https:\/\/d2p6e6u75xmxt8.cloudfront.net\/5\/2017\/06\/Cover.png","datePublished":"2017-06-30T20:09:47+00:00","author":{"@id":"https:\/\/www.welovecycling.com\/pl\/#\/schema\/person\/0dba2d39da943db9df3fd8f4687e7f23"},"breadcrumb":{"@id":"https:\/\/www.welovecycling.com\/pl\/2017\/06\/30\/wez-udzial-konkursie-o-tour-de-france-wygraj-wspaniale-nagrody\/#breadcrumb"},"inLanguage":"pl-PL","potentialAction":[{"@type":"ReadAction","target":["https:\/\/www.welovecycling.com\/pl\/2017\/06\/30\/wez-udzial-konkursie-o-tour-de-france-wygraj-wspaniale-nagrody\/"]}]},{"@type":"ImageObject","inLanguage":"pl-PL","@id":"https:\/\/www.welovecycling.com\/pl\/2017\/06\/30\/wez-udzial-konkursie-o-tour-de-france-wygraj-wspaniale-nagrody\/#primaryimage","url":"https:\/\/d2p6e6u75xmxt8.cloudfront.net\/5\/2017\/06\/Cover.png","contentUrl":"https:\/\/d2p6e6u75xmxt8.cloudfront.net\/5\/2017\/06\/Cover.png","width":1375,"height":600},{"@type":"BreadcrumbList","@id":"https:\/\/www.welovecycling.com\/pl\/2017\/06\/30\/wez-udzial-konkursie-o-tour-de-france-wygraj-wspaniale-nagrody\/#breadcrumb","itemListElement":[{"@type":"ListItem","position":1,"name":"Home","item":"https:\/\/www.welovecycling.com\/pl\/"},{"@type":"ListItem","position":2,"name":"We\u017a udzia\u0142 w konkursie o Tour de France i wygraj wspania\u0142e nagrody!"}]},{"@type":"WebSite","@id":"https:\/\/www.welovecycling.com\/pl\/#website","url":"https:\/\/www.welovecycling.com\/pl\/","name":"\u0160koda We Love Cycling - Poland","description":"","potentialAction":[{"@type":"SearchAction","target":{"@type":"EntryPoint","urlTemplate":"https:\/\/www.welovecycling.com\/pl\/?s={search_term_string}"},"query-input":{"@type":"PropertyValueSpecification","valueRequired":true,"valueName":"search_term_string"}}],"inLanguage":"pl-PL"},{"@type":"Person","@id":"https:\/\/www.welovecycling.com\/pl\/#\/schema\/person\/0dba2d39da943db9df3fd8f4687e7f23","name":"piotrboczkowski","image":{"@type":"ImageObject","inLanguage":"pl-PL","@id":"https:\/\/www.welovecycling.com\/pl\/#\/schema\/person\/image\/","url":"https:\/\/secure.gravatar.com\/avatar\/533caccae14752e03a2ce2d3fd62d1b98b93e1393c3195c27819e53344ca1ace?s=96&d=mm&r=g","contentUrl":"https:\/\/secure.gravatar.com\/avatar\/533caccae14752e03a2ce2d3fd62d1b98b93e1393c3195c27819e53344ca1ace?s=96&d=mm&r=g","caption":"piotrboczkowski"},"url":"https:\/\/www.welovecycling.com\/pl\/author\/piotrboczkowski\/"}]}},"_links":{"self":[{"href":"https:\/\/www.welovecycling.com\/pl\/wp-json\/wp\/v2\/posts\/4374","targetHints":{"allow":["GET"]}}],"collection":[{"href":"https:\/\/www.welovecycling.com\/pl\/wp-json\/wp\/v2\/posts"}],"about":[{"href":"https:\/\/www.welovecycling.com\/pl\/wp-json\/wp\/v2\/types\/post"}],"author":[{"embeddable":true,"href":"https:\/\/www.welovecycling.com\/pl\/wp-json\/wp\/v2\/users\/76"}],"replies":[{"embeddable":true,"href":"https:\/\/www.welovecycling.com\/pl\/wp-json\/wp\/v2\/comments?post=4374"}],"version-history":[{"count":2,"href":"https:\/\/www.welovecycling.com\/pl\/wp-json\/wp\/v2\/posts\/4374\/revisions"}],"predecessor-version":[{"id":4379,"href":"https:\/\/www.welovecycling.com\/pl\/wp-json\/wp\/v2\/posts\/4374\/revisions\/4379"}],"wp:featuredmedia":[{"embeddable":true,"href":"https:\/\/www.welovecycling.com\/pl\/wp-json\/wp\/v2\/media\/4377"}],"wp:attachment":[{"href":"https:\/\/www.welovecycling.com\/pl\/wp-json\/wp\/v2\/media?parent=4374"}],"wp:term":[{"taxonomy":"category","embeddable":true,"href":"https:\/\/www.welovecycling.com\/pl\/wp-json\/wp\/v2\/categories?post=4374"},{"taxonomy":"post_tag","embeddable":true,"href":"https:\/\/www.welovecycling.com\/pl\/wp-json\/wp\/v2\/tags?post=4374"},{"taxonomy":"global-categories","embeddable":true,"href":"https:\/\/www.welovecycling.com\/pl\/wp-json\/wp\/v2\/global-categories?post=4374"}],"curies":[{"name":"wp","href":"https:\/\/api.w.org\/{rel}","templated":true}]}}