{"id":4352,"date":"2017-07-01T22:21:40","date_gmt":"2017-07-01T22:21:40","guid":{"rendered":"https:\/\/www.welovecycling.com\/pl\/?p=4352"},"modified":"2018-04-03T09:34:35","modified_gmt":"2018-04-03T09:34:35","slug":"tour-de-france-wyjasnienie-zasad","status":"publish","type":"post","link":"https:\/\/www.welovecycling.com\/pl\/2017\/07\/01\/tour-de-france-wyjasnienie-zasad\/","title":{"rendered":"Tour de France \u2013 wyja\u015bnienie zasad"},"content":{"rendered":"<p><strong>Niekt\u00f3re dru\u017cyny skupi\u0105 si\u0119 na \u017c\u00f3\u0142tej koszulce za klasyfikacj\u0119 generaln\u0105, podczas gdy inni skoncentruj\u0105 wysi\u0142ki na zdobyciu zielonej koszulki lidera sprinter\u00f3w lub koszulki w grochy za klasyfikacj\u0119 g\u00f3rsk\u0105. Jest wiele zasad, pisanych i niepisanych. Dru\u017cyny wiele mog\u0105 zyska\u0107 poprzez wsp\u00f3\u0142prac\u0119 i szacunek. Oto, co trzeba wiedzie\u0107, by ogl\u0105da\u0107 Tour de France z przyjemno\u015bci\u0105.<\/strong><br \/>\n<!--more--><\/p>\n<figure id=\"attachment_152235\" aria-describedby=\"caption-attachment-152235\" style=\"width: 1800px\" class=\"wp-caption alignnone\"><a href=\"https:\/\/d2p6e6u75xmxt8.cloudfront.net\/5\/2017\/06\/profimedia-0232331913.jpg\"><img loading=\"lazy\" decoding=\"async\" class=\"wp-image-4353 size-full\" src=\"https:\/\/d2p6e6u75xmxt8.cloudfront.net\/5\/2017\/06\/profimedia-0232331913.jpg\" alt=\"\" width=\"1800\" height=\"1064\" srcset=\"https:\/\/d2p6e6u75xmxt8.cloudfront.net\/5\/2017\/06\/profimedia-0232331913.jpg 1800w, https:\/\/d2p6e6u75xmxt8.cloudfront.net\/5\/2017\/06\/profimedia-0232331913-300x177.jpg 300w, https:\/\/d2p6e6u75xmxt8.cloudfront.net\/5\/2017\/06\/profimedia-0232331913-768x454.jpg 768w, https:\/\/d2p6e6u75xmxt8.cloudfront.net\/5\/2017\/06\/profimedia-0232331913-1024x605.jpg 1024w\" sizes=\"auto, (max-width: 1800px) 100vw, 1800px\" \/><\/a><figcaption id=\"caption-attachment-152235\" class=\"wp-caption-text\">(Brussels &#8211; Spa) Tour de France 2010.<\/figcaption><\/figure>\n<h2><b>\u017b\u00f3\u0142ta koszulka<\/b><\/h2>\n<p><span style=\"font-weight: 400;\">Zwyci\u0119stwo w klasyfikacji generalnej oznacza za\u0142o\u017cenie le maillot jaune \u2013 \u017c\u00f3\u0142tej koszulki. \u017beby wygra\u0107 w tej klasyfikacji, lider wy\u015bcigu musi uko\u0144czy\u0107 wszystkie etapy z najkr\u00f3tszym czasem.<\/span><\/p>\n<p><span style=\"font-weight: 400;\">Oznacza to, \u017ce zawodnik staraj\u0105cy si\u0119 o pierwsze\u0144stwo powinien by\u0107 wszechstronny i czu\u0107 si\u0119 r\u00f3wnie dobrze w g\u00f3rach, jak na etapach jazdy na czas. Dezorientuj\u0105cy mo\u017ce by\u0107 fakt, \u017ce kolarz mo\u017ce by\u0107 zwyci\u0119zc\u0105 generalnej klasyfikacji, mimo \u017ce nie wygra\u0142 na \u017cadnym pojedynczym etapie.<\/span><\/p>\n<p><span style=\"font-weight: 400;\">Pomy\u015blmy o tym w ten spos\u00f3b \u2013 Mark Cavendish mo\u017ce wygra\u0107 ka\u017cdy p\u0142aski etap, kt\u00f3ry daje pole do popisu sprinterowi, ale pewnie zako\u0144czy etapy g\u00f3rskie przynajmniej 20 minut po takich zawodnikach jak Nairo Quintana, podczas kiedy Quintana sko\u0144czy etap sprintowy do 3 minut po Cavendishu.<\/span><\/p>\n<h2><b>Ucieczki i zwyci\u0119stwa w etapach<\/b><\/h2>\n<p><span style=\"font-weight: 400;\">Bez wzgl\u0119du na to, kto zdob\u0119dzie \u017c\u00f3\u0142t\u0105 koszulk\u0119, zwyci\u0119stwo na pojedynczym etapie Tour jest zawsze wyj\u0105tkowym wydarzeniem. Mniejsze dru\u017cyny cz\u0119sto skupiaj\u0105 si\u0119 na jednym czy dw\u00f3ch etapach wy\u015bcigu po to tylko, \u017ceby znale\u017a\u0107 si\u0119 na podium. Ucieczki s\u0105 najbardziej widowiskowym sposobem na osi\u0105gni\u0119cie tego celu, ale nie naj\u0142atwiejszym.<\/span><\/p>\n<p><span style=\"font-weight: 400;\">We wczesnej fazie etapu mo\u017cna czasem zobaczy\u0107 grup\u0119 kolarzy pr\u00f3buj\u0105cych ucieczki. Zazwyczaj s\u0105 to mniej znacz\u0105cy zawodnicy, kt\u00f3rzy nie maj\u0105 nic do stracenia \u2013 zadowalaj\u0105 swoich sponsor\u00f3w, zdobywaj\u0105c uwag\u0119 kamer i przewa\u017cnie szybko s\u0105 doganiani przez peleton, kt\u00f3ry zu\u017cywa energi\u0119 bardziej efektywnie.<\/span><\/p>\n<h2><b>Kr\u00f3lewskie ucieczki<\/b><\/h2>\n<p><span style=\"font-weight: 400;\">To nie znaczy, \u017ce staraj\u0105cy si\u0119 o \u017c\u00f3\u0142t\u0105 czy zielon\u0105 koszulk\u0119 nie mog\u0105 zaszale\u0107 i spr\u00f3bowa\u0107 ucieczki, ale zdecyduj\u0105 si\u0119 na to tylko w sprzyjaj\u0105cych warunkach \u2013 i to w\u0142a\u015bnie wykorzystali Froome i Sagan w 2016.<\/span><\/p>\n<p><span style=\"font-weight: 400;\">Na etapie 11 wy\u015bcigu wia\u0142 wiatr boczny, wi\u0119c peleton stara\u0142 si\u0119 przejecha\u0107 jak najszybciej. Sagan znalaz\u0142 si\u0119 na przedzie z Thomasem, Bodnarem i Froomem. <\/span><\/p>\n<p><span style=\"font-weight: 400;\">Peleton by\u0142 poobijany po ma\u0142ych st\u0142uczkach na przybrze\u017cnej trasie z Carcassonne, wi\u0119c kiedy Sagan zaatakowa\u0142, niewielu kolarzy czu\u0142o si\u0119 na tyle pewnie, \u017ceby odpowiedzie\u0107.<\/span><\/p>\n<p><span style=\"font-weight: 400;\">Froome rzuci\u0142 si\u0119 na ko\u0142o Sagana, a Bodnar i Thomas zdali sobie spraw\u0119, \u017ce to pe\u0142noprawna kr\u00f3lewska ucieczka \u2013 \u017c\u00f3\u0142ta i zielona koszulka uciekaj\u0105 peletonowi. Sagan wygra\u0142 etap, a Froome zostawi\u0142 daleko w tyle innych pretendent\u00f3w do noszenia \u017c\u00f3\u0142tej koszulki, ko\u0144cz\u0105c etap na drugim miejscu.<\/span><\/p>\n<figure id=\"attachment_152236\" aria-describedby=\"caption-attachment-152236\" style=\"width: 1250px\" class=\"wp-caption alignnone\"><a href=\"https:\/\/d2p6e6u75xmxt8.cloudfront.net\/5\/2017\/06\/profimedia-0294287736.jpg\"><img loading=\"lazy\" decoding=\"async\" class=\"wp-image-4357 size-full\" src=\"https:\/\/d2p6e6u75xmxt8.cloudfront.net\/5\/2017\/06\/profimedia-0294287736.jpg\" alt=\"\" width=\"1250\" height=\"833\" srcset=\"https:\/\/d2p6e6u75xmxt8.cloudfront.net\/5\/2017\/06\/profimedia-0294287736.jpg 1250w, https:\/\/d2p6e6u75xmxt8.cloudfront.net\/5\/2017\/06\/profimedia-0294287736-300x200.jpg 300w, https:\/\/d2p6e6u75xmxt8.cloudfront.net\/5\/2017\/06\/profimedia-0294287736-768x512.jpg 768w, https:\/\/d2p6e6u75xmxt8.cloudfront.net\/5\/2017\/06\/profimedia-0294287736-1024x682.jpg 1024w, https:\/\/d2p6e6u75xmxt8.cloudfront.net\/5\/2017\/06\/profimedia-0294287736-272x182.jpg 272w\" sizes=\"auto, (max-width: 1250px) 100vw, 1250px\" \/><\/a><figcaption id=\"caption-attachment-152236\" class=\"wp-caption-text\">Chris Froome i Peter Sagan przed startem wy\u015bcigu. (13\u00a0lipca 2016)<\/figcaption><\/figure>\n<h2><strong>Kr\u00f3l g\u00f3r<\/strong><\/h2>\n<p><span style=\"font-weight: 400;\">Na szczytach podjazd\u00f3w przyznawane s\u0105 punkty za odpowiednio imponuj\u0105ce osi\u0105gi, zatem specjali\u015bci od wspinaczki maj\u0105 przewag\u0119. <\/span><\/p>\n<p><span style=\"font-weight: 400;\">Szczyty podzielone s\u0105 na kategorie od 1 (najtrudniejszy) do 4 (naj\u0142atwiejszy). Te liczby odpowiadaj\u0105 z grubsza biegom w samochodzie \u2013 aby wjecha\u0107 na szczyt pierwszej kategorii, nale\u017ca\u0142oby korzysta\u0107 z pierwszego biegu.<\/span><\/p>\n<p><span style=\"font-weight: 400;\">Planuj\u0105cy wy\u015bcig mog\u0105 przyzna\u0107 du\u017co punkt\u00f3w za zdobycie szczytu kategorii trzeciej, je\u015bli zostanie on uznany za wystarczaj\u0105co d\u0142ugi, \u017ceby stanowi\u0107 takie samo wyzwanie jak kr\u00f3tszy podjazd kategorii pierwszej. Nale\u017cy doda\u0107, \u017ce jest jeszcze rodzaj szczyt\u00f3w trudniejszych od kategorii pierwszej &#8211; <\/span><i><span style=\"font-weight: 400;\">h<\/span><\/i><i><span style=\"font-weight: 400;\">ors cat\u00e9gorie<\/span><\/i> <span style=\"font-weight: 400;\">(poza kategori\u0105). Podjazdy z tej kategorii opisywano pocz\u0105tkowo jako takie, z kt\u00f3rymi nie poradzi\u0142<\/span><span style=\"font-weight: 400;\">by sobie <\/span><span style=\"font-weight: 400;\"> samoch\u00f3d<\/span><span style=\"font-weight: 400;\">.<\/span><\/p>\n<h2><strong>Zdobywanie punkt\u00f3w za zielon\u0105 koszulk\u0119<\/strong><\/h2>\n<p><span style=\"font-weight: 400;\">Punkty mo\u017cna przyznawa\u0107 za zwyci\u0119stwo w sprincie na r\u00f3\u017cnych fragmentach etapu. Cz\u0119sto przyznawane s\u0105 nied\u0142ugo po starcie, \u017ceby zach\u0119ca\u0107 dru\u017cyny do zwi\u0119kszenia tempa w peletonie lub do wczesnej ucieczki.<\/span><\/p>\n<p><span style=\"font-weight: 400;\">Wi\u0119cej punkt\u00f3w przyznaje si\u0119 za sprint na ko\u0144cu etapu, co zach\u0119ca dru\u017cyny z wyspecjalizowanym sprinterem, takim jak Sagan, Greipel, Kittel czy Cavendish, do trzymania si\u0119 razem. Prowadzi to do paradoksalnej sytuacji, w kt\u00f3rej dru\u017cyny pr\u00f3buj\u0105 zdominowa\u0107 prz\u00f3d peletonu, by pozwoli\u0107 swoim liderom na jazd\u0119 bez przeszk\u00f3d do linii mety. <\/span><\/p>\n<p><span style=\"font-weight: 400;\">Obowi\u0105zuje tu klasyczna zasada wy\u015bcigu \u2013 rowerzysta jad\u0105cy lini\u0105 trasy mo\u017ce si\u0119 jej trzyma\u0107, wiedz\u0105c, \u017ce ka\u017cdy rywal zrezygnuje, kiedy zda sobie spraw\u0119 z przewagi przeciwnika. Oczywi\u015bcie, nie zawsze dzia\u0142a to w ogniu walki i spektakularne st\u0142uczki s\u0105 prawdziwym zagro\u017ceniem podczas sprintu grupowego.<\/span><\/p>\n<figure id=\"attachment_152237\" aria-describedby=\"caption-attachment-152237\" style=\"width: 1250px\" class=\"wp-caption alignnone\"><a href=\"https:\/\/d2p6e6u75xmxt8.cloudfront.net\/5\/2017\/06\/profimedia-0294489922.jpg\"><img loading=\"lazy\" decoding=\"async\" class=\"size-full wp-image-4361\" src=\"https:\/\/d2p6e6u75xmxt8.cloudfront.net\/5\/2017\/06\/profimedia-0294489922.jpg\" alt=\"\" width=\"1250\" height=\"831\" srcset=\"https:\/\/d2p6e6u75xmxt8.cloudfront.net\/5\/2017\/06\/profimedia-0294489922.jpg 1250w, https:\/\/d2p6e6u75xmxt8.cloudfront.net\/5\/2017\/06\/profimedia-0294489922-300x199.jpg 300w, https:\/\/d2p6e6u75xmxt8.cloudfront.net\/5\/2017\/06\/profimedia-0294489922-768x511.jpg 768w, https:\/\/d2p6e6u75xmxt8.cloudfront.net\/5\/2017\/06\/profimedia-0294489922-1024x681.jpg 1024w, https:\/\/d2p6e6u75xmxt8.cloudfront.net\/5\/2017\/06\/profimedia-0294489922-272x182.jpg 272w\" sizes=\"auto, (max-width: 1250px) 100vw, 1250px\" \/><\/a><figcaption id=\"caption-attachment-152237\" class=\"wp-caption-text\">Peter Sagan (Tinkoff)<\/figcaption><\/figure>\n","protected":false},"excerpt":{"rendered":"<p>Niekt\u00f3re dru\u017cyny skupi\u0105 si\u0119 na \u017c\u00f3\u0142tej koszulce za klasyfikacj\u0119 generaln\u0105, podczas gdy inni skoncentruj\u0105 wysi\u0142ki na zdobyciu zielonej koszulki lidera [&hellip;]<\/p>\n","protected":false},"author":76,"featured_media":4369,"comment_status":"open","ping_status":"open","sticky":false,"template":"","format":"standard","meta":{"footnotes":""},"categories":[226],"tags":[163,82,146,179],"global-categories":[],"class_list":["post-4352","post","type-post","status-publish","format-standard","has-post-thumbnail","hentry","category-ciekawostki","tag-tour-de-france-2017","tag-welovecycling","tag-wyscig","tag-zasady"],"yoast_head":"<!-- This site is optimized with the Yoast SEO Premium plugin v25.3 (Yoast SEO v25.9) - https:\/\/yoast.com\/wordpress\/plugins\/seo\/ -->\n<title>Tour de France \u2013 wyja\u015bnienie zasad - \u0160koda We Love Cycling - Poland<\/title>\n<meta name=\"robots\" content=\"index, follow, max-snippet:-1, max-image-preview:large, max-video-preview:-1\" \/>\n<link rel=\"canonical\" href=\"https:\/\/www.welovecycling.com\/pl\/2017\/07\/01\/tour-de-france-wyjasnienie-zasad\/\" \/>\n<meta property=\"og:locale\" content=\"pl_PL\" \/>\n<meta property=\"og:type\" content=\"article\" \/>\n<meta property=\"og:title\" content=\"Tour de France \u2013 wyja\u015bnienie zasad\" \/>\n<meta property=\"og:description\" content=\"Niekt\u00f3re dru\u017cyny skupi\u0105 si\u0119 na \u017c\u00f3\u0142tej koszulce za klasyfikacj\u0119 generaln\u0105, podczas gdy inni skoncentruj\u0105 wysi\u0142ki na zdobyciu zielonej koszulki lidera [&hellip;]\" \/>\n<meta property=\"og:url\" content=\"https:\/\/www.welovecycling.com\/pl\/2017\/07\/01\/tour-de-france-wyjasnienie-zasad\/\" \/>\n<meta property=\"og:site_name\" content=\"\u0160koda We Love Cycling - Poland\" \/>\n<meta property=\"article:published_time\" content=\"2017-07-01T22:21:40+00:00\" \/>\n<meta property=\"article:modified_time\" content=\"2018-04-03T09:34:35+00:00\" \/>\n<meta property=\"og:image\" content=\"https:\/\/d2p6e6u75xmxt8.cloudfront.net\/5\/2017\/06\/profimedia-0295025648-cover.jpg\" \/>\n\t<meta property=\"og:image:width\" content=\"1800\" \/>\n\t<meta property=\"og:image:height\" content=\"785\" \/>\n\t<meta property=\"og:image:type\" content=\"image\/jpeg\" \/>\n<meta name=\"author\" content=\"piotrboczkowski\" \/>\n<meta name=\"twitter:card\" content=\"summary_large_image\" \/>\n<meta name=\"twitter:label1\" content=\"Written by\" \/>\n\t<meta name=\"twitter:data1\" content=\"WeLoveCycling\" \/>\n\t<meta name=\"twitter:label2\" content=\"Est. reading time\" \/>\n\t<meta name=\"twitter:data2\" content=\"4 minutes\" \/>\n<script type=\"application\/ld+json\" class=\"yoast-schema-graph\">{\"@context\":\"https:\/\/schema.org\",\"@graph\":[{\"@type\":\"WebPage\",\"@id\":\"https:\/\/www.welovecycling.com\/pl\/2017\/07\/01\/tour-de-france-wyjasnienie-zasad\/\",\"url\":\"https:\/\/www.welovecycling.com\/pl\/2017\/07\/01\/tour-de-france-wyjasnienie-zasad\/\",\"name\":\"Tour de France \u2013 wyja\u015bnienie zasad - \u0160koda We Love Cycling - Poland\",\"isPartOf\":{\"@id\":\"https:\/\/www.welovecycling.com\/pl\/#website\"},\"primaryImageOfPage\":{\"@id\":\"https:\/\/www.welovecycling.com\/pl\/2017\/07\/01\/tour-de-france-wyjasnienie-zasad\/#primaryimage\"},\"image\":{\"@id\":\"https:\/\/www.welovecycling.com\/pl\/2017\/07\/01\/tour-de-france-wyjasnienie-zasad\/#primaryimage\"},\"thumbnailUrl\":\"https:\/\/d2p6e6u75xmxt8.cloudfront.net\/5\/2017\/06\/profimedia-0295025648-cover.jpg\",\"datePublished\":\"2017-07-01T22:21:40+00:00\",\"dateModified\":\"2018-04-03T09:34:35+00:00\",\"author\":{\"@id\":\"https:\/\/www.welovecycling.com\/pl\/#\/schema\/person\/0dba2d39da943db9df3fd8f4687e7f23\"},\"breadcrumb\":{\"@id\":\"https:\/\/www.welovecycling.com\/pl\/2017\/07\/01\/tour-de-france-wyjasnienie-zasad\/#breadcrumb\"},\"inLanguage\":\"pl-PL\",\"potentialAction\":[{\"@type\":\"ReadAction\",\"target\":[\"https:\/\/www.welovecycling.com\/pl\/2017\/07\/01\/tour-de-france-wyjasnienie-zasad\/\"]}]},{\"@type\":\"ImageObject\",\"inLanguage\":\"pl-PL\",\"@id\":\"https:\/\/www.welovecycling.com\/pl\/2017\/07\/01\/tour-de-france-wyjasnienie-zasad\/#primaryimage\",\"url\":\"https:\/\/d2p6e6u75xmxt8.cloudfront.net\/5\/2017\/06\/profimedia-0295025648-cover.jpg\",\"contentUrl\":\"https:\/\/d2p6e6u75xmxt8.cloudfront.net\/5\/2017\/06\/profimedia-0295025648-cover.jpg\",\"width\":1800,\"height\":785},{\"@type\":\"BreadcrumbList\",\"@id\":\"https:\/\/www.welovecycling.com\/pl\/2017\/07\/01\/tour-de-france-wyjasnienie-zasad\/#breadcrumb\",\"itemListElement\":[{\"@type\":\"ListItem\",\"position\":1,\"name\":\"Home\",\"item\":\"https:\/\/www.welovecycling.com\/pl\/\"},{\"@type\":\"ListItem\",\"position\":2,\"name\":\"Tour de France \u2013 wyja\u015bnienie zasad\"}]},{\"@type\":\"WebSite\",\"@id\":\"https:\/\/www.welovecycling.com\/pl\/#website\",\"url\":\"https:\/\/www.welovecycling.com\/pl\/\",\"name\":\"\u0160koda We Love Cycling - Poland\",\"description\":\"\",\"potentialAction\":[{\"@type\":\"SearchAction\",\"target\":{\"@type\":\"EntryPoint\",\"urlTemplate\":\"https:\/\/www.welovecycling.com\/pl\/?s={search_term_string}\"},\"query-input\":{\"@type\":\"PropertyValueSpecification\",\"valueRequired\":true,\"valueName\":\"search_term_string\"}}],\"inLanguage\":\"pl-PL\"},{\"@type\":\"Person\",\"@id\":\"https:\/\/www.welovecycling.com\/pl\/#\/schema\/person\/0dba2d39da943db9df3fd8f4687e7f23\",\"name\":\"piotrboczkowski\",\"image\":{\"@type\":\"ImageObject\",\"inLanguage\":\"pl-PL\",\"@id\":\"https:\/\/www.welovecycling.com\/pl\/#\/schema\/person\/image\/\",\"url\":\"https:\/\/secure.gravatar.com\/avatar\/533caccae14752e03a2ce2d3fd62d1b98b93e1393c3195c27819e53344ca1ace?s=96&d=mm&r=g\",\"contentUrl\":\"https:\/\/secure.gravatar.com\/avatar\/533caccae14752e03a2ce2d3fd62d1b98b93e1393c3195c27819e53344ca1ace?s=96&d=mm&r=g\",\"caption\":\"piotrboczkowski\"},\"url\":\"https:\/\/www.welovecycling.com\/pl\/author\/piotrboczkowski\/\"}]}<\/script>\n<!-- \/ Yoast SEO Premium plugin. -->","yoast_head_json":{"title":"Tour de France \u2013 wyja\u015bnienie zasad - \u0160koda We Love Cycling - Poland","robots":{"index":"index","follow":"follow","max-snippet":"max-snippet:-1","max-image-preview":"max-image-preview:large","max-video-preview":"max-video-preview:-1"},"canonical":"https:\/\/www.welovecycling.com\/pl\/2017\/07\/01\/tour-de-france-wyjasnienie-zasad\/","og_locale":"pl_PL","og_type":"article","og_title":"Tour de France \u2013 wyja\u015bnienie zasad","og_description":"Niekt\u00f3re dru\u017cyny skupi\u0105 si\u0119 na \u017c\u00f3\u0142tej koszulce za klasyfikacj\u0119 generaln\u0105, podczas gdy inni skoncentruj\u0105 wysi\u0142ki na zdobyciu zielonej koszulki lidera [&hellip;]","og_url":"https:\/\/www.welovecycling.com\/pl\/2017\/07\/01\/tour-de-france-wyjasnienie-zasad\/","og_site_name":"\u0160koda We Love Cycling - Poland","article_published_time":"2017-07-01T22:21:40+00:00","article_modified_time":"2018-04-03T09:34:35+00:00","og_image":[{"width":1800,"height":785,"url":"https:\/\/d2p6e6u75xmxt8.cloudfront.net\/5\/2017\/06\/profimedia-0295025648-cover.jpg","type":"image\/jpeg"}],"author":"piotrboczkowski","twitter_card":"summary_large_image","twitter_misc":{"Written by":"WeLoveCycling","Est. reading time":"4 minutes"},"schema":{"@context":"https:\/\/schema.org","@graph":[{"@type":"WebPage","@id":"https:\/\/www.welovecycling.com\/pl\/2017\/07\/01\/tour-de-france-wyjasnienie-zasad\/","url":"https:\/\/www.welovecycling.com\/pl\/2017\/07\/01\/tour-de-france-wyjasnienie-zasad\/","name":"Tour de France \u2013 wyja\u015bnienie zasad - \u0160koda We Love Cycling - Poland","isPartOf":{"@id":"https:\/\/www.welovecycling.com\/pl\/#website"},"primaryImageOfPage":{"@id":"https:\/\/www.welovecycling.com\/pl\/2017\/07\/01\/tour-de-france-wyjasnienie-zasad\/#primaryimage"},"image":{"@id":"https:\/\/www.welovecycling.com\/pl\/2017\/07\/01\/tour-de-france-wyjasnienie-zasad\/#primaryimage"},"thumbnailUrl":"https:\/\/d2p6e6u75xmxt8.cloudfront.net\/5\/2017\/06\/profimedia-0295025648-cover.jpg","datePublished":"2017-07-01T22:21:40+00:00","dateModified":"2018-04-03T09:34:35+00:00","author":{"@id":"https:\/\/www.welovecycling.com\/pl\/#\/schema\/person\/0dba2d39da943db9df3fd8f4687e7f23"},"breadcrumb":{"@id":"https:\/\/www.welovecycling.com\/pl\/2017\/07\/01\/tour-de-france-wyjasnienie-zasad\/#breadcrumb"},"inLanguage":"pl-PL","potentialAction":[{"@type":"ReadAction","target":["https:\/\/www.welovecycling.com\/pl\/2017\/07\/01\/tour-de-france-wyjasnienie-zasad\/"]}]},{"@type":"ImageObject","inLanguage":"pl-PL","@id":"https:\/\/www.welovecycling.com\/pl\/2017\/07\/01\/tour-de-france-wyjasnienie-zasad\/#primaryimage","url":"https:\/\/d2p6e6u75xmxt8.cloudfront.net\/5\/2017\/06\/profimedia-0295025648-cover.jpg","contentUrl":"https:\/\/d2p6e6u75xmxt8.cloudfront.net\/5\/2017\/06\/profimedia-0295025648-cover.jpg","width":1800,"height":785},{"@type":"BreadcrumbList","@id":"https:\/\/www.welovecycling.com\/pl\/2017\/07\/01\/tour-de-france-wyjasnienie-zasad\/#breadcrumb","itemListElement":[{"@type":"ListItem","position":1,"name":"Home","item":"https:\/\/www.welovecycling.com\/pl\/"},{"@type":"ListItem","position":2,"name":"Tour de France \u2013 wyja\u015bnienie zasad"}]},{"@type":"WebSite","@id":"https:\/\/www.welovecycling.com\/pl\/#website","url":"https:\/\/www.welovecycling.com\/pl\/","name":"\u0160koda We Love Cycling - Poland","description":"","potentialAction":[{"@type":"SearchAction","target":{"@type":"EntryPoint","urlTemplate":"https:\/\/www.welovecycling.com\/pl\/?s={search_term_string}"},"query-input":{"@type":"PropertyValueSpecification","valueRequired":true,"valueName":"search_term_string"}}],"inLanguage":"pl-PL"},{"@type":"Person","@id":"https:\/\/www.welovecycling.com\/pl\/#\/schema\/person\/0dba2d39da943db9df3fd8f4687e7f23","name":"piotrboczkowski","image":{"@type":"ImageObject","inLanguage":"pl-PL","@id":"https:\/\/www.welovecycling.com\/pl\/#\/schema\/person\/image\/","url":"https:\/\/secure.gravatar.com\/avatar\/533caccae14752e03a2ce2d3fd62d1b98b93e1393c3195c27819e53344ca1ace?s=96&d=mm&r=g","contentUrl":"https:\/\/secure.gravatar.com\/avatar\/533caccae14752e03a2ce2d3fd62d1b98b93e1393c3195c27819e53344ca1ace?s=96&d=mm&r=g","caption":"piotrboczkowski"},"url":"https:\/\/www.welovecycling.com\/pl\/author\/piotrboczkowski\/"}]}},"_links":{"self":[{"href":"https:\/\/www.welovecycling.com\/pl\/wp-json\/wp\/v2\/posts\/4352","targetHints":{"allow":["GET"]}}],"collection":[{"href":"https:\/\/www.welovecycling.com\/pl\/wp-json\/wp\/v2\/posts"}],"about":[{"href":"https:\/\/www.welovecycling.com\/pl\/wp-json\/wp\/v2\/types\/post"}],"author":[{"embeddable":true,"href":"https:\/\/www.welovecycling.com\/pl\/wp-json\/wp\/v2\/users\/76"}],"replies":[{"embeddable":true,"href":"https:\/\/www.welovecycling.com\/pl\/wp-json\/wp\/v2\/comments?post=4352"}],"version-history":[{"count":2,"href":"https:\/\/www.welovecycling.com\/pl\/wp-json\/wp\/v2\/posts\/4352\/revisions"}],"predecessor-version":[{"id":5078,"href":"https:\/\/www.welovecycling.com\/pl\/wp-json\/wp\/v2\/posts\/4352\/revisions\/5078"}],"wp:featuredmedia":[{"embeddable":true,"href":"https:\/\/www.welovecycling.com\/pl\/wp-json\/wp\/v2\/media\/4369"}],"wp:attachment":[{"href":"https:\/\/www.welovecycling.com\/pl\/wp-json\/wp\/v2\/media?parent=4352"}],"wp:term":[{"taxonomy":"category","embeddable":true,"href":"https:\/\/www.welovecycling.com\/pl\/wp-json\/wp\/v2\/categories?post=4352"},{"taxonomy":"post_tag","embeddable":true,"href":"https:\/\/www.welovecycling.com\/pl\/wp-json\/wp\/v2\/tags?post=4352"},{"taxonomy":"global-categories","embeddable":true,"href":"https:\/\/www.welovecycling.com\/pl\/wp-json\/wp\/v2\/global-categories?post=4352"}],"curies":[{"name":"wp","href":"https:\/\/api.w.org\/{rel}","templated":true}]}}