{"id":4351,"date":"2017-06-30T15:20:41","date_gmt":"2017-06-30T15:20:41","guid":{"rendered":"https:\/\/www.welovecycling.com\/pl\/?p=4351"},"modified":"2017-06-30T15:20:41","modified_gmt":"2017-06-30T15:20:41","slug":"samochody-tour-de-france-2","status":"publish","type":"post","link":"https:\/\/www.welovecycling.com\/pl\/2017\/06\/30\/samochody-tour-de-france-2\/","title":{"rendered":"Samochody na Tour de France"},"content":{"rendered":"<p><strong>Kolarze startuj\u0105cy w Tour de France potrzebuj\u0105 opieki, podobnie jak ich rowery. Samochody zapewnione przez mark\u0119 \u0160koda przejecha\u0142y podczas Tour de France w 2016 roku 2,8 miliona kilometr\u00f3w, przemieszczaj\u0105c si\u0119 we flocie 250 pojazd\u00f3w \u2013 korowodzie, na widok kt\u00f3rego ka\u017cdy prezydent poczerwienia\u0142by z zazdro\u015bci. Ale do czego potrzebne s\u0105 te wszystkie auta?<\/strong><br \/>\n<!--more--><\/p>\n<h2><strong>\u017b\u00f3\u0142te samochody a wsparcie wy\u015bcigu<\/strong><\/h2>\n<p><span style=\"font-weight: 400;\">Je\u017celi rower ucierpi na skutek uszkodze\u0144 mechanicznych, konieczny oka\u017ce si\u0119 samoch\u00f3d, kt\u00f3ry \u0142atwo wypatrzy\u0107 w t\u0142umie. Z pomoc\u0105 przyjedzie pomalowana na \u017c\u00f3\u0142to \u0160koda OCTAVIA z naklejkami Mavic na karoserii \u2013 samoch\u00f3d na tyle du\u017cy, \u017ce mo\u017cna nim przewozi\u0107 nie tylko wod\u0119 i ko\u0142a, ale r\u00f3wnie\u017c ca\u0142e rowery. <\/span><\/p>\n<p><a href=\"https:\/\/d2p6e6u75xmxt8.cloudfront.net\/5\/2017\/06\/profimedia-0294076251.jpg\"><img loading=\"lazy\" decoding=\"async\" class=\"wp-image-4354 size-full\" src=\"https:\/\/d2p6e6u75xmxt8.cloudfront.net\/5\/2017\/06\/profimedia-0294076251.jpg\" alt=\"\" width=\"1250\" height=\"833\" srcset=\"https:\/\/d2p6e6u75xmxt8.cloudfront.net\/5\/2017\/06\/profimedia-0294076251.jpg 1250w, https:\/\/d2p6e6u75xmxt8.cloudfront.net\/5\/2017\/06\/profimedia-0294076251-300x200.jpg 300w, https:\/\/d2p6e6u75xmxt8.cloudfront.net\/5\/2017\/06\/profimedia-0294076251-768x512.jpg 768w, https:\/\/d2p6e6u75xmxt8.cloudfront.net\/5\/2017\/06\/profimedia-0294076251-1024x682.jpg 1024w, https:\/\/d2p6e6u75xmxt8.cloudfront.net\/5\/2017\/06\/profimedia-0294076251-272x182.jpg 272w\" sizes=\"auto, (max-width: 1250px) 100vw, 1250px\" \/><\/a><\/p>\n<p><span style=\"font-weight: 400;\">W 2010 roku Jens Voigt mia\u0142 wypadek. Jego rower by\u0142 w takim stanie, \u017ce nie nadawa\u0142 si\u0119 ju\u017c do naprawy. Voigt zabra\u0142 wi\u0119c z dachu stoj\u0105cej w pobli\u017cu \u0160KODY rower firmy Mavic. Chocia\u017c by\u0142 dla niego o kilka rozmiar\u00f3w za ma\u0142y, wystarczy\u0142, by zawodnik utrzyma\u0142 si\u0119 w wy\u015bcigu.<\/span><\/p>\n<h2><strong>Kierownik wy\u015bcigu w czerwonym samochodzie<\/strong><\/h2>\n<p><span style=\"font-weight: 400;\">Jak mo\u017cna by si\u0119 spodziewa\u0107, Christian Prudhomme je\u017adzi flagowym samochodem marki \u0160koda, czyli modelem SUPERB \u2013 chocia\u017c akurat ten konkretny egzemplarz jest wyj\u0105tkowy. \u0160koda SUPERB, kt\u00f3r\u0105 prowadzi Prudhomme, ma wykonany na zam\u00f3wienie szyberdach. Dzi\u0119ki niemu kierownik wy\u015bcigu mo\u017ce wykonywa\u0107 swoje obowi\u0105zki, np. macha\u0107 flag\u0105 na rozpocz\u0119cie ka\u017cdego etapu, czym sygnalizuje oficjalny start wy\u015bcigu.<\/span><\/p>\n<p><a href=\"https:\/\/d2p6e6u75xmxt8.cloudfront.net\/5\/2017\/06\/PML1113-1024x695-1024x695.jpg\"><img loading=\"lazy\" decoding=\"async\" class=\"alignnone size-full wp-image-4358\" src=\"https:\/\/d2p6e6u75xmxt8.cloudfront.net\/5\/2017\/06\/PML1113-1024x695-1024x695.jpg\" alt=\"\" width=\"1024\" height=\"695\" srcset=\"https:\/\/d2p6e6u75xmxt8.cloudfront.net\/5\/2017\/06\/PML1113-1024x695.jpg 1024w, https:\/\/d2p6e6u75xmxt8.cloudfront.net\/5\/2017\/06\/PML1113-1024x695-300x204.jpg 300w, https:\/\/d2p6e6u75xmxt8.cloudfront.net\/5\/2017\/06\/PML1113-1024x695-768x521.jpg 768w\" sizes=\"auto, (max-width: 1024px) 100vw, 1024px\" \/><\/a><\/p>\n<p><span style=\"font-weight: 400;\">Czerwona \u0160koda SUPERB jest r\u00f3wnie\u017c wyposa\u017cona w specjalne uchwyty na kieliszki od szampana i w dostosowany do potrzeb kierownika wy\u015bcigu system komunikacji. Dzi\u0119ki temu Prudhomme mo\u017ce wznosi\u0107 toasty za sukcesy zawodnik\u00f3w i pozostawa\u0107 w kontakcie z dru\u017cynami.<\/span><\/p>\n<p><strong style=\"color: inherit; font-family: inherit; font-size: 1.8em;\">Komunikacja, zwinno\u015b\u0107 i bezpiecze\u0144stwo<\/strong><\/p>\n<p><span style=\"font-weight: 400;\">Opr\u00f3cz neutralnych pojazd\u00f3w z oznaczeniami Mavic, maj\u0105cych za zadanie wspiera\u0107 wy\u015bcig, na ka\u017cd\u0105 dru\u017cyn\u0119 przypadaj\u0105 jeszcze dwa samochody, kt\u00f3re jad\u0105 za peletonem. Kolejno\u015b\u0107, w jakiej pod\u0105\u017caj\u0105 za zawodnikami, jest uzale\u017cniona od pozycji czo\u0142owego kolarza ka\u017cdej dru\u017cyny w zestawieniu zawodnik\u00f3w.<\/span><\/p>\n<p><span style=\"font-weight: 400;\">Prudhomme pozostaje w kontakcie z flot\u0105 samochod\u00f3w, z kt\u00f3rych wi\u0119kszo\u015b\u0107 stanowi\u0105 \u0160KODY OCTAVIA, i udziela informacji o przebiegu wy\u015bcigu. Komunikacja mi\u0119dzy samochodami ma istotne znaczenie. Wszelkie odjazdy i wypadki nale\u017cy zg\u0142asza\u0107, by w razie potrzeby kierowcy samochod\u00f3w wspieraj\u0105cych wy\u015bcig mogli uzyska\u0107 pozwolenie na wy\u0142amanie si\u0119 z szeregu pojazd\u00f3w i przemieszczenie si\u0119 na czo\u0142o lub na ty\u0142y peletonu.<\/span><\/p>\n<p><a href=\"https:\/\/d2p6e6u75xmxt8.cloudfront.net\/5\/2017\/06\/profimedia-0293242328.jpg\"><img loading=\"lazy\" decoding=\"async\" class=\"size-full wp-image-4362\" src=\"https:\/\/d2p6e6u75xmxt8.cloudfront.net\/5\/2017\/06\/profimedia-0293242328.jpg\" alt=\"\" width=\"1250\" height=\"834\" srcset=\"https:\/\/d2p6e6u75xmxt8.cloudfront.net\/5\/2017\/06\/profimedia-0293242328.jpg 1250w, https:\/\/d2p6e6u75xmxt8.cloudfront.net\/5\/2017\/06\/profimedia-0293242328-300x200.jpg 300w, https:\/\/d2p6e6u75xmxt8.cloudfront.net\/5\/2017\/06\/profimedia-0293242328-768x512.jpg 768w, https:\/\/d2p6e6u75xmxt8.cloudfront.net\/5\/2017\/06\/profimedia-0293242328-1024x683.jpg 1024w, https:\/\/d2p6e6u75xmxt8.cloudfront.net\/5\/2017\/06\/profimedia-0293242328-272x182.jpg 272w\" sizes=\"auto, (max-width: 1250px) 100vw, 1250px\" \/><\/a><\/p>\n<p><span style=\"font-weight: 400;\">Ka\u017cda \u0160koda jest mobilnym warsztatem. Zg\u0142oszenia o sytuacjach awaryjnych w trakcie wy\u015bcigu wymagaj\u0105 od samochod\u00f3w zwinno\u015bci, kt\u00f3ra umo\u017cliwia swobodne poruszanie si\u0119 pomi\u0119dzy motorami, grupami kolarzy, ekipami telewizyjnymi, a tak\u017ce innymi samochodami wspieraj\u0105cymi wy\u015bcig. Im pr\u0119dzej samochody dotr\u0105 do zawodnik\u00f3w, tym szybciej kolarze b\u0119d\u0105 mogli kontynuowa\u0107 wy\u015bcig.<\/span><\/p>\n","protected":false},"excerpt":{"rendered":"<p>Kolarze startuj\u0105cy w Tour de France potrzebuj\u0105 opieki, podobnie jak ich rowery. Samochody zapewnione przez mark\u0119 \u0160koda przejecha\u0142y podczas Tour [&hellip;]<\/p>\n","protected":false},"author":76,"featured_media":4370,"comment_status":"open","ping_status":"open","sticky":false,"template":"","format":"standard","meta":{"footnotes":""},"categories":[1],"tags":[73,163],"global-categories":[],"class_list":["post-4351","post","type-post","status-publish","format-standard","has-post-thumbnail","hentry","category-uncategorized","tag-tdf","tag-tour-de-france-2017"],"yoast_head":"<!-- This site is optimized with the Yoast SEO Premium plugin v25.3 (Yoast SEO v25.9) - https:\/\/yoast.com\/wordpress\/plugins\/seo\/ -->\n<title>Samochody na Tour de France - \u0160koda We Love Cycling - Poland<\/title>\n<meta name=\"robots\" content=\"index, follow, max-snippet:-1, max-image-preview:large, max-video-preview:-1\" \/>\n<link rel=\"canonical\" href=\"https:\/\/www.welovecycling.com\/pl\/2017\/06\/30\/samochody-tour-de-france-2\/\" \/>\n<meta property=\"og:locale\" content=\"pl_PL\" \/>\n<meta property=\"og:type\" content=\"article\" \/>\n<meta property=\"og:title\" content=\"Samochody na Tour de France\" \/>\n<meta property=\"og:description\" content=\"Kolarze startuj\u0105cy w Tour de France potrzebuj\u0105 opieki, podobnie jak ich rowery. Samochody zapewnione przez mark\u0119 \u0160koda przejecha\u0142y podczas Tour [&hellip;]\" \/>\n<meta property=\"og:url\" content=\"https:\/\/www.welovecycling.com\/pl\/2017\/06\/30\/samochody-tour-de-france-2\/\" \/>\n<meta property=\"og:site_name\" content=\"\u0160koda We Love Cycling - Poland\" \/>\n<meta property=\"article:published_time\" content=\"2017-06-30T15:20:41+00:00\" \/>\n<meta property=\"og:image\" content=\"https:\/\/d2p6e6u75xmxt8.cloudfront.net\/5\/2017\/06\/profimedia-0293242330-cover.jpg\" \/>\n\t<meta property=\"og:image:width\" content=\"1800\" \/>\n\t<meta property=\"og:image:height\" content=\"785\" \/>\n\t<meta property=\"og:image:type\" content=\"image\/jpeg\" \/>\n<meta name=\"author\" content=\"piotrboczkowski\" \/>\n<meta name=\"twitter:card\" content=\"summary_large_image\" \/>\n<meta name=\"twitter:label1\" content=\"Written by\" \/>\n\t<meta name=\"twitter:data1\" content=\"WeLoveCycling\" \/>\n\t<meta name=\"twitter:label2\" content=\"Est. reading time\" \/>\n\t<meta name=\"twitter:data2\" content=\"2 minutes\" \/>\n<script type=\"application\/ld+json\" class=\"yoast-schema-graph\">{\"@context\":\"https:\/\/schema.org\",\"@graph\":[{\"@type\":\"WebPage\",\"@id\":\"https:\/\/www.welovecycling.com\/pl\/2017\/06\/30\/samochody-tour-de-france-2\/\",\"url\":\"https:\/\/www.welovecycling.com\/pl\/2017\/06\/30\/samochody-tour-de-france-2\/\",\"name\":\"Samochody na Tour de France - \u0160koda We Love Cycling - Poland\",\"isPartOf\":{\"@id\":\"https:\/\/www.welovecycling.com\/pl\/#website\"},\"primaryImageOfPage\":{\"@id\":\"https:\/\/www.welovecycling.com\/pl\/2017\/06\/30\/samochody-tour-de-france-2\/#primaryimage\"},\"image\":{\"@id\":\"https:\/\/www.welovecycling.com\/pl\/2017\/06\/30\/samochody-tour-de-france-2\/#primaryimage\"},\"thumbnailUrl\":\"https:\/\/d2p6e6u75xmxt8.cloudfront.net\/5\/2017\/06\/profimedia-0293242330-cover.jpg\",\"datePublished\":\"2017-06-30T15:20:41+00:00\",\"author\":{\"@id\":\"https:\/\/www.welovecycling.com\/pl\/#\/schema\/person\/0dba2d39da943db9df3fd8f4687e7f23\"},\"breadcrumb\":{\"@id\":\"https:\/\/www.welovecycling.com\/pl\/2017\/06\/30\/samochody-tour-de-france-2\/#breadcrumb\"},\"inLanguage\":\"pl-PL\",\"potentialAction\":[{\"@type\":\"ReadAction\",\"target\":[\"https:\/\/www.welovecycling.com\/pl\/2017\/06\/30\/samochody-tour-de-france-2\/\"]}]},{\"@type\":\"ImageObject\",\"inLanguage\":\"pl-PL\",\"@id\":\"https:\/\/www.welovecycling.com\/pl\/2017\/06\/30\/samochody-tour-de-france-2\/#primaryimage\",\"url\":\"https:\/\/d2p6e6u75xmxt8.cloudfront.net\/5\/2017\/06\/profimedia-0293242330-cover.jpg\",\"contentUrl\":\"https:\/\/d2p6e6u75xmxt8.cloudfront.net\/5\/2017\/06\/profimedia-0293242330-cover.jpg\",\"width\":1800,\"height\":785},{\"@type\":\"BreadcrumbList\",\"@id\":\"https:\/\/www.welovecycling.com\/pl\/2017\/06\/30\/samochody-tour-de-france-2\/#breadcrumb\",\"itemListElement\":[{\"@type\":\"ListItem\",\"position\":1,\"name\":\"Home\",\"item\":\"https:\/\/www.welovecycling.com\/pl\/\"},{\"@type\":\"ListItem\",\"position\":2,\"name\":\"Samochody na Tour de France\"}]},{\"@type\":\"WebSite\",\"@id\":\"https:\/\/www.welovecycling.com\/pl\/#website\",\"url\":\"https:\/\/www.welovecycling.com\/pl\/\",\"name\":\"\u0160koda We Love Cycling - Poland\",\"description\":\"\",\"potentialAction\":[{\"@type\":\"SearchAction\",\"target\":{\"@type\":\"EntryPoint\",\"urlTemplate\":\"https:\/\/www.welovecycling.com\/pl\/?s={search_term_string}\"},\"query-input\":{\"@type\":\"PropertyValueSpecification\",\"valueRequired\":true,\"valueName\":\"search_term_string\"}}],\"inLanguage\":\"pl-PL\"},{\"@type\":\"Person\",\"@id\":\"https:\/\/www.welovecycling.com\/pl\/#\/schema\/person\/0dba2d39da943db9df3fd8f4687e7f23\",\"name\":\"piotrboczkowski\",\"image\":{\"@type\":\"ImageObject\",\"inLanguage\":\"pl-PL\",\"@id\":\"https:\/\/www.welovecycling.com\/pl\/#\/schema\/person\/image\/\",\"url\":\"https:\/\/secure.gravatar.com\/avatar\/533caccae14752e03a2ce2d3fd62d1b98b93e1393c3195c27819e53344ca1ace?s=96&d=mm&r=g\",\"contentUrl\":\"https:\/\/secure.gravatar.com\/avatar\/533caccae14752e03a2ce2d3fd62d1b98b93e1393c3195c27819e53344ca1ace?s=96&d=mm&r=g\",\"caption\":\"piotrboczkowski\"},\"url\":\"https:\/\/www.welovecycling.com\/pl\/author\/piotrboczkowski\/\"}]}<\/script>\n<!-- \/ Yoast SEO Premium plugin. -->","yoast_head_json":{"title":"Samochody na Tour de France - \u0160koda We Love Cycling - Poland","robots":{"index":"index","follow":"follow","max-snippet":"max-snippet:-1","max-image-preview":"max-image-preview:large","max-video-preview":"max-video-preview:-1"},"canonical":"https:\/\/www.welovecycling.com\/pl\/2017\/06\/30\/samochody-tour-de-france-2\/","og_locale":"pl_PL","og_type":"article","og_title":"Samochody na Tour de France","og_description":"Kolarze startuj\u0105cy w Tour de France potrzebuj\u0105 opieki, podobnie jak ich rowery. Samochody zapewnione przez mark\u0119 \u0160koda przejecha\u0142y podczas Tour [&hellip;]","og_url":"https:\/\/www.welovecycling.com\/pl\/2017\/06\/30\/samochody-tour-de-france-2\/","og_site_name":"\u0160koda We Love Cycling - Poland","article_published_time":"2017-06-30T15:20:41+00:00","og_image":[{"width":1800,"height":785,"url":"https:\/\/d2p6e6u75xmxt8.cloudfront.net\/5\/2017\/06\/profimedia-0293242330-cover.jpg","type":"image\/jpeg"}],"author":"piotrboczkowski","twitter_card":"summary_large_image","twitter_misc":{"Written by":"WeLoveCycling","Est. reading time":"2 minutes"},"schema":{"@context":"https:\/\/schema.org","@graph":[{"@type":"WebPage","@id":"https:\/\/www.welovecycling.com\/pl\/2017\/06\/30\/samochody-tour-de-france-2\/","url":"https:\/\/www.welovecycling.com\/pl\/2017\/06\/30\/samochody-tour-de-france-2\/","name":"Samochody na Tour de France - \u0160koda We Love Cycling - Poland","isPartOf":{"@id":"https:\/\/www.welovecycling.com\/pl\/#website"},"primaryImageOfPage":{"@id":"https:\/\/www.welovecycling.com\/pl\/2017\/06\/30\/samochody-tour-de-france-2\/#primaryimage"},"image":{"@id":"https:\/\/www.welovecycling.com\/pl\/2017\/06\/30\/samochody-tour-de-france-2\/#primaryimage"},"thumbnailUrl":"https:\/\/d2p6e6u75xmxt8.cloudfront.net\/5\/2017\/06\/profimedia-0293242330-cover.jpg","datePublished":"2017-06-30T15:20:41+00:00","author":{"@id":"https:\/\/www.welovecycling.com\/pl\/#\/schema\/person\/0dba2d39da943db9df3fd8f4687e7f23"},"breadcrumb":{"@id":"https:\/\/www.welovecycling.com\/pl\/2017\/06\/30\/samochody-tour-de-france-2\/#breadcrumb"},"inLanguage":"pl-PL","potentialAction":[{"@type":"ReadAction","target":["https:\/\/www.welovecycling.com\/pl\/2017\/06\/30\/samochody-tour-de-france-2\/"]}]},{"@type":"ImageObject","inLanguage":"pl-PL","@id":"https:\/\/www.welovecycling.com\/pl\/2017\/06\/30\/samochody-tour-de-france-2\/#primaryimage","url":"https:\/\/d2p6e6u75xmxt8.cloudfront.net\/5\/2017\/06\/profimedia-0293242330-cover.jpg","contentUrl":"https:\/\/d2p6e6u75xmxt8.cloudfront.net\/5\/2017\/06\/profimedia-0293242330-cover.jpg","width":1800,"height":785},{"@type":"BreadcrumbList","@id":"https:\/\/www.welovecycling.com\/pl\/2017\/06\/30\/samochody-tour-de-france-2\/#breadcrumb","itemListElement":[{"@type":"ListItem","position":1,"name":"Home","item":"https:\/\/www.welovecycling.com\/pl\/"},{"@type":"ListItem","position":2,"name":"Samochody na Tour de France"}]},{"@type":"WebSite","@id":"https:\/\/www.welovecycling.com\/pl\/#website","url":"https:\/\/www.welovecycling.com\/pl\/","name":"\u0160koda We Love Cycling - Poland","description":"","potentialAction":[{"@type":"SearchAction","target":{"@type":"EntryPoint","urlTemplate":"https:\/\/www.welovecycling.com\/pl\/?s={search_term_string}"},"query-input":{"@type":"PropertyValueSpecification","valueRequired":true,"valueName":"search_term_string"}}],"inLanguage":"pl-PL"},{"@type":"Person","@id":"https:\/\/www.welovecycling.com\/pl\/#\/schema\/person\/0dba2d39da943db9df3fd8f4687e7f23","name":"piotrboczkowski","image":{"@type":"ImageObject","inLanguage":"pl-PL","@id":"https:\/\/www.welovecycling.com\/pl\/#\/schema\/person\/image\/","url":"https:\/\/secure.gravatar.com\/avatar\/533caccae14752e03a2ce2d3fd62d1b98b93e1393c3195c27819e53344ca1ace?s=96&d=mm&r=g","contentUrl":"https:\/\/secure.gravatar.com\/avatar\/533caccae14752e03a2ce2d3fd62d1b98b93e1393c3195c27819e53344ca1ace?s=96&d=mm&r=g","caption":"piotrboczkowski"},"url":"https:\/\/www.welovecycling.com\/pl\/author\/piotrboczkowski\/"}]}},"_links":{"self":[{"href":"https:\/\/www.welovecycling.com\/pl\/wp-json\/wp\/v2\/posts\/4351","targetHints":{"allow":["GET"]}}],"collection":[{"href":"https:\/\/www.welovecycling.com\/pl\/wp-json\/wp\/v2\/posts"}],"about":[{"href":"https:\/\/www.welovecycling.com\/pl\/wp-json\/wp\/v2\/types\/post"}],"author":[{"embeddable":true,"href":"https:\/\/www.welovecycling.com\/pl\/wp-json\/wp\/v2\/users\/76"}],"replies":[{"embeddable":true,"href":"https:\/\/www.welovecycling.com\/pl\/wp-json\/wp\/v2\/comments?post=4351"}],"version-history":[{"count":2,"href":"https:\/\/www.welovecycling.com\/pl\/wp-json\/wp\/v2\/posts\/4351\/revisions"}],"predecessor-version":[{"id":4371,"href":"https:\/\/www.welovecycling.com\/pl\/wp-json\/wp\/v2\/posts\/4351\/revisions\/4371"}],"wp:featuredmedia":[{"embeddable":true,"href":"https:\/\/www.welovecycling.com\/pl\/wp-json\/wp\/v2\/media\/4370"}],"wp:attachment":[{"href":"https:\/\/www.welovecycling.com\/pl\/wp-json\/wp\/v2\/media?parent=4351"}],"wp:term":[{"taxonomy":"category","embeddable":true,"href":"https:\/\/www.welovecycling.com\/pl\/wp-json\/wp\/v2\/categories?post=4351"},{"taxonomy":"post_tag","embeddable":true,"href":"https:\/\/www.welovecycling.com\/pl\/wp-json\/wp\/v2\/tags?post=4351"},{"taxonomy":"global-categories","embeddable":true,"href":"https:\/\/www.welovecycling.com\/pl\/wp-json\/wp\/v2\/global-categories?post=4351"}],"curies":[{"name":"wp","href":"https:\/\/api.w.org\/{rel}","templated":true}]}}