{"id":4345,"date":"2017-06-30T09:46:51","date_gmt":"2017-06-30T09:46:51","guid":{"rendered":"https:\/\/www.welovecycling.com\/pl\/?p=4345"},"modified":"2018-04-03T09:31:37","modified_gmt":"2018-04-03T09:31:37","slug":"kanarek-podbil-tour-de-france","status":"publish","type":"post","link":"https:\/\/www.welovecycling.com\/pl\/2017\/06\/30\/kanarek-podbil-tour-de-france\/","title":{"rendered":"Jak kanarek podbi\u0142 Tour de France"},"content":{"rendered":"<p>Trudno w to uwierzy\u0107, ale kiedy\u015b kolarze wstydzili si\u0119 tego koloru, a dzi\u015b wylewaj\u0105 za niego litry potu. \u017b\u00f3\u0142ta koszulka \u2013 na pocz\u0105tku pow\u00f3d do \u017cart\u00f3w, teraz marzenie ka\u017cdego zawodnika na Tour de France. Mo\u017ce prawie ka\u017cdego, bo niekt\u00f3rzy od pocz\u0105tku celuj\u0105 w zielon\u0105, bia\u0142\u0105, a nawet t\u0105 upstrzon\u0105 grochami.<\/p>\n<p>Czemu \u017c\u00f3\u0142ty, a nie niebieski, czerwony czy purpurowy? Wyja\u015bnienia s\u0105 dwa. To najbardziej popularne prowadzi do gazety L\u2019Auto, kt\u00f3ra patronowa\u0142a wy\u015bcigowi. By\u0142a wydawana w\u0142a\u015bnie na \u017c\u00f3\u0142tym papierze, wi\u0119c \u017c\u00f3\u0142ta koszulka mia\u0142a do tego nawi\u0105zywa\u0107.<\/p>\n<p>Drugie wyja\u015bnienie jest mniej marketingowe, a bardziej praktyczne. Po prostu \u2013 na pocz\u0105tku TdF niewielu zawodnik\u00f3w je\u017adzi\u0142o w \u017c\u00f3\u0142tych koszulkach, wi\u0119c za\u0142o\u017cenie tego koloru wyr\u00f3\u017cnia\u0142o lidera.<\/p>\n<p><strong>Kanarek nie zd\u0105\u017cy\u0142 do ku\u017ani<\/strong><\/p>\n<p>Pierwszym szcz\u0119\u015bliwcem w \u017c\u00f3\u0142tej koszulce na Tour de France (w 1919 r.) by\u0142 Eugene Christophe, cho\u0107 sam zawodnik z tego powodu nie by\u0142 szcz\u0119\u015bliwy, bo zamiast dumnie peda\u0142owa\u0107 w trykocie lidera, musia\u0142 wys\u0142uchiwa\u0107 kibic\u00f3w, kt\u00f3rzy nabijali si\u0119 z jego stroju udaj\u0105c\u2026 d\u017awi\u0119ki wydawane przez kanarka.<\/p>\n<p>Christophe poskar\u017cy\u0142 si\u0119 organizatorom zawod\u00f3w, ale ci byli nieugi\u0119ci, poniewa\u017c przyjmowali tak\u017ce skargi od kibic\u00f3w. \u2013 Jak w peletonie mamy wy\u0142owi\u0107 lidera, skoro wszyscy wygl\u0105daj\u0105 bardzo podobnie? \u2013 mieli narzeka\u0107 fani kolarstwa.<\/p>\n<p>Christophe koszulki lidera nie dowi\u00f3z\u0142 jednak do ko\u0144ca wy\u015bcigu, bo\u2026 z\u0142ama\u0142 widelec i cho\u0107 najbli\u017csza ku\u017ania by\u0142a oddalona o kilometr (tak w tamtych czasach serwisowano rowery\u2026), to na ko\u0144cu jego strata do zwyci\u0119zcy wynios\u0142a a\u017c dwie i p\u00f3\u0142 godziny.<\/p>\n<p>Dzi\u015b nie do\u015b\u0107, \u017ce duma rozpiera zawodnika z \u017c\u00f3\u0142t\u0105 koszulk\u0105, to jeszcze raduj\u0105 si\u0119 jego ksi\u0119gowi. Zwyci\u0119zca wy\u015bcigu otrzymuje bowiem blisko dwa miliony z\u0142otych.<\/p>\n<p><strong>Wielka szansa na rekord zielonej koszulki<\/strong><\/p>\n<p>Cz\u0119\u015b\u0107 kolarzy na Tour de France z g\u00f3ry jednak zak\u0142ada, \u017ce w \u017c\u00f3\u0142tym nie b\u0119dzie im do twarzy. To znaczy musz\u0105 tak za\u0142o\u017cy\u0107, bo np. zesp\u00f3\u0142 jedzie na konkretnego lidera lub nie s\u0105 zawodnikami wszechstronnymi. Dlatego wprowadzono dodatkowe klasyfikacje i dodatkowe koszulki.<\/p>\n<p>Na najlepszego sprintera co roku czeka zielona koszulka. Jej sponsorem jest \u0160koda, kt\u00f3ra od lat anga\u017cuje si\u0119 w popularyzacj\u0119 kolarstwa, a wielkim i presti\u017cowym krokiem by\u0142o w\u0142a\u015bnie \u201eprzej\u0119cie\u201d zielonej koszulki.<\/p>\n<p>Na Tour de France w tym trykocie jedzie lider klasyfikacji punktowej, kt\u00f3ry mo\u017ce powi\u0119kszy\u0107 dorobek na ko\u0144cu ka\u017cdego wy\u015bcigu (liczba przyznawanych punkt\u00f3w zale\u017cna jest od typu etapu i ukszta\u0142towania trasy). Punkty otrzymuje si\u0119 tak\u017ce za lotne premie.<\/p>\n<p>Zielona koszulka na Tour de France zadebiutowa\u0142a w 1953 r. Do tej pory najcz\u0119\u015bciej wyje\u017cd\u017ca\u0142 w niej z Francji Niemiec Erik Zabel (wygrywa\u0142 klasyfikacj\u0119 w latach 1996 \u2013 2001), ale w tym roku ten \u015bwietny wynik mo\u017ce wyr\u00f3wna\u0107 Peter Sagan, kt\u00f3ry ma na koncie pi\u0119\u0107 kolejnych zwyci\u0119stw.<\/p>\n<p><strong>Nagroda za pracowito\u015b\u0107 na Tour de France<\/strong><\/p>\n<p>Je\u015bli kiedy\u015b \u015bmiano si\u0119 z koszulki \u017c\u00f3\u0142tej, to co musia\u0142 prze\u017cywa\u0107 kolarz, kt\u00f3ry po raz pierwszy w 1933 r. przemyka\u0142 po trasie w bia\u0142ej koszulce w czerwone grochy? Dzi\u015b to ju\u017c jednak pow\u00f3d do dumy, bo taki trykot oznacza najlepszego zawodnika w klasyfikacji g\u00f3rskiej. Jak go zdoby\u0107? W teorii to proste \u2013 nale\u017cy uzbiera\u0107 jak najwi\u0119cej punkt\u00f3w na premiach g\u00f3rskich. W praktyce? Zapytajcie Rafa\u0142a Majki, kt\u00f3ry w poprzednim roku z gracj\u0105 kota, ambicj\u0105 lwa i pracowito\u015bci\u0105 mr\u00f3wki wspina\u0142 si\u0119 po francuskich szczytach i po raz drugi w karierze wygra\u0142 klasyfikacj\u0119 g\u00f3rsk\u0105 (wcze\u015bniej w 2014 r.).<\/p>\n<p>W\u0142a\u015bciciele koszulki zielonej i bia\u0142ej w czerwone grochy na koniec wy\u015bcigu dostaj\u0105 po ok. 100 tys. z\u0142.<\/p>\n<p>Jakie\u015b 20 tys. z\u0142 mniej i bia\u0142\u0105 koszulk\u0119 otrzymuje zawodnik, kt\u00f3ry sko\u0144czy wielkie \u015bciganie na najwy\u017cszym miejscu spo\u015br\u00f3d kolarskich m\u0142odzian\u00f3w, czyli zawodnik\u00f3w do 25. roku \u017cycia. Tu o kolejno\u015bci decyduje czas z klasyfikacji generalnej. Bia\u0142a koszulka dla najlepszego m\u0142odzie\u017cowca przyznawana jest od 1978 r.<\/p>\n<p><strong>Jak zdoby\u0107 koszulk\u0119?<\/strong><\/p>\n<p>Z koszulkami Tour de France jest jak z bardzo drogim ciuchem, kt\u00f3ry nam si\u0119 podoba. Nie, nie podoba \u2013 na kt\u00f3ry zachorujemy. Wchodzimy do sklepu, przymierzamy, ogl\u0105damy z ka\u017cdej strony. Pokazujemy kole\u017cankom\/kolegom, wzdychamy i za kilka dni zn\u00f3w przychodzimy przymierza\u0107\/ogl\u0105da\u0107\/wzdycha\u0107.<\/p>\n<p>Gdy jednak ta fascynacja ewoluuje, zaczynamy kombinowa\u0107 jak ten bardzo drogi ciuch zdoby\u0107. Wi\u0119cej pracujemy, wi\u0119cej odk\u0142adamy, odmawiamy sobie przyjemno\u015bci. Znacie to? W\u0142a\u015bnie. To pomy\u015blcie, \u017ce kolarz, by zdoby\u0107 kt\u00f3r\u0105\u015b koszulk\u0119 na Tour de France, musi stara\u0107 si\u0119 jakie\u015b sto, a mo\u017ce nawet tysi\u0105c razy bardziej. I nie przez tydzie\u0144 czy miesi\u0105c, ale ca\u0142\u0105 karier\u0119. A i tak nie ma gwarancji, \u017ce kiedy\u015b na Tour de France pojedzie w wymarzonym trykocie.<\/p>\n<p>&nbsp;<\/p>\n<p>(\u017ar\u00f3d\u0142o zdj\u0119\u0107:\u00a0\u00a0http:\/\/www.letour.fr\/ fot. ASO\/P.Ballet)<\/p>\n","protected":false},"excerpt":{"rendered":"<p>Trudno w to uwierzy\u0107, ale kiedy\u015b kolarze wstydzili si\u0119 tego koloru, a dzi\u015b wylewaj\u0105 za niego litry potu. \u017b\u00f3\u0142ta koszulka [&hellip;]<\/p>\n","protected":false},"author":76,"featured_media":4346,"comment_status":"open","ping_status":"open","sticky":false,"template":"","format":"standard","meta":{"footnotes":""},"categories":[226],"tags":[177,176,73,163,82,178],"global-categories":[],"class_list":["post-4345","post","type-post","status-publish","format-standard","has-post-thumbnail","hentry","category-ciekawostki","tag-kanaerek","tag-kolarstwo","tag-tdf","tag-tour-de-france-2017","tag-welovecycling","tag-zolta-koszulka"],"yoast_head":"<!-- This site is optimized with the Yoast SEO Premium plugin v25.3 (Yoast SEO v25.9) - https:\/\/yoast.com\/wordpress\/plugins\/seo\/ -->\n<title>Jak kanarek podbi\u0142 Tour de France - \u0160koda We Love Cycling - Poland<\/title>\n<meta name=\"robots\" content=\"index, follow, max-snippet:-1, max-image-preview:large, max-video-preview:-1\" \/>\n<link rel=\"canonical\" href=\"https:\/\/www.welovecycling.com\/pl\/2017\/06\/30\/kanarek-podbil-tour-de-france\/\" \/>\n<meta property=\"og:locale\" content=\"pl_PL\" \/>\n<meta property=\"og:type\" content=\"article\" \/>\n<meta property=\"og:title\" content=\"Jak kanarek podbi\u0142 Tour de France\" \/>\n<meta property=\"og:description\" content=\"Trudno w to uwierzy\u0107, ale kiedy\u015b kolarze wstydzili si\u0119 tego koloru, a dzi\u015b wylewaj\u0105 za niego litry potu. \u017b\u00f3\u0142ta koszulka [&hellip;]\" \/>\n<meta property=\"og:url\" content=\"https:\/\/www.welovecycling.com\/pl\/2017\/06\/30\/kanarek-podbil-tour-de-france\/\" \/>\n<meta property=\"og:site_name\" content=\"\u0160koda We Love Cycling - Poland\" \/>\n<meta property=\"article:published_time\" content=\"2017-06-30T09:46:51+00:00\" \/>\n<meta property=\"article:modified_time\" content=\"2018-04-03T09:31:37+00:00\" \/>\n<meta property=\"og:image\" content=\"https:\/\/d2p6e6u75xmxt8.cloudfront.net\/5\/2017\/06\/20160724326_242019.jpg\" \/>\n\t<meta property=\"og:image:width\" content=\"1000\" \/>\n\t<meta property=\"og:image:height\" content=\"666\" \/>\n\t<meta property=\"og:image:type\" content=\"image\/jpeg\" \/>\n<meta name=\"author\" content=\"piotrboczkowski\" \/>\n<meta name=\"twitter:card\" content=\"summary_large_image\" \/>\n<meta name=\"twitter:label1\" content=\"Written by\" \/>\n\t<meta name=\"twitter:data1\" content=\"WeLoveCycling\" \/>\n\t<meta name=\"twitter:label2\" content=\"Est. reading time\" \/>\n\t<meta name=\"twitter:data2\" content=\"4 minutes\" \/>\n<script type=\"application\/ld+json\" class=\"yoast-schema-graph\">{\"@context\":\"https:\/\/schema.org\",\"@graph\":[{\"@type\":\"WebPage\",\"@id\":\"https:\/\/www.welovecycling.com\/pl\/2017\/06\/30\/kanarek-podbil-tour-de-france\/\",\"url\":\"https:\/\/www.welovecycling.com\/pl\/2017\/06\/30\/kanarek-podbil-tour-de-france\/\",\"name\":\"Jak kanarek podbi\u0142 Tour de France - \u0160koda We Love Cycling - Poland\",\"isPartOf\":{\"@id\":\"https:\/\/www.welovecycling.com\/pl\/#website\"},\"primaryImageOfPage\":{\"@id\":\"https:\/\/www.welovecycling.com\/pl\/2017\/06\/30\/kanarek-podbil-tour-de-france\/#primaryimage\"},\"image\":{\"@id\":\"https:\/\/www.welovecycling.com\/pl\/2017\/06\/30\/kanarek-podbil-tour-de-france\/#primaryimage\"},\"thumbnailUrl\":\"https:\/\/d2p6e6u75xmxt8.cloudfront.net\/5\/2017\/06\/20160724326_242019.jpg\",\"datePublished\":\"2017-06-30T09:46:51+00:00\",\"dateModified\":\"2018-04-03T09:31:37+00:00\",\"author\":{\"@id\":\"https:\/\/www.welovecycling.com\/pl\/#\/schema\/person\/0dba2d39da943db9df3fd8f4687e7f23\"},\"breadcrumb\":{\"@id\":\"https:\/\/www.welovecycling.com\/pl\/2017\/06\/30\/kanarek-podbil-tour-de-france\/#breadcrumb\"},\"inLanguage\":\"pl-PL\",\"potentialAction\":[{\"@type\":\"ReadAction\",\"target\":[\"https:\/\/www.welovecycling.com\/pl\/2017\/06\/30\/kanarek-podbil-tour-de-france\/\"]}]},{\"@type\":\"ImageObject\",\"inLanguage\":\"pl-PL\",\"@id\":\"https:\/\/www.welovecycling.com\/pl\/2017\/06\/30\/kanarek-podbil-tour-de-france\/#primaryimage\",\"url\":\"https:\/\/d2p6e6u75xmxt8.cloudfront.net\/5\/2017\/06\/20160724326_242019.jpg\",\"contentUrl\":\"https:\/\/d2p6e6u75xmxt8.cloudfront.net\/5\/2017\/06\/20160724326_242019.jpg\",\"width\":1000,\"height\":666,\"caption\":\"Tour de France 2016 - 24\/07\/2016 - Etape 21 - Chantilly \/ Paris Champs-Elys\u00e9es (113 km) - SAGAN Peter (TINKOFF) maillot vert, FROOME Christopher (TEAM SKY) maillot Jaune, YATES Adam (ORICA BikeExchange) maillot blanc, MAJKA Rafal (TINKOFF) maillot \u00e0 pois.\"},{\"@type\":\"BreadcrumbList\",\"@id\":\"https:\/\/www.welovecycling.com\/pl\/2017\/06\/30\/kanarek-podbil-tour-de-france\/#breadcrumb\",\"itemListElement\":[{\"@type\":\"ListItem\",\"position\":1,\"name\":\"Home\",\"item\":\"https:\/\/www.welovecycling.com\/pl\/\"},{\"@type\":\"ListItem\",\"position\":2,\"name\":\"Jak kanarek podbi\u0142 Tour de France\"}]},{\"@type\":\"WebSite\",\"@id\":\"https:\/\/www.welovecycling.com\/pl\/#website\",\"url\":\"https:\/\/www.welovecycling.com\/pl\/\",\"name\":\"\u0160koda We Love Cycling - Poland\",\"description\":\"\",\"potentialAction\":[{\"@type\":\"SearchAction\",\"target\":{\"@type\":\"EntryPoint\",\"urlTemplate\":\"https:\/\/www.welovecycling.com\/pl\/?s={search_term_string}\"},\"query-input\":{\"@type\":\"PropertyValueSpecification\",\"valueRequired\":true,\"valueName\":\"search_term_string\"}}],\"inLanguage\":\"pl-PL\"},{\"@type\":\"Person\",\"@id\":\"https:\/\/www.welovecycling.com\/pl\/#\/schema\/person\/0dba2d39da943db9df3fd8f4687e7f23\",\"name\":\"piotrboczkowski\",\"image\":{\"@type\":\"ImageObject\",\"inLanguage\":\"pl-PL\",\"@id\":\"https:\/\/www.welovecycling.com\/pl\/#\/schema\/person\/image\/\",\"url\":\"https:\/\/secure.gravatar.com\/avatar\/533caccae14752e03a2ce2d3fd62d1b98b93e1393c3195c27819e53344ca1ace?s=96&d=mm&r=g\",\"contentUrl\":\"https:\/\/secure.gravatar.com\/avatar\/533caccae14752e03a2ce2d3fd62d1b98b93e1393c3195c27819e53344ca1ace?s=96&d=mm&r=g\",\"caption\":\"piotrboczkowski\"},\"url\":\"https:\/\/www.welovecycling.com\/pl\/author\/piotrboczkowski\/\"}]}<\/script>\n<!-- \/ Yoast SEO Premium plugin. -->","yoast_head_json":{"title":"Jak kanarek podbi\u0142 Tour de France - \u0160koda We Love Cycling - Poland","robots":{"index":"index","follow":"follow","max-snippet":"max-snippet:-1","max-image-preview":"max-image-preview:large","max-video-preview":"max-video-preview:-1"},"canonical":"https:\/\/www.welovecycling.com\/pl\/2017\/06\/30\/kanarek-podbil-tour-de-france\/","og_locale":"pl_PL","og_type":"article","og_title":"Jak kanarek podbi\u0142 Tour de France","og_description":"Trudno w to uwierzy\u0107, ale kiedy\u015b kolarze wstydzili si\u0119 tego koloru, a dzi\u015b wylewaj\u0105 za niego litry potu. \u017b\u00f3\u0142ta koszulka [&hellip;]","og_url":"https:\/\/www.welovecycling.com\/pl\/2017\/06\/30\/kanarek-podbil-tour-de-france\/","og_site_name":"\u0160koda We Love Cycling - Poland","article_published_time":"2017-06-30T09:46:51+00:00","article_modified_time":"2018-04-03T09:31:37+00:00","og_image":[{"width":1000,"height":666,"url":"https:\/\/d2p6e6u75xmxt8.cloudfront.net\/5\/2017\/06\/20160724326_242019.jpg","type":"image\/jpeg"}],"author":"piotrboczkowski","twitter_card":"summary_large_image","twitter_misc":{"Written by":"WeLoveCycling","Est. reading time":"4 minutes"},"schema":{"@context":"https:\/\/schema.org","@graph":[{"@type":"WebPage","@id":"https:\/\/www.welovecycling.com\/pl\/2017\/06\/30\/kanarek-podbil-tour-de-france\/","url":"https:\/\/www.welovecycling.com\/pl\/2017\/06\/30\/kanarek-podbil-tour-de-france\/","name":"Jak kanarek podbi\u0142 Tour de France - \u0160koda We Love Cycling - Poland","isPartOf":{"@id":"https:\/\/www.welovecycling.com\/pl\/#website"},"primaryImageOfPage":{"@id":"https:\/\/www.welovecycling.com\/pl\/2017\/06\/30\/kanarek-podbil-tour-de-france\/#primaryimage"},"image":{"@id":"https:\/\/www.welovecycling.com\/pl\/2017\/06\/30\/kanarek-podbil-tour-de-france\/#primaryimage"},"thumbnailUrl":"https:\/\/d2p6e6u75xmxt8.cloudfront.net\/5\/2017\/06\/20160724326_242019.jpg","datePublished":"2017-06-30T09:46:51+00:00","dateModified":"2018-04-03T09:31:37+00:00","author":{"@id":"https:\/\/www.welovecycling.com\/pl\/#\/schema\/person\/0dba2d39da943db9df3fd8f4687e7f23"},"breadcrumb":{"@id":"https:\/\/www.welovecycling.com\/pl\/2017\/06\/30\/kanarek-podbil-tour-de-france\/#breadcrumb"},"inLanguage":"pl-PL","potentialAction":[{"@type":"ReadAction","target":["https:\/\/www.welovecycling.com\/pl\/2017\/06\/30\/kanarek-podbil-tour-de-france\/"]}]},{"@type":"ImageObject","inLanguage":"pl-PL","@id":"https:\/\/www.welovecycling.com\/pl\/2017\/06\/30\/kanarek-podbil-tour-de-france\/#primaryimage","url":"https:\/\/d2p6e6u75xmxt8.cloudfront.net\/5\/2017\/06\/20160724326_242019.jpg","contentUrl":"https:\/\/d2p6e6u75xmxt8.cloudfront.net\/5\/2017\/06\/20160724326_242019.jpg","width":1000,"height":666,"caption":"Tour de France 2016 - 24\/07\/2016 - Etape 21 - Chantilly \/ Paris Champs-Elys\u00e9es (113 km) - SAGAN Peter (TINKOFF) maillot vert, FROOME Christopher (TEAM SKY) maillot Jaune, YATES Adam (ORICA BikeExchange) maillot blanc, MAJKA Rafal (TINKOFF) maillot \u00e0 pois."},{"@type":"BreadcrumbList","@id":"https:\/\/www.welovecycling.com\/pl\/2017\/06\/30\/kanarek-podbil-tour-de-france\/#breadcrumb","itemListElement":[{"@type":"ListItem","position":1,"name":"Home","item":"https:\/\/www.welovecycling.com\/pl\/"},{"@type":"ListItem","position":2,"name":"Jak kanarek podbi\u0142 Tour de France"}]},{"@type":"WebSite","@id":"https:\/\/www.welovecycling.com\/pl\/#website","url":"https:\/\/www.welovecycling.com\/pl\/","name":"\u0160koda We Love Cycling - Poland","description":"","potentialAction":[{"@type":"SearchAction","target":{"@type":"EntryPoint","urlTemplate":"https:\/\/www.welovecycling.com\/pl\/?s={search_term_string}"},"query-input":{"@type":"PropertyValueSpecification","valueRequired":true,"valueName":"search_term_string"}}],"inLanguage":"pl-PL"},{"@type":"Person","@id":"https:\/\/www.welovecycling.com\/pl\/#\/schema\/person\/0dba2d39da943db9df3fd8f4687e7f23","name":"piotrboczkowski","image":{"@type":"ImageObject","inLanguage":"pl-PL","@id":"https:\/\/www.welovecycling.com\/pl\/#\/schema\/person\/image\/","url":"https:\/\/secure.gravatar.com\/avatar\/533caccae14752e03a2ce2d3fd62d1b98b93e1393c3195c27819e53344ca1ace?s=96&d=mm&r=g","contentUrl":"https:\/\/secure.gravatar.com\/avatar\/533caccae14752e03a2ce2d3fd62d1b98b93e1393c3195c27819e53344ca1ace?s=96&d=mm&r=g","caption":"piotrboczkowski"},"url":"https:\/\/www.welovecycling.com\/pl\/author\/piotrboczkowski\/"}]}},"_links":{"self":[{"href":"https:\/\/www.welovecycling.com\/pl\/wp-json\/wp\/v2\/posts\/4345","targetHints":{"allow":["GET"]}}],"collection":[{"href":"https:\/\/www.welovecycling.com\/pl\/wp-json\/wp\/v2\/posts"}],"about":[{"href":"https:\/\/www.welovecycling.com\/pl\/wp-json\/wp\/v2\/types\/post"}],"author":[{"embeddable":true,"href":"https:\/\/www.welovecycling.com\/pl\/wp-json\/wp\/v2\/users\/76"}],"replies":[{"embeddable":true,"href":"https:\/\/www.welovecycling.com\/pl\/wp-json\/wp\/v2\/comments?post=4345"}],"version-history":[{"count":2,"href":"https:\/\/www.welovecycling.com\/pl\/wp-json\/wp\/v2\/posts\/4345\/revisions"}],"predecessor-version":[{"id":4350,"href":"https:\/\/www.welovecycling.com\/pl\/wp-json\/wp\/v2\/posts\/4345\/revisions\/4350"}],"wp:featuredmedia":[{"embeddable":true,"href":"https:\/\/www.welovecycling.com\/pl\/wp-json\/wp\/v2\/media\/4346"}],"wp:attachment":[{"href":"https:\/\/www.welovecycling.com\/pl\/wp-json\/wp\/v2\/media?parent=4345"}],"wp:term":[{"taxonomy":"category","embeddable":true,"href":"https:\/\/www.welovecycling.com\/pl\/wp-json\/wp\/v2\/categories?post=4345"},{"taxonomy":"post_tag","embeddable":true,"href":"https:\/\/www.welovecycling.com\/pl\/wp-json\/wp\/v2\/tags?post=4345"},{"taxonomy":"global-categories","embeddable":true,"href":"https:\/\/www.welovecycling.com\/pl\/wp-json\/wp\/v2\/global-categories?post=4345"}],"curies":[{"name":"wp","href":"https:\/\/api.w.org\/{rel}","templated":true}]}}