{"id":4328,"date":"2017-06-29T09:56:26","date_gmt":"2017-06-29T09:56:26","guid":{"rendered":"https:\/\/www.welovecycling.com\/pl\/?p=4328"},"modified":"2017-06-29T09:56:26","modified_gmt":"2017-06-29T09:56:26","slug":"zapinamy-pasy-zaczynamy-odliczanie-startu-tour-de-france-2017","status":"publish","type":"post","link":"https:\/\/www.welovecycling.com\/pl\/2017\/06\/29\/zapinamy-pasy-zaczynamy-odliczanie-startu-tour-de-france-2017\/","title":{"rendered":"Zapinamy pasy i zaczynamy odliczanie do startu Tour de France 2017!"},"content":{"rendered":"<p>To jedyna taka impreza na \u015bwiecie. Tu mo\u017cesz by\u0107 dwumetrowym gorylem, Spidermanem lub diab\u0142em. Albo w spokoju zajada\u0107 ser, popija\u0107 wino i delektowa\u0107 si\u0119 cudami Francji. B\u0105d\u017a sob\u0105, b\u0105d\u017a cz\u0119\u015bci\u0105 Tour de France! W sobot\u0119 zaczyna si\u0119 jedna z najpi\u0119kniejszych imprez, jak\u0105 kiedykolwiek wymy\u015bli\u0142 \u015bwiat sportu.<\/p>\n<p>Przeprowad\u017amy eksperyment \u2013 w\u0142\u0105czamy telewizor na jakimkolwiek programie sportowym i z ekranu wymazujemy sportowc\u00f3w. Pi\u0142ka no\u017cna, siatk\u00f3wka, pi\u0142ka r\u0119czna \u2013 zostaj\u0105 nam trybuny, raz na czas jakie\u015b \u015bpiewy, ale szybko ogarnia nas nuda. To spr\u00f3bujmy sporty indywidualne: lekkoatletyka, \u017cu\u017cel, p\u0142ywanie \u2013 niestety, efekt podobny. A teraz zr\u00f3bmy to z Tour de France. Widzicie? Ju\u017c dok\u0142adnie wiemy, co rysuje si\u0119 Wam przed oczami.<\/p>\n<p>Na pewno zobaczyli\u015bcie pi\u0119kne g\u00f3ry, strzeliste zamki, cudown\u0105 natur\u0119. Nie? W takim razie bli\u017cszy kadr \u2013 t\u0142umy kibic\u00f3w ustawionych przy trasie, biegaj\u0105cych, tr\u0105bi\u0105cych, przebranych za bajkowe postacie. Tak, w\u0142a\u015bnie tak wygl\u0105da Tour de France oczami kibica i w tym roku na pewno b\u0119dzie tak samo.<\/p>\n<p><strong>Sielanka z Tour de France<\/strong><\/p>\n<p>Dla wielu kibic\u00f3w Tour de France (podobnie jak kolarstwo) to styl i sens \u017cycia. Specjalnie na t\u0119 imprez\u0119 kupuj\u0105 samochody, ustalaj\u0105 urlop i kilka miesi\u0119cy wcze\u015bniej zajmuj\u0105 si\u0119 ca\u0142a logistyk\u0105. Przyk\u0142ad?<\/p>\n<p>Jaki\u015b czas temu w telewizji Eurosport opowiadano o pewnym starszym ma\u0142\u017ce\u0144stwie, kt\u00f3re co roku przemierza tras\u0119 identyczn\u0105 do kolarzy. Wsiadaj\u0105 do swojego kampera, zwiedzaj\u0105 atrakcje nieopodal przejazdu Tour de France i codziennie parkuj\u0105 samoch\u00f3d w innej miejscowo\u015bci, ale w pobli\u017cu trasy.<\/p>\n<p>Na miejscu rozk\u0142adaj\u0105 stolik, krzes\u0142a. Kroj\u0105 sery, przygotowuj\u0105 obiad, racz\u0105 si\u0119 winem i czekaj\u0105. W ko\u0144cu nadje\u017cd\u017ca peleton, wi\u0119c widz\u0105 go codziennie. Dalsz\u0105 cz\u0119\u015b\u0107 etapu \u015bledz\u0105 w telewizji, nast\u0119pnie pakuj\u0105 ca\u0142y dobytek i jad\u0105 na kolejny etap. I tak przez blisko miesi\u0105c. Zwiedzanie, uczta, codzienny kontakt z najlepszymi kolarzami \u015bwiata. Sielanka.<\/p>\n<p><strong>Borat na Tour de France<\/strong><\/p>\n<p>Ale s\u0105 te\u017c tacy, kt\u00f3rzy na miejscu nie wysiedz\u0105 i ceni\u0105 sobie ka\u017cd\u0105 sekund\u0119 i ka\u017cdy centymetr blisko\u015bci z zawodnikami. Oni ustawiaj\u0105 si\u0119 wzd\u0142u\u017c trasy i to najcz\u0119\u015bciej na podjazdach, by m\u00f3c jak najd\u0142u\u017cej goni\u0107 zawodnik\u00f3w. Czekaj\u0105 i p\u0119dz\u0105 za nimi. Nadje\u017cd\u017ca kolejny i to samo \u2013 oklaski, tr\u0105bka i bieg, byle tylko jak najd\u0142u\u017cej by\u0107 blisko idola.<\/p>\n<p>Funkcjonuje te\u017c trzecia kategoria kibic\u00f3w, dla kt\u00f3rych Tour de France to okazja do \u015bwietnej i oryginalnej zabawy. Ci przebieraj\u0105 si\u0119 za postacie z bajek czy film\u00f3w\u00a0 i ciesz\u0105 si\u0119 na ka\u017cdy u\u015bmiech pozosta\u0142ych kibic\u00f3w. I wiedz\u0105, \u017ce bawi\u0105 te\u017c miliony ludzi przed telewizorami. Tu znienacka wyskoczy diabe\u0142, tam mi\u0119\u015bnie napnie Batman, a nawet kolarze u\u015bmiechn\u0105 si\u0119 na widok kibica ubranego w str\u00f3j Borata. Ca\u0142e pi\u0119kno Tour de France.<\/p>\n<p><strong>23 dni z Tour de France<\/strong><\/p>\n<p>Jakub Pawluczuk by\u0142 jednym ze zwyci\u0119zc\u00f3w konkursu \u0160KODY i wygra\u0142 wyjazd na Tour de France. Pan Jakub te\u017c by\u0142 pod wra\u017ceniem wy\u015bcigu i tak wspomina\u0142 obecno\u015b\u0107 na Wielkiej P\u0119tli:<\/p>\n<p>\u201e\u015awiadomo\u015b\u0107 tego co mia\u0142o si\u0119 wydarzy\u0107 nast\u0119pnego dnia powodowa\u0142a, \u017ce d\u0142ugo nie mog\u0142em zasn\u0105\u0107. W ko\u0144cu jednak nadszed\u0142 ten d\u0142ugo wyczekiwany dzie\u0144, kt\u00f3rego z pewno\u015bci\u0105 nigdy nie zapomn\u0119 [\u2026]<\/p>\n<p>Kiedy dotarli\u015bmy do Bourg-de-P\u00e9age udzieli\u0142a nam si\u0119 atmosfera niezwyk\u0142ego wydarzenia: ca\u0142a masa kibic\u00f3w, niezliczona liczba samochod\u00f3w oklejonych logiem wy\u015bcigu, autobusy i samochody teamowe sprawi\u0142y, \u017ce uwierzy\u0142em w to, gdzie jestem [\u2026]<\/p>\n<p>Prawd\u0119 m\u00f3wi\u0105c do dzisiaj nie mog\u0119 wyj\u015b\u0107 z podziwu dla kolarzy. Po tym co zobaczy\u0142em mam jeszcze wi\u0119kszy szacunek do tego co robi\u0105. Jednak na r\u00f3wnie du\u017cy szacunek zas\u0142uguj\u0105 ludzie ze \u0160koda Hospitality Team, kt\u00f3rzy organizowali ca\u0142y nasz pobyt. Wszystko by\u0142o zorganizowane w spos\u00f3b niesamowicie profesjonalny. Wida\u0107 by\u0142o w nich wielk\u0105 pasj\u0119 do swojej pracy, budowali w ten spos\u00f3b niezapomnian\u0105 atmosfer\u0119, chcia\u0142oby si\u0119 tam wr\u00f3ci\u0107 i prze\u017cy\u0107 jeszcze jeden tak niezwyk\u0142y dzie\u0144.\u201d<\/p>\n<p>Za to kibic\u00f3w Tour de France w tym roku czekaj\u0105 a\u017c 23 dni, bo tyle trwa TdF 2017, kt\u00f3ry zaczyna si\u0119 ju\u017c w sobot\u0119. 23 dni pi\u0119knej sportowej rywalizacji, niezapomnianych emocji i tego wszystkiego, co w sporcie i kibicowaniu najlepsze. A wi\u0119c zapinamy pasy i zaczynamy odliczanie!<\/p>\n<p>&nbsp;<\/p>\n<p>(\u017ar\u00f3d\u0142o zdj\u0119\u0107: letour.fr &#8211;\u00a0\u00a9 ASO\/B.BADE)<\/p>\n","protected":false},"excerpt":{"rendered":"<p>To jedyna taka impreza na \u015bwiecie. Tu mo\u017cesz by\u0107 dwumetrowym gorylem, Spidermanem lub diab\u0142em. Albo w spokoju zajada\u0107 ser, popija\u0107 [&hellip;]<\/p>\n","protected":false},"author":76,"featured_media":4331,"comment_status":"open","ping_status":"open","sticky":false,"template":"","format":"standard","meta":{"footnotes":""},"categories":[1],"tags":[73,163,146],"global-categories":[],"class_list":["post-4328","post","type-post","status-publish","format-standard","has-post-thumbnail","hentry","category-uncategorized","tag-tdf","tag-tour-de-france-2017","tag-wyscig"],"yoast_head":"<!-- This site is optimized with the Yoast SEO Premium plugin v25.3 (Yoast SEO v25.9) - https:\/\/yoast.com\/wordpress\/plugins\/seo\/ -->\n<title>Zapinamy pasy i zaczynamy odliczanie do startu Tour de France 2017! - \u0160koda We Love Cycling - Poland<\/title>\n<meta name=\"robots\" content=\"index, follow, max-snippet:-1, max-image-preview:large, max-video-preview:-1\" \/>\n<link rel=\"canonical\" href=\"https:\/\/www.welovecycling.com\/pl\/2017\/06\/29\/zapinamy-pasy-zaczynamy-odliczanie-startu-tour-de-france-2017\/\" \/>\n<meta property=\"og:locale\" content=\"pl_PL\" \/>\n<meta property=\"og:type\" content=\"article\" \/>\n<meta property=\"og:title\" content=\"Zapinamy pasy i zaczynamy odliczanie do startu Tour de France 2017!\" \/>\n<meta property=\"og:description\" content=\"To jedyna taka impreza na \u015bwiecie. Tu mo\u017cesz by\u0107 dwumetrowym gorylem, Spidermanem lub diab\u0142em. Albo w spokoju zajada\u0107 ser, popija\u0107 [&hellip;]\" \/>\n<meta property=\"og:url\" content=\"https:\/\/www.welovecycling.com\/pl\/2017\/06\/29\/zapinamy-pasy-zaczynamy-odliczanie-startu-tour-de-france-2017\/\" \/>\n<meta property=\"og:site_name\" content=\"\u0160koda We Love Cycling - Poland\" \/>\n<meta property=\"article:published_time\" content=\"2017-06-29T09:56:26+00:00\" \/>\n<meta property=\"og:image\" content=\"https:\/\/d2p6e6u75xmxt8.cloudfront.net\/5\/2017\/06\/20161018637_181241.jpg\" \/>\n\t<meta property=\"og:image:width\" content=\"1000\" \/>\n\t<meta property=\"og:image:height\" content=\"666\" \/>\n\t<meta property=\"og:image:type\" content=\"image\/jpeg\" \/>\n<meta name=\"author\" content=\"piotrboczkowski\" \/>\n<meta name=\"twitter:card\" content=\"summary_large_image\" \/>\n<meta name=\"twitter:label1\" content=\"Written by\" \/>\n\t<meta name=\"twitter:data1\" content=\"WeLoveCycling\" \/>\n\t<meta name=\"twitter:label2\" content=\"Est. reading time\" \/>\n\t<meta name=\"twitter:data2\" content=\"4 minutes\" \/>\n<script type=\"application\/ld+json\" class=\"yoast-schema-graph\">{\"@context\":\"https:\/\/schema.org\",\"@graph\":[{\"@type\":\"WebPage\",\"@id\":\"https:\/\/www.welovecycling.com\/pl\/2017\/06\/29\/zapinamy-pasy-zaczynamy-odliczanie-startu-tour-de-france-2017\/\",\"url\":\"https:\/\/www.welovecycling.com\/pl\/2017\/06\/29\/zapinamy-pasy-zaczynamy-odliczanie-startu-tour-de-france-2017\/\",\"name\":\"Zapinamy pasy i zaczynamy odliczanie do startu Tour de France 2017! - \u0160koda We Love Cycling - Poland\",\"isPartOf\":{\"@id\":\"https:\/\/www.welovecycling.com\/pl\/#website\"},\"primaryImageOfPage\":{\"@id\":\"https:\/\/www.welovecycling.com\/pl\/2017\/06\/29\/zapinamy-pasy-zaczynamy-odliczanie-startu-tour-de-france-2017\/#primaryimage\"},\"image\":{\"@id\":\"https:\/\/www.welovecycling.com\/pl\/2017\/06\/29\/zapinamy-pasy-zaczynamy-odliczanie-startu-tour-de-france-2017\/#primaryimage\"},\"thumbnailUrl\":\"https:\/\/d2p6e6u75xmxt8.cloudfront.net\/5\/2017\/06\/20161018637_181241.jpg\",\"datePublished\":\"2017-06-29T09:56:26+00:00\",\"author\":{\"@id\":\"https:\/\/www.welovecycling.com\/pl\/#\/schema\/person\/0dba2d39da943db9df3fd8f4687e7f23\"},\"breadcrumb\":{\"@id\":\"https:\/\/www.welovecycling.com\/pl\/2017\/06\/29\/zapinamy-pasy-zaczynamy-odliczanie-startu-tour-de-france-2017\/#breadcrumb\"},\"inLanguage\":\"pl-PL\",\"potentialAction\":[{\"@type\":\"ReadAction\",\"target\":[\"https:\/\/www.welovecycling.com\/pl\/2017\/06\/29\/zapinamy-pasy-zaczynamy-odliczanie-startu-tour-de-france-2017\/\"]}]},{\"@type\":\"ImageObject\",\"inLanguage\":\"pl-PL\",\"@id\":\"https:\/\/www.welovecycling.com\/pl\/2017\/06\/29\/zapinamy-pasy-zaczynamy-odliczanie-startu-tour-de-france-2017\/#primaryimage\",\"url\":\"https:\/\/d2p6e6u75xmxt8.cloudfront.net\/5\/2017\/06\/20161018637_181241.jpg\",\"contentUrl\":\"https:\/\/d2p6e6u75xmxt8.cloudfront.net\/5\/2017\/06\/20161018637_181241.jpg\",\"width\":1000,\"height\":666,\"caption\":\"Tour de France 2017 - 18\/10\/2016 - Palais des congr\u00e9s - Paris - France - Pr\u00e9sentation du parcours - La carte\"},{\"@type\":\"BreadcrumbList\",\"@id\":\"https:\/\/www.welovecycling.com\/pl\/2017\/06\/29\/zapinamy-pasy-zaczynamy-odliczanie-startu-tour-de-france-2017\/#breadcrumb\",\"itemListElement\":[{\"@type\":\"ListItem\",\"position\":1,\"name\":\"Home\",\"item\":\"https:\/\/www.welovecycling.com\/pl\/\"},{\"@type\":\"ListItem\",\"position\":2,\"name\":\"Zapinamy pasy i zaczynamy odliczanie do startu Tour de France 2017!\"}]},{\"@type\":\"WebSite\",\"@id\":\"https:\/\/www.welovecycling.com\/pl\/#website\",\"url\":\"https:\/\/www.welovecycling.com\/pl\/\",\"name\":\"\u0160koda We Love Cycling - Poland\",\"description\":\"\",\"potentialAction\":[{\"@type\":\"SearchAction\",\"target\":{\"@type\":\"EntryPoint\",\"urlTemplate\":\"https:\/\/www.welovecycling.com\/pl\/?s={search_term_string}\"},\"query-input\":{\"@type\":\"PropertyValueSpecification\",\"valueRequired\":true,\"valueName\":\"search_term_string\"}}],\"inLanguage\":\"pl-PL\"},{\"@type\":\"Person\",\"@id\":\"https:\/\/www.welovecycling.com\/pl\/#\/schema\/person\/0dba2d39da943db9df3fd8f4687e7f23\",\"name\":\"piotrboczkowski\",\"image\":{\"@type\":\"ImageObject\",\"inLanguage\":\"pl-PL\",\"@id\":\"https:\/\/www.welovecycling.com\/pl\/#\/schema\/person\/image\/\",\"url\":\"https:\/\/secure.gravatar.com\/avatar\/533caccae14752e03a2ce2d3fd62d1b98b93e1393c3195c27819e53344ca1ace?s=96&d=mm&r=g\",\"contentUrl\":\"https:\/\/secure.gravatar.com\/avatar\/533caccae14752e03a2ce2d3fd62d1b98b93e1393c3195c27819e53344ca1ace?s=96&d=mm&r=g\",\"caption\":\"piotrboczkowski\"},\"url\":\"https:\/\/www.welovecycling.com\/pl\/author\/piotrboczkowski\/\"}]}<\/script>\n<!-- \/ Yoast SEO Premium plugin. -->","yoast_head_json":{"title":"Zapinamy pasy i zaczynamy odliczanie do startu Tour de France 2017! - \u0160koda We Love Cycling - Poland","robots":{"index":"index","follow":"follow","max-snippet":"max-snippet:-1","max-image-preview":"max-image-preview:large","max-video-preview":"max-video-preview:-1"},"canonical":"https:\/\/www.welovecycling.com\/pl\/2017\/06\/29\/zapinamy-pasy-zaczynamy-odliczanie-startu-tour-de-france-2017\/","og_locale":"pl_PL","og_type":"article","og_title":"Zapinamy pasy i zaczynamy odliczanie do startu Tour de France 2017!","og_description":"To jedyna taka impreza na \u015bwiecie. Tu mo\u017cesz by\u0107 dwumetrowym gorylem, Spidermanem lub diab\u0142em. Albo w spokoju zajada\u0107 ser, popija\u0107 [&hellip;]","og_url":"https:\/\/www.welovecycling.com\/pl\/2017\/06\/29\/zapinamy-pasy-zaczynamy-odliczanie-startu-tour-de-france-2017\/","og_site_name":"\u0160koda We Love Cycling - Poland","article_published_time":"2017-06-29T09:56:26+00:00","og_image":[{"width":1000,"height":666,"url":"https:\/\/d2p6e6u75xmxt8.cloudfront.net\/5\/2017\/06\/20161018637_181241.jpg","type":"image\/jpeg"}],"author":"piotrboczkowski","twitter_card":"summary_large_image","twitter_misc":{"Written by":"WeLoveCycling","Est. reading time":"4 minutes"},"schema":{"@context":"https:\/\/schema.org","@graph":[{"@type":"WebPage","@id":"https:\/\/www.welovecycling.com\/pl\/2017\/06\/29\/zapinamy-pasy-zaczynamy-odliczanie-startu-tour-de-france-2017\/","url":"https:\/\/www.welovecycling.com\/pl\/2017\/06\/29\/zapinamy-pasy-zaczynamy-odliczanie-startu-tour-de-france-2017\/","name":"Zapinamy pasy i zaczynamy odliczanie do startu Tour de France 2017! - \u0160koda We Love Cycling - Poland","isPartOf":{"@id":"https:\/\/www.welovecycling.com\/pl\/#website"},"primaryImageOfPage":{"@id":"https:\/\/www.welovecycling.com\/pl\/2017\/06\/29\/zapinamy-pasy-zaczynamy-odliczanie-startu-tour-de-france-2017\/#primaryimage"},"image":{"@id":"https:\/\/www.welovecycling.com\/pl\/2017\/06\/29\/zapinamy-pasy-zaczynamy-odliczanie-startu-tour-de-france-2017\/#primaryimage"},"thumbnailUrl":"https:\/\/d2p6e6u75xmxt8.cloudfront.net\/5\/2017\/06\/20161018637_181241.jpg","datePublished":"2017-06-29T09:56:26+00:00","author":{"@id":"https:\/\/www.welovecycling.com\/pl\/#\/schema\/person\/0dba2d39da943db9df3fd8f4687e7f23"},"breadcrumb":{"@id":"https:\/\/www.welovecycling.com\/pl\/2017\/06\/29\/zapinamy-pasy-zaczynamy-odliczanie-startu-tour-de-france-2017\/#breadcrumb"},"inLanguage":"pl-PL","potentialAction":[{"@type":"ReadAction","target":["https:\/\/www.welovecycling.com\/pl\/2017\/06\/29\/zapinamy-pasy-zaczynamy-odliczanie-startu-tour-de-france-2017\/"]}]},{"@type":"ImageObject","inLanguage":"pl-PL","@id":"https:\/\/www.welovecycling.com\/pl\/2017\/06\/29\/zapinamy-pasy-zaczynamy-odliczanie-startu-tour-de-france-2017\/#primaryimage","url":"https:\/\/d2p6e6u75xmxt8.cloudfront.net\/5\/2017\/06\/20161018637_181241.jpg","contentUrl":"https:\/\/d2p6e6u75xmxt8.cloudfront.net\/5\/2017\/06\/20161018637_181241.jpg","width":1000,"height":666,"caption":"Tour de France 2017 - 18\/10\/2016 - Palais des congr\u00e9s - Paris - France - Pr\u00e9sentation du parcours - La carte"},{"@type":"BreadcrumbList","@id":"https:\/\/www.welovecycling.com\/pl\/2017\/06\/29\/zapinamy-pasy-zaczynamy-odliczanie-startu-tour-de-france-2017\/#breadcrumb","itemListElement":[{"@type":"ListItem","position":1,"name":"Home","item":"https:\/\/www.welovecycling.com\/pl\/"},{"@type":"ListItem","position":2,"name":"Zapinamy pasy i zaczynamy odliczanie do startu Tour de France 2017!"}]},{"@type":"WebSite","@id":"https:\/\/www.welovecycling.com\/pl\/#website","url":"https:\/\/www.welovecycling.com\/pl\/","name":"\u0160koda We Love Cycling - Poland","description":"","potentialAction":[{"@type":"SearchAction","target":{"@type":"EntryPoint","urlTemplate":"https:\/\/www.welovecycling.com\/pl\/?s={search_term_string}"},"query-input":{"@type":"PropertyValueSpecification","valueRequired":true,"valueName":"search_term_string"}}],"inLanguage":"pl-PL"},{"@type":"Person","@id":"https:\/\/www.welovecycling.com\/pl\/#\/schema\/person\/0dba2d39da943db9df3fd8f4687e7f23","name":"piotrboczkowski","image":{"@type":"ImageObject","inLanguage":"pl-PL","@id":"https:\/\/www.welovecycling.com\/pl\/#\/schema\/person\/image\/","url":"https:\/\/secure.gravatar.com\/avatar\/533caccae14752e03a2ce2d3fd62d1b98b93e1393c3195c27819e53344ca1ace?s=96&d=mm&r=g","contentUrl":"https:\/\/secure.gravatar.com\/avatar\/533caccae14752e03a2ce2d3fd62d1b98b93e1393c3195c27819e53344ca1ace?s=96&d=mm&r=g","caption":"piotrboczkowski"},"url":"https:\/\/www.welovecycling.com\/pl\/author\/piotrboczkowski\/"}]}},"_links":{"self":[{"href":"https:\/\/www.welovecycling.com\/pl\/wp-json\/wp\/v2\/posts\/4328","targetHints":{"allow":["GET"]}}],"collection":[{"href":"https:\/\/www.welovecycling.com\/pl\/wp-json\/wp\/v2\/posts"}],"about":[{"href":"https:\/\/www.welovecycling.com\/pl\/wp-json\/wp\/v2\/types\/post"}],"author":[{"embeddable":true,"href":"https:\/\/www.welovecycling.com\/pl\/wp-json\/wp\/v2\/users\/76"}],"replies":[{"embeddable":true,"href":"https:\/\/www.welovecycling.com\/pl\/wp-json\/wp\/v2\/comments?post=4328"}],"version-history":[{"count":2,"href":"https:\/\/www.welovecycling.com\/pl\/wp-json\/wp\/v2\/posts\/4328\/revisions"}],"predecessor-version":[{"id":4332,"href":"https:\/\/www.welovecycling.com\/pl\/wp-json\/wp\/v2\/posts\/4328\/revisions\/4332"}],"wp:featuredmedia":[{"embeddable":true,"href":"https:\/\/www.welovecycling.com\/pl\/wp-json\/wp\/v2\/media\/4331"}],"wp:attachment":[{"href":"https:\/\/www.welovecycling.com\/pl\/wp-json\/wp\/v2\/media?parent=4328"}],"wp:term":[{"taxonomy":"category","embeddable":true,"href":"https:\/\/www.welovecycling.com\/pl\/wp-json\/wp\/v2\/categories?post=4328"},{"taxonomy":"post_tag","embeddable":true,"href":"https:\/\/www.welovecycling.com\/pl\/wp-json\/wp\/v2\/tags?post=4328"},{"taxonomy":"global-categories","embeddable":true,"href":"https:\/\/www.welovecycling.com\/pl\/wp-json\/wp\/v2\/global-categories?post=4328"}],"curies":[{"name":"wp","href":"https:\/\/api.w.org\/{rel}","templated":true}]}}