{"id":4317,"date":"2017-06-29T09:43:47","date_gmt":"2017-06-29T09:43:47","guid":{"rendered":"https:\/\/www.welovecycling.com\/pl\/?p=4317"},"modified":"2017-06-29T09:43:56","modified_gmt":"2017-06-29T09:43:56","slug":"wymienic-pedaly-rowerze","status":"publish","type":"post","link":"https:\/\/www.welovecycling.com\/pl\/2017\/06\/29\/wymienic-pedaly-rowerze\/","title":{"rendered":"Jak wymieni\u0107 peda\u0142y w rowerze?"},"content":{"rendered":"<p>Wymiana peda\u0142\u00f3w lub zamontowanie ich w dopiero co kupionym rowerze, to jedna z podstawowych czynno\u015bci serwisowych. Je\u017celi tylko b\u0119dziesz pami\u0119ta\u0107 o tym, \u017ce jeden z peda\u0142\u00f3w jest prawy, a drugi lewy i nie mo\u017cna ich ze sob\u0105 zamienia\u0107 \u2013 wszystko p\u00f3jdzie dobrze.<\/p>\n<p><a href=\"https:\/\/d2p6e6u75xmxt8.cloudfront.net\/5\/2017\/06\/klucze.JPG.jpg\"><img loading=\"lazy\" decoding=\"async\" class=\"alignnone size-extra-large wp-image-4318\" src=\"https:\/\/d2p6e6u75xmxt8.cloudfront.net\/5\/2017\/06\/klucze.JPG-1920x1100.jpg\" alt=\"\" width=\"1920\" height=\"1100\" srcset=\"https:\/\/d2p6e6u75xmxt8.cloudfront.net\/5\/2017\/06\/klucze.JPG-1920x1100.jpg 1920w, https:\/\/d2p6e6u75xmxt8.cloudfront.net\/5\/2017\/06\/klucze.JPG-300x172.jpg 300w, https:\/\/d2p6e6u75xmxt8.cloudfront.net\/5\/2017\/06\/klucze.JPG-768x440.jpg 768w, https:\/\/d2p6e6u75xmxt8.cloudfront.net\/5\/2017\/06\/klucze.JPG-1024x587.jpg 1024w, https:\/\/d2p6e6u75xmxt8.cloudfront.net\/5\/2017\/06\/klucze.JPG-1920x1100.jpg 1920w\" sizes=\"auto, (max-width: 1920px) 100vw, 1920px\" \/><\/a><\/p>\n<p>Aby odkr\u0119ci\u0107 lub przykr\u0119ci\u0107 peda\u0142y b\u0119dziesz potrzebowa\u0107 p\u0142askiego klucza 15 mm lub w przypadku niekt\u00f3rych peda\u0142\u00f3w, klucza imbusowego numer 6 lub 8. Warto r\u00f3wnie\u017c przygotowa\u0107 smar sta\u0142y i mie\u0107 pod r\u0119k\u0105 smar w sprayu.<\/p>\n<p><a href=\"https:\/\/d2p6e6u75xmxt8.cloudfront.net\/5\/2017\/06\/pedal-lewy-odkrecanie.jpg\"><img loading=\"lazy\" decoding=\"async\" class=\"alignnone size-extra-large wp-image-4319\" src=\"https:\/\/d2p6e6u75xmxt8.cloudfront.net\/5\/2017\/06\/pedal-lewy-odkrecanie-1920x1133.jpg\" alt=\"\" width=\"1920\" height=\"1133\" srcset=\"https:\/\/d2p6e6u75xmxt8.cloudfront.net\/5\/2017\/06\/pedal-lewy-odkrecanie-1920x1133.jpg 1920w, https:\/\/d2p6e6u75xmxt8.cloudfront.net\/5\/2017\/06\/pedal-lewy-odkrecanie-300x177.jpg 300w, https:\/\/d2p6e6u75xmxt8.cloudfront.net\/5\/2017\/06\/pedal-lewy-odkrecanie-768x453.jpg 768w, https:\/\/d2p6e6u75xmxt8.cloudfront.net\/5\/2017\/06\/pedal-lewy-odkrecanie-1024x604.jpg 1024w, https:\/\/d2p6e6u75xmxt8.cloudfront.net\/5\/2017\/06\/pedal-lewy-odkrecanie-1920x1133.jpg 1920w\" sizes=\"auto, (max-width: 1920px) 100vw, 1920px\" \/><\/a><\/p>\n<p><a href=\"https:\/\/d2p6e6u75xmxt8.cloudfront.net\/5\/2017\/06\/pedal-prawy-odkrecanie.jpg\"><img loading=\"lazy\" decoding=\"async\" class=\"alignnone size-extra-large wp-image-4320\" src=\"https:\/\/d2p6e6u75xmxt8.cloudfront.net\/5\/2017\/06\/pedal-prawy-odkrecanie-1920x1170.jpg\" alt=\"\" width=\"1920\" height=\"1170\" srcset=\"https:\/\/d2p6e6u75xmxt8.cloudfront.net\/5\/2017\/06\/pedal-prawy-odkrecanie-1920x1170.jpg 1920w, https:\/\/d2p6e6u75xmxt8.cloudfront.net\/5\/2017\/06\/pedal-prawy-odkrecanie-300x183.jpg 300w, https:\/\/d2p6e6u75xmxt8.cloudfront.net\/5\/2017\/06\/pedal-prawy-odkrecanie-768x468.jpg 768w, https:\/\/d2p6e6u75xmxt8.cloudfront.net\/5\/2017\/06\/pedal-prawy-odkrecanie-1024x624.jpg 1024w, https:\/\/d2p6e6u75xmxt8.cloudfront.net\/5\/2017\/06\/pedal-prawy-odkrecanie-1920x1170.jpg 1920w\" sizes=\"auto, (max-width: 1920px) 100vw, 1920px\" \/><\/a><\/p>\n<p>Zabieramy si\u0119 za odkr\u0119canie peda\u0142\u00f3w. Prawy peda\u0142 czyli ten od strony \u0142a\u0144cucha, odkr\u0119camy przeciwnie do ruchu wskaz\u00f3wek zegara, patrz\u0105c od jego frontu. Natomiast lewy peda\u0142 odkr\u0119camy zgodnie z ruchem wskaz\u00f3wek zegara, r\u00f3wnie\u017c patrz\u0105c od jego frontu.<\/p>\n<p>Kierunek odkr\u0119cania mo\u017cna zapami\u0119ta\u0107 w inny spos\u00f3b. W obu przypadkach gdy w\u0142o\u017cysz klucz od g\u00f3ry, wystarczy, \u017ce b\u0119dziesz kr\u0119ci\u0107 w kierunku ty\u0142u roweru.<\/p>\n<p>Je\u017celi b\u0119dziesz mie\u0107 problem z odkr\u0119ceniem peda\u0142\u00f3w, na pocz\u0105tek upewnij si\u0119 dwa razy czy kr\u0119cisz w dobr\u0105 stron\u0119. Nast\u0119pnie psiknij odrdzewiaczem lub smarem w sprayu w miejsce gdzie peda\u0142 wchodzi w korb\u0119 i odczekaj kilka minut. Warto r\u00f3wnie\u017c u\u017cy\u0107 d\u0142u\u017cszego klucza, co powinno pom\u00f3c przy opornych gwintach.<\/p>\n<p>Po odkr\u0119ceniu peda\u0142\u00f3w, warto wyczy\u015bci\u0107 czyst\u0105 szmatk\u0105 gwinty w korbie, a tak\u017ce same peda\u0142y, je\u017celi b\u0119dziesz montowa\u0107 je ponownie. Polecam tak\u017ce na\u0142o\u017cenie cienkiej warstwy smaru na gwinty. Najlepszy b\u0119dzie smar przeciwko zapiekaniu si\u0119 gwint\u00f3w, ale zwyk\u0142y smar do \u0142o\u017cysk te\u017c mo\u017ce by\u0107. To powinno zapobiec trzaskom, kt\u00f3re mog\u0105 pojawi\u0107 si\u0119 podczas jazdy, a tak\u017ce b\u0119dzie je \u0142atwiej odkr\u0119ci\u0107 w przysz\u0142o\u015bci.<\/p>\n<p><a href=\"https:\/\/d2p6e6u75xmxt8.cloudfront.net\/5\/2017\/06\/pedaly-oznaczenia.jpg\"><img loading=\"lazy\" decoding=\"async\" class=\"alignnone size-extra-large wp-image-4321\" src=\"https:\/\/d2p6e6u75xmxt8.cloudfront.net\/5\/2017\/06\/pedaly-oznaczenia-1920x1441.jpg\" alt=\"\" width=\"1920\" height=\"1441\" srcset=\"https:\/\/d2p6e6u75xmxt8.cloudfront.net\/5\/2017\/06\/pedaly-oznaczenia-1920x1441.jpg 1920w, https:\/\/d2p6e6u75xmxt8.cloudfront.net\/5\/2017\/06\/pedaly-oznaczenia-300x225.jpg 300w, https:\/\/d2p6e6u75xmxt8.cloudfront.net\/5\/2017\/06\/pedaly-oznaczenia-768x576.jpg 768w, https:\/\/d2p6e6u75xmxt8.cloudfront.net\/5\/2017\/06\/pedaly-oznaczenia-1024x768.jpg 1024w, https:\/\/d2p6e6u75xmxt8.cloudfront.net\/5\/2017\/06\/pedaly-oznaczenia-1920x1441.jpg 1920w\" sizes=\"auto, (max-width: 1920px) 100vw, 1920px\" \/><\/a><\/p>\n<p>Teraz czas na wkr\u0119cenie peda\u0142\u00f3w. Na pedale powinna znajdowa\u0107 si\u0119 informacja, czy jest on prawy (R) czy lewy (L).<\/p>\n<p><a href=\"https:\/\/d2p6e6u75xmxt8.cloudfront.net\/5\/2017\/06\/pedal-lewy-przykrecanie.jpg\"><img loading=\"lazy\" decoding=\"async\" class=\"alignnone size-extra-large wp-image-4322\" src=\"https:\/\/d2p6e6u75xmxt8.cloudfront.net\/5\/2017\/06\/pedal-lewy-przykrecanie-1920x1133.jpg\" alt=\"\" width=\"1920\" height=\"1133\" srcset=\"https:\/\/d2p6e6u75xmxt8.cloudfront.net\/5\/2017\/06\/pedal-lewy-przykrecanie-1920x1133.jpg 1920w, https:\/\/d2p6e6u75xmxt8.cloudfront.net\/5\/2017\/06\/pedal-lewy-przykrecanie-300x177.jpg 300w, https:\/\/d2p6e6u75xmxt8.cloudfront.net\/5\/2017\/06\/pedal-lewy-przykrecanie-768x453.jpg 768w, https:\/\/d2p6e6u75xmxt8.cloudfront.net\/5\/2017\/06\/pedal-lewy-przykrecanie-1024x604.jpg 1024w, https:\/\/d2p6e6u75xmxt8.cloudfront.net\/5\/2017\/06\/pedal-lewy-przykrecanie-1920x1133.jpg 1920w\" sizes=\"auto, (max-width: 1920px) 100vw, 1920px\" \/><\/a> <a href=\"https:\/\/d2p6e6u75xmxt8.cloudfront.net\/5\/2017\/06\/pedal-prawy-przykrecanie.jpg\"><img loading=\"lazy\" decoding=\"async\" class=\"alignnone size-extra-large wp-image-4323\" src=\"https:\/\/d2p6e6u75xmxt8.cloudfront.net\/5\/2017\/06\/pedal-prawy-przykrecanie-1920x1170.jpg\" alt=\"\" width=\"1920\" height=\"1170\" srcset=\"https:\/\/d2p6e6u75xmxt8.cloudfront.net\/5\/2017\/06\/pedal-prawy-przykrecanie-1920x1170.jpg 1920w, https:\/\/d2p6e6u75xmxt8.cloudfront.net\/5\/2017\/06\/pedal-prawy-przykrecanie-300x183.jpg 300w, https:\/\/d2p6e6u75xmxt8.cloudfront.net\/5\/2017\/06\/pedal-prawy-przykrecanie-768x468.jpg 768w, https:\/\/d2p6e6u75xmxt8.cloudfront.net\/5\/2017\/06\/pedal-prawy-przykrecanie-1024x624.jpg 1024w, https:\/\/d2p6e6u75xmxt8.cloudfront.net\/5\/2017\/06\/pedal-prawy-przykrecanie-1920x1170.jpg 1920w\" sizes=\"auto, (max-width: 1920px) 100vw, 1920px\" \/><\/a><\/p>\n<p>Wkr\u0119camy je odwrotnie, ni\u017c przy odkr\u0119caniu, czyli prawy peda\u0142 zgodnie z ruchem wskaz\u00f3wek zegara, a lewy przeciwnie do ich ruchu. Na pocz\u0105tku warto zrobi\u0107 to r\u0119k\u0105, b\u0119dziesz mie\u0107 pewno\u015b\u0107, \u017ce wkr\u0119casz je prosto. Na ko\u0144cu dokr\u0119\u0107 je kluczem, solidnie, ale z wyczuciem \u2013 nie trzeba uwiesza\u0107 si\u0119 na kluczu.<\/p>\n<p>Warto jeszcze po przejechaniu kilku kilometr\u00f3w, sprawdzi\u0107 czy z peda\u0142ami wszystko w porz\u0105dku. I gotowe!<\/p>\n","protected":false},"excerpt":{"rendered":"<p>Wymiana peda\u0142\u00f3w lub zamontowanie ich w dopiero co kupionym rowerze, to jedna z podstawowych czynno\u015bci serwisowych. Je\u017celi tylko b\u0119dziesz pami\u0119ta\u0107 [&hellip;]<\/p>\n","protected":false},"author":76,"featured_media":4326,"comment_status":"open","ping_status":"open","sticky":false,"template":"","format":"standard","meta":{"footnotes":""},"categories":[1],"tags":[174,62,64,175],"global-categories":[],"class_list":["post-4317","post","type-post","status-publish","format-standard","has-post-thumbnail","hentry","category-uncategorized","tag-pedaly-w-rowerze","tag-porady","tag-roweroweporady","tag-wymiana"],"yoast_head":"<!-- This site is optimized with the Yoast SEO Premium plugin v25.3 (Yoast SEO v25.9) - https:\/\/yoast.com\/wordpress\/plugins\/seo\/ -->\n<title>Jak wymieni\u0107 peda\u0142y w rowerze? - \u0160koda We Love Cycling - Poland<\/title>\n<meta name=\"robots\" content=\"index, follow, max-snippet:-1, max-image-preview:large, max-video-preview:-1\" \/>\n<link rel=\"canonical\" href=\"https:\/\/www.welovecycling.com\/pl\/2017\/06\/29\/wymienic-pedaly-rowerze\/\" \/>\n<meta property=\"og:locale\" content=\"pl_PL\" \/>\n<meta property=\"og:type\" content=\"article\" \/>\n<meta property=\"og:title\" content=\"Jak wymieni\u0107 peda\u0142y w rowerze?\" \/>\n<meta property=\"og:description\" content=\"Wymiana peda\u0142\u00f3w lub zamontowanie ich w dopiero co kupionym rowerze, to jedna z podstawowych czynno\u015bci serwisowych. Je\u017celi tylko b\u0119dziesz pami\u0119ta\u0107 [&hellip;]\" \/>\n<meta property=\"og:url\" content=\"https:\/\/www.welovecycling.com\/pl\/2017\/06\/29\/wymienic-pedaly-rowerze\/\" \/>\n<meta property=\"og:site_name\" content=\"\u0160koda We Love Cycling - Poland\" \/>\n<meta property=\"article:published_time\" content=\"2017-06-29T09:43:47+00:00\" \/>\n<meta property=\"article:modified_time\" content=\"2017-06-29T09:43:56+00:00\" \/>\n<meta property=\"og:image\" content=\"https:\/\/d2p6e6u75xmxt8.cloudfront.net\/5\/2017\/06\/klucze.JPG-2-1024x587.jpg\" \/>\n\t<meta property=\"og:image:width\" content=\"1024\" \/>\n\t<meta property=\"og:image:height\" content=\"587\" \/>\n\t<meta property=\"og:image:type\" content=\"image\/jpeg\" \/>\n<meta name=\"author\" content=\"piotrboczkowski\" \/>\n<meta name=\"twitter:card\" content=\"summary_large_image\" \/>\n<meta name=\"twitter:label1\" content=\"Written by\" \/>\n\t<meta name=\"twitter:data1\" content=\"Roweroweporady.pl\" \/>\n\t<meta name=\"twitter:label2\" content=\"Est. reading time\" \/>\n\t<meta name=\"twitter:data2\" content=\"2 minutes\" \/>\n<script type=\"application\/ld+json\" class=\"yoast-schema-graph\">{\"@context\":\"https:\/\/schema.org\",\"@graph\":[{\"@type\":\"WebPage\",\"@id\":\"https:\/\/www.welovecycling.com\/pl\/2017\/06\/29\/wymienic-pedaly-rowerze\/\",\"url\":\"https:\/\/www.welovecycling.com\/pl\/2017\/06\/29\/wymienic-pedaly-rowerze\/\",\"name\":\"Jak wymieni\u0107 peda\u0142y w rowerze? - \u0160koda We Love Cycling - Poland\",\"isPartOf\":{\"@id\":\"https:\/\/www.welovecycling.com\/pl\/#website\"},\"primaryImageOfPage\":{\"@id\":\"https:\/\/www.welovecycling.com\/pl\/2017\/06\/29\/wymienic-pedaly-rowerze\/#primaryimage\"},\"image\":{\"@id\":\"https:\/\/www.welovecycling.com\/pl\/2017\/06\/29\/wymienic-pedaly-rowerze\/#primaryimage\"},\"thumbnailUrl\":\"https:\/\/d2p6e6u75xmxt8.cloudfront.net\/5\/2017\/06\/klucze.JPG-2-e1498729407326.jpg\",\"datePublished\":\"2017-06-29T09:43:47+00:00\",\"dateModified\":\"2017-06-29T09:43:56+00:00\",\"author\":{\"@id\":\"https:\/\/www.welovecycling.com\/pl\/#\/schema\/person\/0dba2d39da943db9df3fd8f4687e7f23\"},\"breadcrumb\":{\"@id\":\"https:\/\/www.welovecycling.com\/pl\/2017\/06\/29\/wymienic-pedaly-rowerze\/#breadcrumb\"},\"inLanguage\":\"pl-PL\",\"potentialAction\":[{\"@type\":\"ReadAction\",\"target\":[\"https:\/\/www.welovecycling.com\/pl\/2017\/06\/29\/wymienic-pedaly-rowerze\/\"]}]},{\"@type\":\"ImageObject\",\"inLanguage\":\"pl-PL\",\"@id\":\"https:\/\/www.welovecycling.com\/pl\/2017\/06\/29\/wymienic-pedaly-rowerze\/#primaryimage\",\"url\":\"https:\/\/d2p6e6u75xmxt8.cloudfront.net\/5\/2017\/06\/klucze.JPG-2-e1498729407326.jpg\",\"contentUrl\":\"https:\/\/d2p6e6u75xmxt8.cloudfront.net\/5\/2017\/06\/klucze.JPG-2-e1498729407326.jpg\",\"width\":1700,\"height\":974},{\"@type\":\"BreadcrumbList\",\"@id\":\"https:\/\/www.welovecycling.com\/pl\/2017\/06\/29\/wymienic-pedaly-rowerze\/#breadcrumb\",\"itemListElement\":[{\"@type\":\"ListItem\",\"position\":1,\"name\":\"Home\",\"item\":\"https:\/\/www.welovecycling.com\/pl\/\"},{\"@type\":\"ListItem\",\"position\":2,\"name\":\"Jak wymieni\u0107 peda\u0142y w rowerze?\"}]},{\"@type\":\"WebSite\",\"@id\":\"https:\/\/www.welovecycling.com\/pl\/#website\",\"url\":\"https:\/\/www.welovecycling.com\/pl\/\",\"name\":\"\u0160koda We Love Cycling - Poland\",\"description\":\"\",\"potentialAction\":[{\"@type\":\"SearchAction\",\"target\":{\"@type\":\"EntryPoint\",\"urlTemplate\":\"https:\/\/www.welovecycling.com\/pl\/?s={search_term_string}\"},\"query-input\":{\"@type\":\"PropertyValueSpecification\",\"valueRequired\":true,\"valueName\":\"search_term_string\"}}],\"inLanguage\":\"pl-PL\"},{\"@type\":\"Person\",\"@id\":\"https:\/\/www.welovecycling.com\/pl\/#\/schema\/person\/0dba2d39da943db9df3fd8f4687e7f23\",\"name\":\"piotrboczkowski\",\"image\":{\"@type\":\"ImageObject\",\"inLanguage\":\"pl-PL\",\"@id\":\"https:\/\/www.welovecycling.com\/pl\/#\/schema\/person\/image\/\",\"url\":\"https:\/\/secure.gravatar.com\/avatar\/533caccae14752e03a2ce2d3fd62d1b98b93e1393c3195c27819e53344ca1ace?s=96&d=mm&r=g\",\"contentUrl\":\"https:\/\/secure.gravatar.com\/avatar\/533caccae14752e03a2ce2d3fd62d1b98b93e1393c3195c27819e53344ca1ace?s=96&d=mm&r=g\",\"caption\":\"piotrboczkowski\"},\"url\":\"https:\/\/www.welovecycling.com\/pl\/author\/piotrboczkowski\/\"}]}<\/script>\n<!-- \/ Yoast SEO Premium plugin. -->","yoast_head_json":{"title":"Jak wymieni\u0107 peda\u0142y w rowerze? - \u0160koda We Love Cycling - Poland","robots":{"index":"index","follow":"follow","max-snippet":"max-snippet:-1","max-image-preview":"max-image-preview:large","max-video-preview":"max-video-preview:-1"},"canonical":"https:\/\/www.welovecycling.com\/pl\/2017\/06\/29\/wymienic-pedaly-rowerze\/","og_locale":"pl_PL","og_type":"article","og_title":"Jak wymieni\u0107 peda\u0142y w rowerze?","og_description":"Wymiana peda\u0142\u00f3w lub zamontowanie ich w dopiero co kupionym rowerze, to jedna z podstawowych czynno\u015bci serwisowych. Je\u017celi tylko b\u0119dziesz pami\u0119ta\u0107 [&hellip;]","og_url":"https:\/\/www.welovecycling.com\/pl\/2017\/06\/29\/wymienic-pedaly-rowerze\/","og_site_name":"\u0160koda We Love Cycling - Poland","article_published_time":"2017-06-29T09:43:47+00:00","article_modified_time":"2017-06-29T09:43:56+00:00","og_image":[{"width":1024,"height":587,"url":"https:\/\/d2p6e6u75xmxt8.cloudfront.net\/5\/2017\/06\/klucze.JPG-2-1024x587.jpg","type":"image\/jpeg"}],"author":"piotrboczkowski","twitter_card":"summary_large_image","twitter_misc":{"Written by":"Roweroweporady.pl","Est. reading time":"2 minutes"},"schema":{"@context":"https:\/\/schema.org","@graph":[{"@type":"WebPage","@id":"https:\/\/www.welovecycling.com\/pl\/2017\/06\/29\/wymienic-pedaly-rowerze\/","url":"https:\/\/www.welovecycling.com\/pl\/2017\/06\/29\/wymienic-pedaly-rowerze\/","name":"Jak wymieni\u0107 peda\u0142y w rowerze? - \u0160koda We Love Cycling - Poland","isPartOf":{"@id":"https:\/\/www.welovecycling.com\/pl\/#website"},"primaryImageOfPage":{"@id":"https:\/\/www.welovecycling.com\/pl\/2017\/06\/29\/wymienic-pedaly-rowerze\/#primaryimage"},"image":{"@id":"https:\/\/www.welovecycling.com\/pl\/2017\/06\/29\/wymienic-pedaly-rowerze\/#primaryimage"},"thumbnailUrl":"https:\/\/d2p6e6u75xmxt8.cloudfront.net\/5\/2017\/06\/klucze.JPG-2-e1498729407326.jpg","datePublished":"2017-06-29T09:43:47+00:00","dateModified":"2017-06-29T09:43:56+00:00","author":{"@id":"https:\/\/www.welovecycling.com\/pl\/#\/schema\/person\/0dba2d39da943db9df3fd8f4687e7f23"},"breadcrumb":{"@id":"https:\/\/www.welovecycling.com\/pl\/2017\/06\/29\/wymienic-pedaly-rowerze\/#breadcrumb"},"inLanguage":"pl-PL","potentialAction":[{"@type":"ReadAction","target":["https:\/\/www.welovecycling.com\/pl\/2017\/06\/29\/wymienic-pedaly-rowerze\/"]}]},{"@type":"ImageObject","inLanguage":"pl-PL","@id":"https:\/\/www.welovecycling.com\/pl\/2017\/06\/29\/wymienic-pedaly-rowerze\/#primaryimage","url":"https:\/\/d2p6e6u75xmxt8.cloudfront.net\/5\/2017\/06\/klucze.JPG-2-e1498729407326.jpg","contentUrl":"https:\/\/d2p6e6u75xmxt8.cloudfront.net\/5\/2017\/06\/klucze.JPG-2-e1498729407326.jpg","width":1700,"height":974},{"@type":"BreadcrumbList","@id":"https:\/\/www.welovecycling.com\/pl\/2017\/06\/29\/wymienic-pedaly-rowerze\/#breadcrumb","itemListElement":[{"@type":"ListItem","position":1,"name":"Home","item":"https:\/\/www.welovecycling.com\/pl\/"},{"@type":"ListItem","position":2,"name":"Jak wymieni\u0107 peda\u0142y w rowerze?"}]},{"@type":"WebSite","@id":"https:\/\/www.welovecycling.com\/pl\/#website","url":"https:\/\/www.welovecycling.com\/pl\/","name":"\u0160koda We Love Cycling - Poland","description":"","potentialAction":[{"@type":"SearchAction","target":{"@type":"EntryPoint","urlTemplate":"https:\/\/www.welovecycling.com\/pl\/?s={search_term_string}"},"query-input":{"@type":"PropertyValueSpecification","valueRequired":true,"valueName":"search_term_string"}}],"inLanguage":"pl-PL"},{"@type":"Person","@id":"https:\/\/www.welovecycling.com\/pl\/#\/schema\/person\/0dba2d39da943db9df3fd8f4687e7f23","name":"piotrboczkowski","image":{"@type":"ImageObject","inLanguage":"pl-PL","@id":"https:\/\/www.welovecycling.com\/pl\/#\/schema\/person\/image\/","url":"https:\/\/secure.gravatar.com\/avatar\/533caccae14752e03a2ce2d3fd62d1b98b93e1393c3195c27819e53344ca1ace?s=96&d=mm&r=g","contentUrl":"https:\/\/secure.gravatar.com\/avatar\/533caccae14752e03a2ce2d3fd62d1b98b93e1393c3195c27819e53344ca1ace?s=96&d=mm&r=g","caption":"piotrboczkowski"},"url":"https:\/\/www.welovecycling.com\/pl\/author\/piotrboczkowski\/"}]}},"_links":{"self":[{"href":"https:\/\/www.welovecycling.com\/pl\/wp-json\/wp\/v2\/posts\/4317","targetHints":{"allow":["GET"]}}],"collection":[{"href":"https:\/\/www.welovecycling.com\/pl\/wp-json\/wp\/v2\/posts"}],"about":[{"href":"https:\/\/www.welovecycling.com\/pl\/wp-json\/wp\/v2\/types\/post"}],"author":[{"embeddable":true,"href":"https:\/\/www.welovecycling.com\/pl\/wp-json\/wp\/v2\/users\/76"}],"replies":[{"embeddable":true,"href":"https:\/\/www.welovecycling.com\/pl\/wp-json\/wp\/v2\/comments?post=4317"}],"version-history":[{"count":2,"href":"https:\/\/www.welovecycling.com\/pl\/wp-json\/wp\/v2\/posts\/4317\/revisions"}],"predecessor-version":[{"id":4327,"href":"https:\/\/www.welovecycling.com\/pl\/wp-json\/wp\/v2\/posts\/4317\/revisions\/4327"}],"wp:featuredmedia":[{"embeddable":true,"href":"https:\/\/www.welovecycling.com\/pl\/wp-json\/wp\/v2\/media\/4326"}],"wp:attachment":[{"href":"https:\/\/www.welovecycling.com\/pl\/wp-json\/wp\/v2\/media?parent=4317"}],"wp:term":[{"taxonomy":"category","embeddable":true,"href":"https:\/\/www.welovecycling.com\/pl\/wp-json\/wp\/v2\/categories?post=4317"},{"taxonomy":"post_tag","embeddable":true,"href":"https:\/\/www.welovecycling.com\/pl\/wp-json\/wp\/v2\/tags?post=4317"},{"taxonomy":"global-categories","embeddable":true,"href":"https:\/\/www.welovecycling.com\/pl\/wp-json\/wp\/v2\/global-categories?post=4317"}],"curies":[{"name":"wp","href":"https:\/\/api.w.org\/{rel}","templated":true}]}}