{"id":4218,"date":"2017-06-21T07:46:20","date_gmt":"2017-06-21T07:46:20","guid":{"rendered":"https:\/\/www.welovecycling.com\/pl\/?p=4218"},"modified":"2017-06-21T07:46:21","modified_gmt":"2017-06-21T07:46:21","slug":"wyprawa-freeride-azerbejdzanu-4-przyjaciol-1-samochod-10-400-kilometrow","status":"publish","type":"post","link":"https:\/\/www.welovecycling.com\/pl\/2017\/06\/21\/wyprawa-freeride-azerbejdzanu-4-przyjaciol-1-samochod-10-400-kilometrow\/","title":{"rendered":"Wyprawa na freeride do Azerbejd\u017canu: 4 przyjaci\u00f3\u0142, 1 samoch\u00f3d i 10 400 kilometr\u00f3w"},"content":{"rendered":"<div id=\"pl-4218\"  class=\"panel-layout\" ><div id=\"pg-4218-0\"  class=\"panel-grid panel-no-style\" ><div id=\"pgc-4218-0-0\"  class=\"panel-grid-cell\" ><div id=\"panel-4218-0-0-0\" class=\"so-panel widget widget_sow-editor panel-first-child\" data-index=\"0\" ><div\n\t\t\t\n\t\t\tclass=\"so-widget-sow-editor so-widget-sow-editor-base\"\n\t\t\t\n\t\t>\n<div class=\"siteorigin-widget-tinymce textwidget\">\n\t<p><span style=\"font-weight: 400;\">Pi\u0119kne g\u00f3ry, barwne ska\u0142y w niesamowitych odcieniach czerwieni i szaro\u015bci, nienaruszone przez cz\u0142owieka pustkowie i r\u00f3\u017cnorodne szlaki czeka\u0142y tylko na odkrycie przez naszego ambasadora We Love Cycling \u2013 Richarda Gasperotti vel Gaspi. Jego ekipa sk\u0142ada\u0142a si\u0119 z fotografa Adama Marsala, kierownika produkcji Lukasa Juski i kamerzysty Marty'ego Smolika, kt\u00f3ry nagrywa\u0142 kolejny ekscytuj\u0105cy materia\u0142 z serii Zam. W \u015brodku maja wyruszyli z Pragi, by przeby\u0107 4000 km i dotrze\u0107 do Baku, stolicy Azerbejd\u017canu.<\/span><\/p>\n<p><span style=\"font-weight: 400;\">\u201cZanim wyruszyli\u015bmy, wielu ludzi pyta\u0142o mnie czemu akurat ten kraj. Kiedy planuje si\u0119 g\u00f3rskie wyprawy rowerowe, najwa\u017cniejsze jest znalezienie odpowiedniego celu podr\u00f3\u017cy. Zamys\u0142em Zam jest zabieranie kolarstwa g\u00f3rskiego w takie miejsca, w kt\u00f3rych nikt by si\u0119 go nie spodziewa\u0142, lub przedstawianie \u015bwiatu nieznanych jeszcze spo\u0142eczno\u015bci zwi\u0105zanych z t\u0105 dyscyplin\u0105. Mimo, \u017ce trudno jest znale\u017a\u0107 miejsce, kt\u00f3re nie zosta\u0142o jeszcze odwiedzone przez tysi\u0105ce rowerzyst\u00f3w, Azerbejd\u017can ma wszystko, czego szukali\u015bmy\u201d wyja\u015bnia Richard.<\/span><\/p>\n<\/div>\n<\/div><\/div><div id=\"panel-4218-0-0-1\" class=\"so-panel widget widget_sow-image-grid\" data-index=\"1\" ><div\n\t\t\t\n\t\t\tclass=\"so-widget-sow-image-grid so-widget-sow-image-grid-default-3fbf13dff59f-4218\"\n\t\t\t\n\t\t>\t<div\n\t\tclass=\"sow-image-grid-wrapper\"\n\t\t\t\t\t>\n\t\t\t\t\t<div class=\"sow-image-grid-image\">\n\t\t\t\t\t\t\t\t\t\t\t\t\t<a href=\"https:\/\/d2p6e6u75xmxt8.cloudfront.net\/5\/2017\/06\/Zam6_adam_marsal6.jpg\"\n\t\t\t\t\t>\n\t\t\t\t\t\t\t\t<img loading=\"lazy\" decoding=\"async\" width=\"1642\" height=\"1094\" src=\"https:\/\/d2p6e6u75xmxt8.cloudfront.net\/5\/2017\/06\/Zam6_adam_marsal6.jpg\" class=\"sow-image-grid-image_html\" alt=\"\" title=\"\" srcset=\"https:\/\/d2p6e6u75xmxt8.cloudfront.net\/5\/2017\/06\/Zam6_adam_marsal6.jpg 1642w, https:\/\/d2p6e6u75xmxt8.cloudfront.net\/5\/2017\/06\/Zam6_adam_marsal6-300x200.jpg 300w, https:\/\/d2p6e6u75xmxt8.cloudfront.net\/5\/2017\/06\/Zam6_adam_marsal6-768x512.jpg 768w, https:\/\/d2p6e6u75xmxt8.cloudfront.net\/5\/2017\/06\/Zam6_adam_marsal6-1024x682.jpg 1024w, https:\/\/d2p6e6u75xmxt8.cloudfront.net\/5\/2017\/06\/Zam6_adam_marsal6-272x182.jpg 272w\" sizes=\"auto, (max-width: 1642px) 100vw, 1642px\" \/>\t\t\t\t\t\t\t\t\t<\/a>\n\t\t\t\t\t\t\t\t\t\t\t<\/div>\n\t\t\t\t\t<div class=\"sow-image-grid-image\">\n\t\t\t\t\t\t\t\t\t\t\t\t\t<a href=\"https:\/\/d2p6e6u75xmxt8.cloudfront.net\/5\/2017\/06\/Zam6_adam_marsal14.jpg\"\n\t\t\t\t\t>\n\t\t\t\t\t\t\t\t<img loading=\"lazy\" decoding=\"async\" width=\"1467\" height=\"978\" src=\"https:\/\/d2p6e6u75xmxt8.cloudfront.net\/5\/2017\/06\/Zam6_adam_marsal14.jpg\" class=\"sow-image-grid-image_html\" alt=\"\" title=\"\" srcset=\"https:\/\/d2p6e6u75xmxt8.cloudfront.net\/5\/2017\/06\/Zam6_adam_marsal14.jpg 1467w, https:\/\/d2p6e6u75xmxt8.cloudfront.net\/5\/2017\/06\/Zam6_adam_marsal14-300x200.jpg 300w, https:\/\/d2p6e6u75xmxt8.cloudfront.net\/5\/2017\/06\/Zam6_adam_marsal14-768x512.jpg 768w, https:\/\/d2p6e6u75xmxt8.cloudfront.net\/5\/2017\/06\/Zam6_adam_marsal14-1024x683.jpg 1024w, https:\/\/d2p6e6u75xmxt8.cloudfront.net\/5\/2017\/06\/Zam6_adam_marsal14-272x182.jpg 272w\" sizes=\"auto, (max-width: 1467px) 100vw, 1467px\" \/>\t\t\t\t\t\t\t\t\t<\/a>\n\t\t\t\t\t\t\t\t\t\t\t<\/div>\n\t\t\t\t\t<div class=\"sow-image-grid-image\">\n\t\t\t\t\t\t\t\t\t\t\t\t\t<a href=\"https:\/\/d2p6e6u75xmxt8.cloudfront.net\/5\/2017\/06\/Zam6_adam_marsal12.jpg\"\n\t\t\t\t\t>\n\t\t\t\t\t\t\t\t<img loading=\"lazy\" decoding=\"async\" width=\"1610\" height=\"1073\" src=\"https:\/\/d2p6e6u75xmxt8.cloudfront.net\/5\/2017\/06\/Zam6_adam_marsal12.jpg\" class=\"sow-image-grid-image_html\" alt=\"\" title=\"\" srcset=\"https:\/\/d2p6e6u75xmxt8.cloudfront.net\/5\/2017\/06\/Zam6_adam_marsal12.jpg 1610w, https:\/\/d2p6e6u75xmxt8.cloudfront.net\/5\/2017\/06\/Zam6_adam_marsal12-300x200.jpg 300w, https:\/\/d2p6e6u75xmxt8.cloudfront.net\/5\/2017\/06\/Zam6_adam_marsal12-768x512.jpg 768w, https:\/\/d2p6e6u75xmxt8.cloudfront.net\/5\/2017\/06\/Zam6_adam_marsal12-1024x682.jpg 1024w, https:\/\/d2p6e6u75xmxt8.cloudfront.net\/5\/2017\/06\/Zam6_adam_marsal12-272x182.jpg 272w\" sizes=\"auto, (max-width: 1610px) 100vw, 1610px\" \/>\t\t\t\t\t\t\t\t\t<\/a>\n\t\t\t\t\t\t\t\t\t\t\t<\/div>\n\t\t\t<\/div>\n<\/div><\/div><div id=\"panel-4218-0-0-2\" class=\"so-panel widget widget_sow-editor\" data-index=\"2\" ><div\n\t\t\t\n\t\t\tclass=\"so-widget-sow-editor so-widget-sow-editor-base\"\n\t\t\t\n\t\t>\n<div class=\"siteorigin-widget-tinymce textwidget\">\n\t<p>Przy wsparciu sponsor\u00f3w, ekipa Zam odwiedzi\u0142a g\u00f3rskie kurorty Shahdag i Tufandag, czy chocia\u017cby zjecha\u0142a w d\u00f3\u0142 ulicami Xinaliq \u2013 najwy\u017cej po\u0142o\u017cnej wsi kraju. Richard przejecha\u0142 przez s\u0142oneczne pla\u017ce nad Morzem Kaspijskim i w Baku. Potem podr\u00f3\u017cnicy poznali nowych przyjaci\u00f3\u0142 w Velocafe (miejscu spotka\u0144 lokalnej spo\u0142eczno\u015bci rowerowej) przy Placu Flagi Narodowej. Zamowicze sprawdzili bakijskie szlaki w towarzystwie lokalnych rowerzyst\u00f3w, pokonali strome ska\u0142y Parku Narodowego Altia\u011fac nieopodal Xizi i prze\u017cyli du\u017co, du\u017co wi\u0119cej. Na kilka dni do grupy do\u0142\u0105czy\u0142 sportowiec Red Bulla Michal Marosi, kt\u00f3ry zn\u00f3w udowodni\u0142, \u017ce jest jednym z najbardziej inspiruj\u0105cych kola\u017cy g\u00f3rskich w historii dyscypliny.<\/p>\n<\/div>\n<\/div><\/div><div id=\"panel-4218-0-0-3\" class=\"so-panel widget widget_sow-image-grid\" data-index=\"3\" ><div\n\t\t\t\n\t\t\tclass=\"so-widget-sow-image-grid so-widget-sow-image-grid-default-3fbf13dff59f-4218\"\n\t\t\t\n\t\t>\t<div\n\t\tclass=\"sow-image-grid-wrapper\"\n\t\t\t\t\t>\n\t\t\t\t\t<div class=\"sow-image-grid-image\">\n\t\t\t\t\t\t\t\t\t\t\t\t<img loading=\"lazy\" decoding=\"async\" width=\"1610\" height=\"1074\" src=\"https:\/\/d2p6e6u75xmxt8.cloudfront.net\/5\/2017\/06\/Zam6_adam_marsal1-.jpg\" class=\"sow-image-grid-image_html\" alt=\"\" title=\"\" srcset=\"https:\/\/d2p6e6u75xmxt8.cloudfront.net\/5\/2017\/06\/Zam6_adam_marsal1-.jpg 1610w, https:\/\/d2p6e6u75xmxt8.cloudfront.net\/5\/2017\/06\/Zam6_adam_marsal1--300x200.jpg 300w, https:\/\/d2p6e6u75xmxt8.cloudfront.net\/5\/2017\/06\/Zam6_adam_marsal1--768x512.jpg 768w, https:\/\/d2p6e6u75xmxt8.cloudfront.net\/5\/2017\/06\/Zam6_adam_marsal1--1024x683.jpg 1024w, https:\/\/d2p6e6u75xmxt8.cloudfront.net\/5\/2017\/06\/Zam6_adam_marsal1--272x182.jpg 272w\" sizes=\"auto, (max-width: 1610px) 100vw, 1610px\" \/>\t\t\t\t\t\t\t\t\t\t\t<\/div>\n\t\t\t\t\t<div class=\"sow-image-grid-image\">\n\t\t\t\t\t\t\t\t\t\t\t\t<img loading=\"lazy\" decoding=\"async\" width=\"1094\" height=\"1642\" src=\"https:\/\/d2p6e6u75xmxt8.cloudfront.net\/5\/2017\/06\/Zam6_adam_marsal15.jpg\" class=\"sow-image-grid-image_html\" alt=\"\" title=\"\" srcset=\"https:\/\/d2p6e6u75xmxt8.cloudfront.net\/5\/2017\/06\/Zam6_adam_marsal15.jpg 1094w, https:\/\/d2p6e6u75xmxt8.cloudfront.net\/5\/2017\/06\/Zam6_adam_marsal15-200x300.jpg 200w, https:\/\/d2p6e6u75xmxt8.cloudfront.net\/5\/2017\/06\/Zam6_adam_marsal15-768x1153.jpg 768w, https:\/\/d2p6e6u75xmxt8.cloudfront.net\/5\/2017\/06\/Zam6_adam_marsal15-682x1024.jpg 682w\" sizes=\"auto, (max-width: 1094px) 100vw, 1094px\" \/>\t\t\t\t\t\t\t\t\t\t\t<\/div>\n\t\t\t\t\t<div class=\"sow-image-grid-image\">\n\t\t\t\t\t\t\t\t\t\t\t\t<img loading=\"lazy\" decoding=\"async\" width=\"1642\" height=\"1094\" src=\"https:\/\/d2p6e6u75xmxt8.cloudfront.net\/5\/2017\/06\/Zam6_adam_marsal10.jpg\" class=\"sow-image-grid-image_html\" alt=\"\" title=\"\" srcset=\"https:\/\/d2p6e6u75xmxt8.cloudfront.net\/5\/2017\/06\/Zam6_adam_marsal10.jpg 1642w, https:\/\/d2p6e6u75xmxt8.cloudfront.net\/5\/2017\/06\/Zam6_adam_marsal10-300x200.jpg 300w, https:\/\/d2p6e6u75xmxt8.cloudfront.net\/5\/2017\/06\/Zam6_adam_marsal10-768x512.jpg 768w, https:\/\/d2p6e6u75xmxt8.cloudfront.net\/5\/2017\/06\/Zam6_adam_marsal10-1024x682.jpg 1024w, https:\/\/d2p6e6u75xmxt8.cloudfront.net\/5\/2017\/06\/Zam6_adam_marsal10-272x182.jpg 272w\" sizes=\"auto, (max-width: 1642px) 100vw, 1642px\" \/>\t\t\t\t\t\t\t\t\t\t\t<\/div>\n\t\t\t\t\t<div class=\"sow-image-grid-image\">\n\t\t\t\t\t\t\t\t\t\t\t\t<img loading=\"lazy\" decoding=\"async\" width=\"1642\" height=\"1094\" src=\"https:\/\/d2p6e6u75xmxt8.cloudfront.net\/5\/2017\/06\/Zam6_adam_marsal13.jpg\" class=\"sow-image-grid-image_html\" alt=\"\" title=\"\" srcset=\"https:\/\/d2p6e6u75xmxt8.cloudfront.net\/5\/2017\/06\/Zam6_adam_marsal13.jpg 1642w, https:\/\/d2p6e6u75xmxt8.cloudfront.net\/5\/2017\/06\/Zam6_adam_marsal13-300x200.jpg 300w, https:\/\/d2p6e6u75xmxt8.cloudfront.net\/5\/2017\/06\/Zam6_adam_marsal13-768x512.jpg 768w, https:\/\/d2p6e6u75xmxt8.cloudfront.net\/5\/2017\/06\/Zam6_adam_marsal13-1024x682.jpg 1024w, https:\/\/d2p6e6u75xmxt8.cloudfront.net\/5\/2017\/06\/Zam6_adam_marsal13-272x182.jpg 272w\" sizes=\"auto, (max-width: 1642px) 100vw, 1642px\" \/>\t\t\t\t\t\t\t\t\t\t\t<\/div>\n\t\t\t<\/div>\n<\/div><\/div><div id=\"panel-4218-0-0-4\" class=\"so-panel widget widget_sow-editor panel-last-child\" data-index=\"4\" ><div\n\t\t\t\n\t\t\tclass=\"so-widget-sow-editor so-widget-sow-editor-base\"\n\t\t\t\n\t\t>\n<div class=\"siteorigin-widget-tinymce textwidget\">\n\t<p>(\u017ar\u00f3d\u0142o zdj\u0119\u0107: welovecycling.com)<\/p>\n<\/div>\n<\/div><\/div><\/div><\/div><\/div>","protected":false},"excerpt":{"rendered":"<p>Pi\u0119kne g\u00f3ry, barwne ska\u0142y w niesamowitych odcieniach czerwieni i szaro\u015bci, nienaruszone przez cz\u0142owieka pustkowie i r\u00f3\u017cnorodne szlaki czeka\u0142y tylko na [&hellip;]<\/p>\n","protected":false},"author":76,"featured_media":4219,"comment_status":"open","ping_status":"open","sticky":false,"template":"","format":"standard","meta":{"footnotes":""},"categories":[5],"tags":[168],"global-categories":[],"class_list":["post-4218","post","type-post","status-publish","format-standard","has-post-thumbnail","hentry","category-outdoormtb","tag-freeride"],"yoast_head":"<!-- This site is optimized with the Yoast SEO Premium plugin v25.3 (Yoast SEO v25.9) - https:\/\/yoast.com\/wordpress\/plugins\/seo\/ -->\n<title>Wyprawa na freeride do Azerbejd\u017canu: 4 przyjaci\u00f3\u0142, 1 samoch\u00f3d i 10 400 kilometr\u00f3w - \u0160koda We Love Cycling - Poland<\/title>\n<meta name=\"robots\" content=\"index, follow, max-snippet:-1, max-image-preview:large, max-video-preview:-1\" \/>\n<link rel=\"canonical\" href=\"https:\/\/www.welovecycling.com\/pl\/2017\/06\/21\/wyprawa-freeride-azerbejdzanu-4-przyjaciol-1-samochod-10-400-kilometrow\/\" \/>\n<meta property=\"og:locale\" content=\"pl_PL\" \/>\n<meta property=\"og:type\" content=\"article\" \/>\n<meta property=\"og:title\" content=\"Wyprawa na freeride do Azerbejd\u017canu: 4 przyjaci\u00f3\u0142, 1 samoch\u00f3d i 10 400 kilometr\u00f3w\" \/>\n<meta property=\"og:description\" content=\"Pi\u0119kne g\u00f3ry, barwne ska\u0142y w niesamowitych odcieniach czerwieni i szaro\u015bci, nienaruszone przez cz\u0142owieka pustkowie i r\u00f3\u017cnorodne szlaki czeka\u0142y tylko na [&hellip;]\" \/>\n<meta property=\"og:url\" content=\"https:\/\/www.welovecycling.com\/pl\/2017\/06\/21\/wyprawa-freeride-azerbejdzanu-4-przyjaciol-1-samochod-10-400-kilometrow\/\" \/>\n<meta property=\"og:site_name\" content=\"\u0160koda We Love Cycling - Poland\" \/>\n<meta property=\"article:published_time\" content=\"2017-06-21T07:46:20+00:00\" \/>\n<meta property=\"article:modified_time\" content=\"2017-06-21T07:46:21+00:00\" \/>\n<meta property=\"og:image\" content=\"https:\/\/d2p6e6u75xmxt8.cloudfront.net\/5\/2017\/06\/7844848.jpg\" \/>\n\t<meta property=\"og:image:width\" content=\"1375\" \/>\n\t<meta property=\"og:image:height\" content=\"600\" \/>\n\t<meta property=\"og:image:type\" content=\"image\/jpeg\" \/>\n<meta name=\"author\" content=\"piotrboczkowski\" \/>\n<meta name=\"twitter:card\" content=\"summary_large_image\" \/>\n<meta name=\"twitter:label1\" content=\"Written by\" \/>\n\t<meta name=\"twitter:data1\" content=\"Adam Marsal\" \/>\n\t<meta name=\"twitter:label2\" content=\"Est. reading time\" \/>\n\t<meta name=\"twitter:data2\" content=\"1 minute\" \/>\n<script type=\"application\/ld+json\" class=\"yoast-schema-graph\">{\"@context\":\"https:\/\/schema.org\",\"@graph\":[{\"@type\":\"WebPage\",\"@id\":\"https:\/\/www.welovecycling.com\/pl\/2017\/06\/21\/wyprawa-freeride-azerbejdzanu-4-przyjaciol-1-samochod-10-400-kilometrow\/\",\"url\":\"https:\/\/www.welovecycling.com\/pl\/2017\/06\/21\/wyprawa-freeride-azerbejdzanu-4-przyjaciol-1-samochod-10-400-kilometrow\/\",\"name\":\"Wyprawa na freeride do Azerbejd\u017canu: 4 przyjaci\u00f3\u0142, 1 samoch\u00f3d i 10 400 kilometr\u00f3w - \u0160koda We Love Cycling - Poland\",\"isPartOf\":{\"@id\":\"https:\/\/www.welovecycling.com\/pl\/#website\"},\"primaryImageOfPage\":{\"@id\":\"https:\/\/www.welovecycling.com\/pl\/2017\/06\/21\/wyprawa-freeride-azerbejdzanu-4-przyjaciol-1-samochod-10-400-kilometrow\/#primaryimage\"},\"image\":{\"@id\":\"https:\/\/www.welovecycling.com\/pl\/2017\/06\/21\/wyprawa-freeride-azerbejdzanu-4-przyjaciol-1-samochod-10-400-kilometrow\/#primaryimage\"},\"thumbnailUrl\":\"https:\/\/d2p6e6u75xmxt8.cloudfront.net\/5\/2017\/06\/7844848.jpg\",\"datePublished\":\"2017-06-21T07:46:20+00:00\",\"dateModified\":\"2017-06-21T07:46:21+00:00\",\"author\":{\"@id\":\"https:\/\/www.welovecycling.com\/pl\/#\/schema\/person\/0dba2d39da943db9df3fd8f4687e7f23\"},\"breadcrumb\":{\"@id\":\"https:\/\/www.welovecycling.com\/pl\/2017\/06\/21\/wyprawa-freeride-azerbejdzanu-4-przyjaciol-1-samochod-10-400-kilometrow\/#breadcrumb\"},\"inLanguage\":\"pl-PL\",\"potentialAction\":[{\"@type\":\"ReadAction\",\"target\":[\"https:\/\/www.welovecycling.com\/pl\/2017\/06\/21\/wyprawa-freeride-azerbejdzanu-4-przyjaciol-1-samochod-10-400-kilometrow\/\"]}]},{\"@type\":\"ImageObject\",\"inLanguage\":\"pl-PL\",\"@id\":\"https:\/\/www.welovecycling.com\/pl\/2017\/06\/21\/wyprawa-freeride-azerbejdzanu-4-przyjaciol-1-samochod-10-400-kilometrow\/#primaryimage\",\"url\":\"https:\/\/d2p6e6u75xmxt8.cloudfront.net\/5\/2017\/06\/7844848.jpg\",\"contentUrl\":\"https:\/\/d2p6e6u75xmxt8.cloudfront.net\/5\/2017\/06\/7844848.jpg\",\"width\":1375,\"height\":600},{\"@type\":\"BreadcrumbList\",\"@id\":\"https:\/\/www.welovecycling.com\/pl\/2017\/06\/21\/wyprawa-freeride-azerbejdzanu-4-przyjaciol-1-samochod-10-400-kilometrow\/#breadcrumb\",\"itemListElement\":[{\"@type\":\"ListItem\",\"position\":1,\"name\":\"Home\",\"item\":\"https:\/\/www.welovecycling.com\/pl\/\"},{\"@type\":\"ListItem\",\"position\":2,\"name\":\"Wyprawa na freeride do Azerbejd\u017canu: 4 przyjaci\u00f3\u0142, 1 samoch\u00f3d i 10 400 kilometr\u00f3w\"}]},{\"@type\":\"WebSite\",\"@id\":\"https:\/\/www.welovecycling.com\/pl\/#website\",\"url\":\"https:\/\/www.welovecycling.com\/pl\/\",\"name\":\"\u0160koda We Love Cycling - Poland\",\"description\":\"\",\"potentialAction\":[{\"@type\":\"SearchAction\",\"target\":{\"@type\":\"EntryPoint\",\"urlTemplate\":\"https:\/\/www.welovecycling.com\/pl\/?s={search_term_string}\"},\"query-input\":{\"@type\":\"PropertyValueSpecification\",\"valueRequired\":true,\"valueName\":\"search_term_string\"}}],\"inLanguage\":\"pl-PL\"},{\"@type\":\"Person\",\"@id\":\"https:\/\/www.welovecycling.com\/pl\/#\/schema\/person\/0dba2d39da943db9df3fd8f4687e7f23\",\"name\":\"piotrboczkowski\",\"image\":{\"@type\":\"ImageObject\",\"inLanguage\":\"pl-PL\",\"@id\":\"https:\/\/www.welovecycling.com\/pl\/#\/schema\/person\/image\/\",\"url\":\"https:\/\/secure.gravatar.com\/avatar\/533caccae14752e03a2ce2d3fd62d1b98b93e1393c3195c27819e53344ca1ace?s=96&d=mm&r=g\",\"contentUrl\":\"https:\/\/secure.gravatar.com\/avatar\/533caccae14752e03a2ce2d3fd62d1b98b93e1393c3195c27819e53344ca1ace?s=96&d=mm&r=g\",\"caption\":\"piotrboczkowski\"},\"url\":\"https:\/\/www.welovecycling.com\/pl\/author\/piotrboczkowski\/\"}]}<\/script>\n<!-- \/ Yoast SEO Premium plugin. -->","yoast_head_json":{"title":"Wyprawa na freeride do Azerbejd\u017canu: 4 przyjaci\u00f3\u0142, 1 samoch\u00f3d i 10 400 kilometr\u00f3w - \u0160koda We Love Cycling - Poland","robots":{"index":"index","follow":"follow","max-snippet":"max-snippet:-1","max-image-preview":"max-image-preview:large","max-video-preview":"max-video-preview:-1"},"canonical":"https:\/\/www.welovecycling.com\/pl\/2017\/06\/21\/wyprawa-freeride-azerbejdzanu-4-przyjaciol-1-samochod-10-400-kilometrow\/","og_locale":"pl_PL","og_type":"article","og_title":"Wyprawa na freeride do Azerbejd\u017canu: 4 przyjaci\u00f3\u0142, 1 samoch\u00f3d i 10 400 kilometr\u00f3w","og_description":"Pi\u0119kne g\u00f3ry, barwne ska\u0142y w niesamowitych odcieniach czerwieni i szaro\u015bci, nienaruszone przez cz\u0142owieka pustkowie i r\u00f3\u017cnorodne szlaki czeka\u0142y tylko na [&hellip;]","og_url":"https:\/\/www.welovecycling.com\/pl\/2017\/06\/21\/wyprawa-freeride-azerbejdzanu-4-przyjaciol-1-samochod-10-400-kilometrow\/","og_site_name":"\u0160koda We Love Cycling - Poland","article_published_time":"2017-06-21T07:46:20+00:00","article_modified_time":"2017-06-21T07:46:21+00:00","og_image":[{"width":1375,"height":600,"url":"https:\/\/d2p6e6u75xmxt8.cloudfront.net\/5\/2017\/06\/7844848.jpg","type":"image\/jpeg"}],"author":"piotrboczkowski","twitter_card":"summary_large_image","twitter_misc":{"Written by":"Adam Marsal","Est. reading time":"1 minute"},"schema":{"@context":"https:\/\/schema.org","@graph":[{"@type":"WebPage","@id":"https:\/\/www.welovecycling.com\/pl\/2017\/06\/21\/wyprawa-freeride-azerbejdzanu-4-przyjaciol-1-samochod-10-400-kilometrow\/","url":"https:\/\/www.welovecycling.com\/pl\/2017\/06\/21\/wyprawa-freeride-azerbejdzanu-4-przyjaciol-1-samochod-10-400-kilometrow\/","name":"Wyprawa na freeride do Azerbejd\u017canu: 4 przyjaci\u00f3\u0142, 1 samoch\u00f3d i 10 400 kilometr\u00f3w - \u0160koda We Love Cycling - Poland","isPartOf":{"@id":"https:\/\/www.welovecycling.com\/pl\/#website"},"primaryImageOfPage":{"@id":"https:\/\/www.welovecycling.com\/pl\/2017\/06\/21\/wyprawa-freeride-azerbejdzanu-4-przyjaciol-1-samochod-10-400-kilometrow\/#primaryimage"},"image":{"@id":"https:\/\/www.welovecycling.com\/pl\/2017\/06\/21\/wyprawa-freeride-azerbejdzanu-4-przyjaciol-1-samochod-10-400-kilometrow\/#primaryimage"},"thumbnailUrl":"https:\/\/d2p6e6u75xmxt8.cloudfront.net\/5\/2017\/06\/7844848.jpg","datePublished":"2017-06-21T07:46:20+00:00","dateModified":"2017-06-21T07:46:21+00:00","author":{"@id":"https:\/\/www.welovecycling.com\/pl\/#\/schema\/person\/0dba2d39da943db9df3fd8f4687e7f23"},"breadcrumb":{"@id":"https:\/\/www.welovecycling.com\/pl\/2017\/06\/21\/wyprawa-freeride-azerbejdzanu-4-przyjaciol-1-samochod-10-400-kilometrow\/#breadcrumb"},"inLanguage":"pl-PL","potentialAction":[{"@type":"ReadAction","target":["https:\/\/www.welovecycling.com\/pl\/2017\/06\/21\/wyprawa-freeride-azerbejdzanu-4-przyjaciol-1-samochod-10-400-kilometrow\/"]}]},{"@type":"ImageObject","inLanguage":"pl-PL","@id":"https:\/\/www.welovecycling.com\/pl\/2017\/06\/21\/wyprawa-freeride-azerbejdzanu-4-przyjaciol-1-samochod-10-400-kilometrow\/#primaryimage","url":"https:\/\/d2p6e6u75xmxt8.cloudfront.net\/5\/2017\/06\/7844848.jpg","contentUrl":"https:\/\/d2p6e6u75xmxt8.cloudfront.net\/5\/2017\/06\/7844848.jpg","width":1375,"height":600},{"@type":"BreadcrumbList","@id":"https:\/\/www.welovecycling.com\/pl\/2017\/06\/21\/wyprawa-freeride-azerbejdzanu-4-przyjaciol-1-samochod-10-400-kilometrow\/#breadcrumb","itemListElement":[{"@type":"ListItem","position":1,"name":"Home","item":"https:\/\/www.welovecycling.com\/pl\/"},{"@type":"ListItem","position":2,"name":"Wyprawa na freeride do Azerbejd\u017canu: 4 przyjaci\u00f3\u0142, 1 samoch\u00f3d i 10 400 kilometr\u00f3w"}]},{"@type":"WebSite","@id":"https:\/\/www.welovecycling.com\/pl\/#website","url":"https:\/\/www.welovecycling.com\/pl\/","name":"\u0160koda We Love Cycling - Poland","description":"","potentialAction":[{"@type":"SearchAction","target":{"@type":"EntryPoint","urlTemplate":"https:\/\/www.welovecycling.com\/pl\/?s={search_term_string}"},"query-input":{"@type":"PropertyValueSpecification","valueRequired":true,"valueName":"search_term_string"}}],"inLanguage":"pl-PL"},{"@type":"Person","@id":"https:\/\/www.welovecycling.com\/pl\/#\/schema\/person\/0dba2d39da943db9df3fd8f4687e7f23","name":"piotrboczkowski","image":{"@type":"ImageObject","inLanguage":"pl-PL","@id":"https:\/\/www.welovecycling.com\/pl\/#\/schema\/person\/image\/","url":"https:\/\/secure.gravatar.com\/avatar\/533caccae14752e03a2ce2d3fd62d1b98b93e1393c3195c27819e53344ca1ace?s=96&d=mm&r=g","contentUrl":"https:\/\/secure.gravatar.com\/avatar\/533caccae14752e03a2ce2d3fd62d1b98b93e1393c3195c27819e53344ca1ace?s=96&d=mm&r=g","caption":"piotrboczkowski"},"url":"https:\/\/www.welovecycling.com\/pl\/author\/piotrboczkowski\/"}]}},"_links":{"self":[{"href":"https:\/\/www.welovecycling.com\/pl\/wp-json\/wp\/v2\/posts\/4218","targetHints":{"allow":["GET"]}}],"collection":[{"href":"https:\/\/www.welovecycling.com\/pl\/wp-json\/wp\/v2\/posts"}],"about":[{"href":"https:\/\/www.welovecycling.com\/pl\/wp-json\/wp\/v2\/types\/post"}],"author":[{"embeddable":true,"href":"https:\/\/www.welovecycling.com\/pl\/wp-json\/wp\/v2\/users\/76"}],"replies":[{"embeddable":true,"href":"https:\/\/www.welovecycling.com\/pl\/wp-json\/wp\/v2\/comments?post=4218"}],"version-history":[{"count":2,"href":"https:\/\/www.welovecycling.com\/pl\/wp-json\/wp\/v2\/posts\/4218\/revisions"}],"predecessor-version":[{"id":4240,"href":"https:\/\/www.welovecycling.com\/pl\/wp-json\/wp\/v2\/posts\/4218\/revisions\/4240"}],"wp:featuredmedia":[{"embeddable":true,"href":"https:\/\/www.welovecycling.com\/pl\/wp-json\/wp\/v2\/media\/4219"}],"wp:attachment":[{"href":"https:\/\/www.welovecycling.com\/pl\/wp-json\/wp\/v2\/media?parent=4218"}],"wp:term":[{"taxonomy":"category","embeddable":true,"href":"https:\/\/www.welovecycling.com\/pl\/wp-json\/wp\/v2\/categories?post=4218"},{"taxonomy":"post_tag","embeddable":true,"href":"https:\/\/www.welovecycling.com\/pl\/wp-json\/wp\/v2\/tags?post=4218"},{"taxonomy":"global-categories","embeddable":true,"href":"https:\/\/www.welovecycling.com\/pl\/wp-json\/wp\/v2\/global-categories?post=4218"}],"curies":[{"name":"wp","href":"https:\/\/api.w.org\/{rel}","templated":true}]}}