{"id":4205,"date":"2017-06-20T06:30:33","date_gmt":"2017-06-20T06:30:33","guid":{"rendered":"https:\/\/www.welovecycling.com\/pl\/?p=4205"},"modified":"2017-06-20T06:30:33","modified_gmt":"2017-06-20T06:30:33","slug":"wyscigi-amatorskie-pieczona-jagniecina","status":"publish","type":"post","link":"https:\/\/www.welovecycling.com\/pl\/2017\/06\/20\/wyscigi-amatorskie-pieczona-jagniecina\/","title":{"rendered":"Wy\u015bcigi amatorskie: pieczona jagni\u0119cina"},"content":{"rendered":"<p>Zastanawiasz si\u0119 co najlepiej zje\u015b\u0107 po intensywnym treningu lub wy\u015bcigu? Czy powinien to by\u0107 posi\u0142ek pe\u0142en w\u0119glowodan\u00f3w? A mo\u017ce wa\u017cniejsze s\u0105 bia\u0142ka? A co z napojami regeneracyjnymi? B\u0119dziesz w stanie odpowiedzie\u0107 na wszystkie te pytania, je\u015bli zrozumiesz czego potrzebuje twoje cia\u0142o. Ten artyku\u0142 pomo\u017ce ci w tym, a do tego znajdziesz w nim przepis na smaczne danie, kt\u00f3ry pozwoli ci praktycznie wykorzysta\u0107 wiedz\u0119!<\/p>\n<p><strong>Czasami twojemu cia\u0142u bardzo potrzebne s\u0105 kalorie<\/strong><\/p>\n<p>Wi\u0119kszo\u015b\u0107 ludzi uwa\u017ca bia\u0142ko za g\u0142\u00f3wny sk\u0142adnik od\u017cywczy. Jednak dla uprawiaj\u0105cych wymagaj\u0105ce wytrzyma\u0142o\u015bci dyscypliny sportowc\u00f3w to w\u0142a\u015bnie kalorie, niezale\u017cnie od ich \u017ar\u00f3d\u0142a, s\u0105 du\u017co wa\u017cniejsze. Podczas jazdy na rowerze nie dochodzi do rozpadu mi\u0119\u015bni \u2013 wyczerpujesz przede wszystkim \u017ar\u00f3d\u0142a energii. Wi\u0119c je\u015bli je\u017adzisz cz\u0119sto i regularnie, s\u0105 szanse, \u017ce dawka glukozy po intensywnej je\u017adzie b\u0119dzie idealnym sposobem na rozpocz\u0119cie regeneracji.<\/p>\n<p><strong>Bia\u0142ko i w\u0119glowodany z\u0142o\u017cone pomog\u0105 w regeneracji<\/strong><\/p>\n<p>Je\u015bli nie aspirujesz do bycia profesjonalnym kolarzem, ale wci\u0105\u017c potrzebujesz regeneracji, musisz zapewni\u0107 swojemu cia\u0142u dobre \u017ar\u00f3d\u0142o w\u0119glowodan\u00f3w i bia\u0142ka, kt\u00f3re pozwol\u0105 mu uzupe\u0142ni\u0107 niedobory. \u017beby w efektywny spos\u00f3b odnowi\u0107 zapasy glikogenu, zacznij je\u015b\u0107 przed up\u0142ywem 30 minut od sko\u0144czenia jazdy i spo\u017cywaj oko\u0142o 1,2 g w\u0119glowodan\u00f3w na kilogram wagi swojego cia\u0142a. Mo\u017cna w tym celu wykorzysta\u0107 prawdziwe pokarmy, takie jak ziemniaki, ry\u017c czy chleb. \u0179r\u00f3d\u0142o bia\u0142ka powinno by\u0107 wysokiej jako\u015bci \u2013 np. ryba, jajka czy mi\u0119so. Je\u015bli takie pokarmy nie s\u0105 dost\u0119pne, lub nie jeste\u015b w stanie ich je\u015b\u0107 po wysi\u0142ku, mo\u017cesz skorzysta\u0107 z \u0142atwiejszego do strawienia napoju energetycznego. Upewnij si\u0119 tylko, \u017ce wybierasz wysokiej jako\u015bci produkt i sk\u0142adniki.<\/p>\n<p><iframe loading=\"lazy\" src=\"https:\/\/www.youtube-nocookie.com\/embed\/tR7JjicERv8?ecver=1\" width=\"781\" height=\"440\" frameborder=\"0\" allowfullscreen=\"allowfullscreen\"><\/iframe><\/p>\n<p><strong>Przepis: pieczona jagni\u0119cina<\/strong><\/p>\n<p>Ten przepis jest \u015bwietnym przyk\u0142adem posi\u0142ku pomagaj\u0105cego w regeneracji po wy\u015bcigu czy intensywnej sesji treningowej. Ziemniaki i marchewki zapewni\u0105 w\u0142a\u015bciw\u0105 ilo\u015b\u0107 w\u0119glowodan\u00f3w, a jagni\u0119cina dostarczy twojemu g\u0142odnemu cia\u0142u wysokiej jako\u015bci bia\u0142ka.<\/p>\n<p><strong>Sk\u0142adniki<\/strong><\/p>\n<p>1 kg ud\u017aca jagni\u0119cego<\/p>\n<p>10 ziemniak\u00f3w<\/p>\n<p>4 du\u017ce marchewki<\/p>\n<p>6 cebul<\/p>\n<p>5 ga\u0142\u0105zek rozmarynu<\/p>\n<p>6 z\u0105bk\u00f3w czosnku<\/p>\n<p>s\u00f3l, pieprz do smaku<\/p>\n<p>1 \u0142y\u017cka oleju do podsma\u017cania<\/p>\n<p><strong>Instrukcje<\/strong><\/p>\n<ol>\n<li>W\u0142\u00f3\u017c udziec jagni\u0119cy do brytfanny, przykryj i piecz przez 4 godziny w 170\u00b0C, lub gotuj na wolnym ogniu przez 12 \u2013 16 godzin w 90\u00b0C.<\/li>\n<li>Ugotuj ziemniaki i od\u0142\u00f3\u017c je na bok.<\/li>\n<li>Pokr\u00f3j wszystkie ziemniaki, 5 cebul i obierz wszystkie z\u0105bki czosnku. W\u0142\u00f3\u017c te sk\u0142adniki do brytfanny, dodaj 3 ga\u0142\u0105zki rozmarynu i piecz przez kolejne 45 minut w 150\u00b0C.<\/li>\n<li>Rozgrzej patelni\u0119 do \u015bredniej temperatury, dodaj olej, 1 poszatkowan\u0105 cebul\u0119 i rozmaryn z dw\u00f3ch ga\u0142\u0105zek. Podsma\u017caj a\u017c cebule zmi\u0119knie.<\/li>\n<li>Ugnie\u0107 ziemniaki dodaj\u0105c do nich podsma\u017con\u0105 cebul\u0119.<\/li>\n<li>Podaj jagni\u0119cine na puree ziemniaczanym z rozmarynem i pieczonych warzywach.<\/li>\n<\/ol>\n<p>&nbsp;<\/p>\n<p>(\u017ar\u00f3d\u0142o zdj\u0119\u0107: welovecycling.com)<\/p>\n","protected":false},"excerpt":{"rendered":"<p>Zastanawiasz si\u0119 co najlepiej zje\u015b\u0107 po intensywnym treningu lub wy\u015bcigu? Czy powinien to by\u0107 posi\u0142ek pe\u0142en w\u0119glowodan\u00f3w? A mo\u017ce wa\u017cniejsze [&hellip;]<\/p>\n","protected":false},"author":76,"featured_media":4206,"comment_status":"open","ping_status":"open","sticky":false,"template":"","format":"standard","meta":{"footnotes":""},"categories":[4],"tags":[123],"global-categories":[],"class_list":["post-4205","post","type-post","status-publish","format-standard","has-post-thumbnail","hentry","category-zdrowie-i-trening","tag-zdrowie-i-trening"],"yoast_head":"<!-- This site is optimized with the Yoast SEO Premium plugin v25.3 (Yoast SEO v25.9) - https:\/\/yoast.com\/wordpress\/plugins\/seo\/ -->\n<title>Wy\u015bcigi amatorskie: pieczona jagni\u0119cina - \u0160koda We Love Cycling - Poland<\/title>\n<meta name=\"robots\" content=\"index, follow, max-snippet:-1, max-image-preview:large, max-video-preview:-1\" \/>\n<link rel=\"canonical\" href=\"https:\/\/www.welovecycling.com\/pl\/2017\/06\/20\/wyscigi-amatorskie-pieczona-jagniecina\/\" \/>\n<meta property=\"og:locale\" content=\"pl_PL\" \/>\n<meta property=\"og:type\" content=\"article\" \/>\n<meta property=\"og:title\" content=\"Wy\u015bcigi amatorskie: pieczona jagni\u0119cina\" \/>\n<meta property=\"og:description\" content=\"Zastanawiasz si\u0119 co najlepiej zje\u015b\u0107 po intensywnym treningu lub wy\u015bcigu? Czy powinien to by\u0107 posi\u0142ek pe\u0142en w\u0119glowodan\u00f3w? A mo\u017ce wa\u017cniejsze [&hellip;]\" \/>\n<meta property=\"og:url\" content=\"https:\/\/www.welovecycling.com\/pl\/2017\/06\/20\/wyscigi-amatorskie-pieczona-jagniecina\/\" \/>\n<meta property=\"og:site_name\" content=\"\u0160koda We Love Cycling - Poland\" \/>\n<meta property=\"article:published_time\" content=\"2017-06-20T06:30:33+00:00\" \/>\n<meta property=\"og:image\" content=\"https:\/\/d2p6e6u75xmxt8.cloudfront.net\/5\/2017\/06\/lamb_etr.jpg\" \/>\n\t<meta property=\"og:image:width\" content=\"1375\" \/>\n\t<meta property=\"og:image:height\" content=\"600\" \/>\n\t<meta property=\"og:image:type\" content=\"image\/jpeg\" \/>\n<meta name=\"author\" content=\"piotrboczkowski\" \/>\n<meta name=\"twitter:card\" content=\"summary_large_image\" \/>\n<meta name=\"twitter:label1\" content=\"Written by\" \/>\n\t<meta name=\"twitter:data1\" content=\"Jiri Kaloc\" \/>\n\t<meta name=\"twitter:label2\" content=\"Est. reading time\" \/>\n\t<meta name=\"twitter:data2\" content=\"3 minutes\" \/>\n<script type=\"application\/ld+json\" class=\"yoast-schema-graph\">{\"@context\":\"https:\/\/schema.org\",\"@graph\":[{\"@type\":\"WebPage\",\"@id\":\"https:\/\/www.welovecycling.com\/pl\/2017\/06\/20\/wyscigi-amatorskie-pieczona-jagniecina\/\",\"url\":\"https:\/\/www.welovecycling.com\/pl\/2017\/06\/20\/wyscigi-amatorskie-pieczona-jagniecina\/\",\"name\":\"Wy\u015bcigi amatorskie: pieczona jagni\u0119cina - \u0160koda We Love Cycling - Poland\",\"isPartOf\":{\"@id\":\"https:\/\/www.welovecycling.com\/pl\/#website\"},\"primaryImageOfPage\":{\"@id\":\"https:\/\/www.welovecycling.com\/pl\/2017\/06\/20\/wyscigi-amatorskie-pieczona-jagniecina\/#primaryimage\"},\"image\":{\"@id\":\"https:\/\/www.welovecycling.com\/pl\/2017\/06\/20\/wyscigi-amatorskie-pieczona-jagniecina\/#primaryimage\"},\"thumbnailUrl\":\"https:\/\/d2p6e6u75xmxt8.cloudfront.net\/5\/2017\/06\/lamb_etr.jpg\",\"datePublished\":\"2017-06-20T06:30:33+00:00\",\"author\":{\"@id\":\"https:\/\/www.welovecycling.com\/pl\/#\/schema\/person\/0dba2d39da943db9df3fd8f4687e7f23\"},\"breadcrumb\":{\"@id\":\"https:\/\/www.welovecycling.com\/pl\/2017\/06\/20\/wyscigi-amatorskie-pieczona-jagniecina\/#breadcrumb\"},\"inLanguage\":\"pl-PL\",\"potentialAction\":[{\"@type\":\"ReadAction\",\"target\":[\"https:\/\/www.welovecycling.com\/pl\/2017\/06\/20\/wyscigi-amatorskie-pieczona-jagniecina\/\"]}]},{\"@type\":\"ImageObject\",\"inLanguage\":\"pl-PL\",\"@id\":\"https:\/\/www.welovecycling.com\/pl\/2017\/06\/20\/wyscigi-amatorskie-pieczona-jagniecina\/#primaryimage\",\"url\":\"https:\/\/d2p6e6u75xmxt8.cloudfront.net\/5\/2017\/06\/lamb_etr.jpg\",\"contentUrl\":\"https:\/\/d2p6e6u75xmxt8.cloudfront.net\/5\/2017\/06\/lamb_etr.jpg\",\"width\":1375,\"height\":600},{\"@type\":\"BreadcrumbList\",\"@id\":\"https:\/\/www.welovecycling.com\/pl\/2017\/06\/20\/wyscigi-amatorskie-pieczona-jagniecina\/#breadcrumb\",\"itemListElement\":[{\"@type\":\"ListItem\",\"position\":1,\"name\":\"Home\",\"item\":\"https:\/\/www.welovecycling.com\/pl\/\"},{\"@type\":\"ListItem\",\"position\":2,\"name\":\"Wy\u015bcigi amatorskie: pieczona jagni\u0119cina\"}]},{\"@type\":\"WebSite\",\"@id\":\"https:\/\/www.welovecycling.com\/pl\/#website\",\"url\":\"https:\/\/www.welovecycling.com\/pl\/\",\"name\":\"\u0160koda We Love Cycling - Poland\",\"description\":\"\",\"potentialAction\":[{\"@type\":\"SearchAction\",\"target\":{\"@type\":\"EntryPoint\",\"urlTemplate\":\"https:\/\/www.welovecycling.com\/pl\/?s={search_term_string}\"},\"query-input\":{\"@type\":\"PropertyValueSpecification\",\"valueRequired\":true,\"valueName\":\"search_term_string\"}}],\"inLanguage\":\"pl-PL\"},{\"@type\":\"Person\",\"@id\":\"https:\/\/www.welovecycling.com\/pl\/#\/schema\/person\/0dba2d39da943db9df3fd8f4687e7f23\",\"name\":\"piotrboczkowski\",\"image\":{\"@type\":\"ImageObject\",\"inLanguage\":\"pl-PL\",\"@id\":\"https:\/\/www.welovecycling.com\/pl\/#\/schema\/person\/image\/\",\"url\":\"https:\/\/secure.gravatar.com\/avatar\/533caccae14752e03a2ce2d3fd62d1b98b93e1393c3195c27819e53344ca1ace?s=96&d=mm&r=g\",\"contentUrl\":\"https:\/\/secure.gravatar.com\/avatar\/533caccae14752e03a2ce2d3fd62d1b98b93e1393c3195c27819e53344ca1ace?s=96&d=mm&r=g\",\"caption\":\"piotrboczkowski\"},\"url\":\"https:\/\/www.welovecycling.com\/pl\/author\/piotrboczkowski\/\"}]}<\/script>\n<!-- \/ Yoast SEO Premium plugin. -->","yoast_head_json":{"title":"Wy\u015bcigi amatorskie: pieczona jagni\u0119cina - \u0160koda We Love Cycling - Poland","robots":{"index":"index","follow":"follow","max-snippet":"max-snippet:-1","max-image-preview":"max-image-preview:large","max-video-preview":"max-video-preview:-1"},"canonical":"https:\/\/www.welovecycling.com\/pl\/2017\/06\/20\/wyscigi-amatorskie-pieczona-jagniecina\/","og_locale":"pl_PL","og_type":"article","og_title":"Wy\u015bcigi amatorskie: pieczona jagni\u0119cina","og_description":"Zastanawiasz si\u0119 co najlepiej zje\u015b\u0107 po intensywnym treningu lub wy\u015bcigu? Czy powinien to by\u0107 posi\u0142ek pe\u0142en w\u0119glowodan\u00f3w? A mo\u017ce wa\u017cniejsze [&hellip;]","og_url":"https:\/\/www.welovecycling.com\/pl\/2017\/06\/20\/wyscigi-amatorskie-pieczona-jagniecina\/","og_site_name":"\u0160koda We Love Cycling - Poland","article_published_time":"2017-06-20T06:30:33+00:00","og_image":[{"width":1375,"height":600,"url":"https:\/\/d2p6e6u75xmxt8.cloudfront.net\/5\/2017\/06\/lamb_etr.jpg","type":"image\/jpeg"}],"author":"piotrboczkowski","twitter_card":"summary_large_image","twitter_misc":{"Written by":"Jiri Kaloc","Est. reading time":"3 minutes"},"schema":{"@context":"https:\/\/schema.org","@graph":[{"@type":"WebPage","@id":"https:\/\/www.welovecycling.com\/pl\/2017\/06\/20\/wyscigi-amatorskie-pieczona-jagniecina\/","url":"https:\/\/www.welovecycling.com\/pl\/2017\/06\/20\/wyscigi-amatorskie-pieczona-jagniecina\/","name":"Wy\u015bcigi amatorskie: pieczona jagni\u0119cina - \u0160koda We Love Cycling - Poland","isPartOf":{"@id":"https:\/\/www.welovecycling.com\/pl\/#website"},"primaryImageOfPage":{"@id":"https:\/\/www.welovecycling.com\/pl\/2017\/06\/20\/wyscigi-amatorskie-pieczona-jagniecina\/#primaryimage"},"image":{"@id":"https:\/\/www.welovecycling.com\/pl\/2017\/06\/20\/wyscigi-amatorskie-pieczona-jagniecina\/#primaryimage"},"thumbnailUrl":"https:\/\/d2p6e6u75xmxt8.cloudfront.net\/5\/2017\/06\/lamb_etr.jpg","datePublished":"2017-06-20T06:30:33+00:00","author":{"@id":"https:\/\/www.welovecycling.com\/pl\/#\/schema\/person\/0dba2d39da943db9df3fd8f4687e7f23"},"breadcrumb":{"@id":"https:\/\/www.welovecycling.com\/pl\/2017\/06\/20\/wyscigi-amatorskie-pieczona-jagniecina\/#breadcrumb"},"inLanguage":"pl-PL","potentialAction":[{"@type":"ReadAction","target":["https:\/\/www.welovecycling.com\/pl\/2017\/06\/20\/wyscigi-amatorskie-pieczona-jagniecina\/"]}]},{"@type":"ImageObject","inLanguage":"pl-PL","@id":"https:\/\/www.welovecycling.com\/pl\/2017\/06\/20\/wyscigi-amatorskie-pieczona-jagniecina\/#primaryimage","url":"https:\/\/d2p6e6u75xmxt8.cloudfront.net\/5\/2017\/06\/lamb_etr.jpg","contentUrl":"https:\/\/d2p6e6u75xmxt8.cloudfront.net\/5\/2017\/06\/lamb_etr.jpg","width":1375,"height":600},{"@type":"BreadcrumbList","@id":"https:\/\/www.welovecycling.com\/pl\/2017\/06\/20\/wyscigi-amatorskie-pieczona-jagniecina\/#breadcrumb","itemListElement":[{"@type":"ListItem","position":1,"name":"Home","item":"https:\/\/www.welovecycling.com\/pl\/"},{"@type":"ListItem","position":2,"name":"Wy\u015bcigi amatorskie: pieczona jagni\u0119cina"}]},{"@type":"WebSite","@id":"https:\/\/www.welovecycling.com\/pl\/#website","url":"https:\/\/www.welovecycling.com\/pl\/","name":"\u0160koda We Love Cycling - Poland","description":"","potentialAction":[{"@type":"SearchAction","target":{"@type":"EntryPoint","urlTemplate":"https:\/\/www.welovecycling.com\/pl\/?s={search_term_string}"},"query-input":{"@type":"PropertyValueSpecification","valueRequired":true,"valueName":"search_term_string"}}],"inLanguage":"pl-PL"},{"@type":"Person","@id":"https:\/\/www.welovecycling.com\/pl\/#\/schema\/person\/0dba2d39da943db9df3fd8f4687e7f23","name":"piotrboczkowski","image":{"@type":"ImageObject","inLanguage":"pl-PL","@id":"https:\/\/www.welovecycling.com\/pl\/#\/schema\/person\/image\/","url":"https:\/\/secure.gravatar.com\/avatar\/533caccae14752e03a2ce2d3fd62d1b98b93e1393c3195c27819e53344ca1ace?s=96&d=mm&r=g","contentUrl":"https:\/\/secure.gravatar.com\/avatar\/533caccae14752e03a2ce2d3fd62d1b98b93e1393c3195c27819e53344ca1ace?s=96&d=mm&r=g","caption":"piotrboczkowski"},"url":"https:\/\/www.welovecycling.com\/pl\/author\/piotrboczkowski\/"}]}},"_links":{"self":[{"href":"https:\/\/www.welovecycling.com\/pl\/wp-json\/wp\/v2\/posts\/4205","targetHints":{"allow":["GET"]}}],"collection":[{"href":"https:\/\/www.welovecycling.com\/pl\/wp-json\/wp\/v2\/posts"}],"about":[{"href":"https:\/\/www.welovecycling.com\/pl\/wp-json\/wp\/v2\/types\/post"}],"author":[{"embeddable":true,"href":"https:\/\/www.welovecycling.com\/pl\/wp-json\/wp\/v2\/users\/76"}],"replies":[{"embeddable":true,"href":"https:\/\/www.welovecycling.com\/pl\/wp-json\/wp\/v2\/comments?post=4205"}],"version-history":[{"count":1,"href":"https:\/\/www.welovecycling.com\/pl\/wp-json\/wp\/v2\/posts\/4205\/revisions"}],"predecessor-version":[{"id":4207,"href":"https:\/\/www.welovecycling.com\/pl\/wp-json\/wp\/v2\/posts\/4205\/revisions\/4207"}],"wp:featuredmedia":[{"embeddable":true,"href":"https:\/\/www.welovecycling.com\/pl\/wp-json\/wp\/v2\/media\/4206"}],"wp:attachment":[{"href":"https:\/\/www.welovecycling.com\/pl\/wp-json\/wp\/v2\/media?parent=4205"}],"wp:term":[{"taxonomy":"category","embeddable":true,"href":"https:\/\/www.welovecycling.com\/pl\/wp-json\/wp\/v2\/categories?post=4205"},{"taxonomy":"post_tag","embeddable":true,"href":"https:\/\/www.welovecycling.com\/pl\/wp-json\/wp\/v2\/tags?post=4205"},{"taxonomy":"global-categories","embeddable":true,"href":"https:\/\/www.welovecycling.com\/pl\/wp-json\/wp\/v2\/global-categories?post=4205"}],"curies":[{"name":"wp","href":"https:\/\/api.w.org\/{rel}","templated":true}]}}