{"id":4165,"date":"2017-06-14T11:00:59","date_gmt":"2017-06-14T11:00:59","guid":{"rendered":"https:\/\/www.welovecycling.com\/pl\/?p=4165"},"modified":"2017-06-15T11:10:05","modified_gmt":"2017-06-15T11:10:05","slug":"skoda-napedza-maraton-mtb-ix-metropolia-bydgoszczy-maraton","status":"publish","type":"post","link":"https:\/\/www.welovecycling.com\/pl\/2017\/06\/14\/skoda-napedza-maraton-mtb-ix-metropolia-bydgoszczy-maraton\/","title":{"rendered":"\u0160koda nap\u0119dza maraton MTB IX Metropolia Bydgoszczy Maraton"},"content":{"rendered":"<p><strong>4 czerwca w Bydgoszczy odby\u0142y si\u0119 zawody HAIBIKE \u2013 IX Metropolia Bydgoszczy Maraton MTB. Ta cykliczna impreza od lat elektryzuje fan\u00f3w g\u00f3rskiej jazdy z ca\u0142ej Polski. Trasa maratonu pe\u0142na jest wyzwa\u0144, wzniesie\u0144, zjazd\u00f3w i trudnych element\u00f3w technicznych. W ramach zawod\u00f3w promowane s\u0105 regionalne szlaki turystyczne, a w szczeg\u00f3lno\u015bci szlak w Puszczy Bydgoskiej \u0142\u0105cz\u0105cy Bydgoszcz z Toruniem. <\/strong><\/p>\n<p>Impreza z\u0142\u0105czy\u0142a ze sob\u0105 zawodnik\u00f3w w r\u00f3\u017cnym wieku z ca\u0142ej Polski! W ramach maratonu mo\u017cna by\u0142o startowa\u0107 w zawodach na dystansie 30km i 50 km. Zawody inaugurowa\u0142 pilotowany przez \u0160KOD\u0118 KODIAQ tzw. \u201estart honorowy\u201d, podczas kt\u00f3rego zawodnicy wsp\u00f3lnie kierowali si\u0119 do oddalonego o 5 km od Biura Zawod\u00f3w tzw. \u201estartu ostrego\u201d.<\/p>\n<p>Podczas gdy zawodnicy pokonywali kolejne kilometry, Na Rybim Rynku w Bydgoszczy na publiczno\u015b\u0107 czeka\u0142y liczne atrakcje. Autoryzowany Dealer \u0160koda Bieranowski przygotowa\u0142 gry i konkursy dla dzieci i doros\u0142ych, kt\u00f3re cieszy\u0142y si\u0119 du\u017cym zainteresowaniem. Zgromadzeni go\u015bcie, opr\u00f3cz podziwiania zmaga\u0144 kolarskich, mieli okazj\u0119 przyjrze\u0107 si\u0119\u00a0z bliska \u0160KODZIE KODIAQ i \u0160KODZIE SUPERB.<\/p>\n<p>Pomimo deszczu, zawodnicy dawali z siebie wszystko! Na dystansie 50 km wystartowa\u0142o 160 os\u00f3b, natomiast dystansu 30 km podj\u0119\u0142o si\u0119 a\u017c 431 os\u00f3b. Co wi\u0119cej, nie bacz\u0105c na z\u0142e warunki, zawodnikom uda\u0142o si\u0119 osi\u0105gn\u0105\u0107 nowe rekordy! Rywalizacja by\u0142a bardzo zaci\u0119ta, kluczowe okazywa\u0142y si\u0119 u\u0142amki sekund!<\/p>\n<p>Warto wspomnie\u0107, \u017ce zgodnie z zasad\u0105 fair play, nie wygrana by\u0142a tutaj najwa\u017cniejsza. Jeden z zawodnik\u00f3w zrezygnowa\u0142 z kontynuowania wy\u015bcigu, wybieraj\u0105c pomoc kontuzjowanemu koledze. Gratulujemy honorowej postawy!<\/p>\n<p>Tegoroczne wyniki napawaj\u0105 nas dum\u0105. \u017byczymy dalszych sukces\u00f3w i do zobaczenia za rok.<\/p>\n<p><a href=\"https:\/\/d2p6e6u75xmxt8.cloudfront.net\/5\/2017\/06\/20170604_115019.jpg\"><img loading=\"lazy\" decoding=\"async\" class=\"alignnone size-extra-large wp-image-4167\" src=\"https:\/\/d2p6e6u75xmxt8.cloudfront.net\/5\/2017\/06\/20170604_115019-1920x1382.jpg\" alt=\"\" width=\"1920\" height=\"1382\" srcset=\"https:\/\/d2p6e6u75xmxt8.cloudfront.net\/5\/2017\/06\/20170604_115019-1920x1382.jpg 1920w, https:\/\/d2p6e6u75xmxt8.cloudfront.net\/5\/2017\/06\/20170604_115019-300x216.jpg 300w, https:\/\/d2p6e6u75xmxt8.cloudfront.net\/5\/2017\/06\/20170604_115019-768x553.jpg 768w, https:\/\/d2p6e6u75xmxt8.cloudfront.net\/5\/2017\/06\/20170604_115019-1024x737.jpg 1024w, https:\/\/d2p6e6u75xmxt8.cloudfront.net\/5\/2017\/06\/20170604_115019-1920x1382.jpg 1920w\" sizes=\"auto, (max-width: 1920px) 100vw, 1920px\" \/><\/a><\/p>\n<p><a href=\"https:\/\/d2p6e6u75xmxt8.cloudfront.net\/5\/2017\/06\/DSCN9311.JPG.jpg\"><img loading=\"lazy\" decoding=\"async\" class=\"alignnone size-extra-large wp-image-4168\" src=\"https:\/\/d2p6e6u75xmxt8.cloudfront.net\/5\/2017\/06\/DSCN9311.JPG-1920x1230.jpg\" alt=\"\" width=\"1920\" height=\"1230\" srcset=\"https:\/\/d2p6e6u75xmxt8.cloudfront.net\/5\/2017\/06\/DSCN9311.JPG-1920x1230.jpg 1920w, https:\/\/d2p6e6u75xmxt8.cloudfront.net\/5\/2017\/06\/DSCN9311.JPG-300x192.jpg 300w, https:\/\/d2p6e6u75xmxt8.cloudfront.net\/5\/2017\/06\/DSCN9311.JPG-768x492.jpg 768w, https:\/\/d2p6e6u75xmxt8.cloudfront.net\/5\/2017\/06\/DSCN9311.JPG-1024x656.jpg 1024w, https:\/\/d2p6e6u75xmxt8.cloudfront.net\/5\/2017\/06\/DSCN9311.JPG-1920x1230.jpg 1920w\" sizes=\"auto, (max-width: 1920px) 100vw, 1920px\" \/><\/a><\/p>\n<p><a href=\"https:\/\/d2p6e6u75xmxt8.cloudfront.net\/5\/2017\/06\/DSCN9330.JPG.jpg\"><img loading=\"lazy\" decoding=\"async\" class=\"alignnone size-extra-large wp-image-4169\" src=\"https:\/\/d2p6e6u75xmxt8.cloudfront.net\/5\/2017\/06\/DSCN9330.JPG-1920x1839.jpg\" alt=\"\" width=\"1920\" height=\"1839\" srcset=\"https:\/\/d2p6e6u75xmxt8.cloudfront.net\/5\/2017\/06\/DSCN9330.JPG-1920x1839.jpg 1920w, https:\/\/d2p6e6u75xmxt8.cloudfront.net\/5\/2017\/06\/DSCN9330.JPG-300x287.jpg 300w, https:\/\/d2p6e6u75xmxt8.cloudfront.net\/5\/2017\/06\/DSCN9330.JPG-768x736.jpg 768w, https:\/\/d2p6e6u75xmxt8.cloudfront.net\/5\/2017\/06\/DSCN9330.JPG-1024x981.jpg 1024w, https:\/\/d2p6e6u75xmxt8.cloudfront.net\/5\/2017\/06\/DSCN9330.JPG-1920x1839.jpg 1920w\" sizes=\"auto, (max-width: 1920px) 100vw, 1920px\" \/><\/a><\/p>\n<p><a href=\"https:\/\/d2p6e6u75xmxt8.cloudfront.net\/5\/2017\/06\/DSCN9367.JPG.jpg\"><img loading=\"lazy\" decoding=\"async\" class=\"alignnone size-extra-large wp-image-4170\" src=\"https:\/\/d2p6e6u75xmxt8.cloudfront.net\/5\/2017\/06\/DSCN9367.JPG-1920x1440.jpg\" alt=\"\" width=\"1920\" height=\"1440\" srcset=\"https:\/\/d2p6e6u75xmxt8.cloudfront.net\/5\/2017\/06\/DSCN9367.JPG-1920x1440.jpg 1920w, https:\/\/d2p6e6u75xmxt8.cloudfront.net\/5\/2017\/06\/DSCN9367.JPG-300x225.jpg 300w, https:\/\/d2p6e6u75xmxt8.cloudfront.net\/5\/2017\/06\/DSCN9367.JPG-768x576.jpg 768w, https:\/\/d2p6e6u75xmxt8.cloudfront.net\/5\/2017\/06\/DSCN9367.JPG-1024x768.jpg 1024w, https:\/\/d2p6e6u75xmxt8.cloudfront.net\/5\/2017\/06\/DSCN9367.JPG-1920x1440.jpg 1920w\" sizes=\"auto, (max-width: 1920px) 100vw, 1920px\" \/><\/a><\/p>\n<p><a href=\"https:\/\/d2p6e6u75xmxt8.cloudfront.net\/5\/2017\/06\/fot.-Dawid-Jankowski2.jpg\"><img loading=\"lazy\" decoding=\"async\" class=\"alignnone size-extra-large wp-image-4171\" src=\"https:\/\/d2p6e6u75xmxt8.cloudfront.net\/5\/2017\/06\/fot.-Dawid-Jankowski2-1272x1920.jpg\" alt=\"\" width=\"1272\" height=\"1920\" srcset=\"https:\/\/d2p6e6u75xmxt8.cloudfront.net\/5\/2017\/06\/fot.-Dawid-Jankowski2-1272x1920.jpg 1272w, https:\/\/d2p6e6u75xmxt8.cloudfront.net\/5\/2017\/06\/fot.-Dawid-Jankowski2-199x300.jpg 199w, https:\/\/d2p6e6u75xmxt8.cloudfront.net\/5\/2017\/06\/fot.-Dawid-Jankowski2-768x1160.jpg 768w, https:\/\/d2p6e6u75xmxt8.cloudfront.net\/5\/2017\/06\/fot.-Dawid-Jankowski2-678x1024.jpg 678w, https:\/\/d2p6e6u75xmxt8.cloudfront.net\/5\/2017\/06\/fot.-Dawid-Jankowski2-1272x1920.jpg 1272w\" sizes=\"auto, (max-width: 1272px) 100vw, 1272px\" \/><\/a><\/p>\n<p><a href=\"https:\/\/d2p6e6u75xmxt8.cloudfront.net\/5\/2017\/06\/fot.-Dawid-Jankowski.jpg\"><img loading=\"lazy\" decoding=\"async\" class=\"alignnone size-extra-large wp-image-4172\" src=\"https:\/\/d2p6e6u75xmxt8.cloudfront.net\/5\/2017\/06\/fot.-Dawid-Jankowski-1920x1272.jpg\" alt=\"\" width=\"1920\" height=\"1272\" srcset=\"https:\/\/d2p6e6u75xmxt8.cloudfront.net\/5\/2017\/06\/fot.-Dawid-Jankowski-1920x1272.jpg 1920w, https:\/\/d2p6e6u75xmxt8.cloudfront.net\/5\/2017\/06\/fot.-Dawid-Jankowski-300x199.jpg 300w, https:\/\/d2p6e6u75xmxt8.cloudfront.net\/5\/2017\/06\/fot.-Dawid-Jankowski-768x509.jpg 768w, https:\/\/d2p6e6u75xmxt8.cloudfront.net\/5\/2017\/06\/fot.-Dawid-Jankowski-1024x678.jpg 1024w, https:\/\/d2p6e6u75xmxt8.cloudfront.net\/5\/2017\/06\/fot.-Dawid-Jankowski-1920x1272.jpg 1920w\" sizes=\"auto, (max-width: 1920px) 100vw, 1920px\" \/><\/a><\/p>\n<p><a href=\"https:\/\/d2p6e6u75xmxt8.cloudfront.net\/5\/2017\/06\/fot.-Dawid-Jankowski1.jpg\"><img loading=\"lazy\" decoding=\"async\" class=\"alignnone size-extra-large wp-image-4173\" src=\"https:\/\/d2p6e6u75xmxt8.cloudfront.net\/5\/2017\/06\/fot.-Dawid-Jankowski1-1920x1272.jpg\" alt=\"\" width=\"1920\" height=\"1272\" srcset=\"https:\/\/d2p6e6u75xmxt8.cloudfront.net\/5\/2017\/06\/fot.-Dawid-Jankowski1-1920x1272.jpg 1920w, https:\/\/d2p6e6u75xmxt8.cloudfront.net\/5\/2017\/06\/fot.-Dawid-Jankowski1-300x199.jpg 300w, https:\/\/d2p6e6u75xmxt8.cloudfront.net\/5\/2017\/06\/fot.-Dawid-Jankowski1-768x509.jpg 768w, https:\/\/d2p6e6u75xmxt8.cloudfront.net\/5\/2017\/06\/fot.-Dawid-Jankowski1-1024x678.jpg 1024w, https:\/\/d2p6e6u75xmxt8.cloudfront.net\/5\/2017\/06\/fot.-Dawid-Jankowski1-1920x1272.jpg 1920w\" sizes=\"auto, (max-width: 1920px) 100vw, 1920px\" \/><\/a><\/p>\n<p>(\u017ar\u00f3d\u0142o zdj\u0119\u0107:\u00a0Autoryzowany Dealer \u0160koda Bieranowski)<\/p>\n<p>&nbsp;<\/p>\n","protected":false},"excerpt":{"rendered":"<p>4 czerwca w Bydgoszczy odby\u0142y si\u0119 zawody HAIBIKE \u2013 IX Metropolia Bydgoszczy Maraton MTB. Ta cykliczna impreza od lat elektryzuje [&hellip;]<\/p>\n","protected":false},"author":76,"featured_media":4166,"comment_status":"open","ping_status":"open","sticky":false,"template":"","format":"standard","meta":{"footnotes":""},"categories":[1],"tags":[158,66,137],"global-categories":[],"class_list":["post-4165","post","type-post","status-publish","format-standard","has-post-thumbnail","hentry","category-uncategorized","tag-relacja","tag-skodanapedzarowery","tag-wyscigi"],"yoast_head":"<!-- This site is optimized with the Yoast SEO Premium plugin v25.3 (Yoast SEO v25.9) - https:\/\/yoast.com\/wordpress\/plugins\/seo\/ -->\n<title>\u0160koda nap\u0119dza maraton MTB IX Metropolia Bydgoszczy Maraton - \u0160koda We Love Cycling - Poland<\/title>\n<meta name=\"robots\" content=\"index, follow, max-snippet:-1, max-image-preview:large, max-video-preview:-1\" \/>\n<link rel=\"canonical\" href=\"https:\/\/www.welovecycling.com\/pl\/2017\/06\/14\/skoda-napedza-maraton-mtb-ix-metropolia-bydgoszczy-maraton\/\" \/>\n<meta property=\"og:locale\" content=\"pl_PL\" \/>\n<meta property=\"og:type\" content=\"article\" \/>\n<meta property=\"og:title\" content=\"\u0160koda nap\u0119dza maraton MTB IX Metropolia Bydgoszczy Maraton\" \/>\n<meta property=\"og:description\" content=\"4 czerwca w Bydgoszczy odby\u0142y si\u0119 zawody HAIBIKE \u2013 IX Metropolia Bydgoszczy Maraton MTB. Ta cykliczna impreza od lat elektryzuje [&hellip;]\" \/>\n<meta property=\"og:url\" content=\"https:\/\/www.welovecycling.com\/pl\/2017\/06\/14\/skoda-napedza-maraton-mtb-ix-metropolia-bydgoszczy-maraton\/\" \/>\n<meta property=\"og:site_name\" content=\"\u0160koda We Love Cycling - Poland\" \/>\n<meta property=\"article:published_time\" content=\"2017-06-14T11:00:59+00:00\" \/>\n<meta property=\"article:modified_time\" content=\"2017-06-15T11:10:05+00:00\" \/>\n<meta property=\"og:image\" content=\"https:\/\/d2p6e6u75xmxt8.cloudfront.net\/5\/2017\/06\/fot.-Dawid-Szatten.jpg\" \/>\n\t<meta property=\"og:image:width\" content=\"800\" \/>\n\t<meta property=\"og:image:height\" content=\"530\" \/>\n\t<meta property=\"og:image:type\" content=\"image\/jpeg\" \/>\n<meta name=\"author\" content=\"piotrboczkowski\" \/>\n<meta name=\"twitter:card\" content=\"summary_large_image\" \/>\n<meta name=\"twitter:label1\" content=\"Written by\" \/>\n\t<meta name=\"twitter:data1\" content=\"WeLoveCycling\" \/>\n\t<meta name=\"twitter:label2\" content=\"Est. reading time\" \/>\n\t<meta name=\"twitter:data2\" content=\"1 minute\" \/>\n<script type=\"application\/ld+json\" class=\"yoast-schema-graph\">{\"@context\":\"https:\/\/schema.org\",\"@graph\":[{\"@type\":\"WebPage\",\"@id\":\"https:\/\/www.welovecycling.com\/pl\/2017\/06\/14\/skoda-napedza-maraton-mtb-ix-metropolia-bydgoszczy-maraton\/\",\"url\":\"https:\/\/www.welovecycling.com\/pl\/2017\/06\/14\/skoda-napedza-maraton-mtb-ix-metropolia-bydgoszczy-maraton\/\",\"name\":\"\u0160koda nap\u0119dza maraton MTB IX Metropolia Bydgoszczy Maraton - \u0160koda We Love Cycling - Poland\",\"isPartOf\":{\"@id\":\"https:\/\/www.welovecycling.com\/pl\/#website\"},\"primaryImageOfPage\":{\"@id\":\"https:\/\/www.welovecycling.com\/pl\/2017\/06\/14\/skoda-napedza-maraton-mtb-ix-metropolia-bydgoszczy-maraton\/#primaryimage\"},\"image\":{\"@id\":\"https:\/\/www.welovecycling.com\/pl\/2017\/06\/14\/skoda-napedza-maraton-mtb-ix-metropolia-bydgoszczy-maraton\/#primaryimage\"},\"thumbnailUrl\":\"https:\/\/d2p6e6u75xmxt8.cloudfront.net\/5\/2017\/06\/fot.-Dawid-Szatten.jpg\",\"datePublished\":\"2017-06-14T11:00:59+00:00\",\"dateModified\":\"2017-06-15T11:10:05+00:00\",\"author\":{\"@id\":\"https:\/\/www.welovecycling.com\/pl\/#\/schema\/person\/0dba2d39da943db9df3fd8f4687e7f23\"},\"breadcrumb\":{\"@id\":\"https:\/\/www.welovecycling.com\/pl\/2017\/06\/14\/skoda-napedza-maraton-mtb-ix-metropolia-bydgoszczy-maraton\/#breadcrumb\"},\"inLanguage\":\"pl-PL\",\"potentialAction\":[{\"@type\":\"ReadAction\",\"target\":[\"https:\/\/www.welovecycling.com\/pl\/2017\/06\/14\/skoda-napedza-maraton-mtb-ix-metropolia-bydgoszczy-maraton\/\"]}]},{\"@type\":\"ImageObject\",\"inLanguage\":\"pl-PL\",\"@id\":\"https:\/\/www.welovecycling.com\/pl\/2017\/06\/14\/skoda-napedza-maraton-mtb-ix-metropolia-bydgoszczy-maraton\/#primaryimage\",\"url\":\"https:\/\/d2p6e6u75xmxt8.cloudfront.net\/5\/2017\/06\/fot.-Dawid-Szatten.jpg\",\"contentUrl\":\"https:\/\/d2p6e6u75xmxt8.cloudfront.net\/5\/2017\/06\/fot.-Dawid-Szatten.jpg\",\"width\":800,\"height\":530},{\"@type\":\"BreadcrumbList\",\"@id\":\"https:\/\/www.welovecycling.com\/pl\/2017\/06\/14\/skoda-napedza-maraton-mtb-ix-metropolia-bydgoszczy-maraton\/#breadcrumb\",\"itemListElement\":[{\"@type\":\"ListItem\",\"position\":1,\"name\":\"Home\",\"item\":\"https:\/\/www.welovecycling.com\/pl\/\"},{\"@type\":\"ListItem\",\"position\":2,\"name\":\"\u0160koda nap\u0119dza maraton MTB IX Metropolia Bydgoszczy Maraton\"}]},{\"@type\":\"WebSite\",\"@id\":\"https:\/\/www.welovecycling.com\/pl\/#website\",\"url\":\"https:\/\/www.welovecycling.com\/pl\/\",\"name\":\"\u0160koda We Love Cycling - Poland\",\"description\":\"\",\"potentialAction\":[{\"@type\":\"SearchAction\",\"target\":{\"@type\":\"EntryPoint\",\"urlTemplate\":\"https:\/\/www.welovecycling.com\/pl\/?s={search_term_string}\"},\"query-input\":{\"@type\":\"PropertyValueSpecification\",\"valueRequired\":true,\"valueName\":\"search_term_string\"}}],\"inLanguage\":\"pl-PL\"},{\"@type\":\"Person\",\"@id\":\"https:\/\/www.welovecycling.com\/pl\/#\/schema\/person\/0dba2d39da943db9df3fd8f4687e7f23\",\"name\":\"piotrboczkowski\",\"image\":{\"@type\":\"ImageObject\",\"inLanguage\":\"pl-PL\",\"@id\":\"https:\/\/www.welovecycling.com\/pl\/#\/schema\/person\/image\/\",\"url\":\"https:\/\/secure.gravatar.com\/avatar\/533caccae14752e03a2ce2d3fd62d1b98b93e1393c3195c27819e53344ca1ace?s=96&d=mm&r=g\",\"contentUrl\":\"https:\/\/secure.gravatar.com\/avatar\/533caccae14752e03a2ce2d3fd62d1b98b93e1393c3195c27819e53344ca1ace?s=96&d=mm&r=g\",\"caption\":\"piotrboczkowski\"},\"url\":\"https:\/\/www.welovecycling.com\/pl\/author\/piotrboczkowski\/\"}]}<\/script>\n<!-- \/ Yoast SEO Premium plugin. -->","yoast_head_json":{"title":"\u0160koda nap\u0119dza maraton MTB IX Metropolia Bydgoszczy Maraton - \u0160koda We Love Cycling - Poland","robots":{"index":"index","follow":"follow","max-snippet":"max-snippet:-1","max-image-preview":"max-image-preview:large","max-video-preview":"max-video-preview:-1"},"canonical":"https:\/\/www.welovecycling.com\/pl\/2017\/06\/14\/skoda-napedza-maraton-mtb-ix-metropolia-bydgoszczy-maraton\/","og_locale":"pl_PL","og_type":"article","og_title":"\u0160koda nap\u0119dza maraton MTB IX Metropolia Bydgoszczy Maraton","og_description":"4 czerwca w Bydgoszczy odby\u0142y si\u0119 zawody HAIBIKE \u2013 IX Metropolia Bydgoszczy Maraton MTB. Ta cykliczna impreza od lat elektryzuje [&hellip;]","og_url":"https:\/\/www.welovecycling.com\/pl\/2017\/06\/14\/skoda-napedza-maraton-mtb-ix-metropolia-bydgoszczy-maraton\/","og_site_name":"\u0160koda We Love Cycling - Poland","article_published_time":"2017-06-14T11:00:59+00:00","article_modified_time":"2017-06-15T11:10:05+00:00","og_image":[{"width":800,"height":530,"url":"https:\/\/d2p6e6u75xmxt8.cloudfront.net\/5\/2017\/06\/fot.-Dawid-Szatten.jpg","type":"image\/jpeg"}],"author":"piotrboczkowski","twitter_card":"summary_large_image","twitter_misc":{"Written by":"WeLoveCycling","Est. reading time":"1 minute"},"schema":{"@context":"https:\/\/schema.org","@graph":[{"@type":"WebPage","@id":"https:\/\/www.welovecycling.com\/pl\/2017\/06\/14\/skoda-napedza-maraton-mtb-ix-metropolia-bydgoszczy-maraton\/","url":"https:\/\/www.welovecycling.com\/pl\/2017\/06\/14\/skoda-napedza-maraton-mtb-ix-metropolia-bydgoszczy-maraton\/","name":"\u0160koda nap\u0119dza maraton MTB IX Metropolia Bydgoszczy Maraton - \u0160koda We Love Cycling - Poland","isPartOf":{"@id":"https:\/\/www.welovecycling.com\/pl\/#website"},"primaryImageOfPage":{"@id":"https:\/\/www.welovecycling.com\/pl\/2017\/06\/14\/skoda-napedza-maraton-mtb-ix-metropolia-bydgoszczy-maraton\/#primaryimage"},"image":{"@id":"https:\/\/www.welovecycling.com\/pl\/2017\/06\/14\/skoda-napedza-maraton-mtb-ix-metropolia-bydgoszczy-maraton\/#primaryimage"},"thumbnailUrl":"https:\/\/d2p6e6u75xmxt8.cloudfront.net\/5\/2017\/06\/fot.-Dawid-Szatten.jpg","datePublished":"2017-06-14T11:00:59+00:00","dateModified":"2017-06-15T11:10:05+00:00","author":{"@id":"https:\/\/www.welovecycling.com\/pl\/#\/schema\/person\/0dba2d39da943db9df3fd8f4687e7f23"},"breadcrumb":{"@id":"https:\/\/www.welovecycling.com\/pl\/2017\/06\/14\/skoda-napedza-maraton-mtb-ix-metropolia-bydgoszczy-maraton\/#breadcrumb"},"inLanguage":"pl-PL","potentialAction":[{"@type":"ReadAction","target":["https:\/\/www.welovecycling.com\/pl\/2017\/06\/14\/skoda-napedza-maraton-mtb-ix-metropolia-bydgoszczy-maraton\/"]}]},{"@type":"ImageObject","inLanguage":"pl-PL","@id":"https:\/\/www.welovecycling.com\/pl\/2017\/06\/14\/skoda-napedza-maraton-mtb-ix-metropolia-bydgoszczy-maraton\/#primaryimage","url":"https:\/\/d2p6e6u75xmxt8.cloudfront.net\/5\/2017\/06\/fot.-Dawid-Szatten.jpg","contentUrl":"https:\/\/d2p6e6u75xmxt8.cloudfront.net\/5\/2017\/06\/fot.-Dawid-Szatten.jpg","width":800,"height":530},{"@type":"BreadcrumbList","@id":"https:\/\/www.welovecycling.com\/pl\/2017\/06\/14\/skoda-napedza-maraton-mtb-ix-metropolia-bydgoszczy-maraton\/#breadcrumb","itemListElement":[{"@type":"ListItem","position":1,"name":"Home","item":"https:\/\/www.welovecycling.com\/pl\/"},{"@type":"ListItem","position":2,"name":"\u0160koda nap\u0119dza maraton MTB IX Metropolia Bydgoszczy Maraton"}]},{"@type":"WebSite","@id":"https:\/\/www.welovecycling.com\/pl\/#website","url":"https:\/\/www.welovecycling.com\/pl\/","name":"\u0160koda We Love Cycling - Poland","description":"","potentialAction":[{"@type":"SearchAction","target":{"@type":"EntryPoint","urlTemplate":"https:\/\/www.welovecycling.com\/pl\/?s={search_term_string}"},"query-input":{"@type":"PropertyValueSpecification","valueRequired":true,"valueName":"search_term_string"}}],"inLanguage":"pl-PL"},{"@type":"Person","@id":"https:\/\/www.welovecycling.com\/pl\/#\/schema\/person\/0dba2d39da943db9df3fd8f4687e7f23","name":"piotrboczkowski","image":{"@type":"ImageObject","inLanguage":"pl-PL","@id":"https:\/\/www.welovecycling.com\/pl\/#\/schema\/person\/image\/","url":"https:\/\/secure.gravatar.com\/avatar\/533caccae14752e03a2ce2d3fd62d1b98b93e1393c3195c27819e53344ca1ace?s=96&d=mm&r=g","contentUrl":"https:\/\/secure.gravatar.com\/avatar\/533caccae14752e03a2ce2d3fd62d1b98b93e1393c3195c27819e53344ca1ace?s=96&d=mm&r=g","caption":"piotrboczkowski"},"url":"https:\/\/www.welovecycling.com\/pl\/author\/piotrboczkowski\/"}]}},"_links":{"self":[{"href":"https:\/\/www.welovecycling.com\/pl\/wp-json\/wp\/v2\/posts\/4165","targetHints":{"allow":["GET"]}}],"collection":[{"href":"https:\/\/www.welovecycling.com\/pl\/wp-json\/wp\/v2\/posts"}],"about":[{"href":"https:\/\/www.welovecycling.com\/pl\/wp-json\/wp\/v2\/types\/post"}],"author":[{"embeddable":true,"href":"https:\/\/www.welovecycling.com\/pl\/wp-json\/wp\/v2\/users\/76"}],"replies":[{"embeddable":true,"href":"https:\/\/www.welovecycling.com\/pl\/wp-json\/wp\/v2\/comments?post=4165"}],"version-history":[{"count":2,"href":"https:\/\/www.welovecycling.com\/pl\/wp-json\/wp\/v2\/posts\/4165\/revisions"}],"predecessor-version":[{"id":4175,"href":"https:\/\/www.welovecycling.com\/pl\/wp-json\/wp\/v2\/posts\/4165\/revisions\/4175"}],"wp:featuredmedia":[{"embeddable":true,"href":"https:\/\/www.welovecycling.com\/pl\/wp-json\/wp\/v2\/media\/4166"}],"wp:attachment":[{"href":"https:\/\/www.welovecycling.com\/pl\/wp-json\/wp\/v2\/media?parent=4165"}],"wp:term":[{"taxonomy":"category","embeddable":true,"href":"https:\/\/www.welovecycling.com\/pl\/wp-json\/wp\/v2\/categories?post=4165"},{"taxonomy":"post_tag","embeddable":true,"href":"https:\/\/www.welovecycling.com\/pl\/wp-json\/wp\/v2\/tags?post=4165"},{"taxonomy":"global-categories","embeddable":true,"href":"https:\/\/www.welovecycling.com\/pl\/wp-json\/wp\/v2\/global-categories?post=4165"}],"curies":[{"name":"wp","href":"https:\/\/api.w.org\/{rel}","templated":true}]}}