{"id":4153,"date":"2017-06-13T15:26:12","date_gmt":"2017-06-13T15:26:12","guid":{"rendered":"https:\/\/www.welovecycling.com\/pl\/?p=4153"},"modified":"2017-06-13T15:26:12","modified_gmt":"2017-06-13T15:26:12","slug":"rekola-czeski-projekt-rowerow-publicznych-podbija-swiat","status":"publish","type":"post","link":"https:\/\/www.welovecycling.com\/pl\/2017\/06\/13\/rekola-czeski-projekt-rowerow-publicznych-podbija-swiat\/","title":{"rendered":"Rekola \u2013 czeski projekt rower\u00f3w publicznych podbija \u015bwiat"},"content":{"rendered":"<p>By\u0142 rok 2013 gdy grupa entuzjast\u00f3w kolarstwa miejskiego po\u0142\u0105czy\u0142a si\u0142y i stworzy\u0142a koncepcj\u0119, kt\u00f3ra stanie si\u0119 najwi\u0119kszym udanym projektem rower\u00f3w publicznych w Czechach, z kt\u00f3rego korzystaj\u0105 zar\u00f3wno mieszka\u0144cy, jak i tury\u015bci. Do\u0142\u0105cz do systemu Rekola.<\/p>\n<p>Wszystko zacz\u0119\u0142o si\u0119 od grupy mieszka\u0144c\u00f3w Pragi, kt\u00f3rzy przyja\u017anili si\u0119 z V\u00edtkiem Je\u017eekiem, obecnym dyrektorem generalnym Rekola. Pomalowali siedem rower\u00f3w na r\u00f3\u017cowo i wystawili je na ulice jednej z dzielnic Pragi, tak po prostu. P\u00f3\u017aniej zdali sobie spraw\u0119, \u017ce dodanie zapi\u0119\u0107 do rower\u00f3w by\u0142oby o wiele bardziej rozs\u0105dnym rozwi\u0105zaniem i wyposa\u017cyli rowery w zabezpieczenia. Aby wypo\u017cyczy\u0107 rower, dostaje si\u0119 kart\u0119 ze wszystkimi siedmioma kodami do kombinacji zamka. Je\u017eek, kt\u00f3ry ma do\u015bwiadczenie w projektowaniu stron internetowych oraz posiada pewn\u0105 wiedz\u0119 i wykszta\u0142cenie z zakresu IT, wpad\u0142 na pomys\u0142, aby ten przyjazny u\u017cytkownikom projekt zmieni\u0107 w interaktywn\u0105 aplikacj\u0119. Ale grupa chcia\u0142a, aby pomys\u0142 dzia\u0142a\u0142 lokalnie, i odrzucili propozycj\u0119\u00a0 Je\u017eeka, aby ten projekt rozwin\u0105\u0107, wi\u0119c on i kilku przyjaci\u00f3\u0142 zdecydowali si\u0119 rozpocz\u0105\u0107 prac\u0119 nad w\u0142asn\u0105 koncepcj\u0105. Od tego momentu by\u0142a to praktycznie przygoda pr\u00f3b i b\u0142\u0119d\u00f3w.<\/p>\n<p><a href=\"https:\/\/d2p6e6u75xmxt8.cloudfront.net\/5\/2017\/06\/IMG_7861.jpg\"><img loading=\"lazy\" decoding=\"async\" class=\"alignnone size-full wp-image-4156\" src=\"https:\/\/d2p6e6u75xmxt8.cloudfront.net\/5\/2017\/06\/IMG_7861.jpg\" alt=\"\" width=\"1000\" height=\"667\" srcset=\"https:\/\/d2p6e6u75xmxt8.cloudfront.net\/5\/2017\/06\/IMG_7861.jpg 1000w, https:\/\/d2p6e6u75xmxt8.cloudfront.net\/5\/2017\/06\/IMG_7861-300x200.jpg 300w, https:\/\/d2p6e6u75xmxt8.cloudfront.net\/5\/2017\/06\/IMG_7861-768x512.jpg 768w, https:\/\/d2p6e6u75xmxt8.cloudfront.net\/5\/2017\/06\/IMG_7861-272x182.jpg 272w\" sizes=\"auto, (max-width: 1000px) 100vw, 1000px\" \/><\/a><\/p>\n<p>Na pocz\u0105tku by\u0142a organizacja non-profit prowadzona przez ochotnik\u00f3w, kt\u00f3rzy po\u015bwi\u0119cali ca\u0142y sw\u00f3j wolny czas, w tym weekendy, aby zrealizowa\u0107 wizj\u0119. Skorzystanie z crowdfundingu okaza\u0142o si\u0119 bardzo udanym pomys\u0142em i pomog\u0142o firmie stan\u0105\u0107 na nogi. Pierwsze rowery otrzymywali w zamian za cz\u0142onkostwo lub kupowali w lombardzie czy na pchlim targu za jakie\u015b grosze, ale po jakim\u015b czasie zar\u00f3wno projekt, jak i rowery stawa\u0142y si\u0119 coraz bardziej profesjonalne. Teraz Rekola ma wiele nowych rower\u00f3w, a te odnowione wyposa\u017cone zosta\u0142y w zestawy nowych element\u00f3w. Jednak\u017ce, zachowali kolor z pierwotnej koncepcji, a pod koniec 2013 roku pierwsze rowery Rekola w wyr\u00f3\u017cniaj\u0105cej si\u0119 fuksji zacz\u0119\u0142y si\u0119 pojawia\u0107 na ulicach.<\/p>\n<p>Co ciekawe, to, co ludziom podoba\u0142o si\u0119 w ca\u0142ym systemie poza oczywistymi jego korzy\u015bciami, to personalizacja rower\u00f3w. Wszystkie maj\u0105 imiona zamiast nudnych kod\u00f3w, a imiona te cz\u0119sto pochodz\u0105 z ulubionych film\u00f3w (\u201eNieko\u0144cz\u0105ca si\u0119 opowie\u015b\u0107\u201d) i seriali (\u201eCzerwony Karze\u0142\u201d) lub nawet inspirowane s\u0105 nazwami r\u00f3\u017cnych gatunk\u00f3w ryb. Dzi\u0119ki danym \u015bledzenia ruchu, zesp\u00f3\u0142 Rekola odkry\u0142, \u017ce niekt\u00f3rzy u\u017cytkownicy s\u0105 w stanie pokona\u0107 pewne odleg\u0142o\u015bci, tylko po to, \u017ceby wypo\u017cyczy\u0107 rower z ich ulubionym imieniem.<\/p>\n<p>Podstaw\u0105 tego projektu jest dobrze zbudowana aplikacja z szybkim i sprawnym systemem wypo\u017cyczania rower\u00f3w. Po rejestracji na stronie internetowej Rekola, wpisaniu danych ze swojej karty i wybraniu odpowiedniej taryfy, mo\u017cesz je\u017adzi\u0107 po mie\u015bcie codziennie tam, gdzie chcesz. Ka\u017cdy rower ma sw\u00f3j unikalny kod i po wpisaniu go w aplikacji, natychmiast otrzymujesz kombinacj\u0119 cyfr do otwarcia zamka roweru \u2013 a potem w drog\u0119! Po dojechaniu do wybranego miejsca po prostu zamykasz zapi\u0119cie roweru i oznaczasz go w aplikacji jako zwr\u00f3cony \u2013 tw\u00f3j smartfon oznaczy dok\u0142adn\u0105 lokalizacj\u0119 roweru, aby zesp\u00f3\u0142 Rekola i wszyscy inni u\u017cytkownicy mogli go znale\u017a\u0107. Inteligentne, proste i wydajne.<\/p>\n<p><a href=\"https:\/\/d2p6e6u75xmxt8.cloudfront.net\/5\/2017\/06\/foto-Vu-Minh-Hieu-2.jpg\"><img loading=\"lazy\" decoding=\"async\" class=\"alignnone size-full wp-image-4157\" src=\"https:\/\/d2p6e6u75xmxt8.cloudfront.net\/5\/2017\/06\/foto-Vu-Minh-Hieu-2.jpg\" alt=\"\" width=\"1000\" height=\"667\" srcset=\"https:\/\/d2p6e6u75xmxt8.cloudfront.net\/5\/2017\/06\/foto-Vu-Minh-Hieu-2.jpg 1000w, https:\/\/d2p6e6u75xmxt8.cloudfront.net\/5\/2017\/06\/foto-Vu-Minh-Hieu-2-300x200.jpg 300w, https:\/\/d2p6e6u75xmxt8.cloudfront.net\/5\/2017\/06\/foto-Vu-Minh-Hieu-2-768x512.jpg 768w, https:\/\/d2p6e6u75xmxt8.cloudfront.net\/5\/2017\/06\/foto-Vu-Minh-Hieu-2-272x182.jpg 272w\" sizes=\"auto, (max-width: 1000px) 100vw, 1000px\" \/><\/a><\/p>\n<p><a href=\"https:\/\/d2p6e6u75xmxt8.cloudfront.net\/5\/2017\/06\/IMG_7800.jpg\"><img loading=\"lazy\" decoding=\"async\" class=\"alignnone size-extra-large wp-image-4158\" src=\"https:\/\/d2p6e6u75xmxt8.cloudfront.net\/5\/2017\/06\/IMG_7800.jpg\" alt=\"\" width=\"1000\" height=\"667\" srcset=\"https:\/\/d2p6e6u75xmxt8.cloudfront.net\/5\/2017\/06\/IMG_7800.jpg 1000w, https:\/\/d2p6e6u75xmxt8.cloudfront.net\/5\/2017\/06\/IMG_7800-300x200.jpg 300w, https:\/\/d2p6e6u75xmxt8.cloudfront.net\/5\/2017\/06\/IMG_7800-768x512.jpg 768w, https:\/\/d2p6e6u75xmxt8.cloudfront.net\/5\/2017\/06\/IMG_7800-272x182.jpg 272w\" sizes=\"auto, (max-width: 1000px) 100vw, 1000px\" \/><\/a><\/p>\n<p>Aplikacja sprzyja u\u017cytkownikom posiadaj\u0105cym smartfony, poniewa\u017c ca\u0142y proces staje si\u0119 dzi\u0119ki nim o wiele p\u0142ynniejszy i skuteczniejszy, ale u\u017cytkownicy starszych telefon\u00f3w nie musz\u0105 si\u0119 martwi\u0107 \u2013 mog\u0105 skorzysta\u0107 z aplikacji poprzez wiadomo\u015b\u0107 SMS, wpisuj\u0105c swoj\u0105 bie\u017c\u0105c\u0105 lokalizacj\u0119. Wprawdzie, wed\u0142ug danych zespo\u0142u Rekola jedynie ok. 3% u\u017cytkownik\u00f3w wypo\u017cycza rowery w ten spos\u00f3b.<\/p>\n<p>Poza jej g\u0142\u00f3wn\u0105 funkcj\u0105 zwi\u0105zan\u0105 z wypo\u017cyczaniem rower\u00f3w aplikacja wska\u017ce ci r\u00f3wnie\u017c tak zwane \u201epunkty przyjazne Rekola\u201d, w kt\u00f3rych mo\u017cna bezpiecznie zostawi\u0107 rower, gdzie jest on widoczny i nie tarasuje drogi przechodniom ani ruchowi ulicznemu. Je\u015bli chodzi o planowane przysz\u0142e funkcjonalno\u015bci, podobno ma by\u0107 publiczny kalkulator transportowy dla Pragi, kt\u00f3ry wskazuje, na jakich trasach zaoszcz\u0119dzi si\u0119 czas, wypo\u017cyczaj\u0105c rower zamiast metra czy tramwaj\u00f3w. Inne \u015bwietne dodatki maj\u0105 obejmowa\u0107 mapy rowerowych tras wycieczkowych dla odpowiednich miast, kt\u00f3re wskazuj\u0105 miejsca i kawiarnie wspomagaj\u0105ce przedsi\u0119wzi\u0119cie. Naprawd\u0119 du\u017cym planem na przysz\u0142o\u015b\u0107 jest wyposa\u017cenie wszystkich rower\u00f3w w urz\u0105dzenia GPS, kt\u00f3re sprawi\u0105, \u017ce wypo\u017cyczanie rower\u00f3w i wy\u015bledzenie skradzionego roweru to tylko kwestia sekund. Obecnie kilka rower\u00f3w ma ju\u017c zainstalowany nadajnik GPS i po miesi\u0119cznym okresie pr\u00f3bnym planuje si\u0119 wprowadzenie GPS we wszystkich rowerach w Pradze.<\/p>\n<p><a href=\"https:\/\/d2p6e6u75xmxt8.cloudfront.net\/5\/2017\/06\/IMG_7870.jpg\"><img loading=\"lazy\" decoding=\"async\" class=\"alignnone size-full wp-image-4159\" src=\"https:\/\/d2p6e6u75xmxt8.cloudfront.net\/5\/2017\/06\/IMG_7870.jpg\" alt=\"\" width=\"1000\" height=\"667\" srcset=\"https:\/\/d2p6e6u75xmxt8.cloudfront.net\/5\/2017\/06\/IMG_7870.jpg 1000w, https:\/\/d2p6e6u75xmxt8.cloudfront.net\/5\/2017\/06\/IMG_7870-300x200.jpg 300w, https:\/\/d2p6e6u75xmxt8.cloudfront.net\/5\/2017\/06\/IMG_7870-768x512.jpg 768w, https:\/\/d2p6e6u75xmxt8.cloudfront.net\/5\/2017\/06\/IMG_7870-272x182.jpg 272w\" sizes=\"auto, (max-width: 1000px) 100vw, 1000px\" \/><\/a><\/p>\n<p>Na dzie\u0144 dzisiejszy system obs\u0142uguje 75 os\u00f3b, w tym osoby pracuj\u0105ce \u201ew terenie\u201d, kt\u00f3re zajmuj\u0105 si\u0119 napraw\u0105 rower\u00f3w, reszta zapewnia wsparcie IT i dba o aplikacj\u0119. W zespole s\u0105 r\u00f3wnie\u017c tzw. \u201etransporterzy\u201d \u2013 osoby, kt\u00f3re przewo\u017c\u0105 rowery z odleg\u0142ych lokalizacji, gdzie zazwyczaj s\u0105 pozostawiane w ma\u0142ych grupkach, do centrum \u2013 tam, gdzie s\u0105 potrzebne najbardziej. Poza Prag\u0105, system Rekola dzia\u0142a obecnie w czterech innych miastach.<\/p>\n<p>\u2013 Miasto nie prowadzi tego projektu ani nie wspiera go w \u017caden spos\u00f3b, jest to poniek\u0105d \u201epartyzancka\u201d inicjatywa. Organizacja praskiego transportu publicznego og\u0142osi\u0142a przetarg, ale my wskazali\u015bmy w nim wiele wad, wi\u0119c nas zauwa\u017cyli, tylko nie w spos\u00f3b, w jaki by\u015bmy chcieli, \u2013 \u015bmieje si\u0119 V\u00edtek Je\u017eek, Dyrektor Generalny Rekola. Przetarg by\u0142 prowadzony w spos\u00f3b nieuczciwy i stronniczy, a zespo\u0142owi Rekola w ko\u0144cu uda\u0142o si\u0119 go ostatecznie i prawnie anulowa\u0107 w marcu tego roku, po przeci\u0105gaj\u0105cym si\u0119 procesie.<\/p>\n<p><a href=\"https:\/\/d2p6e6u75xmxt8.cloudfront.net\/5\/2017\/06\/IMG_7844.jpg\"><img loading=\"lazy\" decoding=\"async\" class=\"alignnone size-full wp-image-4160\" src=\"https:\/\/d2p6e6u75xmxt8.cloudfront.net\/5\/2017\/06\/IMG_7844.jpg\" alt=\"\" width=\"1000\" height=\"667\" srcset=\"https:\/\/d2p6e6u75xmxt8.cloudfront.net\/5\/2017\/06\/IMG_7844.jpg 1000w, https:\/\/d2p6e6u75xmxt8.cloudfront.net\/5\/2017\/06\/IMG_7844-300x200.jpg 300w, https:\/\/d2p6e6u75xmxt8.cloudfront.net\/5\/2017\/06\/IMG_7844-768x512.jpg 768w, https:\/\/d2p6e6u75xmxt8.cloudfront.net\/5\/2017\/06\/IMG_7844-272x182.jpg 272w\" sizes=\"auto, (max-width: 1000px) 100vw, 1000px\" \/><\/a><\/p>\n<p>Obecnie dost\u0119pne zinstytucjonalizowane programy roweru publicznego s\u0105 ma\u0142o dochodowe, st\u0105d niewykonalne w przypadku mniejszych miast. Ale system Rekola jest w stanie zrobi\u0107 swoje za ok. jedn\u0105 pi\u0105t\u0105 ceny. A co wa\u017cniejsze \u2013 jest sprawdzony i dzia\u0142a doskonale. Obecnie trwaj\u0105 prace nad pr\u00f3bn\u0105 ofert\u0105 dla mniejszych miast. Rekola dostarczy tym miastom i miasteczkom swoje dane i analizy dotycz\u0105ce ruchu rower\u00f3w publicznych, a nast\u0119pnie w\u0142adze miasta mog\u0105 zdecydowa\u0107, czy chc\u0105 wdro\u017cy\u0107 \u201epe\u0142n\u0105\u201d wersj\u0119 systemu. Zesp\u00f3\u0142 by\u0142by r\u00f3wnie\u017c bardzo szcz\u0119\u015bliwy, mog\u0105c pom\u00f3c miastom poza granicami Republiki Czeskiej i rozpowszechni\u0107 systemy w ca\u0142ej Europie, wi\u0119c je\u015bli znasz kogo\u015b w miejscowym samorz\u0105dzie, kto m\u00f3g\u0142by uzna\u0107 to za dobry pomys\u0142, nie wahaj si\u0119 poleci\u0107 mu system Rekola. Za jedyne 24 tysi\u0105ce EUR miasto otrzyma 50 rower\u00f3w na 3 miesi\u0105ce i cenne dane o korzystaniu z rower\u00f3w oraz kolejne kroki w planowaniu projektu roweru publicznego.<\/p>\n<p>A je\u015bli jeste\u015b w okolicach Czech, po prostu go wypr\u00f3buj! Wpisz kod \u201etry_rekola\u201d w procesie rejestracji, a otrzymasz pierwsze 3 przeja\u017cd\u017cki z 50% zni\u017ck\u0105.<\/p>\n<p>(\u017ar\u00f3d\u0142o zdj\u0119\u0107: welovecycling.com)<\/p>\n","protected":false},"excerpt":{"rendered":"<p>By\u0142 rok 2013 gdy grupa entuzjast\u00f3w kolarstwa miejskiego po\u0142\u0105czy\u0142a si\u0142y i stworzy\u0142a koncepcj\u0119, kt\u00f3ra stanie si\u0119 najwi\u0119kszym udanym projektem rower\u00f3w [&hellip;]<\/p>\n","protected":false},"author":76,"featured_media":4155,"comment_status":"open","ping_status":"open","sticky":false,"template":"","format":"standard","meta":{"footnotes":""},"categories":[1],"tags":[157,156],"global-categories":[],"class_list":["post-4153","post","type-post","status-publish","format-standard","has-post-thumbnail","hentry","category-uncategorized","tag-praga","tag-rekola"],"yoast_head":"<!-- This site is optimized with the Yoast SEO Premium plugin v25.3 (Yoast SEO v25.9) - https:\/\/yoast.com\/wordpress\/plugins\/seo\/ -->\n<title>Rekola \u2013 czeski projekt rower\u00f3w publicznych podbija \u015bwiat - \u0160koda We Love Cycling - Poland<\/title>\n<meta name=\"robots\" content=\"index, follow, max-snippet:-1, max-image-preview:large, max-video-preview:-1\" \/>\n<link rel=\"canonical\" href=\"https:\/\/www.welovecycling.com\/pl\/2017\/06\/13\/rekola-czeski-projekt-rowerow-publicznych-podbija-swiat\/\" \/>\n<meta property=\"og:locale\" content=\"pl_PL\" \/>\n<meta property=\"og:type\" content=\"article\" \/>\n<meta property=\"og:title\" content=\"Rekola \u2013 czeski projekt rower\u00f3w publicznych podbija \u015bwiat\" \/>\n<meta property=\"og:description\" content=\"By\u0142 rok 2013 gdy grupa entuzjast\u00f3w kolarstwa miejskiego po\u0142\u0105czy\u0142a si\u0142y i stworzy\u0142a koncepcj\u0119, kt\u00f3ra stanie si\u0119 najwi\u0119kszym udanym projektem rower\u00f3w [&hellip;]\" \/>\n<meta property=\"og:url\" content=\"https:\/\/www.welovecycling.com\/pl\/2017\/06\/13\/rekola-czeski-projekt-rowerow-publicznych-podbija-swiat\/\" \/>\n<meta property=\"og:site_name\" content=\"\u0160koda We Love Cycling - Poland\" \/>\n<meta property=\"article:published_time\" content=\"2017-06-13T15:26:12+00:00\" \/>\n<meta property=\"og:image\" content=\"https:\/\/d2p6e6u75xmxt8.cloudfront.net\/5\/2017\/06\/fluidrekola.jpg\" \/>\n\t<meta property=\"og:image:width\" content=\"1800\" \/>\n\t<meta property=\"og:image:height\" content=\"785\" \/>\n\t<meta property=\"og:image:type\" content=\"image\/jpeg\" \/>\n<meta name=\"author\" content=\"piotrboczkowski\" \/>\n<meta name=\"twitter:card\" content=\"summary_large_image\" \/>\n<meta name=\"twitter:label1\" content=\"Written by\" \/>\n\t<meta name=\"twitter:data1\" content=\"Frantiska Blazkova\" \/>\n\t<meta name=\"twitter:label2\" content=\"Est. reading time\" \/>\n\t<meta name=\"twitter:data2\" content=\"6 minutes\" \/>\n<script type=\"application\/ld+json\" class=\"yoast-schema-graph\">{\"@context\":\"https:\/\/schema.org\",\"@graph\":[{\"@type\":\"WebPage\",\"@id\":\"https:\/\/www.welovecycling.com\/pl\/2017\/06\/13\/rekola-czeski-projekt-rowerow-publicznych-podbija-swiat\/\",\"url\":\"https:\/\/www.welovecycling.com\/pl\/2017\/06\/13\/rekola-czeski-projekt-rowerow-publicznych-podbija-swiat\/\",\"name\":\"Rekola \u2013 czeski projekt rower\u00f3w publicznych podbija \u015bwiat - \u0160koda We Love Cycling - Poland\",\"isPartOf\":{\"@id\":\"https:\/\/www.welovecycling.com\/pl\/#website\"},\"primaryImageOfPage\":{\"@id\":\"https:\/\/www.welovecycling.com\/pl\/2017\/06\/13\/rekola-czeski-projekt-rowerow-publicznych-podbija-swiat\/#primaryimage\"},\"image\":{\"@id\":\"https:\/\/www.welovecycling.com\/pl\/2017\/06\/13\/rekola-czeski-projekt-rowerow-publicznych-podbija-swiat\/#primaryimage\"},\"thumbnailUrl\":\"https:\/\/d2p6e6u75xmxt8.cloudfront.net\/5\/2017\/06\/fluidrekola.jpg\",\"datePublished\":\"2017-06-13T15:26:12+00:00\",\"author\":{\"@id\":\"https:\/\/www.welovecycling.com\/pl\/#\/schema\/person\/0dba2d39da943db9df3fd8f4687e7f23\"},\"breadcrumb\":{\"@id\":\"https:\/\/www.welovecycling.com\/pl\/2017\/06\/13\/rekola-czeski-projekt-rowerow-publicznych-podbija-swiat\/#breadcrumb\"},\"inLanguage\":\"pl-PL\",\"potentialAction\":[{\"@type\":\"ReadAction\",\"target\":[\"https:\/\/www.welovecycling.com\/pl\/2017\/06\/13\/rekola-czeski-projekt-rowerow-publicznych-podbija-swiat\/\"]}]},{\"@type\":\"ImageObject\",\"inLanguage\":\"pl-PL\",\"@id\":\"https:\/\/www.welovecycling.com\/pl\/2017\/06\/13\/rekola-czeski-projekt-rowerow-publicznych-podbija-swiat\/#primaryimage\",\"url\":\"https:\/\/d2p6e6u75xmxt8.cloudfront.net\/5\/2017\/06\/fluidrekola.jpg\",\"contentUrl\":\"https:\/\/d2p6e6u75xmxt8.cloudfront.net\/5\/2017\/06\/fluidrekola.jpg\",\"width\":1800,\"height\":785},{\"@type\":\"BreadcrumbList\",\"@id\":\"https:\/\/www.welovecycling.com\/pl\/2017\/06\/13\/rekola-czeski-projekt-rowerow-publicznych-podbija-swiat\/#breadcrumb\",\"itemListElement\":[{\"@type\":\"ListItem\",\"position\":1,\"name\":\"Home\",\"item\":\"https:\/\/www.welovecycling.com\/pl\/\"},{\"@type\":\"ListItem\",\"position\":2,\"name\":\"Rekola \u2013 czeski projekt rower\u00f3w publicznych podbija \u015bwiat\"}]},{\"@type\":\"WebSite\",\"@id\":\"https:\/\/www.welovecycling.com\/pl\/#website\",\"url\":\"https:\/\/www.welovecycling.com\/pl\/\",\"name\":\"\u0160koda We Love Cycling - Poland\",\"description\":\"\",\"potentialAction\":[{\"@type\":\"SearchAction\",\"target\":{\"@type\":\"EntryPoint\",\"urlTemplate\":\"https:\/\/www.welovecycling.com\/pl\/?s={search_term_string}\"},\"query-input\":{\"@type\":\"PropertyValueSpecification\",\"valueRequired\":true,\"valueName\":\"search_term_string\"}}],\"inLanguage\":\"pl-PL\"},{\"@type\":\"Person\",\"@id\":\"https:\/\/www.welovecycling.com\/pl\/#\/schema\/person\/0dba2d39da943db9df3fd8f4687e7f23\",\"name\":\"piotrboczkowski\",\"image\":{\"@type\":\"ImageObject\",\"inLanguage\":\"pl-PL\",\"@id\":\"https:\/\/www.welovecycling.com\/pl\/#\/schema\/person\/image\/\",\"url\":\"https:\/\/secure.gravatar.com\/avatar\/533caccae14752e03a2ce2d3fd62d1b98b93e1393c3195c27819e53344ca1ace?s=96&d=mm&r=g\",\"contentUrl\":\"https:\/\/secure.gravatar.com\/avatar\/533caccae14752e03a2ce2d3fd62d1b98b93e1393c3195c27819e53344ca1ace?s=96&d=mm&r=g\",\"caption\":\"piotrboczkowski\"},\"url\":\"https:\/\/www.welovecycling.com\/pl\/author\/piotrboczkowski\/\"}]}<\/script>\n<!-- \/ Yoast SEO Premium plugin. -->","yoast_head_json":{"title":"Rekola \u2013 czeski projekt rower\u00f3w publicznych podbija \u015bwiat - \u0160koda We Love Cycling - Poland","robots":{"index":"index","follow":"follow","max-snippet":"max-snippet:-1","max-image-preview":"max-image-preview:large","max-video-preview":"max-video-preview:-1"},"canonical":"https:\/\/www.welovecycling.com\/pl\/2017\/06\/13\/rekola-czeski-projekt-rowerow-publicznych-podbija-swiat\/","og_locale":"pl_PL","og_type":"article","og_title":"Rekola \u2013 czeski projekt rower\u00f3w publicznych podbija \u015bwiat","og_description":"By\u0142 rok 2013 gdy grupa entuzjast\u00f3w kolarstwa miejskiego po\u0142\u0105czy\u0142a si\u0142y i stworzy\u0142a koncepcj\u0119, kt\u00f3ra stanie si\u0119 najwi\u0119kszym udanym projektem rower\u00f3w [&hellip;]","og_url":"https:\/\/www.welovecycling.com\/pl\/2017\/06\/13\/rekola-czeski-projekt-rowerow-publicznych-podbija-swiat\/","og_site_name":"\u0160koda We Love Cycling - Poland","article_published_time":"2017-06-13T15:26:12+00:00","og_image":[{"width":1800,"height":785,"url":"https:\/\/d2p6e6u75xmxt8.cloudfront.net\/5\/2017\/06\/fluidrekola.jpg","type":"image\/jpeg"}],"author":"piotrboczkowski","twitter_card":"summary_large_image","twitter_misc":{"Written by":"Frantiska Blazkova","Est. reading time":"6 minutes"},"schema":{"@context":"https:\/\/schema.org","@graph":[{"@type":"WebPage","@id":"https:\/\/www.welovecycling.com\/pl\/2017\/06\/13\/rekola-czeski-projekt-rowerow-publicznych-podbija-swiat\/","url":"https:\/\/www.welovecycling.com\/pl\/2017\/06\/13\/rekola-czeski-projekt-rowerow-publicznych-podbija-swiat\/","name":"Rekola \u2013 czeski projekt rower\u00f3w publicznych podbija \u015bwiat - \u0160koda We Love Cycling - Poland","isPartOf":{"@id":"https:\/\/www.welovecycling.com\/pl\/#website"},"primaryImageOfPage":{"@id":"https:\/\/www.welovecycling.com\/pl\/2017\/06\/13\/rekola-czeski-projekt-rowerow-publicznych-podbija-swiat\/#primaryimage"},"image":{"@id":"https:\/\/www.welovecycling.com\/pl\/2017\/06\/13\/rekola-czeski-projekt-rowerow-publicznych-podbija-swiat\/#primaryimage"},"thumbnailUrl":"https:\/\/d2p6e6u75xmxt8.cloudfront.net\/5\/2017\/06\/fluidrekola.jpg","datePublished":"2017-06-13T15:26:12+00:00","author":{"@id":"https:\/\/www.welovecycling.com\/pl\/#\/schema\/person\/0dba2d39da943db9df3fd8f4687e7f23"},"breadcrumb":{"@id":"https:\/\/www.welovecycling.com\/pl\/2017\/06\/13\/rekola-czeski-projekt-rowerow-publicznych-podbija-swiat\/#breadcrumb"},"inLanguage":"pl-PL","potentialAction":[{"@type":"ReadAction","target":["https:\/\/www.welovecycling.com\/pl\/2017\/06\/13\/rekola-czeski-projekt-rowerow-publicznych-podbija-swiat\/"]}]},{"@type":"ImageObject","inLanguage":"pl-PL","@id":"https:\/\/www.welovecycling.com\/pl\/2017\/06\/13\/rekola-czeski-projekt-rowerow-publicznych-podbija-swiat\/#primaryimage","url":"https:\/\/d2p6e6u75xmxt8.cloudfront.net\/5\/2017\/06\/fluidrekola.jpg","contentUrl":"https:\/\/d2p6e6u75xmxt8.cloudfront.net\/5\/2017\/06\/fluidrekola.jpg","width":1800,"height":785},{"@type":"BreadcrumbList","@id":"https:\/\/www.welovecycling.com\/pl\/2017\/06\/13\/rekola-czeski-projekt-rowerow-publicznych-podbija-swiat\/#breadcrumb","itemListElement":[{"@type":"ListItem","position":1,"name":"Home","item":"https:\/\/www.welovecycling.com\/pl\/"},{"@type":"ListItem","position":2,"name":"Rekola \u2013 czeski projekt rower\u00f3w publicznych podbija \u015bwiat"}]},{"@type":"WebSite","@id":"https:\/\/www.welovecycling.com\/pl\/#website","url":"https:\/\/www.welovecycling.com\/pl\/","name":"\u0160koda We Love Cycling - Poland","description":"","potentialAction":[{"@type":"SearchAction","target":{"@type":"EntryPoint","urlTemplate":"https:\/\/www.welovecycling.com\/pl\/?s={search_term_string}"},"query-input":{"@type":"PropertyValueSpecification","valueRequired":true,"valueName":"search_term_string"}}],"inLanguage":"pl-PL"},{"@type":"Person","@id":"https:\/\/www.welovecycling.com\/pl\/#\/schema\/person\/0dba2d39da943db9df3fd8f4687e7f23","name":"piotrboczkowski","image":{"@type":"ImageObject","inLanguage":"pl-PL","@id":"https:\/\/www.welovecycling.com\/pl\/#\/schema\/person\/image\/","url":"https:\/\/secure.gravatar.com\/avatar\/533caccae14752e03a2ce2d3fd62d1b98b93e1393c3195c27819e53344ca1ace?s=96&d=mm&r=g","contentUrl":"https:\/\/secure.gravatar.com\/avatar\/533caccae14752e03a2ce2d3fd62d1b98b93e1393c3195c27819e53344ca1ace?s=96&d=mm&r=g","caption":"piotrboczkowski"},"url":"https:\/\/www.welovecycling.com\/pl\/author\/piotrboczkowski\/"}]}},"_links":{"self":[{"href":"https:\/\/www.welovecycling.com\/pl\/wp-json\/wp\/v2\/posts\/4153","targetHints":{"allow":["GET"]}}],"collection":[{"href":"https:\/\/www.welovecycling.com\/pl\/wp-json\/wp\/v2\/posts"}],"about":[{"href":"https:\/\/www.welovecycling.com\/pl\/wp-json\/wp\/v2\/types\/post"}],"author":[{"embeddable":true,"href":"https:\/\/www.welovecycling.com\/pl\/wp-json\/wp\/v2\/users\/76"}],"replies":[{"embeddable":true,"href":"https:\/\/www.welovecycling.com\/pl\/wp-json\/wp\/v2\/comments?post=4153"}],"version-history":[{"count":2,"href":"https:\/\/www.welovecycling.com\/pl\/wp-json\/wp\/v2\/posts\/4153\/revisions"}],"predecessor-version":[{"id":4161,"href":"https:\/\/www.welovecycling.com\/pl\/wp-json\/wp\/v2\/posts\/4153\/revisions\/4161"}],"wp:featuredmedia":[{"embeddable":true,"href":"https:\/\/www.welovecycling.com\/pl\/wp-json\/wp\/v2\/media\/4155"}],"wp:attachment":[{"href":"https:\/\/www.welovecycling.com\/pl\/wp-json\/wp\/v2\/media?parent=4153"}],"wp:term":[{"taxonomy":"category","embeddable":true,"href":"https:\/\/www.welovecycling.com\/pl\/wp-json\/wp\/v2\/categories?post=4153"},{"taxonomy":"post_tag","embeddable":true,"href":"https:\/\/www.welovecycling.com\/pl\/wp-json\/wp\/v2\/tags?post=4153"},{"taxonomy":"global-categories","embeddable":true,"href":"https:\/\/www.welovecycling.com\/pl\/wp-json\/wp\/v2\/global-categories?post=4153"}],"curies":[{"name":"wp","href":"https:\/\/api.w.org\/{rel}","templated":true}]}}