{"id":4142,"date":"2017-06-10T14:09:43","date_gmt":"2017-06-10T14:09:43","guid":{"rendered":"https:\/\/www.welovecycling.com\/pl\/?p=4142"},"modified":"2017-06-10T14:09:43","modified_gmt":"2017-06-10T14:09:43","slug":"gabriel-dobrowolski-o-treningu-ze-stephenem-roche-majorce","status":"publish","type":"post","link":"https:\/\/www.welovecycling.com\/pl\/2017\/06\/10\/gabriel-dobrowolski-o-treningu-ze-stephenem-roche-majorce\/","title":{"rendered":"Gabriel Dobrowolski o treningu ze Stephenem Roche na Majorce"},"content":{"rendered":"<p>Wyjazd na Majork\u0119 z prawdziw\u0105 legend\u0105 kolarstwa to nie lada gratka dla wszystkich fan\u00f3w dw\u00f3ch k\u00f3\u0142ek, ale tylko jednemu z nich uda\u0142o si\u0119 zdoby\u0107 nagrod\u0119! Przeczytaj rozmow\u0119 z Gabrielem Dobrowolskim \u2013 zwyci\u0119zc\u0105 konkursu.<\/p>\n<p><strong>Trening ze Stephenem Roche na Majorce. Brzmi dobrze! Jak by\u0142o?<br \/>\n<\/strong><br \/>\nBy\u0142o super! Ciesz\u0119 si\u0119, \u017ce mog\u0142em wzi\u0105\u0107 udzia\u0142 w treningach ze Stephenem. Rzadko zdarza si\u0119 taka okazja, \u017ceby na moment wyskoczy\u0107 i poje\u017adzi\u0107 w pi\u0119knych sceneriach.<\/p>\n<p><strong>Jaki jest Stephen Roche jako nauczyciel?<br \/>\n<\/strong><br \/>\nStephen jest bardzo pogodny i bardzo sympatyczny, dobry nastr\u00f3j by\u0142 podczas wyjazdu gwarantowany! Roche to bardzo do\u015bwiadczony kolarz, udziela cennych wskaz\u00f3wek, bo ca\u0142\u0105 wiedz\u0119, jak\u0105 si\u0119 dzieli opiera na tym, czego nauczy\u0142 si\u0119 przez lata. Zero teorii, 100% praktycznych, przydatnych porad.<br \/>\n<strong><br \/>\nCzy ob\u00f3z ze Stephenem by\u0142 dla Ciebie du\u017cym wyzwaniem?<br \/>\n<\/strong><br \/>\nOb\u00f3z tak na prawd\u0119 nie by\u0142 dla mnie du\u017cym wyzwaniem. Trasy by\u0142y dostosowane tak aby wszyscy z obozu mogli je przejecha\u0107. Ilo\u015b\u0107 przewy\u017csze\u0144 nie by\u0142a du\u017ca, a nachylenia podjazd\u00f3w nie by\u0142y bardzo strome. To w\u0142a\u015bnie czyni Majork\u0119 rajem dla kolarzy, bo w takich warunkach po prostu dobrze si\u0119 je\u017adzi.<\/p>\n<p><strong>Jak to si\u0119 sta\u0142o, \u017ce to w\u0142a\u015bnie Tobie uda\u0142o si\u0119 wygra\u0107 w konkursie?<br \/>\n<\/strong><br \/>\nNie wiem, by\u0107 mo\u017ce moja trasa by\u0142a najlepsza! A mo\u017ce to \u0142ut szcz\u0119\u015bcia?<\/p>\n<p><strong>Jak\u0105 tras\u0119 zg\u0142osi\u0142e\u015b do konkursu? Czy to Twoja ulubiona trasa?\u00a0<\/strong><\/p>\n<p>Zg\u0142aszaj\u0105c si\u0119 do konkursu zg\u0142osi\u0142em tras\u0119 prawie 200 \u2013 kilometrow\u0105 z objazdu dooko\u0142a Gran Canarii, kt\u00f3r\u0105 zrobi\u0142em w pa\u017adzierniku. Dopiero p\u00f3\u017aniej zauwa\u017cy\u0142em, \u017ce wymagana jest tegoroczna i wrzuci\u0142em po prostu tak\u0105 tras\u0119 w pobli\u017cu \u0141odzi, kt\u00f3ra przejecha\u0142em w lutym na singlu, kt\u00f3rego u\u017cywam do kurierki na mie\u015bcie zim\u0105.<br \/>\n<strong><br \/>\nJak si\u0119 zacz\u0119\u0142a Twoja przygoda z kolarstwem?\u00a0<\/strong><\/p>\n<p>To trudne pytanie. W\u0142a\u015bciwie od dziecka je\u017adzi\u0142em na rowerze mniej lub wi\u0119cej z nastawieniem na to drugie.<\/p>\n<p><strong>Ile czasu po\u015bwi\u0119casz tygodniowo na treningi?\u00a0<\/strong><strong><br \/>\n<\/strong><br \/>\nNie lubi\u0119 s\u0142owa treningi, bo tak na prawd\u0119 to ja nie trenuj\u0119. Trenowanie to moim zdaniem czynno\u015b\u0107, kt\u00f3ra trzeba powtarza\u0107 systematycznie, ale przede wszystkim z nastawieniem na jakie\u015b zmuszanie siebie &#8211; nie o to chodzi w czerpaniu przyjemno\u015bci z jazdy, wi\u0119c je\u015bli chodzi o jazd\u0119 np. po mie\u015bcie i nabijanie kilometr\u00f3w to na pewno to b\u0119dzie trening z nastawieniem na\u00a0wytrzyma\u0142o\u015b\u0107\u200b, ale ma\u0142o intensywny, czasami z szarpanym tempem.<br \/>\nZupe\u0142nie innym tematem jest jazda w g\u00f3rach i to jest wspania\u0142e.<\/p>\n<p><strong>Czy nowe do\u015bwiadczenia z Majorki wp\u0142yn\u0105 na Tw\u00f3j standardowy plan treningowy?<br \/>\n<\/strong><br \/>\nNowe do\u015bwiadczenia to jazda na tarczach w szosie. To jest dyskusyjny temat, jest wiele zalet jak i wad. To ciekawe do\u015bwiadczenia.\u00a0 Jazda w grupie z ludzi z kt\u00f3rymi\u200b wcze\u015bniej nie je\u017adzi\u0142em na hamulcach tarczowych, gdzie inni maj\u0105 hamulce szosowe klasyczne niesie troch\u0119 niebezpiecze\u0144stw. Si\u0142a hamowania jak i modulacja jest inna, du\u017co \u0142atwiej zablokowa\u0107 ko\u0142a przy minimalnym nacisku na d\u017awigni\u0119. Trzeba o tym ca\u0142y czas pami\u0119ta\u0107.<\/p>\n<p><strong>Co powiedzia\u0142by\u015b innym, \u017ceby zach\u0119ci\u0107 ich do udzia\u0142u w kolejnych konkursach?<\/strong><\/p>\n<p>Powiedzia\u0142 bym to wszystko co powy\u017cej i dodam jeszcze, \u017ce warto!<\/p>\n<p><strong>Dzi\u0119kujemy! <\/strong><\/p>\n<p>Ja r\u00f3wnie\u017c dzi\u0119kuj\u0119!<\/p>\n<p><iframe loading=\"lazy\" src=\"https:\/\/www.youtube-nocookie.com\/embed\/78QvfWy-QlU?ecver=1\" width=\"854\" height=\"480\" frameborder=\"0\" allowfullscreen=\"allowfullscreen\"><\/iframe><\/p>\n<p><a href=\"https:\/\/d2p6e6u75xmxt8.cloudfront.net\/5\/2017\/06\/DSC_7069.jpg\"><img loading=\"lazy\" decoding=\"async\" class=\"alignnone size-large wp-image-4144\" src=\"https:\/\/d2p6e6u75xmxt8.cloudfront.net\/5\/2017\/06\/DSC_7069-1024x683.jpg\" alt=\"\" width=\"1024\" height=\"683\" srcset=\"https:\/\/d2p6e6u75xmxt8.cloudfront.net\/5\/2017\/06\/DSC_7069-1024x683.jpg 1024w, https:\/\/d2p6e6u75xmxt8.cloudfront.net\/5\/2017\/06\/DSC_7069-300x200.jpg 300w, https:\/\/d2p6e6u75xmxt8.cloudfront.net\/5\/2017\/06\/DSC_7069-768x513.jpg 768w, https:\/\/d2p6e6u75xmxt8.cloudfront.net\/5\/2017\/06\/DSC_7069-272x182.jpg 272w\" sizes=\"auto, (max-width: 1024px) 100vw, 1024px\" \/><\/a><\/p>\n<p><a href=\"https:\/\/d2p6e6u75xmxt8.cloudfront.net\/5\/2017\/06\/DSC_7175.jpg\"><img loading=\"lazy\" decoding=\"async\" class=\"alignnone size-large wp-image-4145\" src=\"https:\/\/d2p6e6u75xmxt8.cloudfront.net\/5\/2017\/06\/DSC_7175-1024x683.jpg\" alt=\"\" width=\"1024\" height=\"683\" srcset=\"https:\/\/d2p6e6u75xmxt8.cloudfront.net\/5\/2017\/06\/DSC_7175-1024x683.jpg 1024w, https:\/\/d2p6e6u75xmxt8.cloudfront.net\/5\/2017\/06\/DSC_7175-300x200.jpg 300w, https:\/\/d2p6e6u75xmxt8.cloudfront.net\/5\/2017\/06\/DSC_7175-768x513.jpg 768w, https:\/\/d2p6e6u75xmxt8.cloudfront.net\/5\/2017\/06\/DSC_7175-272x182.jpg 272w\" sizes=\"auto, (max-width: 1024px) 100vw, 1024px\" \/><\/a><\/p>\n<p><a href=\"https:\/\/d2p6e6u75xmxt8.cloudfront.net\/5\/2017\/06\/DSC_7451.jpg\"><img loading=\"lazy\" decoding=\"async\" class=\"alignnone size-large wp-image-4147\" src=\"https:\/\/d2p6e6u75xmxt8.cloudfront.net\/5\/2017\/06\/DSC_7451-1024x683.jpg\" alt=\"\" width=\"1024\" height=\"683\" srcset=\"https:\/\/d2p6e6u75xmxt8.cloudfront.net\/5\/2017\/06\/DSC_7451-1024x683.jpg 1024w, https:\/\/d2p6e6u75xmxt8.cloudfront.net\/5\/2017\/06\/DSC_7451-300x200.jpg 300w, https:\/\/d2p6e6u75xmxt8.cloudfront.net\/5\/2017\/06\/DSC_7451-768x512.jpg 768w, https:\/\/d2p6e6u75xmxt8.cloudfront.net\/5\/2017\/06\/DSC_7451-272x182.jpg 272w\" sizes=\"auto, (max-width: 1024px) 100vw, 1024px\" \/><\/a><\/p>\n<p><a href=\"https:\/\/d2p6e6u75xmxt8.cloudfront.net\/5\/2017\/06\/DSC_7487.jpg\"><img loading=\"lazy\" decoding=\"async\" class=\"alignnone size-large wp-image-4148\" src=\"https:\/\/d2p6e6u75xmxt8.cloudfront.net\/5\/2017\/06\/DSC_7487-1024x683.jpg\" alt=\"\" width=\"1024\" height=\"683\" srcset=\"https:\/\/d2p6e6u75xmxt8.cloudfront.net\/5\/2017\/06\/DSC_7487-1024x683.jpg 1024w, https:\/\/d2p6e6u75xmxt8.cloudfront.net\/5\/2017\/06\/DSC_7487-300x200.jpg 300w, https:\/\/d2p6e6u75xmxt8.cloudfront.net\/5\/2017\/06\/DSC_7487-768x512.jpg 768w, https:\/\/d2p6e6u75xmxt8.cloudfront.net\/5\/2017\/06\/DSC_7487-272x182.jpg 272w\" sizes=\"auto, (max-width: 1024px) 100vw, 1024px\" \/><\/a><\/p>\n<p><a href=\"https:\/\/d2p6e6u75xmxt8.cloudfront.net\/5\/2017\/06\/DSC_7528.jpg\"><img loading=\"lazy\" decoding=\"async\" class=\"alignnone size-large wp-image-4146\" src=\"https:\/\/d2p6e6u75xmxt8.cloudfront.net\/5\/2017\/06\/DSC_7528-1024x683.jpg\" alt=\"\" width=\"1024\" height=\"683\" srcset=\"https:\/\/d2p6e6u75xmxt8.cloudfront.net\/5\/2017\/06\/DSC_7528-1024x683.jpg 1024w, https:\/\/d2p6e6u75xmxt8.cloudfront.net\/5\/2017\/06\/DSC_7528-300x200.jpg 300w, https:\/\/d2p6e6u75xmxt8.cloudfront.net\/5\/2017\/06\/DSC_7528-768x512.jpg 768w, https:\/\/d2p6e6u75xmxt8.cloudfront.net\/5\/2017\/06\/DSC_7528-272x182.jpg 272w\" sizes=\"auto, (max-width: 1024px) 100vw, 1024px\" \/><\/a><\/p>\n<p>(\u017ar\u00f3d\u0142o zdj\u0119\u0107: welovecycling.com)<\/p>\n","protected":false},"excerpt":{"rendered":"<p>Wyjazd na Majork\u0119 z prawdziw\u0105 legend\u0105 kolarstwa to nie lada gratka dla wszystkich fan\u00f3w dw\u00f3ch k\u00f3\u0142ek, ale tylko jednemu z [&hellip;]<\/p>\n","protected":false},"author":76,"featured_media":4143,"comment_status":"open","ping_status":"open","sticky":false,"template":"","format":"standard","meta":{"footnotes":""},"categories":[6],"tags":[113,153,155,154],"global-categories":[],"class_list":["post-4142","post","type-post","status-publish","format-standard","has-post-thumbnail","hentry","category-kolarstwo-szosowe","tag-majorka","tag-trening-ze-stephenem-roche","tag-wideo","tag-wywiad"],"yoast_head":"<!-- This site is optimized with the Yoast SEO Premium plugin v25.3 (Yoast SEO v25.9) - https:\/\/yoast.com\/wordpress\/plugins\/seo\/ -->\n<title>Gabriel Dobrowolski o treningu ze Stephenem Roche na Majorce - \u0160koda We Love Cycling - Poland<\/title>\n<meta name=\"robots\" content=\"index, follow, max-snippet:-1, max-image-preview:large, max-video-preview:-1\" \/>\n<link rel=\"canonical\" href=\"https:\/\/www.welovecycling.com\/pl\/2017\/06\/10\/gabriel-dobrowolski-o-treningu-ze-stephenem-roche-majorce\/\" \/>\n<meta property=\"og:locale\" content=\"pl_PL\" \/>\n<meta property=\"og:type\" content=\"article\" \/>\n<meta property=\"og:title\" content=\"Gabriel Dobrowolski o treningu ze Stephenem Roche na Majorce\" \/>\n<meta property=\"og:description\" content=\"Wyjazd na Majork\u0119 z prawdziw\u0105 legend\u0105 kolarstwa to nie lada gratka dla wszystkich fan\u00f3w dw\u00f3ch k\u00f3\u0142ek, ale tylko jednemu z [&hellip;]\" \/>\n<meta property=\"og:url\" content=\"https:\/\/www.welovecycling.com\/pl\/2017\/06\/10\/gabriel-dobrowolski-o-treningu-ze-stephenem-roche-majorce\/\" \/>\n<meta property=\"og:site_name\" content=\"\u0160koda We Love Cycling - Poland\" \/>\n<meta property=\"article:published_time\" content=\"2017-06-10T14:09:43+00:00\" \/>\n<meta property=\"og:image\" content=\"https:\/\/d2p6e6u75xmxt8.cloudfront.net\/5\/2017\/06\/DSC_8121-1024x683.jpg\" \/>\n\t<meta property=\"og:image:width\" content=\"1024\" \/>\n\t<meta property=\"og:image:height\" content=\"683\" \/>\n\t<meta property=\"og:image:type\" content=\"image\/jpeg\" \/>\n<meta name=\"author\" content=\"piotrboczkowski\" \/>\n<meta name=\"twitter:card\" content=\"summary_large_image\" \/>\n<meta name=\"twitter:label1\" content=\"Written by\" \/>\n\t<meta name=\"twitter:data1\" content=\"WeLoveCycling\" \/>\n\t<meta name=\"twitter:label2\" content=\"Est. reading time\" \/>\n\t<meta name=\"twitter:data2\" content=\"3 minutes\" \/>\n<script type=\"application\/ld+json\" class=\"yoast-schema-graph\">{\"@context\":\"https:\/\/schema.org\",\"@graph\":[{\"@type\":\"WebPage\",\"@id\":\"https:\/\/www.welovecycling.com\/pl\/2017\/06\/10\/gabriel-dobrowolski-o-treningu-ze-stephenem-roche-majorce\/\",\"url\":\"https:\/\/www.welovecycling.com\/pl\/2017\/06\/10\/gabriel-dobrowolski-o-treningu-ze-stephenem-roche-majorce\/\",\"name\":\"Gabriel Dobrowolski o treningu ze Stephenem Roche na Majorce - \u0160koda We Love Cycling - Poland\",\"isPartOf\":{\"@id\":\"https:\/\/www.welovecycling.com\/pl\/#website\"},\"primaryImageOfPage\":{\"@id\":\"https:\/\/www.welovecycling.com\/pl\/2017\/06\/10\/gabriel-dobrowolski-o-treningu-ze-stephenem-roche-majorce\/#primaryimage\"},\"image\":{\"@id\":\"https:\/\/www.welovecycling.com\/pl\/2017\/06\/10\/gabriel-dobrowolski-o-treningu-ze-stephenem-roche-majorce\/#primaryimage\"},\"thumbnailUrl\":\"https:\/\/d2p6e6u75xmxt8.cloudfront.net\/5\/2017\/06\/DSC_8121.jpg\",\"datePublished\":\"2017-06-10T14:09:43+00:00\",\"author\":{\"@id\":\"https:\/\/www.welovecycling.com\/pl\/#\/schema\/person\/0dba2d39da943db9df3fd8f4687e7f23\"},\"breadcrumb\":{\"@id\":\"https:\/\/www.welovecycling.com\/pl\/2017\/06\/10\/gabriel-dobrowolski-o-treningu-ze-stephenem-roche-majorce\/#breadcrumb\"},\"inLanguage\":\"pl-PL\",\"potentialAction\":[{\"@type\":\"ReadAction\",\"target\":[\"https:\/\/www.welovecycling.com\/pl\/2017\/06\/10\/gabriel-dobrowolski-o-treningu-ze-stephenem-roche-majorce\/\"]}]},{\"@type\":\"ImageObject\",\"inLanguage\":\"pl-PL\",\"@id\":\"https:\/\/www.welovecycling.com\/pl\/2017\/06\/10\/gabriel-dobrowolski-o-treningu-ze-stephenem-roche-majorce\/#primaryimage\",\"url\":\"https:\/\/d2p6e6u75xmxt8.cloudfront.net\/5\/2017\/06\/DSC_8121.jpg\",\"contentUrl\":\"https:\/\/d2p6e6u75xmxt8.cloudfront.net\/5\/2017\/06\/DSC_8121.jpg\",\"width\":6921,\"height\":4614},{\"@type\":\"BreadcrumbList\",\"@id\":\"https:\/\/www.welovecycling.com\/pl\/2017\/06\/10\/gabriel-dobrowolski-o-treningu-ze-stephenem-roche-majorce\/#breadcrumb\",\"itemListElement\":[{\"@type\":\"ListItem\",\"position\":1,\"name\":\"Home\",\"item\":\"https:\/\/www.welovecycling.com\/pl\/\"},{\"@type\":\"ListItem\",\"position\":2,\"name\":\"Gabriel Dobrowolski o treningu ze Stephenem Roche na Majorce\"}]},{\"@type\":\"WebSite\",\"@id\":\"https:\/\/www.welovecycling.com\/pl\/#website\",\"url\":\"https:\/\/www.welovecycling.com\/pl\/\",\"name\":\"\u0160koda We Love Cycling - Poland\",\"description\":\"\",\"potentialAction\":[{\"@type\":\"SearchAction\",\"target\":{\"@type\":\"EntryPoint\",\"urlTemplate\":\"https:\/\/www.welovecycling.com\/pl\/?s={search_term_string}\"},\"query-input\":{\"@type\":\"PropertyValueSpecification\",\"valueRequired\":true,\"valueName\":\"search_term_string\"}}],\"inLanguage\":\"pl-PL\"},{\"@type\":\"Person\",\"@id\":\"https:\/\/www.welovecycling.com\/pl\/#\/schema\/person\/0dba2d39da943db9df3fd8f4687e7f23\",\"name\":\"piotrboczkowski\",\"image\":{\"@type\":\"ImageObject\",\"inLanguage\":\"pl-PL\",\"@id\":\"https:\/\/www.welovecycling.com\/pl\/#\/schema\/person\/image\/\",\"url\":\"https:\/\/secure.gravatar.com\/avatar\/533caccae14752e03a2ce2d3fd62d1b98b93e1393c3195c27819e53344ca1ace?s=96&d=mm&r=g\",\"contentUrl\":\"https:\/\/secure.gravatar.com\/avatar\/533caccae14752e03a2ce2d3fd62d1b98b93e1393c3195c27819e53344ca1ace?s=96&d=mm&r=g\",\"caption\":\"piotrboczkowski\"},\"url\":\"https:\/\/www.welovecycling.com\/pl\/author\/piotrboczkowski\/\"}]}<\/script>\n<!-- \/ Yoast SEO Premium plugin. -->","yoast_head_json":{"title":"Gabriel Dobrowolski o treningu ze Stephenem Roche na Majorce - \u0160koda We Love Cycling - Poland","robots":{"index":"index","follow":"follow","max-snippet":"max-snippet:-1","max-image-preview":"max-image-preview:large","max-video-preview":"max-video-preview:-1"},"canonical":"https:\/\/www.welovecycling.com\/pl\/2017\/06\/10\/gabriel-dobrowolski-o-treningu-ze-stephenem-roche-majorce\/","og_locale":"pl_PL","og_type":"article","og_title":"Gabriel Dobrowolski o treningu ze Stephenem Roche na Majorce","og_description":"Wyjazd na Majork\u0119 z prawdziw\u0105 legend\u0105 kolarstwa to nie lada gratka dla wszystkich fan\u00f3w dw\u00f3ch k\u00f3\u0142ek, ale tylko jednemu z [&hellip;]","og_url":"https:\/\/www.welovecycling.com\/pl\/2017\/06\/10\/gabriel-dobrowolski-o-treningu-ze-stephenem-roche-majorce\/","og_site_name":"\u0160koda We Love Cycling - Poland","article_published_time":"2017-06-10T14:09:43+00:00","og_image":[{"width":1024,"height":683,"url":"https:\/\/d2p6e6u75xmxt8.cloudfront.net\/5\/2017\/06\/DSC_8121-1024x683.jpg","type":"image\/jpeg"}],"author":"piotrboczkowski","twitter_card":"summary_large_image","twitter_misc":{"Written by":"WeLoveCycling","Est. reading time":"3 minutes"},"schema":{"@context":"https:\/\/schema.org","@graph":[{"@type":"WebPage","@id":"https:\/\/www.welovecycling.com\/pl\/2017\/06\/10\/gabriel-dobrowolski-o-treningu-ze-stephenem-roche-majorce\/","url":"https:\/\/www.welovecycling.com\/pl\/2017\/06\/10\/gabriel-dobrowolski-o-treningu-ze-stephenem-roche-majorce\/","name":"Gabriel Dobrowolski o treningu ze Stephenem Roche na Majorce - \u0160koda We Love Cycling - Poland","isPartOf":{"@id":"https:\/\/www.welovecycling.com\/pl\/#website"},"primaryImageOfPage":{"@id":"https:\/\/www.welovecycling.com\/pl\/2017\/06\/10\/gabriel-dobrowolski-o-treningu-ze-stephenem-roche-majorce\/#primaryimage"},"image":{"@id":"https:\/\/www.welovecycling.com\/pl\/2017\/06\/10\/gabriel-dobrowolski-o-treningu-ze-stephenem-roche-majorce\/#primaryimage"},"thumbnailUrl":"https:\/\/d2p6e6u75xmxt8.cloudfront.net\/5\/2017\/06\/DSC_8121.jpg","datePublished":"2017-06-10T14:09:43+00:00","author":{"@id":"https:\/\/www.welovecycling.com\/pl\/#\/schema\/person\/0dba2d39da943db9df3fd8f4687e7f23"},"breadcrumb":{"@id":"https:\/\/www.welovecycling.com\/pl\/2017\/06\/10\/gabriel-dobrowolski-o-treningu-ze-stephenem-roche-majorce\/#breadcrumb"},"inLanguage":"pl-PL","potentialAction":[{"@type":"ReadAction","target":["https:\/\/www.welovecycling.com\/pl\/2017\/06\/10\/gabriel-dobrowolski-o-treningu-ze-stephenem-roche-majorce\/"]}]},{"@type":"ImageObject","inLanguage":"pl-PL","@id":"https:\/\/www.welovecycling.com\/pl\/2017\/06\/10\/gabriel-dobrowolski-o-treningu-ze-stephenem-roche-majorce\/#primaryimage","url":"https:\/\/d2p6e6u75xmxt8.cloudfront.net\/5\/2017\/06\/DSC_8121.jpg","contentUrl":"https:\/\/d2p6e6u75xmxt8.cloudfront.net\/5\/2017\/06\/DSC_8121.jpg","width":6921,"height":4614},{"@type":"BreadcrumbList","@id":"https:\/\/www.welovecycling.com\/pl\/2017\/06\/10\/gabriel-dobrowolski-o-treningu-ze-stephenem-roche-majorce\/#breadcrumb","itemListElement":[{"@type":"ListItem","position":1,"name":"Home","item":"https:\/\/www.welovecycling.com\/pl\/"},{"@type":"ListItem","position":2,"name":"Gabriel Dobrowolski o treningu ze Stephenem Roche na Majorce"}]},{"@type":"WebSite","@id":"https:\/\/www.welovecycling.com\/pl\/#website","url":"https:\/\/www.welovecycling.com\/pl\/","name":"\u0160koda We Love Cycling - Poland","description":"","potentialAction":[{"@type":"SearchAction","target":{"@type":"EntryPoint","urlTemplate":"https:\/\/www.welovecycling.com\/pl\/?s={search_term_string}"},"query-input":{"@type":"PropertyValueSpecification","valueRequired":true,"valueName":"search_term_string"}}],"inLanguage":"pl-PL"},{"@type":"Person","@id":"https:\/\/www.welovecycling.com\/pl\/#\/schema\/person\/0dba2d39da943db9df3fd8f4687e7f23","name":"piotrboczkowski","image":{"@type":"ImageObject","inLanguage":"pl-PL","@id":"https:\/\/www.welovecycling.com\/pl\/#\/schema\/person\/image\/","url":"https:\/\/secure.gravatar.com\/avatar\/533caccae14752e03a2ce2d3fd62d1b98b93e1393c3195c27819e53344ca1ace?s=96&d=mm&r=g","contentUrl":"https:\/\/secure.gravatar.com\/avatar\/533caccae14752e03a2ce2d3fd62d1b98b93e1393c3195c27819e53344ca1ace?s=96&d=mm&r=g","caption":"piotrboczkowski"},"url":"https:\/\/www.welovecycling.com\/pl\/author\/piotrboczkowski\/"}]}},"_links":{"self":[{"href":"https:\/\/www.welovecycling.com\/pl\/wp-json\/wp\/v2\/posts\/4142","targetHints":{"allow":["GET"]}}],"collection":[{"href":"https:\/\/www.welovecycling.com\/pl\/wp-json\/wp\/v2\/posts"}],"about":[{"href":"https:\/\/www.welovecycling.com\/pl\/wp-json\/wp\/v2\/types\/post"}],"author":[{"embeddable":true,"href":"https:\/\/www.welovecycling.com\/pl\/wp-json\/wp\/v2\/users\/76"}],"replies":[{"embeddable":true,"href":"https:\/\/www.welovecycling.com\/pl\/wp-json\/wp\/v2\/comments?post=4142"}],"version-history":[{"count":1,"href":"https:\/\/www.welovecycling.com\/pl\/wp-json\/wp\/v2\/posts\/4142\/revisions"}],"predecessor-version":[{"id":4149,"href":"https:\/\/www.welovecycling.com\/pl\/wp-json\/wp\/v2\/posts\/4142\/revisions\/4149"}],"wp:featuredmedia":[{"embeddable":true,"href":"https:\/\/www.welovecycling.com\/pl\/wp-json\/wp\/v2\/media\/4143"}],"wp:attachment":[{"href":"https:\/\/www.welovecycling.com\/pl\/wp-json\/wp\/v2\/media?parent=4142"}],"wp:term":[{"taxonomy":"category","embeddable":true,"href":"https:\/\/www.welovecycling.com\/pl\/wp-json\/wp\/v2\/categories?post=4142"},{"taxonomy":"post_tag","embeddable":true,"href":"https:\/\/www.welovecycling.com\/pl\/wp-json\/wp\/v2\/tags?post=4142"},{"taxonomy":"global-categories","embeddable":true,"href":"https:\/\/www.welovecycling.com\/pl\/wp-json\/wp\/v2\/global-categories?post=4142"}],"curies":[{"name":"wp","href":"https:\/\/api.w.org\/{rel}","templated":true}]}}