{"id":3910,"date":"2017-06-01T09:21:57","date_gmt":"2017-06-01T09:21:57","guid":{"rendered":"https:\/\/www.welovecycling.com\/pl\/?p=3910"},"modified":"2017-06-01T09:30:10","modified_gmt":"2017-06-01T09:30:10","slug":"inspirujace-kobiety-kolarskiego-swiata","status":"publish","type":"post","link":"https:\/\/www.welovecycling.com\/pl\/2017\/06\/01\/inspirujace-kobiety-kolarskiego-swiata\/","title":{"rendered":"Inspiruj\u0105ce kobiety kolarskiego \u015bwiata"},"content":{"rendered":"<p><span style=\"font-weight: 400;\">Jazda na rowerze zyskuje na popularno\u015bci jako sport, nie tylko ze wzgl\u0119du na korzy\u015bci zwi\u0105zane z kondycj\u0105 fizyczn\u0105, ale r\u00f3wnie\u017c zdrowiem psychicznym i zdolno\u015bci\u0105 pokonywania barier spo\u0142ecznych i mi\u0119dzynarodowych w taki spos\u00f3b, w jaki umo\u017cliwia to tylko sport. Oto pi\u0119\u0107 inspiruj\u0105cych kobiet ze \u015bwiata kolarstwa w najlepszym wydaniu, na cze\u015b\u0107 kt\u00f3rych \u015bwi\u0119tujemy w tym roku.<\/span><\/p>\n<p><strong>Claire Lomas<\/strong><\/p>\n<p><span style=\"font-weight: 400;\">Po raz pierwszy zas\u0142yn\u0119\u0142a po tym, gdy w 2012 r. przesz\u0142a maraton w Londynie w stroju robota, pi\u0119\u0107 lat po wypadku na koniu, po kt\u00f3rym zosta\u0142a sparali\u017cowana od klatki piersiowej w d\u00f3\u0142. Od tego czasu Claire Lomas przejecha\u0142a na rowerze wok\u00f3\u0142 Wielkiej Brytanii, nauczy\u0142a si\u0119 jazdy na nartach, wysz\u0142a za m\u0105\u017c i urodzi\u0142a dwoje dzieci. Pierwsza trasa pokonana pieszo zaj\u0119\u0142a jej 17 dni i od tego momentu Claire osi\u0105ga\u0142a nowe szczyty, podda\u0142a si\u0119 r\u00f3\u017cnym pr\u00f3bom fizycznym, zdobywa\u0142a fundusze na badania nad urazami kr\u0119gos\u0142upa i zainspirowa\u0142a ludzi na ca\u0142ym \u015bwiecie, opowiadaj\u0105c swoj\u0105 histori\u0119. Okre\u015blenie \u201esuperwoman\u201d jest nietrafione w przypadku Claire, a gdy wsiad\u0142a na rower z elektronicznymi nak\u0142adkami na nogi, aby m\u00f3c nimi porusza\u0107, nada\u0142a nowe znaczenie terminowi \u201einspiracja\u201d.<\/span><\/p>\n<figure id=\"attachment_3911\" aria-describedby=\"caption-attachment-3911\" style=\"width: 1024px\" class=\"wp-caption alignnone\"><a href=\"https:\/\/d2p6e6u75xmxt8.cloudfront.net\/5\/2017\/06\/profimedia-0282189782.jpg\"><img loading=\"lazy\" decoding=\"async\" class=\"size-large wp-image-3911\" src=\"https:\/\/d2p6e6u75xmxt8.cloudfront.net\/5\/2017\/06\/profimedia-0282189782-1024x682.jpg\" alt=\"\" width=\"1024\" height=\"682\" srcset=\"https:\/\/d2p6e6u75xmxt8.cloudfront.net\/5\/2017\/06\/profimedia-0282189782-1024x682.jpg 1024w, https:\/\/d2p6e6u75xmxt8.cloudfront.net\/5\/2017\/06\/profimedia-0282189782-300x200.jpg 300w, https:\/\/d2p6e6u75xmxt8.cloudfront.net\/5\/2017\/06\/profimedia-0282189782-768x512.jpg 768w, https:\/\/d2p6e6u75xmxt8.cloudfront.net\/5\/2017\/06\/profimedia-0282189782-272x182.jpg 272w, https:\/\/d2p6e6u75xmxt8.cloudfront.net\/5\/2017\/06\/profimedia-0282189782.jpg 1800w\" sizes=\"auto, (max-width: 1024px) 100vw, 1024px\" \/><\/a><figcaption id=\"caption-attachment-3911\" class=\"wp-caption-text\">W 2012 r. Claire z powodzeniem uko\u0144czy\u0142a maraton w Londynie, id\u0105c w stroju robota przez 17 dni, czyli pokonuj\u0105c 2,25 mili dziennie.<\/figcaption><\/figure>\n<p>&nbsp;<\/p>\n<p><strong>Joanna Rowsell Shand, Cz\u0142onek Orderu Imperium Brytyjskiego (MBE)<\/strong><\/p>\n<p><span style=\"font-weight: 400;\">Zaistnia\u0142a w \u015bwiadomo\u015bci publicznej podczas Igrzysk Olimpijskich w 2012 r. jako cz\u0142onek ekipy brytyjskiej, zdoby\u0142a z\u0142oty medal w wy\u015bcigu dru\u017cynowym kobiet na torze, kt\u00f3ry doda\u0142a do swojej kolekcji mi\u0119dzynarodowych tytu\u0142\u00f3w, a w finale ustanowi\u0142a tak\u017ce nowy rekord \u015bwiata. W tym czasie Rowsell sta\u0142a si\u0119 te\u017c znana z \u0142ysienia i podnoszenia \u015bwiadomo\u015bci publicznej, szczeg\u00f3lnie w\u015br\u00f3d kobiet cierpi\u0105cych na zaburzenia autoimmunologiczne. Znana obecnie ze swoich motywacyjnych wypowiedzi oraz sukces\u00f3w kolarskich otrzymuje koron\u0119 nie tylko jako sportowiec klasy \u015bwiatowej, ale najwidoczniej tak\u017ce naprawd\u0119 cudowna i inspiruj\u0105cej na wielu poziomach osoba.<\/span><\/p>\n<p><a href=\"https:\/\/d2p6e6u75xmxt8.cloudfront.net\/5\/2017\/06\/Image_Joanna_Rowsell_GMC_3.jpg\"><img loading=\"lazy\" decoding=\"async\" class=\"alignnone size-large wp-image-3912\" src=\"https:\/\/d2p6e6u75xmxt8.cloudfront.net\/5\/2017\/06\/Image_Joanna_Rowsell_GMC_3-1024x682.jpg\" alt=\"\" width=\"1024\" height=\"682\" srcset=\"https:\/\/d2p6e6u75xmxt8.cloudfront.net\/5\/2017\/06\/Image_Joanna_Rowsell_GMC_3-1024x682.jpg 1024w, https:\/\/d2p6e6u75xmxt8.cloudfront.net\/5\/2017\/06\/Image_Joanna_Rowsell_GMC_3-300x200.jpg 300w, https:\/\/d2p6e6u75xmxt8.cloudfront.net\/5\/2017\/06\/Image_Joanna_Rowsell_GMC_3-768x512.jpg 768w, https:\/\/d2p6e6u75xmxt8.cloudfront.net\/5\/2017\/06\/Image_Joanna_Rowsell_GMC_3-272x182.jpg 272w, https:\/\/d2p6e6u75xmxt8.cloudfront.net\/5\/2017\/06\/Image_Joanna_Rowsell_GMC_3.jpg 2000w\" sizes=\"auto, (max-width: 1024px) 100vw, 1024px\" \/><\/a><\/p>\n<p><strong>Krista Henderson<\/strong><\/p>\n<p><span style=\"font-weight: 400;\">Krista Henderson, kobieta plus size, zosta\u0142a zainspirowana przez w\u0142asnego instruktora fitness, aby \u201e\u0107wiczy\u0107 jak sportowiec\u201d zamiast skupia\u0107 si\u0119 na diecie. Jest za\u0142o\u017cycielk\u0105 Born to Reign Athletics, kt\u00f3re dostarcza informacje, narz\u0119dzia i zasoby przeznaczone do motywowania, edukowania i wys\u0142awiania sportowc\u00f3w plus size. Pi\u0119ciokrotnie nagradzana sportsmenka plus size w triatlonie i wio\u015blarstwie halowym walczy z uprzedzeniami w postrzeganiu fitness na ca\u0142ym \u015bwiecie poprzez zaj\u0119cia z \u0107wiczeniami na kr\u0119gos\u0142up i doradzanie ludziom, by \u201enie skupiali si\u0119 na odchudzaniu, ale na tym, co to oznacza, by stawa\u0107 si\u0119 silniejszym i bardziej sprawnym\u201d.<\/span><\/p>\n<p>https:\/\/www.instagram.com\/p\/BPAwkT8hxqe\/<\/p>\n<p><strong>Evelyn Stevens<\/strong><\/p>\n<p><span style=\"font-weight: 400;\">Czy chcia\u0142e\u015b kiedy\u015b porzuci\u0107 prac\u0119 za biurkiem, aby zaj\u0105c si\u0119 karier\u0105 zawodowego sportowca? Evelyn Stevens dok\u0142adnie tak zrobi\u0142a! Rozwijaj\u0105c karier\u0119 inwestora na Wall Street, Evelyn kupi\u0142a sw\u00f3j pierwszy rower w 2008 r., a rok p\u00f3\u017aniej zrezygnowa\u0142a z pracy, wystartowa\u0142a w Mistrzostwach \u015awiata i podpisa\u0142a kontrakt z zawodowym teamem Specialized Lululemon. Wzi\u0119\u0142a udzia\u0142 w Igrzyskach Olimpijskich w 2012 r. w wy\u015bcigu drogowym kobiet, ko\u0144cz\u0105c na 24. miejscu, ustanowi\u0142a obecny rekord godzinny UCI kobiet w Centrum Szkole\u0144 Olimpijskich Velodrome w Kolorado i jest jedn\u0105 z dw\u00f3ch kobiet, kt\u00f3re zdoby\u0142y cztery z\u0142ote medale w je\u017adzie dru\u017cynowej na czas kobiet na Mistrzostwach \u015awiata UCI Road.<\/span><\/p>\n<h5><a href=\"https:\/\/d2p6e6u75xmxt8.cloudfront.net\/5\/2017\/06\/profimedia-0296656319-1024x681.jpg\"><img loading=\"lazy\" decoding=\"async\" class=\"alignnone size-large wp-image-3913\" src=\"https:\/\/d2p6e6u75xmxt8.cloudfront.net\/5\/2017\/06\/profimedia-0296656319-1024x681-1024x681.jpg\" alt=\"\" width=\"1024\" height=\"681\" srcset=\"https:\/\/d2p6e6u75xmxt8.cloudfront.net\/5\/2017\/06\/profimedia-0296656319-1024x681.jpg 1024w, https:\/\/d2p6e6u75xmxt8.cloudfront.net\/5\/2017\/06\/profimedia-0296656319-1024x681-300x200.jpg 300w, https:\/\/d2p6e6u75xmxt8.cloudfront.net\/5\/2017\/06\/profimedia-0296656319-1024x681-768x511.jpg 768w, https:\/\/d2p6e6u75xmxt8.cloudfront.net\/5\/2017\/06\/profimedia-0296656319-1024x681-272x182.jpg 272w\" sizes=\"auto, (max-width: 1024px) 100vw, 1024px\" \/><\/a><span style=\"font-weight: 400;\">Evelyn Stevens walczy w je\u017adzie dru\u017cynowej podczas Igrzysk Olimpijskich w Rio w 2016 roku.<\/span><\/h5>\n<p><strong>Jeanne D\u2019Arc Girubuntu<\/strong><\/p>\n<p><span style=\"font-weight: 400;\">Trzeba mie\u0107 odwag\u0119, by by\u0107 innym, a Jeanne D\u2019Arc Girubuntu, pierwsza kolarka rekordzistka z Rwandy, ma jej du\u017co. Rwanda sta\u0142a si\u0119 jednym z najwa\u017cniejszych kraj\u00f3w afryka\u0144skich w kolarstwie, kiedy\u00a0dru\u017cyna narodowa zosta\u0142a stworzona przez zawodnik\u00f3w, kt\u00f3rzy prze\u017cyli ludob\u00f3jstwo, ale i tak\u017ce \u00a0dzi\u0119ki \u017ce\u0144skiemu kolarstwu, kt\u00f3re potrzebowa\u0142o troch\u0119 czasu, aby nadrobi\u0107 zaleg\u0142o\u015bci. Potem w 2015 r. by\u0142a pierwsz\u0105 czarnosk\u00f3r\u0105 afryka\u0144sk\u0105 sportsmenk\u0105, kt\u00f3ra startowa\u0142a w Mistrzostwach \u015awiata, a w 2016 r. jako 20-latka zaj\u0119\u0142a drugie miejsce w je\u017adzie indywidualnej podczas Mistrzostw Afryki Kontynentalnej. To osoba inspiruj\u0105ca swoje pokolenie i nazywana \u201enajszybsz\u0105 kobiet\u0105 w Afryce\u201d, by\u0107 mo\u017ce w\u0142a\u015bnie dlatego, \u017ce jej imi\u0119 pochodzi od imienia historycznej wojowniczki, Joanny d\u2019Arc.<\/span><\/p>\n<p><a href=\"https:\/\/d2p6e6u75xmxt8.cloudfront.net\/5\/2017\/06\/20155185_282797_670.jpg\"><img loading=\"lazy\" decoding=\"async\" class=\"alignnone size-full wp-image-3914\" src=\"https:\/\/d2p6e6u75xmxt8.cloudfront.net\/5\/2017\/06\/20155185_282797_670.jpg\" alt=\"\" width=\"670\" height=\"444\" srcset=\"https:\/\/d2p6e6u75xmxt8.cloudfront.net\/5\/2017\/06\/20155185_282797_670.jpg 670w, https:\/\/d2p6e6u75xmxt8.cloudfront.net\/5\/2017\/06\/20155185_282797_670-300x199.jpg 300w\" sizes=\"auto, (max-width: 670px) 100vw, 670px\" \/><\/a><\/p>\n<p>(\u017ar\u00f3d\u0142o zdj\u0119\u0107: welovecycling.com)<\/p>\n","protected":false},"excerpt":{"rendered":"<p>Jazda na rowerze zyskuje na popularno\u015bci jako sport, nie tylko ze wzgl\u0119du na korzy\u015bci zwi\u0105zane z kondycj\u0105 fizyczn\u0105, ale r\u00f3wnie\u017c [&hellip;]<\/p>\n","protected":false},"author":76,"featured_media":3915,"comment_status":"open","ping_status":"open","sticky":false,"template":"","format":"standard","meta":{"footnotes":""},"categories":[1],"tags":[149],"global-categories":[],"class_list":["post-3910","post","type-post","status-publish","format-standard","has-post-thumbnail","hentry","category-uncategorized","tag-kobiety-swiata-kolarstwa"],"yoast_head":"<!-- This site is optimized with the Yoast SEO Premium plugin v25.3 (Yoast SEO v25.9) - https:\/\/yoast.com\/wordpress\/plugins\/seo\/ -->\n<title>Inspiruj\u0105ce kobiety kolarskiego \u015bwiata - \u0160koda We Love Cycling - Poland<\/title>\n<meta name=\"robots\" content=\"index, follow, max-snippet:-1, max-image-preview:large, max-video-preview:-1\" \/>\n<link rel=\"canonical\" href=\"https:\/\/www.welovecycling.com\/pl\/2017\/06\/01\/inspirujace-kobiety-kolarskiego-swiata\/\" \/>\n<meta property=\"og:locale\" content=\"pl_PL\" \/>\n<meta property=\"og:type\" content=\"article\" \/>\n<meta property=\"og:title\" content=\"Inspiruj\u0105ce kobiety kolarskiego \u015bwiata\" \/>\n<meta property=\"og:description\" content=\"Jazda na rowerze zyskuje na popularno\u015bci jako sport, nie tylko ze wzgl\u0119du na korzy\u015bci zwi\u0105zane z kondycj\u0105 fizyczn\u0105, ale r\u00f3wnie\u017c [&hellip;]\" \/>\n<meta property=\"og:url\" content=\"https:\/\/www.welovecycling.com\/pl\/2017\/06\/01\/inspirujace-kobiety-kolarskiego-swiata\/\" \/>\n<meta property=\"og:site_name\" content=\"\u0160koda We Love Cycling - Poland\" \/>\n<meta property=\"article:published_time\" content=\"2017-06-01T09:21:57+00:00\" \/>\n<meta property=\"article:modified_time\" content=\"2017-06-01T09:30:10+00:00\" \/>\n<meta property=\"og:image\" content=\"https:\/\/d2p6e6u75xmxt8.cloudfront.net\/5\/2017\/06\/445874_47487454.jpg\" \/>\n\t<meta property=\"og:image:width\" content=\"1375\" \/>\n\t<meta property=\"og:image:height\" content=\"600\" \/>\n\t<meta property=\"og:image:type\" content=\"image\/jpeg\" \/>\n<meta name=\"author\" content=\"piotrboczkowski\" \/>\n<meta name=\"twitter:card\" content=\"summary_large_image\" \/>\n<meta name=\"twitter:label1\" content=\"Written by\" \/>\n\t<meta name=\"twitter:data1\" content=\"Bonnie Friend\" \/>\n\t<meta name=\"twitter:label2\" content=\"Est. reading time\" \/>\n\t<meta name=\"twitter:data2\" content=\"4 minutes\" \/>\n<script type=\"application\/ld+json\" class=\"yoast-schema-graph\">{\"@context\":\"https:\/\/schema.org\",\"@graph\":[{\"@type\":\"WebPage\",\"@id\":\"https:\/\/www.welovecycling.com\/pl\/2017\/06\/01\/inspirujace-kobiety-kolarskiego-swiata\/\",\"url\":\"https:\/\/www.welovecycling.com\/pl\/2017\/06\/01\/inspirujace-kobiety-kolarskiego-swiata\/\",\"name\":\"Inspiruj\u0105ce kobiety kolarskiego \u015bwiata - \u0160koda We Love Cycling - Poland\",\"isPartOf\":{\"@id\":\"https:\/\/www.welovecycling.com\/pl\/#website\"},\"primaryImageOfPage\":{\"@id\":\"https:\/\/www.welovecycling.com\/pl\/2017\/06\/01\/inspirujace-kobiety-kolarskiego-swiata\/#primaryimage\"},\"image\":{\"@id\":\"https:\/\/www.welovecycling.com\/pl\/2017\/06\/01\/inspirujace-kobiety-kolarskiego-swiata\/#primaryimage\"},\"thumbnailUrl\":\"https:\/\/d2p6e6u75xmxt8.cloudfront.net\/5\/2017\/06\/445874_47487454.jpg\",\"datePublished\":\"2017-06-01T09:21:57+00:00\",\"dateModified\":\"2017-06-01T09:30:10+00:00\",\"author\":{\"@id\":\"https:\/\/www.welovecycling.com\/pl\/#\/schema\/person\/0dba2d39da943db9df3fd8f4687e7f23\"},\"breadcrumb\":{\"@id\":\"https:\/\/www.welovecycling.com\/pl\/2017\/06\/01\/inspirujace-kobiety-kolarskiego-swiata\/#breadcrumb\"},\"inLanguage\":\"pl-PL\",\"potentialAction\":[{\"@type\":\"ReadAction\",\"target\":[\"https:\/\/www.welovecycling.com\/pl\/2017\/06\/01\/inspirujace-kobiety-kolarskiego-swiata\/\"]}]},{\"@type\":\"ImageObject\",\"inLanguage\":\"pl-PL\",\"@id\":\"https:\/\/www.welovecycling.com\/pl\/2017\/06\/01\/inspirujace-kobiety-kolarskiego-swiata\/#primaryimage\",\"url\":\"https:\/\/d2p6e6u75xmxt8.cloudfront.net\/5\/2017\/06\/445874_47487454.jpg\",\"contentUrl\":\"https:\/\/d2p6e6u75xmxt8.cloudfront.net\/5\/2017\/06\/445874_47487454.jpg\",\"width\":1375,\"height\":600},{\"@type\":\"BreadcrumbList\",\"@id\":\"https:\/\/www.welovecycling.com\/pl\/2017\/06\/01\/inspirujace-kobiety-kolarskiego-swiata\/#breadcrumb\",\"itemListElement\":[{\"@type\":\"ListItem\",\"position\":1,\"name\":\"Home\",\"item\":\"https:\/\/www.welovecycling.com\/pl\/\"},{\"@type\":\"ListItem\",\"position\":2,\"name\":\"Inspiruj\u0105ce kobiety kolarskiego \u015bwiata\"}]},{\"@type\":\"WebSite\",\"@id\":\"https:\/\/www.welovecycling.com\/pl\/#website\",\"url\":\"https:\/\/www.welovecycling.com\/pl\/\",\"name\":\"\u0160koda We Love Cycling - Poland\",\"description\":\"\",\"potentialAction\":[{\"@type\":\"SearchAction\",\"target\":{\"@type\":\"EntryPoint\",\"urlTemplate\":\"https:\/\/www.welovecycling.com\/pl\/?s={search_term_string}\"},\"query-input\":{\"@type\":\"PropertyValueSpecification\",\"valueRequired\":true,\"valueName\":\"search_term_string\"}}],\"inLanguage\":\"pl-PL\"},{\"@type\":\"Person\",\"@id\":\"https:\/\/www.welovecycling.com\/pl\/#\/schema\/person\/0dba2d39da943db9df3fd8f4687e7f23\",\"name\":\"piotrboczkowski\",\"image\":{\"@type\":\"ImageObject\",\"inLanguage\":\"pl-PL\",\"@id\":\"https:\/\/www.welovecycling.com\/pl\/#\/schema\/person\/image\/\",\"url\":\"https:\/\/secure.gravatar.com\/avatar\/533caccae14752e03a2ce2d3fd62d1b98b93e1393c3195c27819e53344ca1ace?s=96&d=mm&r=g\",\"contentUrl\":\"https:\/\/secure.gravatar.com\/avatar\/533caccae14752e03a2ce2d3fd62d1b98b93e1393c3195c27819e53344ca1ace?s=96&d=mm&r=g\",\"caption\":\"piotrboczkowski\"},\"url\":\"https:\/\/www.welovecycling.com\/pl\/author\/piotrboczkowski\/\"}]}<\/script>\n<!-- \/ Yoast SEO Premium plugin. -->","yoast_head_json":{"title":"Inspiruj\u0105ce kobiety kolarskiego \u015bwiata - \u0160koda We Love Cycling - Poland","robots":{"index":"index","follow":"follow","max-snippet":"max-snippet:-1","max-image-preview":"max-image-preview:large","max-video-preview":"max-video-preview:-1"},"canonical":"https:\/\/www.welovecycling.com\/pl\/2017\/06\/01\/inspirujace-kobiety-kolarskiego-swiata\/","og_locale":"pl_PL","og_type":"article","og_title":"Inspiruj\u0105ce kobiety kolarskiego \u015bwiata","og_description":"Jazda na rowerze zyskuje na popularno\u015bci jako sport, nie tylko ze wzgl\u0119du na korzy\u015bci zwi\u0105zane z kondycj\u0105 fizyczn\u0105, ale r\u00f3wnie\u017c [&hellip;]","og_url":"https:\/\/www.welovecycling.com\/pl\/2017\/06\/01\/inspirujace-kobiety-kolarskiego-swiata\/","og_site_name":"\u0160koda We Love Cycling - Poland","article_published_time":"2017-06-01T09:21:57+00:00","article_modified_time":"2017-06-01T09:30:10+00:00","og_image":[{"width":1375,"height":600,"url":"https:\/\/d2p6e6u75xmxt8.cloudfront.net\/5\/2017\/06\/445874_47487454.jpg","type":"image\/jpeg"}],"author":"piotrboczkowski","twitter_card":"summary_large_image","twitter_misc":{"Written by":"Bonnie Friend","Est. reading time":"4 minutes"},"schema":{"@context":"https:\/\/schema.org","@graph":[{"@type":"WebPage","@id":"https:\/\/www.welovecycling.com\/pl\/2017\/06\/01\/inspirujace-kobiety-kolarskiego-swiata\/","url":"https:\/\/www.welovecycling.com\/pl\/2017\/06\/01\/inspirujace-kobiety-kolarskiego-swiata\/","name":"Inspiruj\u0105ce kobiety kolarskiego \u015bwiata - \u0160koda We Love Cycling - Poland","isPartOf":{"@id":"https:\/\/www.welovecycling.com\/pl\/#website"},"primaryImageOfPage":{"@id":"https:\/\/www.welovecycling.com\/pl\/2017\/06\/01\/inspirujace-kobiety-kolarskiego-swiata\/#primaryimage"},"image":{"@id":"https:\/\/www.welovecycling.com\/pl\/2017\/06\/01\/inspirujace-kobiety-kolarskiego-swiata\/#primaryimage"},"thumbnailUrl":"https:\/\/d2p6e6u75xmxt8.cloudfront.net\/5\/2017\/06\/445874_47487454.jpg","datePublished":"2017-06-01T09:21:57+00:00","dateModified":"2017-06-01T09:30:10+00:00","author":{"@id":"https:\/\/www.welovecycling.com\/pl\/#\/schema\/person\/0dba2d39da943db9df3fd8f4687e7f23"},"breadcrumb":{"@id":"https:\/\/www.welovecycling.com\/pl\/2017\/06\/01\/inspirujace-kobiety-kolarskiego-swiata\/#breadcrumb"},"inLanguage":"pl-PL","potentialAction":[{"@type":"ReadAction","target":["https:\/\/www.welovecycling.com\/pl\/2017\/06\/01\/inspirujace-kobiety-kolarskiego-swiata\/"]}]},{"@type":"ImageObject","inLanguage":"pl-PL","@id":"https:\/\/www.welovecycling.com\/pl\/2017\/06\/01\/inspirujace-kobiety-kolarskiego-swiata\/#primaryimage","url":"https:\/\/d2p6e6u75xmxt8.cloudfront.net\/5\/2017\/06\/445874_47487454.jpg","contentUrl":"https:\/\/d2p6e6u75xmxt8.cloudfront.net\/5\/2017\/06\/445874_47487454.jpg","width":1375,"height":600},{"@type":"BreadcrumbList","@id":"https:\/\/www.welovecycling.com\/pl\/2017\/06\/01\/inspirujace-kobiety-kolarskiego-swiata\/#breadcrumb","itemListElement":[{"@type":"ListItem","position":1,"name":"Home","item":"https:\/\/www.welovecycling.com\/pl\/"},{"@type":"ListItem","position":2,"name":"Inspiruj\u0105ce kobiety kolarskiego \u015bwiata"}]},{"@type":"WebSite","@id":"https:\/\/www.welovecycling.com\/pl\/#website","url":"https:\/\/www.welovecycling.com\/pl\/","name":"\u0160koda We Love Cycling - Poland","description":"","potentialAction":[{"@type":"SearchAction","target":{"@type":"EntryPoint","urlTemplate":"https:\/\/www.welovecycling.com\/pl\/?s={search_term_string}"},"query-input":{"@type":"PropertyValueSpecification","valueRequired":true,"valueName":"search_term_string"}}],"inLanguage":"pl-PL"},{"@type":"Person","@id":"https:\/\/www.welovecycling.com\/pl\/#\/schema\/person\/0dba2d39da943db9df3fd8f4687e7f23","name":"piotrboczkowski","image":{"@type":"ImageObject","inLanguage":"pl-PL","@id":"https:\/\/www.welovecycling.com\/pl\/#\/schema\/person\/image\/","url":"https:\/\/secure.gravatar.com\/avatar\/533caccae14752e03a2ce2d3fd62d1b98b93e1393c3195c27819e53344ca1ace?s=96&d=mm&r=g","contentUrl":"https:\/\/secure.gravatar.com\/avatar\/533caccae14752e03a2ce2d3fd62d1b98b93e1393c3195c27819e53344ca1ace?s=96&d=mm&r=g","caption":"piotrboczkowski"},"url":"https:\/\/www.welovecycling.com\/pl\/author\/piotrboczkowski\/"}]}},"_links":{"self":[{"href":"https:\/\/www.welovecycling.com\/pl\/wp-json\/wp\/v2\/posts\/3910","targetHints":{"allow":["GET"]}}],"collection":[{"href":"https:\/\/www.welovecycling.com\/pl\/wp-json\/wp\/v2\/posts"}],"about":[{"href":"https:\/\/www.welovecycling.com\/pl\/wp-json\/wp\/v2\/types\/post"}],"author":[{"embeddable":true,"href":"https:\/\/www.welovecycling.com\/pl\/wp-json\/wp\/v2\/users\/76"}],"replies":[{"embeddable":true,"href":"https:\/\/www.welovecycling.com\/pl\/wp-json\/wp\/v2\/comments?post=3910"}],"version-history":[{"count":2,"href":"https:\/\/www.welovecycling.com\/pl\/wp-json\/wp\/v2\/posts\/3910\/revisions"}],"predecessor-version":[{"id":3919,"href":"https:\/\/www.welovecycling.com\/pl\/wp-json\/wp\/v2\/posts\/3910\/revisions\/3919"}],"wp:featuredmedia":[{"embeddable":true,"href":"https:\/\/www.welovecycling.com\/pl\/wp-json\/wp\/v2\/media\/3915"}],"wp:attachment":[{"href":"https:\/\/www.welovecycling.com\/pl\/wp-json\/wp\/v2\/media?parent=3910"}],"wp:term":[{"taxonomy":"category","embeddable":true,"href":"https:\/\/www.welovecycling.com\/pl\/wp-json\/wp\/v2\/categories?post=3910"},{"taxonomy":"post_tag","embeddable":true,"href":"https:\/\/www.welovecycling.com\/pl\/wp-json\/wp\/v2\/tags?post=3910"},{"taxonomy":"global-categories","embeddable":true,"href":"https:\/\/www.welovecycling.com\/pl\/wp-json\/wp\/v2\/global-categories?post=3910"}],"curies":[{"name":"wp","href":"https:\/\/api.w.org\/{rel}","templated":true}]}}