{"id":3896,"date":"2017-05-30T19:12:18","date_gmt":"2017-05-30T19:12:18","guid":{"rendered":"https:\/\/www.welovecycling.com\/pl\/?p=3896"},"modified":"2017-06-01T09:29:59","modified_gmt":"2017-06-01T09:29:59","slug":"ironmanka-habicie-ktora-przelamuje-konwencjonalne-wyobrazenia-o-wieku","status":"publish","type":"post","link":"https:\/\/www.welovecycling.com\/pl\/2017\/05\/30\/ironmanka-habicie-ktora-przelamuje-konwencjonalne-wyobrazenia-o-wieku\/","title":{"rendered":"Ironmanka w habicie, kt\u00f3ra prze\u0142amuje konwencjonalne wyobra\u017cenia o wieku"},"content":{"rendered":"<p>Kto\u015b, kto zosta\u0142 duchownym, z definicji do\u015bwiadczy\u0142 duchowego przebudzenia, ale siostra Madonna nie jest zwyk\u0142\u0105 zakonnic\u0105. Ka\u017cdy, kto na powa\u017cnie rywalizowa\u0142 w triathlonie, trenowa\u0142 z zapa\u0142em, ale znowu siostra Madonna nie jest zwyk\u0142ym sportowcem.<\/p>\n<p><strong>\u015awi\u0119ta Tr\u00f3jca<\/strong><\/p>\n<p><span style=\"font-weight: 400;\">Siostra Madonna, urodzona jako Marie Dorothy Buder, poczu\u0142a powo\u0142anie i postanowi\u0142a zosta\u0107 zakonnic\u0105 w wieku 23 lat, po\u015bwi\u0119caj\u0105c swoje \u017cycie Ojcu, Synowi i Duchowi \u015awi\u0119temu. Dopiero w p\u00f3\u017aniejszych latach zacz\u0119\u0142a patrze\u0107 na \u017cycie z perspektywy roweru.<\/span><\/p>\n<p><span style=\"font-weight: 400;\">Gdy mia\u0142a 48 lat, katolicki ksi\u0105dz nazywany ojcem Johnem zach\u0119ci\u0142 j\u0105 do zbadania \u201eumys\u0142u, cia\u0142a i ducha\u201d przez \u015bwi\u0119t\u0105 tr\u00f3jc\u0119, czyli triathlon. Konkurowanie w kolarstwie, bieganiu i p\u0142ywaniu chyba nie przesz\u0142o u niej bez echa, bo siostra Madonna w wieku 87 lat nadal trenuje.<\/span><\/p>\n<p><strong>Niezwyk\u0142a modelka<\/strong><\/p>\n<p><span style=\"font-weight: 400;\">Nike zdecydowa\u0142o si\u0119 na zaproszenie siostry Madonny do udzia\u0142u w reklamie, poniewa\u017c jest dla nich sportowcem, kt\u00f3ry obala konwencjonalne wyobra\u017cenia na temat wieku. Z pewno\u015bci\u0105 niezwyk\u0142e jest rywalizowanie w triathlonie po raz pierwszy w \u017cyciu w wieku 52 lat, co zrobi\u0142a w 1982 r. w Irlandii.<\/span><\/p>\n<p><iframe loading=\"lazy\" src=\"https:\/\/www.youtube-nocookie.com\/embed\/QpjA1L1gSFA?ecver=1\" width=\"783\" height=\"440\" frameborder=\"0\" allowfullscreen=\"allowfullscreen\"><\/iframe><\/p>\n<p><span style=\"font-weight: 400;\">Nie wszystko sz\u0142o \u0142atwo i przyjemnie. W 2011 r., maj\u0105c 81 lat, siostra Madonna rywalizowa\u0142a w kanadyjskim konkursie Ironman, ale przekroczy\u0142a limit jazdy na rowerze o 2 minuty. \u201eJedyn\u0105 pora\u017ck\u0105 jest nie spr\u00f3bowa\u0107\u201d, a po 40 konkursach Ironman za pasem mo\u017cna powiedzie\u0107, \u017ce wysi\u0142ki siostry Madonny sta\u0142y si\u0119 jej nawykiem.<\/span><\/p>\n<p><strong>Odpokutuj i powt\u00f3rz<\/strong><\/p>\n<p><span style=\"font-weight: 400;\">W akcie uporu, z mo\u017ce troch\u0119 i pokuty, siostra Madonna wr\u00f3ci\u0142a na rower i w wieku 82 lat pobi\u0142a rekord Ironman w kategorii wiekowej 80-84 lat &#8211; rekord, kt\u00f3ry nadal nie zosta\u0142 pobity.<\/span><\/p>\n<p><span style=\"font-weight: 400;\">Cel siostry Madonny jest skromny &#8211; to stawianie przed sob\u0105 wyzwa\u0144 i konkurowanie, dla w\u0142asnego duchowego rozwoju. Przy okazji zauwa\u017ca: \u201eOtworzy\u0142am w moim \u017cyciu grupy wiekowe, kt\u00f3re nigdy nie istnia\u0142y\u201d.<\/span><\/p>\n<p><strong>Nietypowa \u015bwi\u0119ta<\/strong><\/p>\n<p><span style=\"font-weight: 400;\">Wysi\u0142ki siostry Madonny nie pozosta\u0142y bez echa w\u015br\u00f3d spo\u0142eczno\u015bci sportowej. Zbli\u017cy\u0142a si\u0119 do beatyfikacji za \u017cycia najbardziej, jak to mo\u017cliwe &#8211; w 2014 r. siostra Madonna Buder trafi\u0142a do Panteonu Triathlonist\u00f3w Stan\u00f3w Zjednoczonych.<\/span><\/p>\n<p><a href=\"https:\/\/d2p6e6u75xmxt8.cloudfront.net\/5\/2017\/05\/madonna.jpg\"><img loading=\"lazy\" decoding=\"async\" class=\"alignnone size-full wp-image-3898\" src=\"https:\/\/d2p6e6u75xmxt8.cloudfront.net\/5\/2017\/05\/madonna.jpg\" alt=\"\" width=\"640\" height=\"360\" srcset=\"https:\/\/d2p6e6u75xmxt8.cloudfront.net\/5\/2017\/05\/madonna.jpg 640w, https:\/\/d2p6e6u75xmxt8.cloudfront.net\/5\/2017\/05\/madonna-300x169.jpg 300w\" sizes=\"auto, (max-width: 640px) 100vw, 640px\" \/><\/a><\/p>\n<p><span style=\"font-weight: 400;\">Siostra Madonna powiedzia\u0142a, \u017ce jej misj\u0105 jest \u201ezmienia\u0107 \u015bwiat, w kt\u00f3rym jeste\u015b, dawa\u0107 \u015bwiatu to, co masz, i s\u0142u\u017cy\u0107 \u015bwiatu tym, kim jeste\u015b\u201d. Mo\u017cna spokojnie powiedzie\u0107, \u017ce nasza kolarka w habicie zrobi\u0142a wszystko to i jeszcze troch\u0119.<\/span><\/p>\n<p>(\u017ar\u00f3d\u0142o: welovecycling.com)<\/p>\n","protected":false},"excerpt":{"rendered":"<p>Kto\u015b, kto zosta\u0142 duchownym, z definicji do\u015bwiadczy\u0142 duchowego przebudzenia, ale siostra Madonna nie jest zwyk\u0142\u0105 zakonnic\u0105. Ka\u017cdy, kto na powa\u017cnie [&hellip;]<\/p>\n","protected":false},"author":76,"featured_media":3897,"comment_status":"open","ping_status":"open","sticky":false,"template":"","format":"standard","meta":{"footnotes":""},"categories":[1],"tags":[],"global-categories":[],"class_list":["post-3896","post","type-post","status-publish","format-standard","has-post-thumbnail","hentry","category-uncategorized"],"yoast_head":"<!-- This site is optimized with the Yoast SEO Premium plugin v25.3 (Yoast SEO v25.9) - https:\/\/yoast.com\/wordpress\/plugins\/seo\/ -->\n<title>Ironmanka w habicie, kt\u00f3ra prze\u0142amuje konwencjonalne wyobra\u017cenia o wieku - \u0160koda We Love Cycling - Poland<\/title>\n<meta name=\"robots\" content=\"index, follow, max-snippet:-1, max-image-preview:large, max-video-preview:-1\" \/>\n<link rel=\"canonical\" href=\"https:\/\/www.welovecycling.com\/pl\/2017\/05\/30\/ironmanka-habicie-ktora-przelamuje-konwencjonalne-wyobrazenia-o-wieku\/\" \/>\n<meta property=\"og:locale\" content=\"pl_PL\" \/>\n<meta property=\"og:type\" content=\"article\" \/>\n<meta property=\"og:title\" content=\"Ironmanka w habicie, kt\u00f3ra prze\u0142amuje konwencjonalne wyobra\u017cenia o wieku\" \/>\n<meta property=\"og:description\" content=\"Kto\u015b, kto zosta\u0142 duchownym, z definicji do\u015bwiadczy\u0142 duchowego przebudzenia, ale siostra Madonna nie jest zwyk\u0142\u0105 zakonnic\u0105. Ka\u017cdy, kto na powa\u017cnie [&hellip;]\" \/>\n<meta property=\"og:url\" content=\"https:\/\/www.welovecycling.com\/pl\/2017\/05\/30\/ironmanka-habicie-ktora-przelamuje-konwencjonalne-wyobrazenia-o-wieku\/\" \/>\n<meta property=\"og:site_name\" content=\"\u0160koda We Love Cycling - Poland\" \/>\n<meta property=\"article:published_time\" content=\"2017-05-30T19:12:18+00:00\" \/>\n<meta property=\"article:modified_time\" content=\"2017-06-01T09:29:59+00:00\" \/>\n<meta property=\"og:image\" content=\"https:\/\/d2p6e6u75xmxt8.cloudfront.net\/5\/2017\/05\/48447.jpg\" \/>\n\t<meta property=\"og:image:width\" content=\"1375\" \/>\n\t<meta property=\"og:image:height\" content=\"600\" \/>\n\t<meta property=\"og:image:type\" content=\"image\/jpeg\" \/>\n<meta name=\"author\" content=\"piotrboczkowski\" \/>\n<meta name=\"twitter:card\" content=\"summary_large_image\" \/>\n<meta name=\"twitter:label1\" content=\"Written by\" \/>\n\t<meta name=\"twitter:data1\" content=\"Christopher Ashley\" \/>\n\t<meta name=\"twitter:label2\" content=\"Est. reading time\" \/>\n\t<meta name=\"twitter:data2\" content=\"2 minutes\" \/>\n<script type=\"application\/ld+json\" class=\"yoast-schema-graph\">{\"@context\":\"https:\/\/schema.org\",\"@graph\":[{\"@type\":\"WebPage\",\"@id\":\"https:\/\/www.welovecycling.com\/pl\/2017\/05\/30\/ironmanka-habicie-ktora-przelamuje-konwencjonalne-wyobrazenia-o-wieku\/\",\"url\":\"https:\/\/www.welovecycling.com\/pl\/2017\/05\/30\/ironmanka-habicie-ktora-przelamuje-konwencjonalne-wyobrazenia-o-wieku\/\",\"name\":\"Ironmanka w habicie, kt\u00f3ra prze\u0142amuje konwencjonalne wyobra\u017cenia o wieku - \u0160koda We Love Cycling - Poland\",\"isPartOf\":{\"@id\":\"https:\/\/www.welovecycling.com\/pl\/#website\"},\"primaryImageOfPage\":{\"@id\":\"https:\/\/www.welovecycling.com\/pl\/2017\/05\/30\/ironmanka-habicie-ktora-przelamuje-konwencjonalne-wyobrazenia-o-wieku\/#primaryimage\"},\"image\":{\"@id\":\"https:\/\/www.welovecycling.com\/pl\/2017\/05\/30\/ironmanka-habicie-ktora-przelamuje-konwencjonalne-wyobrazenia-o-wieku\/#primaryimage\"},\"thumbnailUrl\":\"https:\/\/d2p6e6u75xmxt8.cloudfront.net\/5\/2017\/05\/48447.jpg\",\"datePublished\":\"2017-05-30T19:12:18+00:00\",\"dateModified\":\"2017-06-01T09:29:59+00:00\",\"author\":{\"@id\":\"https:\/\/www.welovecycling.com\/pl\/#\/schema\/person\/0dba2d39da943db9df3fd8f4687e7f23\"},\"breadcrumb\":{\"@id\":\"https:\/\/www.welovecycling.com\/pl\/2017\/05\/30\/ironmanka-habicie-ktora-przelamuje-konwencjonalne-wyobrazenia-o-wieku\/#breadcrumb\"},\"inLanguage\":\"pl-PL\",\"potentialAction\":[{\"@type\":\"ReadAction\",\"target\":[\"https:\/\/www.welovecycling.com\/pl\/2017\/05\/30\/ironmanka-habicie-ktora-przelamuje-konwencjonalne-wyobrazenia-o-wieku\/\"]}]},{\"@type\":\"ImageObject\",\"inLanguage\":\"pl-PL\",\"@id\":\"https:\/\/www.welovecycling.com\/pl\/2017\/05\/30\/ironmanka-habicie-ktora-przelamuje-konwencjonalne-wyobrazenia-o-wieku\/#primaryimage\",\"url\":\"https:\/\/d2p6e6u75xmxt8.cloudfront.net\/5\/2017\/05\/48447.jpg\",\"contentUrl\":\"https:\/\/d2p6e6u75xmxt8.cloudfront.net\/5\/2017\/05\/48447.jpg\",\"width\":1375,\"height\":600},{\"@type\":\"BreadcrumbList\",\"@id\":\"https:\/\/www.welovecycling.com\/pl\/2017\/05\/30\/ironmanka-habicie-ktora-przelamuje-konwencjonalne-wyobrazenia-o-wieku\/#breadcrumb\",\"itemListElement\":[{\"@type\":\"ListItem\",\"position\":1,\"name\":\"Home\",\"item\":\"https:\/\/www.welovecycling.com\/pl\/\"},{\"@type\":\"ListItem\",\"position\":2,\"name\":\"Ironmanka w habicie, kt\u00f3ra prze\u0142amuje konwencjonalne wyobra\u017cenia o wieku\"}]},{\"@type\":\"WebSite\",\"@id\":\"https:\/\/www.welovecycling.com\/pl\/#website\",\"url\":\"https:\/\/www.welovecycling.com\/pl\/\",\"name\":\"\u0160koda We Love Cycling - Poland\",\"description\":\"\",\"potentialAction\":[{\"@type\":\"SearchAction\",\"target\":{\"@type\":\"EntryPoint\",\"urlTemplate\":\"https:\/\/www.welovecycling.com\/pl\/?s={search_term_string}\"},\"query-input\":{\"@type\":\"PropertyValueSpecification\",\"valueRequired\":true,\"valueName\":\"search_term_string\"}}],\"inLanguage\":\"pl-PL\"},{\"@type\":\"Person\",\"@id\":\"https:\/\/www.welovecycling.com\/pl\/#\/schema\/person\/0dba2d39da943db9df3fd8f4687e7f23\",\"name\":\"piotrboczkowski\",\"image\":{\"@type\":\"ImageObject\",\"inLanguage\":\"pl-PL\",\"@id\":\"https:\/\/www.welovecycling.com\/pl\/#\/schema\/person\/image\/\",\"url\":\"https:\/\/secure.gravatar.com\/avatar\/533caccae14752e03a2ce2d3fd62d1b98b93e1393c3195c27819e53344ca1ace?s=96&d=mm&r=g\",\"contentUrl\":\"https:\/\/secure.gravatar.com\/avatar\/533caccae14752e03a2ce2d3fd62d1b98b93e1393c3195c27819e53344ca1ace?s=96&d=mm&r=g\",\"caption\":\"piotrboczkowski\"},\"url\":\"https:\/\/www.welovecycling.com\/pl\/author\/piotrboczkowski\/\"}]}<\/script>\n<!-- \/ Yoast SEO Premium plugin. -->","yoast_head_json":{"title":"Ironmanka w habicie, kt\u00f3ra prze\u0142amuje konwencjonalne wyobra\u017cenia o wieku - \u0160koda We Love Cycling - Poland","robots":{"index":"index","follow":"follow","max-snippet":"max-snippet:-1","max-image-preview":"max-image-preview:large","max-video-preview":"max-video-preview:-1"},"canonical":"https:\/\/www.welovecycling.com\/pl\/2017\/05\/30\/ironmanka-habicie-ktora-przelamuje-konwencjonalne-wyobrazenia-o-wieku\/","og_locale":"pl_PL","og_type":"article","og_title":"Ironmanka w habicie, kt\u00f3ra prze\u0142amuje konwencjonalne wyobra\u017cenia o wieku","og_description":"Kto\u015b, kto zosta\u0142 duchownym, z definicji do\u015bwiadczy\u0142 duchowego przebudzenia, ale siostra Madonna nie jest zwyk\u0142\u0105 zakonnic\u0105. Ka\u017cdy, kto na powa\u017cnie [&hellip;]","og_url":"https:\/\/www.welovecycling.com\/pl\/2017\/05\/30\/ironmanka-habicie-ktora-przelamuje-konwencjonalne-wyobrazenia-o-wieku\/","og_site_name":"\u0160koda We Love Cycling - Poland","article_published_time":"2017-05-30T19:12:18+00:00","article_modified_time":"2017-06-01T09:29:59+00:00","og_image":[{"width":1375,"height":600,"url":"https:\/\/d2p6e6u75xmxt8.cloudfront.net\/5\/2017\/05\/48447.jpg","type":"image\/jpeg"}],"author":"piotrboczkowski","twitter_card":"summary_large_image","twitter_misc":{"Written by":"Christopher Ashley","Est. reading time":"2 minutes"},"schema":{"@context":"https:\/\/schema.org","@graph":[{"@type":"WebPage","@id":"https:\/\/www.welovecycling.com\/pl\/2017\/05\/30\/ironmanka-habicie-ktora-przelamuje-konwencjonalne-wyobrazenia-o-wieku\/","url":"https:\/\/www.welovecycling.com\/pl\/2017\/05\/30\/ironmanka-habicie-ktora-przelamuje-konwencjonalne-wyobrazenia-o-wieku\/","name":"Ironmanka w habicie, kt\u00f3ra prze\u0142amuje konwencjonalne wyobra\u017cenia o wieku - \u0160koda We Love Cycling - Poland","isPartOf":{"@id":"https:\/\/www.welovecycling.com\/pl\/#website"},"primaryImageOfPage":{"@id":"https:\/\/www.welovecycling.com\/pl\/2017\/05\/30\/ironmanka-habicie-ktora-przelamuje-konwencjonalne-wyobrazenia-o-wieku\/#primaryimage"},"image":{"@id":"https:\/\/www.welovecycling.com\/pl\/2017\/05\/30\/ironmanka-habicie-ktora-przelamuje-konwencjonalne-wyobrazenia-o-wieku\/#primaryimage"},"thumbnailUrl":"https:\/\/d2p6e6u75xmxt8.cloudfront.net\/5\/2017\/05\/48447.jpg","datePublished":"2017-05-30T19:12:18+00:00","dateModified":"2017-06-01T09:29:59+00:00","author":{"@id":"https:\/\/www.welovecycling.com\/pl\/#\/schema\/person\/0dba2d39da943db9df3fd8f4687e7f23"},"breadcrumb":{"@id":"https:\/\/www.welovecycling.com\/pl\/2017\/05\/30\/ironmanka-habicie-ktora-przelamuje-konwencjonalne-wyobrazenia-o-wieku\/#breadcrumb"},"inLanguage":"pl-PL","potentialAction":[{"@type":"ReadAction","target":["https:\/\/www.welovecycling.com\/pl\/2017\/05\/30\/ironmanka-habicie-ktora-przelamuje-konwencjonalne-wyobrazenia-o-wieku\/"]}]},{"@type":"ImageObject","inLanguage":"pl-PL","@id":"https:\/\/www.welovecycling.com\/pl\/2017\/05\/30\/ironmanka-habicie-ktora-przelamuje-konwencjonalne-wyobrazenia-o-wieku\/#primaryimage","url":"https:\/\/d2p6e6u75xmxt8.cloudfront.net\/5\/2017\/05\/48447.jpg","contentUrl":"https:\/\/d2p6e6u75xmxt8.cloudfront.net\/5\/2017\/05\/48447.jpg","width":1375,"height":600},{"@type":"BreadcrumbList","@id":"https:\/\/www.welovecycling.com\/pl\/2017\/05\/30\/ironmanka-habicie-ktora-przelamuje-konwencjonalne-wyobrazenia-o-wieku\/#breadcrumb","itemListElement":[{"@type":"ListItem","position":1,"name":"Home","item":"https:\/\/www.welovecycling.com\/pl\/"},{"@type":"ListItem","position":2,"name":"Ironmanka w habicie, kt\u00f3ra prze\u0142amuje konwencjonalne wyobra\u017cenia o wieku"}]},{"@type":"WebSite","@id":"https:\/\/www.welovecycling.com\/pl\/#website","url":"https:\/\/www.welovecycling.com\/pl\/","name":"\u0160koda We Love Cycling - Poland","description":"","potentialAction":[{"@type":"SearchAction","target":{"@type":"EntryPoint","urlTemplate":"https:\/\/www.welovecycling.com\/pl\/?s={search_term_string}"},"query-input":{"@type":"PropertyValueSpecification","valueRequired":true,"valueName":"search_term_string"}}],"inLanguage":"pl-PL"},{"@type":"Person","@id":"https:\/\/www.welovecycling.com\/pl\/#\/schema\/person\/0dba2d39da943db9df3fd8f4687e7f23","name":"piotrboczkowski","image":{"@type":"ImageObject","inLanguage":"pl-PL","@id":"https:\/\/www.welovecycling.com\/pl\/#\/schema\/person\/image\/","url":"https:\/\/secure.gravatar.com\/avatar\/533caccae14752e03a2ce2d3fd62d1b98b93e1393c3195c27819e53344ca1ace?s=96&d=mm&r=g","contentUrl":"https:\/\/secure.gravatar.com\/avatar\/533caccae14752e03a2ce2d3fd62d1b98b93e1393c3195c27819e53344ca1ace?s=96&d=mm&r=g","caption":"piotrboczkowski"},"url":"https:\/\/www.welovecycling.com\/pl\/author\/piotrboczkowski\/"}]}},"_links":{"self":[{"href":"https:\/\/www.welovecycling.com\/pl\/wp-json\/wp\/v2\/posts\/3896","targetHints":{"allow":["GET"]}}],"collection":[{"href":"https:\/\/www.welovecycling.com\/pl\/wp-json\/wp\/v2\/posts"}],"about":[{"href":"https:\/\/www.welovecycling.com\/pl\/wp-json\/wp\/v2\/types\/post"}],"author":[{"embeddable":true,"href":"https:\/\/www.welovecycling.com\/pl\/wp-json\/wp\/v2\/users\/76"}],"replies":[{"embeddable":true,"href":"https:\/\/www.welovecycling.com\/pl\/wp-json\/wp\/v2\/comments?post=3896"}],"version-history":[{"count":2,"href":"https:\/\/www.welovecycling.com\/pl\/wp-json\/wp\/v2\/posts\/3896\/revisions"}],"predecessor-version":[{"id":3900,"href":"https:\/\/www.welovecycling.com\/pl\/wp-json\/wp\/v2\/posts\/3896\/revisions\/3900"}],"wp:featuredmedia":[{"embeddable":true,"href":"https:\/\/www.welovecycling.com\/pl\/wp-json\/wp\/v2\/media\/3897"}],"wp:attachment":[{"href":"https:\/\/www.welovecycling.com\/pl\/wp-json\/wp\/v2\/media?parent=3896"}],"wp:term":[{"taxonomy":"category","embeddable":true,"href":"https:\/\/www.welovecycling.com\/pl\/wp-json\/wp\/v2\/categories?post=3896"},{"taxonomy":"post_tag","embeddable":true,"href":"https:\/\/www.welovecycling.com\/pl\/wp-json\/wp\/v2\/tags?post=3896"},{"taxonomy":"global-categories","embeddable":true,"href":"https:\/\/www.welovecycling.com\/pl\/wp-json\/wp\/v2\/global-categories?post=3896"}],"curies":[{"name":"wp","href":"https:\/\/api.w.org\/{rel}","templated":true}]}}