{"id":3892,"date":"2017-05-29T20:38:22","date_gmt":"2017-05-29T20:38:22","guid":{"rendered":"https:\/\/www.welovecycling.com\/pl\/?p=3892"},"modified":"2017-05-29T20:38:22","modified_gmt":"2017-05-29T20:38:22","slug":"inteligentna-sygnalizacja-swietlna-propaguje-jazde-rowerze-kopenhadze","status":"publish","type":"post","link":"https:\/\/www.welovecycling.com\/pl\/2017\/05\/29\/inteligentna-sygnalizacja-swietlna-propaguje-jazde-rowerze-kopenhadze\/","title":{"rendered":"Inteligentna sygnalizacja \u015bwietlna propaguje jazd\u0119 na rowerze w Kopenhadze"},"content":{"rendered":"<p>Du\u0144ska mekka entuzjast\u00f3w jazdy na rowerze modernizuje swoje kontrolery sygnalizacji \u015bwietlnej, aby zwi\u0119kszy\u0107 korzystanie z transportu publicznego i rower\u00f3w. Rada miasta inwestuje w ITS (inteligentne systemy transportowe), instaluj\u0105c je na 380 skrzy\u017cowaniach. Optymalizacja sygnalizacji w czasie rzeczywistym powinna pozwoli\u0107 na znacznie bardziej wydajny przep\u0142yw rower\u00f3w i autobus\u00f3w.<\/p>\n<p>Ca\u0142kowity czas dojazdu do pracy rowerzyst\u00f3w powinien skr\u00f3ci\u0107 si\u0119 o 10%, a czas jazdy autobusem powinien by\u0107 kr\u00f3tszy o 20%. Nowy system powinien nawet zmniejszy\u0107 zu\u017cycie energii przez sygnalizacj\u0119 \u015bwietln\u0105 o jedn\u0105 trzeci\u0105. Wygl\u0105da na to, \u017ce Du\u0144czycy s\u0105 o krok dalej ni\u017c reszta z nas.<\/p>\n<p><iframe loading=\"lazy\" src=\"https:\/\/www.youtube-nocookie.com\/embed\/NAr5sB6aivk?ecver=1\" width=\"783\" height=\"440\" frameborder=\"0\" allowfullscreen=\"allowfullscreen\"><\/iframe><\/p>\n<p>W Kopenhadze ju\u017c oko\u0142o 45% os\u00f3b doje\u017cd\u017ca do pracy na rowerze, a rada miejska ma nadziej\u0119, \u017ce do 2025 r. liczba ta wzro\u015bnie do 75% (w\u0142\u0105czaj\u0105c ruch pieszy). Na pewno jest to ambitny plan, ale nie ca\u0142kowicie nieosi\u0105galny. Korzy\u015bci \u015brodowiskowe, ekonomiczne i zdrowotne zwi\u0105zane z jazd\u0105 na rowerze s\u0105 Du\u0144czykom znane. Dzi\u0119ki planowi sta\u0142ej optymalizacji ruchu w mie\u015bcie mo\u017cemy zobaczy\u0107, jak dzia\u0142a to w praktyce.<\/p>\n<p>(\u017ar\u00f3d\u0142o zdj\u0119\u0107: welovecycling.com)<\/p>\n","protected":false},"excerpt":{"rendered":"<p>Du\u0144ska mekka entuzjast\u00f3w jazdy na rowerze modernizuje swoje kontrolery sygnalizacji \u015bwietlnej, aby zwi\u0119kszy\u0107 korzystanie z transportu publicznego i rower\u00f3w. Rada [&hellip;]<\/p>\n","protected":false},"author":76,"featured_media":3893,"comment_status":"open","ping_status":"open","sticky":false,"template":"","format":"standard","meta":{"footnotes":""},"categories":[1],"tags":[96,111,148],"global-categories":[],"class_list":["post-3892","post","type-post","status-publish","format-standard","has-post-thumbnail","hentry","category-uncategorized","tag-jazda-miejska","tag-kopenhaga","tag-sygnalizacja-swietlna"],"yoast_head":"<!-- This site is optimized with the Yoast SEO Premium plugin v25.3 (Yoast SEO v25.9) - https:\/\/yoast.com\/wordpress\/plugins\/seo\/ -->\n<title>Inteligentna sygnalizacja \u015bwietlna propaguje jazd\u0119 na rowerze w Kopenhadze - \u0160koda We Love Cycling - Poland<\/title>\n<meta name=\"robots\" content=\"index, follow, max-snippet:-1, max-image-preview:large, max-video-preview:-1\" \/>\n<link rel=\"canonical\" href=\"https:\/\/www.welovecycling.com\/pl\/2017\/05\/29\/inteligentna-sygnalizacja-swietlna-propaguje-jazde-rowerze-kopenhadze\/\" \/>\n<meta property=\"og:locale\" content=\"pl_PL\" \/>\n<meta property=\"og:type\" content=\"article\" \/>\n<meta property=\"og:title\" content=\"Inteligentna sygnalizacja \u015bwietlna propaguje jazd\u0119 na rowerze w Kopenhadze\" \/>\n<meta property=\"og:description\" content=\"Du\u0144ska mekka entuzjast\u00f3w jazdy na rowerze modernizuje swoje kontrolery sygnalizacji \u015bwietlnej, aby zwi\u0119kszy\u0107 korzystanie z transportu publicznego i rower\u00f3w. Rada [&hellip;]\" \/>\n<meta property=\"og:url\" content=\"https:\/\/www.welovecycling.com\/pl\/2017\/05\/29\/inteligentna-sygnalizacja-swietlna-propaguje-jazde-rowerze-kopenhadze\/\" \/>\n<meta property=\"og:site_name\" content=\"\u0160koda We Love Cycling - Poland\" \/>\n<meta property=\"article:published_time\" content=\"2017-05-29T20:38:22+00:00\" \/>\n<meta property=\"og:image\" content=\"https:\/\/d2p6e6u75xmxt8.cloudfront.net\/5\/2017\/05\/44_57.jpg\" \/>\n\t<meta property=\"og:image:width\" content=\"1375\" \/>\n\t<meta property=\"og:image:height\" content=\"600\" \/>\n\t<meta property=\"og:image:type\" content=\"image\/jpeg\" \/>\n<meta name=\"author\" content=\"piotrboczkowski\" \/>\n<meta name=\"twitter:card\" content=\"summary_large_image\" \/>\n<meta name=\"twitter:label1\" content=\"Written by\" \/>\n\t<meta name=\"twitter:data1\" content=\"Monica Buck\" \/>\n\t<meta name=\"twitter:label2\" content=\"Est. reading time\" \/>\n\t<meta name=\"twitter:data2\" content=\"1 minute\" \/>\n<script type=\"application\/ld+json\" class=\"yoast-schema-graph\">{\"@context\":\"https:\/\/schema.org\",\"@graph\":[{\"@type\":\"WebPage\",\"@id\":\"https:\/\/www.welovecycling.com\/pl\/2017\/05\/29\/inteligentna-sygnalizacja-swietlna-propaguje-jazde-rowerze-kopenhadze\/\",\"url\":\"https:\/\/www.welovecycling.com\/pl\/2017\/05\/29\/inteligentna-sygnalizacja-swietlna-propaguje-jazde-rowerze-kopenhadze\/\",\"name\":\"Inteligentna sygnalizacja \u015bwietlna propaguje jazd\u0119 na rowerze w Kopenhadze - \u0160koda We Love Cycling - Poland\",\"isPartOf\":{\"@id\":\"https:\/\/www.welovecycling.com\/pl\/#website\"},\"primaryImageOfPage\":{\"@id\":\"https:\/\/www.welovecycling.com\/pl\/2017\/05\/29\/inteligentna-sygnalizacja-swietlna-propaguje-jazde-rowerze-kopenhadze\/#primaryimage\"},\"image\":{\"@id\":\"https:\/\/www.welovecycling.com\/pl\/2017\/05\/29\/inteligentna-sygnalizacja-swietlna-propaguje-jazde-rowerze-kopenhadze\/#primaryimage\"},\"thumbnailUrl\":\"https:\/\/d2p6e6u75xmxt8.cloudfront.net\/5\/2017\/05\/44_57.jpg\",\"datePublished\":\"2017-05-29T20:38:22+00:00\",\"author\":{\"@id\":\"https:\/\/www.welovecycling.com\/pl\/#\/schema\/person\/0dba2d39da943db9df3fd8f4687e7f23\"},\"breadcrumb\":{\"@id\":\"https:\/\/www.welovecycling.com\/pl\/2017\/05\/29\/inteligentna-sygnalizacja-swietlna-propaguje-jazde-rowerze-kopenhadze\/#breadcrumb\"},\"inLanguage\":\"pl-PL\",\"potentialAction\":[{\"@type\":\"ReadAction\",\"target\":[\"https:\/\/www.welovecycling.com\/pl\/2017\/05\/29\/inteligentna-sygnalizacja-swietlna-propaguje-jazde-rowerze-kopenhadze\/\"]}]},{\"@type\":\"ImageObject\",\"inLanguage\":\"pl-PL\",\"@id\":\"https:\/\/www.welovecycling.com\/pl\/2017\/05\/29\/inteligentna-sygnalizacja-swietlna-propaguje-jazde-rowerze-kopenhadze\/#primaryimage\",\"url\":\"https:\/\/d2p6e6u75xmxt8.cloudfront.net\/5\/2017\/05\/44_57.jpg\",\"contentUrl\":\"https:\/\/d2p6e6u75xmxt8.cloudfront.net\/5\/2017\/05\/44_57.jpg\",\"width\":1375,\"height\":600},{\"@type\":\"BreadcrumbList\",\"@id\":\"https:\/\/www.welovecycling.com\/pl\/2017\/05\/29\/inteligentna-sygnalizacja-swietlna-propaguje-jazde-rowerze-kopenhadze\/#breadcrumb\",\"itemListElement\":[{\"@type\":\"ListItem\",\"position\":1,\"name\":\"Home\",\"item\":\"https:\/\/www.welovecycling.com\/pl\/\"},{\"@type\":\"ListItem\",\"position\":2,\"name\":\"Inteligentna sygnalizacja \u015bwietlna propaguje jazd\u0119 na rowerze w Kopenhadze\"}]},{\"@type\":\"WebSite\",\"@id\":\"https:\/\/www.welovecycling.com\/pl\/#website\",\"url\":\"https:\/\/www.welovecycling.com\/pl\/\",\"name\":\"\u0160koda We Love Cycling - Poland\",\"description\":\"\",\"potentialAction\":[{\"@type\":\"SearchAction\",\"target\":{\"@type\":\"EntryPoint\",\"urlTemplate\":\"https:\/\/www.welovecycling.com\/pl\/?s={search_term_string}\"},\"query-input\":{\"@type\":\"PropertyValueSpecification\",\"valueRequired\":true,\"valueName\":\"search_term_string\"}}],\"inLanguage\":\"pl-PL\"},{\"@type\":\"Person\",\"@id\":\"https:\/\/www.welovecycling.com\/pl\/#\/schema\/person\/0dba2d39da943db9df3fd8f4687e7f23\",\"name\":\"piotrboczkowski\",\"image\":{\"@type\":\"ImageObject\",\"inLanguage\":\"pl-PL\",\"@id\":\"https:\/\/www.welovecycling.com\/pl\/#\/schema\/person\/image\/\",\"url\":\"https:\/\/secure.gravatar.com\/avatar\/533caccae14752e03a2ce2d3fd62d1b98b93e1393c3195c27819e53344ca1ace?s=96&d=mm&r=g\",\"contentUrl\":\"https:\/\/secure.gravatar.com\/avatar\/533caccae14752e03a2ce2d3fd62d1b98b93e1393c3195c27819e53344ca1ace?s=96&d=mm&r=g\",\"caption\":\"piotrboczkowski\"},\"url\":\"https:\/\/www.welovecycling.com\/pl\/author\/piotrboczkowski\/\"}]}<\/script>\n<!-- \/ Yoast SEO Premium plugin. -->","yoast_head_json":{"title":"Inteligentna sygnalizacja \u015bwietlna propaguje jazd\u0119 na rowerze w Kopenhadze - \u0160koda We Love Cycling - Poland","robots":{"index":"index","follow":"follow","max-snippet":"max-snippet:-1","max-image-preview":"max-image-preview:large","max-video-preview":"max-video-preview:-1"},"canonical":"https:\/\/www.welovecycling.com\/pl\/2017\/05\/29\/inteligentna-sygnalizacja-swietlna-propaguje-jazde-rowerze-kopenhadze\/","og_locale":"pl_PL","og_type":"article","og_title":"Inteligentna sygnalizacja \u015bwietlna propaguje jazd\u0119 na rowerze w Kopenhadze","og_description":"Du\u0144ska mekka entuzjast\u00f3w jazdy na rowerze modernizuje swoje kontrolery sygnalizacji \u015bwietlnej, aby zwi\u0119kszy\u0107 korzystanie z transportu publicznego i rower\u00f3w. Rada [&hellip;]","og_url":"https:\/\/www.welovecycling.com\/pl\/2017\/05\/29\/inteligentna-sygnalizacja-swietlna-propaguje-jazde-rowerze-kopenhadze\/","og_site_name":"\u0160koda We Love Cycling - Poland","article_published_time":"2017-05-29T20:38:22+00:00","og_image":[{"width":1375,"height":600,"url":"https:\/\/d2p6e6u75xmxt8.cloudfront.net\/5\/2017\/05\/44_57.jpg","type":"image\/jpeg"}],"author":"piotrboczkowski","twitter_card":"summary_large_image","twitter_misc":{"Written by":"Monica Buck","Est. reading time":"1 minute"},"schema":{"@context":"https:\/\/schema.org","@graph":[{"@type":"WebPage","@id":"https:\/\/www.welovecycling.com\/pl\/2017\/05\/29\/inteligentna-sygnalizacja-swietlna-propaguje-jazde-rowerze-kopenhadze\/","url":"https:\/\/www.welovecycling.com\/pl\/2017\/05\/29\/inteligentna-sygnalizacja-swietlna-propaguje-jazde-rowerze-kopenhadze\/","name":"Inteligentna sygnalizacja \u015bwietlna propaguje jazd\u0119 na rowerze w Kopenhadze - \u0160koda We Love Cycling - Poland","isPartOf":{"@id":"https:\/\/www.welovecycling.com\/pl\/#website"},"primaryImageOfPage":{"@id":"https:\/\/www.welovecycling.com\/pl\/2017\/05\/29\/inteligentna-sygnalizacja-swietlna-propaguje-jazde-rowerze-kopenhadze\/#primaryimage"},"image":{"@id":"https:\/\/www.welovecycling.com\/pl\/2017\/05\/29\/inteligentna-sygnalizacja-swietlna-propaguje-jazde-rowerze-kopenhadze\/#primaryimage"},"thumbnailUrl":"https:\/\/d2p6e6u75xmxt8.cloudfront.net\/5\/2017\/05\/44_57.jpg","datePublished":"2017-05-29T20:38:22+00:00","author":{"@id":"https:\/\/www.welovecycling.com\/pl\/#\/schema\/person\/0dba2d39da943db9df3fd8f4687e7f23"},"breadcrumb":{"@id":"https:\/\/www.welovecycling.com\/pl\/2017\/05\/29\/inteligentna-sygnalizacja-swietlna-propaguje-jazde-rowerze-kopenhadze\/#breadcrumb"},"inLanguage":"pl-PL","potentialAction":[{"@type":"ReadAction","target":["https:\/\/www.welovecycling.com\/pl\/2017\/05\/29\/inteligentna-sygnalizacja-swietlna-propaguje-jazde-rowerze-kopenhadze\/"]}]},{"@type":"ImageObject","inLanguage":"pl-PL","@id":"https:\/\/www.welovecycling.com\/pl\/2017\/05\/29\/inteligentna-sygnalizacja-swietlna-propaguje-jazde-rowerze-kopenhadze\/#primaryimage","url":"https:\/\/d2p6e6u75xmxt8.cloudfront.net\/5\/2017\/05\/44_57.jpg","contentUrl":"https:\/\/d2p6e6u75xmxt8.cloudfront.net\/5\/2017\/05\/44_57.jpg","width":1375,"height":600},{"@type":"BreadcrumbList","@id":"https:\/\/www.welovecycling.com\/pl\/2017\/05\/29\/inteligentna-sygnalizacja-swietlna-propaguje-jazde-rowerze-kopenhadze\/#breadcrumb","itemListElement":[{"@type":"ListItem","position":1,"name":"Home","item":"https:\/\/www.welovecycling.com\/pl\/"},{"@type":"ListItem","position":2,"name":"Inteligentna sygnalizacja \u015bwietlna propaguje jazd\u0119 na rowerze w Kopenhadze"}]},{"@type":"WebSite","@id":"https:\/\/www.welovecycling.com\/pl\/#website","url":"https:\/\/www.welovecycling.com\/pl\/","name":"\u0160koda We Love Cycling - Poland","description":"","potentialAction":[{"@type":"SearchAction","target":{"@type":"EntryPoint","urlTemplate":"https:\/\/www.welovecycling.com\/pl\/?s={search_term_string}"},"query-input":{"@type":"PropertyValueSpecification","valueRequired":true,"valueName":"search_term_string"}}],"inLanguage":"pl-PL"},{"@type":"Person","@id":"https:\/\/www.welovecycling.com\/pl\/#\/schema\/person\/0dba2d39da943db9df3fd8f4687e7f23","name":"piotrboczkowski","image":{"@type":"ImageObject","inLanguage":"pl-PL","@id":"https:\/\/www.welovecycling.com\/pl\/#\/schema\/person\/image\/","url":"https:\/\/secure.gravatar.com\/avatar\/533caccae14752e03a2ce2d3fd62d1b98b93e1393c3195c27819e53344ca1ace?s=96&d=mm&r=g","contentUrl":"https:\/\/secure.gravatar.com\/avatar\/533caccae14752e03a2ce2d3fd62d1b98b93e1393c3195c27819e53344ca1ace?s=96&d=mm&r=g","caption":"piotrboczkowski"},"url":"https:\/\/www.welovecycling.com\/pl\/author\/piotrboczkowski\/"}]}},"_links":{"self":[{"href":"https:\/\/www.welovecycling.com\/pl\/wp-json\/wp\/v2\/posts\/3892","targetHints":{"allow":["GET"]}}],"collection":[{"href":"https:\/\/www.welovecycling.com\/pl\/wp-json\/wp\/v2\/posts"}],"about":[{"href":"https:\/\/www.welovecycling.com\/pl\/wp-json\/wp\/v2\/types\/post"}],"author":[{"embeddable":true,"href":"https:\/\/www.welovecycling.com\/pl\/wp-json\/wp\/v2\/users\/76"}],"replies":[{"embeddable":true,"href":"https:\/\/www.welovecycling.com\/pl\/wp-json\/wp\/v2\/comments?post=3892"}],"version-history":[{"count":1,"href":"https:\/\/www.welovecycling.com\/pl\/wp-json\/wp\/v2\/posts\/3892\/revisions"}],"predecessor-version":[{"id":3894,"href":"https:\/\/www.welovecycling.com\/pl\/wp-json\/wp\/v2\/posts\/3892\/revisions\/3894"}],"wp:featuredmedia":[{"embeddable":true,"href":"https:\/\/www.welovecycling.com\/pl\/wp-json\/wp\/v2\/media\/3893"}],"wp:attachment":[{"href":"https:\/\/www.welovecycling.com\/pl\/wp-json\/wp\/v2\/media?parent=3892"}],"wp:term":[{"taxonomy":"category","embeddable":true,"href":"https:\/\/www.welovecycling.com\/pl\/wp-json\/wp\/v2\/categories?post=3892"},{"taxonomy":"post_tag","embeddable":true,"href":"https:\/\/www.welovecycling.com\/pl\/wp-json\/wp\/v2\/tags?post=3892"},{"taxonomy":"global-categories","embeddable":true,"href":"https:\/\/www.welovecycling.com\/pl\/wp-json\/wp\/v2\/global-categories?post=3892"}],"curies":[{"name":"wp","href":"https:\/\/api.w.org\/{rel}","templated":true}]}}