{"id":3836,"date":"2017-05-19T14:56:38","date_gmt":"2017-05-19T14:56:38","guid":{"rendered":"https:\/\/www.welovecycling.com\/pl\/?p=3836"},"modified":"2017-05-19T14:57:03","modified_gmt":"2017-05-19T14:57:03","slug":"skoda-napedza-druga-runde-pucharu-mtb-sudety-2017","status":"publish","type":"post","link":"https:\/\/www.welovecycling.com\/pl\/2017\/05\/19\/skoda-napedza-druga-runde-pucharu-mtb-sudety-2017\/","title":{"rendered":"\u0160koda nap\u0119dza Druga Rund\u0119 Pucharu MTB Sudety 2017"},"content":{"rendered":"<p>W ubieg\u0142\u0105 niedziel\u0119, w samym sercu Strefy MTB Sudety w G\u0142uszycy odby\u0142a si\u0119 Druga Runda Pucharu MTB Sudety 2017. Na starcie d\u0142ugo wyczekiwanego wy\u015bcigu stan\u0119\u0142o ponad 500 zawodnik\u00f3w.<\/p>\n<p><a href=\"https:\/\/d2p6e6u75xmxt8.cloudfront.net\/5\/2017\/05\/20170514_104820.jpg\"><img loading=\"lazy\" decoding=\"async\" class=\"alignnone size-large wp-image-3838\" src=\"https:\/\/d2p6e6u75xmxt8.cloudfront.net\/5\/2017\/05\/20170514_104820-1024x576.jpg\" alt=\"\" width=\"1024\" height=\"576\" srcset=\"https:\/\/d2p6e6u75xmxt8.cloudfront.net\/5\/2017\/05\/20170514_104820-1024x576.jpg 1024w, https:\/\/d2p6e6u75xmxt8.cloudfront.net\/5\/2017\/05\/20170514_104820-300x169.jpg 300w, https:\/\/d2p6e6u75xmxt8.cloudfront.net\/5\/2017\/05\/20170514_104820-768x432.jpg 768w\" sizes=\"auto, (max-width: 1024px) 100vw, 1024px\" \/><\/a><\/p>\n<p>Po udanej inauguracji sezonu w Bardzie seria o Puchar Strefy MTB Sudety 2017 nabra\u0142a rozp\u0119du! Fani g\u00f3rskiej rywalizacji dobrze znaj\u0105 pi\u0119kne okolice G\u0142uszycy \u2013 doskona\u0142e warunki do jazdy robi\u0105 wra\u017cenie na ka\u017cdym wielbicielu MTB.<\/p>\n<p><a href=\"https:\/\/d2p6e6u75xmxt8.cloudfront.net\/5\/2017\/05\/20170514_102614.jpg\"><img loading=\"lazy\" decoding=\"async\" class=\"alignnone size-large wp-image-3839\" src=\"https:\/\/d2p6e6u75xmxt8.cloudfront.net\/5\/2017\/05\/20170514_102614-1024x576.jpg\" alt=\"\" width=\"1024\" height=\"576\" srcset=\"https:\/\/d2p6e6u75xmxt8.cloudfront.net\/5\/2017\/05\/20170514_102614-1024x576.jpg 1024w, https:\/\/d2p6e6u75xmxt8.cloudfront.net\/5\/2017\/05\/20170514_102614-300x169.jpg 300w, https:\/\/d2p6e6u75xmxt8.cloudfront.net\/5\/2017\/05\/20170514_102614-768x432.jpg 768w\" sizes=\"auto, (max-width: 1024px) 100vw, 1024px\" \/><\/a><\/p>\n<p>Rywalizacja odby\u0142a si\u0119 jak zwykle na dw\u00f3ch dystansach (mini i mega), na kt\u00f3rych nie brakuje wyzwa\u0144: by\u0142y szutry, le\u015bne drogi, single, nag\u0142e zwroty, strome \u015bcianki, odrobina b\u0142ota i troch\u0119 technicznego kr\u0119cenia w\u015br\u00f3d kamieni.<\/p>\n<p>Opr\u00f3cz tego zorganizowane zosta\u0142y zawody dla najm\u0142odszych oraz inne atrakcje w strefie start\/meta. Jedn\u0105 z nich by\u0142 konkurs zorganizowany przez Autoryzowany salon marki \u0160koda\u00a0Centrum TMT z Wroc\u0142awia i Dzier\u017coniowa, w kt\u00f3rym do wygrania by\u0142y atrakcyjne gad\u017cety rowerowe \u0160KODY, plecaki, bidony i breloki.<\/p>\n<p><a href=\"https:\/\/d2p6e6u75xmxt8.cloudfront.net\/5\/2017\/05\/20170514_115844.jpg\"><img loading=\"lazy\" decoding=\"async\" class=\"alignnone size-large wp-image-3840\" src=\"https:\/\/d2p6e6u75xmxt8.cloudfront.net\/5\/2017\/05\/20170514_115844-1024x714.jpg\" alt=\"\" width=\"1024\" height=\"714\" srcset=\"https:\/\/d2p6e6u75xmxt8.cloudfront.net\/5\/2017\/05\/20170514_115844-1024x714.jpg 1024w, https:\/\/d2p6e6u75xmxt8.cloudfront.net\/5\/2017\/05\/20170514_115844-300x209.jpg 300w, https:\/\/d2p6e6u75xmxt8.cloudfront.net\/5\/2017\/05\/20170514_115844-768x535.jpg 768w\" sizes=\"auto, (max-width: 1024px) 100vw, 1024px\" \/><\/a><\/p>\n<p><a href=\"https:\/\/d2p6e6u75xmxt8.cloudfront.net\/5\/2017\/05\/20170514_112937.jpg\"><img loading=\"lazy\" decoding=\"async\" class=\"alignnone size-large wp-image-3841\" src=\"https:\/\/d2p6e6u75xmxt8.cloudfront.net\/5\/2017\/05\/20170514_112937-1024x651.jpg\" alt=\"\" width=\"1024\" height=\"651\" srcset=\"https:\/\/d2p6e6u75xmxt8.cloudfront.net\/5\/2017\/05\/20170514_112937-1024x651.jpg 1024w, https:\/\/d2p6e6u75xmxt8.cloudfront.net\/5\/2017\/05\/20170514_112937-300x191.jpg 300w, https:\/\/d2p6e6u75xmxt8.cloudfront.net\/5\/2017\/05\/20170514_112937-768x488.jpg 768w\" sizes=\"auto, (max-width: 1024px) 100vw, 1024px\" \/><\/a><\/p>\n<p>333 zawodnik\u00f3w, kt\u00f3rzy wzi\u0119li udzia\u0142 w pierwszej rundzie w Bardzie, startem w G\u0142uszycy mo\u017ce przed\u0142u\u017cy\u0107 swoje szanse w rywalizacji o nagrody klasyfikacji generalnej Pucharu Strefy (m.in. nagrody finansowe ufundowane przez \u0160koda Polska i Autoryzowany salon marki \u0160koda\u00a0Centrum TMT oraz Fat bike firmy OLMO, ufundowany przez Italia Bikes). Trzymamy kciuki!<\/p>\n<p>\u0160koda nap\u0119dza rowery. Dzi\u0119kujemy wszystkim uczestnikom Drugiej Rundy Pucharu MTB Sudety 2017 w G\u0142uszycy. By\u0142o super!<\/p>\n<p>(\u017ar\u00f3d\u0142o zdj\u0119\u0107:\u00a0Autoryzowany salon marki \u0160koda\u00a0Centrum TMT)<\/p>\n","protected":false},"excerpt":{"rendered":"<p>W ubieg\u0142\u0105 niedziel\u0119, w samym sercu Strefy MTB Sudety w G\u0142uszycy odby\u0142a si\u0119 Druga Runda Pucharu MTB Sudety 2017. Na [&hellip;]<\/p>\n","protected":false},"author":76,"featured_media":3837,"comment_status":"open","ping_status":"open","sticky":false,"template":"","format":"standard","meta":{"footnotes":""},"categories":[1],"tags":[22,138,66,137],"global-categories":[],"class_list":["post-3836","post","type-post","status-publish","format-standard","has-post-thumbnail","hentry","category-uncategorized","tag-mtb","tag-relacje","tag-skodanapedzarowery","tag-wyscigi"],"yoast_head":"<!-- This site is optimized with the Yoast SEO Premium plugin v25.3 (Yoast SEO v25.9) - https:\/\/yoast.com\/wordpress\/plugins\/seo\/ -->\n<title>\u0160koda nap\u0119dza Druga Rund\u0119 Pucharu MTB Sudety 2017 - \u0160koda We Love Cycling - Poland<\/title>\n<meta name=\"robots\" content=\"index, follow, max-snippet:-1, max-image-preview:large, max-video-preview:-1\" \/>\n<link rel=\"canonical\" href=\"https:\/\/www.welovecycling.com\/pl\/2017\/05\/19\/skoda-napedza-druga-runde-pucharu-mtb-sudety-2017\/\" \/>\n<meta property=\"og:locale\" content=\"pl_PL\" \/>\n<meta property=\"og:type\" content=\"article\" \/>\n<meta property=\"og:title\" content=\"\u0160koda nap\u0119dza Druga Rund\u0119 Pucharu MTB Sudety 2017\" \/>\n<meta property=\"og:description\" content=\"W ubieg\u0142\u0105 niedziel\u0119, w samym sercu Strefy MTB Sudety w G\u0142uszycy odby\u0142a si\u0119 Druga Runda Pucharu MTB Sudety 2017. Na [&hellip;]\" \/>\n<meta property=\"og:url\" content=\"https:\/\/www.welovecycling.com\/pl\/2017\/05\/19\/skoda-napedza-druga-runde-pucharu-mtb-sudety-2017\/\" \/>\n<meta property=\"og:site_name\" content=\"\u0160koda We Love Cycling - Poland\" \/>\n<meta property=\"article:published_time\" content=\"2017-05-19T14:56:38+00:00\" \/>\n<meta property=\"article:modified_time\" content=\"2017-05-19T14:57:03+00:00\" \/>\n<meta property=\"og:image\" content=\"https:\/\/d2p6e6u75xmxt8.cloudfront.net\/5\/2017\/05\/IMG_20170514_141645-1024x575.jpg\" \/>\n\t<meta property=\"og:image:width\" content=\"1024\" \/>\n\t<meta property=\"og:image:height\" content=\"575\" \/>\n\t<meta property=\"og:image:type\" content=\"image\/jpeg\" \/>\n<meta name=\"author\" content=\"piotrboczkowski\" \/>\n<meta name=\"twitter:card\" content=\"summary_large_image\" \/>\n<meta name=\"twitter:label1\" content=\"Written by\" \/>\n\t<meta name=\"twitter:data1\" content=\"WeLoveCycling\" \/>\n\t<meta name=\"twitter:label2\" content=\"Est. reading time\" \/>\n\t<meta name=\"twitter:data2\" content=\"1 minute\" \/>\n<script type=\"application\/ld+json\" class=\"yoast-schema-graph\">{\"@context\":\"https:\/\/schema.org\",\"@graph\":[{\"@type\":\"WebPage\",\"@id\":\"https:\/\/www.welovecycling.com\/pl\/2017\/05\/19\/skoda-napedza-druga-runde-pucharu-mtb-sudety-2017\/\",\"url\":\"https:\/\/www.welovecycling.com\/pl\/2017\/05\/19\/skoda-napedza-druga-runde-pucharu-mtb-sudety-2017\/\",\"name\":\"\u0160koda nap\u0119dza Druga Rund\u0119 Pucharu MTB Sudety 2017 - \u0160koda We Love Cycling - Poland\",\"isPartOf\":{\"@id\":\"https:\/\/www.welovecycling.com\/pl\/#website\"},\"primaryImageOfPage\":{\"@id\":\"https:\/\/www.welovecycling.com\/pl\/2017\/05\/19\/skoda-napedza-druga-runde-pucharu-mtb-sudety-2017\/#primaryimage\"},\"image\":{\"@id\":\"https:\/\/www.welovecycling.com\/pl\/2017\/05\/19\/skoda-napedza-druga-runde-pucharu-mtb-sudety-2017\/#primaryimage\"},\"thumbnailUrl\":\"https:\/\/d2p6e6u75xmxt8.cloudfront.net\/5\/2017\/05\/IMG_20170514_141645.jpg\",\"datePublished\":\"2017-05-19T14:56:38+00:00\",\"dateModified\":\"2017-05-19T14:57:03+00:00\",\"author\":{\"@id\":\"https:\/\/www.welovecycling.com\/pl\/#\/schema\/person\/0dba2d39da943db9df3fd8f4687e7f23\"},\"breadcrumb\":{\"@id\":\"https:\/\/www.welovecycling.com\/pl\/2017\/05\/19\/skoda-napedza-druga-runde-pucharu-mtb-sudety-2017\/#breadcrumb\"},\"inLanguage\":\"pl-PL\",\"potentialAction\":[{\"@type\":\"ReadAction\",\"target\":[\"https:\/\/www.welovecycling.com\/pl\/2017\/05\/19\/skoda-napedza-druga-runde-pucharu-mtb-sudety-2017\/\"]}]},{\"@type\":\"ImageObject\",\"inLanguage\":\"pl-PL\",\"@id\":\"https:\/\/www.welovecycling.com\/pl\/2017\/05\/19\/skoda-napedza-druga-runde-pucharu-mtb-sudety-2017\/#primaryimage\",\"url\":\"https:\/\/d2p6e6u75xmxt8.cloudfront.net\/5\/2017\/05\/IMG_20170514_141645.jpg\",\"contentUrl\":\"https:\/\/d2p6e6u75xmxt8.cloudfront.net\/5\/2017\/05\/IMG_20170514_141645.jpg\",\"width\":4160,\"height\":2336},{\"@type\":\"BreadcrumbList\",\"@id\":\"https:\/\/www.welovecycling.com\/pl\/2017\/05\/19\/skoda-napedza-druga-runde-pucharu-mtb-sudety-2017\/#breadcrumb\",\"itemListElement\":[{\"@type\":\"ListItem\",\"position\":1,\"name\":\"Home\",\"item\":\"https:\/\/www.welovecycling.com\/pl\/\"},{\"@type\":\"ListItem\",\"position\":2,\"name\":\"\u0160koda nap\u0119dza Druga Rund\u0119 Pucharu MTB Sudety 2017\"}]},{\"@type\":\"WebSite\",\"@id\":\"https:\/\/www.welovecycling.com\/pl\/#website\",\"url\":\"https:\/\/www.welovecycling.com\/pl\/\",\"name\":\"\u0160koda We Love Cycling - Poland\",\"description\":\"\",\"potentialAction\":[{\"@type\":\"SearchAction\",\"target\":{\"@type\":\"EntryPoint\",\"urlTemplate\":\"https:\/\/www.welovecycling.com\/pl\/?s={search_term_string}\"},\"query-input\":{\"@type\":\"PropertyValueSpecification\",\"valueRequired\":true,\"valueName\":\"search_term_string\"}}],\"inLanguage\":\"pl-PL\"},{\"@type\":\"Person\",\"@id\":\"https:\/\/www.welovecycling.com\/pl\/#\/schema\/person\/0dba2d39da943db9df3fd8f4687e7f23\",\"name\":\"piotrboczkowski\",\"image\":{\"@type\":\"ImageObject\",\"inLanguage\":\"pl-PL\",\"@id\":\"https:\/\/www.welovecycling.com\/pl\/#\/schema\/person\/image\/\",\"url\":\"https:\/\/secure.gravatar.com\/avatar\/533caccae14752e03a2ce2d3fd62d1b98b93e1393c3195c27819e53344ca1ace?s=96&d=mm&r=g\",\"contentUrl\":\"https:\/\/secure.gravatar.com\/avatar\/533caccae14752e03a2ce2d3fd62d1b98b93e1393c3195c27819e53344ca1ace?s=96&d=mm&r=g\",\"caption\":\"piotrboczkowski\"},\"url\":\"https:\/\/www.welovecycling.com\/pl\/author\/piotrboczkowski\/\"}]}<\/script>\n<!-- \/ Yoast SEO Premium plugin. -->","yoast_head_json":{"title":"\u0160koda nap\u0119dza Druga Rund\u0119 Pucharu MTB Sudety 2017 - \u0160koda We Love Cycling - Poland","robots":{"index":"index","follow":"follow","max-snippet":"max-snippet:-1","max-image-preview":"max-image-preview:large","max-video-preview":"max-video-preview:-1"},"canonical":"https:\/\/www.welovecycling.com\/pl\/2017\/05\/19\/skoda-napedza-druga-runde-pucharu-mtb-sudety-2017\/","og_locale":"pl_PL","og_type":"article","og_title":"\u0160koda nap\u0119dza Druga Rund\u0119 Pucharu MTB Sudety 2017","og_description":"W ubieg\u0142\u0105 niedziel\u0119, w samym sercu Strefy MTB Sudety w G\u0142uszycy odby\u0142a si\u0119 Druga Runda Pucharu MTB Sudety 2017. Na [&hellip;]","og_url":"https:\/\/www.welovecycling.com\/pl\/2017\/05\/19\/skoda-napedza-druga-runde-pucharu-mtb-sudety-2017\/","og_site_name":"\u0160koda We Love Cycling - Poland","article_published_time":"2017-05-19T14:56:38+00:00","article_modified_time":"2017-05-19T14:57:03+00:00","og_image":[{"width":1024,"height":575,"url":"https:\/\/d2p6e6u75xmxt8.cloudfront.net\/5\/2017\/05\/IMG_20170514_141645-1024x575.jpg","type":"image\/jpeg"}],"author":"piotrboczkowski","twitter_card":"summary_large_image","twitter_misc":{"Written by":"WeLoveCycling","Est. reading time":"1 minute"},"schema":{"@context":"https:\/\/schema.org","@graph":[{"@type":"WebPage","@id":"https:\/\/www.welovecycling.com\/pl\/2017\/05\/19\/skoda-napedza-druga-runde-pucharu-mtb-sudety-2017\/","url":"https:\/\/www.welovecycling.com\/pl\/2017\/05\/19\/skoda-napedza-druga-runde-pucharu-mtb-sudety-2017\/","name":"\u0160koda nap\u0119dza Druga Rund\u0119 Pucharu MTB Sudety 2017 - \u0160koda We Love Cycling - Poland","isPartOf":{"@id":"https:\/\/www.welovecycling.com\/pl\/#website"},"primaryImageOfPage":{"@id":"https:\/\/www.welovecycling.com\/pl\/2017\/05\/19\/skoda-napedza-druga-runde-pucharu-mtb-sudety-2017\/#primaryimage"},"image":{"@id":"https:\/\/www.welovecycling.com\/pl\/2017\/05\/19\/skoda-napedza-druga-runde-pucharu-mtb-sudety-2017\/#primaryimage"},"thumbnailUrl":"https:\/\/d2p6e6u75xmxt8.cloudfront.net\/5\/2017\/05\/IMG_20170514_141645.jpg","datePublished":"2017-05-19T14:56:38+00:00","dateModified":"2017-05-19T14:57:03+00:00","author":{"@id":"https:\/\/www.welovecycling.com\/pl\/#\/schema\/person\/0dba2d39da943db9df3fd8f4687e7f23"},"breadcrumb":{"@id":"https:\/\/www.welovecycling.com\/pl\/2017\/05\/19\/skoda-napedza-druga-runde-pucharu-mtb-sudety-2017\/#breadcrumb"},"inLanguage":"pl-PL","potentialAction":[{"@type":"ReadAction","target":["https:\/\/www.welovecycling.com\/pl\/2017\/05\/19\/skoda-napedza-druga-runde-pucharu-mtb-sudety-2017\/"]}]},{"@type":"ImageObject","inLanguage":"pl-PL","@id":"https:\/\/www.welovecycling.com\/pl\/2017\/05\/19\/skoda-napedza-druga-runde-pucharu-mtb-sudety-2017\/#primaryimage","url":"https:\/\/d2p6e6u75xmxt8.cloudfront.net\/5\/2017\/05\/IMG_20170514_141645.jpg","contentUrl":"https:\/\/d2p6e6u75xmxt8.cloudfront.net\/5\/2017\/05\/IMG_20170514_141645.jpg","width":4160,"height":2336},{"@type":"BreadcrumbList","@id":"https:\/\/www.welovecycling.com\/pl\/2017\/05\/19\/skoda-napedza-druga-runde-pucharu-mtb-sudety-2017\/#breadcrumb","itemListElement":[{"@type":"ListItem","position":1,"name":"Home","item":"https:\/\/www.welovecycling.com\/pl\/"},{"@type":"ListItem","position":2,"name":"\u0160koda nap\u0119dza Druga Rund\u0119 Pucharu MTB Sudety 2017"}]},{"@type":"WebSite","@id":"https:\/\/www.welovecycling.com\/pl\/#website","url":"https:\/\/www.welovecycling.com\/pl\/","name":"\u0160koda We Love Cycling - Poland","description":"","potentialAction":[{"@type":"SearchAction","target":{"@type":"EntryPoint","urlTemplate":"https:\/\/www.welovecycling.com\/pl\/?s={search_term_string}"},"query-input":{"@type":"PropertyValueSpecification","valueRequired":true,"valueName":"search_term_string"}}],"inLanguage":"pl-PL"},{"@type":"Person","@id":"https:\/\/www.welovecycling.com\/pl\/#\/schema\/person\/0dba2d39da943db9df3fd8f4687e7f23","name":"piotrboczkowski","image":{"@type":"ImageObject","inLanguage":"pl-PL","@id":"https:\/\/www.welovecycling.com\/pl\/#\/schema\/person\/image\/","url":"https:\/\/secure.gravatar.com\/avatar\/533caccae14752e03a2ce2d3fd62d1b98b93e1393c3195c27819e53344ca1ace?s=96&d=mm&r=g","contentUrl":"https:\/\/secure.gravatar.com\/avatar\/533caccae14752e03a2ce2d3fd62d1b98b93e1393c3195c27819e53344ca1ace?s=96&d=mm&r=g","caption":"piotrboczkowski"},"url":"https:\/\/www.welovecycling.com\/pl\/author\/piotrboczkowski\/"}]}},"_links":{"self":[{"href":"https:\/\/www.welovecycling.com\/pl\/wp-json\/wp\/v2\/posts\/3836","targetHints":{"allow":["GET"]}}],"collection":[{"href":"https:\/\/www.welovecycling.com\/pl\/wp-json\/wp\/v2\/posts"}],"about":[{"href":"https:\/\/www.welovecycling.com\/pl\/wp-json\/wp\/v2\/types\/post"}],"author":[{"embeddable":true,"href":"https:\/\/www.welovecycling.com\/pl\/wp-json\/wp\/v2\/users\/76"}],"replies":[{"embeddable":true,"href":"https:\/\/www.welovecycling.com\/pl\/wp-json\/wp\/v2\/comments?post=3836"}],"version-history":[{"count":2,"href":"https:\/\/www.welovecycling.com\/pl\/wp-json\/wp\/v2\/posts\/3836\/revisions"}],"predecessor-version":[{"id":3843,"href":"https:\/\/www.welovecycling.com\/pl\/wp-json\/wp\/v2\/posts\/3836\/revisions\/3843"}],"wp:featuredmedia":[{"embeddable":true,"href":"https:\/\/www.welovecycling.com\/pl\/wp-json\/wp\/v2\/media\/3837"}],"wp:attachment":[{"href":"https:\/\/www.welovecycling.com\/pl\/wp-json\/wp\/v2\/media?parent=3836"}],"wp:term":[{"taxonomy":"category","embeddable":true,"href":"https:\/\/www.welovecycling.com\/pl\/wp-json\/wp\/v2\/categories?post=3836"},{"taxonomy":"post_tag","embeddable":true,"href":"https:\/\/www.welovecycling.com\/pl\/wp-json\/wp\/v2\/tags?post=3836"},{"taxonomy":"global-categories","embeddable":true,"href":"https:\/\/www.welovecycling.com\/pl\/wp-json\/wp\/v2\/global-categories?post=3836"}],"curies":[{"name":"wp","href":"https:\/\/api.w.org\/{rel}","templated":true}]}}