{"id":3825,"date":"2017-05-18T14:29:09","date_gmt":"2017-05-18T14:29:09","guid":{"rendered":"https:\/\/www.welovecycling.com\/pl\/?p=3825"},"modified":"2017-05-18T14:29:30","modified_gmt":"2017-05-18T14:29:30","slug":"skoda-napedza-rowery-minsku-mazowieckim","status":"publish","type":"post","link":"https:\/\/www.welovecycling.com\/pl\/2017\/05\/18\/skoda-napedza-rowery-minsku-mazowieckim\/","title":{"rendered":"\u0160koda nap\u0119dza rowery w Mi\u0144sku Mazowieckim"},"content":{"rendered":"<p>13 maja w Mi\u0144sku Mazowieckim nap\u0119dzali\u015bmy trzeci etap cyklu kolarskiego \u017bTC BIKE RACE. Dziewi\u0105ta edycja Memoria\u0142u Feliksa Rawskiego przyci\u0105gn\u0119\u0142a ponad 200 uczestnik\u00f3w.<\/p>\n<p>Pogoda dopisa\u0142a! Sk\u0105pani w s\u0142o\u0144cu zawodnicy wystartowali o godzinie 12. W zale\u017cno\u015bci od kategorii wiekowej, pokonywali dystans od 38 do 114 kilometr\u00f3w. Wy\u015bcig pilotowa\u0142y \u0160koda KODIAQ i dwie \u0160KODY SUPERB.<\/p>\n<p><a href=\"https:\/\/d2p6e6u75xmxt8.cloudfront.net\/5\/2017\/05\/4.jpg\"><img loading=\"lazy\" decoding=\"async\" class=\"alignnone size-large wp-image-3826\" src=\"https:\/\/d2p6e6u75xmxt8.cloudfront.net\/5\/2017\/05\/4-1024x574.jpg\" alt=\"\" width=\"1024\" height=\"574\" srcset=\"https:\/\/d2p6e6u75xmxt8.cloudfront.net\/5\/2017\/05\/4-1024x574.jpg 1024w, https:\/\/d2p6e6u75xmxt8.cloudfront.net\/5\/2017\/05\/4-300x168.jpg 300w, https:\/\/d2p6e6u75xmxt8.cloudfront.net\/5\/2017\/05\/4-768x431.jpg 768w\" sizes=\"auto, (max-width: 1024px) 100vw, 1024px\" \/><\/a><\/p>\n<p><a href=\"https:\/\/d2p6e6u75xmxt8.cloudfront.net\/5\/2017\/05\/10.JPG.jpg\"><img loading=\"lazy\" decoding=\"async\" class=\"alignnone size-large wp-image-3827\" src=\"https:\/\/d2p6e6u75xmxt8.cloudfront.net\/5\/2017\/05\/10.JPG-1024x683.jpg\" alt=\"\" width=\"1024\" height=\"683\" srcset=\"https:\/\/d2p6e6u75xmxt8.cloudfront.net\/5\/2017\/05\/10.JPG-1024x683.jpg 1024w, https:\/\/d2p6e6u75xmxt8.cloudfront.net\/5\/2017\/05\/10.JPG-300x200.jpg 300w, https:\/\/d2p6e6u75xmxt8.cloudfront.net\/5\/2017\/05\/10.JPG-768x512.jpg 768w, https:\/\/d2p6e6u75xmxt8.cloudfront.net\/5\/2017\/05\/10.JPG-272x182.jpg 272w\" sizes=\"auto, (max-width: 1024px) 100vw, 1024px\" \/><\/a><\/p>\n<p><a href=\"https:\/\/d2p6e6u75xmxt8.cloudfront.net\/5\/2017\/05\/22.jpg\"><img loading=\"lazy\" decoding=\"async\" class=\"alignnone size-large wp-image-3828\" src=\"https:\/\/d2p6e6u75xmxt8.cloudfront.net\/5\/2017\/05\/22-1024x683.jpg\" alt=\"\" width=\"1024\" height=\"683\" srcset=\"https:\/\/d2p6e6u75xmxt8.cloudfront.net\/5\/2017\/05\/22-1024x683.jpg 1024w, https:\/\/d2p6e6u75xmxt8.cloudfront.net\/5\/2017\/05\/22-300x200.jpg 300w, https:\/\/d2p6e6u75xmxt8.cloudfront.net\/5\/2017\/05\/22-768x512.jpg 768w, https:\/\/d2p6e6u75xmxt8.cloudfront.net\/5\/2017\/05\/22-272x182.jpg 272w, https:\/\/d2p6e6u75xmxt8.cloudfront.net\/5\/2017\/05\/22.jpg 1600w\" sizes=\"auto, (max-width: 1024px) 100vw, 1024px\" \/><\/a><\/p>\n<p><a href=\"https:\/\/d2p6e6u75xmxt8.cloudfront.net\/5\/2017\/05\/23.jpg\"><img loading=\"lazy\" decoding=\"async\" class=\"alignnone size-large wp-image-3829\" src=\"https:\/\/d2p6e6u75xmxt8.cloudfront.net\/5\/2017\/05\/23-1024x683.jpg\" alt=\"\" width=\"1024\" height=\"683\" srcset=\"https:\/\/d2p6e6u75xmxt8.cloudfront.net\/5\/2017\/05\/23-1024x683.jpg 1024w, https:\/\/d2p6e6u75xmxt8.cloudfront.net\/5\/2017\/05\/23-300x200.jpg 300w, https:\/\/d2p6e6u75xmxt8.cloudfront.net\/5\/2017\/05\/23-768x512.jpg 768w, https:\/\/d2p6e6u75xmxt8.cloudfront.net\/5\/2017\/05\/23-272x182.jpg 272w, https:\/\/d2p6e6u75xmxt8.cloudfront.net\/5\/2017\/05\/23.jpg 1600w\" sizes=\"auto, (max-width: 1024px) 100vw, 1024px\" \/><\/a><\/p>\n<p><a href=\"https:\/\/d2p6e6u75xmxt8.cloudfront.net\/5\/2017\/05\/24.jpg\"><img loading=\"lazy\" decoding=\"async\" class=\"alignnone size-large wp-image-3830\" src=\"https:\/\/d2p6e6u75xmxt8.cloudfront.net\/5\/2017\/05\/24-1024x683.jpg\" alt=\"\" width=\"1024\" height=\"683\" srcset=\"https:\/\/d2p6e6u75xmxt8.cloudfront.net\/5\/2017\/05\/24-1024x683.jpg 1024w, https:\/\/d2p6e6u75xmxt8.cloudfront.net\/5\/2017\/05\/24-300x200.jpg 300w, https:\/\/d2p6e6u75xmxt8.cloudfront.net\/5\/2017\/05\/24-768x512.jpg 768w, https:\/\/d2p6e6u75xmxt8.cloudfront.net\/5\/2017\/05\/24-272x182.jpg 272w, https:\/\/d2p6e6u75xmxt8.cloudfront.net\/5\/2017\/05\/24.jpg 1600w\" sizes=\"auto, (max-width: 1024px) 100vw, 1024px\" \/><\/a><\/p>\n<p><a href=\"https:\/\/d2p6e6u75xmxt8.cloudfront.net\/5\/2017\/05\/27.jpg\"><img loading=\"lazy\" decoding=\"async\" class=\"alignnone size-large wp-image-3831\" src=\"https:\/\/d2p6e6u75xmxt8.cloudfront.net\/5\/2017\/05\/27-1024x683.jpg\" alt=\"\" width=\"1024\" height=\"683\" srcset=\"https:\/\/d2p6e6u75xmxt8.cloudfront.net\/5\/2017\/05\/27-1024x683.jpg 1024w, https:\/\/d2p6e6u75xmxt8.cloudfront.net\/5\/2017\/05\/27-300x200.jpg 300w, https:\/\/d2p6e6u75xmxt8.cloudfront.net\/5\/2017\/05\/27-768x512.jpg 768w, https:\/\/d2p6e6u75xmxt8.cloudfront.net\/5\/2017\/05\/27-272x182.jpg 272w, https:\/\/d2p6e6u75xmxt8.cloudfront.net\/5\/2017\/05\/27.jpg 1600w\" sizes=\"auto, (max-width: 1024px) 100vw, 1024px\" \/><\/a><\/p>\n<p><a href=\"https:\/\/d2p6e6u75xmxt8.cloudfront.net\/5\/2017\/05\/32.jpg\"><img loading=\"lazy\" decoding=\"async\" class=\"alignnone size-large wp-image-3833\" src=\"https:\/\/d2p6e6u75xmxt8.cloudfront.net\/5\/2017\/05\/32-1024x683.jpg\" alt=\"\" width=\"1024\" height=\"683\" srcset=\"https:\/\/d2p6e6u75xmxt8.cloudfront.net\/5\/2017\/05\/32-1024x683.jpg 1024w, https:\/\/d2p6e6u75xmxt8.cloudfront.net\/5\/2017\/05\/32-300x200.jpg 300w, https:\/\/d2p6e6u75xmxt8.cloudfront.net\/5\/2017\/05\/32-768x512.jpg 768w, https:\/\/d2p6e6u75xmxt8.cloudfront.net\/5\/2017\/05\/32-272x182.jpg 272w, https:\/\/d2p6e6u75xmxt8.cloudfront.net\/5\/2017\/05\/32.jpg 1600w\" sizes=\"auto, (max-width: 1024px) 100vw, 1024px\" \/><\/a><\/p>\n<p>Na uczestnik\u00f3w imprezy czeka\u0142o wiele atrakcji, w tym Bladecross, czyli pokonywanie toru przeszk\u00f3d ustawionego z opon i barierek. W Mi\u0144sku Mazowieckim nie zabrak\u0142o te\u017c warsztat\u00f3w i pokaz\u00f3w dla rolkarzy i deskorolkarzy.<\/p>\n<p>Go\u015bcie eventu mieli okazj\u0119 spr\u00f3bowa\u0107 swoich si\u0142 w konkursie jazdy rowerem po 10-cio metrowej szynie. Wed\u0142ug legendy, jeszcze przed wybuchem I wojny \u015bwiatowej Feliks Rawski za\u0142o\u017cy\u0142 si\u0119, \u017ce przejedzie kolarskim rowerem po 60-cio metrowej szynie i tego dokona\u0142. Konkurs jest nawi\u0105zaniem do tego wydarzenia.<\/p>\n<p>Nie lada gratk\u0105 podczas wydarzenia by\u0142a mo\u017cliwo\u015b\u0107 wygrania \u0160KODY z pe\u0142nym bakiem na weekend w konkursie organizowanym przy stoisku Autoryzowanego salonu marki \u0160koda Carsed. Zadaniem konkursowym by\u0142o doko\u0144czenie zdania \u201e\u0160koda OCTAVIA nastr\u00f3j poprawia, bo\u2026\u201d. Kreatywno\u015b\u0107 uczestnik\u00f3w spowodowa\u0142a przyznanie dw\u00f3ch r\u00f3wnorz\u0119dnych nagr\u00f3d.<\/p>\n<p>Autoryzowany salon marki \u0160koda Carsed reprezentowa\u0142 Piotr Drela, zawodnik z numerem 2392. Piotr zaj\u0105\u0142 4-te miejsce w swojej kategorii. Piotr to zapalony kola\u017c szosowy i MTB. Jeste\u015bmy dumni ze wszystkich uczestnik\u00f3w wy\u015bcigu. Do zobaczenia za rok!<\/p>\n<p><a href=\"https:\/\/d2p6e6u75xmxt8.cloudfront.net\/5\/2017\/05\/43.jpg\"><img loading=\"lazy\" decoding=\"async\" class=\"alignnone size-large wp-image-3834\" src=\"https:\/\/d2p6e6u75xmxt8.cloudfront.net\/5\/2017\/05\/43-1024x576.jpg\" alt=\"\" width=\"1024\" height=\"576\" srcset=\"https:\/\/d2p6e6u75xmxt8.cloudfront.net\/5\/2017\/05\/43-1024x576.jpg 1024w, https:\/\/d2p6e6u75xmxt8.cloudfront.net\/5\/2017\/05\/43-300x169.jpg 300w, https:\/\/d2p6e6u75xmxt8.cloudfront.net\/5\/2017\/05\/43-768x432.jpg 768w, https:\/\/d2p6e6u75xmxt8.cloudfront.net\/5\/2017\/05\/43.jpg 2048w\" sizes=\"auto, (max-width: 1024px) 100vw, 1024px\" \/><\/a><\/p>\n<p>(\u017ar\u00f3d\u0142o zdj\u0119\u0107:\u00a0Autoryzowany salon marki \u0160koda Carsed)<\/p>\n","protected":false},"excerpt":{"rendered":"<p>13 maja w Mi\u0144sku Mazowieckim nap\u0119dzali\u015bmy trzeci etap cyklu kolarskiego \u017bTC BIKE RACE. Dziewi\u0105ta edycja Memoria\u0142u Feliksa Rawskiego przyci\u0105gn\u0119\u0142a ponad [&hellip;]<\/p>\n","protected":false},"author":76,"featured_media":3832,"comment_status":"open","ping_status":"open","sticky":false,"template":"","format":"standard","meta":{"footnotes":""},"categories":[1],"tags":[138,66,137],"global-categories":[],"class_list":["post-3825","post","type-post","status-publish","format-standard","has-post-thumbnail","hentry","category-uncategorized","tag-relacje","tag-skodanapedzarowery","tag-wyscigi"],"yoast_head":"<!-- This site is optimized with the Yoast SEO Premium plugin v25.3 (Yoast SEO v25.9) - https:\/\/yoast.com\/wordpress\/plugins\/seo\/ -->\n<title>\u0160koda nap\u0119dza rowery w Mi\u0144sku Mazowieckim - \u0160koda We Love Cycling - Poland<\/title>\n<meta name=\"robots\" content=\"index, follow, max-snippet:-1, max-image-preview:large, max-video-preview:-1\" \/>\n<link rel=\"canonical\" href=\"https:\/\/www.welovecycling.com\/pl\/2017\/05\/18\/skoda-napedza-rowery-minsku-mazowieckim\/\" \/>\n<meta property=\"og:locale\" content=\"pl_PL\" \/>\n<meta property=\"og:type\" content=\"article\" \/>\n<meta property=\"og:title\" content=\"\u0160koda nap\u0119dza rowery w Mi\u0144sku Mazowieckim\" \/>\n<meta property=\"og:description\" content=\"13 maja w Mi\u0144sku Mazowieckim nap\u0119dzali\u015bmy trzeci etap cyklu kolarskiego \u017bTC BIKE RACE. Dziewi\u0105ta edycja Memoria\u0142u Feliksa Rawskiego przyci\u0105gn\u0119\u0142a ponad [&hellip;]\" \/>\n<meta property=\"og:url\" content=\"https:\/\/www.welovecycling.com\/pl\/2017\/05\/18\/skoda-napedza-rowery-minsku-mazowieckim\/\" \/>\n<meta property=\"og:site_name\" content=\"\u0160koda We Love Cycling - Poland\" \/>\n<meta property=\"article:published_time\" content=\"2017-05-18T14:29:09+00:00\" \/>\n<meta property=\"article:modified_time\" content=\"2017-05-18T14:29:30+00:00\" \/>\n<meta property=\"og:image\" content=\"https:\/\/d2p6e6u75xmxt8.cloudfront.net\/5\/2017\/05\/31.jpg\" \/>\n\t<meta property=\"og:image:width\" content=\"1600\" \/>\n\t<meta property=\"og:image:height\" content=\"1067\" \/>\n\t<meta property=\"og:image:type\" content=\"image\/jpeg\" \/>\n<meta name=\"author\" content=\"piotrboczkowski\" \/>\n<meta name=\"twitter:card\" content=\"summary_large_image\" \/>\n<meta name=\"twitter:label1\" content=\"Written by\" \/>\n\t<meta name=\"twitter:data1\" content=\"WeLoveCycling\" \/>\n\t<meta name=\"twitter:label2\" content=\"Est. reading time\" \/>\n\t<meta name=\"twitter:data2\" content=\"1 minute\" \/>\n<script type=\"application\/ld+json\" class=\"yoast-schema-graph\">{\"@context\":\"https:\/\/schema.org\",\"@graph\":[{\"@type\":\"WebPage\",\"@id\":\"https:\/\/www.welovecycling.com\/pl\/2017\/05\/18\/skoda-napedza-rowery-minsku-mazowieckim\/\",\"url\":\"https:\/\/www.welovecycling.com\/pl\/2017\/05\/18\/skoda-napedza-rowery-minsku-mazowieckim\/\",\"name\":\"\u0160koda nap\u0119dza rowery w Mi\u0144sku Mazowieckim - \u0160koda We Love Cycling - Poland\",\"isPartOf\":{\"@id\":\"https:\/\/www.welovecycling.com\/pl\/#website\"},\"primaryImageOfPage\":{\"@id\":\"https:\/\/www.welovecycling.com\/pl\/2017\/05\/18\/skoda-napedza-rowery-minsku-mazowieckim\/#primaryimage\"},\"image\":{\"@id\":\"https:\/\/www.welovecycling.com\/pl\/2017\/05\/18\/skoda-napedza-rowery-minsku-mazowieckim\/#primaryimage\"},\"thumbnailUrl\":\"https:\/\/d2p6e6u75xmxt8.cloudfront.net\/5\/2017\/05\/31.jpg\",\"datePublished\":\"2017-05-18T14:29:09+00:00\",\"dateModified\":\"2017-05-18T14:29:30+00:00\",\"author\":{\"@id\":\"https:\/\/www.welovecycling.com\/pl\/#\/schema\/person\/0dba2d39da943db9df3fd8f4687e7f23\"},\"breadcrumb\":{\"@id\":\"https:\/\/www.welovecycling.com\/pl\/2017\/05\/18\/skoda-napedza-rowery-minsku-mazowieckim\/#breadcrumb\"},\"inLanguage\":\"pl-PL\",\"potentialAction\":[{\"@type\":\"ReadAction\",\"target\":[\"https:\/\/www.welovecycling.com\/pl\/2017\/05\/18\/skoda-napedza-rowery-minsku-mazowieckim\/\"]}]},{\"@type\":\"ImageObject\",\"inLanguage\":\"pl-PL\",\"@id\":\"https:\/\/www.welovecycling.com\/pl\/2017\/05\/18\/skoda-napedza-rowery-minsku-mazowieckim\/#primaryimage\",\"url\":\"https:\/\/d2p6e6u75xmxt8.cloudfront.net\/5\/2017\/05\/31.jpg\",\"contentUrl\":\"https:\/\/d2p6e6u75xmxt8.cloudfront.net\/5\/2017\/05\/31.jpg\",\"width\":1600,\"height\":1067},{\"@type\":\"BreadcrumbList\",\"@id\":\"https:\/\/www.welovecycling.com\/pl\/2017\/05\/18\/skoda-napedza-rowery-minsku-mazowieckim\/#breadcrumb\",\"itemListElement\":[{\"@type\":\"ListItem\",\"position\":1,\"name\":\"Home\",\"item\":\"https:\/\/www.welovecycling.com\/pl\/\"},{\"@type\":\"ListItem\",\"position\":2,\"name\":\"\u0160koda nap\u0119dza rowery w Mi\u0144sku Mazowieckim\"}]},{\"@type\":\"WebSite\",\"@id\":\"https:\/\/www.welovecycling.com\/pl\/#website\",\"url\":\"https:\/\/www.welovecycling.com\/pl\/\",\"name\":\"\u0160koda We Love Cycling - Poland\",\"description\":\"\",\"potentialAction\":[{\"@type\":\"SearchAction\",\"target\":{\"@type\":\"EntryPoint\",\"urlTemplate\":\"https:\/\/www.welovecycling.com\/pl\/?s={search_term_string}\"},\"query-input\":{\"@type\":\"PropertyValueSpecification\",\"valueRequired\":true,\"valueName\":\"search_term_string\"}}],\"inLanguage\":\"pl-PL\"},{\"@type\":\"Person\",\"@id\":\"https:\/\/www.welovecycling.com\/pl\/#\/schema\/person\/0dba2d39da943db9df3fd8f4687e7f23\",\"name\":\"piotrboczkowski\",\"image\":{\"@type\":\"ImageObject\",\"inLanguage\":\"pl-PL\",\"@id\":\"https:\/\/www.welovecycling.com\/pl\/#\/schema\/person\/image\/\",\"url\":\"https:\/\/secure.gravatar.com\/avatar\/533caccae14752e03a2ce2d3fd62d1b98b93e1393c3195c27819e53344ca1ace?s=96&d=mm&r=g\",\"contentUrl\":\"https:\/\/secure.gravatar.com\/avatar\/533caccae14752e03a2ce2d3fd62d1b98b93e1393c3195c27819e53344ca1ace?s=96&d=mm&r=g\",\"caption\":\"piotrboczkowski\"},\"url\":\"https:\/\/www.welovecycling.com\/pl\/author\/piotrboczkowski\/\"}]}<\/script>\n<!-- \/ Yoast SEO Premium plugin. -->","yoast_head_json":{"title":"\u0160koda nap\u0119dza rowery w Mi\u0144sku Mazowieckim - \u0160koda We Love Cycling - Poland","robots":{"index":"index","follow":"follow","max-snippet":"max-snippet:-1","max-image-preview":"max-image-preview:large","max-video-preview":"max-video-preview:-1"},"canonical":"https:\/\/www.welovecycling.com\/pl\/2017\/05\/18\/skoda-napedza-rowery-minsku-mazowieckim\/","og_locale":"pl_PL","og_type":"article","og_title":"\u0160koda nap\u0119dza rowery w Mi\u0144sku Mazowieckim","og_description":"13 maja w Mi\u0144sku Mazowieckim nap\u0119dzali\u015bmy trzeci etap cyklu kolarskiego \u017bTC BIKE RACE. Dziewi\u0105ta edycja Memoria\u0142u Feliksa Rawskiego przyci\u0105gn\u0119\u0142a ponad [&hellip;]","og_url":"https:\/\/www.welovecycling.com\/pl\/2017\/05\/18\/skoda-napedza-rowery-minsku-mazowieckim\/","og_site_name":"\u0160koda We Love Cycling - Poland","article_published_time":"2017-05-18T14:29:09+00:00","article_modified_time":"2017-05-18T14:29:30+00:00","og_image":[{"width":1600,"height":1067,"url":"https:\/\/d2p6e6u75xmxt8.cloudfront.net\/5\/2017\/05\/31.jpg","type":"image\/jpeg"}],"author":"piotrboczkowski","twitter_card":"summary_large_image","twitter_misc":{"Written by":"WeLoveCycling","Est. reading time":"1 minute"},"schema":{"@context":"https:\/\/schema.org","@graph":[{"@type":"WebPage","@id":"https:\/\/www.welovecycling.com\/pl\/2017\/05\/18\/skoda-napedza-rowery-minsku-mazowieckim\/","url":"https:\/\/www.welovecycling.com\/pl\/2017\/05\/18\/skoda-napedza-rowery-minsku-mazowieckim\/","name":"\u0160koda nap\u0119dza rowery w Mi\u0144sku Mazowieckim - \u0160koda We Love Cycling - Poland","isPartOf":{"@id":"https:\/\/www.welovecycling.com\/pl\/#website"},"primaryImageOfPage":{"@id":"https:\/\/www.welovecycling.com\/pl\/2017\/05\/18\/skoda-napedza-rowery-minsku-mazowieckim\/#primaryimage"},"image":{"@id":"https:\/\/www.welovecycling.com\/pl\/2017\/05\/18\/skoda-napedza-rowery-minsku-mazowieckim\/#primaryimage"},"thumbnailUrl":"https:\/\/d2p6e6u75xmxt8.cloudfront.net\/5\/2017\/05\/31.jpg","datePublished":"2017-05-18T14:29:09+00:00","dateModified":"2017-05-18T14:29:30+00:00","author":{"@id":"https:\/\/www.welovecycling.com\/pl\/#\/schema\/person\/0dba2d39da943db9df3fd8f4687e7f23"},"breadcrumb":{"@id":"https:\/\/www.welovecycling.com\/pl\/2017\/05\/18\/skoda-napedza-rowery-minsku-mazowieckim\/#breadcrumb"},"inLanguage":"pl-PL","potentialAction":[{"@type":"ReadAction","target":["https:\/\/www.welovecycling.com\/pl\/2017\/05\/18\/skoda-napedza-rowery-minsku-mazowieckim\/"]}]},{"@type":"ImageObject","inLanguage":"pl-PL","@id":"https:\/\/www.welovecycling.com\/pl\/2017\/05\/18\/skoda-napedza-rowery-minsku-mazowieckim\/#primaryimage","url":"https:\/\/d2p6e6u75xmxt8.cloudfront.net\/5\/2017\/05\/31.jpg","contentUrl":"https:\/\/d2p6e6u75xmxt8.cloudfront.net\/5\/2017\/05\/31.jpg","width":1600,"height":1067},{"@type":"BreadcrumbList","@id":"https:\/\/www.welovecycling.com\/pl\/2017\/05\/18\/skoda-napedza-rowery-minsku-mazowieckim\/#breadcrumb","itemListElement":[{"@type":"ListItem","position":1,"name":"Home","item":"https:\/\/www.welovecycling.com\/pl\/"},{"@type":"ListItem","position":2,"name":"\u0160koda nap\u0119dza rowery w Mi\u0144sku Mazowieckim"}]},{"@type":"WebSite","@id":"https:\/\/www.welovecycling.com\/pl\/#website","url":"https:\/\/www.welovecycling.com\/pl\/","name":"\u0160koda We Love Cycling - Poland","description":"","potentialAction":[{"@type":"SearchAction","target":{"@type":"EntryPoint","urlTemplate":"https:\/\/www.welovecycling.com\/pl\/?s={search_term_string}"},"query-input":{"@type":"PropertyValueSpecification","valueRequired":true,"valueName":"search_term_string"}}],"inLanguage":"pl-PL"},{"@type":"Person","@id":"https:\/\/www.welovecycling.com\/pl\/#\/schema\/person\/0dba2d39da943db9df3fd8f4687e7f23","name":"piotrboczkowski","image":{"@type":"ImageObject","inLanguage":"pl-PL","@id":"https:\/\/www.welovecycling.com\/pl\/#\/schema\/person\/image\/","url":"https:\/\/secure.gravatar.com\/avatar\/533caccae14752e03a2ce2d3fd62d1b98b93e1393c3195c27819e53344ca1ace?s=96&d=mm&r=g","contentUrl":"https:\/\/secure.gravatar.com\/avatar\/533caccae14752e03a2ce2d3fd62d1b98b93e1393c3195c27819e53344ca1ace?s=96&d=mm&r=g","caption":"piotrboczkowski"},"url":"https:\/\/www.welovecycling.com\/pl\/author\/piotrboczkowski\/"}]}},"_links":{"self":[{"href":"https:\/\/www.welovecycling.com\/pl\/wp-json\/wp\/v2\/posts\/3825","targetHints":{"allow":["GET"]}}],"collection":[{"href":"https:\/\/www.welovecycling.com\/pl\/wp-json\/wp\/v2\/posts"}],"about":[{"href":"https:\/\/www.welovecycling.com\/pl\/wp-json\/wp\/v2\/types\/post"}],"author":[{"embeddable":true,"href":"https:\/\/www.welovecycling.com\/pl\/wp-json\/wp\/v2\/users\/76"}],"replies":[{"embeddable":true,"href":"https:\/\/www.welovecycling.com\/pl\/wp-json\/wp\/v2\/comments?post=3825"}],"version-history":[{"count":1,"href":"https:\/\/www.welovecycling.com\/pl\/wp-json\/wp\/v2\/posts\/3825\/revisions"}],"predecessor-version":[{"id":3835,"href":"https:\/\/www.welovecycling.com\/pl\/wp-json\/wp\/v2\/posts\/3825\/revisions\/3835"}],"wp:featuredmedia":[{"embeddable":true,"href":"https:\/\/www.welovecycling.com\/pl\/wp-json\/wp\/v2\/media\/3832"}],"wp:attachment":[{"href":"https:\/\/www.welovecycling.com\/pl\/wp-json\/wp\/v2\/media?parent=3825"}],"wp:term":[{"taxonomy":"category","embeddable":true,"href":"https:\/\/www.welovecycling.com\/pl\/wp-json\/wp\/v2\/categories?post=3825"},{"taxonomy":"post_tag","embeddable":true,"href":"https:\/\/www.welovecycling.com\/pl\/wp-json\/wp\/v2\/tags?post=3825"},{"taxonomy":"global-categories","embeddable":true,"href":"https:\/\/www.welovecycling.com\/pl\/wp-json\/wp\/v2\/global-categories?post=3825"}],"curies":[{"name":"wp","href":"https:\/\/api.w.org\/{rel}","templated":true}]}}