{"id":3800,"date":"2017-05-16T09:43:36","date_gmt":"2017-05-16T09:43:36","guid":{"rendered":"https:\/\/www.welovecycling.com\/pl\/?p=3800"},"modified":"2017-06-29T09:58:59","modified_gmt":"2017-06-29T09:58:59","slug":"scigaj-sie-zawodowiec-letape-du-tour","status":"publish","type":"post","link":"https:\/\/www.welovecycling.com\/pl\/2017\/05\/16\/scigaj-sie-zawodowiec-letape-du-tour\/","title":{"rendered":"\u015acigaj si\u0119 jak zawodowiec na L\u2019\u00c9tape du Tour"},"content":{"rendered":"<p>L\u2019\u00c9tape du Tour to coroczna impreza, kt\u00f3ra pozwala tysi\u0105com kolarzy amator\u00f3w z ca\u0142ego \u015bwiata pokona\u0107 etap Tour de France. Wy\u015bcig wygl\u0105da tak samo jak 18 etap tegorocznego Touru. Oferuje nawet takie same luksusy, jakie czekaj\u0105 na zawodowc\u00f3w, na przyk\u0142ad zamkni\u0119te drogi, samochody wsparcia technicznego, punkty od\u017cywcze i s\u0142ynny samoch\u00f3d, kt\u00f3ry zabiera z trasy tych, kt\u00f3rzy odpadli. Tak na marginesie, masz szans\u0119 wygra\u0107 jedno z siedmiu miejsc w naszym zespole i pojecha\u0107 z nami! We\u017a udzia\u0142 w konkursie <strong><a href=\"https:\/\/www.welovecycling.com\/pl\/letape-du-tour-2017\/\">tutaj<\/a>.<\/strong><\/p>\n<h4><strong>Poznaj Tour De France od strony uczestnika<\/strong><\/h4>\n<p>L\u2019\u00c9tape du Tour odby\u0142 si\u0119 po raz pierwszy w 1993 roku. Pierwotnie pomys\u0142odawcom chodzi\u0142o o umo\u017cliwienie kolarzom amatorom do\u015bwiadczenia zapieraj\u0105cego dech w piersiach pi\u0119kna i koszmarnego zm\u0119czenia ci\u0119\u017ckich etap\u00f3w g\u00f3rskich Tour de France. W ubieg\u0142ym roku udzia\u0142 wzi\u0119\u0142o 15 tys. kolarzy, a koncepcja pozosta\u0142a niezmienna od dwudziestu lat, kt\u00f3re min\u0119\u0142y od pierwszego wy\u015bcigu. Wy\u015bcig zaczyna si\u0119 zwykle do\u015b\u0107 wcze\u015bnie, uczestnicy s\u0105 podzieleni si\u0119 zgodnie z poziomem umiej\u0119tno\u015bci: najszybsi z przodu, a najwolniejsi z ty\u0142u. Peleton szybko si\u0119 rozci\u0105ga i na trasie stale wida\u0107 jad\u0105cych kolarzy. Ostatni zawodnicy potrzebuj\u0105 zwykle ponad 10 godzin, aby dotrze\u0107 do linii mety, cho\u0107 w historii wy\u015bcigu zawsze by\u0142o wielu uczestnik\u00f3w, kt\u00f3rzy go nie uko\u0144czyli.<\/p>\n<h4><strong>Gdzie i kiedy?<\/strong><\/h4>\n<p>W tym roku L\u2019\u00c9tape odb\u0119dzie si\u0119 16 lipca. Osiemnasty etap 104. edycji Tour de France b\u0119dzie biec przez serce najbardziej majestatycznej i tajemniczej scenerii, w jakiej przysz\u0142o mierzy\u0107 si\u0119 sportowcom! Mi\u0119dzy Barcelonnette a Col de Vars (2109 m) rozgrzej\u0105 si\u0119 umys\u0142y i mi\u0119\u015bnie, a ostatnie 10 km do Izoard (2360 m), czyli ponad 9% \u015bredniego nachylenia r\u00f3wnie\u017c zapowiada niezapomniane wra\u017cenia. \u0141\u0105czna trasa 178 km obejmuj\u0105ca dwa du\u017ce podjazdy b\u0119dzie trudnym wyzwaniem dla ka\u017cdego.<\/p>\n<p><iframe loading=\"lazy\" src=\"https:\/\/www.youtube-nocookie.com\/embed\/EJ78UPfYbYA?ecver=1\" width=\"760\" height=\"480\" frameborder=\"0\" allowfullscreen=\"allowfullscreen\"><\/iframe><\/p>\n<h4><strong>Kto mo\u017ce wzi\u0105\u0107 udzia\u0142 w wy\u015bcigu?<\/strong><\/h4>\n<p>Wy\u015bcig jest otwarty dla wszystkich, kt\u00f3rzy odwa\u017c\u0105 si\u0119 zg\u0142osi\u0107 i zdo\u0142aj\u0105 si\u0119 dosta\u0107. A zainteresowanie jest ogromne. L\u2019\u00c9tape du Tour sta\u0142 si\u0119 powa\u017cnym wyzwaniem dla ambitnych kolarzy amator\u00f3w z ca\u0142ego \u015bwiata, ale daje tak\u017ce\u00a0 mo\u017cliwo\u015b\u0107 spr\u00f3bowania swoich si\u0142 na etapie Tour de France, dla wielu os\u00f3b jest to spe\u0142nienie marze\u0144. Od momentu do\u0142\u0105czenia do Tour de France jako g\u0142\u00f3wny sponsor 13 lat temu, \u0160koda oferuje mo\u017cliwo\u015b\u0107 finansowania dla os\u00f3b, kt\u00f3re chc\u0105 uczestniczy\u0107 w tym wyj\u0105tkowym wydarzeniu. W ostatnich dw\u00f3ch latach \u0160koda i We Love Cycling wys\u0142ali na wy\u015bcig 10 kolarzy amator\u00f3w.<\/p>\n<p>W tym roku mo\u017cesz by\u0107 jednym z uczestnik\u00f3w, kt\u00f3rzy b\u0119d\u0105 zmaga\u0107 si\u0119 ze wzg\u00f3rzami po\u0142udniowej Francji. <a href=\"https:\/\/www.welovecycling.com\/pl\/letape-du-tour-2017\/\">Zapraszamy do udzia\u0142u w konkursie<\/a>. Mo\u017cesz wygra\u0107 miejsce na dru\u017cynie \u0160koda We Love Cycling i stawi\u0107 czo\u0142o najwi\u0119kszemu wyzwaniu swojego \u017cycia.<\/p>\n","protected":false},"excerpt":{"rendered":"<p>L\u2019\u00c9tape du Tour to coroczna impreza, kt\u00f3ra pozwala tysi\u0105com kolarzy amator\u00f3w z ca\u0142ego \u015bwiata pokona\u0107 etap Tour de France. Wy\u015bcig [&hellip;]<\/p>\n","protected":false},"author":76,"featured_media":4333,"comment_status":"open","ping_status":"open","sticky":false,"template":"","format":"standard","meta":{"footnotes":""},"categories":[1],"tags":[53,140,66,77],"global-categories":[],"class_list":["post-3800","post","type-post","status-publish","format-standard","has-post-thumbnail","hentry","category-uncategorized","tag-konkurs","tag-letape-du-tour","tag-skodanapedzarowery","tag-tour-de-france"],"yoast_head":"<!-- This site is optimized with the Yoast SEO Premium plugin v25.3 (Yoast SEO v25.9) - https:\/\/yoast.com\/wordpress\/plugins\/seo\/ -->\n<title>\u015acigaj si\u0119 jak zawodowiec na L\u2019\u00c9tape du Tour - \u0160koda We Love Cycling - Poland<\/title>\n<meta name=\"robots\" content=\"index, follow, max-snippet:-1, max-image-preview:large, max-video-preview:-1\" \/>\n<link rel=\"canonical\" href=\"https:\/\/www.welovecycling.com\/pl\/2017\/05\/16\/scigaj-sie-zawodowiec-letape-du-tour\/\" \/>\n<meta property=\"og:locale\" content=\"pl_PL\" \/>\n<meta property=\"og:type\" content=\"article\" \/>\n<meta property=\"og:title\" content=\"\u015acigaj si\u0119 jak zawodowiec na L\u2019\u00c9tape du Tour\" \/>\n<meta property=\"og:description\" content=\"L\u2019\u00c9tape du Tour to coroczna impreza, kt\u00f3ra pozwala tysi\u0105com kolarzy amator\u00f3w z ca\u0142ego \u015bwiata pokona\u0107 etap Tour de France. Wy\u015bcig [&hellip;]\" \/>\n<meta property=\"og:url\" content=\"https:\/\/www.welovecycling.com\/pl\/2017\/05\/16\/scigaj-sie-zawodowiec-letape-du-tour\/\" \/>\n<meta property=\"og:site_name\" content=\"\u0160koda We Love Cycling - Poland\" \/>\n<meta property=\"article:published_time\" content=\"2017-05-16T09:43:36+00:00\" \/>\n<meta property=\"article:modified_time\" content=\"2017-06-29T09:58:59+00:00\" \/>\n<meta property=\"og:image\" content=\"https:\/\/d2p6e6u75xmxt8.cloudfront.net\/5\/2017\/05\/48754848_4484848-1.jpg\" \/>\n\t<meta property=\"og:image:width\" content=\"1375\" \/>\n\t<meta property=\"og:image:height\" content=\"600\" \/>\n\t<meta property=\"og:image:type\" content=\"image\/jpeg\" \/>\n<meta name=\"author\" content=\"piotrboczkowski\" \/>\n<meta name=\"twitter:card\" content=\"summary_large_image\" \/>\n<meta name=\"twitter:label1\" content=\"Written by\" \/>\n\t<meta name=\"twitter:data1\" content=\"WeLoveCycling\" \/>\n\t<meta name=\"twitter:label2\" content=\"Est. reading time\" \/>\n\t<meta name=\"twitter:data2\" content=\"2 minutes\" \/>\n<script type=\"application\/ld+json\" class=\"yoast-schema-graph\">{\"@context\":\"https:\/\/schema.org\",\"@graph\":[{\"@type\":\"WebPage\",\"@id\":\"https:\/\/www.welovecycling.com\/pl\/2017\/05\/16\/scigaj-sie-zawodowiec-letape-du-tour\/\",\"url\":\"https:\/\/www.welovecycling.com\/pl\/2017\/05\/16\/scigaj-sie-zawodowiec-letape-du-tour\/\",\"name\":\"\u015acigaj si\u0119 jak zawodowiec na L\u2019\u00c9tape du Tour - \u0160koda We Love Cycling - Poland\",\"isPartOf\":{\"@id\":\"https:\/\/www.welovecycling.com\/pl\/#website\"},\"primaryImageOfPage\":{\"@id\":\"https:\/\/www.welovecycling.com\/pl\/2017\/05\/16\/scigaj-sie-zawodowiec-letape-du-tour\/#primaryimage\"},\"image\":{\"@id\":\"https:\/\/www.welovecycling.com\/pl\/2017\/05\/16\/scigaj-sie-zawodowiec-letape-du-tour\/#primaryimage\"},\"thumbnailUrl\":\"https:\/\/d2p6e6u75xmxt8.cloudfront.net\/5\/2017\/05\/48754848_4484848-1.jpg\",\"datePublished\":\"2017-05-16T09:43:36+00:00\",\"dateModified\":\"2017-06-29T09:58:59+00:00\",\"author\":{\"@id\":\"https:\/\/www.welovecycling.com\/pl\/#\/schema\/person\/0dba2d39da943db9df3fd8f4687e7f23\"},\"breadcrumb\":{\"@id\":\"https:\/\/www.welovecycling.com\/pl\/2017\/05\/16\/scigaj-sie-zawodowiec-letape-du-tour\/#breadcrumb\"},\"inLanguage\":\"pl-PL\",\"potentialAction\":[{\"@type\":\"ReadAction\",\"target\":[\"https:\/\/www.welovecycling.com\/pl\/2017\/05\/16\/scigaj-sie-zawodowiec-letape-du-tour\/\"]}]},{\"@type\":\"ImageObject\",\"inLanguage\":\"pl-PL\",\"@id\":\"https:\/\/www.welovecycling.com\/pl\/2017\/05\/16\/scigaj-sie-zawodowiec-letape-du-tour\/#primaryimage\",\"url\":\"https:\/\/d2p6e6u75xmxt8.cloudfront.net\/5\/2017\/05\/48754848_4484848-1.jpg\",\"contentUrl\":\"https:\/\/d2p6e6u75xmxt8.cloudfront.net\/5\/2017\/05\/48754848_4484848-1.jpg\",\"width\":1375,\"height\":600},{\"@type\":\"BreadcrumbList\",\"@id\":\"https:\/\/www.welovecycling.com\/pl\/2017\/05\/16\/scigaj-sie-zawodowiec-letape-du-tour\/#breadcrumb\",\"itemListElement\":[{\"@type\":\"ListItem\",\"position\":1,\"name\":\"Home\",\"item\":\"https:\/\/www.welovecycling.com\/pl\/\"},{\"@type\":\"ListItem\",\"position\":2,\"name\":\"\u015acigaj si\u0119 jak zawodowiec na L\u2019\u00c9tape du Tour\"}]},{\"@type\":\"WebSite\",\"@id\":\"https:\/\/www.welovecycling.com\/pl\/#website\",\"url\":\"https:\/\/www.welovecycling.com\/pl\/\",\"name\":\"\u0160koda We Love Cycling - Poland\",\"description\":\"\",\"potentialAction\":[{\"@type\":\"SearchAction\",\"target\":{\"@type\":\"EntryPoint\",\"urlTemplate\":\"https:\/\/www.welovecycling.com\/pl\/?s={search_term_string}\"},\"query-input\":{\"@type\":\"PropertyValueSpecification\",\"valueRequired\":true,\"valueName\":\"search_term_string\"}}],\"inLanguage\":\"pl-PL\"},{\"@type\":\"Person\",\"@id\":\"https:\/\/www.welovecycling.com\/pl\/#\/schema\/person\/0dba2d39da943db9df3fd8f4687e7f23\",\"name\":\"piotrboczkowski\",\"image\":{\"@type\":\"ImageObject\",\"inLanguage\":\"pl-PL\",\"@id\":\"https:\/\/www.welovecycling.com\/pl\/#\/schema\/person\/image\/\",\"url\":\"https:\/\/secure.gravatar.com\/avatar\/533caccae14752e03a2ce2d3fd62d1b98b93e1393c3195c27819e53344ca1ace?s=96&d=mm&r=g\",\"contentUrl\":\"https:\/\/secure.gravatar.com\/avatar\/533caccae14752e03a2ce2d3fd62d1b98b93e1393c3195c27819e53344ca1ace?s=96&d=mm&r=g\",\"caption\":\"piotrboczkowski\"},\"url\":\"https:\/\/www.welovecycling.com\/pl\/author\/piotrboczkowski\/\"}]}<\/script>\n<!-- \/ Yoast SEO Premium plugin. -->","yoast_head_json":{"title":"\u015acigaj si\u0119 jak zawodowiec na L\u2019\u00c9tape du Tour - \u0160koda We Love Cycling - Poland","robots":{"index":"index","follow":"follow","max-snippet":"max-snippet:-1","max-image-preview":"max-image-preview:large","max-video-preview":"max-video-preview:-1"},"canonical":"https:\/\/www.welovecycling.com\/pl\/2017\/05\/16\/scigaj-sie-zawodowiec-letape-du-tour\/","og_locale":"pl_PL","og_type":"article","og_title":"\u015acigaj si\u0119 jak zawodowiec na L\u2019\u00c9tape du Tour","og_description":"L\u2019\u00c9tape du Tour to coroczna impreza, kt\u00f3ra pozwala tysi\u0105com kolarzy amator\u00f3w z ca\u0142ego \u015bwiata pokona\u0107 etap Tour de France. Wy\u015bcig [&hellip;]","og_url":"https:\/\/www.welovecycling.com\/pl\/2017\/05\/16\/scigaj-sie-zawodowiec-letape-du-tour\/","og_site_name":"\u0160koda We Love Cycling - Poland","article_published_time":"2017-05-16T09:43:36+00:00","article_modified_time":"2017-06-29T09:58:59+00:00","og_image":[{"width":1375,"height":600,"url":"https:\/\/d2p6e6u75xmxt8.cloudfront.net\/5\/2017\/05\/48754848_4484848-1.jpg","type":"image\/jpeg"}],"author":"piotrboczkowski","twitter_card":"summary_large_image","twitter_misc":{"Written by":"WeLoveCycling","Est. reading time":"2 minutes"},"schema":{"@context":"https:\/\/schema.org","@graph":[{"@type":"WebPage","@id":"https:\/\/www.welovecycling.com\/pl\/2017\/05\/16\/scigaj-sie-zawodowiec-letape-du-tour\/","url":"https:\/\/www.welovecycling.com\/pl\/2017\/05\/16\/scigaj-sie-zawodowiec-letape-du-tour\/","name":"\u015acigaj si\u0119 jak zawodowiec na L\u2019\u00c9tape du Tour - \u0160koda We Love Cycling - Poland","isPartOf":{"@id":"https:\/\/www.welovecycling.com\/pl\/#website"},"primaryImageOfPage":{"@id":"https:\/\/www.welovecycling.com\/pl\/2017\/05\/16\/scigaj-sie-zawodowiec-letape-du-tour\/#primaryimage"},"image":{"@id":"https:\/\/www.welovecycling.com\/pl\/2017\/05\/16\/scigaj-sie-zawodowiec-letape-du-tour\/#primaryimage"},"thumbnailUrl":"https:\/\/d2p6e6u75xmxt8.cloudfront.net\/5\/2017\/05\/48754848_4484848-1.jpg","datePublished":"2017-05-16T09:43:36+00:00","dateModified":"2017-06-29T09:58:59+00:00","author":{"@id":"https:\/\/www.welovecycling.com\/pl\/#\/schema\/person\/0dba2d39da943db9df3fd8f4687e7f23"},"breadcrumb":{"@id":"https:\/\/www.welovecycling.com\/pl\/2017\/05\/16\/scigaj-sie-zawodowiec-letape-du-tour\/#breadcrumb"},"inLanguage":"pl-PL","potentialAction":[{"@type":"ReadAction","target":["https:\/\/www.welovecycling.com\/pl\/2017\/05\/16\/scigaj-sie-zawodowiec-letape-du-tour\/"]}]},{"@type":"ImageObject","inLanguage":"pl-PL","@id":"https:\/\/www.welovecycling.com\/pl\/2017\/05\/16\/scigaj-sie-zawodowiec-letape-du-tour\/#primaryimage","url":"https:\/\/d2p6e6u75xmxt8.cloudfront.net\/5\/2017\/05\/48754848_4484848-1.jpg","contentUrl":"https:\/\/d2p6e6u75xmxt8.cloudfront.net\/5\/2017\/05\/48754848_4484848-1.jpg","width":1375,"height":600},{"@type":"BreadcrumbList","@id":"https:\/\/www.welovecycling.com\/pl\/2017\/05\/16\/scigaj-sie-zawodowiec-letape-du-tour\/#breadcrumb","itemListElement":[{"@type":"ListItem","position":1,"name":"Home","item":"https:\/\/www.welovecycling.com\/pl\/"},{"@type":"ListItem","position":2,"name":"\u015acigaj si\u0119 jak zawodowiec na L\u2019\u00c9tape du Tour"}]},{"@type":"WebSite","@id":"https:\/\/www.welovecycling.com\/pl\/#website","url":"https:\/\/www.welovecycling.com\/pl\/","name":"\u0160koda We Love Cycling - Poland","description":"","potentialAction":[{"@type":"SearchAction","target":{"@type":"EntryPoint","urlTemplate":"https:\/\/www.welovecycling.com\/pl\/?s={search_term_string}"},"query-input":{"@type":"PropertyValueSpecification","valueRequired":true,"valueName":"search_term_string"}}],"inLanguage":"pl-PL"},{"@type":"Person","@id":"https:\/\/www.welovecycling.com\/pl\/#\/schema\/person\/0dba2d39da943db9df3fd8f4687e7f23","name":"piotrboczkowski","image":{"@type":"ImageObject","inLanguage":"pl-PL","@id":"https:\/\/www.welovecycling.com\/pl\/#\/schema\/person\/image\/","url":"https:\/\/secure.gravatar.com\/avatar\/533caccae14752e03a2ce2d3fd62d1b98b93e1393c3195c27819e53344ca1ace?s=96&d=mm&r=g","contentUrl":"https:\/\/secure.gravatar.com\/avatar\/533caccae14752e03a2ce2d3fd62d1b98b93e1393c3195c27819e53344ca1ace?s=96&d=mm&r=g","caption":"piotrboczkowski"},"url":"https:\/\/www.welovecycling.com\/pl\/author\/piotrboczkowski\/"}]}},"_links":{"self":[{"href":"https:\/\/www.welovecycling.com\/pl\/wp-json\/wp\/v2\/posts\/3800","targetHints":{"allow":["GET"]}}],"collection":[{"href":"https:\/\/www.welovecycling.com\/pl\/wp-json\/wp\/v2\/posts"}],"about":[{"href":"https:\/\/www.welovecycling.com\/pl\/wp-json\/wp\/v2\/types\/post"}],"author":[{"embeddable":true,"href":"https:\/\/www.welovecycling.com\/pl\/wp-json\/wp\/v2\/users\/76"}],"replies":[{"embeddable":true,"href":"https:\/\/www.welovecycling.com\/pl\/wp-json\/wp\/v2\/comments?post=3800"}],"version-history":[{"count":2,"href":"https:\/\/www.welovecycling.com\/pl\/wp-json\/wp\/v2\/posts\/3800\/revisions"}],"predecessor-version":[{"id":3806,"href":"https:\/\/www.welovecycling.com\/pl\/wp-json\/wp\/v2\/posts\/3800\/revisions\/3806"}],"wp:featuredmedia":[{"embeddable":true,"href":"https:\/\/www.welovecycling.com\/pl\/wp-json\/wp\/v2\/media\/4333"}],"wp:attachment":[{"href":"https:\/\/www.welovecycling.com\/pl\/wp-json\/wp\/v2\/media?parent=3800"}],"wp:term":[{"taxonomy":"category","embeddable":true,"href":"https:\/\/www.welovecycling.com\/pl\/wp-json\/wp\/v2\/categories?post=3800"},{"taxonomy":"post_tag","embeddable":true,"href":"https:\/\/www.welovecycling.com\/pl\/wp-json\/wp\/v2\/tags?post=3800"},{"taxonomy":"global-categories","embeddable":true,"href":"https:\/\/www.welovecycling.com\/pl\/wp-json\/wp\/v2\/global-categories?post=3800"}],"curies":[{"name":"wp","href":"https:\/\/api.w.org\/{rel}","templated":true}]}}