{"id":3775,"date":"2017-05-12T22:19:14","date_gmt":"2017-05-12T22:19:14","guid":{"rendered":"https:\/\/www.welovecycling.com\/pl\/?p=3775"},"modified":"2017-05-15T09:42:28","modified_gmt":"2017-05-15T09:42:28","slug":"skoda-polbis-auto-torun-napedza-family-challenge-wyscigu-velo-torun","status":"publish","type":"post","link":"https:\/\/www.welovecycling.com\/pl\/2017\/05\/12\/skoda-polbis-auto-torun-napedza-family-challenge-wyscigu-velo-torun\/","title":{"rendered":"\u0160koda Polbis Auto Toru\u0144 nap\u0119dza Family Challenge na wy\u015bcigu Velo Toru\u0144"},"content":{"rendered":"<p>W ubieg\u0142y weekend ju\u017c po raz trzeci uczestniczyli\u015bmy w \u0160koda Velo Toru\u0144. Zobaczcie zdj\u0119cia z wy\u015bcigu g\u0142\u00f3wnego i rodzinnego!<\/p>\n<p><a href=\"https:\/\/d2p6e6u75xmxt8.cloudfront.net\/5\/2017\/05\/18278602_1310117322428565_6344496973784920271_o.jpg\"><img loading=\"lazy\" decoding=\"async\" class=\"alignnone size-large wp-image-3776\" src=\"https:\/\/d2p6e6u75xmxt8.cloudfront.net\/5\/2017\/05\/18278602_1310117322428565_6344496973784920271_o-1024x682.jpg\" alt=\"\" width=\"1024\" height=\"682\" srcset=\"https:\/\/d2p6e6u75xmxt8.cloudfront.net\/5\/2017\/05\/18278602_1310117322428565_6344496973784920271_o-1024x682.jpg 1024w, https:\/\/d2p6e6u75xmxt8.cloudfront.net\/5\/2017\/05\/18278602_1310117322428565_6344496973784920271_o-300x200.jpg 300w, https:\/\/d2p6e6u75xmxt8.cloudfront.net\/5\/2017\/05\/18278602_1310117322428565_6344496973784920271_o-768x512.jpg 768w, https:\/\/d2p6e6u75xmxt8.cloudfront.net\/5\/2017\/05\/18278602_1310117322428565_6344496973784920271_o-272x182.jpg 272w, https:\/\/d2p6e6u75xmxt8.cloudfront.net\/5\/2017\/05\/18278602_1310117322428565_6344496973784920271_o.jpg 2000w\" sizes=\"auto, (max-width: 1024px) 100vw, 1024px\" \/><\/a><\/p>\n<p><a href=\"https:\/\/d2p6e6u75xmxt8.cloudfront.net\/5\/2017\/05\/1.jpg\"><img loading=\"lazy\" decoding=\"async\" class=\"alignnone size-large wp-image-3777\" src=\"https:\/\/d2p6e6u75xmxt8.cloudfront.net\/5\/2017\/05\/1-1024x682.jpg\" alt=\"\" width=\"1024\" height=\"682\" srcset=\"https:\/\/d2p6e6u75xmxt8.cloudfront.net\/5\/2017\/05\/1-1024x682.jpg 1024w, https:\/\/d2p6e6u75xmxt8.cloudfront.net\/5\/2017\/05\/1-300x200.jpg 300w, https:\/\/d2p6e6u75xmxt8.cloudfront.net\/5\/2017\/05\/1-768x512.jpg 768w, https:\/\/d2p6e6u75xmxt8.cloudfront.net\/5\/2017\/05\/1-272x182.jpg 272w, https:\/\/d2p6e6u75xmxt8.cloudfront.net\/5\/2017\/05\/1.jpg 2000w\" sizes=\"auto, (max-width: 1024px) 100vw, 1024px\" \/><\/a><span style=\"font-size: 10pt;\">\u0179r\u00f3d\u0142o: bikelife.com.pl<\/span><\/p>\n<p>Jak co roku impreza przewidywa\u0142a trzy dystanse dla profesjonalist\u00f3w i jeden skierowany dla rodzin z dzie\u0107mi o nazwie \u201e\u0160koda Family Challenge\u201d. Cho\u0107 pogoda tym razem by\u0142a wyj\u0105tkowo kapry\u015bna i przez wi\u0119ksz\u0105 cz\u0119\u015b\u0107 dnia pada\u0142 deszcz to i tak na starcie wy\u015bcigu dla dzieci zameldowa\u0142o si\u0119 ponad 250 uczestnik\u00f3w!<\/p>\n<p><a href=\"https:\/\/d2p6e6u75xmxt8.cloudfront.net\/5\/2017\/05\/06.JPG.jpg\"><img loading=\"lazy\" decoding=\"async\" class=\"alignnone size-large wp-image-3731\" src=\"https:\/\/d2p6e6u75xmxt8.cloudfront.net\/5\/2017\/05\/06.JPG-1024x683.jpg\" alt=\"\" width=\"1024\" height=\"683\" srcset=\"https:\/\/d2p6e6u75xmxt8.cloudfront.net\/5\/2017\/05\/06.JPG-1024x683.jpg 1024w, https:\/\/d2p6e6u75xmxt8.cloudfront.net\/5\/2017\/05\/06.JPG-300x200.jpg 300w, https:\/\/d2p6e6u75xmxt8.cloudfront.net\/5\/2017\/05\/06.JPG-768x512.jpg 768w, https:\/\/d2p6e6u75xmxt8.cloudfront.net\/5\/2017\/05\/06.JPG-272x182.jpg 272w\" sizes=\"auto, (max-width: 1024px) 100vw, 1024px\" \/><\/a><span style=\"font-size: 10pt;\">\u0179r\u00f3d\u0142o: Autoryzowany salon marki \u0160koda Polbis Auto<\/span><\/p>\n<p>Trasa wyzwania dla najm\u0142odszych bieg\u0142a od startu zlokalizowanego przy hali widowiskowo \u2013 sportowej Arena Toru\u0144, przez dwa punkty kontrolne, a\u017c do salonu \u0160KODY w Lubiczu Dolnym.<\/p>\n<p><a href=\"https:\/\/d2p6e6u75xmxt8.cloudfront.net\/5\/2017\/05\/01.JPG.jpg\"><img loading=\"lazy\" decoding=\"async\" class=\"alignnone size-large wp-image-3779\" src=\"https:\/\/d2p6e6u75xmxt8.cloudfront.net\/5\/2017\/05\/01.JPG-1024x683.jpg\" alt=\"\" width=\"1024\" height=\"683\" srcset=\"https:\/\/d2p6e6u75xmxt8.cloudfront.net\/5\/2017\/05\/01.JPG-1024x683.jpg 1024w, https:\/\/d2p6e6u75xmxt8.cloudfront.net\/5\/2017\/05\/01.JPG-300x200.jpg 300w, https:\/\/d2p6e6u75xmxt8.cloudfront.net\/5\/2017\/05\/01.JPG-768x512.jpg 768w, https:\/\/d2p6e6u75xmxt8.cloudfront.net\/5\/2017\/05\/01.JPG-272x182.jpg 272w\" sizes=\"auto, (max-width: 1024px) 100vw, 1024px\" \/><\/a><\/p>\n<p><a href=\"https:\/\/d2p6e6u75xmxt8.cloudfront.net\/5\/2017\/05\/02.JPG.jpg\"><img loading=\"lazy\" decoding=\"async\" class=\"alignnone size-large wp-image-3780\" src=\"https:\/\/d2p6e6u75xmxt8.cloudfront.net\/5\/2017\/05\/02.JPG-1024x683.jpg\" alt=\"\" width=\"1024\" height=\"683\" srcset=\"https:\/\/d2p6e6u75xmxt8.cloudfront.net\/5\/2017\/05\/02.JPG-1024x683.jpg 1024w, https:\/\/d2p6e6u75xmxt8.cloudfront.net\/5\/2017\/05\/02.JPG-300x200.jpg 300w, https:\/\/d2p6e6u75xmxt8.cloudfront.net\/5\/2017\/05\/02.JPG-768x512.jpg 768w, https:\/\/d2p6e6u75xmxt8.cloudfront.net\/5\/2017\/05\/02.JPG-272x182.jpg 272w\" sizes=\"auto, (max-width: 1024px) 100vw, 1024px\" \/><\/a><\/p>\n<p>W punktach kontrolnych, opr\u00f3cz przybicia obowi\u0105zkowej piecz\u0105tki, dzieci nagradzane by\u0142y ga\u0142k\u0105 lod\u00f3w od Cukierni Lenkiewicz.<\/p>\n<p><a href=\"https:\/\/d2p6e6u75xmxt8.cloudfront.net\/5\/2017\/05\/4.jpg\"><img loading=\"lazy\" decoding=\"async\" class=\"alignnone wp-image-3781\" src=\"https:\/\/d2p6e6u75xmxt8.cloudfront.net\/5\/2017\/05\/4.jpg\" alt=\"\" width=\"966\" height=\"643\" srcset=\"https:\/\/d2p6e6u75xmxt8.cloudfront.net\/5\/2017\/05\/4.jpg 727w, https:\/\/d2p6e6u75xmxt8.cloudfront.net\/5\/2017\/05\/4-300x200.jpg 300w, https:\/\/d2p6e6u75xmxt8.cloudfront.net\/5\/2017\/05\/4-272x182.jpg 272w\" sizes=\"auto, (max-width: 966px) 100vw, 966px\" \/><\/a><\/p>\n<p><a href=\"https:\/\/d2p6e6u75xmxt8.cloudfront.net\/5\/2017\/05\/5.jpg\"><img loading=\"lazy\" decoding=\"async\" class=\"alignnone wp-image-3782\" src=\"https:\/\/d2p6e6u75xmxt8.cloudfront.net\/5\/2017\/05\/5.jpg\" alt=\"\" width=\"957\" height=\"638\" srcset=\"https:\/\/d2p6e6u75xmxt8.cloudfront.net\/5\/2017\/05\/5.jpg 735w, https:\/\/d2p6e6u75xmxt8.cloudfront.net\/5\/2017\/05\/5-300x200.jpg 300w, https:\/\/d2p6e6u75xmxt8.cloudfront.net\/5\/2017\/05\/5-272x182.jpg 272w\" sizes=\"auto, (max-width: 957px) 100vw, 957px\" \/><\/a><\/p>\n<p>Na mecie w Salonie \u0160KODY uczestnik\u00f3w wita\u0142 personel Polbis Auto Toru\u0144.<\/p>\n<p><a href=\"https:\/\/d2p6e6u75xmxt8.cloudfront.net\/5\/2017\/05\/09-1.jpg\"><img loading=\"lazy\" decoding=\"async\" class=\"alignnone size-large wp-image-3784\" src=\"https:\/\/d2p6e6u75xmxt8.cloudfront.net\/5\/2017\/05\/09-1-1024x768.jpg\" alt=\"\" width=\"1024\" height=\"768\" srcset=\"https:\/\/d2p6e6u75xmxt8.cloudfront.net\/5\/2017\/05\/09-1-1024x768.jpg 1024w, https:\/\/d2p6e6u75xmxt8.cloudfront.net\/5\/2017\/05\/09-1-300x225.jpg 300w, https:\/\/d2p6e6u75xmxt8.cloudfront.net\/5\/2017\/05\/09-1-768x576.jpg 768w\" sizes=\"auto, (max-width: 1024px) 100vw, 1024px\" \/><\/a><\/p>\n<p><a href=\"https:\/\/d2p6e6u75xmxt8.cloudfront.net\/5\/2017\/05\/09b.JPG.jpg\"><img loading=\"lazy\" decoding=\"async\" class=\"alignnone size-large wp-image-3785\" src=\"https:\/\/d2p6e6u75xmxt8.cloudfront.net\/5\/2017\/05\/09b.JPG-1024x683.jpg\" alt=\"\" width=\"1024\" height=\"683\" srcset=\"https:\/\/d2p6e6u75xmxt8.cloudfront.net\/5\/2017\/05\/09b.JPG-1024x683.jpg 1024w, https:\/\/d2p6e6u75xmxt8.cloudfront.net\/5\/2017\/05\/09b.JPG-300x200.jpg 300w, https:\/\/d2p6e6u75xmxt8.cloudfront.net\/5\/2017\/05\/09b.JPG-768x512.jpg 768w, https:\/\/d2p6e6u75xmxt8.cloudfront.net\/5\/2017\/05\/09b.JPG-272x182.jpg 272w\" sizes=\"auto, (max-width: 1024px) 100vw, 1024px\" \/><\/a><\/p>\n<p>Wszyscy finali\u015bci otrzymali pami\u0105tkowy medal i zdj\u0119cie na podium z \u201eweso\u0142\u0105 Pszcz\u00f3\u0142k\u0105\u201d- naszym konferansjerem.<\/p>\n<p><a href=\"https:\/\/d2p6e6u75xmxt8.cloudfront.net\/5\/2017\/05\/17.jpg\"><img loading=\"lazy\" decoding=\"async\" class=\"alignnone size-large wp-image-3786\" src=\"https:\/\/d2p6e6u75xmxt8.cloudfront.net\/5\/2017\/05\/17-576x1024.jpg\" alt=\"\" width=\"576\" height=\"1024\" srcset=\"https:\/\/d2p6e6u75xmxt8.cloudfront.net\/5\/2017\/05\/17-576x1024.jpg 576w, https:\/\/d2p6e6u75xmxt8.cloudfront.net\/5\/2017\/05\/17-169x300.jpg 169w, https:\/\/d2p6e6u75xmxt8.cloudfront.net\/5\/2017\/05\/17-768x1365.jpg 768w, https:\/\/d2p6e6u75xmxt8.cloudfront.net\/5\/2017\/05\/17.jpg 1152w\" sizes=\"auto, (max-width: 576px) 100vw, 576px\" \/><\/a><\/p>\n<p><a href=\"https:\/\/d2p6e6u75xmxt8.cloudfront.net\/5\/2017\/05\/15.jpg\"><img loading=\"lazy\" decoding=\"async\" class=\"alignnone size-large wp-image-3787\" src=\"https:\/\/d2p6e6u75xmxt8.cloudfront.net\/5\/2017\/05\/15-576x1024.jpg\" alt=\"\" width=\"576\" height=\"1024\" srcset=\"https:\/\/d2p6e6u75xmxt8.cloudfront.net\/5\/2017\/05\/15-576x1024.jpg 576w, https:\/\/d2p6e6u75xmxt8.cloudfront.net\/5\/2017\/05\/15-169x300.jpg 169w, https:\/\/d2p6e6u75xmxt8.cloudfront.net\/5\/2017\/05\/15-768x1365.jpg 768w, https:\/\/d2p6e6u75xmxt8.cloudfront.net\/5\/2017\/05\/15.jpg 1152w\" sizes=\"auto, (max-width: 576px) 100vw, 576px\" \/><\/a><\/p>\n<p><a href=\"https:\/\/d2p6e6u75xmxt8.cloudfront.net\/5\/2017\/05\/16.jpg\"><img loading=\"lazy\" decoding=\"async\" class=\"alignnone size-large wp-image-3788\" src=\"https:\/\/d2p6e6u75xmxt8.cloudfront.net\/5\/2017\/05\/16-576x1024.jpg\" alt=\"\" width=\"576\" height=\"1024\" srcset=\"https:\/\/d2p6e6u75xmxt8.cloudfront.net\/5\/2017\/05\/16-576x1024.jpg 576w, https:\/\/d2p6e6u75xmxt8.cloudfront.net\/5\/2017\/05\/16-169x300.jpg 169w, https:\/\/d2p6e6u75xmxt8.cloudfront.net\/5\/2017\/05\/16-768x1365.jpg 768w, https:\/\/d2p6e6u75xmxt8.cloudfront.net\/5\/2017\/05\/16.jpg 1152w\" sizes=\"auto, (max-width: 576px) 100vw, 576px\" \/><\/a><\/p>\n<p>Podczas gier i zabaw rozdali\u015bmy dziesi\u0105tki nagr\u00f3d marki \u0160koda.<\/p>\n<p><a href=\"https:\/\/d2p6e6u75xmxt8.cloudfront.net\/5\/2017\/05\/12.jpg\"><img loading=\"lazy\" decoding=\"async\" class=\"alignnone size-large wp-image-3790\" src=\"https:\/\/d2p6e6u75xmxt8.cloudfront.net\/5\/2017\/05\/12-1024x768.jpg\" alt=\"\" width=\"1024\" height=\"768\" srcset=\"https:\/\/d2p6e6u75xmxt8.cloudfront.net\/5\/2017\/05\/12-1024x768.jpg 1024w, https:\/\/d2p6e6u75xmxt8.cloudfront.net\/5\/2017\/05\/12-300x225.jpg 300w, https:\/\/d2p6e6u75xmxt8.cloudfront.net\/5\/2017\/05\/12-768x576.jpg 768w\" sizes=\"auto, (max-width: 1024px) 100vw, 1024px\" \/><\/a><\/p>\n<p><a href=\"https:\/\/d2p6e6u75xmxt8.cloudfront.net\/5\/2017\/05\/11.jpg\"><img loading=\"lazy\" decoding=\"async\" class=\"alignnone size-large wp-image-3791\" src=\"https:\/\/d2p6e6u75xmxt8.cloudfront.net\/5\/2017\/05\/11-1024x768.jpg\" alt=\"\" width=\"1024\" height=\"768\" srcset=\"https:\/\/d2p6e6u75xmxt8.cloudfront.net\/5\/2017\/05\/11-1024x768.jpg 1024w, https:\/\/d2p6e6u75xmxt8.cloudfront.net\/5\/2017\/05\/11-300x225.jpg 300w, https:\/\/d2p6e6u75xmxt8.cloudfront.net\/5\/2017\/05\/11-768x576.jpg 768w\" sizes=\"auto, (max-width: 1024px) 100vw, 1024px\" \/><\/a><\/p>\n<p><a href=\"https:\/\/d2p6e6u75xmxt8.cloudfront.net\/5\/2017\/05\/13.jpg\"><img loading=\"lazy\" decoding=\"async\" class=\"alignnone size-large wp-image-3792\" src=\"https:\/\/d2p6e6u75xmxt8.cloudfront.net\/5\/2017\/05\/13-1024x768.jpg\" alt=\"\" width=\"1024\" height=\"768\" srcset=\"https:\/\/d2p6e6u75xmxt8.cloudfront.net\/5\/2017\/05\/13-1024x768.jpg 1024w, https:\/\/d2p6e6u75xmxt8.cloudfront.net\/5\/2017\/05\/13-300x225.jpg 300w, https:\/\/d2p6e6u75xmxt8.cloudfront.net\/5\/2017\/05\/13-768x576.jpg 768w\" sizes=\"auto, (max-width: 1024px) 100vw, 1024px\" \/><\/a><\/p>\n<p><a href=\"https:\/\/d2p6e6u75xmxt8.cloudfront.net\/5\/2017\/05\/14.jpg\"><img loading=\"lazy\" decoding=\"async\" class=\"alignnone size-large wp-image-3793\" src=\"https:\/\/d2p6e6u75xmxt8.cloudfront.net\/5\/2017\/05\/14-1024x768.jpg\" alt=\"\" width=\"1024\" height=\"768\" srcset=\"https:\/\/d2p6e6u75xmxt8.cloudfront.net\/5\/2017\/05\/14-1024x768.jpg 1024w, https:\/\/d2p6e6u75xmxt8.cloudfront.net\/5\/2017\/05\/14-300x225.jpg 300w, https:\/\/d2p6e6u75xmxt8.cloudfront.net\/5\/2017\/05\/14-768x576.jpg 768w\" sizes=\"auto, (max-width: 1024px) 100vw, 1024px\" \/><\/a><span style=\"font-size: 10pt;\">\u0179r\u00f3d\u0142o: Autoryzowany salon marki \u0160koda Polbis Auto<\/span><\/p>\n<p>Wszystkim uczestnikom zabawy dzi\u0119kujemy za udzia\u0142 i przypominamy, \u017ce im wcze\u015bniej rozpoczyna si\u0119 kolarsk\u0105 karier\u0119, tym wi\u0119ksze szanse na sukces w przysz\u0142o\u015bci!<\/p>\n<p>&nbsp;<\/p>\n","protected":false},"excerpt":{"rendered":"<p>W ubieg\u0142y weekend ju\u017c po raz trzeci uczestniczyli\u015bmy w \u0160koda Velo Toru\u0144. Zobaczcie zdj\u0119cia z wy\u015bcigu g\u0142\u00f3wnego i rodzinnego! \u0179r\u00f3d\u0142o: [&hellip;]<\/p>\n","protected":false},"author":76,"featured_media":3794,"comment_status":"open","ping_status":"open","sticky":false,"template":"","format":"standard","meta":{"footnotes":""},"categories":[1],"tags":[136,138,66,80,137],"global-categories":[],"class_list":["post-3775","post","type-post","status-publish","format-standard","has-post-thumbnail","hentry","category-uncategorized","tag-family-challenge","tag-relacje","tag-skodanapedzarowery","tag-velo-torun","tag-wyscigi"],"yoast_head":"<!-- This site is optimized with the Yoast SEO Premium plugin v25.3 (Yoast SEO v25.9) - https:\/\/yoast.com\/wordpress\/plugins\/seo\/ -->\n<title>\u0160koda Polbis Auto Toru\u0144 nap\u0119dza Family Challenge na wy\u015bcigu Velo Toru\u0144 - \u0160koda We Love Cycling - Poland<\/title>\n<meta name=\"robots\" content=\"index, follow, max-snippet:-1, max-image-preview:large, max-video-preview:-1\" \/>\n<link rel=\"canonical\" href=\"https:\/\/www.welovecycling.com\/pl\/2017\/05\/12\/skoda-polbis-auto-torun-napedza-family-challenge-wyscigu-velo-torun\/\" \/>\n<meta property=\"og:locale\" content=\"pl_PL\" \/>\n<meta property=\"og:type\" content=\"article\" \/>\n<meta property=\"og:title\" content=\"\u0160koda Polbis Auto Toru\u0144 nap\u0119dza Family Challenge na wy\u015bcigu Velo Toru\u0144\" \/>\n<meta property=\"og:description\" content=\"W ubieg\u0142y weekend ju\u017c po raz trzeci uczestniczyli\u015bmy w \u0160koda Velo Toru\u0144. Zobaczcie zdj\u0119cia z wy\u015bcigu g\u0142\u00f3wnego i rodzinnego! \u0179r\u00f3d\u0142o: [&hellip;]\" \/>\n<meta property=\"og:url\" content=\"https:\/\/www.welovecycling.com\/pl\/2017\/05\/12\/skoda-polbis-auto-torun-napedza-family-challenge-wyscigu-velo-torun\/\" \/>\n<meta property=\"og:site_name\" content=\"\u0160koda We Love Cycling - Poland\" \/>\n<meta property=\"article:published_time\" content=\"2017-05-12T22:19:14+00:00\" \/>\n<meta property=\"article:modified_time\" content=\"2017-05-15T09:42:28+00:00\" \/>\n<meta property=\"og:image\" content=\"https:\/\/d2p6e6u75xmxt8.cloudfront.net\/5\/2017\/05\/016__O5B2253.jpg\" \/>\n\t<meta property=\"og:image:width\" content=\"2000\" \/>\n\t<meta property=\"og:image:height\" content=\"1333\" \/>\n\t<meta property=\"og:image:type\" content=\"image\/jpeg\" \/>\n<meta name=\"author\" content=\"piotrboczkowski\" \/>\n<meta name=\"twitter:card\" content=\"summary_large_image\" \/>\n<meta name=\"twitter:label1\" content=\"Written by\" \/>\n\t<meta name=\"twitter:data1\" content=\"WeLoveCycling\" \/>\n\t<meta name=\"twitter:label2\" content=\"Est. reading time\" \/>\n\t<meta name=\"twitter:data2\" content=\"1 minute\" \/>\n<script type=\"application\/ld+json\" class=\"yoast-schema-graph\">{\"@context\":\"https:\/\/schema.org\",\"@graph\":[{\"@type\":\"WebPage\",\"@id\":\"https:\/\/www.welovecycling.com\/pl\/2017\/05\/12\/skoda-polbis-auto-torun-napedza-family-challenge-wyscigu-velo-torun\/\",\"url\":\"https:\/\/www.welovecycling.com\/pl\/2017\/05\/12\/skoda-polbis-auto-torun-napedza-family-challenge-wyscigu-velo-torun\/\",\"name\":\"\u0160koda Polbis Auto Toru\u0144 nap\u0119dza Family Challenge na wy\u015bcigu Velo Toru\u0144 - \u0160koda We Love Cycling - Poland\",\"isPartOf\":{\"@id\":\"https:\/\/www.welovecycling.com\/pl\/#website\"},\"primaryImageOfPage\":{\"@id\":\"https:\/\/www.welovecycling.com\/pl\/2017\/05\/12\/skoda-polbis-auto-torun-napedza-family-challenge-wyscigu-velo-torun\/#primaryimage\"},\"image\":{\"@id\":\"https:\/\/www.welovecycling.com\/pl\/2017\/05\/12\/skoda-polbis-auto-torun-napedza-family-challenge-wyscigu-velo-torun\/#primaryimage\"},\"thumbnailUrl\":\"https:\/\/d2p6e6u75xmxt8.cloudfront.net\/5\/2017\/05\/016__O5B2253.jpg\",\"datePublished\":\"2017-05-12T22:19:14+00:00\",\"dateModified\":\"2017-05-15T09:42:28+00:00\",\"author\":{\"@id\":\"https:\/\/www.welovecycling.com\/pl\/#\/schema\/person\/0dba2d39da943db9df3fd8f4687e7f23\"},\"breadcrumb\":{\"@id\":\"https:\/\/www.welovecycling.com\/pl\/2017\/05\/12\/skoda-polbis-auto-torun-napedza-family-challenge-wyscigu-velo-torun\/#breadcrumb\"},\"inLanguage\":\"pl-PL\",\"potentialAction\":[{\"@type\":\"ReadAction\",\"target\":[\"https:\/\/www.welovecycling.com\/pl\/2017\/05\/12\/skoda-polbis-auto-torun-napedza-family-challenge-wyscigu-velo-torun\/\"]}]},{\"@type\":\"ImageObject\",\"inLanguage\":\"pl-PL\",\"@id\":\"https:\/\/www.welovecycling.com\/pl\/2017\/05\/12\/skoda-polbis-auto-torun-napedza-family-challenge-wyscigu-velo-torun\/#primaryimage\",\"url\":\"https:\/\/d2p6e6u75xmxt8.cloudfront.net\/5\/2017\/05\/016__O5B2253.jpg\",\"contentUrl\":\"https:\/\/d2p6e6u75xmxt8.cloudfront.net\/5\/2017\/05\/016__O5B2253.jpg\",\"width\":2000,\"height\":1333},{\"@type\":\"BreadcrumbList\",\"@id\":\"https:\/\/www.welovecycling.com\/pl\/2017\/05\/12\/skoda-polbis-auto-torun-napedza-family-challenge-wyscigu-velo-torun\/#breadcrumb\",\"itemListElement\":[{\"@type\":\"ListItem\",\"position\":1,\"name\":\"Home\",\"item\":\"https:\/\/www.welovecycling.com\/pl\/\"},{\"@type\":\"ListItem\",\"position\":2,\"name\":\"\u0160koda Polbis Auto Toru\u0144 nap\u0119dza Family Challenge na wy\u015bcigu Velo Toru\u0144\"}]},{\"@type\":\"WebSite\",\"@id\":\"https:\/\/www.welovecycling.com\/pl\/#website\",\"url\":\"https:\/\/www.welovecycling.com\/pl\/\",\"name\":\"\u0160koda We Love Cycling - Poland\",\"description\":\"\",\"potentialAction\":[{\"@type\":\"SearchAction\",\"target\":{\"@type\":\"EntryPoint\",\"urlTemplate\":\"https:\/\/www.welovecycling.com\/pl\/?s={search_term_string}\"},\"query-input\":{\"@type\":\"PropertyValueSpecification\",\"valueRequired\":true,\"valueName\":\"search_term_string\"}}],\"inLanguage\":\"pl-PL\"},{\"@type\":\"Person\",\"@id\":\"https:\/\/www.welovecycling.com\/pl\/#\/schema\/person\/0dba2d39da943db9df3fd8f4687e7f23\",\"name\":\"piotrboczkowski\",\"image\":{\"@type\":\"ImageObject\",\"inLanguage\":\"pl-PL\",\"@id\":\"https:\/\/www.welovecycling.com\/pl\/#\/schema\/person\/image\/\",\"url\":\"https:\/\/secure.gravatar.com\/avatar\/533caccae14752e03a2ce2d3fd62d1b98b93e1393c3195c27819e53344ca1ace?s=96&d=mm&r=g\",\"contentUrl\":\"https:\/\/secure.gravatar.com\/avatar\/533caccae14752e03a2ce2d3fd62d1b98b93e1393c3195c27819e53344ca1ace?s=96&d=mm&r=g\",\"caption\":\"piotrboczkowski\"},\"url\":\"https:\/\/www.welovecycling.com\/pl\/author\/piotrboczkowski\/\"}]}<\/script>\n<!-- \/ Yoast SEO Premium plugin. -->","yoast_head_json":{"title":"\u0160koda Polbis Auto Toru\u0144 nap\u0119dza Family Challenge na wy\u015bcigu Velo Toru\u0144 - \u0160koda We Love Cycling - Poland","robots":{"index":"index","follow":"follow","max-snippet":"max-snippet:-1","max-image-preview":"max-image-preview:large","max-video-preview":"max-video-preview:-1"},"canonical":"https:\/\/www.welovecycling.com\/pl\/2017\/05\/12\/skoda-polbis-auto-torun-napedza-family-challenge-wyscigu-velo-torun\/","og_locale":"pl_PL","og_type":"article","og_title":"\u0160koda Polbis Auto Toru\u0144 nap\u0119dza Family Challenge na wy\u015bcigu Velo Toru\u0144","og_description":"W ubieg\u0142y weekend ju\u017c po raz trzeci uczestniczyli\u015bmy w \u0160koda Velo Toru\u0144. Zobaczcie zdj\u0119cia z wy\u015bcigu g\u0142\u00f3wnego i rodzinnego! \u0179r\u00f3d\u0142o: [&hellip;]","og_url":"https:\/\/www.welovecycling.com\/pl\/2017\/05\/12\/skoda-polbis-auto-torun-napedza-family-challenge-wyscigu-velo-torun\/","og_site_name":"\u0160koda We Love Cycling - Poland","article_published_time":"2017-05-12T22:19:14+00:00","article_modified_time":"2017-05-15T09:42:28+00:00","og_image":[{"width":2000,"height":1333,"url":"https:\/\/d2p6e6u75xmxt8.cloudfront.net\/5\/2017\/05\/016__O5B2253.jpg","type":"image\/jpeg"}],"author":"piotrboczkowski","twitter_card":"summary_large_image","twitter_misc":{"Written by":"WeLoveCycling","Est. reading time":"1 minute"},"schema":{"@context":"https:\/\/schema.org","@graph":[{"@type":"WebPage","@id":"https:\/\/www.welovecycling.com\/pl\/2017\/05\/12\/skoda-polbis-auto-torun-napedza-family-challenge-wyscigu-velo-torun\/","url":"https:\/\/www.welovecycling.com\/pl\/2017\/05\/12\/skoda-polbis-auto-torun-napedza-family-challenge-wyscigu-velo-torun\/","name":"\u0160koda Polbis Auto Toru\u0144 nap\u0119dza Family Challenge na wy\u015bcigu Velo Toru\u0144 - \u0160koda We Love Cycling - Poland","isPartOf":{"@id":"https:\/\/www.welovecycling.com\/pl\/#website"},"primaryImageOfPage":{"@id":"https:\/\/www.welovecycling.com\/pl\/2017\/05\/12\/skoda-polbis-auto-torun-napedza-family-challenge-wyscigu-velo-torun\/#primaryimage"},"image":{"@id":"https:\/\/www.welovecycling.com\/pl\/2017\/05\/12\/skoda-polbis-auto-torun-napedza-family-challenge-wyscigu-velo-torun\/#primaryimage"},"thumbnailUrl":"https:\/\/d2p6e6u75xmxt8.cloudfront.net\/5\/2017\/05\/016__O5B2253.jpg","datePublished":"2017-05-12T22:19:14+00:00","dateModified":"2017-05-15T09:42:28+00:00","author":{"@id":"https:\/\/www.welovecycling.com\/pl\/#\/schema\/person\/0dba2d39da943db9df3fd8f4687e7f23"},"breadcrumb":{"@id":"https:\/\/www.welovecycling.com\/pl\/2017\/05\/12\/skoda-polbis-auto-torun-napedza-family-challenge-wyscigu-velo-torun\/#breadcrumb"},"inLanguage":"pl-PL","potentialAction":[{"@type":"ReadAction","target":["https:\/\/www.welovecycling.com\/pl\/2017\/05\/12\/skoda-polbis-auto-torun-napedza-family-challenge-wyscigu-velo-torun\/"]}]},{"@type":"ImageObject","inLanguage":"pl-PL","@id":"https:\/\/www.welovecycling.com\/pl\/2017\/05\/12\/skoda-polbis-auto-torun-napedza-family-challenge-wyscigu-velo-torun\/#primaryimage","url":"https:\/\/d2p6e6u75xmxt8.cloudfront.net\/5\/2017\/05\/016__O5B2253.jpg","contentUrl":"https:\/\/d2p6e6u75xmxt8.cloudfront.net\/5\/2017\/05\/016__O5B2253.jpg","width":2000,"height":1333},{"@type":"BreadcrumbList","@id":"https:\/\/www.welovecycling.com\/pl\/2017\/05\/12\/skoda-polbis-auto-torun-napedza-family-challenge-wyscigu-velo-torun\/#breadcrumb","itemListElement":[{"@type":"ListItem","position":1,"name":"Home","item":"https:\/\/www.welovecycling.com\/pl\/"},{"@type":"ListItem","position":2,"name":"\u0160koda Polbis Auto Toru\u0144 nap\u0119dza Family Challenge na wy\u015bcigu Velo Toru\u0144"}]},{"@type":"WebSite","@id":"https:\/\/www.welovecycling.com\/pl\/#website","url":"https:\/\/www.welovecycling.com\/pl\/","name":"\u0160koda We Love Cycling - Poland","description":"","potentialAction":[{"@type":"SearchAction","target":{"@type":"EntryPoint","urlTemplate":"https:\/\/www.welovecycling.com\/pl\/?s={search_term_string}"},"query-input":{"@type":"PropertyValueSpecification","valueRequired":true,"valueName":"search_term_string"}}],"inLanguage":"pl-PL"},{"@type":"Person","@id":"https:\/\/www.welovecycling.com\/pl\/#\/schema\/person\/0dba2d39da943db9df3fd8f4687e7f23","name":"piotrboczkowski","image":{"@type":"ImageObject","inLanguage":"pl-PL","@id":"https:\/\/www.welovecycling.com\/pl\/#\/schema\/person\/image\/","url":"https:\/\/secure.gravatar.com\/avatar\/533caccae14752e03a2ce2d3fd62d1b98b93e1393c3195c27819e53344ca1ace?s=96&d=mm&r=g","contentUrl":"https:\/\/secure.gravatar.com\/avatar\/533caccae14752e03a2ce2d3fd62d1b98b93e1393c3195c27819e53344ca1ace?s=96&d=mm&r=g","caption":"piotrboczkowski"},"url":"https:\/\/www.welovecycling.com\/pl\/author\/piotrboczkowski\/"}]}},"_links":{"self":[{"href":"https:\/\/www.welovecycling.com\/pl\/wp-json\/wp\/v2\/posts\/3775","targetHints":{"allow":["GET"]}}],"collection":[{"href":"https:\/\/www.welovecycling.com\/pl\/wp-json\/wp\/v2\/posts"}],"about":[{"href":"https:\/\/www.welovecycling.com\/pl\/wp-json\/wp\/v2\/types\/post"}],"author":[{"embeddable":true,"href":"https:\/\/www.welovecycling.com\/pl\/wp-json\/wp\/v2\/users\/76"}],"replies":[{"embeddable":true,"href":"https:\/\/www.welovecycling.com\/pl\/wp-json\/wp\/v2\/comments?post=3775"}],"version-history":[{"count":2,"href":"https:\/\/www.welovecycling.com\/pl\/wp-json\/wp\/v2\/posts\/3775\/revisions"}],"predecessor-version":[{"id":3796,"href":"https:\/\/www.welovecycling.com\/pl\/wp-json\/wp\/v2\/posts\/3775\/revisions\/3796"}],"wp:featuredmedia":[{"embeddable":true,"href":"https:\/\/www.welovecycling.com\/pl\/wp-json\/wp\/v2\/media\/3794"}],"wp:attachment":[{"href":"https:\/\/www.welovecycling.com\/pl\/wp-json\/wp\/v2\/media?parent=3775"}],"wp:term":[{"taxonomy":"category","embeddable":true,"href":"https:\/\/www.welovecycling.com\/pl\/wp-json\/wp\/v2\/categories?post=3775"},{"taxonomy":"post_tag","embeddable":true,"href":"https:\/\/www.welovecycling.com\/pl\/wp-json\/wp\/v2\/tags?post=3775"},{"taxonomy":"global-categories","embeddable":true,"href":"https:\/\/www.welovecycling.com\/pl\/wp-json\/wp\/v2\/global-categories?post=3775"}],"curies":[{"name":"wp","href":"https:\/\/api.w.org\/{rel}","templated":true}]}}