{"id":3769,"date":"2017-05-11T19:26:28","date_gmt":"2017-05-11T19:26:28","guid":{"rendered":"https:\/\/www.welovecycling.com\/pl\/?p=3769"},"modified":"2017-05-15T09:40:28","modified_gmt":"2017-05-15T09:40:28","slug":"projekt-jazda-rowerem-bez-wzgledu-wiek-podbija-swiat","status":"publish","type":"post","link":"https:\/\/www.welovecycling.com\/pl\/2017\/05\/11\/projekt-jazda-rowerem-bez-wzgledu-wiek-podbija-swiat\/","title":{"rendered":"Projekt \u201eJazda rowerem bez wzgl\u0119du na wiek\u201d podbija \u015bwiat"},"content":{"rendered":"<p>Wiele ju\u017c powiedziano i napisano o zapewnianiu odpowiedniej opieki osobom starszym. Pomimo stara\u0144, wielu z nich wci\u0105\u017c doskwiera samotno\u015b\u0107 i izolacja ze wzgl\u0119du na zaawansowany wiek, ograniczon\u0105 zdolno\u015b\u0107 poruszania si\u0119 oraz s\u0142abo\u015b\u0107 organizmu. Udowodniono, \u017ce codzienne wycieczki nie tylko usprawniaj\u0105 fizyczne, ale tak\u017ce psychiczne zdrowie senior\u00f3w, poniewa\u017c maj\u0105 oni mo\u017cliwo\u015b\u0107 utrzymywania kontakt\u00f3w towarzyskich oraz ucieczki od cz\u0119sto nudnych i monotonnych aktywno\u015bci w domach spokojnej staro\u015bci. Co zatem zrobi\u0107, gdy umys\u0142 by chcia\u0142, a cia\u0142o nie nad\u0105\u017ca?<\/p>\n<p><span style=\"font-weight: 400;\">W 2012 roku doje\u017cd\u017caj\u0105c do pracy Ole Kassow mija\u0142 dom spokojnej staro\u015bci. Ka\u017cdego ranka widzia\u0142 Thorkild, eleganckiego 97-letniego d\u017centelmena siedz\u0105cego na \u0142awce przed budynkiem i machaj\u0105cego mu. W tym momencie narodzi\u0142 si\u0119 pomys\u0142, kt\u00f3ry doprowadzi\u0142 do powstania ca\u0142ej tej inicjatywy. Kassow zastanawia\u0142 si\u0119 czy Thorkild i wielu innych Du\u0144czyk\u00f3w w podobnym wieku chcia\u0142oby wr\u00f3ci\u0107 na rower. \u201eW zwi\u0105zku z tym, \u017ce wi\u0119kszo\u015b\u0107 kopenha\u017can kocha jazd\u0119 rowerem, za\u0142o\u017cy\u0142em, \u017ce z rado\u015bci\u0105 do\u0142\u0105czy\u0142by do tego spo\u0142ecze\u0144stwa, aby mie\u0107 mo\u017cliwo\u015b\u0107 nawi\u0105zania kontakt\u00f3w ze swoimi s\u0105siadami, i aby zrobi\u0107 co\u015b, co zawsze robi\u0142 w swoim \u017cyciu\u201d, m\u00f3wi. Poprosi\u0142 o pozwolenie w domu spokojnej staro\u015bci i wypo\u017cyczy\u0142 riksz\u0119 \u2013 rower tr\u00f3jko\u0142owy posiadaj\u0105cy przedzia\u0142 dla pasa\u017cer\u00f3w przed cyklist\u0105. By\u0142a to pami\u0119tna przeja\u017cd\u017cka, poniewa\u017c poza tym, \u017ce pozna\u0142 ciekawe \u017cycie Thorkilda (mi\u0119dzy innymi dowiedzia\u0142 si\u0119, \u017ce dziadek by\u0142 stra\u017cnikiem kr\u00f3lewskim w roku 1938) zdecydowa\u0142 si\u0119 stworzy\u0107 inicjatyw\u0119 typu non-profit \u2013 Jazda rowerem bez wzgl\u0119du na wiek.<\/span><\/p>\n<p><span style=\"font-weight: 400;\">Wszystko zacz\u0119\u0142o si\u0119 od regularnych przeja\u017cd\u017cek jakie Kassow organizowa\u0142 dla pacjent\u00f3w dom\u00f3w spokojnej staro\u015bci w Kopenhadze, ale na przestrzeni kilku lat projekt rozr\u00f3s\u0142 si\u0119 prowadz\u0105c do powstania 250 oddzia\u0142\u00f3w w 29 miastach na ca\u0142ym \u015bwiecie.<\/span><\/p>\n<p><iframe loading=\"lazy\" src=\"https:\/\/www.youtube-nocookie.com\/embed\/O6Ti4qUa-OU?ecver=1\" width=\"782\" height=\"440\" frameborder=\"0\" allowfullscreen=\"allowfullscreen\"><\/iframe><\/p>\n<p><span style=\"font-weight: 400;\">Pocz\u0105tkowo zmiany w\u015br\u00f3d senior\u00f3w, kt\u00f3rych zabrano w podr\u00f3\u017c riksz\u0105 by\u0142y niezwykle widoczne. Wracali pe\u0142ni energii, byli rozmowni i wyra\u017anie rzadziej przebywali w \u0142\u00f3\u017cku, a ch\u0119tniej wychodzili na zewn\u0105trz. Kassow nawi\u0105za\u0142 kontakt z w\u0142adzami miasta, a mianowicie z przedstawicielem spo\u0142ecze\u0144stwa obywatelskiego z miasta Kopenhagi \u2013 Dorthe Pedersen (teraz Jazda rowerem bez wzgl\u0119du na wiek), kt\u00f3r\u0105 uda\u0142o si\u0119 przekona\u0107 do projektu i kt\u00f3ra pomog\u0142a Kassowi zdoby\u0107 pi\u0119\u0107 riksz dla pi\u0119ciu dom\u00f3w spokojnej staro\u015bci. Od tego momentu projekt Jazda rowerem bez wzgl\u0119du na wiek sta\u0142a si\u0119 lokomotyw\u0105, kt\u00f3rej nie mo\u017cna by\u0142o ju\u017c zatrzyma\u0107.<\/span><\/p>\n<p><span style=\"font-weight: 400;\">Jak w takim razie funkcjonuje to teraz? Wolontariusze (piloci, jak nazywa si\u0119 cyklist\u00f3w) zapisuj\u0105 \u00a0na jazdy rowerowe osoby starsze za po\u015brednictwem prostego systemu rejestracji, cz\u0119stotliwo\u015b\u0107 rejestracji wg uznania. Wszystko zale\u017cy od motywacji tych ludzi. W styczniu 2017 roku w systemie pojawi\u0142o si\u0119 blisko 8\u00a0000 zarejestrowanych os\u00f3b, kt\u00f3re aktywnie je\u017cd\u017c\u0105 rowerem.<\/span><\/p>\n<p><span style=\"font-weight: 400;\">Na ich stronie mo\u017cna znale\u017a\u0107 wyja\u015bnienie misji, na kt\u00f3rej opiera si\u0119 projekt:<\/span><\/p>\n<p>https:\/\/www.instagram.com\/p\/BRauN-CARDU\/<\/p>\n<p><span style=\"font-weight: 400;\">\u201cNasz\u0105 misj\u0105 jest zjednoczenie \u015bwiata, w kt\u00f3rym dost\u0119p do aktywno\u015bci gwarantuje szcz\u0119\u015bcie w\u015br\u00f3d senior\u00f3w. W tym celu umo\u017cliwiamy im pozostanie aktywnymi w spo\u0142ecze\u0144stwie i lokalnych grupach. Robimy to zapewniaj\u0105c wiatr we w\u0142osach, umo\u017cliwiamy poznawanie miasta i dajemy dost\u0119p do natury z roweru, a tak\u017ce umo\u017cliwiamy im podzielenie si\u0119 swoj\u0105 histori\u0105 w \u015brodowisku, w kt\u00f3rym prze\u017cyli swoje \u017cycie\u201d. \u00a0<\/span><\/p>\n<p><span style=\"font-weight: 400;\">Poza misj\u0105 oraz w\u0142asn\u0105 motywacj\u0105, piloci przestrzegaj\u0105 pi\u0119ciu kluczowych zasad: hojno\u015b\u0107 (\u017cyczliwo\u015b\u0107), spokojna jazda, opowiadanie historii (poniewa\u017c wiele niezwyk\u0142ych historii mog\u0142oby by\u0107 zapomnianych), zwi\u0105zki (budowanie relacji, budowanie zaufania), brak ogranicze\u0144 wiekowych (co zasadniczo nie wymaga wyja\u015bnienia).<\/span><\/p>\n<p><span style=\"font-weight: 400;\">Co mo\u017cna zatem powiedzie\u0107 jak nie: \u201eDu\u0144czykom zn\u00f3w si\u0119 uda\u0142o\u201d. Powinna to by\u0107 inspiracja dla innych kraj\u00f3w na ca\u0142ym \u015bwiecie, poniewa\u017c prze\u0142amywanie barier i u\u0142atwianie \u017cycia tym, kt\u00f3rzy nie mog\u0105 zrobi\u0107 tego na w\u0142asn\u0105 r\u0119k\u0119 powinno by\u0107 priorytetem ka\u017cdego.<\/span><\/p>\n<p>(\u017ar\u00f3d\u0142o zdj\u0119\u0107: welovecycling.com)<\/p>\n","protected":false},"excerpt":{"rendered":"<p>Wiele ju\u017c powiedziano i napisano o zapewnianiu odpowiedniej opieki osobom starszym. Pomimo stara\u0144, wielu z nich wci\u0105\u017c doskwiera samotno\u015b\u0107 i [&hellip;]<\/p>\n","protected":false},"author":76,"featured_media":3770,"comment_status":"open","ping_status":"open","sticky":false,"template":"","format":"standard","meta":{"footnotes":""},"categories":[1],"tags":[86,66],"global-categories":[],"class_list":["post-3769","post","type-post","status-publish","format-standard","has-post-thumbnail","hentry","category-uncategorized","tag-ciekawostki","tag-skodanapedzarowery"],"yoast_head":"<!-- This site is optimized with the Yoast SEO Premium plugin v25.3 (Yoast SEO v25.9) - https:\/\/yoast.com\/wordpress\/plugins\/seo\/ -->\n<title>Projekt \u201eJazda rowerem bez wzgl\u0119du na wiek\u201d podbija \u015bwiat - \u0160koda We Love Cycling - Poland<\/title>\n<meta name=\"robots\" content=\"index, follow, max-snippet:-1, max-image-preview:large, max-video-preview:-1\" \/>\n<link rel=\"canonical\" href=\"https:\/\/www.welovecycling.com\/pl\/2017\/05\/11\/projekt-jazda-rowerem-bez-wzgledu-wiek-podbija-swiat\/\" \/>\n<meta property=\"og:locale\" content=\"pl_PL\" \/>\n<meta property=\"og:type\" content=\"article\" \/>\n<meta property=\"og:title\" content=\"Projekt \u201eJazda rowerem bez wzgl\u0119du na wiek\u201d podbija \u015bwiat\" \/>\n<meta property=\"og:description\" content=\"Wiele ju\u017c powiedziano i napisano o zapewnianiu odpowiedniej opieki osobom starszym. Pomimo stara\u0144, wielu z nich wci\u0105\u017c doskwiera samotno\u015b\u0107 i [&hellip;]\" \/>\n<meta property=\"og:url\" content=\"https:\/\/www.welovecycling.com\/pl\/2017\/05\/11\/projekt-jazda-rowerem-bez-wzgledu-wiek-podbija-swiat\/\" \/>\n<meta property=\"og:site_name\" content=\"\u0160koda We Love Cycling - Poland\" \/>\n<meta property=\"article:published_time\" content=\"2017-05-11T19:26:28+00:00\" \/>\n<meta property=\"article:modified_time\" content=\"2017-05-15T09:40:28+00:00\" \/>\n<meta property=\"og:image\" content=\"https:\/\/d2p6e6u75xmxt8.cloudfront.net\/5\/2017\/05\/44487874_7847487874.jpg\" \/>\n\t<meta property=\"og:image:width\" content=\"1375\" \/>\n\t<meta property=\"og:image:height\" content=\"600\" \/>\n\t<meta property=\"og:image:type\" content=\"image\/jpeg\" \/>\n<meta name=\"author\" content=\"piotrboczkowski\" \/>\n<meta name=\"twitter:card\" content=\"summary_large_image\" \/>\n<meta name=\"twitter:label1\" content=\"Written by\" \/>\n\t<meta name=\"twitter:data1\" content=\"Frantiska Blazkova\" \/>\n\t<meta name=\"twitter:label2\" content=\"Est. reading time\" \/>\n\t<meta name=\"twitter:data2\" content=\"3 minutes\" \/>\n<script type=\"application\/ld+json\" class=\"yoast-schema-graph\">{\"@context\":\"https:\/\/schema.org\",\"@graph\":[{\"@type\":\"WebPage\",\"@id\":\"https:\/\/www.welovecycling.com\/pl\/2017\/05\/11\/projekt-jazda-rowerem-bez-wzgledu-wiek-podbija-swiat\/\",\"url\":\"https:\/\/www.welovecycling.com\/pl\/2017\/05\/11\/projekt-jazda-rowerem-bez-wzgledu-wiek-podbija-swiat\/\",\"name\":\"Projekt \u201eJazda rowerem bez wzgl\u0119du na wiek\u201d podbija \u015bwiat - \u0160koda We Love Cycling - Poland\",\"isPartOf\":{\"@id\":\"https:\/\/www.welovecycling.com\/pl\/#website\"},\"primaryImageOfPage\":{\"@id\":\"https:\/\/www.welovecycling.com\/pl\/2017\/05\/11\/projekt-jazda-rowerem-bez-wzgledu-wiek-podbija-swiat\/#primaryimage\"},\"image\":{\"@id\":\"https:\/\/www.welovecycling.com\/pl\/2017\/05\/11\/projekt-jazda-rowerem-bez-wzgledu-wiek-podbija-swiat\/#primaryimage\"},\"thumbnailUrl\":\"https:\/\/d2p6e6u75xmxt8.cloudfront.net\/5\/2017\/05\/44487874_7847487874.jpg\",\"datePublished\":\"2017-05-11T19:26:28+00:00\",\"dateModified\":\"2017-05-15T09:40:28+00:00\",\"author\":{\"@id\":\"https:\/\/www.welovecycling.com\/pl\/#\/schema\/person\/0dba2d39da943db9df3fd8f4687e7f23\"},\"breadcrumb\":{\"@id\":\"https:\/\/www.welovecycling.com\/pl\/2017\/05\/11\/projekt-jazda-rowerem-bez-wzgledu-wiek-podbija-swiat\/#breadcrumb\"},\"inLanguage\":\"pl-PL\",\"potentialAction\":[{\"@type\":\"ReadAction\",\"target\":[\"https:\/\/www.welovecycling.com\/pl\/2017\/05\/11\/projekt-jazda-rowerem-bez-wzgledu-wiek-podbija-swiat\/\"]}]},{\"@type\":\"ImageObject\",\"inLanguage\":\"pl-PL\",\"@id\":\"https:\/\/www.welovecycling.com\/pl\/2017\/05\/11\/projekt-jazda-rowerem-bez-wzgledu-wiek-podbija-swiat\/#primaryimage\",\"url\":\"https:\/\/d2p6e6u75xmxt8.cloudfront.net\/5\/2017\/05\/44487874_7847487874.jpg\",\"contentUrl\":\"https:\/\/d2p6e6u75xmxt8.cloudfront.net\/5\/2017\/05\/44487874_7847487874.jpg\",\"width\":1375,\"height\":600},{\"@type\":\"BreadcrumbList\",\"@id\":\"https:\/\/www.welovecycling.com\/pl\/2017\/05\/11\/projekt-jazda-rowerem-bez-wzgledu-wiek-podbija-swiat\/#breadcrumb\",\"itemListElement\":[{\"@type\":\"ListItem\",\"position\":1,\"name\":\"Home\",\"item\":\"https:\/\/www.welovecycling.com\/pl\/\"},{\"@type\":\"ListItem\",\"position\":2,\"name\":\"Projekt \u201eJazda rowerem bez wzgl\u0119du na wiek\u201d podbija \u015bwiat\"}]},{\"@type\":\"WebSite\",\"@id\":\"https:\/\/www.welovecycling.com\/pl\/#website\",\"url\":\"https:\/\/www.welovecycling.com\/pl\/\",\"name\":\"\u0160koda We Love Cycling - Poland\",\"description\":\"\",\"potentialAction\":[{\"@type\":\"SearchAction\",\"target\":{\"@type\":\"EntryPoint\",\"urlTemplate\":\"https:\/\/www.welovecycling.com\/pl\/?s={search_term_string}\"},\"query-input\":{\"@type\":\"PropertyValueSpecification\",\"valueRequired\":true,\"valueName\":\"search_term_string\"}}],\"inLanguage\":\"pl-PL\"},{\"@type\":\"Person\",\"@id\":\"https:\/\/www.welovecycling.com\/pl\/#\/schema\/person\/0dba2d39da943db9df3fd8f4687e7f23\",\"name\":\"piotrboczkowski\",\"image\":{\"@type\":\"ImageObject\",\"inLanguage\":\"pl-PL\",\"@id\":\"https:\/\/www.welovecycling.com\/pl\/#\/schema\/person\/image\/\",\"url\":\"https:\/\/secure.gravatar.com\/avatar\/533caccae14752e03a2ce2d3fd62d1b98b93e1393c3195c27819e53344ca1ace?s=96&d=mm&r=g\",\"contentUrl\":\"https:\/\/secure.gravatar.com\/avatar\/533caccae14752e03a2ce2d3fd62d1b98b93e1393c3195c27819e53344ca1ace?s=96&d=mm&r=g\",\"caption\":\"piotrboczkowski\"},\"url\":\"https:\/\/www.welovecycling.com\/pl\/author\/piotrboczkowski\/\"}]}<\/script>\n<!-- \/ Yoast SEO Premium plugin. -->","yoast_head_json":{"title":"Projekt \u201eJazda rowerem bez wzgl\u0119du na wiek\u201d podbija \u015bwiat - \u0160koda We Love Cycling - Poland","robots":{"index":"index","follow":"follow","max-snippet":"max-snippet:-1","max-image-preview":"max-image-preview:large","max-video-preview":"max-video-preview:-1"},"canonical":"https:\/\/www.welovecycling.com\/pl\/2017\/05\/11\/projekt-jazda-rowerem-bez-wzgledu-wiek-podbija-swiat\/","og_locale":"pl_PL","og_type":"article","og_title":"Projekt \u201eJazda rowerem bez wzgl\u0119du na wiek\u201d podbija \u015bwiat","og_description":"Wiele ju\u017c powiedziano i napisano o zapewnianiu odpowiedniej opieki osobom starszym. Pomimo stara\u0144, wielu z nich wci\u0105\u017c doskwiera samotno\u015b\u0107 i [&hellip;]","og_url":"https:\/\/www.welovecycling.com\/pl\/2017\/05\/11\/projekt-jazda-rowerem-bez-wzgledu-wiek-podbija-swiat\/","og_site_name":"\u0160koda We Love Cycling - Poland","article_published_time":"2017-05-11T19:26:28+00:00","article_modified_time":"2017-05-15T09:40:28+00:00","og_image":[{"width":1375,"height":600,"url":"https:\/\/d2p6e6u75xmxt8.cloudfront.net\/5\/2017\/05\/44487874_7847487874.jpg","type":"image\/jpeg"}],"author":"piotrboczkowski","twitter_card":"summary_large_image","twitter_misc":{"Written by":"Frantiska Blazkova","Est. reading time":"3 minutes"},"schema":{"@context":"https:\/\/schema.org","@graph":[{"@type":"WebPage","@id":"https:\/\/www.welovecycling.com\/pl\/2017\/05\/11\/projekt-jazda-rowerem-bez-wzgledu-wiek-podbija-swiat\/","url":"https:\/\/www.welovecycling.com\/pl\/2017\/05\/11\/projekt-jazda-rowerem-bez-wzgledu-wiek-podbija-swiat\/","name":"Projekt \u201eJazda rowerem bez wzgl\u0119du na wiek\u201d podbija \u015bwiat - \u0160koda We Love Cycling - Poland","isPartOf":{"@id":"https:\/\/www.welovecycling.com\/pl\/#website"},"primaryImageOfPage":{"@id":"https:\/\/www.welovecycling.com\/pl\/2017\/05\/11\/projekt-jazda-rowerem-bez-wzgledu-wiek-podbija-swiat\/#primaryimage"},"image":{"@id":"https:\/\/www.welovecycling.com\/pl\/2017\/05\/11\/projekt-jazda-rowerem-bez-wzgledu-wiek-podbija-swiat\/#primaryimage"},"thumbnailUrl":"https:\/\/d2p6e6u75xmxt8.cloudfront.net\/5\/2017\/05\/44487874_7847487874.jpg","datePublished":"2017-05-11T19:26:28+00:00","dateModified":"2017-05-15T09:40:28+00:00","author":{"@id":"https:\/\/www.welovecycling.com\/pl\/#\/schema\/person\/0dba2d39da943db9df3fd8f4687e7f23"},"breadcrumb":{"@id":"https:\/\/www.welovecycling.com\/pl\/2017\/05\/11\/projekt-jazda-rowerem-bez-wzgledu-wiek-podbija-swiat\/#breadcrumb"},"inLanguage":"pl-PL","potentialAction":[{"@type":"ReadAction","target":["https:\/\/www.welovecycling.com\/pl\/2017\/05\/11\/projekt-jazda-rowerem-bez-wzgledu-wiek-podbija-swiat\/"]}]},{"@type":"ImageObject","inLanguage":"pl-PL","@id":"https:\/\/www.welovecycling.com\/pl\/2017\/05\/11\/projekt-jazda-rowerem-bez-wzgledu-wiek-podbija-swiat\/#primaryimage","url":"https:\/\/d2p6e6u75xmxt8.cloudfront.net\/5\/2017\/05\/44487874_7847487874.jpg","contentUrl":"https:\/\/d2p6e6u75xmxt8.cloudfront.net\/5\/2017\/05\/44487874_7847487874.jpg","width":1375,"height":600},{"@type":"BreadcrumbList","@id":"https:\/\/www.welovecycling.com\/pl\/2017\/05\/11\/projekt-jazda-rowerem-bez-wzgledu-wiek-podbija-swiat\/#breadcrumb","itemListElement":[{"@type":"ListItem","position":1,"name":"Home","item":"https:\/\/www.welovecycling.com\/pl\/"},{"@type":"ListItem","position":2,"name":"Projekt \u201eJazda rowerem bez wzgl\u0119du na wiek\u201d podbija \u015bwiat"}]},{"@type":"WebSite","@id":"https:\/\/www.welovecycling.com\/pl\/#website","url":"https:\/\/www.welovecycling.com\/pl\/","name":"\u0160koda We Love Cycling - Poland","description":"","potentialAction":[{"@type":"SearchAction","target":{"@type":"EntryPoint","urlTemplate":"https:\/\/www.welovecycling.com\/pl\/?s={search_term_string}"},"query-input":{"@type":"PropertyValueSpecification","valueRequired":true,"valueName":"search_term_string"}}],"inLanguage":"pl-PL"},{"@type":"Person","@id":"https:\/\/www.welovecycling.com\/pl\/#\/schema\/person\/0dba2d39da943db9df3fd8f4687e7f23","name":"piotrboczkowski","image":{"@type":"ImageObject","inLanguage":"pl-PL","@id":"https:\/\/www.welovecycling.com\/pl\/#\/schema\/person\/image\/","url":"https:\/\/secure.gravatar.com\/avatar\/533caccae14752e03a2ce2d3fd62d1b98b93e1393c3195c27819e53344ca1ace?s=96&d=mm&r=g","contentUrl":"https:\/\/secure.gravatar.com\/avatar\/533caccae14752e03a2ce2d3fd62d1b98b93e1393c3195c27819e53344ca1ace?s=96&d=mm&r=g","caption":"piotrboczkowski"},"url":"https:\/\/www.welovecycling.com\/pl\/author\/piotrboczkowski\/"}]}},"_links":{"self":[{"href":"https:\/\/www.welovecycling.com\/pl\/wp-json\/wp\/v2\/posts\/3769","targetHints":{"allow":["GET"]}}],"collection":[{"href":"https:\/\/www.welovecycling.com\/pl\/wp-json\/wp\/v2\/posts"}],"about":[{"href":"https:\/\/www.welovecycling.com\/pl\/wp-json\/wp\/v2\/types\/post"}],"author":[{"embeddable":true,"href":"https:\/\/www.welovecycling.com\/pl\/wp-json\/wp\/v2\/users\/76"}],"replies":[{"embeddable":true,"href":"https:\/\/www.welovecycling.com\/pl\/wp-json\/wp\/v2\/comments?post=3769"}],"version-history":[{"count":1,"href":"https:\/\/www.welovecycling.com\/pl\/wp-json\/wp\/v2\/posts\/3769\/revisions"}],"predecessor-version":[{"id":3771,"href":"https:\/\/www.welovecycling.com\/pl\/wp-json\/wp\/v2\/posts\/3769\/revisions\/3771"}],"wp:featuredmedia":[{"embeddable":true,"href":"https:\/\/www.welovecycling.com\/pl\/wp-json\/wp\/v2\/media\/3770"}],"wp:attachment":[{"href":"https:\/\/www.welovecycling.com\/pl\/wp-json\/wp\/v2\/media?parent=3769"}],"wp:term":[{"taxonomy":"category","embeddable":true,"href":"https:\/\/www.welovecycling.com\/pl\/wp-json\/wp\/v2\/categories?post=3769"},{"taxonomy":"post_tag","embeddable":true,"href":"https:\/\/www.welovecycling.com\/pl\/wp-json\/wp\/v2\/tags?post=3769"},{"taxonomy":"global-categories","embeddable":true,"href":"https:\/\/www.welovecycling.com\/pl\/wp-json\/wp\/v2\/global-categories?post=3769"}],"curies":[{"name":"wp","href":"https:\/\/api.w.org\/{rel}","templated":true}]}}