{"id":3721,"date":"2017-05-10T21:31:45","date_gmt":"2017-05-10T21:31:45","guid":{"rendered":"https:\/\/www.welovecycling.com\/pl\/?p=3721"},"modified":"2017-05-26T09:55:39","modified_gmt":"2017-05-26T09:55:39","slug":"rekordowa-liczba-uczestnikow-velo-torun","status":"publish","type":"post","link":"https:\/\/www.welovecycling.com\/pl\/2017\/05\/10\/rekordowa-liczba-uczestnikow-velo-torun\/","title":{"rendered":"Rekordowa liczba uczestnik\u00f3w na Velo Toru\u0144!"},"content":{"rendered":"<p>Ju\u017c po raz trzeci \u0160koda nap\u0119dza\u0142a w tym roku wielki wy\u015bcig kolarski Velo Toru\u0144. Wielkie \u015bwi\u0119to kolarskie w Toruniu, kt\u00f3rego twarz\u0105 jest niezast\u0105piony Micha\u0142 Kwiatkowski zgromadzi\u0142o rekordow\u0105 liczb\u0119 uczestnik\u00f3w. Jeste\u015bmy z Was ogromnie dumni i cieszymy si\u0119, \u017ce mo\u017cemy by\u0107 cz\u0119\u015bci\u0105 tak wspania\u0142ego wydarzenia rowerowego. Ka\u017cdy wy\u015bcig, kt\u00f3ry wspieramy, traktujemy jak wielki tour, ale Velo Toru\u0144 jest dla nas szczeg\u00f3lnie wa\u017cnym wydarzeniem w sezonie \u2013 zobaczy\u0107 tyle u\u015bmiechni\u0119tych twarzy na ulicach miasta, to wyj\u0105tkowo wzruszaj\u0105ce do\u015bwiadczenie. Sp\u00f3jrzcie na wideorelacj\u0119 oraz zdj\u0119cia\u00a0z wy\u015bcigu!<\/p>\n<p><iframe loading=\"lazy\" src=\"https:\/\/www.youtube-nocookie.com\/embed\/90HHcFmh2J4?ecver=1\" width=\"854\" height=\"480\" frameborder=\"0\" allowfullscreen=\"allowfullscreen\"><\/iframe><\/p>\n<p><a href=\"https:\/\/d2p6e6u75xmxt8.cloudfront.net\/5\/2017\/05\/DSC_1889.jpg\"><img loading=\"lazy\" decoding=\"async\" class=\"alignnone size-large wp-image-3728\" src=\"https:\/\/d2p6e6u75xmxt8.cloudfront.net\/5\/2017\/05\/DSC_1889-1024x684.jpg\" alt=\"\" width=\"1024\" height=\"684\" srcset=\"https:\/\/d2p6e6u75xmxt8.cloudfront.net\/5\/2017\/05\/DSC_1889-1024x684.jpg 1024w, https:\/\/d2p6e6u75xmxt8.cloudfront.net\/5\/2017\/05\/DSC_1889-300x200.jpg 300w, https:\/\/d2p6e6u75xmxt8.cloudfront.net\/5\/2017\/05\/DSC_1889-768x513.jpg 768w, https:\/\/d2p6e6u75xmxt8.cloudfront.net\/5\/2017\/05\/DSC_1889-272x182.jpg 272w\" sizes=\"auto, (max-width: 1024px) 100vw, 1024px\" \/><\/a><\/p>\n<p><a href=\"https:\/\/d2p6e6u75xmxt8.cloudfront.net\/5\/2017\/05\/LUK_6014.jpg\"><img loading=\"lazy\" decoding=\"async\" class=\"alignnone size-large wp-image-3727\" src=\"https:\/\/d2p6e6u75xmxt8.cloudfront.net\/5\/2017\/05\/LUK_6014-1024x684.jpg\" alt=\"\" width=\"1024\" height=\"684\" srcset=\"https:\/\/d2p6e6u75xmxt8.cloudfront.net\/5\/2017\/05\/LUK_6014-1024x684.jpg 1024w, https:\/\/d2p6e6u75xmxt8.cloudfront.net\/5\/2017\/05\/LUK_6014-300x200.jpg 300w, https:\/\/d2p6e6u75xmxt8.cloudfront.net\/5\/2017\/05\/LUK_6014-768x513.jpg 768w, https:\/\/d2p6e6u75xmxt8.cloudfront.net\/5\/2017\/05\/LUK_6014-272x182.jpg 272w\" sizes=\"auto, (max-width: 1024px) 100vw, 1024px\" \/><\/a><span style=\"font-size: 10pt;\">\u0179r\u00f3d\u0142o: \u0160koda Polska<\/span><\/p>\n<p>Na wy\u015bcigu nie zabrak\u0142o wielu znanych kolarzy, w tym Bartosza Huzarskiego oraz Adriana Tekli\u0144skiego. Dzi\u0119kujemy wszystkim mi\u0142o\u015bnikom kolarstwa za przybycie!<\/p>\n<p><a href=\"https:\/\/d2p6e6u75xmxt8.cloudfront.net\/5\/2017\/05\/1.jpg\"><img loading=\"lazy\" decoding=\"async\" class=\"alignnone size-large wp-image-3722\" src=\"https:\/\/d2p6e6u75xmxt8.cloudfront.net\/5\/2017\/05\/1-1024x682.jpg\" alt=\"\" width=\"1024\" height=\"682\" srcset=\"https:\/\/d2p6e6u75xmxt8.cloudfront.net\/5\/2017\/05\/1-1024x682.jpg 1024w, https:\/\/d2p6e6u75xmxt8.cloudfront.net\/5\/2017\/05\/1-300x200.jpg 300w, https:\/\/d2p6e6u75xmxt8.cloudfront.net\/5\/2017\/05\/1-768x512.jpg 768w, https:\/\/d2p6e6u75xmxt8.cloudfront.net\/5\/2017\/05\/1-272x182.jpg 272w, https:\/\/d2p6e6u75xmxt8.cloudfront.net\/5\/2017\/05\/1.jpg 2000w\" sizes=\"auto, (max-width: 1024px) 100vw, 1024px\" \/><\/a><\/p>\n<p><a href=\"https:\/\/d2p6e6u75xmxt8.cloudfront.net\/5\/2017\/05\/2.jpg\"><img loading=\"lazy\" decoding=\"async\" class=\"alignnone size-large wp-image-3726\" src=\"https:\/\/d2p6e6u75xmxt8.cloudfront.net\/5\/2017\/05\/2-1024x682.jpg\" alt=\"\" width=\"1024\" height=\"682\" srcset=\"https:\/\/d2p6e6u75xmxt8.cloudfront.net\/5\/2017\/05\/2-1024x682.jpg 1024w, https:\/\/d2p6e6u75xmxt8.cloudfront.net\/5\/2017\/05\/2-300x200.jpg 300w, https:\/\/d2p6e6u75xmxt8.cloudfront.net\/5\/2017\/05\/2-768x512.jpg 768w, https:\/\/d2p6e6u75xmxt8.cloudfront.net\/5\/2017\/05\/2-272x182.jpg 272w, https:\/\/d2p6e6u75xmxt8.cloudfront.net\/5\/2017\/05\/2.jpg 2000w\" sizes=\"auto, (max-width: 1024px) 100vw, 1024px\" \/><\/a><\/p>\n<p><a href=\"https:\/\/d2p6e6u75xmxt8.cloudfront.net\/5\/2017\/05\/3.jpg\"><img loading=\"lazy\" decoding=\"async\" class=\"alignnone size-large wp-image-3724\" src=\"https:\/\/d2p6e6u75xmxt8.cloudfront.net\/5\/2017\/05\/3-1024x682.jpg\" alt=\"\" width=\"1024\" height=\"682\" srcset=\"https:\/\/d2p6e6u75xmxt8.cloudfront.net\/5\/2017\/05\/3-1024x682.jpg 1024w, https:\/\/d2p6e6u75xmxt8.cloudfront.net\/5\/2017\/05\/3-300x200.jpg 300w, https:\/\/d2p6e6u75xmxt8.cloudfront.net\/5\/2017\/05\/3-768x512.jpg 768w, https:\/\/d2p6e6u75xmxt8.cloudfront.net\/5\/2017\/05\/3-272x182.jpg 272w, https:\/\/d2p6e6u75xmxt8.cloudfront.net\/5\/2017\/05\/3.jpg 2000w\" sizes=\"auto, (max-width: 1024px) 100vw, 1024px\" \/><\/a><\/p>\n<p><a href=\"https:\/\/d2p6e6u75xmxt8.cloudfront.net\/5\/2017\/05\/4.jpg\"><img loading=\"lazy\" decoding=\"async\" class=\"alignnone size-large wp-image-3725\" src=\"https:\/\/d2p6e6u75xmxt8.cloudfront.net\/5\/2017\/05\/4-1024x682.jpg\" alt=\"\" width=\"1024\" height=\"682\" srcset=\"https:\/\/d2p6e6u75xmxt8.cloudfront.net\/5\/2017\/05\/4-1024x682.jpg 1024w, https:\/\/d2p6e6u75xmxt8.cloudfront.net\/5\/2017\/05\/4-300x200.jpg 300w, https:\/\/d2p6e6u75xmxt8.cloudfront.net\/5\/2017\/05\/4-768x512.jpg 768w, https:\/\/d2p6e6u75xmxt8.cloudfront.net\/5\/2017\/05\/4-272x182.jpg 272w, https:\/\/d2p6e6u75xmxt8.cloudfront.net\/5\/2017\/05\/4.jpg 2000w\" sizes=\"auto, (max-width: 1024px) 100vw, 1024px\" \/><\/a><span style=\"font-size: 10pt;\">\u0179r\u00f3d\u0142o: bikelife.com.pl<\/span><\/p>\n<p>Razem pokonali\u015bmy deszczow\u0105 pogod\u0119! Mimo chmur i opad\u00f3w, wszyscy uczestnicy bawili si\u0119 \u015bwietnie. Mo\u017ce to zas\u0142uga gospodarza imprezy Micha\u0142a Kwiatkowskiego, kt\u00f3ry skutecznie rozgrza\u0142 atmosfer\u0119 podczas wy\u015bcigu?<\/p>\n<p><a href=\"https:\/\/d2p6e6u75xmxt8.cloudfront.net\/5\/2017\/05\/DSC_1881.jpg\"><img loading=\"lazy\" decoding=\"async\" class=\"alignnone size-large wp-image-3729\" src=\"https:\/\/d2p6e6u75xmxt8.cloudfront.net\/5\/2017\/05\/DSC_1881-1024x684.jpg\" alt=\"\" width=\"1024\" height=\"684\" srcset=\"https:\/\/d2p6e6u75xmxt8.cloudfront.net\/5\/2017\/05\/DSC_1881-1024x684.jpg 1024w, https:\/\/d2p6e6u75xmxt8.cloudfront.net\/5\/2017\/05\/DSC_1881-300x200.jpg 300w, https:\/\/d2p6e6u75xmxt8.cloudfront.net\/5\/2017\/05\/DSC_1881-768x513.jpg 768w, https:\/\/d2p6e6u75xmxt8.cloudfront.net\/5\/2017\/05\/DSC_1881-272x182.jpg 272w\" sizes=\"auto, (max-width: 1024px) 100vw, 1024px\" \/><\/a><span style=\"font-size: 10pt;\">\u0179r\u00f3d\u0142o: \u0160koda Polska<\/span><\/p>\n<p><a href=\"https:\/\/d2p6e6u75xmxt8.cloudfront.net\/5\/2017\/05\/003__O5B2068.jpg\"><img loading=\"lazy\" decoding=\"async\" class=\"alignnone size-large wp-image-3734\" src=\"https:\/\/d2p6e6u75xmxt8.cloudfront.net\/5\/2017\/05\/003__O5B2068-1024x682.jpg\" alt=\"\" width=\"1024\" height=\"682\" srcset=\"https:\/\/d2p6e6u75xmxt8.cloudfront.net\/5\/2017\/05\/003__O5B2068-1024x682.jpg 1024w, https:\/\/d2p6e6u75xmxt8.cloudfront.net\/5\/2017\/05\/003__O5B2068-300x200.jpg 300w, https:\/\/d2p6e6u75xmxt8.cloudfront.net\/5\/2017\/05\/003__O5B2068-768x512.jpg 768w, https:\/\/d2p6e6u75xmxt8.cloudfront.net\/5\/2017\/05\/003__O5B2068-272x182.jpg 272w, https:\/\/d2p6e6u75xmxt8.cloudfront.net\/5\/2017\/05\/003__O5B2068.jpg 2000w\" sizes=\"auto, (max-width: 1024px) 100vw, 1024px\" \/><\/a><strong><br \/>\n<a href=\"https:\/\/d2p6e6u75xmxt8.cloudfront.net\/5\/2017\/05\/022__O5B2311.jpg\"><img loading=\"lazy\" decoding=\"async\" class=\"alignnone size-large wp-image-3735\" src=\"https:\/\/d2p6e6u75xmxt8.cloudfront.net\/5\/2017\/05\/022__O5B2311-1024x682.jpg\" alt=\"\" width=\"1024\" height=\"682\" srcset=\"https:\/\/d2p6e6u75xmxt8.cloudfront.net\/5\/2017\/05\/022__O5B2311-1024x682.jpg 1024w, https:\/\/d2p6e6u75xmxt8.cloudfront.net\/5\/2017\/05\/022__O5B2311-300x200.jpg 300w, https:\/\/d2p6e6u75xmxt8.cloudfront.net\/5\/2017\/05\/022__O5B2311-768x512.jpg 768w, https:\/\/d2p6e6u75xmxt8.cloudfront.net\/5\/2017\/05\/022__O5B2311-272x182.jpg 272w, https:\/\/d2p6e6u75xmxt8.cloudfront.net\/5\/2017\/05\/022__O5B2311.jpg 2000w\" sizes=\"auto, (max-width: 1024px) 100vw, 1024px\" \/><\/a><\/strong><span style=\"font-size: 10pt;\">\u0179r\u00f3d\u0142o: bikelife.com.pl<\/span><\/p>\n<p><a href=\"https:\/\/d2p6e6u75xmxt8.cloudfront.net\/5\/2017\/05\/DSC_1889.jpg\"><img loading=\"lazy\" decoding=\"async\" class=\"alignnone size-large wp-image-3757\" src=\"https:\/\/d2p6e6u75xmxt8.cloudfront.net\/5\/2017\/05\/DSC_1889-1024x684.jpg\" alt=\"\" width=\"1024\" height=\"684\" srcset=\"https:\/\/d2p6e6u75xmxt8.cloudfront.net\/5\/2017\/05\/DSC_1889-1024x684.jpg 1024w, https:\/\/d2p6e6u75xmxt8.cloudfront.net\/5\/2017\/05\/DSC_1889-300x200.jpg 300w, https:\/\/d2p6e6u75xmxt8.cloudfront.net\/5\/2017\/05\/DSC_1889-768x513.jpg 768w, https:\/\/d2p6e6u75xmxt8.cloudfront.net\/5\/2017\/05\/DSC_1889-272x182.jpg 272w\" sizes=\"auto, (max-width: 1024px) 100vw, 1024px\" \/><\/a><\/p>\n<p><a href=\"https:\/\/d2p6e6u75xmxt8.cloudfront.net\/5\/2017\/05\/DSC_1923.jpg\"><img loading=\"lazy\" decoding=\"async\" class=\"alignnone size-large wp-image-3758\" src=\"https:\/\/d2p6e6u75xmxt8.cloudfront.net\/5\/2017\/05\/DSC_1923-1024x684.jpg\" alt=\"\" width=\"1024\" height=\"684\" srcset=\"https:\/\/d2p6e6u75xmxt8.cloudfront.net\/5\/2017\/05\/DSC_1923-1024x684.jpg 1024w, https:\/\/d2p6e6u75xmxt8.cloudfront.net\/5\/2017\/05\/DSC_1923-300x200.jpg 300w, https:\/\/d2p6e6u75xmxt8.cloudfront.net\/5\/2017\/05\/DSC_1923-768x513.jpg 768w, https:\/\/d2p6e6u75xmxt8.cloudfront.net\/5\/2017\/05\/DSC_1923-272x182.jpg 272w\" sizes=\"auto, (max-width: 1024px) 100vw, 1024px\" \/><\/a><span style=\"font-size: 10pt;\">\u0179r\u00f3d\u0142o: \u0160koda Polska<\/span><\/p>\n<p>Fakty m\u00f3wi\u0105 same za siebie! Na tegoroczne Velo Toru\u0144 zg\u0142oszonych by\u0142o 2088 uczestnik\u00f3w z ca\u0142ej Polski. Warto podkre\u015bli\u0107, \u017ce w wy\u015bcigu brali udzia\u0142 nie tylko profesjonalni kolarze. Na r\u00f3\u017cnych dystansach nie zabrak\u0142o wielbicieli spokojnej jazdy, rodzin z dzie\u0107mi i oczywi\u015bcie m\u0142odych, wschodz\u0105cych gwiazd kolarstwa szosowego.<\/p>\n<p><a href=\"https:\/\/d2p6e6u75xmxt8.cloudfront.net\/5\/2017\/05\/DSC_2273.jpg\"><img loading=\"lazy\" decoding=\"async\" class=\"alignnone size-large wp-image-3755\" src=\"https:\/\/d2p6e6u75xmxt8.cloudfront.net\/5\/2017\/05\/DSC_2273-1024x684.jpg\" alt=\"\" width=\"1024\" height=\"684\" srcset=\"https:\/\/d2p6e6u75xmxt8.cloudfront.net\/5\/2017\/05\/DSC_2273-1024x684.jpg 1024w, https:\/\/d2p6e6u75xmxt8.cloudfront.net\/5\/2017\/05\/DSC_2273-300x200.jpg 300w, https:\/\/d2p6e6u75xmxt8.cloudfront.net\/5\/2017\/05\/DSC_2273-768x513.jpg 768w, https:\/\/d2p6e6u75xmxt8.cloudfront.net\/5\/2017\/05\/DSC_2273-272x182.jpg 272w\" sizes=\"auto, (max-width: 1024px) 100vw, 1024px\" \/><\/a><\/p>\n<p><a href=\"https:\/\/d2p6e6u75xmxt8.cloudfront.net\/5\/2017\/05\/DSC_1750.jpg\"><img loading=\"lazy\" decoding=\"async\" class=\"alignnone size-large wp-image-3737\" src=\"https:\/\/d2p6e6u75xmxt8.cloudfront.net\/5\/2017\/05\/DSC_1750-1024x684.jpg\" alt=\"\" width=\"1024\" height=\"684\" srcset=\"https:\/\/d2p6e6u75xmxt8.cloudfront.net\/5\/2017\/05\/DSC_1750-1024x684.jpg 1024w, https:\/\/d2p6e6u75xmxt8.cloudfront.net\/5\/2017\/05\/DSC_1750-300x200.jpg 300w, https:\/\/d2p6e6u75xmxt8.cloudfront.net\/5\/2017\/05\/DSC_1750-768x513.jpg 768w, https:\/\/d2p6e6u75xmxt8.cloudfront.net\/5\/2017\/05\/DSC_1750-272x182.jpg 272w\" sizes=\"auto, (max-width: 1024px) 100vw, 1024px\" \/><\/a><\/p>\n<p><a href=\"https:\/\/d2p6e6u75xmxt8.cloudfront.net\/5\/2017\/05\/DSC_1738.jpg\"><img loading=\"lazy\" decoding=\"async\" class=\"alignnone size-large wp-image-3738\" src=\"https:\/\/d2p6e6u75xmxt8.cloudfront.net\/5\/2017\/05\/DSC_1738-1024x684.jpg\" alt=\"\" width=\"1024\" height=\"684\" srcset=\"https:\/\/d2p6e6u75xmxt8.cloudfront.net\/5\/2017\/05\/DSC_1738-1024x684.jpg 1024w, https:\/\/d2p6e6u75xmxt8.cloudfront.net\/5\/2017\/05\/DSC_1738-300x200.jpg 300w, https:\/\/d2p6e6u75xmxt8.cloudfront.net\/5\/2017\/05\/DSC_1738-768x513.jpg 768w, https:\/\/d2p6e6u75xmxt8.cloudfront.net\/5\/2017\/05\/DSC_1738-272x182.jpg 272w\" sizes=\"auto, (max-width: 1024px) 100vw, 1024px\" \/><\/a><span style=\"font-size: 10pt;\">\u0179r\u00f3d\u0142o: \u0160koda Polska<\/span><\/p>\n<p>Zaraz po opuszczeniu g\u0142\u00f3wnej drogi i wyje\u017adzie z lasu, na oko\u0142o 30 kilometrze starcie na najbardziej wymagaj\u0105cym dystansie GIGA KODIAQ RACE nabra\u0142o tempa! Na czele wy\u015bcigu uformowa\u0142a si\u0119 9 osobowa ucieczka z Bartoszem Huzarskim i bra\u0107mi Olejnikami w sk\u0142adzie. Mimo ambitnej pracy grupy po\u015bcigowej (w kt\u00f3rej dostrzec mo\u017cna by\u0142o Micha\u0142a Kwiatkowskiego), uciekinierzy prowadzili a\u017c do samego ko\u0144ca. Po solowym odje\u017adzie na ostatnich dw\u00f3ch kilometrach zwyci\u0119\u017cy\u0142 Tomasz Olejnik (brat ubieg\u0142orocznego tryumfatora \u2013 Micha\u0142a Olejnika). Zwyci\u0119zca wygra\u0142 wy\u015bcig Velo Toru\u0144 w swoje urodziny! Jeszcze raz gratulujemy wygranej i \u017cyczymy wszystkiego najlepszego oraz wielu kolarskich sukces\u00f3w.<\/p>\n<p><a href=\"https:\/\/d2p6e6u75xmxt8.cloudfront.net\/5\/2017\/05\/028__O5B2367.jpg\"><img loading=\"lazy\" decoding=\"async\" class=\"alignnone size-large wp-image-3739\" src=\"https:\/\/d2p6e6u75xmxt8.cloudfront.net\/5\/2017\/05\/028__O5B2367-1024x682.jpg\" alt=\"\" width=\"1024\" height=\"682\" srcset=\"https:\/\/d2p6e6u75xmxt8.cloudfront.net\/5\/2017\/05\/028__O5B2367-1024x682.jpg 1024w, https:\/\/d2p6e6u75xmxt8.cloudfront.net\/5\/2017\/05\/028__O5B2367-300x200.jpg 300w, https:\/\/d2p6e6u75xmxt8.cloudfront.net\/5\/2017\/05\/028__O5B2367-768x512.jpg 768w, https:\/\/d2p6e6u75xmxt8.cloudfront.net\/5\/2017\/05\/028__O5B2367-272x182.jpg 272w, https:\/\/d2p6e6u75xmxt8.cloudfront.net\/5\/2017\/05\/028__O5B2367.jpg 2000w\" sizes=\"auto, (max-width: 1024px) 100vw, 1024px\" \/><\/a><span style=\"font-size: 10pt;\">\u0179r\u00f3d\u0142o: bikelife.com.pl<\/span><\/p>\n<p><a href=\"https:\/\/d2p6e6u75xmxt8.cloudfront.net\/5\/2017\/05\/DSC_2811.jpg\"><img loading=\"lazy\" decoding=\"async\" class=\"alignnone size-large wp-image-3740\" src=\"https:\/\/d2p6e6u75xmxt8.cloudfront.net\/5\/2017\/05\/DSC_2811-1024x684.jpg\" alt=\"\" width=\"1024\" height=\"684\" srcset=\"https:\/\/d2p6e6u75xmxt8.cloudfront.net\/5\/2017\/05\/DSC_2811-1024x684.jpg 1024w, https:\/\/d2p6e6u75xmxt8.cloudfront.net\/5\/2017\/05\/DSC_2811-300x200.jpg 300w, https:\/\/d2p6e6u75xmxt8.cloudfront.net\/5\/2017\/05\/DSC_2811-768x513.jpg 768w, https:\/\/d2p6e6u75xmxt8.cloudfront.net\/5\/2017\/05\/DSC_2811-272x182.jpg 272w\" sizes=\"auto, (max-width: 1024px) 100vw, 1024px\" \/><\/a><span style=\"font-size: 10pt;\">\u0179r\u00f3d\u0142o: \u0160koda Polska<\/span><\/p>\n<p>Na \u015brednim dystansie \u2013 MEGA OCTAVIA RACE z ma\u0142ej trzyosobowej grupki, uformowanej na podje\u017adzie pod \u0141\u0105\u017cyn wy\u0142oni\u0142 si\u0119 Mateusz Stasiak z Pleszewa i tym samym wygra\u0142. Gratulacje!<\/p>\n<p>Najkr\u00f3tszym dystansem \u2013 MINI FABIA RACE zawojowa\u0142 kolarski weteran \u2013 Jacek D\u0105browski z Torunia (rocznik \u201966). Drugi by\u0142 Zbigniew Rybacki (rocznik \u201960), a trzecie miejsce przypad\u0142o Miros\u0142awowi S\u0142omskiemu (rocznik \u201973). Brawo! Panowie udowodnili, \u017ce w ka\u017cdym wieku mo\u017cna by\u0107 aktywnym i wygrywa\u0107 wy\u015bcigi.<\/p>\n<p><a href=\"https:\/\/d2p6e6u75xmxt8.cloudfront.net\/5\/2017\/05\/DSC_2849.jpg\"><img loading=\"lazy\" decoding=\"async\" class=\"alignnone size-large wp-image-3741\" src=\"https:\/\/d2p6e6u75xmxt8.cloudfront.net\/5\/2017\/05\/DSC_2849-1024x684.jpg\" alt=\"\" width=\"1024\" height=\"684\" srcset=\"https:\/\/d2p6e6u75xmxt8.cloudfront.net\/5\/2017\/05\/DSC_2849-1024x684.jpg 1024w, https:\/\/d2p6e6u75xmxt8.cloudfront.net\/5\/2017\/05\/DSC_2849-300x200.jpg 300w, https:\/\/d2p6e6u75xmxt8.cloudfront.net\/5\/2017\/05\/DSC_2849-768x513.jpg 768w, https:\/\/d2p6e6u75xmxt8.cloudfront.net\/5\/2017\/05\/DSC_2849-272x182.jpg 272w\" sizes=\"auto, (max-width: 1024px) 100vw, 1024px\" \/><\/a><\/p>\n<p><a href=\"https:\/\/d2p6e6u75xmxt8.cloudfront.net\/5\/2017\/05\/DSC_2864.jpg\"><img loading=\"lazy\" decoding=\"async\" class=\"alignnone size-large wp-image-3742\" src=\"https:\/\/d2p6e6u75xmxt8.cloudfront.net\/5\/2017\/05\/DSC_2864-1024x684.jpg\" alt=\"\" width=\"1024\" height=\"684\" srcset=\"https:\/\/d2p6e6u75xmxt8.cloudfront.net\/5\/2017\/05\/DSC_2864-1024x684.jpg 1024w, https:\/\/d2p6e6u75xmxt8.cloudfront.net\/5\/2017\/05\/DSC_2864-300x200.jpg 300w, https:\/\/d2p6e6u75xmxt8.cloudfront.net\/5\/2017\/05\/DSC_2864-768x513.jpg 768w, https:\/\/d2p6e6u75xmxt8.cloudfront.net\/5\/2017\/05\/DSC_2864-272x182.jpg 272w\" sizes=\"auto, (max-width: 1024px) 100vw, 1024px\" \/><\/a><span style=\"font-size: 10pt;\">\u0179r\u00f3d\u0142o: \u0160koda Polska<\/span><\/p>\n<p>Jak co roku najwi\u0119cej wzruszaj\u0105cych widok\u00f3w i emocji dostarczy\u0142 \u0160koda Family Challenge, na kt\u00f3rym, mimo niesprzyjaj\u0105cej pogody, spotka\u0107 mo\u017cna by\u0142o najm\u0142odsze talenty kolarskie. Po pokonaniu 12 \u2013 kilometrowego dystansu, na \u015bmia\u0142k\u00f3w w Autoryzowanym Salonie \u0160KODY \u2013 Polbis Auto czeka\u0142o mn\u00f3stwo atrakcji i niespodzianek. Uczestnicy wy\u015bcigu dla dzieci i rodzic\u00f3w otrzymali pami\u0105tkowe medale i upominki. Co ciekawe, w \u0160koda Family Challenge razem ze swoimi dzie\u0107mi wzi\u0119li udzia\u0142 r\u00f3wnie\u017c zawodnicy wy\u015bcigu g\u0142\u00f3wnego. To si\u0119 nazywa rodzinny klimat!<\/p>\n<p><a href=\"https:\/\/d2p6e6u75xmxt8.cloudfront.net\/5\/2017\/05\/06.JPG.jpg\"><img loading=\"lazy\" decoding=\"async\" class=\"alignnone size-large wp-image-3731\" src=\"https:\/\/d2p6e6u75xmxt8.cloudfront.net\/5\/2017\/05\/06.JPG-1024x683.jpg\" alt=\"\" width=\"1024\" height=\"683\" srcset=\"https:\/\/d2p6e6u75xmxt8.cloudfront.net\/5\/2017\/05\/06.JPG-1024x683.jpg 1024w, https:\/\/d2p6e6u75xmxt8.cloudfront.net\/5\/2017\/05\/06.JPG-300x200.jpg 300w, https:\/\/d2p6e6u75xmxt8.cloudfront.net\/5\/2017\/05\/06.JPG-768x512.jpg 768w, https:\/\/d2p6e6u75xmxt8.cloudfront.net\/5\/2017\/05\/06.JPG-272x182.jpg 272w\" sizes=\"auto, (max-width: 1024px) 100vw, 1024px\" \/><\/a><\/p>\n<p><a href=\"https:\/\/d2p6e6u75xmxt8.cloudfront.net\/5\/2017\/05\/09b.JPG.jpg\"><img loading=\"lazy\" decoding=\"async\" class=\"alignnone size-large wp-image-3732\" src=\"https:\/\/d2p6e6u75xmxt8.cloudfront.net\/5\/2017\/05\/09b.JPG-1024x683.jpg\" alt=\"\" width=\"1024\" height=\"683\" srcset=\"https:\/\/d2p6e6u75xmxt8.cloudfront.net\/5\/2017\/05\/09b.JPG-1024x683.jpg 1024w, https:\/\/d2p6e6u75xmxt8.cloudfront.net\/5\/2017\/05\/09b.JPG-300x200.jpg 300w, https:\/\/d2p6e6u75xmxt8.cloudfront.net\/5\/2017\/05\/09b.JPG-768x512.jpg 768w, https:\/\/d2p6e6u75xmxt8.cloudfront.net\/5\/2017\/05\/09b.JPG-272x182.jpg 272w\" sizes=\"auto, (max-width: 1024px) 100vw, 1024px\" \/><\/a><\/p>\n<p><a href=\"https:\/\/d2p6e6u75xmxt8.cloudfront.net\/5\/2017\/05\/11.jpg\"><img loading=\"lazy\" decoding=\"async\" class=\"alignnone size-large wp-image-3733\" src=\"https:\/\/d2p6e6u75xmxt8.cloudfront.net\/5\/2017\/05\/11-1024x768.jpg\" alt=\"\" width=\"1024\" height=\"768\" srcset=\"https:\/\/d2p6e6u75xmxt8.cloudfront.net\/5\/2017\/05\/11-1024x768.jpg 1024w, https:\/\/d2p6e6u75xmxt8.cloudfront.net\/5\/2017\/05\/11-300x225.jpg 300w, https:\/\/d2p6e6u75xmxt8.cloudfront.net\/5\/2017\/05\/11-768x576.jpg 768w\" sizes=\"auto, (max-width: 1024px) 100vw, 1024px\" \/><\/a><span style=\"font-size: 10pt;\">\u0179r\u00f3d\u0142o: Autoryzowany salon marki \u0160koda Polbis Auto<\/span><\/p>\n<p>\u0160koda przygotowa\u0142a r\u00f3wnie\u017c gry i zabawy dla najm\u0142odszych w \u201emiasteczku wy\u015bcigu\u201d. Czeka\u0142a na nich wata cukrowa, warsztaty \u201ePimp my bike\u201d polegaj\u0105ce na ozdabianiu rowerk\u00f3w oraz \u015bcianka zdj\u0119ciowa przy kt\u00f3rej mogli si\u0119 wcieli\u0107 w profesjonalnego kolarza! A wszystko po to, by mali adepci kolarstwa mieli jak najwi\u0119cej frajdy z uczestniczenia w imprezie. Towarzysz\u0105cy im doro\u015bli mogli rywalizowa\u0107 mi\u0119dzy sob\u0105 w quizie rowerowym oraz podczas specjalnego przejazdu mini rowerami po torze przeszk\u00f3d. Tu\u017c obok na stoisku \u0160koda AutoLab znajdowa\u0142 si\u0119 trena\u017cer, na kt\u00f3rym go\u015bcie mogli zweryfikowa\u0107 swoj\u0105 kondycj\u0119 pokonuj\u0105c kilometrow\u0105 tras\u0119 g\u00f3rsk\u0105. Dodatkowo wszyscy ch\u0119tni mogli sprawdzi\u0107 swoj\u0105 szybko\u015b\u0107 oraz spostrzegawczo\u015b\u0107 na dwustronnym symulatorze czasu reakcji.<\/p>\n<p><a href=\"https:\/\/d2p6e6u75xmxt8.cloudfront.net\/5\/2017\/05\/DSC_1717.jpg\"><img loading=\"lazy\" decoding=\"async\" class=\"alignnone size-large wp-image-3743\" src=\"https:\/\/d2p6e6u75xmxt8.cloudfront.net\/5\/2017\/05\/DSC_1717-1024x684.jpg\" alt=\"\" width=\"1024\" height=\"684\" srcset=\"https:\/\/d2p6e6u75xmxt8.cloudfront.net\/5\/2017\/05\/DSC_1717-1024x684.jpg 1024w, https:\/\/d2p6e6u75xmxt8.cloudfront.net\/5\/2017\/05\/DSC_1717-300x200.jpg 300w, https:\/\/d2p6e6u75xmxt8.cloudfront.net\/5\/2017\/05\/DSC_1717-768x513.jpg 768w, https:\/\/d2p6e6u75xmxt8.cloudfront.net\/5\/2017\/05\/DSC_1717-272x182.jpg 272w\" sizes=\"auto, (max-width: 1024px) 100vw, 1024px\" \/><\/a><\/p>\n<p><a href=\"https:\/\/d2p6e6u75xmxt8.cloudfront.net\/5\/2017\/05\/DSC_2128.jpg\"><img loading=\"lazy\" decoding=\"async\" class=\"alignnone size-large wp-image-3744\" src=\"https:\/\/d2p6e6u75xmxt8.cloudfront.net\/5\/2017\/05\/DSC_2128-1024x684.jpg\" alt=\"\" width=\"1024\" height=\"684\" srcset=\"https:\/\/d2p6e6u75xmxt8.cloudfront.net\/5\/2017\/05\/DSC_2128-1024x684.jpg 1024w, https:\/\/d2p6e6u75xmxt8.cloudfront.net\/5\/2017\/05\/DSC_2128-300x200.jpg 300w, https:\/\/d2p6e6u75xmxt8.cloudfront.net\/5\/2017\/05\/DSC_2128-768x513.jpg 768w, https:\/\/d2p6e6u75xmxt8.cloudfront.net\/5\/2017\/05\/DSC_2128-272x182.jpg 272w\" sizes=\"auto, (max-width: 1024px) 100vw, 1024px\" \/><\/a><\/p>\n<p><a href=\"https:\/\/d2p6e6u75xmxt8.cloudfront.net\/5\/2017\/05\/DSC_2336.jpg\"><img loading=\"lazy\" decoding=\"async\" class=\"alignnone size-large wp-image-3745\" src=\"https:\/\/d2p6e6u75xmxt8.cloudfront.net\/5\/2017\/05\/DSC_2336-1024x684.jpg\" alt=\"\" width=\"1024\" height=\"684\" srcset=\"https:\/\/d2p6e6u75xmxt8.cloudfront.net\/5\/2017\/05\/DSC_2336-1024x684.jpg 1024w, https:\/\/d2p6e6u75xmxt8.cloudfront.net\/5\/2017\/05\/DSC_2336-300x200.jpg 300w, https:\/\/d2p6e6u75xmxt8.cloudfront.net\/5\/2017\/05\/DSC_2336-768x513.jpg 768w, https:\/\/d2p6e6u75xmxt8.cloudfront.net\/5\/2017\/05\/DSC_2336-272x182.jpg 272w\" sizes=\"auto, (max-width: 1024px) 100vw, 1024px\" \/><\/a><\/p>\n<p><a href=\"https:\/\/d2p6e6u75xmxt8.cloudfront.net\/5\/2017\/05\/DSC_2337.jpg\"><img loading=\"lazy\" decoding=\"async\" class=\"alignnone size-large wp-image-3746\" src=\"https:\/\/d2p6e6u75xmxt8.cloudfront.net\/5\/2017\/05\/DSC_2337-1024x684.jpg\" alt=\"\" width=\"1024\" height=\"684\" srcset=\"https:\/\/d2p6e6u75xmxt8.cloudfront.net\/5\/2017\/05\/DSC_2337-1024x684.jpg 1024w, https:\/\/d2p6e6u75xmxt8.cloudfront.net\/5\/2017\/05\/DSC_2337-300x200.jpg 300w, https:\/\/d2p6e6u75xmxt8.cloudfront.net\/5\/2017\/05\/DSC_2337-768x513.jpg 768w, https:\/\/d2p6e6u75xmxt8.cloudfront.net\/5\/2017\/05\/DSC_2337-272x182.jpg 272w\" sizes=\"auto, (max-width: 1024px) 100vw, 1024px\" \/><\/a><\/p>\n<p><a href=\"https:\/\/d2p6e6u75xmxt8.cloudfront.net\/5\/2017\/05\/DSC_2626.jpg\"><img loading=\"lazy\" decoding=\"async\" class=\"alignnone size-large wp-image-3747\" src=\"https:\/\/d2p6e6u75xmxt8.cloudfront.net\/5\/2017\/05\/DSC_2626-684x1024.jpg\" alt=\"\" width=\"684\" height=\"1024\" srcset=\"https:\/\/d2p6e6u75xmxt8.cloudfront.net\/5\/2017\/05\/DSC_2626-684x1024.jpg 684w, https:\/\/d2p6e6u75xmxt8.cloudfront.net\/5\/2017\/05\/DSC_2626-200x300.jpg 200w, https:\/\/d2p6e6u75xmxt8.cloudfront.net\/5\/2017\/05\/DSC_2626-768x1150.jpg 768w\" sizes=\"auto, (max-width: 684px) 100vw, 684px\" \/><\/a><\/p>\n<p><a href=\"https:\/\/d2p6e6u75xmxt8.cloudfront.net\/5\/2017\/05\/DSC_2645.jpg\"><img loading=\"lazy\" decoding=\"async\" class=\"alignnone size-large wp-image-3748\" src=\"https:\/\/d2p6e6u75xmxt8.cloudfront.net\/5\/2017\/05\/DSC_2645-1024x931.jpg\" alt=\"\" width=\"1024\" height=\"931\" srcset=\"https:\/\/d2p6e6u75xmxt8.cloudfront.net\/5\/2017\/05\/DSC_2645-1024x931.jpg 1024w, https:\/\/d2p6e6u75xmxt8.cloudfront.net\/5\/2017\/05\/DSC_2645-300x273.jpg 300w, https:\/\/d2p6e6u75xmxt8.cloudfront.net\/5\/2017\/05\/DSC_2645-768x698.jpg 768w\" sizes=\"auto, (max-width: 1024px) 100vw, 1024px\" \/><\/a><\/p>\n<p><a href=\"https:\/\/d2p6e6u75xmxt8.cloudfront.net\/5\/2017\/05\/LUK_6333.jpg\"><img loading=\"lazy\" decoding=\"async\" class=\"alignnone size-large wp-image-3749\" src=\"https:\/\/d2p6e6u75xmxt8.cloudfront.net\/5\/2017\/05\/LUK_6333-1024x684.jpg\" alt=\"\" width=\"1024\" height=\"684\" srcset=\"https:\/\/d2p6e6u75xmxt8.cloudfront.net\/5\/2017\/05\/LUK_6333-1024x684.jpg 1024w, https:\/\/d2p6e6u75xmxt8.cloudfront.net\/5\/2017\/05\/LUK_6333-300x200.jpg 300w, https:\/\/d2p6e6u75xmxt8.cloudfront.net\/5\/2017\/05\/LUK_6333-768x513.jpg 768w, https:\/\/d2p6e6u75xmxt8.cloudfront.net\/5\/2017\/05\/LUK_6333-272x182.jpg 272w\" sizes=\"auto, (max-width: 1024px) 100vw, 1024px\" \/><\/a><\/p>\n<p><a href=\"https:\/\/d2p6e6u75xmxt8.cloudfront.net\/5\/2017\/05\/LUK_6510.jpg\"><img loading=\"lazy\" decoding=\"async\" class=\"alignnone size-large wp-image-3750\" src=\"https:\/\/d2p6e6u75xmxt8.cloudfront.net\/5\/2017\/05\/LUK_6510-1024x684.jpg\" alt=\"\" width=\"1024\" height=\"684\" srcset=\"https:\/\/d2p6e6u75xmxt8.cloudfront.net\/5\/2017\/05\/LUK_6510-1024x684.jpg 1024w, https:\/\/d2p6e6u75xmxt8.cloudfront.net\/5\/2017\/05\/LUK_6510-300x200.jpg 300w, https:\/\/d2p6e6u75xmxt8.cloudfront.net\/5\/2017\/05\/LUK_6510-768x513.jpg 768w, https:\/\/d2p6e6u75xmxt8.cloudfront.net\/5\/2017\/05\/LUK_6510-272x182.jpg 272w\" sizes=\"auto, (max-width: 1024px) 100vw, 1024px\" \/><\/a><\/p>\n<p><a href=\"https:\/\/d2p6e6u75xmxt8.cloudfront.net\/5\/2017\/05\/LUK_6294.jpg\"><img loading=\"lazy\" decoding=\"async\" class=\"alignnone size-large wp-image-3751\" src=\"https:\/\/d2p6e6u75xmxt8.cloudfront.net\/5\/2017\/05\/LUK_6294-684x1024.jpg\" alt=\"\" width=\"684\" height=\"1024\" srcset=\"https:\/\/d2p6e6u75xmxt8.cloudfront.net\/5\/2017\/05\/LUK_6294-684x1024.jpg 684w, https:\/\/d2p6e6u75xmxt8.cloudfront.net\/5\/2017\/05\/LUK_6294-200x300.jpg 200w, https:\/\/d2p6e6u75xmxt8.cloudfront.net\/5\/2017\/05\/LUK_6294-768x1150.jpg 768w\" sizes=\"auto, (max-width: 684px) 100vw, 684px\" \/><\/a><\/p>\n<p><a href=\"https:\/\/d2p6e6u75xmxt8.cloudfront.net\/5\/2017\/05\/LUK_6286.jpg\"><img loading=\"lazy\" decoding=\"async\" class=\"alignnone size-large wp-image-3752\" src=\"https:\/\/d2p6e6u75xmxt8.cloudfront.net\/5\/2017\/05\/LUK_6286-1024x684.jpg\" alt=\"\" width=\"1024\" height=\"684\" srcset=\"https:\/\/d2p6e6u75xmxt8.cloudfront.net\/5\/2017\/05\/LUK_6286-1024x684.jpg 1024w, https:\/\/d2p6e6u75xmxt8.cloudfront.net\/5\/2017\/05\/LUK_6286-300x200.jpg 300w, https:\/\/d2p6e6u75xmxt8.cloudfront.net\/5\/2017\/05\/LUK_6286-768x513.jpg 768w, https:\/\/d2p6e6u75xmxt8.cloudfront.net\/5\/2017\/05\/LUK_6286-272x182.jpg 272w\" sizes=\"auto, (max-width: 1024px) 100vw, 1024px\" \/><\/a><\/p>\n<p><a href=\"https:\/\/d2p6e6u75xmxt8.cloudfront.net\/5\/2017\/05\/LUK_6384.jpg\"><img loading=\"lazy\" decoding=\"async\" class=\"alignnone size-large wp-image-3759\" src=\"https:\/\/d2p6e6u75xmxt8.cloudfront.net\/5\/2017\/05\/LUK_6384-1024x684.jpg\" alt=\"\" width=\"1024\" height=\"684\" srcset=\"https:\/\/d2p6e6u75xmxt8.cloudfront.net\/5\/2017\/05\/LUK_6384-1024x684.jpg 1024w, https:\/\/d2p6e6u75xmxt8.cloudfront.net\/5\/2017\/05\/LUK_6384-300x200.jpg 300w, https:\/\/d2p6e6u75xmxt8.cloudfront.net\/5\/2017\/05\/LUK_6384-768x513.jpg 768w, https:\/\/d2p6e6u75xmxt8.cloudfront.net\/5\/2017\/05\/LUK_6384-272x182.jpg 272w\" sizes=\"auto, (max-width: 1024px) 100vw, 1024px\" \/><\/a><\/p>\n<p><a href=\"https:\/\/d2p6e6u75xmxt8.cloudfront.net\/5\/2017\/05\/DSC_1949.jpg\"><img loading=\"lazy\" decoding=\"async\" class=\"alignnone size-large wp-image-3760\" src=\"https:\/\/d2p6e6u75xmxt8.cloudfront.net\/5\/2017\/05\/DSC_1949-1024x684.jpg\" alt=\"\" width=\"1024\" height=\"684\" srcset=\"https:\/\/d2p6e6u75xmxt8.cloudfront.net\/5\/2017\/05\/DSC_1949-1024x684.jpg 1024w, https:\/\/d2p6e6u75xmxt8.cloudfront.net\/5\/2017\/05\/DSC_1949-300x200.jpg 300w, https:\/\/d2p6e6u75xmxt8.cloudfront.net\/5\/2017\/05\/DSC_1949-768x513.jpg 768w, https:\/\/d2p6e6u75xmxt8.cloudfront.net\/5\/2017\/05\/DSC_1949-272x182.jpg 272w\" sizes=\"auto, (max-width: 1024px) 100vw, 1024px\" \/><\/a><span style=\"font-size: 10pt;\">\u0179r\u00f3d\u0142o: \u0160koda Polska<\/span><\/p>\n<p>Dzi\u0119kujemy za pi\u0119kny, emocjonuj\u0105cy i pe\u0142en wra\u017ce\u0144 wy\u015bcig. Do zobaczenia za rok!<\/p>\n","protected":false},"excerpt":{"rendered":"<p>Ju\u017c po raz trzeci \u0160koda nap\u0119dza\u0142a w tym roku wielki wy\u015bcig kolarski Velo Toru\u0144. Wielkie \u015bwi\u0119to kolarskie w Toruniu, kt\u00f3rego [&hellip;]<\/p>\n","protected":false},"author":76,"featured_media":3767,"comment_status":"open","ping_status":"open","sticky":false,"template":"","format":"standard","meta":{"footnotes":""},"categories":[1],"tags":[66,80],"global-categories":[],"class_list":["post-3721","post","type-post","status-publish","format-standard","has-post-thumbnail","hentry","category-uncategorized","tag-skodanapedzarowery","tag-velo-torun"],"yoast_head":"<!-- This site is optimized with the Yoast SEO Premium plugin v25.3 (Yoast SEO v25.9) - https:\/\/yoast.com\/wordpress\/plugins\/seo\/ -->\n<title>Rekordowa liczba uczestnik\u00f3w na Velo Toru\u0144! - \u0160koda We Love Cycling - Poland<\/title>\n<meta name=\"robots\" content=\"index, follow, max-snippet:-1, max-image-preview:large, max-video-preview:-1\" \/>\n<link rel=\"canonical\" href=\"https:\/\/www.welovecycling.com\/pl\/2017\/05\/10\/rekordowa-liczba-uczestnikow-velo-torun\/\" \/>\n<meta property=\"og:locale\" content=\"pl_PL\" \/>\n<meta property=\"og:type\" content=\"article\" \/>\n<meta property=\"og:title\" content=\"Rekordowa liczba uczestnik\u00f3w na Velo Toru\u0144!\" \/>\n<meta property=\"og:description\" content=\"Ju\u017c po raz trzeci \u0160koda nap\u0119dza\u0142a w tym roku wielki wy\u015bcig kolarski Velo Toru\u0144. Wielkie \u015bwi\u0119to kolarskie w Toruniu, kt\u00f3rego [&hellip;]\" \/>\n<meta property=\"og:url\" content=\"https:\/\/www.welovecycling.com\/pl\/2017\/05\/10\/rekordowa-liczba-uczestnikow-velo-torun\/\" \/>\n<meta property=\"og:site_name\" content=\"\u0160koda We Love Cycling - Poland\" \/>\n<meta property=\"article:published_time\" content=\"2017-05-10T21:31:45+00:00\" \/>\n<meta property=\"article:modified_time\" content=\"2017-05-26T09:55:39+00:00\" \/>\n<meta property=\"og:image\" content=\"https:\/\/d2p6e6u75xmxt8.cloudfront.net\/5\/2017\/05\/006__O5B2200.jpg\" \/>\n\t<meta property=\"og:image:width\" content=\"2000\" \/>\n\t<meta property=\"og:image:height\" content=\"1333\" \/>\n\t<meta property=\"og:image:type\" content=\"image\/jpeg\" \/>\n<meta name=\"author\" content=\"piotrboczkowski\" \/>\n<meta name=\"twitter:card\" content=\"summary_large_image\" \/>\n<meta name=\"twitter:label1\" content=\"Written by\" \/>\n\t<meta name=\"twitter:data1\" content=\"WeLoveCycling\" \/>\n\t<meta name=\"twitter:label2\" content=\"Est. reading time\" \/>\n\t<meta name=\"twitter:data2\" content=\"4 minutes\" \/>\n<script type=\"application\/ld+json\" class=\"yoast-schema-graph\">{\"@context\":\"https:\/\/schema.org\",\"@graph\":[{\"@type\":\"WebPage\",\"@id\":\"https:\/\/www.welovecycling.com\/pl\/2017\/05\/10\/rekordowa-liczba-uczestnikow-velo-torun\/\",\"url\":\"https:\/\/www.welovecycling.com\/pl\/2017\/05\/10\/rekordowa-liczba-uczestnikow-velo-torun\/\",\"name\":\"Rekordowa liczba uczestnik\u00f3w na Velo Toru\u0144! - \u0160koda We Love Cycling - Poland\",\"isPartOf\":{\"@id\":\"https:\/\/www.welovecycling.com\/pl\/#website\"},\"primaryImageOfPage\":{\"@id\":\"https:\/\/www.welovecycling.com\/pl\/2017\/05\/10\/rekordowa-liczba-uczestnikow-velo-torun\/#primaryimage\"},\"image\":{\"@id\":\"https:\/\/www.welovecycling.com\/pl\/2017\/05\/10\/rekordowa-liczba-uczestnikow-velo-torun\/#primaryimage\"},\"thumbnailUrl\":\"https:\/\/d2p6e6u75xmxt8.cloudfront.net\/5\/2017\/05\/006__O5B2200.jpg\",\"datePublished\":\"2017-05-10T21:31:45+00:00\",\"dateModified\":\"2017-05-26T09:55:39+00:00\",\"author\":{\"@id\":\"https:\/\/www.welovecycling.com\/pl\/#\/schema\/person\/0dba2d39da943db9df3fd8f4687e7f23\"},\"breadcrumb\":{\"@id\":\"https:\/\/www.welovecycling.com\/pl\/2017\/05\/10\/rekordowa-liczba-uczestnikow-velo-torun\/#breadcrumb\"},\"inLanguage\":\"pl-PL\",\"potentialAction\":[{\"@type\":\"ReadAction\",\"target\":[\"https:\/\/www.welovecycling.com\/pl\/2017\/05\/10\/rekordowa-liczba-uczestnikow-velo-torun\/\"]}]},{\"@type\":\"ImageObject\",\"inLanguage\":\"pl-PL\",\"@id\":\"https:\/\/www.welovecycling.com\/pl\/2017\/05\/10\/rekordowa-liczba-uczestnikow-velo-torun\/#primaryimage\",\"url\":\"https:\/\/d2p6e6u75xmxt8.cloudfront.net\/5\/2017\/05\/006__O5B2200.jpg\",\"contentUrl\":\"https:\/\/d2p6e6u75xmxt8.cloudfront.net\/5\/2017\/05\/006__O5B2200.jpg\",\"width\":2000,\"height\":1333},{\"@type\":\"BreadcrumbList\",\"@id\":\"https:\/\/www.welovecycling.com\/pl\/2017\/05\/10\/rekordowa-liczba-uczestnikow-velo-torun\/#breadcrumb\",\"itemListElement\":[{\"@type\":\"ListItem\",\"position\":1,\"name\":\"Home\",\"item\":\"https:\/\/www.welovecycling.com\/pl\/\"},{\"@type\":\"ListItem\",\"position\":2,\"name\":\"Rekordowa liczba uczestnik\u00f3w na Velo Toru\u0144!\"}]},{\"@type\":\"WebSite\",\"@id\":\"https:\/\/www.welovecycling.com\/pl\/#website\",\"url\":\"https:\/\/www.welovecycling.com\/pl\/\",\"name\":\"\u0160koda We Love Cycling - Poland\",\"description\":\"\",\"potentialAction\":[{\"@type\":\"SearchAction\",\"target\":{\"@type\":\"EntryPoint\",\"urlTemplate\":\"https:\/\/www.welovecycling.com\/pl\/?s={search_term_string}\"},\"query-input\":{\"@type\":\"PropertyValueSpecification\",\"valueRequired\":true,\"valueName\":\"search_term_string\"}}],\"inLanguage\":\"pl-PL\"},{\"@type\":\"Person\",\"@id\":\"https:\/\/www.welovecycling.com\/pl\/#\/schema\/person\/0dba2d39da943db9df3fd8f4687e7f23\",\"name\":\"piotrboczkowski\",\"image\":{\"@type\":\"ImageObject\",\"inLanguage\":\"pl-PL\",\"@id\":\"https:\/\/www.welovecycling.com\/pl\/#\/schema\/person\/image\/\",\"url\":\"https:\/\/secure.gravatar.com\/avatar\/533caccae14752e03a2ce2d3fd62d1b98b93e1393c3195c27819e53344ca1ace?s=96&d=mm&r=g\",\"contentUrl\":\"https:\/\/secure.gravatar.com\/avatar\/533caccae14752e03a2ce2d3fd62d1b98b93e1393c3195c27819e53344ca1ace?s=96&d=mm&r=g\",\"caption\":\"piotrboczkowski\"},\"url\":\"https:\/\/www.welovecycling.com\/pl\/author\/piotrboczkowski\/\"}]}<\/script>\n<!-- \/ Yoast SEO Premium plugin. -->","yoast_head_json":{"title":"Rekordowa liczba uczestnik\u00f3w na Velo Toru\u0144! - \u0160koda We Love Cycling - Poland","robots":{"index":"index","follow":"follow","max-snippet":"max-snippet:-1","max-image-preview":"max-image-preview:large","max-video-preview":"max-video-preview:-1"},"canonical":"https:\/\/www.welovecycling.com\/pl\/2017\/05\/10\/rekordowa-liczba-uczestnikow-velo-torun\/","og_locale":"pl_PL","og_type":"article","og_title":"Rekordowa liczba uczestnik\u00f3w na Velo Toru\u0144!","og_description":"Ju\u017c po raz trzeci \u0160koda nap\u0119dza\u0142a w tym roku wielki wy\u015bcig kolarski Velo Toru\u0144. Wielkie \u015bwi\u0119to kolarskie w Toruniu, kt\u00f3rego [&hellip;]","og_url":"https:\/\/www.welovecycling.com\/pl\/2017\/05\/10\/rekordowa-liczba-uczestnikow-velo-torun\/","og_site_name":"\u0160koda We Love Cycling - Poland","article_published_time":"2017-05-10T21:31:45+00:00","article_modified_time":"2017-05-26T09:55:39+00:00","og_image":[{"width":2000,"height":1333,"url":"https:\/\/d2p6e6u75xmxt8.cloudfront.net\/5\/2017\/05\/006__O5B2200.jpg","type":"image\/jpeg"}],"author":"piotrboczkowski","twitter_card":"summary_large_image","twitter_misc":{"Written by":"WeLoveCycling","Est. reading time":"4 minutes"},"schema":{"@context":"https:\/\/schema.org","@graph":[{"@type":"WebPage","@id":"https:\/\/www.welovecycling.com\/pl\/2017\/05\/10\/rekordowa-liczba-uczestnikow-velo-torun\/","url":"https:\/\/www.welovecycling.com\/pl\/2017\/05\/10\/rekordowa-liczba-uczestnikow-velo-torun\/","name":"Rekordowa liczba uczestnik\u00f3w na Velo Toru\u0144! - \u0160koda We Love Cycling - Poland","isPartOf":{"@id":"https:\/\/www.welovecycling.com\/pl\/#website"},"primaryImageOfPage":{"@id":"https:\/\/www.welovecycling.com\/pl\/2017\/05\/10\/rekordowa-liczba-uczestnikow-velo-torun\/#primaryimage"},"image":{"@id":"https:\/\/www.welovecycling.com\/pl\/2017\/05\/10\/rekordowa-liczba-uczestnikow-velo-torun\/#primaryimage"},"thumbnailUrl":"https:\/\/d2p6e6u75xmxt8.cloudfront.net\/5\/2017\/05\/006__O5B2200.jpg","datePublished":"2017-05-10T21:31:45+00:00","dateModified":"2017-05-26T09:55:39+00:00","author":{"@id":"https:\/\/www.welovecycling.com\/pl\/#\/schema\/person\/0dba2d39da943db9df3fd8f4687e7f23"},"breadcrumb":{"@id":"https:\/\/www.welovecycling.com\/pl\/2017\/05\/10\/rekordowa-liczba-uczestnikow-velo-torun\/#breadcrumb"},"inLanguage":"pl-PL","potentialAction":[{"@type":"ReadAction","target":["https:\/\/www.welovecycling.com\/pl\/2017\/05\/10\/rekordowa-liczba-uczestnikow-velo-torun\/"]}]},{"@type":"ImageObject","inLanguage":"pl-PL","@id":"https:\/\/www.welovecycling.com\/pl\/2017\/05\/10\/rekordowa-liczba-uczestnikow-velo-torun\/#primaryimage","url":"https:\/\/d2p6e6u75xmxt8.cloudfront.net\/5\/2017\/05\/006__O5B2200.jpg","contentUrl":"https:\/\/d2p6e6u75xmxt8.cloudfront.net\/5\/2017\/05\/006__O5B2200.jpg","width":2000,"height":1333},{"@type":"BreadcrumbList","@id":"https:\/\/www.welovecycling.com\/pl\/2017\/05\/10\/rekordowa-liczba-uczestnikow-velo-torun\/#breadcrumb","itemListElement":[{"@type":"ListItem","position":1,"name":"Home","item":"https:\/\/www.welovecycling.com\/pl\/"},{"@type":"ListItem","position":2,"name":"Rekordowa liczba uczestnik\u00f3w na Velo Toru\u0144!"}]},{"@type":"WebSite","@id":"https:\/\/www.welovecycling.com\/pl\/#website","url":"https:\/\/www.welovecycling.com\/pl\/","name":"\u0160koda We Love Cycling - Poland","description":"","potentialAction":[{"@type":"SearchAction","target":{"@type":"EntryPoint","urlTemplate":"https:\/\/www.welovecycling.com\/pl\/?s={search_term_string}"},"query-input":{"@type":"PropertyValueSpecification","valueRequired":true,"valueName":"search_term_string"}}],"inLanguage":"pl-PL"},{"@type":"Person","@id":"https:\/\/www.welovecycling.com\/pl\/#\/schema\/person\/0dba2d39da943db9df3fd8f4687e7f23","name":"piotrboczkowski","image":{"@type":"ImageObject","inLanguage":"pl-PL","@id":"https:\/\/www.welovecycling.com\/pl\/#\/schema\/person\/image\/","url":"https:\/\/secure.gravatar.com\/avatar\/533caccae14752e03a2ce2d3fd62d1b98b93e1393c3195c27819e53344ca1ace?s=96&d=mm&r=g","contentUrl":"https:\/\/secure.gravatar.com\/avatar\/533caccae14752e03a2ce2d3fd62d1b98b93e1393c3195c27819e53344ca1ace?s=96&d=mm&r=g","caption":"piotrboczkowski"},"url":"https:\/\/www.welovecycling.com\/pl\/author\/piotrboczkowski\/"}]}},"_links":{"self":[{"href":"https:\/\/www.welovecycling.com\/pl\/wp-json\/wp\/v2\/posts\/3721","targetHints":{"allow":["GET"]}}],"collection":[{"href":"https:\/\/www.welovecycling.com\/pl\/wp-json\/wp\/v2\/posts"}],"about":[{"href":"https:\/\/www.welovecycling.com\/pl\/wp-json\/wp\/v2\/types\/post"}],"author":[{"embeddable":true,"href":"https:\/\/www.welovecycling.com\/pl\/wp-json\/wp\/v2\/users\/76"}],"replies":[{"embeddable":true,"href":"https:\/\/www.welovecycling.com\/pl\/wp-json\/wp\/v2\/comments?post=3721"}],"version-history":[{"count":2,"href":"https:\/\/www.welovecycling.com\/pl\/wp-json\/wp\/v2\/posts\/3721\/revisions"}],"predecessor-version":[{"id":3884,"href":"https:\/\/www.welovecycling.com\/pl\/wp-json\/wp\/v2\/posts\/3721\/revisions\/3884"}],"wp:featuredmedia":[{"embeddable":true,"href":"https:\/\/www.welovecycling.com\/pl\/wp-json\/wp\/v2\/media\/3767"}],"wp:attachment":[{"href":"https:\/\/www.welovecycling.com\/pl\/wp-json\/wp\/v2\/media?parent=3721"}],"wp:term":[{"taxonomy":"category","embeddable":true,"href":"https:\/\/www.welovecycling.com\/pl\/wp-json\/wp\/v2\/categories?post=3721"},{"taxonomy":"post_tag","embeddable":true,"href":"https:\/\/www.welovecycling.com\/pl\/wp-json\/wp\/v2\/tags?post=3721"},{"taxonomy":"global-categories","embeddable":true,"href":"https:\/\/www.welovecycling.com\/pl\/wp-json\/wp\/v2\/global-categories?post=3721"}],"curies":[{"name":"wp","href":"https:\/\/api.w.org\/{rel}","templated":true}]}}