{"id":3697,"date":"2017-05-08T14:33:09","date_gmt":"2017-05-08T14:33:09","guid":{"rendered":"https:\/\/www.welovecycling.com\/pl\/?p=3697"},"modified":"2017-05-09T07:50:24","modified_gmt":"2017-05-09T07:50:24","slug":"skoda-napedza-wloclawski-maraton-mtb","status":"publish","type":"post","link":"https:\/\/www.welovecycling.com\/pl\/2017\/05\/08\/skoda-napedza-wloclawski-maraton-mtb\/","title":{"rendered":"\u0160koda nap\u0119dza W\u0142oc\u0142awski Maraton MTB"},"content":{"rendered":"<p><span style=\"font-weight: 400;\">Kolejne rowerowe wyzwanie za nami. 30 kwietnia mieli\u015bmy zaszczyt wspiera\u0107 drug\u0105 ju\u017c edycj\u0119 Maratonu MTB we W\u0142oc\u0142awku! <\/span><span style=\"font-weight: 400;\">Z pe\u0142nym przekonaniem mo\u017cemy stwierdzi\u0107, \u017ce marka \u0160koda rowerowo nap\u0119dza ju\u017c ca\u0142\u0105\u00a0Polsk\u0119. Szczeg\u00f3lnie wa\u017cna jest dla nas dzia\u0142alno\u015b\u0107 na poziomie lokalnym, inicjowana przez samych dealer\u00f3w, jak w tym przypadku.<\/span><\/p>\n<p><span style=\"font-weight: 400;\">We W\u0142oc\u0142awku pogoda dopisa\u0142a, a na starcie wy\u015bcigu stan\u0119\u0142o 284 zawodniczek i zawodnik\u00f3w z ca\u0142ej Polski. Do stolicy Kujaw przyby\u0142o wiele licz\u0105cych si\u0119 w Polsce klub\u00f3w, zar\u00f3wno z okolic W\u0142oc\u0142awka \u2013 Lipno, Rypin, P\u0142ock, Toru\u0144, Bydgoszcz, jak i z dalszych zak\u0105tk\u00f3w Polski \u2013 Gda\u0144sk, Tczew, Byt\u00f3w, Tarn\u00f3w, Pozna\u0144, Wroc\u0142aw.<\/span><\/p>\n<p><span style=\"font-weight: 400;\">Mamy nadziej\u0119, \u017ce z roku na rok fan\u00f3w kolarstwa g\u00f3rskiego b\u0119dzie przybywa\u0107!<\/span><\/p>\n<p><span style=\"font-weight: 400;\">W\u015br\u00f3d rywalizuj\u0105cych zawodnik\u00f3w nie zabrak\u0142o w\u0142oc\u0142awian, kt\u00f3rzy w liczbie 74 os\u00f3b godnie reprezentowali miasto.<\/span><\/p>\n<p><span style=\"font-weight: 400;\">Uczestnicy konkurowali na jednym z trzech dystans\u00f3w: JUNIOR \u2013 8 km (8 \u2013 15 lat), MINI \u2013 25 km, MEGA \u2013 50 km. Na ka\u017cdym z nich rywalizacja odbywa\u0142a si\u0119 w r\u00f3\u017cnych kategoriach wiekowych oddzielnie dla kobiet i m\u0119\u017cczyzn. O tym jak bardzo twarda by\u0142a rywalizacja \u015bwiadcz\u0105 same wyniki. Czasami o wygranej decydowa\u0142y tu setne sekundy! <\/span><\/p>\n<p><span style=\"font-weight: 400;\">Na terenach Zespo\u0142u Szk\u00f3\u0142 Samochodowych odby\u0142y si\u0119 r\u00f3wnie\u017c wy\u015bcigi dla m\u0142odszych dzieci w wieku od 3 do 7 lat, kt\u00f3re nie mog\u0142y wzi\u0105\u0107 udzia\u0142u w wy\u015bcigu g\u0142\u00f3wnym. Zaci\u0119te miny podczas wy\u015bcigu oraz u\u015bmiechy po uko\u0144czeniu \u015bwiadcz\u0105 o dobrej zabawie. Tym bardziej, \u017ce w konkurencji dla najm\u0142odszych wygrywa\u0142 ka\u017cdy.<\/span><\/p>\n<p><a href=\"https:\/\/d2p6e6u75xmxt8.cloudfront.net\/5\/2017\/05\/DSC_9223.JPG.jpg\"><img loading=\"lazy\" decoding=\"async\" class=\"alignnone size-large wp-image-3707\" src=\"https:\/\/d2p6e6u75xmxt8.cloudfront.net\/5\/2017\/05\/DSC_9223.JPG-1024x683.jpg\" alt=\"\" width=\"1024\" height=\"683\" srcset=\"https:\/\/d2p6e6u75xmxt8.cloudfront.net\/5\/2017\/05\/DSC_9223.JPG-1024x683.jpg 1024w, https:\/\/d2p6e6u75xmxt8.cloudfront.net\/5\/2017\/05\/DSC_9223.JPG-300x200.jpg 300w, https:\/\/d2p6e6u75xmxt8.cloudfront.net\/5\/2017\/05\/DSC_9223.JPG-768x512.jpg 768w, https:\/\/d2p6e6u75xmxt8.cloudfront.net\/5\/2017\/05\/DSC_9223.JPG-272x182.jpg 272w\" sizes=\"auto, (max-width: 1024px) 100vw, 1024px\" \/><\/a><\/p>\n<p><span style=\"font-weight: 400;\">Trasy wy\u015bcigu g\u0142\u00f3wnego prowadzi\u0142y przez pi\u0119kne, le\u015bne tereny Gostyni\u0144sko \u2013 W\u0142oc\u0142awskiego Parku Krajobrazowego i podobnie jak w zesz\u0142ym roku zaskoczy\u0142y wielu uczestnik\u00f3w poziomem trudno\u015bci. Ich wytyczenie by\u0142o mo\u017cliwe dzi\u0119ki wsparciu Nadle\u015bnictwa W\u0142oc\u0142awek. Dzi\u0119kujemy! <\/span><span style=\"font-weight: 400;\">O wsparcie techniczne wydarzenia zatroszczy\u0142 si\u0119 Autoryzowany salon marki \u0160koda W\u0105tarski Sp. Z o. o.<\/span><\/p>\n<p><span style=\"font-weight: 400;\">Organizatorem zawod\u00f3w by\u0142y Zesp\u00f3\u0142 Szk\u00f3\u0142 Samochodowych we W\u0142oc\u0142awku oraz W\u0142oc\u0142awskie Stowarzyszenie Kolarstwa G\u00f3rskiego. Dzi\u0119kujemy, \u017ce mogli\u015bmy by\u0107 cz\u0119\u015bci\u0105 tego emocjonuj\u0105cego wydarzenia. Dzi\u0119ki zaanga\u017cowaniu i wsparciu Autoryzowanego salonu marki \u0160koda W\u0105tarski Sp. Z o. o oraz innych sponsor\u00f3w zawody we W\u0142oc\u0142awku staj\u0105 si\u0119 coraz bardziej rozpoznawaln\u0105 imprez\u0105 MTB w Polsce.<\/span><\/p>\n<p><a href=\"https:\/\/d2p6e6u75xmxt8.cloudfront.net\/5\/2017\/05\/07.jpg\"><img loading=\"lazy\" decoding=\"async\" class=\"alignnone size-large wp-image-3698\" src=\"https:\/\/d2p6e6u75xmxt8.cloudfront.net\/5\/2017\/05\/07-1024x729.jpg\" alt=\"\" width=\"1024\" height=\"729\" srcset=\"https:\/\/d2p6e6u75xmxt8.cloudfront.net\/5\/2017\/05\/07-1024x729.jpg 1024w, https:\/\/d2p6e6u75xmxt8.cloudfront.net\/5\/2017\/05\/07-300x213.jpg 300w, https:\/\/d2p6e6u75xmxt8.cloudfront.net\/5\/2017\/05\/07-768x546.jpg 768w, https:\/\/d2p6e6u75xmxt8.cloudfront.net\/5\/2017\/05\/07.jpg 2048w\" sizes=\"auto, (max-width: 1024px) 100vw, 1024px\" \/><\/a><\/p>\n<p><a href=\"https:\/\/d2p6e6u75xmxt8.cloudfront.net\/5\/2017\/05\/08.jpg\"><img loading=\"lazy\" decoding=\"async\" class=\"alignnone size-large wp-image-3699\" src=\"https:\/\/d2p6e6u75xmxt8.cloudfront.net\/5\/2017\/05\/08.jpg\" alt=\"\" width=\"768\" height=\"960\" srcset=\"https:\/\/d2p6e6u75xmxt8.cloudfront.net\/5\/2017\/05\/08.jpg 768w, https:\/\/d2p6e6u75xmxt8.cloudfront.net\/5\/2017\/05\/08-240x300.jpg 240w\" sizes=\"auto, (max-width: 768px) 100vw, 768px\" \/><\/a><\/p>\n<p><a href=\"https:\/\/d2p6e6u75xmxt8.cloudfront.net\/5\/2017\/05\/09.jpg\"><img loading=\"lazy\" decoding=\"async\" class=\"alignnone size-large wp-image-3700\" src=\"https:\/\/d2p6e6u75xmxt8.cloudfront.net\/5\/2017\/05\/09-1024x683.jpg\" alt=\"\" width=\"1024\" height=\"683\" srcset=\"https:\/\/d2p6e6u75xmxt8.cloudfront.net\/5\/2017\/05\/09-1024x683.jpg 1024w, https:\/\/d2p6e6u75xmxt8.cloudfront.net\/5\/2017\/05\/09-300x200.jpg 300w, https:\/\/d2p6e6u75xmxt8.cloudfront.net\/5\/2017\/05\/09-768x512.jpg 768w, https:\/\/d2p6e6u75xmxt8.cloudfront.net\/5\/2017\/05\/09-272x182.jpg 272w, https:\/\/d2p6e6u75xmxt8.cloudfront.net\/5\/2017\/05\/09.jpg 2048w\" sizes=\"auto, (max-width: 1024px) 100vw, 1024px\" \/><\/a><\/p>\n<p><a href=\"https:\/\/d2p6e6u75xmxt8.cloudfront.net\/5\/2017\/05\/20170430_101748.jpg\"><img loading=\"lazy\" decoding=\"async\" class=\"alignnone size-large wp-image-3703\" src=\"https:\/\/d2p6e6u75xmxt8.cloudfront.net\/5\/2017\/05\/20170430_101748-1024x576.jpg\" alt=\"\" width=\"1024\" height=\"576\" srcset=\"https:\/\/d2p6e6u75xmxt8.cloudfront.net\/5\/2017\/05\/20170430_101748-1024x576.jpg 1024w, https:\/\/d2p6e6u75xmxt8.cloudfront.net\/5\/2017\/05\/20170430_101748-300x169.jpg 300w, https:\/\/d2p6e6u75xmxt8.cloudfront.net\/5\/2017\/05\/20170430_101748-768x432.jpg 768w\" sizes=\"auto, (max-width: 1024px) 100vw, 1024px\" \/><\/a><\/p>\n<p><a href=\"https:\/\/d2p6e6u75xmxt8.cloudfront.net\/5\/2017\/05\/10.jpg\"><img loading=\"lazy\" decoding=\"async\" class=\"alignnone size-large wp-image-3701\" src=\"https:\/\/d2p6e6u75xmxt8.cloudfront.net\/5\/2017\/05\/10-1024x683.jpg\" alt=\"\" width=\"1024\" height=\"683\" srcset=\"https:\/\/d2p6e6u75xmxt8.cloudfront.net\/5\/2017\/05\/10-1024x683.jpg 1024w, https:\/\/d2p6e6u75xmxt8.cloudfront.net\/5\/2017\/05\/10-300x200.jpg 300w, https:\/\/d2p6e6u75xmxt8.cloudfront.net\/5\/2017\/05\/10-768x512.jpg 768w, https:\/\/d2p6e6u75xmxt8.cloudfront.net\/5\/2017\/05\/10-272x182.jpg 272w, https:\/\/d2p6e6u75xmxt8.cloudfront.net\/5\/2017\/05\/10.jpg 1333w\" sizes=\"auto, (max-width: 1024px) 100vw, 1024px\" \/><\/a><\/p>\n<p><a href=\"https:\/\/d2p6e6u75xmxt8.cloudfront.net\/5\/2017\/05\/DSC_9200.JPG.jpg\"><img loading=\"lazy\" decoding=\"async\" class=\"alignnone size-large wp-image-3706\" src=\"https:\/\/d2p6e6u75xmxt8.cloudfront.net\/5\/2017\/05\/DSC_9200.JPG-1024x683.jpg\" alt=\"\" width=\"1024\" height=\"683\" srcset=\"https:\/\/d2p6e6u75xmxt8.cloudfront.net\/5\/2017\/05\/DSC_9200.JPG-1024x683.jpg 1024w, https:\/\/d2p6e6u75xmxt8.cloudfront.net\/5\/2017\/05\/DSC_9200.JPG-300x200.jpg 300w, https:\/\/d2p6e6u75xmxt8.cloudfront.net\/5\/2017\/05\/DSC_9200.JPG-768x512.jpg 768w, https:\/\/d2p6e6u75xmxt8.cloudfront.net\/5\/2017\/05\/DSC_9200.JPG-272x182.jpg 272w\" sizes=\"auto, (max-width: 1024px) 100vw, 1024px\" \/><\/a><\/p>\n<p><span style=\"font-weight: 400;\">Do zobaczenia za rok!<\/span><\/p>\n<p>(\u017ar\u00f3d\u0142o zdj\u0119\u0107: Autoryzowany salon marki \u0160koda W\u0105tarski Sp. Z o. o.)<\/p>\n","protected":false},"excerpt":{"rendered":"<p>Kolejne rowerowe wyzwanie za nami. 30 kwietnia mieli\u015bmy zaszczyt wspiera\u0107 drug\u0105 ju\u017c edycj\u0119 Maratonu MTB we W\u0142oc\u0142awku! Z pe\u0142nym przekonaniem [&hellip;]<\/p>\n","protected":false},"author":76,"featured_media":3705,"comment_status":"open","ping_status":"open","sticky":false,"template":"","format":"standard","meta":{"footnotes":""},"categories":[1],"tags":[66],"global-categories":[],"class_list":["post-3697","post","type-post","status-publish","format-standard","has-post-thumbnail","hentry","category-uncategorized","tag-skodanapedzarowery"],"yoast_head":"<!-- This site is optimized with the Yoast SEO Premium plugin v25.3 (Yoast SEO v25.9) - https:\/\/yoast.com\/wordpress\/plugins\/seo\/ -->\n<title>\u0160koda nap\u0119dza W\u0142oc\u0142awski Maraton MTB - \u0160koda We Love Cycling - Poland<\/title>\n<meta name=\"robots\" content=\"index, follow, max-snippet:-1, max-image-preview:large, max-video-preview:-1\" \/>\n<link rel=\"canonical\" href=\"https:\/\/www.welovecycling.com\/pl\/2017\/05\/08\/skoda-napedza-wloclawski-maraton-mtb\/\" \/>\n<meta property=\"og:locale\" content=\"pl_PL\" \/>\n<meta property=\"og:type\" content=\"article\" \/>\n<meta property=\"og:title\" content=\"\u0160koda nap\u0119dza W\u0142oc\u0142awski Maraton MTB\" \/>\n<meta property=\"og:description\" content=\"Kolejne rowerowe wyzwanie za nami. 30 kwietnia mieli\u015bmy zaszczyt wspiera\u0107 drug\u0105 ju\u017c edycj\u0119 Maratonu MTB we W\u0142oc\u0142awku! Z pe\u0142nym przekonaniem [&hellip;]\" \/>\n<meta property=\"og:url\" content=\"https:\/\/www.welovecycling.com\/pl\/2017\/05\/08\/skoda-napedza-wloclawski-maraton-mtb\/\" \/>\n<meta property=\"og:site_name\" content=\"\u0160koda We Love Cycling - Poland\" \/>\n<meta property=\"article:published_time\" content=\"2017-05-08T14:33:09+00:00\" \/>\n<meta property=\"article:modified_time\" content=\"2017-05-09T07:50:24+00:00\" \/>\n<meta property=\"og:image\" content=\"https:\/\/d2p6e6u75xmxt8.cloudfront.net\/5\/2017\/05\/DSC_9638.jpg\" \/>\n\t<meta property=\"og:image:width\" content=\"1200\" \/>\n\t<meta property=\"og:image:height\" content=\"801\" \/>\n\t<meta property=\"og:image:type\" content=\"image\/jpeg\" \/>\n<meta name=\"author\" content=\"piotrboczkowski\" \/>\n<meta name=\"twitter:card\" content=\"summary_large_image\" \/>\n<meta name=\"twitter:label1\" content=\"Written by\" \/>\n\t<meta name=\"twitter:data1\" content=\"WeLoveCycling\" \/>\n\t<meta name=\"twitter:label2\" content=\"Est. reading time\" \/>\n\t<meta name=\"twitter:data2\" content=\"2 minutes\" \/>\n<script type=\"application\/ld+json\" class=\"yoast-schema-graph\">{\"@context\":\"https:\/\/schema.org\",\"@graph\":[{\"@type\":\"WebPage\",\"@id\":\"https:\/\/www.welovecycling.com\/pl\/2017\/05\/08\/skoda-napedza-wloclawski-maraton-mtb\/\",\"url\":\"https:\/\/www.welovecycling.com\/pl\/2017\/05\/08\/skoda-napedza-wloclawski-maraton-mtb\/\",\"name\":\"\u0160koda nap\u0119dza W\u0142oc\u0142awski Maraton MTB - \u0160koda We Love Cycling - Poland\",\"isPartOf\":{\"@id\":\"https:\/\/www.welovecycling.com\/pl\/#website\"},\"primaryImageOfPage\":{\"@id\":\"https:\/\/www.welovecycling.com\/pl\/2017\/05\/08\/skoda-napedza-wloclawski-maraton-mtb\/#primaryimage\"},\"image\":{\"@id\":\"https:\/\/www.welovecycling.com\/pl\/2017\/05\/08\/skoda-napedza-wloclawski-maraton-mtb\/#primaryimage\"},\"thumbnailUrl\":\"https:\/\/d2p6e6u75xmxt8.cloudfront.net\/5\/2017\/05\/DSC_9638.jpg\",\"datePublished\":\"2017-05-08T14:33:09+00:00\",\"dateModified\":\"2017-05-09T07:50:24+00:00\",\"author\":{\"@id\":\"https:\/\/www.welovecycling.com\/pl\/#\/schema\/person\/0dba2d39da943db9df3fd8f4687e7f23\"},\"breadcrumb\":{\"@id\":\"https:\/\/www.welovecycling.com\/pl\/2017\/05\/08\/skoda-napedza-wloclawski-maraton-mtb\/#breadcrumb\"},\"inLanguage\":\"pl-PL\",\"potentialAction\":[{\"@type\":\"ReadAction\",\"target\":[\"https:\/\/www.welovecycling.com\/pl\/2017\/05\/08\/skoda-napedza-wloclawski-maraton-mtb\/\"]}]},{\"@type\":\"ImageObject\",\"inLanguage\":\"pl-PL\",\"@id\":\"https:\/\/www.welovecycling.com\/pl\/2017\/05\/08\/skoda-napedza-wloclawski-maraton-mtb\/#primaryimage\",\"url\":\"https:\/\/d2p6e6u75xmxt8.cloudfront.net\/5\/2017\/05\/DSC_9638.jpg\",\"contentUrl\":\"https:\/\/d2p6e6u75xmxt8.cloudfront.net\/5\/2017\/05\/DSC_9638.jpg\",\"width\":1200,\"height\":801},{\"@type\":\"BreadcrumbList\",\"@id\":\"https:\/\/www.welovecycling.com\/pl\/2017\/05\/08\/skoda-napedza-wloclawski-maraton-mtb\/#breadcrumb\",\"itemListElement\":[{\"@type\":\"ListItem\",\"position\":1,\"name\":\"Home\",\"item\":\"https:\/\/www.welovecycling.com\/pl\/\"},{\"@type\":\"ListItem\",\"position\":2,\"name\":\"\u0160koda nap\u0119dza W\u0142oc\u0142awski Maraton MTB\"}]},{\"@type\":\"WebSite\",\"@id\":\"https:\/\/www.welovecycling.com\/pl\/#website\",\"url\":\"https:\/\/www.welovecycling.com\/pl\/\",\"name\":\"\u0160koda We Love Cycling - Poland\",\"description\":\"\",\"potentialAction\":[{\"@type\":\"SearchAction\",\"target\":{\"@type\":\"EntryPoint\",\"urlTemplate\":\"https:\/\/www.welovecycling.com\/pl\/?s={search_term_string}\"},\"query-input\":{\"@type\":\"PropertyValueSpecification\",\"valueRequired\":true,\"valueName\":\"search_term_string\"}}],\"inLanguage\":\"pl-PL\"},{\"@type\":\"Person\",\"@id\":\"https:\/\/www.welovecycling.com\/pl\/#\/schema\/person\/0dba2d39da943db9df3fd8f4687e7f23\",\"name\":\"piotrboczkowski\",\"image\":{\"@type\":\"ImageObject\",\"inLanguage\":\"pl-PL\",\"@id\":\"https:\/\/www.welovecycling.com\/pl\/#\/schema\/person\/image\/\",\"url\":\"https:\/\/secure.gravatar.com\/avatar\/533caccae14752e03a2ce2d3fd62d1b98b93e1393c3195c27819e53344ca1ace?s=96&d=mm&r=g\",\"contentUrl\":\"https:\/\/secure.gravatar.com\/avatar\/533caccae14752e03a2ce2d3fd62d1b98b93e1393c3195c27819e53344ca1ace?s=96&d=mm&r=g\",\"caption\":\"piotrboczkowski\"},\"url\":\"https:\/\/www.welovecycling.com\/pl\/author\/piotrboczkowski\/\"}]}<\/script>\n<!-- \/ Yoast SEO Premium plugin. -->","yoast_head_json":{"title":"\u0160koda nap\u0119dza W\u0142oc\u0142awski Maraton MTB - \u0160koda We Love Cycling - Poland","robots":{"index":"index","follow":"follow","max-snippet":"max-snippet:-1","max-image-preview":"max-image-preview:large","max-video-preview":"max-video-preview:-1"},"canonical":"https:\/\/www.welovecycling.com\/pl\/2017\/05\/08\/skoda-napedza-wloclawski-maraton-mtb\/","og_locale":"pl_PL","og_type":"article","og_title":"\u0160koda nap\u0119dza W\u0142oc\u0142awski Maraton MTB","og_description":"Kolejne rowerowe wyzwanie za nami. 30 kwietnia mieli\u015bmy zaszczyt wspiera\u0107 drug\u0105 ju\u017c edycj\u0119 Maratonu MTB we W\u0142oc\u0142awku! Z pe\u0142nym przekonaniem [&hellip;]","og_url":"https:\/\/www.welovecycling.com\/pl\/2017\/05\/08\/skoda-napedza-wloclawski-maraton-mtb\/","og_site_name":"\u0160koda We Love Cycling - Poland","article_published_time":"2017-05-08T14:33:09+00:00","article_modified_time":"2017-05-09T07:50:24+00:00","og_image":[{"width":1200,"height":801,"url":"https:\/\/d2p6e6u75xmxt8.cloudfront.net\/5\/2017\/05\/DSC_9638.jpg","type":"image\/jpeg"}],"author":"piotrboczkowski","twitter_card":"summary_large_image","twitter_misc":{"Written by":"WeLoveCycling","Est. reading time":"2 minutes"},"schema":{"@context":"https:\/\/schema.org","@graph":[{"@type":"WebPage","@id":"https:\/\/www.welovecycling.com\/pl\/2017\/05\/08\/skoda-napedza-wloclawski-maraton-mtb\/","url":"https:\/\/www.welovecycling.com\/pl\/2017\/05\/08\/skoda-napedza-wloclawski-maraton-mtb\/","name":"\u0160koda nap\u0119dza W\u0142oc\u0142awski Maraton MTB - \u0160koda We Love Cycling - Poland","isPartOf":{"@id":"https:\/\/www.welovecycling.com\/pl\/#website"},"primaryImageOfPage":{"@id":"https:\/\/www.welovecycling.com\/pl\/2017\/05\/08\/skoda-napedza-wloclawski-maraton-mtb\/#primaryimage"},"image":{"@id":"https:\/\/www.welovecycling.com\/pl\/2017\/05\/08\/skoda-napedza-wloclawski-maraton-mtb\/#primaryimage"},"thumbnailUrl":"https:\/\/d2p6e6u75xmxt8.cloudfront.net\/5\/2017\/05\/DSC_9638.jpg","datePublished":"2017-05-08T14:33:09+00:00","dateModified":"2017-05-09T07:50:24+00:00","author":{"@id":"https:\/\/www.welovecycling.com\/pl\/#\/schema\/person\/0dba2d39da943db9df3fd8f4687e7f23"},"breadcrumb":{"@id":"https:\/\/www.welovecycling.com\/pl\/2017\/05\/08\/skoda-napedza-wloclawski-maraton-mtb\/#breadcrumb"},"inLanguage":"pl-PL","potentialAction":[{"@type":"ReadAction","target":["https:\/\/www.welovecycling.com\/pl\/2017\/05\/08\/skoda-napedza-wloclawski-maraton-mtb\/"]}]},{"@type":"ImageObject","inLanguage":"pl-PL","@id":"https:\/\/www.welovecycling.com\/pl\/2017\/05\/08\/skoda-napedza-wloclawski-maraton-mtb\/#primaryimage","url":"https:\/\/d2p6e6u75xmxt8.cloudfront.net\/5\/2017\/05\/DSC_9638.jpg","contentUrl":"https:\/\/d2p6e6u75xmxt8.cloudfront.net\/5\/2017\/05\/DSC_9638.jpg","width":1200,"height":801},{"@type":"BreadcrumbList","@id":"https:\/\/www.welovecycling.com\/pl\/2017\/05\/08\/skoda-napedza-wloclawski-maraton-mtb\/#breadcrumb","itemListElement":[{"@type":"ListItem","position":1,"name":"Home","item":"https:\/\/www.welovecycling.com\/pl\/"},{"@type":"ListItem","position":2,"name":"\u0160koda nap\u0119dza W\u0142oc\u0142awski Maraton MTB"}]},{"@type":"WebSite","@id":"https:\/\/www.welovecycling.com\/pl\/#website","url":"https:\/\/www.welovecycling.com\/pl\/","name":"\u0160koda We Love Cycling - Poland","description":"","potentialAction":[{"@type":"SearchAction","target":{"@type":"EntryPoint","urlTemplate":"https:\/\/www.welovecycling.com\/pl\/?s={search_term_string}"},"query-input":{"@type":"PropertyValueSpecification","valueRequired":true,"valueName":"search_term_string"}}],"inLanguage":"pl-PL"},{"@type":"Person","@id":"https:\/\/www.welovecycling.com\/pl\/#\/schema\/person\/0dba2d39da943db9df3fd8f4687e7f23","name":"piotrboczkowski","image":{"@type":"ImageObject","inLanguage":"pl-PL","@id":"https:\/\/www.welovecycling.com\/pl\/#\/schema\/person\/image\/","url":"https:\/\/secure.gravatar.com\/avatar\/533caccae14752e03a2ce2d3fd62d1b98b93e1393c3195c27819e53344ca1ace?s=96&d=mm&r=g","contentUrl":"https:\/\/secure.gravatar.com\/avatar\/533caccae14752e03a2ce2d3fd62d1b98b93e1393c3195c27819e53344ca1ace?s=96&d=mm&r=g","caption":"piotrboczkowski"},"url":"https:\/\/www.welovecycling.com\/pl\/author\/piotrboczkowski\/"}]}},"_links":{"self":[{"href":"https:\/\/www.welovecycling.com\/pl\/wp-json\/wp\/v2\/posts\/3697","targetHints":{"allow":["GET"]}}],"collection":[{"href":"https:\/\/www.welovecycling.com\/pl\/wp-json\/wp\/v2\/posts"}],"about":[{"href":"https:\/\/www.welovecycling.com\/pl\/wp-json\/wp\/v2\/types\/post"}],"author":[{"embeddable":true,"href":"https:\/\/www.welovecycling.com\/pl\/wp-json\/wp\/v2\/users\/76"}],"replies":[{"embeddable":true,"href":"https:\/\/www.welovecycling.com\/pl\/wp-json\/wp\/v2\/comments?post=3697"}],"version-history":[{"count":2,"href":"https:\/\/www.welovecycling.com\/pl\/wp-json\/wp\/v2\/posts\/3697\/revisions"}],"predecessor-version":[{"id":3714,"href":"https:\/\/www.welovecycling.com\/pl\/wp-json\/wp\/v2\/posts\/3697\/revisions\/3714"}],"wp:featuredmedia":[{"embeddable":true,"href":"https:\/\/www.welovecycling.com\/pl\/wp-json\/wp\/v2\/media\/3705"}],"wp:attachment":[{"href":"https:\/\/www.welovecycling.com\/pl\/wp-json\/wp\/v2\/media?parent=3697"}],"wp:term":[{"taxonomy":"category","embeddable":true,"href":"https:\/\/www.welovecycling.com\/pl\/wp-json\/wp\/v2\/categories?post=3697"},{"taxonomy":"post_tag","embeddable":true,"href":"https:\/\/www.welovecycling.com\/pl\/wp-json\/wp\/v2\/tags?post=3697"},{"taxonomy":"global-categories","embeddable":true,"href":"https:\/\/www.welovecycling.com\/pl\/wp-json\/wp\/v2\/global-categories?post=3697"}],"curies":[{"name":"wp","href":"https:\/\/api.w.org\/{rel}","templated":true}]}}