{"id":3521,"date":"2017-04-21T14:54:27","date_gmt":"2017-04-21T14:54:27","guid":{"rendered":"https:\/\/www.welovecycling.com\/pl\/?p=3521"},"modified":"2017-04-22T21:40:58","modified_gmt":"2017-04-22T21:40:58","slug":"nadszedl-czas-by-wpuscic-rowerzystow-chodniki","status":"publish","type":"post","link":"https:\/\/www.welovecycling.com\/pl\/2017\/04\/21\/nadszedl-czas-by-wpuscic-rowerzystow-chodniki\/","title":{"rendered":"Czy nadszed\u0142 czas, by wpu\u015bci\u0107 rowerzyst\u00f3w na chodniki?"},"content":{"rendered":"<div id=\"pl-3521\"  class=\"panel-layout\" ><div id=\"pg-3521-0\"  class=\"panel-grid panel-no-style\" ><div id=\"pgc-3521-0-0\"  class=\"panel-grid-cell\" ><div id=\"panel-3521-0-0-0\" class=\"so-panel widget widget_sow-editor panel-first-child\" data-index=\"0\" ><div\n\t\t\t\n\t\t\tclass=\"so-widget-sow-editor so-widget-sow-editor-base\"\n\t\t\t\n\t\t>\n<div class=\"siteorigin-widget-tinymce textwidget\">\n\t<p><span style=\"font-weight: 400;\">W jednej z dzielnic Londynu policja obieca\u0142a, \u017ce nie b\u0119dzie kara\u0107 rowerzyst\u00f3w je\u017cd\u017c\u0105cych po chodnikach. Czy to znak, \u017ce czasy si\u0119 zmieniaj\u0105? Czy taka polityka powinna zosta\u0107 przyj\u0119ta r\u00f3wnie\u017c w innych krajach europejskich?<\/span><\/p>\n<p><span style=\"font-weight: 400;\">W londy\u0144skiej dzielnicy Camden w\u0142adze zapowiedzia\u0142y, \u017ce nie b\u0119d\u0105 kara\u0107 rowerzyst\u00f3w je\u017cd\u017c\u0105cych po chodnikach, je\u015bli nie b\u0119dzie ku temu powodu. Zamiast tego b\u0119d\u0105 oni zatrzymywani i pytani, dlaczego korzystaj\u0105 z chodnika, a nie z drogi. Dodatkowo policjanci b\u0119d\u0105 zatrzymywa\u0107 i ostrzega\u0107 wszystkich kierowc\u00f3w, kt\u00f3ry podczas wyprzedzania cyklist\u00f3w nie zachowaj\u0105 odpowiedniej odleg\u0142o\u015bci. W ten spos\u00f3b chc\u0105 zidentyfikowa\u0107 miejsca uwa\u017cane przez rowerzyst\u00f3w za najbardziej niebezpieczne.<\/span><\/p>\n<p><span style=\"font-weight: 400;\">Jednak\u017ce nie wszyscy s\u0105 zadowoleni z tej decyzji. Wielu pieszych uwa\u017ca, \u017ce rower r\u00f3wnie\u017c jest pojazdem i powinien porusza\u0107 si\u0119 po\u00a0drodze.\u00a0<\/span><span style=\"font-weight: 400;\">Wielu z nich czuje si\u0119 bardziej zagro\u017conych przez rowery ni\u017c przez samochody. Najcz\u0119\u015bciej powtarzany zarzut to ten, \u017ce rowerzy\u015bci je\u017cd\u017c\u0105 zbyt szybko, w nieprzewidywalny spos\u00f3b zje\u017cd\u017caj\u0105 z ulicy na chodnik i z powrotem, nie zwa\u017caj\u0105c na pieszych. Pojawiaj\u0105 si\u0119 nawet g\u0142osy, \u017ce naruszane s\u0105 prawa pieszych.<\/span><\/p>\n<p><span style=\"font-weight: 400;\">Londy\u0144scy cykli\u015bci, kt\u00f3rzy codziennie je\u017cd\u017c\u0105 rowerami do pracy, nie zgadzaj\u0105 si\u0119 z tym \u2013 zw\u0142aszcza ci, kt\u00f3rzy je\u017cd\u017c\u0105 z dzie\u0107mi. Jednak wi\u0119kszo\u015b\u0107 z nich rozumie, \u017ce rowerzy\u015bci nie powinni je\u017adzi\u0107 jak szaleni i musz\u0105 si\u0119 dostosowa\u0107 do tempa pieszych podczas przeje\u017cd\u017cania po chodniku, poniewa\u017c ka\u017cda kolizja mo\u017ce prowadzi\u0107 do urazu, a nawet \u015bmierci.<\/span><\/p>\n<\/div>\n<\/div><\/div><div id=\"panel-3521-0-0-1\" class=\"so-panel widget widget_ys-post-pinup\" data-index=\"1\" ><div\n\t\t\t\n\t\t\tclass=\"so-widget-ys-post-pinup so-widget-ys-post-pinup-base\"\n\t\t\t\n\t\t><\/div><\/div><div id=\"panel-3521-0-0-2\" class=\"so-panel widget widget_sow-editor panel-last-child\" data-index=\"2\" ><div\n\t\t\t\n\t\t\tclass=\"so-widget-sow-editor so-widget-sow-editor-base\"\n\t\t\t\n\t\t>\n<div class=\"siteorigin-widget-tinymce textwidget\">\n\t<p><span style=\"font-weight: 400;\">Obecnie kary za jazd\u0119 po chodniku w Wielkiej Brytanii obejmuj\u0105 mandat w wysoko\u015bci 50 funt\u00f3w. Jednak ministerstwo spraw wewn\u0119trznych (Home Office) wyda\u0142o wezwanie do ich ograniczenia, w szczeg\u00f3lno\u015bci w przypadku dzieci. Jednym z argument\u00f3w jest to, \u017ce je\u015bli politycy chc\u0105 zach\u0119ci\u0107 wi\u0119cej os\u00f3b do wybrania roweru jako codziennego \u015brodka transportu, powinni r\u00f3wnie\u017c zagwarantowa\u0107 im komfort bezpiecze\u0144stwa na drodze. Je\u015bli nie zostanie ono zapewnione, zawsze b\u0119dzie pewna grupa rowerzyst\u00f3w korzystaj\u0105cych z chodnik\u00f3w.<\/span><\/p>\n<p><span style=\"font-weight: 400;\">Ka\u017cdy kraj ma odmienne podej\u015bcie do kwestii rower\u00f3w na chodniku. Na przyk\u0142ad w niekt\u00f3rych miastach w Japonii obowi\u0105zuje ca\u0142kowity zakaz jazdy rowerami po drogach, a szerokie chodniki maj\u0105 na celu zapewni\u0107 wystarczaj\u0105c\u0105 ilo\u015b\u0107 miejsca zar\u00f3wno dla cyklist\u00f3w, jak i pieszych. Samorz\u0105dy w Niemczech, Austrii i Szwajcarii inwestuj\u0105 ogromne kwoty w budowanie sieci wsp\u00f3lnych dr\u00f3g z wydzielonymi pasami dla pieszych i rower\u00f3w. Dzi\u0119ki wzajemnemu szacunkowi u\u017cytkownik\u00f3w chodnik\u00f3w model ten dzia\u0142a doskonale w wi\u0119kszo\u015bci niemieckich miast, w tym w Berlinie.<\/span><\/p>\n<p><span style=\"font-weight: 400;\">A jak wygl\u0105da sytuacja w twoim mie\u015bcie? Czy policja egzekwuje przepisy bez wzgl\u0119du na okoliczno\u015bci? Czy te\u017c jest raczej tolerancyjna?<\/span><\/p>\n<p>(\u017ar\u00f3d\u0142o zdj\u0119\u0107: welovecycling.com)<\/p>\n<\/div>\n<\/div><\/div><\/div><\/div><\/div>","protected":false},"excerpt":{"rendered":"<p>W jednej z dzielnic Londynu policja obieca\u0142a, \u017ce nie b\u0119dzie kara\u0107 rowerzyst\u00f3w je\u017cd\u017c\u0105cych po chodnikach. Czy to znak, \u017ce czasy [&hellip;]<\/p>\n","protected":false},"author":76,"featured_media":3522,"comment_status":"open","ping_status":"open","sticky":false,"template":"","format":"standard","meta":{"footnotes":""},"categories":[1],"tags":[126,96],"global-categories":[],"class_list":["post-3521","post","type-post","status-publish","format-standard","has-post-thumbnail","hentry","category-uncategorized","tag-chodniki","tag-jazda-miejska"],"yoast_head":"<!-- This site is optimized with the Yoast SEO Premium plugin v25.3 (Yoast SEO v25.9) - https:\/\/yoast.com\/wordpress\/plugins\/seo\/ -->\n<title>Czy nadszed\u0142 czas, by wpu\u015bci\u0107 rowerzyst\u00f3w na chodniki? - \u0160koda We Love Cycling - Poland<\/title>\n<meta name=\"robots\" content=\"index, follow, max-snippet:-1, max-image-preview:large, max-video-preview:-1\" \/>\n<link rel=\"canonical\" href=\"https:\/\/www.welovecycling.com\/pl\/2017\/04\/21\/nadszedl-czas-by-wpuscic-rowerzystow-chodniki\/\" \/>\n<meta property=\"og:locale\" content=\"pl_PL\" \/>\n<meta property=\"og:type\" content=\"article\" \/>\n<meta property=\"og:title\" content=\"Czy nadszed\u0142 czas, by wpu\u015bci\u0107 rowerzyst\u00f3w na chodniki?\" \/>\n<meta property=\"og:description\" content=\"W jednej z dzielnic Londynu policja obieca\u0142a, \u017ce nie b\u0119dzie kara\u0107 rowerzyst\u00f3w je\u017cd\u017c\u0105cych po chodnikach. Czy to znak, \u017ce czasy [&hellip;]\" \/>\n<meta property=\"og:url\" content=\"https:\/\/www.welovecycling.com\/pl\/2017\/04\/21\/nadszedl-czas-by-wpuscic-rowerzystow-chodniki\/\" \/>\n<meta property=\"og:site_name\" content=\"\u0160koda We Love Cycling - Poland\" \/>\n<meta property=\"article:published_time\" content=\"2017-04-21T14:54:27+00:00\" \/>\n<meta property=\"article:modified_time\" content=\"2017-04-22T21:40:58+00:00\" \/>\n<meta property=\"og:image\" content=\"https:\/\/d2p6e6u75xmxt8.cloudfront.net\/5\/2017\/04\/5878757.jpg\" \/>\n\t<meta property=\"og:image:width\" content=\"1375\" \/>\n\t<meta property=\"og:image:height\" content=\"600\" \/>\n\t<meta property=\"og:image:type\" content=\"image\/jpeg\" \/>\n<meta name=\"author\" content=\"piotrboczkowski\" \/>\n<meta name=\"twitter:card\" content=\"summary_large_image\" \/>\n<meta name=\"twitter:label1\" content=\"Written by\" \/>\n\t<meta name=\"twitter:data1\" content=\"Adam Marsal\" \/>\n\t<meta name=\"twitter:label2\" content=\"Est. reading time\" \/>\n\t<meta name=\"twitter:data2\" content=\"2 minutes\" \/>\n<script type=\"application\/ld+json\" class=\"yoast-schema-graph\">{\"@context\":\"https:\/\/schema.org\",\"@graph\":[{\"@type\":\"WebPage\",\"@id\":\"https:\/\/www.welovecycling.com\/pl\/2017\/04\/21\/nadszedl-czas-by-wpuscic-rowerzystow-chodniki\/\",\"url\":\"https:\/\/www.welovecycling.com\/pl\/2017\/04\/21\/nadszedl-czas-by-wpuscic-rowerzystow-chodniki\/\",\"name\":\"Czy nadszed\u0142 czas, by wpu\u015bci\u0107 rowerzyst\u00f3w na chodniki? - \u0160koda We Love Cycling - Poland\",\"isPartOf\":{\"@id\":\"https:\/\/www.welovecycling.com\/pl\/#website\"},\"primaryImageOfPage\":{\"@id\":\"https:\/\/www.welovecycling.com\/pl\/2017\/04\/21\/nadszedl-czas-by-wpuscic-rowerzystow-chodniki\/#primaryimage\"},\"image\":{\"@id\":\"https:\/\/www.welovecycling.com\/pl\/2017\/04\/21\/nadszedl-czas-by-wpuscic-rowerzystow-chodniki\/#primaryimage\"},\"thumbnailUrl\":\"https:\/\/d2p6e6u75xmxt8.cloudfront.net\/5\/2017\/04\/5878757.jpg\",\"datePublished\":\"2017-04-21T14:54:27+00:00\",\"dateModified\":\"2017-04-22T21:40:58+00:00\",\"author\":{\"@id\":\"https:\/\/www.welovecycling.com\/pl\/#\/schema\/person\/0dba2d39da943db9df3fd8f4687e7f23\"},\"breadcrumb\":{\"@id\":\"https:\/\/www.welovecycling.com\/pl\/2017\/04\/21\/nadszedl-czas-by-wpuscic-rowerzystow-chodniki\/#breadcrumb\"},\"inLanguage\":\"pl-PL\",\"potentialAction\":[{\"@type\":\"ReadAction\",\"target\":[\"https:\/\/www.welovecycling.com\/pl\/2017\/04\/21\/nadszedl-czas-by-wpuscic-rowerzystow-chodniki\/\"]}]},{\"@type\":\"ImageObject\",\"inLanguage\":\"pl-PL\",\"@id\":\"https:\/\/www.welovecycling.com\/pl\/2017\/04\/21\/nadszedl-czas-by-wpuscic-rowerzystow-chodniki\/#primaryimage\",\"url\":\"https:\/\/d2p6e6u75xmxt8.cloudfront.net\/5\/2017\/04\/5878757.jpg\",\"contentUrl\":\"https:\/\/d2p6e6u75xmxt8.cloudfront.net\/5\/2017\/04\/5878757.jpg\",\"width\":1375,\"height\":600},{\"@type\":\"BreadcrumbList\",\"@id\":\"https:\/\/www.welovecycling.com\/pl\/2017\/04\/21\/nadszedl-czas-by-wpuscic-rowerzystow-chodniki\/#breadcrumb\",\"itemListElement\":[{\"@type\":\"ListItem\",\"position\":1,\"name\":\"Home\",\"item\":\"https:\/\/www.welovecycling.com\/pl\/\"},{\"@type\":\"ListItem\",\"position\":2,\"name\":\"Czy nadszed\u0142 czas, by wpu\u015bci\u0107 rowerzyst\u00f3w na chodniki?\"}]},{\"@type\":\"WebSite\",\"@id\":\"https:\/\/www.welovecycling.com\/pl\/#website\",\"url\":\"https:\/\/www.welovecycling.com\/pl\/\",\"name\":\"\u0160koda We Love Cycling - Poland\",\"description\":\"\",\"potentialAction\":[{\"@type\":\"SearchAction\",\"target\":{\"@type\":\"EntryPoint\",\"urlTemplate\":\"https:\/\/www.welovecycling.com\/pl\/?s={search_term_string}\"},\"query-input\":{\"@type\":\"PropertyValueSpecification\",\"valueRequired\":true,\"valueName\":\"search_term_string\"}}],\"inLanguage\":\"pl-PL\"},{\"@type\":\"Person\",\"@id\":\"https:\/\/www.welovecycling.com\/pl\/#\/schema\/person\/0dba2d39da943db9df3fd8f4687e7f23\",\"name\":\"piotrboczkowski\",\"image\":{\"@type\":\"ImageObject\",\"inLanguage\":\"pl-PL\",\"@id\":\"https:\/\/www.welovecycling.com\/pl\/#\/schema\/person\/image\/\",\"url\":\"https:\/\/secure.gravatar.com\/avatar\/533caccae14752e03a2ce2d3fd62d1b98b93e1393c3195c27819e53344ca1ace?s=96&d=mm&r=g\",\"contentUrl\":\"https:\/\/secure.gravatar.com\/avatar\/533caccae14752e03a2ce2d3fd62d1b98b93e1393c3195c27819e53344ca1ace?s=96&d=mm&r=g\",\"caption\":\"piotrboczkowski\"},\"url\":\"https:\/\/www.welovecycling.com\/pl\/author\/piotrboczkowski\/\"}]}<\/script>\n<!-- \/ Yoast SEO Premium plugin. -->","yoast_head_json":{"title":"Czy nadszed\u0142 czas, by wpu\u015bci\u0107 rowerzyst\u00f3w na chodniki? - \u0160koda We Love Cycling - Poland","robots":{"index":"index","follow":"follow","max-snippet":"max-snippet:-1","max-image-preview":"max-image-preview:large","max-video-preview":"max-video-preview:-1"},"canonical":"https:\/\/www.welovecycling.com\/pl\/2017\/04\/21\/nadszedl-czas-by-wpuscic-rowerzystow-chodniki\/","og_locale":"pl_PL","og_type":"article","og_title":"Czy nadszed\u0142 czas, by wpu\u015bci\u0107 rowerzyst\u00f3w na chodniki?","og_description":"W jednej z dzielnic Londynu policja obieca\u0142a, \u017ce nie b\u0119dzie kara\u0107 rowerzyst\u00f3w je\u017cd\u017c\u0105cych po chodnikach. Czy to znak, \u017ce czasy [&hellip;]","og_url":"https:\/\/www.welovecycling.com\/pl\/2017\/04\/21\/nadszedl-czas-by-wpuscic-rowerzystow-chodniki\/","og_site_name":"\u0160koda We Love Cycling - Poland","article_published_time":"2017-04-21T14:54:27+00:00","article_modified_time":"2017-04-22T21:40:58+00:00","og_image":[{"width":1375,"height":600,"url":"https:\/\/d2p6e6u75xmxt8.cloudfront.net\/5\/2017\/04\/5878757.jpg","type":"image\/jpeg"}],"author":"piotrboczkowski","twitter_card":"summary_large_image","twitter_misc":{"Written by":"Adam Marsal","Est. reading time":"2 minutes"},"schema":{"@context":"https:\/\/schema.org","@graph":[{"@type":"WebPage","@id":"https:\/\/www.welovecycling.com\/pl\/2017\/04\/21\/nadszedl-czas-by-wpuscic-rowerzystow-chodniki\/","url":"https:\/\/www.welovecycling.com\/pl\/2017\/04\/21\/nadszedl-czas-by-wpuscic-rowerzystow-chodniki\/","name":"Czy nadszed\u0142 czas, by wpu\u015bci\u0107 rowerzyst\u00f3w na chodniki? - \u0160koda We Love Cycling - Poland","isPartOf":{"@id":"https:\/\/www.welovecycling.com\/pl\/#website"},"primaryImageOfPage":{"@id":"https:\/\/www.welovecycling.com\/pl\/2017\/04\/21\/nadszedl-czas-by-wpuscic-rowerzystow-chodniki\/#primaryimage"},"image":{"@id":"https:\/\/www.welovecycling.com\/pl\/2017\/04\/21\/nadszedl-czas-by-wpuscic-rowerzystow-chodniki\/#primaryimage"},"thumbnailUrl":"https:\/\/d2p6e6u75xmxt8.cloudfront.net\/5\/2017\/04\/5878757.jpg","datePublished":"2017-04-21T14:54:27+00:00","dateModified":"2017-04-22T21:40:58+00:00","author":{"@id":"https:\/\/www.welovecycling.com\/pl\/#\/schema\/person\/0dba2d39da943db9df3fd8f4687e7f23"},"breadcrumb":{"@id":"https:\/\/www.welovecycling.com\/pl\/2017\/04\/21\/nadszedl-czas-by-wpuscic-rowerzystow-chodniki\/#breadcrumb"},"inLanguage":"pl-PL","potentialAction":[{"@type":"ReadAction","target":["https:\/\/www.welovecycling.com\/pl\/2017\/04\/21\/nadszedl-czas-by-wpuscic-rowerzystow-chodniki\/"]}]},{"@type":"ImageObject","inLanguage":"pl-PL","@id":"https:\/\/www.welovecycling.com\/pl\/2017\/04\/21\/nadszedl-czas-by-wpuscic-rowerzystow-chodniki\/#primaryimage","url":"https:\/\/d2p6e6u75xmxt8.cloudfront.net\/5\/2017\/04\/5878757.jpg","contentUrl":"https:\/\/d2p6e6u75xmxt8.cloudfront.net\/5\/2017\/04\/5878757.jpg","width":1375,"height":600},{"@type":"BreadcrumbList","@id":"https:\/\/www.welovecycling.com\/pl\/2017\/04\/21\/nadszedl-czas-by-wpuscic-rowerzystow-chodniki\/#breadcrumb","itemListElement":[{"@type":"ListItem","position":1,"name":"Home","item":"https:\/\/www.welovecycling.com\/pl\/"},{"@type":"ListItem","position":2,"name":"Czy nadszed\u0142 czas, by wpu\u015bci\u0107 rowerzyst\u00f3w na chodniki?"}]},{"@type":"WebSite","@id":"https:\/\/www.welovecycling.com\/pl\/#website","url":"https:\/\/www.welovecycling.com\/pl\/","name":"\u0160koda We Love Cycling - Poland","description":"","potentialAction":[{"@type":"SearchAction","target":{"@type":"EntryPoint","urlTemplate":"https:\/\/www.welovecycling.com\/pl\/?s={search_term_string}"},"query-input":{"@type":"PropertyValueSpecification","valueRequired":true,"valueName":"search_term_string"}}],"inLanguage":"pl-PL"},{"@type":"Person","@id":"https:\/\/www.welovecycling.com\/pl\/#\/schema\/person\/0dba2d39da943db9df3fd8f4687e7f23","name":"piotrboczkowski","image":{"@type":"ImageObject","inLanguage":"pl-PL","@id":"https:\/\/www.welovecycling.com\/pl\/#\/schema\/person\/image\/","url":"https:\/\/secure.gravatar.com\/avatar\/533caccae14752e03a2ce2d3fd62d1b98b93e1393c3195c27819e53344ca1ace?s=96&d=mm&r=g","contentUrl":"https:\/\/secure.gravatar.com\/avatar\/533caccae14752e03a2ce2d3fd62d1b98b93e1393c3195c27819e53344ca1ace?s=96&d=mm&r=g","caption":"piotrboczkowski"},"url":"https:\/\/www.welovecycling.com\/pl\/author\/piotrboczkowski\/"}]}},"_links":{"self":[{"href":"https:\/\/www.welovecycling.com\/pl\/wp-json\/wp\/v2\/posts\/3521","targetHints":{"allow":["GET"]}}],"collection":[{"href":"https:\/\/www.welovecycling.com\/pl\/wp-json\/wp\/v2\/posts"}],"about":[{"href":"https:\/\/www.welovecycling.com\/pl\/wp-json\/wp\/v2\/types\/post"}],"author":[{"embeddable":true,"href":"https:\/\/www.welovecycling.com\/pl\/wp-json\/wp\/v2\/users\/76"}],"replies":[{"embeddable":true,"href":"https:\/\/www.welovecycling.com\/pl\/wp-json\/wp\/v2\/comments?post=3521"}],"version-history":[{"count":2,"href":"https:\/\/www.welovecycling.com\/pl\/wp-json\/wp\/v2\/posts\/3521\/revisions"}],"predecessor-version":[{"id":3543,"href":"https:\/\/www.welovecycling.com\/pl\/wp-json\/wp\/v2\/posts\/3521\/revisions\/3543"}],"wp:featuredmedia":[{"embeddable":true,"href":"https:\/\/www.welovecycling.com\/pl\/wp-json\/wp\/v2\/media\/3522"}],"wp:attachment":[{"href":"https:\/\/www.welovecycling.com\/pl\/wp-json\/wp\/v2\/media?parent=3521"}],"wp:term":[{"taxonomy":"category","embeddable":true,"href":"https:\/\/www.welovecycling.com\/pl\/wp-json\/wp\/v2\/categories?post=3521"},{"taxonomy":"post_tag","embeddable":true,"href":"https:\/\/www.welovecycling.com\/pl\/wp-json\/wp\/v2\/tags?post=3521"},{"taxonomy":"global-categories","embeddable":true,"href":"https:\/\/www.welovecycling.com\/pl\/wp-json\/wp\/v2\/global-categories?post=3521"}],"curies":[{"name":"wp","href":"https:\/\/api.w.org\/{rel}","templated":true}]}}