{"id":3461,"date":"2017-04-13T15:22:04","date_gmt":"2017-04-13T15:22:04","guid":{"rendered":"https:\/\/www.welovecycling.com\/pl\/?p=3461"},"modified":"2017-04-22T14:35:55","modified_gmt":"2017-04-22T14:35:55","slug":"skoda-napedza-wyscig-szosowy-sobotce","status":"publish","type":"post","link":"https:\/\/www.welovecycling.com\/pl\/2017\/04\/13\/skoda-napedza-wyscig-szosowy-sobotce\/","title":{"rendered":"\u0160koda nap\u0119dza wy\u015bcig szosowy w Sob\u00f3tce"},"content":{"rendered":"<p>Wiosenny sezon \u0160koda Nap\u0119dza Rowery rozpocz\u0119ty! W drugi weekend kwietnia w Sob\u00f3tce pod Wroc\u0142awiem odby\u0142 si\u0119 kolarski wy\u015bcig szosowy dla amator\u00f3w i zawodowc\u00f3w &#8211; XXX \u015al\u0119\u017ca\u0144ski Mnich 2017. To ju\u017c trzydziesta edycja wy\u015bcigu, kt\u00f3ry co roku oficjalnie rozpoczyna sezon kolarski w Polsce. Trzeba przyzna\u0107, \u017ce w tym roku pogoda dopisa\u0142a, nie m\u00f3wi\u0105c ju\u017c o dobrych humorach uczestnik\u00f3w. Dodatkowo w Sob\u00f3tce odby\u0142 si\u0119 r\u00f3wnie\u017c wy\u015bcig dla najm\u0142odszych z nagrodami.<\/p>\n<p><a href=\"https:\/\/d2p6e6u75xmxt8.cloudfront.net\/5\/2017\/04\/IMG_0696.JPG.jpg\"><img loading=\"lazy\" decoding=\"async\" class=\"alignnone wp-image-3462\" src=\"https:\/\/d2p6e6u75xmxt8.cloudfront.net\/5\/2017\/04\/IMG_0696.JPG.jpg\" alt=\"\" width=\"1024\" height=\"684\" srcset=\"https:\/\/d2p6e6u75xmxt8.cloudfront.net\/5\/2017\/04\/IMG_0696.JPG.jpg 1000w, https:\/\/d2p6e6u75xmxt8.cloudfront.net\/5\/2017\/04\/IMG_0696.JPG-300x200.jpg 300w, https:\/\/d2p6e6u75xmxt8.cloudfront.net\/5\/2017\/04\/IMG_0696.JPG-768x512.jpg 768w, https:\/\/d2p6e6u75xmxt8.cloudfront.net\/5\/2017\/04\/IMG_0696.JPG-272x182.jpg 272w\" sizes=\"auto, (max-width: 1024px) 100vw, 1024px\" \/><\/a><\/p>\n<p><a href=\"https:\/\/d2p6e6u75xmxt8.cloudfront.net\/5\/2017\/04\/IMG_06931-1.JPG.jpg\"><img loading=\"lazy\" decoding=\"async\" class=\"alignnone wp-image-3469\" src=\"https:\/\/d2p6e6u75xmxt8.cloudfront.net\/5\/2017\/04\/IMG_06931-1.JPG.jpg\" alt=\"\" width=\"1019\" height=\"681\" srcset=\"https:\/\/d2p6e6u75xmxt8.cloudfront.net\/5\/2017\/04\/IMG_06931-1.JPG.jpg 1000w, https:\/\/d2p6e6u75xmxt8.cloudfront.net\/5\/2017\/04\/IMG_06931-1.JPG-300x200.jpg 300w, https:\/\/d2p6e6u75xmxt8.cloudfront.net\/5\/2017\/04\/IMG_06931-1.JPG-768x512.jpg 768w, https:\/\/d2p6e6u75xmxt8.cloudfront.net\/5\/2017\/04\/IMG_06931-1.JPG-272x182.jpg 272w\" sizes=\"auto, (max-width: 1019px) 100vw, 1019px\" \/><\/a><\/p>\n<p><a href=\"https:\/\/d2p6e6u75xmxt8.cloudfront.net\/5\/2017\/04\/IMG_0692.JPG.jpg\"><img loading=\"lazy\" decoding=\"async\" class=\"alignnone wp-image-3466\" src=\"https:\/\/d2p6e6u75xmxt8.cloudfront.net\/5\/2017\/04\/IMG_0692.JPG.jpg\" alt=\"\" width=\"1022\" height=\"683\" srcset=\"https:\/\/d2p6e6u75xmxt8.cloudfront.net\/5\/2017\/04\/IMG_0692.JPG.jpg 1000w, https:\/\/d2p6e6u75xmxt8.cloudfront.net\/5\/2017\/04\/IMG_0692.JPG-300x200.jpg 300w, https:\/\/d2p6e6u75xmxt8.cloudfront.net\/5\/2017\/04\/IMG_0692.JPG-768x512.jpg 768w, https:\/\/d2p6e6u75xmxt8.cloudfront.net\/5\/2017\/04\/IMG_0692.JPG-272x182.jpg 272w\" sizes=\"auto, (max-width: 1022px) 100vw, 1022px\" \/><\/a><\/p>\n<p>W wy\u015bcigu amator\u00f3w na dw\u00f3ch dystansach (1 k\u00f3\u0142ko &#8211; 18 km) i (3 k\u00f3\u0142ka &#8211; 54 km) zmierzy\u0142o si\u0119 \u0142\u0105cznie prawie 1000 zapalonych kolarzy. Wsp\u00f3\u0142organizatorem wy\u015bcigu by\u0142 Autoryzowany Dealer i Serwis \u0160KODY GALL-ICM, kt\u00f3ry udost\u0119pni\u0142 samochody zabezpieczaj\u0105ce tras\u0119, dbaj\u0105c o bezpiecze\u0144stwo zawodnik\u00f3w i komfort s\u0119dzi\u00f3w.<\/p>\n<p>Po wy\u015bcigu dla ch\u0119tnych zorganizowano spotkanie z Bartoszem Huzarskim, kt\u00f3ry przyby\u0142ym go\u015bciom opowiedzia\u0142 o swojej karierze i udzieli\u0142 niezb\u0119dnych rad dotycz\u0105cych profesjonalnego przygotowania si\u0119 do zawod\u00f3w oraz doboru sprz\u0119tu kolarskiego. A fani g\u00f3rskich emocji ch\u0119tnie wzi\u0119li udzia\u0142 w spotkaniu z Piotrem Szwedowskim, kt\u00f3ry pom\u00f3g\u0142 im prawid\u0142owo dobra\u0107 i ustawi\u0107 sprz\u0119t.<\/p>\n<p>W \u015bl\u0119\u017ca\u0144skiej scenerii nie mog\u0142o zabrakn\u0105\u0107 r\u00f3wnie\u017c \u0160KODY KODIAQ. Na starcie i na mecie wy\u015bcigu zgromadzona publiczno\u015b\u0107 mog\u0142a zobaczy\u0107 r\u00f3wnie\u017c inne modele \u0160KODY.<\/p>\n<p><a href=\"https:\/\/d2p6e6u75xmxt8.cloudfront.net\/5\/2017\/04\/IMG_06591.JPG.jpg\"><img loading=\"lazy\" decoding=\"async\" class=\"alignnone size-large wp-image-3465\" src=\"https:\/\/d2p6e6u75xmxt8.cloudfront.net\/5\/2017\/04\/IMG_06591.JPG-1024x768.jpg\" alt=\"\" width=\"1024\" height=\"768\" srcset=\"https:\/\/d2p6e6u75xmxt8.cloudfront.net\/5\/2017\/04\/IMG_06591.JPG-1024x768.jpg 1024w, https:\/\/d2p6e6u75xmxt8.cloudfront.net\/5\/2017\/04\/IMG_06591.JPG-300x225.jpg 300w, https:\/\/d2p6e6u75xmxt8.cloudfront.net\/5\/2017\/04\/IMG_06591.JPG-768x576.jpg 768w\" sizes=\"auto, (max-width: 1024px) 100vw, 1024px\" \/><\/a><\/p>\n<p>W zawodach wystartowa\u0142 zesp\u00f3\u0142 \u0160koda GALL-ICM sk\u0142adaj\u0105cy si\u0119 z klient\u00f3w i pracownik\u00f3w salonu, kt\u00f3rzy ubrani w firmowe koszulki z rado\u015bci\u0105 rozpocz\u0119li sezon rowerowy.<\/p>\n<p>Dzi\u0119kujemy wszystkim uczestnikom wy\u015bcigu i do zobaczenia za rok!<\/p>\n<p>(\u017ar\u00f3d\u0142o zdj\u0119\u0107: Kasia Rokosz)<\/p>\n","protected":false},"excerpt":{"rendered":"<p>Wiosenny sezon \u0160koda Nap\u0119dza Rowery rozpocz\u0119ty! W drugi weekend kwietnia w Sob\u00f3tce pod Wroc\u0142awiem odby\u0142 si\u0119 kolarski wy\u015bcig szosowy dla [&hellip;]<\/p>\n","protected":false},"author":76,"featured_media":3463,"comment_status":"open","ping_status":"open","sticky":false,"template":"","format":"standard","meta":{"footnotes":""},"categories":[1],"tags":[66],"global-categories":[],"class_list":["post-3461","post","type-post","status-publish","format-standard","has-post-thumbnail","hentry","category-uncategorized","tag-skodanapedzarowery"],"yoast_head":"<!-- This site is optimized with the Yoast SEO Premium plugin v25.3 (Yoast SEO v25.9) - https:\/\/yoast.com\/wordpress\/plugins\/seo\/ -->\n<title>\u0160koda nap\u0119dza wy\u015bcig szosowy w Sob\u00f3tce - \u0160koda We Love Cycling - Poland<\/title>\n<meta name=\"robots\" content=\"index, follow, max-snippet:-1, max-image-preview:large, max-video-preview:-1\" \/>\n<link rel=\"canonical\" href=\"https:\/\/www.welovecycling.com\/pl\/2017\/04\/13\/skoda-napedza-wyscig-szosowy-sobotce\/\" \/>\n<meta property=\"og:locale\" content=\"pl_PL\" \/>\n<meta property=\"og:type\" content=\"article\" \/>\n<meta property=\"og:title\" content=\"\u0160koda nap\u0119dza wy\u015bcig szosowy w Sob\u00f3tce\" \/>\n<meta property=\"og:description\" content=\"Wiosenny sezon \u0160koda Nap\u0119dza Rowery rozpocz\u0119ty! W drugi weekend kwietnia w Sob\u00f3tce pod Wroc\u0142awiem odby\u0142 si\u0119 kolarski wy\u015bcig szosowy dla [&hellip;]\" \/>\n<meta property=\"og:url\" content=\"https:\/\/www.welovecycling.com\/pl\/2017\/04\/13\/skoda-napedza-wyscig-szosowy-sobotce\/\" \/>\n<meta property=\"og:site_name\" content=\"\u0160koda We Love Cycling - Poland\" \/>\n<meta property=\"article:published_time\" content=\"2017-04-13T15:22:04+00:00\" \/>\n<meta property=\"article:modified_time\" content=\"2017-04-22T14:35:55+00:00\" \/>\n<meta property=\"og:image\" content=\"https:\/\/d2p6e6u75xmxt8.cloudfront.net\/5\/2017\/04\/IMG_0652.JPG-1024x768.jpg\" \/>\n\t<meta property=\"og:image:width\" content=\"1024\" \/>\n\t<meta property=\"og:image:height\" content=\"768\" \/>\n\t<meta property=\"og:image:type\" content=\"image\/jpeg\" \/>\n<meta name=\"author\" content=\"piotrboczkowski\" \/>\n<meta name=\"twitter:card\" content=\"summary_large_image\" \/>\n<meta name=\"twitter:label1\" content=\"Written by\" \/>\n\t<meta name=\"twitter:data1\" content=\"WeLoveCycling\" \/>\n\t<meta name=\"twitter:label2\" content=\"Est. reading time\" \/>\n\t<meta name=\"twitter:data2\" content=\"1 minute\" \/>\n<script type=\"application\/ld+json\" class=\"yoast-schema-graph\">{\"@context\":\"https:\/\/schema.org\",\"@graph\":[{\"@type\":\"WebPage\",\"@id\":\"https:\/\/www.welovecycling.com\/pl\/2017\/04\/13\/skoda-napedza-wyscig-szosowy-sobotce\/\",\"url\":\"https:\/\/www.welovecycling.com\/pl\/2017\/04\/13\/skoda-napedza-wyscig-szosowy-sobotce\/\",\"name\":\"\u0160koda nap\u0119dza wy\u015bcig szosowy w Sob\u00f3tce - \u0160koda We Love Cycling - Poland\",\"isPartOf\":{\"@id\":\"https:\/\/www.welovecycling.com\/pl\/#website\"},\"primaryImageOfPage\":{\"@id\":\"https:\/\/www.welovecycling.com\/pl\/2017\/04\/13\/skoda-napedza-wyscig-szosowy-sobotce\/#primaryimage\"},\"image\":{\"@id\":\"https:\/\/www.welovecycling.com\/pl\/2017\/04\/13\/skoda-napedza-wyscig-szosowy-sobotce\/#primaryimage\"},\"thumbnailUrl\":\"https:\/\/d2p6e6u75xmxt8.cloudfront.net\/5\/2017\/04\/IMG_0652.JPG.jpg\",\"datePublished\":\"2017-04-13T15:22:04+00:00\",\"dateModified\":\"2017-04-22T14:35:55+00:00\",\"author\":{\"@id\":\"https:\/\/www.welovecycling.com\/pl\/#\/schema\/person\/0dba2d39da943db9df3fd8f4687e7f23\"},\"breadcrumb\":{\"@id\":\"https:\/\/www.welovecycling.com\/pl\/2017\/04\/13\/skoda-napedza-wyscig-szosowy-sobotce\/#breadcrumb\"},\"inLanguage\":\"pl-PL\",\"potentialAction\":[{\"@type\":\"ReadAction\",\"target\":[\"https:\/\/www.welovecycling.com\/pl\/2017\/04\/13\/skoda-napedza-wyscig-szosowy-sobotce\/\"]}]},{\"@type\":\"ImageObject\",\"inLanguage\":\"pl-PL\",\"@id\":\"https:\/\/www.welovecycling.com\/pl\/2017\/04\/13\/skoda-napedza-wyscig-szosowy-sobotce\/#primaryimage\",\"url\":\"https:\/\/d2p6e6u75xmxt8.cloudfront.net\/5\/2017\/04\/IMG_0652.JPG.jpg\",\"contentUrl\":\"https:\/\/d2p6e6u75xmxt8.cloudfront.net\/5\/2017\/04\/IMG_0652.JPG.jpg\",\"width\":4032,\"height\":3024},{\"@type\":\"BreadcrumbList\",\"@id\":\"https:\/\/www.welovecycling.com\/pl\/2017\/04\/13\/skoda-napedza-wyscig-szosowy-sobotce\/#breadcrumb\",\"itemListElement\":[{\"@type\":\"ListItem\",\"position\":1,\"name\":\"Home\",\"item\":\"https:\/\/www.welovecycling.com\/pl\/\"},{\"@type\":\"ListItem\",\"position\":2,\"name\":\"\u0160koda nap\u0119dza wy\u015bcig szosowy w Sob\u00f3tce\"}]},{\"@type\":\"WebSite\",\"@id\":\"https:\/\/www.welovecycling.com\/pl\/#website\",\"url\":\"https:\/\/www.welovecycling.com\/pl\/\",\"name\":\"\u0160koda We Love Cycling - Poland\",\"description\":\"\",\"potentialAction\":[{\"@type\":\"SearchAction\",\"target\":{\"@type\":\"EntryPoint\",\"urlTemplate\":\"https:\/\/www.welovecycling.com\/pl\/?s={search_term_string}\"},\"query-input\":{\"@type\":\"PropertyValueSpecification\",\"valueRequired\":true,\"valueName\":\"search_term_string\"}}],\"inLanguage\":\"pl-PL\"},{\"@type\":\"Person\",\"@id\":\"https:\/\/www.welovecycling.com\/pl\/#\/schema\/person\/0dba2d39da943db9df3fd8f4687e7f23\",\"name\":\"piotrboczkowski\",\"image\":{\"@type\":\"ImageObject\",\"inLanguage\":\"pl-PL\",\"@id\":\"https:\/\/www.welovecycling.com\/pl\/#\/schema\/person\/image\/\",\"url\":\"https:\/\/secure.gravatar.com\/avatar\/533caccae14752e03a2ce2d3fd62d1b98b93e1393c3195c27819e53344ca1ace?s=96&d=mm&r=g\",\"contentUrl\":\"https:\/\/secure.gravatar.com\/avatar\/533caccae14752e03a2ce2d3fd62d1b98b93e1393c3195c27819e53344ca1ace?s=96&d=mm&r=g\",\"caption\":\"piotrboczkowski\"},\"url\":\"https:\/\/www.welovecycling.com\/pl\/author\/piotrboczkowski\/\"}]}<\/script>\n<!-- \/ Yoast SEO Premium plugin. -->","yoast_head_json":{"title":"\u0160koda nap\u0119dza wy\u015bcig szosowy w Sob\u00f3tce - \u0160koda We Love Cycling - Poland","robots":{"index":"index","follow":"follow","max-snippet":"max-snippet:-1","max-image-preview":"max-image-preview:large","max-video-preview":"max-video-preview:-1"},"canonical":"https:\/\/www.welovecycling.com\/pl\/2017\/04\/13\/skoda-napedza-wyscig-szosowy-sobotce\/","og_locale":"pl_PL","og_type":"article","og_title":"\u0160koda nap\u0119dza wy\u015bcig szosowy w Sob\u00f3tce","og_description":"Wiosenny sezon \u0160koda Nap\u0119dza Rowery rozpocz\u0119ty! W drugi weekend kwietnia w Sob\u00f3tce pod Wroc\u0142awiem odby\u0142 si\u0119 kolarski wy\u015bcig szosowy dla [&hellip;]","og_url":"https:\/\/www.welovecycling.com\/pl\/2017\/04\/13\/skoda-napedza-wyscig-szosowy-sobotce\/","og_site_name":"\u0160koda We Love Cycling - Poland","article_published_time":"2017-04-13T15:22:04+00:00","article_modified_time":"2017-04-22T14:35:55+00:00","og_image":[{"width":1024,"height":768,"url":"https:\/\/d2p6e6u75xmxt8.cloudfront.net\/5\/2017\/04\/IMG_0652.JPG-1024x768.jpg","type":"image\/jpeg"}],"author":"piotrboczkowski","twitter_card":"summary_large_image","twitter_misc":{"Written by":"WeLoveCycling","Est. reading time":"1 minute"},"schema":{"@context":"https:\/\/schema.org","@graph":[{"@type":"WebPage","@id":"https:\/\/www.welovecycling.com\/pl\/2017\/04\/13\/skoda-napedza-wyscig-szosowy-sobotce\/","url":"https:\/\/www.welovecycling.com\/pl\/2017\/04\/13\/skoda-napedza-wyscig-szosowy-sobotce\/","name":"\u0160koda nap\u0119dza wy\u015bcig szosowy w Sob\u00f3tce - \u0160koda We Love Cycling - Poland","isPartOf":{"@id":"https:\/\/www.welovecycling.com\/pl\/#website"},"primaryImageOfPage":{"@id":"https:\/\/www.welovecycling.com\/pl\/2017\/04\/13\/skoda-napedza-wyscig-szosowy-sobotce\/#primaryimage"},"image":{"@id":"https:\/\/www.welovecycling.com\/pl\/2017\/04\/13\/skoda-napedza-wyscig-szosowy-sobotce\/#primaryimage"},"thumbnailUrl":"https:\/\/d2p6e6u75xmxt8.cloudfront.net\/5\/2017\/04\/IMG_0652.JPG.jpg","datePublished":"2017-04-13T15:22:04+00:00","dateModified":"2017-04-22T14:35:55+00:00","author":{"@id":"https:\/\/www.welovecycling.com\/pl\/#\/schema\/person\/0dba2d39da943db9df3fd8f4687e7f23"},"breadcrumb":{"@id":"https:\/\/www.welovecycling.com\/pl\/2017\/04\/13\/skoda-napedza-wyscig-szosowy-sobotce\/#breadcrumb"},"inLanguage":"pl-PL","potentialAction":[{"@type":"ReadAction","target":["https:\/\/www.welovecycling.com\/pl\/2017\/04\/13\/skoda-napedza-wyscig-szosowy-sobotce\/"]}]},{"@type":"ImageObject","inLanguage":"pl-PL","@id":"https:\/\/www.welovecycling.com\/pl\/2017\/04\/13\/skoda-napedza-wyscig-szosowy-sobotce\/#primaryimage","url":"https:\/\/d2p6e6u75xmxt8.cloudfront.net\/5\/2017\/04\/IMG_0652.JPG.jpg","contentUrl":"https:\/\/d2p6e6u75xmxt8.cloudfront.net\/5\/2017\/04\/IMG_0652.JPG.jpg","width":4032,"height":3024},{"@type":"BreadcrumbList","@id":"https:\/\/www.welovecycling.com\/pl\/2017\/04\/13\/skoda-napedza-wyscig-szosowy-sobotce\/#breadcrumb","itemListElement":[{"@type":"ListItem","position":1,"name":"Home","item":"https:\/\/www.welovecycling.com\/pl\/"},{"@type":"ListItem","position":2,"name":"\u0160koda nap\u0119dza wy\u015bcig szosowy w Sob\u00f3tce"}]},{"@type":"WebSite","@id":"https:\/\/www.welovecycling.com\/pl\/#website","url":"https:\/\/www.welovecycling.com\/pl\/","name":"\u0160koda We Love Cycling - Poland","description":"","potentialAction":[{"@type":"SearchAction","target":{"@type":"EntryPoint","urlTemplate":"https:\/\/www.welovecycling.com\/pl\/?s={search_term_string}"},"query-input":{"@type":"PropertyValueSpecification","valueRequired":true,"valueName":"search_term_string"}}],"inLanguage":"pl-PL"},{"@type":"Person","@id":"https:\/\/www.welovecycling.com\/pl\/#\/schema\/person\/0dba2d39da943db9df3fd8f4687e7f23","name":"piotrboczkowski","image":{"@type":"ImageObject","inLanguage":"pl-PL","@id":"https:\/\/www.welovecycling.com\/pl\/#\/schema\/person\/image\/","url":"https:\/\/secure.gravatar.com\/avatar\/533caccae14752e03a2ce2d3fd62d1b98b93e1393c3195c27819e53344ca1ace?s=96&d=mm&r=g","contentUrl":"https:\/\/secure.gravatar.com\/avatar\/533caccae14752e03a2ce2d3fd62d1b98b93e1393c3195c27819e53344ca1ace?s=96&d=mm&r=g","caption":"piotrboczkowski"},"url":"https:\/\/www.welovecycling.com\/pl\/author\/piotrboczkowski\/"}]}},"_links":{"self":[{"href":"https:\/\/www.welovecycling.com\/pl\/wp-json\/wp\/v2\/posts\/3461","targetHints":{"allow":["GET"]}}],"collection":[{"href":"https:\/\/www.welovecycling.com\/pl\/wp-json\/wp\/v2\/posts"}],"about":[{"href":"https:\/\/www.welovecycling.com\/pl\/wp-json\/wp\/v2\/types\/post"}],"author":[{"embeddable":true,"href":"https:\/\/www.welovecycling.com\/pl\/wp-json\/wp\/v2\/users\/76"}],"replies":[{"embeddable":true,"href":"https:\/\/www.welovecycling.com\/pl\/wp-json\/wp\/v2\/comments?post=3461"}],"version-history":[{"count":2,"href":"https:\/\/www.welovecycling.com\/pl\/wp-json\/wp\/v2\/posts\/3461\/revisions"}],"predecessor-version":[{"id":3529,"href":"https:\/\/www.welovecycling.com\/pl\/wp-json\/wp\/v2\/posts\/3461\/revisions\/3529"}],"wp:featuredmedia":[{"embeddable":true,"href":"https:\/\/www.welovecycling.com\/pl\/wp-json\/wp\/v2\/media\/3463"}],"wp:attachment":[{"href":"https:\/\/www.welovecycling.com\/pl\/wp-json\/wp\/v2\/media?parent=3461"}],"wp:term":[{"taxonomy":"category","embeddable":true,"href":"https:\/\/www.welovecycling.com\/pl\/wp-json\/wp\/v2\/categories?post=3461"},{"taxonomy":"post_tag","embeddable":true,"href":"https:\/\/www.welovecycling.com\/pl\/wp-json\/wp\/v2\/tags?post=3461"},{"taxonomy":"global-categories","embeddable":true,"href":"https:\/\/www.welovecycling.com\/pl\/wp-json\/wp\/v2\/global-categories?post=3461"}],"curies":[{"name":"wp","href":"https:\/\/api.w.org\/{rel}","templated":true}]}}