{"id":3408,"date":"2017-04-12T08:15:08","date_gmt":"2017-04-12T08:15:08","guid":{"rendered":"https:\/\/www.welovecycling.com\/pl\/?p=3408"},"modified":"2018-04-03T09:31:00","modified_gmt":"2018-04-03T09:31:00","slug":"skoda-cyklicznie-zaprasza-torunia","status":"publish","type":"post","link":"https:\/\/www.welovecycling.com\/pl\/2017\/04\/12\/skoda-cyklicznie-zaprasza-torunia\/","title":{"rendered":"\u0160koda cyklicznie zaprasza do Torunia"},"content":{"rendered":"<p><strong>Ju\u017c w pierwsz\u0105 niedziel\u0119 maja (7.05.2017) Toru\u0144 stanie si\u0119 miastem cyklist\u00f3w. Wszystko za spraw\u0105 organizowanej po raz trzeci imprezy Velo Toru\u0144, kt\u00f3rej \u0160koda jest sponsorem g\u0142\u00f3wnym. <\/strong><\/p>\n<p>Na czterech trasach, dostosowanych do kondycji i umiej\u0119tno\u015bci startuj\u0105cych, \u015bciga\u0107 si\u0119 b\u0119d\u0105 zawodowi kolarze, cykli\u015bci amatorzy, mi\u0142o\u015bnicy szosowych klimat\u00f3w \u2013 osoby zdrowo zakr\u0119cone, kt\u00f3rym chwile sp\u0119dzone \u201ew siode\u0142ku\u201d pozwalaj\u0105 wypocz\u0105\u0107 i wyrwa\u0107 si\u0119 z samochodowo-tramwajowej rutyny. Frajda na dw\u00f3ch k\u00f3\u0142kach to g\u0142\u00f3wny walor tej imprezy, cho\u0107 oczywi\u015bcie wyniki i rywalizacja jeszcze dodaj\u0105 jej atrakcyjno\u015bci \u2013 zw\u0142aszcza w\u015br\u00f3d zawodowc\u00f3w. Uczestnicy b\u0119d\u0105 mogli spotka\u0107 na trasie Micha\u0142a Kwiatkowskiego, kt\u00f3remu b\u0119d\u0105 towarzyszyli inni zawodowi kolarze. Z ka\u017cdym z nich b\u0119dzie mo\u017cna porozmawia\u0107 i zrobi\u0107 sobie zdj\u0119cie.<\/p>\n<p>Rywalizacja indywidualna przewidziana zosta\u0142a na trzech\u00a0dystansach: ok. 104, 65 i 35 kilometr\u00f3w. Peleton b\u0119dzie si\u0119 \u015bciga\u0107 na trasach, gdzie trenowali cz\u0142onkowie zawodowego <strong>Teamu SKY Micha\u0142 Kwiatkowski<\/strong>,<strong> Micha\u0142 Go\u0142a\u015b <\/strong>i<strong> \u0141ukasz Wi\u015bniowski<\/strong>. By zach\u0119ci\u0107 do startowania tylko na najd\u0142u\u017cszym dystansie, wymagane b\u0119d\u0105 rowery szosowe.<\/p>\n<p>Jako sponsor g\u0142\u00f3wny ca\u0142ej imprezy marka <strong>\u0160koda <\/strong>ma doskona\u0142\u0105 okazj\u0119 do ekspozycji swoich samochod\u00f3w \u2013 w tym roku w spos\u00f3b szczeg\u00f3lny dotyczy to modeli<strong> KODIAQ<\/strong>,<strong> SUPERB<\/strong>,<strong> OCTAVIA\u00a0<\/strong>i\u00a0<strong>FABIA<\/strong>.<strong> \u0160koda <\/strong>zaprasza te\u017c do swej strefy, gdzie na go\u015bci czekaj\u0105 gry i konkursy rodzinne z nagrodami w postaci gad\u017cet\u00f3w <strong>\u0160KODY<\/strong>. Atrakcj\u0105 dla najm\u0142odszych b\u0119d\u0105 zabawy z animatorami.<\/p>\n<p>Nasza obecno\u015b\u0107 na toru\u0144skich zmaganiach rowerowych nie ograniczy si\u0119 tylko do dzia\u0142a\u0144 w strefie <strong>\u0160KODY<\/strong>. Wy\u015bcigowi <strong>\u0160koda Family Challenge<\/strong> patronuje lokalny dealer <strong>marki\u00a0 \u0160koda <b>Polbis Auto Sp. z o.o<\/b> <\/strong>\u00a0&#8211; fundator nagr\u00f3d w rodzinnej grze miejskiej. Met\u0105 na trasie \u0160koda Family Challenge b\u0119dzie siedziba dealera, gdzie przewidziano dodatkowe rodzinne atrakcje dla uczestnik\u00f3w zabawy.<\/p>\n<p><a href=\"https:\/\/d2p6e6u75xmxt8.cloudfront.net\/5\/2017\/04\/101__O5B6864-1024x682.jpg\"><img loading=\"lazy\" decoding=\"async\" class=\"alignnone size-large wp-image-3410\" src=\"https:\/\/d2p6e6u75xmxt8.cloudfront.net\/5\/2017\/04\/101__O5B6864-1024x682-1024x682.jpg\" alt=\"\" width=\"1024\" height=\"682\" srcset=\"https:\/\/d2p6e6u75xmxt8.cloudfront.net\/5\/2017\/04\/101__O5B6864-1024x682.jpg 1024w, https:\/\/d2p6e6u75xmxt8.cloudfront.net\/5\/2017\/04\/101__O5B6864-1024x682-300x200.jpg 300w, https:\/\/d2p6e6u75xmxt8.cloudfront.net\/5\/2017\/04\/101__O5B6864-1024x682-768x512.jpg 768w, https:\/\/d2p6e6u75xmxt8.cloudfront.net\/5\/2017\/04\/101__O5B6864-1024x682-272x182.jpg 272w\" sizes=\"auto, (max-width: 1024px) 100vw, 1024px\" \/><\/a><\/p>\n<p>Trasy:<\/p>\n<p>\u0160koda Family Challenge \u2013 ulicami centrum Torunia: 11,6 km z met\u0105 w siedzibie dealera <b>Polbis Auto Sp. z o.o<\/b> (ul. Toru\u0144ska 85, Lubicz Dolny), rozgrywany w formie gry miejskiej, bez ogranicze\u0144 czasowych<\/p>\n<p>Dystans GIGA KODIAQ \u00a0Race &#8211; 104 km<\/p>\n<p>Dystans MEGA OCTAVIA Race &#8211; 65 km<\/p>\n<p>Dystans MINI FABIA \u00a0Race &#8211; 35 km<\/p>\n<p>Odbi\u00f3r pakiet\u00f3w rozpoczyna si\u0119 ju\u017c w sobot\u0119 (6.05) o godzinie 12.00 w Biurze Zawod\u00f3w (Hala Arena Toru\u0144, ul. Bema 73-89). Do 20.00 zawodnicy mog\u0105 odebra\u0107 pakiety i numery startowe oraz przygotowa\u0107 si\u0119 do niedzielnych atrakcji, kt\u00f3re ruszaj\u0105 o godzinie 7.00 w dniu zawod\u00f3w. Szczeg\u00f3\u0142y zwi\u0105zane z udzia\u0142em w imprezie, trasami i rejestracj\u0105 zawodnik\u00f3w dost\u0119pne s\u0105 na stronie <strong>www.velotorun.com<\/strong>.<\/p>\n<p>\u0160koda, marka nap\u0119dzaj\u0105ca rowery, serdecznie zaprasza!<\/p>\n<p>(\u017ar\u00f3d\u0142o zdj\u0119\u0107: \u00a0VeloTorun \/ Bikelife)<\/p>\n<footer>\n<div class=\"entry-info\"><\/div>\n<\/footer>\n<p>&nbsp;<\/p>\n","protected":false},"excerpt":{"rendered":"<p>Ju\u017c w pierwsz\u0105 niedziel\u0119 maja (7.05.2017) Toru\u0144 stanie si\u0119 miastem cyklist\u00f3w. Wszystko za spraw\u0105 organizowanej po raz trzeci imprezy Velo [&hellip;]<\/p>\n","protected":false},"author":76,"featured_media":3409,"comment_status":"open","ping_status":"open","sticky":false,"template":"","format":"standard","meta":{"footnotes":""},"categories":[226],"tags":[66,80],"global-categories":[],"class_list":["post-3408","post","type-post","status-publish","format-standard","has-post-thumbnail","hentry","category-ciekawostki","tag-skodanapedzarowery","tag-velo-torun"],"yoast_head":"<!-- This site is optimized with the Yoast SEO Premium plugin v25.3 (Yoast SEO v25.9) - https:\/\/yoast.com\/wordpress\/plugins\/seo\/ -->\n<title>\u0160koda cyklicznie zaprasza do Torunia - \u0160koda We Love Cycling - Poland<\/title>\n<meta name=\"robots\" content=\"index, follow, max-snippet:-1, max-image-preview:large, max-video-preview:-1\" \/>\n<link rel=\"canonical\" href=\"https:\/\/www.welovecycling.com\/pl\/2017\/04\/12\/skoda-cyklicznie-zaprasza-torunia\/\" \/>\n<meta property=\"og:locale\" content=\"pl_PL\" \/>\n<meta property=\"og:type\" content=\"article\" \/>\n<meta property=\"og:title\" content=\"\u0160koda cyklicznie zaprasza do Torunia\" \/>\n<meta property=\"og:description\" content=\"Ju\u017c w pierwsz\u0105 niedziel\u0119 maja (7.05.2017) Toru\u0144 stanie si\u0119 miastem cyklist\u00f3w. Wszystko za spraw\u0105 organizowanej po raz trzeci imprezy Velo [&hellip;]\" \/>\n<meta property=\"og:url\" content=\"https:\/\/www.welovecycling.com\/pl\/2017\/04\/12\/skoda-cyklicznie-zaprasza-torunia\/\" \/>\n<meta property=\"og:site_name\" content=\"\u0160koda We Love Cycling - Poland\" \/>\n<meta property=\"article:published_time\" content=\"2017-04-12T08:15:08+00:00\" \/>\n<meta property=\"article:modified_time\" content=\"2018-04-03T09:31:00+00:00\" \/>\n<meta property=\"og:image\" content=\"https:\/\/d2p6e6u75xmxt8.cloudfront.net\/5\/2017\/04\/DSC_5355-1024x681.jpg\" \/>\n\t<meta property=\"og:image:width\" content=\"1024\" \/>\n\t<meta property=\"og:image:height\" content=\"681\" \/>\n\t<meta property=\"og:image:type\" content=\"image\/jpeg\" \/>\n<meta name=\"author\" content=\"piotrboczkowski\" \/>\n<meta name=\"twitter:card\" content=\"summary_large_image\" \/>\n<meta name=\"twitter:label1\" content=\"Written by\" \/>\n\t<meta name=\"twitter:data1\" content=\"WeLoveCycling\" \/>\n\t<meta name=\"twitter:label2\" content=\"Est. reading time\" \/>\n\t<meta name=\"twitter:data2\" content=\"2 minutes\" \/>\n<script type=\"application\/ld+json\" class=\"yoast-schema-graph\">{\"@context\":\"https:\/\/schema.org\",\"@graph\":[{\"@type\":\"WebPage\",\"@id\":\"https:\/\/www.welovecycling.com\/pl\/2017\/04\/12\/skoda-cyklicznie-zaprasza-torunia\/\",\"url\":\"https:\/\/www.welovecycling.com\/pl\/2017\/04\/12\/skoda-cyklicznie-zaprasza-torunia\/\",\"name\":\"\u0160koda cyklicznie zaprasza do Torunia - \u0160koda We Love Cycling - Poland\",\"isPartOf\":{\"@id\":\"https:\/\/www.welovecycling.com\/pl\/#website\"},\"primaryImageOfPage\":{\"@id\":\"https:\/\/www.welovecycling.com\/pl\/2017\/04\/12\/skoda-cyklicznie-zaprasza-torunia\/#primaryimage\"},\"image\":{\"@id\":\"https:\/\/www.welovecycling.com\/pl\/2017\/04\/12\/skoda-cyklicznie-zaprasza-torunia\/#primaryimage\"},\"thumbnailUrl\":\"https:\/\/d2p6e6u75xmxt8.cloudfront.net\/5\/2017\/04\/DSC_5355-1024x681.jpg\",\"datePublished\":\"2017-04-12T08:15:08+00:00\",\"dateModified\":\"2018-04-03T09:31:00+00:00\",\"author\":{\"@id\":\"https:\/\/www.welovecycling.com\/pl\/#\/schema\/person\/0dba2d39da943db9df3fd8f4687e7f23\"},\"breadcrumb\":{\"@id\":\"https:\/\/www.welovecycling.com\/pl\/2017\/04\/12\/skoda-cyklicznie-zaprasza-torunia\/#breadcrumb\"},\"inLanguage\":\"pl-PL\",\"potentialAction\":[{\"@type\":\"ReadAction\",\"target\":[\"https:\/\/www.welovecycling.com\/pl\/2017\/04\/12\/skoda-cyklicznie-zaprasza-torunia\/\"]}]},{\"@type\":\"ImageObject\",\"inLanguage\":\"pl-PL\",\"@id\":\"https:\/\/www.welovecycling.com\/pl\/2017\/04\/12\/skoda-cyklicznie-zaprasza-torunia\/#primaryimage\",\"url\":\"https:\/\/d2p6e6u75xmxt8.cloudfront.net\/5\/2017\/04\/DSC_5355-1024x681.jpg\",\"contentUrl\":\"https:\/\/d2p6e6u75xmxt8.cloudfront.net\/5\/2017\/04\/DSC_5355-1024x681.jpg\",\"width\":1024,\"height\":681},{\"@type\":\"BreadcrumbList\",\"@id\":\"https:\/\/www.welovecycling.com\/pl\/2017\/04\/12\/skoda-cyklicznie-zaprasza-torunia\/#breadcrumb\",\"itemListElement\":[{\"@type\":\"ListItem\",\"position\":1,\"name\":\"Home\",\"item\":\"https:\/\/www.welovecycling.com\/pl\/\"},{\"@type\":\"ListItem\",\"position\":2,\"name\":\"\u0160koda cyklicznie zaprasza do Torunia\"}]},{\"@type\":\"WebSite\",\"@id\":\"https:\/\/www.welovecycling.com\/pl\/#website\",\"url\":\"https:\/\/www.welovecycling.com\/pl\/\",\"name\":\"\u0160koda We Love Cycling - Poland\",\"description\":\"\",\"potentialAction\":[{\"@type\":\"SearchAction\",\"target\":{\"@type\":\"EntryPoint\",\"urlTemplate\":\"https:\/\/www.welovecycling.com\/pl\/?s={search_term_string}\"},\"query-input\":{\"@type\":\"PropertyValueSpecification\",\"valueRequired\":true,\"valueName\":\"search_term_string\"}}],\"inLanguage\":\"pl-PL\"},{\"@type\":\"Person\",\"@id\":\"https:\/\/www.welovecycling.com\/pl\/#\/schema\/person\/0dba2d39da943db9df3fd8f4687e7f23\",\"name\":\"piotrboczkowski\",\"image\":{\"@type\":\"ImageObject\",\"inLanguage\":\"pl-PL\",\"@id\":\"https:\/\/www.welovecycling.com\/pl\/#\/schema\/person\/image\/\",\"url\":\"https:\/\/secure.gravatar.com\/avatar\/533caccae14752e03a2ce2d3fd62d1b98b93e1393c3195c27819e53344ca1ace?s=96&d=mm&r=g\",\"contentUrl\":\"https:\/\/secure.gravatar.com\/avatar\/533caccae14752e03a2ce2d3fd62d1b98b93e1393c3195c27819e53344ca1ace?s=96&d=mm&r=g\",\"caption\":\"piotrboczkowski\"},\"url\":\"https:\/\/www.welovecycling.com\/pl\/author\/piotrboczkowski\/\"}]}<\/script>\n<!-- \/ Yoast SEO Premium plugin. -->","yoast_head_json":{"title":"\u0160koda cyklicznie zaprasza do Torunia - \u0160koda We Love Cycling - Poland","robots":{"index":"index","follow":"follow","max-snippet":"max-snippet:-1","max-image-preview":"max-image-preview:large","max-video-preview":"max-video-preview:-1"},"canonical":"https:\/\/www.welovecycling.com\/pl\/2017\/04\/12\/skoda-cyklicznie-zaprasza-torunia\/","og_locale":"pl_PL","og_type":"article","og_title":"\u0160koda cyklicznie zaprasza do Torunia","og_description":"Ju\u017c w pierwsz\u0105 niedziel\u0119 maja (7.05.2017) Toru\u0144 stanie si\u0119 miastem cyklist\u00f3w. Wszystko za spraw\u0105 organizowanej po raz trzeci imprezy Velo [&hellip;]","og_url":"https:\/\/www.welovecycling.com\/pl\/2017\/04\/12\/skoda-cyklicznie-zaprasza-torunia\/","og_site_name":"\u0160koda We Love Cycling - Poland","article_published_time":"2017-04-12T08:15:08+00:00","article_modified_time":"2018-04-03T09:31:00+00:00","og_image":[{"width":1024,"height":681,"url":"https:\/\/d2p6e6u75xmxt8.cloudfront.net\/5\/2017\/04\/DSC_5355-1024x681.jpg","type":"image\/jpeg"}],"author":"piotrboczkowski","twitter_card":"summary_large_image","twitter_misc":{"Written by":"WeLoveCycling","Est. reading time":"2 minutes"},"schema":{"@context":"https:\/\/schema.org","@graph":[{"@type":"WebPage","@id":"https:\/\/www.welovecycling.com\/pl\/2017\/04\/12\/skoda-cyklicznie-zaprasza-torunia\/","url":"https:\/\/www.welovecycling.com\/pl\/2017\/04\/12\/skoda-cyklicznie-zaprasza-torunia\/","name":"\u0160koda cyklicznie zaprasza do Torunia - \u0160koda We Love Cycling - Poland","isPartOf":{"@id":"https:\/\/www.welovecycling.com\/pl\/#website"},"primaryImageOfPage":{"@id":"https:\/\/www.welovecycling.com\/pl\/2017\/04\/12\/skoda-cyklicznie-zaprasza-torunia\/#primaryimage"},"image":{"@id":"https:\/\/www.welovecycling.com\/pl\/2017\/04\/12\/skoda-cyklicznie-zaprasza-torunia\/#primaryimage"},"thumbnailUrl":"https:\/\/d2p6e6u75xmxt8.cloudfront.net\/5\/2017\/04\/DSC_5355-1024x681.jpg","datePublished":"2017-04-12T08:15:08+00:00","dateModified":"2018-04-03T09:31:00+00:00","author":{"@id":"https:\/\/www.welovecycling.com\/pl\/#\/schema\/person\/0dba2d39da943db9df3fd8f4687e7f23"},"breadcrumb":{"@id":"https:\/\/www.welovecycling.com\/pl\/2017\/04\/12\/skoda-cyklicznie-zaprasza-torunia\/#breadcrumb"},"inLanguage":"pl-PL","potentialAction":[{"@type":"ReadAction","target":["https:\/\/www.welovecycling.com\/pl\/2017\/04\/12\/skoda-cyklicznie-zaprasza-torunia\/"]}]},{"@type":"ImageObject","inLanguage":"pl-PL","@id":"https:\/\/www.welovecycling.com\/pl\/2017\/04\/12\/skoda-cyklicznie-zaprasza-torunia\/#primaryimage","url":"https:\/\/d2p6e6u75xmxt8.cloudfront.net\/5\/2017\/04\/DSC_5355-1024x681.jpg","contentUrl":"https:\/\/d2p6e6u75xmxt8.cloudfront.net\/5\/2017\/04\/DSC_5355-1024x681.jpg","width":1024,"height":681},{"@type":"BreadcrumbList","@id":"https:\/\/www.welovecycling.com\/pl\/2017\/04\/12\/skoda-cyklicznie-zaprasza-torunia\/#breadcrumb","itemListElement":[{"@type":"ListItem","position":1,"name":"Home","item":"https:\/\/www.welovecycling.com\/pl\/"},{"@type":"ListItem","position":2,"name":"\u0160koda cyklicznie zaprasza do Torunia"}]},{"@type":"WebSite","@id":"https:\/\/www.welovecycling.com\/pl\/#website","url":"https:\/\/www.welovecycling.com\/pl\/","name":"\u0160koda We Love Cycling - Poland","description":"","potentialAction":[{"@type":"SearchAction","target":{"@type":"EntryPoint","urlTemplate":"https:\/\/www.welovecycling.com\/pl\/?s={search_term_string}"},"query-input":{"@type":"PropertyValueSpecification","valueRequired":true,"valueName":"search_term_string"}}],"inLanguage":"pl-PL"},{"@type":"Person","@id":"https:\/\/www.welovecycling.com\/pl\/#\/schema\/person\/0dba2d39da943db9df3fd8f4687e7f23","name":"piotrboczkowski","image":{"@type":"ImageObject","inLanguage":"pl-PL","@id":"https:\/\/www.welovecycling.com\/pl\/#\/schema\/person\/image\/","url":"https:\/\/secure.gravatar.com\/avatar\/533caccae14752e03a2ce2d3fd62d1b98b93e1393c3195c27819e53344ca1ace?s=96&d=mm&r=g","contentUrl":"https:\/\/secure.gravatar.com\/avatar\/533caccae14752e03a2ce2d3fd62d1b98b93e1393c3195c27819e53344ca1ace?s=96&d=mm&r=g","caption":"piotrboczkowski"},"url":"https:\/\/www.welovecycling.com\/pl\/author\/piotrboczkowski\/"}]}},"_links":{"self":[{"href":"https:\/\/www.welovecycling.com\/pl\/wp-json\/wp\/v2\/posts\/3408","targetHints":{"allow":["GET"]}}],"collection":[{"href":"https:\/\/www.welovecycling.com\/pl\/wp-json\/wp\/v2\/posts"}],"about":[{"href":"https:\/\/www.welovecycling.com\/pl\/wp-json\/wp\/v2\/types\/post"}],"author":[{"embeddable":true,"href":"https:\/\/www.welovecycling.com\/pl\/wp-json\/wp\/v2\/users\/76"}],"replies":[{"embeddable":true,"href":"https:\/\/www.welovecycling.com\/pl\/wp-json\/wp\/v2\/comments?post=3408"}],"version-history":[{"count":2,"href":"https:\/\/www.welovecycling.com\/pl\/wp-json\/wp\/v2\/posts\/3408\/revisions"}],"predecessor-version":[{"id":3567,"href":"https:\/\/www.welovecycling.com\/pl\/wp-json\/wp\/v2\/posts\/3408\/revisions\/3567"}],"wp:featuredmedia":[{"embeddable":true,"href":"https:\/\/www.welovecycling.com\/pl\/wp-json\/wp\/v2\/media\/3409"}],"wp:attachment":[{"href":"https:\/\/www.welovecycling.com\/pl\/wp-json\/wp\/v2\/media?parent=3408"}],"wp:term":[{"taxonomy":"category","embeddable":true,"href":"https:\/\/www.welovecycling.com\/pl\/wp-json\/wp\/v2\/categories?post=3408"},{"taxonomy":"post_tag","embeddable":true,"href":"https:\/\/www.welovecycling.com\/pl\/wp-json\/wp\/v2\/tags?post=3408"},{"taxonomy":"global-categories","embeddable":true,"href":"https:\/\/www.welovecycling.com\/pl\/wp-json\/wp\/v2\/global-categories?post=3408"}],"curies":[{"name":"wp","href":"https:\/\/api.w.org\/{rel}","templated":true}]}}