{"id":3370,"date":"2017-04-11T18:25:08","date_gmt":"2017-04-11T18:25:08","guid":{"rendered":"https:\/\/www.welovecycling.com\/pl\/?p=3370"},"modified":"2017-04-12T03:17:27","modified_gmt":"2017-04-12T03:17:27","slug":"sniadanie-najwazniejszym-posilkiem-ciagu","status":"publish","type":"post","link":"https:\/\/www.welovecycling.com\/pl\/2017\/04\/11\/sniadanie-najwazniejszym-posilkiem-ciagu\/","title":{"rendered":"\u015aniadanie: czy jest najwa\u017cniejszym posi\u0142kiem w ci\u0105gu dnia?"},"content":{"rendered":"<p>Jest kwesti\u0105 dyskusyjn\u0105, czy \u015bniadanie stanowi wa\u017cn\u0105 cz\u0119\u015b\u0107 zdrowej diety. Niekt\u00f3rzy m\u00f3wi\u0105, \u017ce potrzebujemy tego posi\u0142ku,\u00a0aby pobudzi\u0107 metabolizm i mie\u0107 wystarczaj\u0105co energii na ca\u0142y dzie\u0144, inni m\u00f3wi\u0105, \u017ce \u015bniadanie to nic szczeg\u00f3lnego i pomini\u0119cie go mo\u017ce nawet dobrze wp\u0142yn\u0105\u0107 na zdrowie. Przypatrzmy si\u0119 kilku interesuj\u0105cym argumentom obu stron oraz stoj\u0105cym za nimi uzasadnieniom naukowym.<\/p>\n<p><strong>\u015aniadanie nie przyspiesza metabolizmu<\/strong><\/p>\n<p>Powszechny argument popieraj\u0105cy jedzenie \u015bniadania jest taki, \u017ce powinno si\u0119 je\u015b\u0107 rano, gdy\u017c pobudza to metabolizm i w ten spos\u00f3b pomaga utrzyma\u0107 zdrow\u0105 wag\u0119. Jednak w metabolizmie\u00a0istotna jest og\u00f3lna ilo\u015b\u0107 jedzenia spo\u017cywanego w ci\u0105gu dnia. Nie ma znaczenia, o kt\u00f3rej godzinie si\u0119 je. Badania pokazuj\u0105, \u017ce nie ma r\u00f3\u017cnicy w liczbie kalorii spalonych w ci\u0105gu dnia mi\u0119dzy osobami, kt\u00f3re jedz\u0105 \u015bniadanie, a tymi, kt\u00f3re go nie jedz\u0105.<\/p>\n<p><strong>\u015aniadanie mo\u017ce zapobiega\u0107 tyciu<\/strong><\/p>\n<p>Sam fakt, \u017ce rano jemy \u015bniadanie, nie spowoduje, \u017ce spalimy wi\u0119cej t\u0142uszczyku, ale mo\u017ce za to pom\u00f3c w inny spos\u00f3b. Pomini\u0119cie \u015bniadania sprawi, \u017ce b\u0119dziemy bardziej g\u0142odni w porze lunchu, a lunch w pracy to zazwyczaj stres i niekoniecznie najlepsze od\u017cywianie. No i b\u0105d\u017amy szczerzy, dla wi\u0119kszo\u015bci ludzi brak \u015bniadania i s\u0142aby lunch prowadzi do ci\u0105g\u0142ego podjadania \u015bmieciowych przek\u0105sek w ci\u0105gu dnia, z\u0142ej diety i nadmiernego jedzenia wieczorem. A to w\u0142a\u015bnie jest z pewno\u015bci\u0105 zwi\u0105zane z przyrostem wagi.<\/p>\n<p>https:\/\/www.instagram.com\/p\/BROz1gCA9Pj\/<\/p>\n<p><strong>Pomini\u0119cie \u015bniadania mo\u017ce mie\u0107 dobry wp\u0142yw na zdrowie<\/strong><\/p>\n<p>Pomini\u0119cie \u015bniadania jest tak naprawd\u0119 okresow\u0105 g\u0142od\u00f3wk\u0105, kt\u00f3ra mo\u017ce pozytywnie wp\u0142yn\u0105\u0107 na\u00a0ograniczenie spo\u017cycia kalorii, zwi\u0119kszenie utraty wagi i popraw\u0119 metabolizmu. Nale\u017cy jednak zauwa\u017cy\u0107, \u017ce okresowa g\u0142od\u00f3wka i pomijanie \u015bniadania nie jest dla ka\u017cdego. U r\u00f3\u017cnych os\u00f3b efekty mog\u0105 by\u0107 inne. Niekt\u00f3rym niejedzenie porannego posi\u0142ku b\u0119dzie\u00a0s\u0142u\u017cy\u0107, podczas gdy inni mog\u0105 skar\u017cy\u0107 si\u0119 na b\u00f3le g\u0142owy, spadki energii i utrat\u0119 koncentracji.<\/p>\n<p><strong>Zale\u017cy, jakie to \u015bniadanie<\/strong><\/p>\n<p>Jak widzicie, istniej\u0105 argumenty\u00a0przemawiaj\u0105ce zar\u00f3wno za jedzeniem, jak i pomijaniem\u00a0\u015bniadania. Trzeba tylko uwa\u017cnie si\u0119\u00a0obserwowa\u0107, by stwierdzi\u0107, jaki ono ma wp\u0142yw na nasze cia\u0142o. Je\u015bli rano nie czujesz si\u0119 g\u0142odny i b\u0119dziesz w stanie dostarczy\u0107 sk\u0142adniki od\u017cywcze p\u00f3\u017aniej w ci\u0105gu dnia, nie jedz na si\u0142\u0119. Ale je\u015bli rano odczuwasz g\u0142\u00f3d i lubisz \u015bniadania, to prosz\u0119 bardzo! Pami\u0119taj tylko, \u017ceby wybra\u0107 \u015bniadanie bogate w sk\u0142adniki od\u017cywcze. Unikaj bomb cukrowych, kt\u00f3re obecnie mylnie nazywane s\u0105 \u201e\u015bniadaniem\u201d. W tym miesi\u0105cu przeczytacie\u00a0o \u015bniadaniach i jak zwykle b\u0119d\u0105 zdrowe przepisy!<\/p>\n<p>(\u017ar\u00f3d\u0142o zdj\u0119\u0107: welovecycling.com)<\/p>\n","protected":false},"excerpt":{"rendered":"<p>Jest kwesti\u0105 dyskusyjn\u0105, czy \u015bniadanie stanowi wa\u017cn\u0105 cz\u0119\u015b\u0107 zdrowej diety. Niekt\u00f3rzy m\u00f3wi\u0105, \u017ce potrzebujemy tego posi\u0142ku,\u00a0aby pobudzi\u0107 metabolizm i mie\u0107 [&hellip;]<\/p>\n","protected":false},"author":76,"featured_media":3371,"comment_status":"open","ping_status":"open","sticky":false,"template":"","format":"standard","meta":{"footnotes":""},"categories":[4],"tags":[121,17,16],"global-categories":[],"class_list":["post-3370","post","type-post","status-publish","format-standard","has-post-thumbnail","hentry","category-zdrowie-i-trening","tag-sniadania","tag-trening","tag-zdrowie"],"yoast_head":"<!-- This site is optimized with the Yoast SEO Premium plugin v25.3 (Yoast SEO v25.9) - https:\/\/yoast.com\/wordpress\/plugins\/seo\/ -->\n<title>\u015aniadanie: czy jest najwa\u017cniejszym posi\u0142kiem w ci\u0105gu dnia? - \u0160koda We Love Cycling - Poland<\/title>\n<meta name=\"robots\" content=\"index, follow, max-snippet:-1, max-image-preview:large, max-video-preview:-1\" \/>\n<link rel=\"canonical\" href=\"https:\/\/www.welovecycling.com\/pl\/2017\/04\/11\/sniadanie-najwazniejszym-posilkiem-ciagu\/\" \/>\n<meta property=\"og:locale\" content=\"pl_PL\" \/>\n<meta property=\"og:type\" content=\"article\" \/>\n<meta property=\"og:title\" content=\"\u015aniadanie: czy jest najwa\u017cniejszym posi\u0142kiem w ci\u0105gu dnia?\" \/>\n<meta property=\"og:description\" content=\"Jest kwesti\u0105 dyskusyjn\u0105, czy \u015bniadanie stanowi wa\u017cn\u0105 cz\u0119\u015b\u0107 zdrowej diety. Niekt\u00f3rzy m\u00f3wi\u0105, \u017ce potrzebujemy tego posi\u0142ku,\u00a0aby pobudzi\u0107 metabolizm i mie\u0107 [&hellip;]\" \/>\n<meta property=\"og:url\" content=\"https:\/\/www.welovecycling.com\/pl\/2017\/04\/11\/sniadanie-najwazniejszym-posilkiem-ciagu\/\" \/>\n<meta property=\"og:site_name\" content=\"\u0160koda We Love Cycling - Poland\" \/>\n<meta property=\"article:published_time\" content=\"2017-04-11T18:25:08+00:00\" \/>\n<meta property=\"article:modified_time\" content=\"2017-04-12T03:17:27+00:00\" \/>\n<meta property=\"og:image\" content=\"https:\/\/d2p6e6u75xmxt8.cloudfront.net\/5\/2017\/04\/48485.jpg\" \/>\n\t<meta property=\"og:image:width\" content=\"1375\" \/>\n\t<meta property=\"og:image:height\" content=\"600\" \/>\n\t<meta property=\"og:image:type\" content=\"image\/jpeg\" \/>\n<meta name=\"author\" content=\"piotrboczkowski\" \/>\n<meta name=\"twitter:card\" content=\"summary_large_image\" \/>\n<meta name=\"twitter:label1\" content=\"Written by\" \/>\n\t<meta name=\"twitter:data1\" content=\"Jiri Kaloc\" \/>\n\t<meta name=\"twitter:label2\" content=\"Est. reading time\" \/>\n\t<meta name=\"twitter:data2\" content=\"2 minutes\" \/>\n<script type=\"application\/ld+json\" class=\"yoast-schema-graph\">{\"@context\":\"https:\/\/schema.org\",\"@graph\":[{\"@type\":\"WebPage\",\"@id\":\"https:\/\/www.welovecycling.com\/pl\/2017\/04\/11\/sniadanie-najwazniejszym-posilkiem-ciagu\/\",\"url\":\"https:\/\/www.welovecycling.com\/pl\/2017\/04\/11\/sniadanie-najwazniejszym-posilkiem-ciagu\/\",\"name\":\"\u015aniadanie: czy jest najwa\u017cniejszym posi\u0142kiem w ci\u0105gu dnia? - \u0160koda We Love Cycling - Poland\",\"isPartOf\":{\"@id\":\"https:\/\/www.welovecycling.com\/pl\/#website\"},\"primaryImageOfPage\":{\"@id\":\"https:\/\/www.welovecycling.com\/pl\/2017\/04\/11\/sniadanie-najwazniejszym-posilkiem-ciagu\/#primaryimage\"},\"image\":{\"@id\":\"https:\/\/www.welovecycling.com\/pl\/2017\/04\/11\/sniadanie-najwazniejszym-posilkiem-ciagu\/#primaryimage\"},\"thumbnailUrl\":\"https:\/\/d2p6e6u75xmxt8.cloudfront.net\/5\/2017\/04\/48485.jpg\",\"datePublished\":\"2017-04-11T18:25:08+00:00\",\"dateModified\":\"2017-04-12T03:17:27+00:00\",\"author\":{\"@id\":\"https:\/\/www.welovecycling.com\/pl\/#\/schema\/person\/0dba2d39da943db9df3fd8f4687e7f23\"},\"breadcrumb\":{\"@id\":\"https:\/\/www.welovecycling.com\/pl\/2017\/04\/11\/sniadanie-najwazniejszym-posilkiem-ciagu\/#breadcrumb\"},\"inLanguage\":\"pl-PL\",\"potentialAction\":[{\"@type\":\"ReadAction\",\"target\":[\"https:\/\/www.welovecycling.com\/pl\/2017\/04\/11\/sniadanie-najwazniejszym-posilkiem-ciagu\/\"]}]},{\"@type\":\"ImageObject\",\"inLanguage\":\"pl-PL\",\"@id\":\"https:\/\/www.welovecycling.com\/pl\/2017\/04\/11\/sniadanie-najwazniejszym-posilkiem-ciagu\/#primaryimage\",\"url\":\"https:\/\/d2p6e6u75xmxt8.cloudfront.net\/5\/2017\/04\/48485.jpg\",\"contentUrl\":\"https:\/\/d2p6e6u75xmxt8.cloudfront.net\/5\/2017\/04\/48485.jpg\",\"width\":1375,\"height\":600},{\"@type\":\"BreadcrumbList\",\"@id\":\"https:\/\/www.welovecycling.com\/pl\/2017\/04\/11\/sniadanie-najwazniejszym-posilkiem-ciagu\/#breadcrumb\",\"itemListElement\":[{\"@type\":\"ListItem\",\"position\":1,\"name\":\"Home\",\"item\":\"https:\/\/www.welovecycling.com\/pl\/\"},{\"@type\":\"ListItem\",\"position\":2,\"name\":\"\u015aniadanie: czy jest najwa\u017cniejszym posi\u0142kiem w ci\u0105gu dnia?\"}]},{\"@type\":\"WebSite\",\"@id\":\"https:\/\/www.welovecycling.com\/pl\/#website\",\"url\":\"https:\/\/www.welovecycling.com\/pl\/\",\"name\":\"\u0160koda We Love Cycling - Poland\",\"description\":\"\",\"potentialAction\":[{\"@type\":\"SearchAction\",\"target\":{\"@type\":\"EntryPoint\",\"urlTemplate\":\"https:\/\/www.welovecycling.com\/pl\/?s={search_term_string}\"},\"query-input\":{\"@type\":\"PropertyValueSpecification\",\"valueRequired\":true,\"valueName\":\"search_term_string\"}}],\"inLanguage\":\"pl-PL\"},{\"@type\":\"Person\",\"@id\":\"https:\/\/www.welovecycling.com\/pl\/#\/schema\/person\/0dba2d39da943db9df3fd8f4687e7f23\",\"name\":\"piotrboczkowski\",\"image\":{\"@type\":\"ImageObject\",\"inLanguage\":\"pl-PL\",\"@id\":\"https:\/\/www.welovecycling.com\/pl\/#\/schema\/person\/image\/\",\"url\":\"https:\/\/secure.gravatar.com\/avatar\/533caccae14752e03a2ce2d3fd62d1b98b93e1393c3195c27819e53344ca1ace?s=96&d=mm&r=g\",\"contentUrl\":\"https:\/\/secure.gravatar.com\/avatar\/533caccae14752e03a2ce2d3fd62d1b98b93e1393c3195c27819e53344ca1ace?s=96&d=mm&r=g\",\"caption\":\"piotrboczkowski\"},\"url\":\"https:\/\/www.welovecycling.com\/pl\/author\/piotrboczkowski\/\"}]}<\/script>\n<!-- \/ Yoast SEO Premium plugin. -->","yoast_head_json":{"title":"\u015aniadanie: czy jest najwa\u017cniejszym posi\u0142kiem w ci\u0105gu dnia? - \u0160koda We Love Cycling - Poland","robots":{"index":"index","follow":"follow","max-snippet":"max-snippet:-1","max-image-preview":"max-image-preview:large","max-video-preview":"max-video-preview:-1"},"canonical":"https:\/\/www.welovecycling.com\/pl\/2017\/04\/11\/sniadanie-najwazniejszym-posilkiem-ciagu\/","og_locale":"pl_PL","og_type":"article","og_title":"\u015aniadanie: czy jest najwa\u017cniejszym posi\u0142kiem w ci\u0105gu dnia?","og_description":"Jest kwesti\u0105 dyskusyjn\u0105, czy \u015bniadanie stanowi wa\u017cn\u0105 cz\u0119\u015b\u0107 zdrowej diety. Niekt\u00f3rzy m\u00f3wi\u0105, \u017ce potrzebujemy tego posi\u0142ku,\u00a0aby pobudzi\u0107 metabolizm i mie\u0107 [&hellip;]","og_url":"https:\/\/www.welovecycling.com\/pl\/2017\/04\/11\/sniadanie-najwazniejszym-posilkiem-ciagu\/","og_site_name":"\u0160koda We Love Cycling - Poland","article_published_time":"2017-04-11T18:25:08+00:00","article_modified_time":"2017-04-12T03:17:27+00:00","og_image":[{"width":1375,"height":600,"url":"https:\/\/d2p6e6u75xmxt8.cloudfront.net\/5\/2017\/04\/48485.jpg","type":"image\/jpeg"}],"author":"piotrboczkowski","twitter_card":"summary_large_image","twitter_misc":{"Written by":"Jiri Kaloc","Est. reading time":"2 minutes"},"schema":{"@context":"https:\/\/schema.org","@graph":[{"@type":"WebPage","@id":"https:\/\/www.welovecycling.com\/pl\/2017\/04\/11\/sniadanie-najwazniejszym-posilkiem-ciagu\/","url":"https:\/\/www.welovecycling.com\/pl\/2017\/04\/11\/sniadanie-najwazniejszym-posilkiem-ciagu\/","name":"\u015aniadanie: czy jest najwa\u017cniejszym posi\u0142kiem w ci\u0105gu dnia? - \u0160koda We Love Cycling - Poland","isPartOf":{"@id":"https:\/\/www.welovecycling.com\/pl\/#website"},"primaryImageOfPage":{"@id":"https:\/\/www.welovecycling.com\/pl\/2017\/04\/11\/sniadanie-najwazniejszym-posilkiem-ciagu\/#primaryimage"},"image":{"@id":"https:\/\/www.welovecycling.com\/pl\/2017\/04\/11\/sniadanie-najwazniejszym-posilkiem-ciagu\/#primaryimage"},"thumbnailUrl":"https:\/\/d2p6e6u75xmxt8.cloudfront.net\/5\/2017\/04\/48485.jpg","datePublished":"2017-04-11T18:25:08+00:00","dateModified":"2017-04-12T03:17:27+00:00","author":{"@id":"https:\/\/www.welovecycling.com\/pl\/#\/schema\/person\/0dba2d39da943db9df3fd8f4687e7f23"},"breadcrumb":{"@id":"https:\/\/www.welovecycling.com\/pl\/2017\/04\/11\/sniadanie-najwazniejszym-posilkiem-ciagu\/#breadcrumb"},"inLanguage":"pl-PL","potentialAction":[{"@type":"ReadAction","target":["https:\/\/www.welovecycling.com\/pl\/2017\/04\/11\/sniadanie-najwazniejszym-posilkiem-ciagu\/"]}]},{"@type":"ImageObject","inLanguage":"pl-PL","@id":"https:\/\/www.welovecycling.com\/pl\/2017\/04\/11\/sniadanie-najwazniejszym-posilkiem-ciagu\/#primaryimage","url":"https:\/\/d2p6e6u75xmxt8.cloudfront.net\/5\/2017\/04\/48485.jpg","contentUrl":"https:\/\/d2p6e6u75xmxt8.cloudfront.net\/5\/2017\/04\/48485.jpg","width":1375,"height":600},{"@type":"BreadcrumbList","@id":"https:\/\/www.welovecycling.com\/pl\/2017\/04\/11\/sniadanie-najwazniejszym-posilkiem-ciagu\/#breadcrumb","itemListElement":[{"@type":"ListItem","position":1,"name":"Home","item":"https:\/\/www.welovecycling.com\/pl\/"},{"@type":"ListItem","position":2,"name":"\u015aniadanie: czy jest najwa\u017cniejszym posi\u0142kiem w ci\u0105gu dnia?"}]},{"@type":"WebSite","@id":"https:\/\/www.welovecycling.com\/pl\/#website","url":"https:\/\/www.welovecycling.com\/pl\/","name":"\u0160koda We Love Cycling - Poland","description":"","potentialAction":[{"@type":"SearchAction","target":{"@type":"EntryPoint","urlTemplate":"https:\/\/www.welovecycling.com\/pl\/?s={search_term_string}"},"query-input":{"@type":"PropertyValueSpecification","valueRequired":true,"valueName":"search_term_string"}}],"inLanguage":"pl-PL"},{"@type":"Person","@id":"https:\/\/www.welovecycling.com\/pl\/#\/schema\/person\/0dba2d39da943db9df3fd8f4687e7f23","name":"piotrboczkowski","image":{"@type":"ImageObject","inLanguage":"pl-PL","@id":"https:\/\/www.welovecycling.com\/pl\/#\/schema\/person\/image\/","url":"https:\/\/secure.gravatar.com\/avatar\/533caccae14752e03a2ce2d3fd62d1b98b93e1393c3195c27819e53344ca1ace?s=96&d=mm&r=g","contentUrl":"https:\/\/secure.gravatar.com\/avatar\/533caccae14752e03a2ce2d3fd62d1b98b93e1393c3195c27819e53344ca1ace?s=96&d=mm&r=g","caption":"piotrboczkowski"},"url":"https:\/\/www.welovecycling.com\/pl\/author\/piotrboczkowski\/"}]}},"_links":{"self":[{"href":"https:\/\/www.welovecycling.com\/pl\/wp-json\/wp\/v2\/posts\/3370","targetHints":{"allow":["GET"]}}],"collection":[{"href":"https:\/\/www.welovecycling.com\/pl\/wp-json\/wp\/v2\/posts"}],"about":[{"href":"https:\/\/www.welovecycling.com\/pl\/wp-json\/wp\/v2\/types\/post"}],"author":[{"embeddable":true,"href":"https:\/\/www.welovecycling.com\/pl\/wp-json\/wp\/v2\/users\/76"}],"replies":[{"embeddable":true,"href":"https:\/\/www.welovecycling.com\/pl\/wp-json\/wp\/v2\/comments?post=3370"}],"version-history":[{"count":2,"href":"https:\/\/www.welovecycling.com\/pl\/wp-json\/wp\/v2\/posts\/3370\/revisions"}],"predecessor-version":[{"id":3383,"href":"https:\/\/www.welovecycling.com\/pl\/wp-json\/wp\/v2\/posts\/3370\/revisions\/3383"}],"wp:featuredmedia":[{"embeddable":true,"href":"https:\/\/www.welovecycling.com\/pl\/wp-json\/wp\/v2\/media\/3371"}],"wp:attachment":[{"href":"https:\/\/www.welovecycling.com\/pl\/wp-json\/wp\/v2\/media?parent=3370"}],"wp:term":[{"taxonomy":"category","embeddable":true,"href":"https:\/\/www.welovecycling.com\/pl\/wp-json\/wp\/v2\/categories?post=3370"},{"taxonomy":"post_tag","embeddable":true,"href":"https:\/\/www.welovecycling.com\/pl\/wp-json\/wp\/v2\/tags?post=3370"},{"taxonomy":"global-categories","embeddable":true,"href":"https:\/\/www.welovecycling.com\/pl\/wp-json\/wp\/v2\/global-categories?post=3370"}],"curies":[{"name":"wp","href":"https:\/\/api.w.org\/{rel}","templated":true}]}}