{"id":3250,"date":"2017-04-07T14:49:38","date_gmt":"2017-04-07T14:49:38","guid":{"rendered":"https:\/\/www.welovecycling.com\/pl\/?p=3250"},"modified":"2017-04-08T06:47:44","modified_gmt":"2017-04-08T06:47:44","slug":"wiosenne-trendy-rowerowe-dla-kobiet","status":"publish","type":"post","link":"https:\/\/www.welovecycling.com\/pl\/2017\/04\/07\/wiosenne-trendy-rowerowe-dla-kobiet\/","title":{"rendered":"Wiosenne trendy rowerowe dla kobiet"},"content":{"rendered":"<p>Czu\u0107 wiosn\u0119 w powietrzu. Jak wie ka\u017cdy rowerzysta, jest to czas na wymian\u0119 ca\u0142ej garderoby na l\u017cejsz\u0105. Nie jest jeszcze na tyle ciep\u0142o, aby od razu wskoczy\u0107 w szorty i kr\u00f3tki r\u0119kawek, ale jest na tyle ciep\u0142o, \u017ce zakrywanie si\u0119 od st\u00f3p do g\u0142\u00f3w jest po prostu niewygodne. Oto kilka rekomendacji dla kobiet chc\u0105cych przewietrzy\u0107 swoje szafy na wiosn\u0119\u2026<\/p>\n<p><strong>Bluza z kapturem<\/strong><br \/>\nSportowa elegancja to s\u0142owa, kt\u00f3re zrozumie ka\u017cda amatorka mody. Oznaczaj\u0105 one po\u0142\u0105czenie sportowej wygody i stylu. Linia Ivy Park, firmowana przez Beyonc\u00e9, wypromowa\u0142a ca\u0142\u0105 gam\u0119 wzor\u00f3w, w tym bluz\u0119 z kapturem wykonan\u0105 z siatki. Jest ona zadziwiaj\u0105co skuteczna jako warstwa zewn\u0119trzna i zapewnia dodatkowy atut dla odwa\u017cnej cyklistki, kt\u00f3ra za\u0142o\u017cy bluz\u0119 na prosty T-shirt lub bezpo\u015brednio na stanik sportowy.<\/p>\n<p><a href=\"https:\/\/d2p6e6u75xmxt8.cloudfront.net\/5\/2017\/04\/IV221J000-Q11@10.1.jpg\"><img loading=\"lazy\" decoding=\"async\" class=\"alignnone size-large wp-image-3252\" src=\"https:\/\/d2p6e6u75xmxt8.cloudfront.net\/5\/2017\/04\/IV221J000-Q11@10.1-709x1024.jpg\" sizes=\"auto, (max-width: 709px) 100vw, 709px\" srcset=\"https:\/\/d2p6e6u75xmxt8.cloudfront.net\/5\/2017\/04\/IV221J000-Q11@10.1-709x1024.jpg 709w, https:\/\/d2p6e6u75xmxt8.cloudfront.net\/5\/2017\/04\/IV221J000-Q11@10.1-208x300.jpg 208w, https:\/\/d2p6e6u75xmxt8.cloudfront.net\/5\/2017\/04\/IV221J000-Q11@10.1.jpg 762w\" alt=\"\" width=\"709\" height=\"1024\" \/><\/a><\/p>\n<p><a href=\"https:\/\/d2p6e6u75xmxt8.cloudfront.net\/5\/2017\/04\/IV221J000-Q11@11.1.jpg\"><img loading=\"lazy\" decoding=\"async\" class=\"alignnone size-large wp-image-3253\" src=\"https:\/\/d2p6e6u75xmxt8.cloudfront.net\/5\/2017\/04\/IV221J000-Q11@11.1-709x1024.jpg\" sizes=\"auto, (max-width: 709px) 100vw, 709px\" srcset=\"https:\/\/d2p6e6u75xmxt8.cloudfront.net\/5\/2017\/04\/IV221J000-Q11@11.1-709x1024.jpg 709w, https:\/\/d2p6e6u75xmxt8.cloudfront.net\/5\/2017\/04\/IV221J000-Q11@11.1-208x300.jpg 208w, https:\/\/d2p6e6u75xmxt8.cloudfront.net\/5\/2017\/04\/IV221J000-Q11@11.1.jpg 762w\" alt=\"\" width=\"709\" height=\"1024\" \/><\/a><\/p>\n<p><strong>Kamizelka<\/strong><br \/>\nJest to nieustaj\u0105cy faworyt dla tych, kt\u00f3rzy chc\u0105 poczu\u0107 sportowy klimat podczas jazdy, a jednocze\u015bnie zachowa\u0107 elegancki sznyt. Kurtka Biker Jacket firmy MEAME, zapewniaj\u0105ca\u00a0niesamowit\u0105 elegancj\u0119 w miesi\u0105cach zimowych, mo\u017ce by\u0107 r\u00f3wnie\u017c noszona jako kamizelka. Jest wodoodporna, ma elementy odblaskowe i jest wykonana z najlepszej jako\u015bci tkanin w\u0142oskich, w najlepszym kroju.<\/p>\n<p><a href=\"https:\/\/d2p6e6u75xmxt8.cloudfront.net\/5\/2017\/04\/MEAME_Altair_001-2.jpg\"><img loading=\"lazy\" decoding=\"async\" class=\"alignnone size-large wp-image-3254\" src=\"https:\/\/d2p6e6u75xmxt8.cloudfront.net\/5\/2017\/04\/MEAME_Altair_001-2-683x1024.jpg\" sizes=\"auto, (max-width: 683px) 100vw, 683px\" srcset=\"https:\/\/d2p6e6u75xmxt8.cloudfront.net\/5\/2017\/04\/MEAME_Altair_001-2-683x1024.jpg 683w, https:\/\/d2p6e6u75xmxt8.cloudfront.net\/5\/2017\/04\/MEAME_Altair_001-2-200x300.jpg 200w, https:\/\/d2p6e6u75xmxt8.cloudfront.net\/5\/2017\/04\/MEAME_Altair_001-2.jpg 720w\" alt=\"\" width=\"683\" height=\"1024\" \/><\/a><\/p>\n<p><a href=\"https:\/\/d2p6e6u75xmxt8.cloudfront.net\/5\/2017\/04\/MEAME_Altair_006-2.jpg\"><img loading=\"lazy\" decoding=\"async\" class=\"alignnone size-large wp-image-3255\" src=\"https:\/\/d2p6e6u75xmxt8.cloudfront.net\/5\/2017\/04\/MEAME_Altair_006-2-683x1024.jpg\" sizes=\"auto, (max-width: 683px) 100vw, 683px\" srcset=\"https:\/\/d2p6e6u75xmxt8.cloudfront.net\/5\/2017\/04\/MEAME_Altair_006-2-683x1024.jpg 683w, https:\/\/d2p6e6u75xmxt8.cloudfront.net\/5\/2017\/04\/MEAME_Altair_006-2-200x300.jpg 200w, https:\/\/d2p6e6u75xmxt8.cloudfront.net\/5\/2017\/04\/MEAME_Altair_006-2.jpg 720w\" alt=\"\" width=\"683\" height=\"1024\" \/><\/a><\/p>\n<p><strong>Buty sportowe<\/strong><br \/>\nNa wiosn\u0119 dodaj odrobin\u0119 r\u00f3\u017cu, by podkre\u015bli\u0107 swoj\u0105 kobieco\u015b\u0107. Znane ju\u017c z zesz\u0142ego sezonu pastele pozostaj\u0105 na topie, a twoim stylizacjom nadadz\u0105 sezonowej klasy i sportowego wygl\u0105du. Obuwie to mo\u017ce by\u0107 r\u00f3wnie\u017c noszone na co dzie\u0144, jako sportowe uzupe\u0142nienie niezobowi\u0105zuj\u0105cych stroj\u00f3w.<\/p>\n<p><a href=\"https:\/\/d2p6e6u75xmxt8.cloudfront.net\/5\/2017\/04\/new-balance-wl420dmi-white-_6_.jpg-1-768x552.jpg\"><img loading=\"lazy\" decoding=\"async\" class=\"alignnone size-full wp-image-3256\" src=\"https:\/\/d2p6e6u75xmxt8.cloudfront.net\/5\/2017\/04\/new-balance-wl420dmi-white-_6_.jpg-1-768x552.jpg\" sizes=\"auto, (max-width: 768px) 100vw, 768px\" srcset=\"https:\/\/d2p6e6u75xmxt8.cloudfront.net\/5\/2017\/04\/new-balance-wl420dmi-white-_6_.jpg-1-768x552.jpg 768w, https:\/\/d2p6e6u75xmxt8.cloudfront.net\/5\/2017\/04\/new-balance-wl420dmi-white-_6_.jpg-1-768x552-300x216.jpg 300w\" alt=\"\" width=\"768\" height=\"552\" \/><\/a><\/p>\n<p><strong>Stanik sportowy<\/strong><br \/>\nStaniki sportowe przesta\u0142y ju\u017c by\u0107 ukrytymi elementami garderoby. S\u0105 one dzi\u015b r\u00f3wnie stylowe jak to, co na nie zak\u0142adasz. Og\u00f3lnie rzecz bior\u0105c, bielizn\u0119 projektuje si\u0119 dzi\u015b w taki spos\u00f3b, by mog\u0142a by\u0107 noszona na zewn\u0105trz, w szczeg\u00f3lno\u015bci z wy\u017cej opisan\u0105 bluz\u0105 Ivy Park. Sp\u00f3jrz na \u015bredniej kategorii stanik Forever 21, z warstw\u0105 z bezbarwnej siatki i regulowanymi paskami. Z pewno\u015bci\u0105 doda on polotu twoim codziennym stylizacjom.<\/p>\n<p><a href=\"https:\/\/d2p6e6u75xmxt8.cloudfront.net\/5\/2017\/04\/00229208-02.jpg\"><img loading=\"lazy\" decoding=\"async\" class=\"alignnone size-large wp-image-3257\" src=\"https:\/\/d2p6e6u75xmxt8.cloudfront.net\/5\/2017\/04\/00229208-02-683x1024.jpg\" sizes=\"auto, (max-width: 683px) 100vw, 683px\" srcset=\"https:\/\/d2p6e6u75xmxt8.cloudfront.net\/5\/2017\/04\/00229208-02-683x1024.jpg 683w, https:\/\/d2p6e6u75xmxt8.cloudfront.net\/5\/2017\/04\/00229208-02-200x300.jpg 200w, https:\/\/d2p6e6u75xmxt8.cloudfront.net\/5\/2017\/04\/00229208-02.jpg 750w\" alt=\"\" width=\"683\" height=\"1024\" \/><\/a><\/p>\n<p><a href=\"https:\/\/d2p6e6u75xmxt8.cloudfront.net\/5\/2017\/04\/00229208-01.jpg\"><img loading=\"lazy\" decoding=\"async\" class=\"alignnone size-large wp-image-3258\" src=\"https:\/\/d2p6e6u75xmxt8.cloudfront.net\/5\/2017\/04\/00229208-01-683x1024.jpg\" sizes=\"auto, (max-width: 683px) 100vw, 683px\" srcset=\"https:\/\/d2p6e6u75xmxt8.cloudfront.net\/5\/2017\/04\/00229208-01-683x1024.jpg 683w, https:\/\/d2p6e6u75xmxt8.cloudfront.net\/5\/2017\/04\/00229208-01-200x300.jpg 200w, https:\/\/d2p6e6u75xmxt8.cloudfront.net\/5\/2017\/04\/00229208-01.jpg 750w\" alt=\"\" width=\"683\" height=\"1024\" \/><\/a><\/p>\n<p><strong>Leginsy<\/strong><br \/>\nLeginsy z wyci\u0119ciami to trend poprzedniego sezonu, kt\u00f3ry chyba zostanie z nami na d\u0142u\u017cej. Leginsy nadaj\u0105 odzie\u017cy sportowej intryguj\u0105cy charakter. Widujemy je u gwiazd w sytuacjach codziennych, na przyk\u0142ad kiedy\u00a0wybieraj\u0105 si\u0119 na si\u0142owni\u0119. Rosie Huntington-Whiteley potrafi nosi\u0107 je z lekko\u015bci\u0105. Teraz no\u015b\u00a0je i ty. Boohoo.com oferuje szeroki wyb\u00f3r legins\u00f3w i stanik\u00f3w sportowych wi\u0119kszo\u015bci popularnych marek.<\/p>\n<p><a href=\"https:\/\/d2p6e6u75xmxt8.cloudfront.net\/5\/2017\/04\/c539c14c97d3c53997bfb14de03d15ec.jpg\"><img loading=\"lazy\" decoding=\"async\" class=\"alignnone size-full wp-image-3259\" src=\"https:\/\/d2p6e6u75xmxt8.cloudfront.net\/5\/2017\/04\/c539c14c97d3c53997bfb14de03d15ec.jpg\" sizes=\"auto, (max-width: 564px) 100vw, 564px\" srcset=\"https:\/\/d2p6e6u75xmxt8.cloudfront.net\/5\/2017\/04\/c539c14c97d3c53997bfb14de03d15ec.jpg 564w, https:\/\/d2p6e6u75xmxt8.cloudfront.net\/5\/2017\/04\/c539c14c97d3c53997bfb14de03d15ec-200x300.jpg 200w\" alt=\"\" width=\"564\" height=\"846\" \/><\/a><\/p>\n<p>(\u017ar\u00f3d\u0142o zdj\u0119\u0107: welovecycling.com)<\/p>\n","protected":false},"excerpt":{"rendered":"<p>Czu\u0107 wiosn\u0119 w powietrzu. Jak wie ka\u017cdy rowerzysta, jest to czas na wymian\u0119 ca\u0142ej garderoby na l\u017cejsz\u0105. Nie jest jeszcze [&hellip;]<\/p>\n","protected":false},"author":76,"featured_media":3251,"comment_status":"open","ping_status":"open","sticky":false,"template":"","format":"standard","meta":{"footnotes":""},"categories":[1],"tags":[],"global-categories":[],"class_list":["post-3250","post","type-post","status-publish","format-standard","has-post-thumbnail","hentry","category-uncategorized"],"yoast_head":"<!-- This site is optimized with the Yoast SEO Premium plugin v25.3 (Yoast SEO v25.9) - https:\/\/yoast.com\/wordpress\/plugins\/seo\/ -->\n<title>Wiosenne trendy rowerowe dla kobiet - \u0160koda We Love Cycling - Poland<\/title>\n<meta name=\"robots\" content=\"index, follow, max-snippet:-1, max-image-preview:large, max-video-preview:-1\" \/>\n<link rel=\"canonical\" href=\"https:\/\/www.welovecycling.com\/pl\/2017\/04\/07\/wiosenne-trendy-rowerowe-dla-kobiet\/\" \/>\n<meta property=\"og:locale\" content=\"pl_PL\" \/>\n<meta property=\"og:type\" content=\"article\" \/>\n<meta property=\"og:title\" content=\"Wiosenne trendy rowerowe dla kobiet\" \/>\n<meta property=\"og:description\" content=\"Czu\u0107 wiosn\u0119 w powietrzu. Jak wie ka\u017cdy rowerzysta, jest to czas na wymian\u0119 ca\u0142ej garderoby na l\u017cejsz\u0105. Nie jest jeszcze [&hellip;]\" \/>\n<meta property=\"og:url\" content=\"https:\/\/www.welovecycling.com\/pl\/2017\/04\/07\/wiosenne-trendy-rowerowe-dla-kobiet\/\" \/>\n<meta property=\"og:site_name\" content=\"\u0160koda We Love Cycling - Poland\" \/>\n<meta property=\"article:published_time\" content=\"2017-04-07T14:49:38+00:00\" \/>\n<meta property=\"article:modified_time\" content=\"2017-04-08T06:47:44+00:00\" \/>\n<meta property=\"og:image\" content=\"https:\/\/d2p6e6u75xmxt8.cloudfront.net\/5\/2017\/04\/2313232_2313132.jpg\" \/>\n\t<meta property=\"og:image:width\" content=\"1375\" \/>\n\t<meta property=\"og:image:height\" content=\"600\" \/>\n\t<meta property=\"og:image:type\" content=\"image\/jpeg\" \/>\n<meta name=\"author\" content=\"piotrboczkowski\" \/>\n<meta name=\"twitter:card\" content=\"summary_large_image\" \/>\n<meta name=\"twitter:label1\" content=\"Written by\" \/>\n\t<meta name=\"twitter:data1\" content=\"Bonnie Friend\" \/>\n\t<meta name=\"twitter:label2\" content=\"Est. reading time\" \/>\n\t<meta name=\"twitter:data2\" content=\"2 minutes\" \/>\n<script type=\"application\/ld+json\" class=\"yoast-schema-graph\">{\"@context\":\"https:\/\/schema.org\",\"@graph\":[{\"@type\":\"WebPage\",\"@id\":\"https:\/\/www.welovecycling.com\/pl\/2017\/04\/07\/wiosenne-trendy-rowerowe-dla-kobiet\/\",\"url\":\"https:\/\/www.welovecycling.com\/pl\/2017\/04\/07\/wiosenne-trendy-rowerowe-dla-kobiet\/\",\"name\":\"Wiosenne trendy rowerowe dla kobiet - \u0160koda We Love Cycling - Poland\",\"isPartOf\":{\"@id\":\"https:\/\/www.welovecycling.com\/pl\/#website\"},\"primaryImageOfPage\":{\"@id\":\"https:\/\/www.welovecycling.com\/pl\/2017\/04\/07\/wiosenne-trendy-rowerowe-dla-kobiet\/#primaryimage\"},\"image\":{\"@id\":\"https:\/\/www.welovecycling.com\/pl\/2017\/04\/07\/wiosenne-trendy-rowerowe-dla-kobiet\/#primaryimage\"},\"thumbnailUrl\":\"https:\/\/d2p6e6u75xmxt8.cloudfront.net\/5\/2017\/04\/2313232_2313132.jpg\",\"datePublished\":\"2017-04-07T14:49:38+00:00\",\"dateModified\":\"2017-04-08T06:47:44+00:00\",\"author\":{\"@id\":\"https:\/\/www.welovecycling.com\/pl\/#\/schema\/person\/0dba2d39da943db9df3fd8f4687e7f23\"},\"breadcrumb\":{\"@id\":\"https:\/\/www.welovecycling.com\/pl\/2017\/04\/07\/wiosenne-trendy-rowerowe-dla-kobiet\/#breadcrumb\"},\"inLanguage\":\"pl-PL\",\"potentialAction\":[{\"@type\":\"ReadAction\",\"target\":[\"https:\/\/www.welovecycling.com\/pl\/2017\/04\/07\/wiosenne-trendy-rowerowe-dla-kobiet\/\"]}]},{\"@type\":\"ImageObject\",\"inLanguage\":\"pl-PL\",\"@id\":\"https:\/\/www.welovecycling.com\/pl\/2017\/04\/07\/wiosenne-trendy-rowerowe-dla-kobiet\/#primaryimage\",\"url\":\"https:\/\/d2p6e6u75xmxt8.cloudfront.net\/5\/2017\/04\/2313232_2313132.jpg\",\"contentUrl\":\"https:\/\/d2p6e6u75xmxt8.cloudfront.net\/5\/2017\/04\/2313232_2313132.jpg\",\"width\":1375,\"height\":600},{\"@type\":\"BreadcrumbList\",\"@id\":\"https:\/\/www.welovecycling.com\/pl\/2017\/04\/07\/wiosenne-trendy-rowerowe-dla-kobiet\/#breadcrumb\",\"itemListElement\":[{\"@type\":\"ListItem\",\"position\":1,\"name\":\"Home\",\"item\":\"https:\/\/www.welovecycling.com\/pl\/\"},{\"@type\":\"ListItem\",\"position\":2,\"name\":\"Wiosenne trendy rowerowe dla kobiet\"}]},{\"@type\":\"WebSite\",\"@id\":\"https:\/\/www.welovecycling.com\/pl\/#website\",\"url\":\"https:\/\/www.welovecycling.com\/pl\/\",\"name\":\"\u0160koda We Love Cycling - Poland\",\"description\":\"\",\"potentialAction\":[{\"@type\":\"SearchAction\",\"target\":{\"@type\":\"EntryPoint\",\"urlTemplate\":\"https:\/\/www.welovecycling.com\/pl\/?s={search_term_string}\"},\"query-input\":{\"@type\":\"PropertyValueSpecification\",\"valueRequired\":true,\"valueName\":\"search_term_string\"}}],\"inLanguage\":\"pl-PL\"},{\"@type\":\"Person\",\"@id\":\"https:\/\/www.welovecycling.com\/pl\/#\/schema\/person\/0dba2d39da943db9df3fd8f4687e7f23\",\"name\":\"piotrboczkowski\",\"image\":{\"@type\":\"ImageObject\",\"inLanguage\":\"pl-PL\",\"@id\":\"https:\/\/www.welovecycling.com\/pl\/#\/schema\/person\/image\/\",\"url\":\"https:\/\/secure.gravatar.com\/avatar\/533caccae14752e03a2ce2d3fd62d1b98b93e1393c3195c27819e53344ca1ace?s=96&d=mm&r=g\",\"contentUrl\":\"https:\/\/secure.gravatar.com\/avatar\/533caccae14752e03a2ce2d3fd62d1b98b93e1393c3195c27819e53344ca1ace?s=96&d=mm&r=g\",\"caption\":\"piotrboczkowski\"},\"url\":\"https:\/\/www.welovecycling.com\/pl\/author\/piotrboczkowski\/\"}]}<\/script>\n<!-- \/ Yoast SEO Premium plugin. -->","yoast_head_json":{"title":"Wiosenne trendy rowerowe dla kobiet - \u0160koda We Love Cycling - Poland","robots":{"index":"index","follow":"follow","max-snippet":"max-snippet:-1","max-image-preview":"max-image-preview:large","max-video-preview":"max-video-preview:-1"},"canonical":"https:\/\/www.welovecycling.com\/pl\/2017\/04\/07\/wiosenne-trendy-rowerowe-dla-kobiet\/","og_locale":"pl_PL","og_type":"article","og_title":"Wiosenne trendy rowerowe dla kobiet","og_description":"Czu\u0107 wiosn\u0119 w powietrzu. Jak wie ka\u017cdy rowerzysta, jest to czas na wymian\u0119 ca\u0142ej garderoby na l\u017cejsz\u0105. Nie jest jeszcze [&hellip;]","og_url":"https:\/\/www.welovecycling.com\/pl\/2017\/04\/07\/wiosenne-trendy-rowerowe-dla-kobiet\/","og_site_name":"\u0160koda We Love Cycling - Poland","article_published_time":"2017-04-07T14:49:38+00:00","article_modified_time":"2017-04-08T06:47:44+00:00","og_image":[{"width":1375,"height":600,"url":"https:\/\/d2p6e6u75xmxt8.cloudfront.net\/5\/2017\/04\/2313232_2313132.jpg","type":"image\/jpeg"}],"author":"piotrboczkowski","twitter_card":"summary_large_image","twitter_misc":{"Written by":"Bonnie Friend","Est. reading time":"2 minutes"},"schema":{"@context":"https:\/\/schema.org","@graph":[{"@type":"WebPage","@id":"https:\/\/www.welovecycling.com\/pl\/2017\/04\/07\/wiosenne-trendy-rowerowe-dla-kobiet\/","url":"https:\/\/www.welovecycling.com\/pl\/2017\/04\/07\/wiosenne-trendy-rowerowe-dla-kobiet\/","name":"Wiosenne trendy rowerowe dla kobiet - \u0160koda We Love Cycling - Poland","isPartOf":{"@id":"https:\/\/www.welovecycling.com\/pl\/#website"},"primaryImageOfPage":{"@id":"https:\/\/www.welovecycling.com\/pl\/2017\/04\/07\/wiosenne-trendy-rowerowe-dla-kobiet\/#primaryimage"},"image":{"@id":"https:\/\/www.welovecycling.com\/pl\/2017\/04\/07\/wiosenne-trendy-rowerowe-dla-kobiet\/#primaryimage"},"thumbnailUrl":"https:\/\/d2p6e6u75xmxt8.cloudfront.net\/5\/2017\/04\/2313232_2313132.jpg","datePublished":"2017-04-07T14:49:38+00:00","dateModified":"2017-04-08T06:47:44+00:00","author":{"@id":"https:\/\/www.welovecycling.com\/pl\/#\/schema\/person\/0dba2d39da943db9df3fd8f4687e7f23"},"breadcrumb":{"@id":"https:\/\/www.welovecycling.com\/pl\/2017\/04\/07\/wiosenne-trendy-rowerowe-dla-kobiet\/#breadcrumb"},"inLanguage":"pl-PL","potentialAction":[{"@type":"ReadAction","target":["https:\/\/www.welovecycling.com\/pl\/2017\/04\/07\/wiosenne-trendy-rowerowe-dla-kobiet\/"]}]},{"@type":"ImageObject","inLanguage":"pl-PL","@id":"https:\/\/www.welovecycling.com\/pl\/2017\/04\/07\/wiosenne-trendy-rowerowe-dla-kobiet\/#primaryimage","url":"https:\/\/d2p6e6u75xmxt8.cloudfront.net\/5\/2017\/04\/2313232_2313132.jpg","contentUrl":"https:\/\/d2p6e6u75xmxt8.cloudfront.net\/5\/2017\/04\/2313232_2313132.jpg","width":1375,"height":600},{"@type":"BreadcrumbList","@id":"https:\/\/www.welovecycling.com\/pl\/2017\/04\/07\/wiosenne-trendy-rowerowe-dla-kobiet\/#breadcrumb","itemListElement":[{"@type":"ListItem","position":1,"name":"Home","item":"https:\/\/www.welovecycling.com\/pl\/"},{"@type":"ListItem","position":2,"name":"Wiosenne trendy rowerowe dla kobiet"}]},{"@type":"WebSite","@id":"https:\/\/www.welovecycling.com\/pl\/#website","url":"https:\/\/www.welovecycling.com\/pl\/","name":"\u0160koda We Love Cycling - Poland","description":"","potentialAction":[{"@type":"SearchAction","target":{"@type":"EntryPoint","urlTemplate":"https:\/\/www.welovecycling.com\/pl\/?s={search_term_string}"},"query-input":{"@type":"PropertyValueSpecification","valueRequired":true,"valueName":"search_term_string"}}],"inLanguage":"pl-PL"},{"@type":"Person","@id":"https:\/\/www.welovecycling.com\/pl\/#\/schema\/person\/0dba2d39da943db9df3fd8f4687e7f23","name":"piotrboczkowski","image":{"@type":"ImageObject","inLanguage":"pl-PL","@id":"https:\/\/www.welovecycling.com\/pl\/#\/schema\/person\/image\/","url":"https:\/\/secure.gravatar.com\/avatar\/533caccae14752e03a2ce2d3fd62d1b98b93e1393c3195c27819e53344ca1ace?s=96&d=mm&r=g","contentUrl":"https:\/\/secure.gravatar.com\/avatar\/533caccae14752e03a2ce2d3fd62d1b98b93e1393c3195c27819e53344ca1ace?s=96&d=mm&r=g","caption":"piotrboczkowski"},"url":"https:\/\/www.welovecycling.com\/pl\/author\/piotrboczkowski\/"}]}},"_links":{"self":[{"href":"https:\/\/www.welovecycling.com\/pl\/wp-json\/wp\/v2\/posts\/3250","targetHints":{"allow":["GET"]}}],"collection":[{"href":"https:\/\/www.welovecycling.com\/pl\/wp-json\/wp\/v2\/posts"}],"about":[{"href":"https:\/\/www.welovecycling.com\/pl\/wp-json\/wp\/v2\/types\/post"}],"author":[{"embeddable":true,"href":"https:\/\/www.welovecycling.com\/pl\/wp-json\/wp\/v2\/users\/76"}],"replies":[{"embeddable":true,"href":"https:\/\/www.welovecycling.com\/pl\/wp-json\/wp\/v2\/comments?post=3250"}],"version-history":[{"count":2,"href":"https:\/\/www.welovecycling.com\/pl\/wp-json\/wp\/v2\/posts\/3250\/revisions"}],"predecessor-version":[{"id":3268,"href":"https:\/\/www.welovecycling.com\/pl\/wp-json\/wp\/v2\/posts\/3250\/revisions\/3268"}],"wp:featuredmedia":[{"embeddable":true,"href":"https:\/\/www.welovecycling.com\/pl\/wp-json\/wp\/v2\/media\/3251"}],"wp:attachment":[{"href":"https:\/\/www.welovecycling.com\/pl\/wp-json\/wp\/v2\/media?parent=3250"}],"wp:term":[{"taxonomy":"category","embeddable":true,"href":"https:\/\/www.welovecycling.com\/pl\/wp-json\/wp\/v2\/categories?post=3250"},{"taxonomy":"post_tag","embeddable":true,"href":"https:\/\/www.welovecycling.com\/pl\/wp-json\/wp\/v2\/tags?post=3250"},{"taxonomy":"global-categories","embeddable":true,"href":"https:\/\/www.welovecycling.com\/pl\/wp-json\/wp\/v2\/global-categories?post=3250"}],"curies":[{"name":"wp","href":"https:\/\/api.w.org\/{rel}","templated":true}]}}