{"id":3241,"date":"2017-04-06T20:28:38","date_gmt":"2017-04-06T20:28:38","guid":{"rendered":"https:\/\/www.welovecycling.com\/pl\/?p=3241"},"modified":"2017-09-05T11:34:25","modified_gmt":"2017-09-05T11:34:25","slug":"bartosz-huzarski-skomponowac-stroj-kolarski-cz-ii","status":"publish","type":"post","link":"https:\/\/www.welovecycling.com\/pl\/2017\/04\/06\/bartosz-huzarski-skomponowac-stroj-kolarski-cz-ii\/","title":{"rendered":"Bartosz Huzarski: jak skomponowa\u0107 str\u00f3j kolarski? Cz. II"},"content":{"rendered":"<p>Przed Wami druga cz\u0119\u015b\u0107 filmiku o stroju kolarskim na ka\u017cd\u0105 pogod\u0119.<\/p>\n<p>Bartosz Huzarski radzi, jak ubra\u0107 si\u0119 w ch\u0142odniejsze dni lub gdy wieje silny wiatr. Jakie skarpetki wybra\u0107 na trening? Jak chroni\u0107 d\u0142onie przed zimnem? Co zak\u0142ada\u0107 pod kask? Jak chroni\u0107 si\u0119 przed kurzem i py\u0142em w czasie jazdy? Tego wszystkiego dowiecie si\u0119 w dzisiejszym odcinku.<\/p>\n<p>&nbsp;<br \/>\n<iframe loading=\"lazy\" src=\"https:\/\/www.youtube-nocookie.com\/embed\/O-i1QBkVox0?ecver=1\" width=\"780\" height=\"480\" frameborder=\"0\" allowfullscreen=\"allowfullscreen\"><\/iframe><\/p>\n","protected":false},"excerpt":{"rendered":"<p>Przed Wami druga cz\u0119\u015b\u0107 filmiku o stroju kolarskim na ka\u017cd\u0105 pogod\u0119. Bartosz Huzarski radzi, jak ubra\u0107 si\u0119 w ch\u0142odniejsze dni [&hellip;]<\/p>\n","protected":false},"author":76,"featured_media":3242,"comment_status":"open","ping_status":"open","sticky":false,"template":"","format":"video","meta":{"footnotes":""},"categories":[203],"tags":[108,119],"global-categories":[],"class_list":["post-3241","post","type-post","status-publish","format-video","has-post-thumbnail","hentry","category-bartosz-huzarski","tag-bartosz-huzarski","tag-stroj-kolarski","post_format-post-format-video"],"yoast_head":"<!-- This site is optimized with the Yoast SEO Premium plugin v25.3 (Yoast SEO v25.9) - https:\/\/yoast.com\/wordpress\/plugins\/seo\/ -->\n<title>Bartosz Huzarski: jak skomponowa\u0107 str\u00f3j kolarski? Cz. II - \u0160koda We Love Cycling - Poland<\/title>\n<meta name=\"robots\" content=\"index, follow, max-snippet:-1, max-image-preview:large, max-video-preview:-1\" \/>\n<link rel=\"canonical\" href=\"https:\/\/www.welovecycling.com\/pl\/2017\/04\/06\/bartosz-huzarski-skomponowac-stroj-kolarski-cz-ii\/\" \/>\n<meta property=\"og:locale\" content=\"pl_PL\" \/>\n<meta property=\"og:type\" content=\"article\" \/>\n<meta property=\"og:title\" content=\"Bartosz Huzarski: jak skomponowa\u0107 str\u00f3j kolarski? Cz. II\" \/>\n<meta property=\"og:description\" content=\"Przed Wami druga cz\u0119\u015b\u0107 filmiku o stroju kolarskim na ka\u017cd\u0105 pogod\u0119. Bartosz Huzarski radzi, jak ubra\u0107 si\u0119 w ch\u0142odniejsze dni [&hellip;]\" \/>\n<meta property=\"og:url\" content=\"https:\/\/www.welovecycling.com\/pl\/2017\/04\/06\/bartosz-huzarski-skomponowac-stroj-kolarski-cz-ii\/\" \/>\n<meta property=\"og:site_name\" content=\"\u0160koda We Love Cycling - Poland\" \/>\n<meta property=\"article:published_time\" content=\"2017-04-06T20:28:38+00:00\" \/>\n<meta property=\"article:modified_time\" content=\"2017-09-05T11:34:25+00:00\" \/>\n<meta property=\"og:image\" content=\"https:\/\/d2p6e6u75xmxt8.cloudfront.net\/5\/2017\/04\/huzarski.jpg\" \/>\n\t<meta property=\"og:image:width\" content=\"1920\" \/>\n\t<meta property=\"og:image:height\" content=\"1280\" \/>\n\t<meta property=\"og:image:type\" content=\"image\/jpeg\" \/>\n<meta name=\"author\" content=\"piotrboczkowski\" \/>\n<meta name=\"twitter:card\" content=\"summary_large_image\" \/>\n<meta name=\"twitter:label1\" content=\"Written by\" \/>\n\t<meta name=\"twitter:data1\" content=\"WeLoveCycling\" \/>\n<script type=\"application\/ld+json\" class=\"yoast-schema-graph\">{\"@context\":\"https:\/\/schema.org\",\"@graph\":[{\"@type\":\"WebPage\",\"@id\":\"https:\/\/www.welovecycling.com\/pl\/2017\/04\/06\/bartosz-huzarski-skomponowac-stroj-kolarski-cz-ii\/\",\"url\":\"https:\/\/www.welovecycling.com\/pl\/2017\/04\/06\/bartosz-huzarski-skomponowac-stroj-kolarski-cz-ii\/\",\"name\":\"Bartosz Huzarski: jak skomponowa\u0107 str\u00f3j kolarski? Cz. II - \u0160koda We Love Cycling - Poland\",\"isPartOf\":{\"@id\":\"https:\/\/www.welovecycling.com\/pl\/#website\"},\"primaryImageOfPage\":{\"@id\":\"https:\/\/www.welovecycling.com\/pl\/2017\/04\/06\/bartosz-huzarski-skomponowac-stroj-kolarski-cz-ii\/#primaryimage\"},\"image\":{\"@id\":\"https:\/\/www.welovecycling.com\/pl\/2017\/04\/06\/bartosz-huzarski-skomponowac-stroj-kolarski-cz-ii\/#primaryimage\"},\"thumbnailUrl\":\"https:\/\/d2p6e6u75xmxt8.cloudfront.net\/5\/2017\/04\/huzarski.jpg\",\"datePublished\":\"2017-04-06T20:28:38+00:00\",\"dateModified\":\"2017-09-05T11:34:25+00:00\",\"author\":{\"@id\":\"https:\/\/www.welovecycling.com\/pl\/#\/schema\/person\/0dba2d39da943db9df3fd8f4687e7f23\"},\"breadcrumb\":{\"@id\":\"https:\/\/www.welovecycling.com\/pl\/2017\/04\/06\/bartosz-huzarski-skomponowac-stroj-kolarski-cz-ii\/#breadcrumb\"},\"inLanguage\":\"pl-PL\",\"potentialAction\":[{\"@type\":\"ReadAction\",\"target\":[\"https:\/\/www.welovecycling.com\/pl\/2017\/04\/06\/bartosz-huzarski-skomponowac-stroj-kolarski-cz-ii\/\"]}]},{\"@type\":\"ImageObject\",\"inLanguage\":\"pl-PL\",\"@id\":\"https:\/\/www.welovecycling.com\/pl\/2017\/04\/06\/bartosz-huzarski-skomponowac-stroj-kolarski-cz-ii\/#primaryimage\",\"url\":\"https:\/\/d2p6e6u75xmxt8.cloudfront.net\/5\/2017\/04\/huzarski.jpg\",\"contentUrl\":\"https:\/\/d2p6e6u75xmxt8.cloudfront.net\/5\/2017\/04\/huzarski.jpg\",\"width\":1920,\"height\":1280},{\"@type\":\"BreadcrumbList\",\"@id\":\"https:\/\/www.welovecycling.com\/pl\/2017\/04\/06\/bartosz-huzarski-skomponowac-stroj-kolarski-cz-ii\/#breadcrumb\",\"itemListElement\":[{\"@type\":\"ListItem\",\"position\":1,\"name\":\"Home\",\"item\":\"https:\/\/www.welovecycling.com\/pl\/\"},{\"@type\":\"ListItem\",\"position\":2,\"name\":\"Bartosz Huzarski: jak skomponowa\u0107 str\u00f3j kolarski? Cz. II\"}]},{\"@type\":\"WebSite\",\"@id\":\"https:\/\/www.welovecycling.com\/pl\/#website\",\"url\":\"https:\/\/www.welovecycling.com\/pl\/\",\"name\":\"\u0160koda We Love Cycling - Poland\",\"description\":\"\",\"potentialAction\":[{\"@type\":\"SearchAction\",\"target\":{\"@type\":\"EntryPoint\",\"urlTemplate\":\"https:\/\/www.welovecycling.com\/pl\/?s={search_term_string}\"},\"query-input\":{\"@type\":\"PropertyValueSpecification\",\"valueRequired\":true,\"valueName\":\"search_term_string\"}}],\"inLanguage\":\"pl-PL\"},{\"@type\":\"Person\",\"@id\":\"https:\/\/www.welovecycling.com\/pl\/#\/schema\/person\/0dba2d39da943db9df3fd8f4687e7f23\",\"name\":\"piotrboczkowski\",\"image\":{\"@type\":\"ImageObject\",\"inLanguage\":\"pl-PL\",\"@id\":\"https:\/\/www.welovecycling.com\/pl\/#\/schema\/person\/image\/\",\"url\":\"https:\/\/secure.gravatar.com\/avatar\/533caccae14752e03a2ce2d3fd62d1b98b93e1393c3195c27819e53344ca1ace?s=96&d=mm&r=g\",\"contentUrl\":\"https:\/\/secure.gravatar.com\/avatar\/533caccae14752e03a2ce2d3fd62d1b98b93e1393c3195c27819e53344ca1ace?s=96&d=mm&r=g\",\"caption\":\"piotrboczkowski\"},\"url\":\"https:\/\/www.welovecycling.com\/pl\/author\/piotrboczkowski\/\"}]}<\/script>\n<!-- \/ Yoast SEO Premium plugin. -->","yoast_head_json":{"title":"Bartosz Huzarski: jak skomponowa\u0107 str\u00f3j kolarski? Cz. II - \u0160koda We Love Cycling - Poland","robots":{"index":"index","follow":"follow","max-snippet":"max-snippet:-1","max-image-preview":"max-image-preview:large","max-video-preview":"max-video-preview:-1"},"canonical":"https:\/\/www.welovecycling.com\/pl\/2017\/04\/06\/bartosz-huzarski-skomponowac-stroj-kolarski-cz-ii\/","og_locale":"pl_PL","og_type":"article","og_title":"Bartosz Huzarski: jak skomponowa\u0107 str\u00f3j kolarski? Cz. II","og_description":"Przed Wami druga cz\u0119\u015b\u0107 filmiku o stroju kolarskim na ka\u017cd\u0105 pogod\u0119. Bartosz Huzarski radzi, jak ubra\u0107 si\u0119 w ch\u0142odniejsze dni [&hellip;]","og_url":"https:\/\/www.welovecycling.com\/pl\/2017\/04\/06\/bartosz-huzarski-skomponowac-stroj-kolarski-cz-ii\/","og_site_name":"\u0160koda We Love Cycling - Poland","article_published_time":"2017-04-06T20:28:38+00:00","article_modified_time":"2017-09-05T11:34:25+00:00","og_image":[{"width":1920,"height":1280,"url":"https:\/\/d2p6e6u75xmxt8.cloudfront.net\/5\/2017\/04\/huzarski.jpg","type":"image\/jpeg"}],"author":"piotrboczkowski","twitter_card":"summary_large_image","twitter_misc":{"Written by":"WeLoveCycling"},"schema":{"@context":"https:\/\/schema.org","@graph":[{"@type":"WebPage","@id":"https:\/\/www.welovecycling.com\/pl\/2017\/04\/06\/bartosz-huzarski-skomponowac-stroj-kolarski-cz-ii\/","url":"https:\/\/www.welovecycling.com\/pl\/2017\/04\/06\/bartosz-huzarski-skomponowac-stroj-kolarski-cz-ii\/","name":"Bartosz Huzarski: jak skomponowa\u0107 str\u00f3j kolarski? Cz. II - \u0160koda We Love Cycling - Poland","isPartOf":{"@id":"https:\/\/www.welovecycling.com\/pl\/#website"},"primaryImageOfPage":{"@id":"https:\/\/www.welovecycling.com\/pl\/2017\/04\/06\/bartosz-huzarski-skomponowac-stroj-kolarski-cz-ii\/#primaryimage"},"image":{"@id":"https:\/\/www.welovecycling.com\/pl\/2017\/04\/06\/bartosz-huzarski-skomponowac-stroj-kolarski-cz-ii\/#primaryimage"},"thumbnailUrl":"https:\/\/d2p6e6u75xmxt8.cloudfront.net\/5\/2017\/04\/huzarski.jpg","datePublished":"2017-04-06T20:28:38+00:00","dateModified":"2017-09-05T11:34:25+00:00","author":{"@id":"https:\/\/www.welovecycling.com\/pl\/#\/schema\/person\/0dba2d39da943db9df3fd8f4687e7f23"},"breadcrumb":{"@id":"https:\/\/www.welovecycling.com\/pl\/2017\/04\/06\/bartosz-huzarski-skomponowac-stroj-kolarski-cz-ii\/#breadcrumb"},"inLanguage":"pl-PL","potentialAction":[{"@type":"ReadAction","target":["https:\/\/www.welovecycling.com\/pl\/2017\/04\/06\/bartosz-huzarski-skomponowac-stroj-kolarski-cz-ii\/"]}]},{"@type":"ImageObject","inLanguage":"pl-PL","@id":"https:\/\/www.welovecycling.com\/pl\/2017\/04\/06\/bartosz-huzarski-skomponowac-stroj-kolarski-cz-ii\/#primaryimage","url":"https:\/\/d2p6e6u75xmxt8.cloudfront.net\/5\/2017\/04\/huzarski.jpg","contentUrl":"https:\/\/d2p6e6u75xmxt8.cloudfront.net\/5\/2017\/04\/huzarski.jpg","width":1920,"height":1280},{"@type":"BreadcrumbList","@id":"https:\/\/www.welovecycling.com\/pl\/2017\/04\/06\/bartosz-huzarski-skomponowac-stroj-kolarski-cz-ii\/#breadcrumb","itemListElement":[{"@type":"ListItem","position":1,"name":"Home","item":"https:\/\/www.welovecycling.com\/pl\/"},{"@type":"ListItem","position":2,"name":"Bartosz Huzarski: jak skomponowa\u0107 str\u00f3j kolarski? Cz. II"}]},{"@type":"WebSite","@id":"https:\/\/www.welovecycling.com\/pl\/#website","url":"https:\/\/www.welovecycling.com\/pl\/","name":"\u0160koda We Love Cycling - Poland","description":"","potentialAction":[{"@type":"SearchAction","target":{"@type":"EntryPoint","urlTemplate":"https:\/\/www.welovecycling.com\/pl\/?s={search_term_string}"},"query-input":{"@type":"PropertyValueSpecification","valueRequired":true,"valueName":"search_term_string"}}],"inLanguage":"pl-PL"},{"@type":"Person","@id":"https:\/\/www.welovecycling.com\/pl\/#\/schema\/person\/0dba2d39da943db9df3fd8f4687e7f23","name":"piotrboczkowski","image":{"@type":"ImageObject","inLanguage":"pl-PL","@id":"https:\/\/www.welovecycling.com\/pl\/#\/schema\/person\/image\/","url":"https:\/\/secure.gravatar.com\/avatar\/533caccae14752e03a2ce2d3fd62d1b98b93e1393c3195c27819e53344ca1ace?s=96&d=mm&r=g","contentUrl":"https:\/\/secure.gravatar.com\/avatar\/533caccae14752e03a2ce2d3fd62d1b98b93e1393c3195c27819e53344ca1ace?s=96&d=mm&r=g","caption":"piotrboczkowski"},"url":"https:\/\/www.welovecycling.com\/pl\/author\/piotrboczkowski\/"}]}},"_links":{"self":[{"href":"https:\/\/www.welovecycling.com\/pl\/wp-json\/wp\/v2\/posts\/3241","targetHints":{"allow":["GET"]}}],"collection":[{"href":"https:\/\/www.welovecycling.com\/pl\/wp-json\/wp\/v2\/posts"}],"about":[{"href":"https:\/\/www.welovecycling.com\/pl\/wp-json\/wp\/v2\/types\/post"}],"author":[{"embeddable":true,"href":"https:\/\/www.welovecycling.com\/pl\/wp-json\/wp\/v2\/users\/76"}],"replies":[{"embeddable":true,"href":"https:\/\/www.welovecycling.com\/pl\/wp-json\/wp\/v2\/comments?post=3241"}],"version-history":[{"count":2,"href":"https:\/\/www.welovecycling.com\/pl\/wp-json\/wp\/v2\/posts\/3241\/revisions"}],"predecessor-version":[{"id":3247,"href":"https:\/\/www.welovecycling.com\/pl\/wp-json\/wp\/v2\/posts\/3241\/revisions\/3247"}],"wp:featuredmedia":[{"embeddable":true,"href":"https:\/\/www.welovecycling.com\/pl\/wp-json\/wp\/v2\/media\/3242"}],"wp:attachment":[{"href":"https:\/\/www.welovecycling.com\/pl\/wp-json\/wp\/v2\/media?parent=3241"}],"wp:term":[{"taxonomy":"category","embeddable":true,"href":"https:\/\/www.welovecycling.com\/pl\/wp-json\/wp\/v2\/categories?post=3241"},{"taxonomy":"post_tag","embeddable":true,"href":"https:\/\/www.welovecycling.com\/pl\/wp-json\/wp\/v2\/tags?post=3241"},{"taxonomy":"global-categories","embeddable":true,"href":"https:\/\/www.welovecycling.com\/pl\/wp-json\/wp\/v2\/global-categories?post=3241"}],"curies":[{"name":"wp","href":"https:\/\/api.w.org\/{rel}","templated":true}]}}