{"id":3139,"date":"2017-03-23T15:34:50","date_gmt":"2017-03-23T15:34:50","guid":{"rendered":"https:\/\/www.welovecycling.com\/pl\/?p=3139"},"modified":"2017-04-08T17:24:16","modified_gmt":"2017-04-08T17:24:16","slug":"czas-historie-straszne-smieszne-historie-kradziezy-rowerow-internet","status":"publish","type":"post","link":"https:\/\/www.welovecycling.com\/pl\/2017\/03\/23\/czas-historie-straszne-smieszne-historie-kradziezy-rowerow-internet\/","title":{"rendered":"Czas na histori\u0119: Straszne i \u015bmieszne historie z kradzie\u017cy rower\u00f3w.  Internet"},"content":{"rendered":"<p><strong>Pami\u0119tasz Europejskie Mistrzostwa w Kradzie\u017cy Rower\u00f3w 2015? Ten wspania\u0142y moment, kiedy z\u0142odzieje \u0142apali si\u0119 na nasz pi\u0119kny, specjalistyczny rower-przyn\u0119t\u0119, a my nagrywali\u015bmy ich zdziwione miny pod ka\u017cdym k\u0105tem w rozdzielczo\u015bci 4K? By\u0142o to zabawne do\u015bwiadczenie dla wszystkich, poza z\u0142odziejem. Ale w rzeczywisto\u015bci rzecz si\u0119 ma zupe\u0142nie odwrotnie. Je\u015bli uda ci si\u0119 zdoby\u0107 s\u0142abej jako\u015bci nagranie z kamery monitoringu, mo\u017cesz uwa\u017ca\u0107 si\u0119 za szcz\u0119\u015bciarza, poniewa\u017c wi\u0119kszo\u015bci z nas nie uda si\u0119 nigdy zebra\u0107 \u017cadnych dowod\u00f3w. Jedyne, co nam pozostaje, to puste miejsce i cz\u0119sto niekompletne zapi\u0119cie w miejscu, w kt\u00f3rym sta\u0142 nasz rower. <\/strong><br \/>\n<!--more--><\/p>\n<p>Ze wzgl\u0119du na coraz cz\u0119stsze przypadki kradzie\u017cy rower\u00f3w mistrzostwa temu po\u015bwi\u0119cone zwr\u00f3ci\u0142y uwag\u0119 wielu os\u00f3b. Zar\u00f3wno projekt, jak i nagranie video sta\u0142y si\u0119 punktem wyj\u015bcia licznych historii na Facebooku i YouTubie. My r\u00f3wnie\u017c przeszukali\u015bmy sie\u0107 pod k\u0105tem osobistych do\u015bwiadcze\u0144 u\u017cytkownik\u00f3w. Mamy nadziej\u0119, \u017ce zainteresuje was poni\u017csza kompilacja.<\/p>\n<p>&nbsp;<\/p>\n<p><a href=\"https:\/\/d2p6e6u75xmxt8.cloudfront.net\/5\/2017\/03\/8.png\"><img loading=\"lazy\" decoding=\"async\" class=\"alignnone size-full wp-image-3141\" src=\"https:\/\/d2p6e6u75xmxt8.cloudfront.net\/5\/2017\/03\/8.png\" alt=\"\" width=\"473\" height=\"82\" srcset=\"https:\/\/d2p6e6u75xmxt8.cloudfront.net\/5\/2017\/03\/8.png 473w, https:\/\/d2p6e6u75xmxt8.cloudfront.net\/5\/2017\/03\/8-300x52.png 300w\" sizes=\"auto, (max-width: 473px) 100vw, 473px\" \/><\/a><\/p>\n<p>&nbsp;<\/p>\n<p><a href=\"https:\/\/d2p6e6u75xmxt8.cloudfront.net\/5\/2017\/03\/5.png\"><img loading=\"lazy\" decoding=\"async\" class=\"alignnone size-full wp-image-3142\" src=\"https:\/\/d2p6e6u75xmxt8.cloudfront.net\/5\/2017\/03\/5.png\" alt=\"\" width=\"619\" height=\"182\" srcset=\"https:\/\/d2p6e6u75xmxt8.cloudfront.net\/5\/2017\/03\/5.png 619w, https:\/\/d2p6e6u75xmxt8.cloudfront.net\/5\/2017\/03\/5-300x88.png 300w\" sizes=\"auto, (max-width: 619px) 100vw, 619px\" \/><\/a><\/p>\n<p><a href=\"https:\/\/d2p6e6u75xmxt8.cloudfront.net\/5\/2017\/03\/4.png\"><img loading=\"lazy\" decoding=\"async\" class=\"alignnone size-full wp-image-3143\" src=\"https:\/\/d2p6e6u75xmxt8.cloudfront.net\/5\/2017\/03\/4.png\" alt=\"\" width=\"481\" height=\"139\" srcset=\"https:\/\/d2p6e6u75xmxt8.cloudfront.net\/5\/2017\/03\/4.png 481w, https:\/\/d2p6e6u75xmxt8.cloudfront.net\/5\/2017\/03\/4-300x87.png 300w\" sizes=\"auto, (max-width: 481px) 100vw, 481px\" \/><\/a><\/p>\n<p><a href=\"https:\/\/d2p6e6u75xmxt8.cloudfront.net\/5\/2017\/03\/3.png\"><img loading=\"lazy\" decoding=\"async\" class=\"alignnone size-full wp-image-3145\" src=\"https:\/\/d2p6e6u75xmxt8.cloudfront.net\/5\/2017\/03\/3.png\" alt=\"\" width=\"481\" height=\"171\" srcset=\"https:\/\/d2p6e6u75xmxt8.cloudfront.net\/5\/2017\/03\/3.png 481w, https:\/\/d2p6e6u75xmxt8.cloudfront.net\/5\/2017\/03\/3-300x107.png 300w\" sizes=\"auto, (max-width: 481px) 100vw, 481px\" \/><\/a><\/p>\n<p><a href=\"https:\/\/d2p6e6u75xmxt8.cloudfront.net\/5\/2017\/03\/2.png\"><img loading=\"lazy\" decoding=\"async\" class=\"alignnone size-full wp-image-3144\" src=\"https:\/\/d2p6e6u75xmxt8.cloudfront.net\/5\/2017\/03\/2.png\" alt=\"\" width=\"731\" height=\"133\" srcset=\"https:\/\/d2p6e6u75xmxt8.cloudfront.net\/5\/2017\/03\/2.png 731w, https:\/\/d2p6e6u75xmxt8.cloudfront.net\/5\/2017\/03\/2-300x55.png 300w\" sizes=\"auto, (max-width: 731px) 100vw, 731px\" \/><\/a><\/p>\n<p>&nbsp;<\/p>\n<p><a href=\"https:\/\/d2p6e6u75xmxt8.cloudfront.net\/5\/2017\/03\/1-3.jpg\"><img loading=\"lazy\" decoding=\"async\" class=\"alignnone size-large wp-image-3147\" src=\"https:\/\/d2p6e6u75xmxt8.cloudfront.net\/5\/2017\/03\/1-3.jpg\" alt=\"\" width=\"465\" height=\"373\" srcset=\"https:\/\/d2p6e6u75xmxt8.cloudfront.net\/5\/2017\/03\/1-3.jpg 465w, https:\/\/d2p6e6u75xmxt8.cloudfront.net\/5\/2017\/03\/1-3-300x241.jpg 300w\" sizes=\"auto, (max-width: 465px) 100vw, 465px\" \/><\/a><\/p>\n<p><a href=\"https:\/\/d2p6e6u75xmxt8.cloudfront.net\/5\/2017\/03\/unnamed32332-1.jpg\"><img loading=\"lazy\" decoding=\"async\" class=\"alignnone size-full wp-image-3148\" src=\"https:\/\/d2p6e6u75xmxt8.cloudfront.net\/5\/2017\/03\/unnamed32332-1.jpg\" alt=\"\" width=\"797\" height=\"65\" srcset=\"https:\/\/d2p6e6u75xmxt8.cloudfront.net\/5\/2017\/03\/unnamed32332-1.jpg 797w, https:\/\/d2p6e6u75xmxt8.cloudfront.net\/5\/2017\/03\/unnamed32332-1-300x24.jpg 300w, https:\/\/d2p6e6u75xmxt8.cloudfront.net\/5\/2017\/03\/unnamed32332-1-768x63.jpg 768w\" sizes=\"auto, (max-width: 797px) 100vw, 797px\" \/><\/a><\/p>\n","protected":false},"excerpt":{"rendered":"<p>Pami\u0119tasz Europejskie Mistrzostwa w Kradzie\u017cy Rower\u00f3w 2015? Ten wspania\u0142y moment, kiedy z\u0142odzieje \u0142apali si\u0119 na nasz pi\u0119kny, specjalistyczny rower-przyn\u0119t\u0119, a [&hellip;]<\/p>\n","protected":false},"author":1,"featured_media":3149,"comment_status":"open","ping_status":"open","sticky":false,"template":"","format":"standard","meta":{"footnotes":""},"categories":[7],"tags":[100,86,41,96,62],"global-categories":[],"class_list":["post-3139","post","type-post","status-publish","format-standard","has-post-thumbnail","hentry","category-bezpieczenstwo","tag-bike-unfriendly","tag-ciekawostki","tag-cycling","tag-jazda-miejska","tag-porady"],"yoast_head":"<!-- This site is optimized with the Yoast SEO Premium plugin v25.3 (Yoast SEO v25.9) - https:\/\/yoast.com\/wordpress\/plugins\/seo\/ -->\n<title>Czas na histori\u0119: Straszne i \u015bmieszne historie z kradzie\u017cy rower\u00f3w. Internet - \u0160koda We Love Cycling - Poland<\/title>\n<meta name=\"robots\" content=\"index, follow, max-snippet:-1, max-image-preview:large, max-video-preview:-1\" \/>\n<link rel=\"canonical\" href=\"https:\/\/www.welovecycling.com\/pl\/2017\/03\/23\/czas-historie-straszne-smieszne-historie-kradziezy-rowerow-internet\/\" \/>\n<meta property=\"og:locale\" content=\"pl_PL\" \/>\n<meta property=\"og:type\" content=\"article\" \/>\n<meta property=\"og:title\" content=\"Czas na histori\u0119: Straszne i \u015bmieszne historie z kradzie\u017cy rower\u00f3w. Internet\" \/>\n<meta property=\"og:description\" content=\"Pami\u0119tasz Europejskie Mistrzostwa w Kradzie\u017cy Rower\u00f3w 2015? Ten wspania\u0142y moment, kiedy z\u0142odzieje \u0142apali si\u0119 na nasz pi\u0119kny, specjalistyczny rower-przyn\u0119t\u0119, a [&hellip;]\" \/>\n<meta property=\"og:url\" content=\"https:\/\/www.welovecycling.com\/pl\/2017\/03\/23\/czas-historie-straszne-smieszne-historie-kradziezy-rowerow-internet\/\" \/>\n<meta property=\"og:site_name\" content=\"\u0160koda We Love Cycling - Poland\" \/>\n<meta property=\"article:published_time\" content=\"2017-03-23T15:34:50+00:00\" \/>\n<meta property=\"article:modified_time\" content=\"2017-04-08T17:24:16+00:00\" \/>\n<meta property=\"og:image\" content=\"https:\/\/d2p6e6u75xmxt8.cloudfront.net\/5\/2017\/03\/2242434_2422442-1024x447.jpg\" \/>\n\t<meta property=\"og:image:width\" content=\"1024\" \/>\n\t<meta property=\"og:image:height\" content=\"447\" \/>\n\t<meta property=\"og:image:type\" content=\"image\/jpeg\" \/>\n<meta name=\"author\" content=\"WeLoveCycling\" \/>\n<meta name=\"twitter:card\" content=\"summary_large_image\" \/>\n<meta name=\"twitter:label1\" content=\"Written by\" \/>\n\t<meta name=\"twitter:data1\" content=\"WeLoveCycling\" \/>\n\t<meta name=\"twitter:label2\" content=\"Est. reading time\" \/>\n\t<meta name=\"twitter:data2\" content=\"1 minute\" \/>\n<script type=\"application\/ld+json\" class=\"yoast-schema-graph\">{\"@context\":\"https:\/\/schema.org\",\"@graph\":[{\"@type\":\"WebPage\",\"@id\":\"https:\/\/www.welovecycling.com\/pl\/2017\/03\/23\/czas-historie-straszne-smieszne-historie-kradziezy-rowerow-internet\/\",\"url\":\"https:\/\/www.welovecycling.com\/pl\/2017\/03\/23\/czas-historie-straszne-smieszne-historie-kradziezy-rowerow-internet\/\",\"name\":\"Czas na histori\u0119: Straszne i \u015bmieszne historie z kradzie\u017cy rower\u00f3w. Internet - \u0160koda We Love Cycling - Poland\",\"isPartOf\":{\"@id\":\"https:\/\/www.welovecycling.com\/pl\/#website\"},\"primaryImageOfPage\":{\"@id\":\"https:\/\/www.welovecycling.com\/pl\/2017\/03\/23\/czas-historie-straszne-smieszne-historie-kradziezy-rowerow-internet\/#primaryimage\"},\"image\":{\"@id\":\"https:\/\/www.welovecycling.com\/pl\/2017\/03\/23\/czas-historie-straszne-smieszne-historie-kradziezy-rowerow-internet\/#primaryimage\"},\"thumbnailUrl\":\"https:\/\/d2p6e6u75xmxt8.cloudfront.net\/5\/2017\/03\/2242434_2422442-1024x447.jpg\",\"datePublished\":\"2017-03-23T15:34:50+00:00\",\"dateModified\":\"2017-04-08T17:24:16+00:00\",\"author\":{\"@id\":\"https:\/\/www.welovecycling.com\/pl\/#\/schema\/person\/e5187c9cac8dd619ebc7b41bd73c2fd9\"},\"breadcrumb\":{\"@id\":\"https:\/\/www.welovecycling.com\/pl\/2017\/03\/23\/czas-historie-straszne-smieszne-historie-kradziezy-rowerow-internet\/#breadcrumb\"},\"inLanguage\":\"pl-PL\",\"potentialAction\":[{\"@type\":\"ReadAction\",\"target\":[\"https:\/\/www.welovecycling.com\/pl\/2017\/03\/23\/czas-historie-straszne-smieszne-historie-kradziezy-rowerow-internet\/\"]}]},{\"@type\":\"ImageObject\",\"inLanguage\":\"pl-PL\",\"@id\":\"https:\/\/www.welovecycling.com\/pl\/2017\/03\/23\/czas-historie-straszne-smieszne-historie-kradziezy-rowerow-internet\/#primaryimage\",\"url\":\"https:\/\/d2p6e6u75xmxt8.cloudfront.net\/5\/2017\/03\/2242434_2422442-1024x447.jpg\",\"contentUrl\":\"https:\/\/d2p6e6u75xmxt8.cloudfront.net\/5\/2017\/03\/2242434_2422442-1024x447.jpg\",\"width\":1024,\"height\":447},{\"@type\":\"BreadcrumbList\",\"@id\":\"https:\/\/www.welovecycling.com\/pl\/2017\/03\/23\/czas-historie-straszne-smieszne-historie-kradziezy-rowerow-internet\/#breadcrumb\",\"itemListElement\":[{\"@type\":\"ListItem\",\"position\":1,\"name\":\"Home\",\"item\":\"https:\/\/www.welovecycling.com\/pl\/\"},{\"@type\":\"ListItem\",\"position\":2,\"name\":\"Czas na histori\u0119: Straszne i \u015bmieszne historie z kradzie\u017cy rower\u00f3w. Internet\"}]},{\"@type\":\"WebSite\",\"@id\":\"https:\/\/www.welovecycling.com\/pl\/#website\",\"url\":\"https:\/\/www.welovecycling.com\/pl\/\",\"name\":\"\u0160koda We Love Cycling - Poland\",\"description\":\"\",\"potentialAction\":[{\"@type\":\"SearchAction\",\"target\":{\"@type\":\"EntryPoint\",\"urlTemplate\":\"https:\/\/www.welovecycling.com\/pl\/?s={search_term_string}\"},\"query-input\":{\"@type\":\"PropertyValueSpecification\",\"valueRequired\":true,\"valueName\":\"search_term_string\"}}],\"inLanguage\":\"pl-PL\"},{\"@type\":\"Person\",\"@id\":\"https:\/\/www.welovecycling.com\/pl\/#\/schema\/person\/e5187c9cac8dd619ebc7b41bd73c2fd9\",\"name\":\"WeLoveCycling\",\"image\":{\"@type\":\"ImageObject\",\"inLanguage\":\"pl-PL\",\"@id\":\"https:\/\/www.welovecycling.com\/pl\/#\/schema\/person\/image\/\",\"url\":\"https:\/\/secure.gravatar.com\/avatar\/7e1ee0ecc5e294b19ef32b9f6086e0afbb9da00c3cb0d465ba4695331f4a9187?s=96&d=mm&r=g\",\"contentUrl\":\"https:\/\/secure.gravatar.com\/avatar\/7e1ee0ecc5e294b19ef32b9f6086e0afbb9da00c3cb0d465ba4695331f4a9187?s=96&d=mm&r=g\",\"caption\":\"WeLoveCycling\"},\"url\":\"https:\/\/www.welovecycling.com\/pl\/author\/lukascech\/\"}]}<\/script>\n<!-- \/ Yoast SEO Premium plugin. -->","yoast_head_json":{"title":"Czas na histori\u0119: Straszne i \u015bmieszne historie z kradzie\u017cy rower\u00f3w. Internet - \u0160koda We Love Cycling - Poland","robots":{"index":"index","follow":"follow","max-snippet":"max-snippet:-1","max-image-preview":"max-image-preview:large","max-video-preview":"max-video-preview:-1"},"canonical":"https:\/\/www.welovecycling.com\/pl\/2017\/03\/23\/czas-historie-straszne-smieszne-historie-kradziezy-rowerow-internet\/","og_locale":"pl_PL","og_type":"article","og_title":"Czas na histori\u0119: Straszne i \u015bmieszne historie z kradzie\u017cy rower\u00f3w. Internet","og_description":"Pami\u0119tasz Europejskie Mistrzostwa w Kradzie\u017cy Rower\u00f3w 2015? Ten wspania\u0142y moment, kiedy z\u0142odzieje \u0142apali si\u0119 na nasz pi\u0119kny, specjalistyczny rower-przyn\u0119t\u0119, a [&hellip;]","og_url":"https:\/\/www.welovecycling.com\/pl\/2017\/03\/23\/czas-historie-straszne-smieszne-historie-kradziezy-rowerow-internet\/","og_site_name":"\u0160koda We Love Cycling - Poland","article_published_time":"2017-03-23T15:34:50+00:00","article_modified_time":"2017-04-08T17:24:16+00:00","og_image":[{"width":1024,"height":447,"url":"https:\/\/d2p6e6u75xmxt8.cloudfront.net\/5\/2017\/03\/2242434_2422442-1024x447.jpg","type":"image\/jpeg"}],"author":"WeLoveCycling","twitter_card":"summary_large_image","twitter_misc":{"Written by":"WeLoveCycling","Est. reading time":"1 minute"},"schema":{"@context":"https:\/\/schema.org","@graph":[{"@type":"WebPage","@id":"https:\/\/www.welovecycling.com\/pl\/2017\/03\/23\/czas-historie-straszne-smieszne-historie-kradziezy-rowerow-internet\/","url":"https:\/\/www.welovecycling.com\/pl\/2017\/03\/23\/czas-historie-straszne-smieszne-historie-kradziezy-rowerow-internet\/","name":"Czas na histori\u0119: Straszne i \u015bmieszne historie z kradzie\u017cy rower\u00f3w. Internet - \u0160koda We Love Cycling - Poland","isPartOf":{"@id":"https:\/\/www.welovecycling.com\/pl\/#website"},"primaryImageOfPage":{"@id":"https:\/\/www.welovecycling.com\/pl\/2017\/03\/23\/czas-historie-straszne-smieszne-historie-kradziezy-rowerow-internet\/#primaryimage"},"image":{"@id":"https:\/\/www.welovecycling.com\/pl\/2017\/03\/23\/czas-historie-straszne-smieszne-historie-kradziezy-rowerow-internet\/#primaryimage"},"thumbnailUrl":"https:\/\/d2p6e6u75xmxt8.cloudfront.net\/5\/2017\/03\/2242434_2422442-1024x447.jpg","datePublished":"2017-03-23T15:34:50+00:00","dateModified":"2017-04-08T17:24:16+00:00","author":{"@id":"https:\/\/www.welovecycling.com\/pl\/#\/schema\/person\/e5187c9cac8dd619ebc7b41bd73c2fd9"},"breadcrumb":{"@id":"https:\/\/www.welovecycling.com\/pl\/2017\/03\/23\/czas-historie-straszne-smieszne-historie-kradziezy-rowerow-internet\/#breadcrumb"},"inLanguage":"pl-PL","potentialAction":[{"@type":"ReadAction","target":["https:\/\/www.welovecycling.com\/pl\/2017\/03\/23\/czas-historie-straszne-smieszne-historie-kradziezy-rowerow-internet\/"]}]},{"@type":"ImageObject","inLanguage":"pl-PL","@id":"https:\/\/www.welovecycling.com\/pl\/2017\/03\/23\/czas-historie-straszne-smieszne-historie-kradziezy-rowerow-internet\/#primaryimage","url":"https:\/\/d2p6e6u75xmxt8.cloudfront.net\/5\/2017\/03\/2242434_2422442-1024x447.jpg","contentUrl":"https:\/\/d2p6e6u75xmxt8.cloudfront.net\/5\/2017\/03\/2242434_2422442-1024x447.jpg","width":1024,"height":447},{"@type":"BreadcrumbList","@id":"https:\/\/www.welovecycling.com\/pl\/2017\/03\/23\/czas-historie-straszne-smieszne-historie-kradziezy-rowerow-internet\/#breadcrumb","itemListElement":[{"@type":"ListItem","position":1,"name":"Home","item":"https:\/\/www.welovecycling.com\/pl\/"},{"@type":"ListItem","position":2,"name":"Czas na histori\u0119: Straszne i \u015bmieszne historie z kradzie\u017cy rower\u00f3w. Internet"}]},{"@type":"WebSite","@id":"https:\/\/www.welovecycling.com\/pl\/#website","url":"https:\/\/www.welovecycling.com\/pl\/","name":"\u0160koda We Love Cycling - Poland","description":"","potentialAction":[{"@type":"SearchAction","target":{"@type":"EntryPoint","urlTemplate":"https:\/\/www.welovecycling.com\/pl\/?s={search_term_string}"},"query-input":{"@type":"PropertyValueSpecification","valueRequired":true,"valueName":"search_term_string"}}],"inLanguage":"pl-PL"},{"@type":"Person","@id":"https:\/\/www.welovecycling.com\/pl\/#\/schema\/person\/e5187c9cac8dd619ebc7b41bd73c2fd9","name":"WeLoveCycling","image":{"@type":"ImageObject","inLanguage":"pl-PL","@id":"https:\/\/www.welovecycling.com\/pl\/#\/schema\/person\/image\/","url":"https:\/\/secure.gravatar.com\/avatar\/7e1ee0ecc5e294b19ef32b9f6086e0afbb9da00c3cb0d465ba4695331f4a9187?s=96&d=mm&r=g","contentUrl":"https:\/\/secure.gravatar.com\/avatar\/7e1ee0ecc5e294b19ef32b9f6086e0afbb9da00c3cb0d465ba4695331f4a9187?s=96&d=mm&r=g","caption":"WeLoveCycling"},"url":"https:\/\/www.welovecycling.com\/pl\/author\/lukascech\/"}]}},"_links":{"self":[{"href":"https:\/\/www.welovecycling.com\/pl\/wp-json\/wp\/v2\/posts\/3139","targetHints":{"allow":["GET"]}}],"collection":[{"href":"https:\/\/www.welovecycling.com\/pl\/wp-json\/wp\/v2\/posts"}],"about":[{"href":"https:\/\/www.welovecycling.com\/pl\/wp-json\/wp\/v2\/types\/post"}],"author":[{"embeddable":true,"href":"https:\/\/www.welovecycling.com\/pl\/wp-json\/wp\/v2\/users\/1"}],"replies":[{"embeddable":true,"href":"https:\/\/www.welovecycling.com\/pl\/wp-json\/wp\/v2\/comments?post=3139"}],"version-history":[{"count":2,"href":"https:\/\/www.welovecycling.com\/pl\/wp-json\/wp\/v2\/posts\/3139\/revisions"}],"predecessor-version":[{"id":3297,"href":"https:\/\/www.welovecycling.com\/pl\/wp-json\/wp\/v2\/posts\/3139\/revisions\/3297"}],"wp:featuredmedia":[{"embeddable":true,"href":"https:\/\/www.welovecycling.com\/pl\/wp-json\/wp\/v2\/media\/3149"}],"wp:attachment":[{"href":"https:\/\/www.welovecycling.com\/pl\/wp-json\/wp\/v2\/media?parent=3139"}],"wp:term":[{"taxonomy":"category","embeddable":true,"href":"https:\/\/www.welovecycling.com\/pl\/wp-json\/wp\/v2\/categories?post=3139"},{"taxonomy":"post_tag","embeddable":true,"href":"https:\/\/www.welovecycling.com\/pl\/wp-json\/wp\/v2\/tags?post=3139"},{"taxonomy":"global-categories","embeddable":true,"href":"https:\/\/www.welovecycling.com\/pl\/wp-json\/wp\/v2\/global-categories?post=3139"}],"curies":[{"name":"wp","href":"https:\/\/api.w.org\/{rel}","templated":true}]}}