{"id":3112,"date":"2017-03-17T19:50:07","date_gmt":"2017-03-17T19:50:07","guid":{"rendered":"https:\/\/www.welovecycling.com\/pl\/?p=3112"},"modified":"2018-04-03T09:28:49","modified_gmt":"2018-04-03T09:28:49","slug":"video-lock-challenge-2017-barcelona-twoj-rower-naprawde-bezpieczny","status":"publish","type":"post","link":"https:\/\/www.welovecycling.com\/pl\/2017\/03\/17\/video-lock-challenge-2017-barcelona-twoj-rower-naprawde-bezpieczny\/","title":{"rendered":"VIDEO: Lock Challenge 2017 Barcelona. Czy tw\u00f3j rower jest naprawd\u0119 bezpieczny?"},"content":{"rendered":"<p>Powiedzmy sobie szczerze: kradzie\u017c rower\u00f3w jest jak epidemia. Ka\u017cdego dnia s\u0105 kradzione setki rower\u00f3w, a ich prawowici w\u0142a\u015bciciele \u2013 zasmuceni, \u017ali i pozbawieni transportu. Po s\u0142awnym eksperymencie, kt\u00f3ry przeprowadzono 2 lata temu, a mianowicie Europejskich Mistrzostwach w Kradzie\u017cy Rower\u00f3w, musimy si\u0119 w ko\u0144cu zastanowi\u0107 nad istot\u0105 problemu, sprawdzi\u0107, jak zaawansowani w swoich umiej\u0119tno\u015bciach musz\u0105 by\u0107 z\u0142odzieje, oraz zbada\u0107 zachowania przechodni\u00f3w b\u0119d\u0105cych \u015bwiadkami\u00a0kradzie\u017cy.<\/p>\n<p><iframe loading=\"lazy\" src=\"https:\/\/www.youtube-nocookie.com\/embed\/QP3wkUTHCrk?ecver=1\" width=\"783\" height=\"440\" frameborder=\"0\" allowfullscreen=\"allowfullscreen\"><\/iframe><\/p>\n<p>Prawd\u0119 m\u00f3wi\u0105c, rzeczywisto\u015b\u0107 jest do\u015b\u0107 pos\u0119pna. Je\u015bli zupe\u0142nie niewytrenowana osoba mo\u017ce dokona\u0107 kradzie\u017cy w mniej ni\u017c 30 sekund, profesjonalista zrobi to w mgnieniu oka. Oczywi\u015bcie innym problemem jest to, \u017ce mimo wszechobecnego monitoringu wi\u0119kszo\u015b\u0107 z nich robi to niepostrze\u017cenie. Ma to zdecydowanie negatywny wp\u0142yw na rozw\u00f3j tego ekologicznego \u015brodka komunikacji.<\/p>\n<p><a href=\"https:\/\/d2p6e6u75xmxt8.cloudfront.net\/5\/2017\/03\/Lock_Challenge_GIF1.gif\"><img loading=\"lazy\" decoding=\"async\" class=\"alignnone size-full wp-image-3113\" src=\"https:\/\/d2p6e6u75xmxt8.cloudfront.net\/5\/2017\/03\/Lock_Challenge_GIF1.gif\" alt=\"\" width=\"600\" height=\"338\" \/><\/a><\/p>\n<p>Nadal wi\u0119kszo\u015b\u0107 cyklist\u00f3w wierzy w swoje bezpiecze\u0144stwo, mimo wielu\u00a0dowod\u00f3w na twierdzenie przeciwne. Pewnie poczucie wolno\u015bci podczas jazdy na dw\u00f3ch ko\u0142ach mo\u017ce wydoby\u0107 optymist\u0119 z ka\u017cdego, ale statystyki m\u00f3wi\u0105 same za siebie. To si\u0119 nigdy nie przydarzy tobie? Nie tak szybko, a na pewno nie w bia\u0142y dzie\u0144? C\u00f3\u017c, twoja ufno\u015b\u0107 jest warta docenienia, ale musisz zastanowi\u0107 si\u0119 jeszcze raz.<\/p>\n<p>Nagranie z Barcelony potwierdza, \u017ce pozostawienie roweru w miejscu o du\u017cym nat\u0119\u017ceniu ruchu nie zwi\u0119kszy jego bezpiecze\u0144stwa. Wi\u0119c czym jest\u00a0ten \u201eefekt przechodni\u00f3w\u201d, czyli zjawisko psychologiczne, polegaj\u0105ce na tym, \u017ce istnieje mniejsze prawdopodobie\u0144stwo podejmowania przez nas interwencji lub szukania pomocy u innych, gdy znajdujemy si\u0119 w t\u0142umie?<\/p>\n<p><a href=\"https:\/\/d2p6e6u75xmxt8.cloudfront.net\/5\/2017\/03\/WLC_Lock_Challenge_infographic_2.jpg\"><img loading=\"lazy\" decoding=\"async\" class=\"alignnone size-large wp-image-3114\" src=\"https:\/\/d2p6e6u75xmxt8.cloudfront.net\/5\/2017\/03\/WLC_Lock_Challenge_infographic_2-1024x1024.jpg\" alt=\"\" width=\"1024\" height=\"1024\" srcset=\"https:\/\/d2p6e6u75xmxt8.cloudfront.net\/5\/2017\/03\/WLC_Lock_Challenge_infographic_2-1024x1024.jpg 1024w, https:\/\/d2p6e6u75xmxt8.cloudfront.net\/5\/2017\/03\/WLC_Lock_Challenge_infographic_2-150x150.jpg 150w, https:\/\/d2p6e6u75xmxt8.cloudfront.net\/5\/2017\/03\/WLC_Lock_Challenge_infographic_2-300x300.jpg 300w, https:\/\/d2p6e6u75xmxt8.cloudfront.net\/5\/2017\/03\/WLC_Lock_Challenge_infographic_2-768x768.jpg 768w, https:\/\/d2p6e6u75xmxt8.cloudfront.net\/5\/2017\/03\/WLC_Lock_Challenge_infographic_2.jpg 1098w\" sizes=\"auto, (max-width: 1024px) 100vw, 1024px\" \/><\/a><\/p>\n<p>Badania pokazuj\u0105, \u017ce zjawisko to niekoniecznie wynika z tego, \u017ce znajdujesz si\u0119 w\u015br\u00f3d oboj\u0119tnych drani, ale z tego, \u017ce kiedy przychodzi co do czego, \u017cycie w mie\u015bcie okazuje si\u0119 po prostu przyt\u0142aczaj\u0105ce. Cho\u0107 prawd\u0105 jest, \u017ce w wi\u0119kszo\u015bci przypadk\u00f3w nie mo\u017cna liczy\u0107 na reakcj\u0119 przechodni\u00f3w, istnieje kilka wyj\u0105tk\u00f3w od tej zasady. Uda\u0142o nam si\u0119 uchwyci\u0107 interwencj\u0119 przechodnia w trakcie naszej Lock Challenge, co wida\u0107 na pocz\u0105tku nagrania. Mieli\u015bmy szcz\u0119\u015bcie, poniewa\u017c, statystycznie, to naprawd\u0119 rzadkie zjawisko.<\/p>\n<p>Ludzie po prostu nie zauwa\u017caj\u0105, co si\u0119 dzieje dooko\u0142a nich. W mie\u015bcie zderzamy si\u0119 z tak wielk\u0105 liczb\u0105 bod\u017ac\u00f3w, \u017ce jeste\u015bmy zmuszeni je filtrowa\u0107. Je\u015bli nawet co\u015b zauwa\u017cymy, to sytuacja jest cz\u0119sto niejednoznaczna, dlatego\u00a0j\u0105 ignorujemy. Skoro\u00a0kradzie\u017c jest tak oczywista, to musi mie\u0107 jakie\u015b niewinne uzasadnienie. Do tego dochodzi\u00a0jeszcze strach \u2013 to jasne, \u017ce co\u015b trzeba zrobi\u0107, ale kto chcia\u0142by rozgniewa\u0107 z\u0142odzieja wyposa\u017conego w pi\u0142\u0119 do metalu?<\/p>\n<p>Jak widzimy na przyk\u0142adzie Barcelony, miasta przechodz\u0105cego dwuko\u0142ow\u0105 rewolucj\u0119, ludzie nie s\u0105 skorzy do podj\u0119cia dzia\u0142ania. A m\u00f3wimy tu o miejscu, kt\u00f3re entuzjastycznie przyj\u0119\u0142o XXI-wieczny trend kolarski, w\u0142\u0105czaj\u0105c go w tkank\u0119 miejsk\u0105. Wraz z rosn\u0105c\u0105 infrastruktur\u0105 rowerow\u0105, obejmuj\u0105c\u0105 zintegrowane \u015bcie\u017cki rowerowe, parkingi rowerowe, ograniczenia pr\u0119dko\u015bci i miejski program dzielenia rower\u00f3w, Barcelona wyprzedzi\u0142a inne miasta w inspirowaniu kultury rowerowej.<\/p>\n<p><a href=\"https:\/\/d2p6e6u75xmxt8.cloudfront.net\/5\/2017\/03\/MG_4748_small-1024x575.jpg\"><img loading=\"lazy\" decoding=\"async\" class=\"alignnone size-large wp-image-3115\" src=\"https:\/\/d2p6e6u75xmxt8.cloudfront.net\/5\/2017\/03\/MG_4748_small-1024x575-1024x575.jpg\" alt=\"\" width=\"1024\" height=\"575\" srcset=\"https:\/\/d2p6e6u75xmxt8.cloudfront.net\/5\/2017\/03\/MG_4748_small-1024x575.jpg 1024w, https:\/\/d2p6e6u75xmxt8.cloudfront.net\/5\/2017\/03\/MG_4748_small-1024x575-300x168.jpg 300w, https:\/\/d2p6e6u75xmxt8.cloudfront.net\/5\/2017\/03\/MG_4748_small-1024x575-768x431.jpg 768w\" sizes=\"auto, (max-width: 1024px) 100vw, 1024px\" \/><\/a><\/p>\n<p>Ale zagro\u017cenie pozostaje. W tym, jak i w innych obszarach miejskich g\u0119sto\u015b\u0107 zaludnienia ma du\u017cy wp\u0142yw na niemoc przechodni\u00f3w. Do\u015bwiadczaj\u0105 oni prze\u0142adowania bod\u017acami zewn\u0119trznymi, dlatego podchodz\u0105 do ka\u017cdej sytuacji z niepewno\u015bci\u0105. Kto\u015b\u00a0mo\u017ce postrzega\u0107 sytuacj\u0119 jako kradzie\u017c roweru, ale jest to bardziej skomplikowane, poniewa\u017c dooko\u0142a znajduje si\u0119 tyle innych os\u00f3b, tyle potencjalnych pomocnik\u00f3w, a nikt nie podejmuje dzia\u0142ania. To co\u015b znaczy.<\/p>\n<p><iframe loading=\"lazy\" src=\"https:\/\/www.youtube-nocookie.com\/embed\/-yTFiP_co0U?ecver=1\" width=\"783\" height=\"440\" frameborder=\"0\" allowfullscreen=\"allowfullscreen\"><\/iframe><\/p>\n<p>Trzeba przyzna\u0107, \u017ce z\u0142odzieje rower\u00f3w nie powinni cieszy\u0107 si\u0119 nieograniczonymi mo\u017cliwo\u015bciami wyst\u0119pku. Ale dop\u00f3ki miasta nie b\u0119d\u0105 lepiej przygotowane do ich \u0142apania, rowerzy\u015bci musz\u0105 sami podj\u0105\u0107 dzia\u0142ania, aby ochroni\u0107 swoje pojazdy. Jaka jest zatem najlepsza obrona? Supermocne zapi\u0119cie. Nale\u017cy zainwestowa\u0107 w podw\u00f3jny u-lock, zapi\u0119cie sk\u0142adane, kt\u00f3re zniech\u0119ci z\u0142odzieja do twojego roweru.<\/p>\n<p>(\u017ar\u00f3d\u0142o zdj\u0119\u0107: welovecycling.com)<\/p>\n","protected":false},"excerpt":{"rendered":"<p>Powiedzmy sobie szczerze: kradzie\u017c rower\u00f3w jest jak epidemia. Ka\u017cdego dnia s\u0105 kradzione setki rower\u00f3w, a ich prawowici w\u0142a\u015bciciele \u2013 zasmuceni, [&hellip;]<\/p>\n","protected":false},"author":76,"featured_media":3116,"comment_status":"open","ping_status":"open","sticky":false,"template":"","format":"standard","meta":{"footnotes":""},"categories":[7],"tags":[114],"global-categories":[],"class_list":["post-3112","post","type-post","status-publish","format-standard","has-post-thumbnail","hentry","category-bezpieczenstwo","tag-lock-challenge"],"yoast_head":"<!-- This site is optimized with the Yoast SEO Premium plugin v25.3 (Yoast SEO v25.9) - https:\/\/yoast.com\/wordpress\/plugins\/seo\/ -->\n<title>VIDEO: Lock Challenge 2017 Barcelona. Czy tw\u00f3j rower jest naprawd\u0119 bezpieczny? - \u0160koda We Love Cycling - Poland<\/title>\n<meta name=\"robots\" content=\"index, follow, max-snippet:-1, max-image-preview:large, max-video-preview:-1\" \/>\n<link rel=\"canonical\" href=\"https:\/\/www.welovecycling.com\/pl\/2017\/03\/17\/video-lock-challenge-2017-barcelona-twoj-rower-naprawde-bezpieczny\/\" \/>\n<meta property=\"og:locale\" content=\"pl_PL\" \/>\n<meta property=\"og:type\" content=\"article\" \/>\n<meta property=\"og:title\" content=\"VIDEO: Lock Challenge 2017 Barcelona. Czy tw\u00f3j rower jest naprawd\u0119 bezpieczny?\" \/>\n<meta property=\"og:description\" content=\"Powiedzmy sobie szczerze: kradzie\u017c rower\u00f3w jest jak epidemia. Ka\u017cdego dnia s\u0105 kradzione setki rower\u00f3w, a ich prawowici w\u0142a\u015bciciele \u2013 zasmuceni, [&hellip;]\" \/>\n<meta property=\"og:url\" content=\"https:\/\/www.welovecycling.com\/pl\/2017\/03\/17\/video-lock-challenge-2017-barcelona-twoj-rower-naprawde-bezpieczny\/\" \/>\n<meta property=\"og:site_name\" content=\"\u0160koda We Love Cycling - Poland\" \/>\n<meta property=\"article:published_time\" content=\"2017-03-17T19:50:07+00:00\" \/>\n<meta property=\"article:modified_time\" content=\"2018-04-03T09:28:49+00:00\" \/>\n<meta property=\"og:image\" content=\"https:\/\/d2p6e6u75xmxt8.cloudfront.net\/5\/2017\/03\/wlc-lock-cover.jpg\" \/>\n\t<meta property=\"og:image:width\" content=\"1800\" \/>\n\t<meta property=\"og:image:height\" content=\"785\" \/>\n\t<meta property=\"og:image:type\" content=\"image\/jpeg\" \/>\n<meta name=\"author\" content=\"piotrboczkowski\" \/>\n<meta name=\"twitter:card\" content=\"summary_large_image\" \/>\n<meta name=\"twitter:label1\" content=\"Written by\" \/>\n\t<meta name=\"twitter:data1\" content=\"WeLoveCycling\" \/>\n\t<meta name=\"twitter:label2\" content=\"Est. reading time\" \/>\n\t<meta name=\"twitter:data2\" content=\"3 minutes\" \/>\n<script type=\"application\/ld+json\" class=\"yoast-schema-graph\">{\"@context\":\"https:\/\/schema.org\",\"@graph\":[{\"@type\":\"WebPage\",\"@id\":\"https:\/\/www.welovecycling.com\/pl\/2017\/03\/17\/video-lock-challenge-2017-barcelona-twoj-rower-naprawde-bezpieczny\/\",\"url\":\"https:\/\/www.welovecycling.com\/pl\/2017\/03\/17\/video-lock-challenge-2017-barcelona-twoj-rower-naprawde-bezpieczny\/\",\"name\":\"VIDEO: Lock Challenge 2017 Barcelona. Czy tw\u00f3j rower jest naprawd\u0119 bezpieczny? - \u0160koda We Love Cycling - Poland\",\"isPartOf\":{\"@id\":\"https:\/\/www.welovecycling.com\/pl\/#website\"},\"primaryImageOfPage\":{\"@id\":\"https:\/\/www.welovecycling.com\/pl\/2017\/03\/17\/video-lock-challenge-2017-barcelona-twoj-rower-naprawde-bezpieczny\/#primaryimage\"},\"image\":{\"@id\":\"https:\/\/www.welovecycling.com\/pl\/2017\/03\/17\/video-lock-challenge-2017-barcelona-twoj-rower-naprawde-bezpieczny\/#primaryimage\"},\"thumbnailUrl\":\"https:\/\/d2p6e6u75xmxt8.cloudfront.net\/5\/2017\/03\/wlc-lock-cover.jpg\",\"datePublished\":\"2017-03-17T19:50:07+00:00\",\"dateModified\":\"2018-04-03T09:28:49+00:00\",\"author\":{\"@id\":\"https:\/\/www.welovecycling.com\/pl\/#\/schema\/person\/0dba2d39da943db9df3fd8f4687e7f23\"},\"breadcrumb\":{\"@id\":\"https:\/\/www.welovecycling.com\/pl\/2017\/03\/17\/video-lock-challenge-2017-barcelona-twoj-rower-naprawde-bezpieczny\/#breadcrumb\"},\"inLanguage\":\"pl-PL\",\"potentialAction\":[{\"@type\":\"ReadAction\",\"target\":[\"https:\/\/www.welovecycling.com\/pl\/2017\/03\/17\/video-lock-challenge-2017-barcelona-twoj-rower-naprawde-bezpieczny\/\"]}]},{\"@type\":\"ImageObject\",\"inLanguage\":\"pl-PL\",\"@id\":\"https:\/\/www.welovecycling.com\/pl\/2017\/03\/17\/video-lock-challenge-2017-barcelona-twoj-rower-naprawde-bezpieczny\/#primaryimage\",\"url\":\"https:\/\/d2p6e6u75xmxt8.cloudfront.net\/5\/2017\/03\/wlc-lock-cover.jpg\",\"contentUrl\":\"https:\/\/d2p6e6u75xmxt8.cloudfront.net\/5\/2017\/03\/wlc-lock-cover.jpg\",\"width\":1800,\"height\":785},{\"@type\":\"BreadcrumbList\",\"@id\":\"https:\/\/www.welovecycling.com\/pl\/2017\/03\/17\/video-lock-challenge-2017-barcelona-twoj-rower-naprawde-bezpieczny\/#breadcrumb\",\"itemListElement\":[{\"@type\":\"ListItem\",\"position\":1,\"name\":\"Home\",\"item\":\"https:\/\/www.welovecycling.com\/pl\/\"},{\"@type\":\"ListItem\",\"position\":2,\"name\":\"VIDEO: Lock Challenge 2017 Barcelona. Czy tw\u00f3j rower jest naprawd\u0119 bezpieczny?\"}]},{\"@type\":\"WebSite\",\"@id\":\"https:\/\/www.welovecycling.com\/pl\/#website\",\"url\":\"https:\/\/www.welovecycling.com\/pl\/\",\"name\":\"\u0160koda We Love Cycling - Poland\",\"description\":\"\",\"potentialAction\":[{\"@type\":\"SearchAction\",\"target\":{\"@type\":\"EntryPoint\",\"urlTemplate\":\"https:\/\/www.welovecycling.com\/pl\/?s={search_term_string}\"},\"query-input\":{\"@type\":\"PropertyValueSpecification\",\"valueRequired\":true,\"valueName\":\"search_term_string\"}}],\"inLanguage\":\"pl-PL\"},{\"@type\":\"Person\",\"@id\":\"https:\/\/www.welovecycling.com\/pl\/#\/schema\/person\/0dba2d39da943db9df3fd8f4687e7f23\",\"name\":\"piotrboczkowski\",\"image\":{\"@type\":\"ImageObject\",\"inLanguage\":\"pl-PL\",\"@id\":\"https:\/\/www.welovecycling.com\/pl\/#\/schema\/person\/image\/\",\"url\":\"https:\/\/secure.gravatar.com\/avatar\/533caccae14752e03a2ce2d3fd62d1b98b93e1393c3195c27819e53344ca1ace?s=96&d=mm&r=g\",\"contentUrl\":\"https:\/\/secure.gravatar.com\/avatar\/533caccae14752e03a2ce2d3fd62d1b98b93e1393c3195c27819e53344ca1ace?s=96&d=mm&r=g\",\"caption\":\"piotrboczkowski\"},\"url\":\"https:\/\/www.welovecycling.com\/pl\/author\/piotrboczkowski\/\"}]}<\/script>\n<!-- \/ Yoast SEO Premium plugin. -->","yoast_head_json":{"title":"VIDEO: Lock Challenge 2017 Barcelona. Czy tw\u00f3j rower jest naprawd\u0119 bezpieczny? - \u0160koda We Love Cycling - Poland","robots":{"index":"index","follow":"follow","max-snippet":"max-snippet:-1","max-image-preview":"max-image-preview:large","max-video-preview":"max-video-preview:-1"},"canonical":"https:\/\/www.welovecycling.com\/pl\/2017\/03\/17\/video-lock-challenge-2017-barcelona-twoj-rower-naprawde-bezpieczny\/","og_locale":"pl_PL","og_type":"article","og_title":"VIDEO: Lock Challenge 2017 Barcelona. Czy tw\u00f3j rower jest naprawd\u0119 bezpieczny?","og_description":"Powiedzmy sobie szczerze: kradzie\u017c rower\u00f3w jest jak epidemia. Ka\u017cdego dnia s\u0105 kradzione setki rower\u00f3w, a ich prawowici w\u0142a\u015bciciele \u2013 zasmuceni, [&hellip;]","og_url":"https:\/\/www.welovecycling.com\/pl\/2017\/03\/17\/video-lock-challenge-2017-barcelona-twoj-rower-naprawde-bezpieczny\/","og_site_name":"\u0160koda We Love Cycling - Poland","article_published_time":"2017-03-17T19:50:07+00:00","article_modified_time":"2018-04-03T09:28:49+00:00","og_image":[{"width":1800,"height":785,"url":"https:\/\/d2p6e6u75xmxt8.cloudfront.net\/5\/2017\/03\/wlc-lock-cover.jpg","type":"image\/jpeg"}],"author":"piotrboczkowski","twitter_card":"summary_large_image","twitter_misc":{"Written by":"WeLoveCycling","Est. reading time":"3 minutes"},"schema":{"@context":"https:\/\/schema.org","@graph":[{"@type":"WebPage","@id":"https:\/\/www.welovecycling.com\/pl\/2017\/03\/17\/video-lock-challenge-2017-barcelona-twoj-rower-naprawde-bezpieczny\/","url":"https:\/\/www.welovecycling.com\/pl\/2017\/03\/17\/video-lock-challenge-2017-barcelona-twoj-rower-naprawde-bezpieczny\/","name":"VIDEO: Lock Challenge 2017 Barcelona. Czy tw\u00f3j rower jest naprawd\u0119 bezpieczny? - \u0160koda We Love Cycling - Poland","isPartOf":{"@id":"https:\/\/www.welovecycling.com\/pl\/#website"},"primaryImageOfPage":{"@id":"https:\/\/www.welovecycling.com\/pl\/2017\/03\/17\/video-lock-challenge-2017-barcelona-twoj-rower-naprawde-bezpieczny\/#primaryimage"},"image":{"@id":"https:\/\/www.welovecycling.com\/pl\/2017\/03\/17\/video-lock-challenge-2017-barcelona-twoj-rower-naprawde-bezpieczny\/#primaryimage"},"thumbnailUrl":"https:\/\/d2p6e6u75xmxt8.cloudfront.net\/5\/2017\/03\/wlc-lock-cover.jpg","datePublished":"2017-03-17T19:50:07+00:00","dateModified":"2018-04-03T09:28:49+00:00","author":{"@id":"https:\/\/www.welovecycling.com\/pl\/#\/schema\/person\/0dba2d39da943db9df3fd8f4687e7f23"},"breadcrumb":{"@id":"https:\/\/www.welovecycling.com\/pl\/2017\/03\/17\/video-lock-challenge-2017-barcelona-twoj-rower-naprawde-bezpieczny\/#breadcrumb"},"inLanguage":"pl-PL","potentialAction":[{"@type":"ReadAction","target":["https:\/\/www.welovecycling.com\/pl\/2017\/03\/17\/video-lock-challenge-2017-barcelona-twoj-rower-naprawde-bezpieczny\/"]}]},{"@type":"ImageObject","inLanguage":"pl-PL","@id":"https:\/\/www.welovecycling.com\/pl\/2017\/03\/17\/video-lock-challenge-2017-barcelona-twoj-rower-naprawde-bezpieczny\/#primaryimage","url":"https:\/\/d2p6e6u75xmxt8.cloudfront.net\/5\/2017\/03\/wlc-lock-cover.jpg","contentUrl":"https:\/\/d2p6e6u75xmxt8.cloudfront.net\/5\/2017\/03\/wlc-lock-cover.jpg","width":1800,"height":785},{"@type":"BreadcrumbList","@id":"https:\/\/www.welovecycling.com\/pl\/2017\/03\/17\/video-lock-challenge-2017-barcelona-twoj-rower-naprawde-bezpieczny\/#breadcrumb","itemListElement":[{"@type":"ListItem","position":1,"name":"Home","item":"https:\/\/www.welovecycling.com\/pl\/"},{"@type":"ListItem","position":2,"name":"VIDEO: Lock Challenge 2017 Barcelona. Czy tw\u00f3j rower jest naprawd\u0119 bezpieczny?"}]},{"@type":"WebSite","@id":"https:\/\/www.welovecycling.com\/pl\/#website","url":"https:\/\/www.welovecycling.com\/pl\/","name":"\u0160koda We Love Cycling - Poland","description":"","potentialAction":[{"@type":"SearchAction","target":{"@type":"EntryPoint","urlTemplate":"https:\/\/www.welovecycling.com\/pl\/?s={search_term_string}"},"query-input":{"@type":"PropertyValueSpecification","valueRequired":true,"valueName":"search_term_string"}}],"inLanguage":"pl-PL"},{"@type":"Person","@id":"https:\/\/www.welovecycling.com\/pl\/#\/schema\/person\/0dba2d39da943db9df3fd8f4687e7f23","name":"piotrboczkowski","image":{"@type":"ImageObject","inLanguage":"pl-PL","@id":"https:\/\/www.welovecycling.com\/pl\/#\/schema\/person\/image\/","url":"https:\/\/secure.gravatar.com\/avatar\/533caccae14752e03a2ce2d3fd62d1b98b93e1393c3195c27819e53344ca1ace?s=96&d=mm&r=g","contentUrl":"https:\/\/secure.gravatar.com\/avatar\/533caccae14752e03a2ce2d3fd62d1b98b93e1393c3195c27819e53344ca1ace?s=96&d=mm&r=g","caption":"piotrboczkowski"},"url":"https:\/\/www.welovecycling.com\/pl\/author\/piotrboczkowski\/"}]}},"_links":{"self":[{"href":"https:\/\/www.welovecycling.com\/pl\/wp-json\/wp\/v2\/posts\/3112","targetHints":{"allow":["GET"]}}],"collection":[{"href":"https:\/\/www.welovecycling.com\/pl\/wp-json\/wp\/v2\/posts"}],"about":[{"href":"https:\/\/www.welovecycling.com\/pl\/wp-json\/wp\/v2\/types\/post"}],"author":[{"embeddable":true,"href":"https:\/\/www.welovecycling.com\/pl\/wp-json\/wp\/v2\/users\/76"}],"replies":[{"embeddable":true,"href":"https:\/\/www.welovecycling.com\/pl\/wp-json\/wp\/v2\/comments?post=3112"}],"version-history":[{"count":2,"href":"https:\/\/www.welovecycling.com\/pl\/wp-json\/wp\/v2\/posts\/3112\/revisions"}],"predecessor-version":[{"id":3343,"href":"https:\/\/www.welovecycling.com\/pl\/wp-json\/wp\/v2\/posts\/3112\/revisions\/3343"}],"wp:featuredmedia":[{"embeddable":true,"href":"https:\/\/www.welovecycling.com\/pl\/wp-json\/wp\/v2\/media\/3116"}],"wp:attachment":[{"href":"https:\/\/www.welovecycling.com\/pl\/wp-json\/wp\/v2\/media?parent=3112"}],"wp:term":[{"taxonomy":"category","embeddable":true,"href":"https:\/\/www.welovecycling.com\/pl\/wp-json\/wp\/v2\/categories?post=3112"},{"taxonomy":"post_tag","embeddable":true,"href":"https:\/\/www.welovecycling.com\/pl\/wp-json\/wp\/v2\/tags?post=3112"},{"taxonomy":"global-categories","embeddable":true,"href":"https:\/\/www.welovecycling.com\/pl\/wp-json\/wp\/v2\/global-categories?post=3112"}],"curies":[{"name":"wp","href":"https:\/\/api.w.org\/{rel}","templated":true}]}}