{"id":3065,"date":"2017-03-16T11:36:42","date_gmt":"2017-03-16T11:36:42","guid":{"rendered":"https:\/\/www.welovecycling.com\/pl\/?p=3065"},"modified":"2018-04-03T09:32:11","modified_gmt":"2018-04-03T09:32:11","slug":"konkurs-trenuj-ze-stephenem-roche-majorce","status":"publish","type":"post","link":"https:\/\/www.welovecycling.com\/pl\/2017\/03\/16\/konkurs-trenuj-ze-stephenem-roche-majorce\/","title":{"rendered":"Konkurs: Trenuj ze Stephenem Roche na Majorce!"},"content":{"rendered":"<p>Masz ju\u017c plany na wiosn\u0119? We\u017a udzia\u0142 w konkursie i wygraj wyjazd na Majork\u0119 z prawdziw\u0105 legend\u0105 kolarstwa \u2013 Stephenem Roche. To niepowtarzalna okazja do poznania prawdziwego mistrza, kt\u00f3ry jako drugi na \u015bwiecie tego samego roku wygra\u0142 trzy najwa\u017cniejsze kolarskie wy\u015bcigi \u2013 Tour de France, Giro d\u2019Italia i mistrzostwa \u015bwiata.<\/p>\n<p>Jak wygra\u0107? Opublikuj screen z aplikacji rowerowej (Endomondo lub Strava), na kt\u00f3rym wida\u0107 najciekawsz\u0105 tras\u0119, jak\u0105 uda\u0142o Ci si\u0119 pokona\u0107 w tym roku. Dodatkowo napisz kr\u00f3tko, dlaczego w\u0142a\u015bnie Ty powiniene\u015b pojecha\u0107 na wyjazd treningowy ze Stephenem Roche w kwietniu tego roku (termin wyjazdu: 4-8 kwietnia).<\/p>\n<p>Wyjazd treningowy na Majork\u0119 to doskona\u0142a okazja do jazdy w \u015bwietnych warunkach i czerpania praktycznej wiedzy z do\u015bwiadczenia zawodnika, kt\u00f3ry przeszed\u0142 do historii.<\/p>\n<p><a href=\"https:\/\/d2p6e6u75xmxt8.cloudfront.net\/5\/2017\/03\/4.jpg\"><img loading=\"lazy\" decoding=\"async\" class=\"alignnone wp-image-3067\" src=\"https:\/\/d2p6e6u75xmxt8.cloudfront.net\/5\/2017\/03\/4.jpg\" alt=\"\" width=\"1021\" height=\"682\" srcset=\"https:\/\/d2p6e6u75xmxt8.cloudfront.net\/5\/2017\/03\/4.jpg 900w, https:\/\/d2p6e6u75xmxt8.cloudfront.net\/5\/2017\/03\/4-300x200.jpg 300w, https:\/\/d2p6e6u75xmxt8.cloudfront.net\/5\/2017\/03\/4-768x513.jpg 768w, https:\/\/d2p6e6u75xmxt8.cloudfront.net\/5\/2017\/03\/4-272x182.jpg 272w\" sizes=\"auto, (max-width: 1021px) 100vw, 1021px\" \/><\/a><\/p>\n<p><a href=\"https:\/\/d2p6e6u75xmxt8.cloudfront.net\/5\/2017\/03\/7.jpg\"><img loading=\"lazy\" decoding=\"async\" class=\"alignnone wp-image-3068\" src=\"https:\/\/d2p6e6u75xmxt8.cloudfront.net\/5\/2017\/03\/7.jpg\" alt=\"\" width=\"1022\" height=\"775\" srcset=\"https:\/\/d2p6e6u75xmxt8.cloudfront.net\/5\/2017\/03\/7.jpg 900w, https:\/\/d2p6e6u75xmxt8.cloudfront.net\/5\/2017\/03\/7-300x228.jpg 300w, https:\/\/d2p6e6u75xmxt8.cloudfront.net\/5\/2017\/03\/7-768x583.jpg 768w\" sizes=\"auto, (max-width: 1022px) 100vw, 1022px\" \/><\/a><\/p>\n<p><a href=\"https:\/\/d2p6e6u75xmxt8.cloudfront.net\/5\/2017\/03\/20151016_Stephen_Roche_33.jpg\"><img loading=\"lazy\" decoding=\"async\" class=\"alignnone size-large wp-image-3069\" src=\"https:\/\/d2p6e6u75xmxt8.cloudfront.net\/5\/2017\/03\/20151016_Stephen_Roche_33-1024x616.jpg\" alt=\"\" width=\"1024\" height=\"616\" srcset=\"https:\/\/d2p6e6u75xmxt8.cloudfront.net\/5\/2017\/03\/20151016_Stephen_Roche_33-1024x616.jpg 1024w, https:\/\/d2p6e6u75xmxt8.cloudfront.net\/5\/2017\/03\/20151016_Stephen_Roche_33-300x181.jpg 300w, https:\/\/d2p6e6u75xmxt8.cloudfront.net\/5\/2017\/03\/20151016_Stephen_Roche_33-768x462.jpg 768w\" sizes=\"auto, (max-width: 1024px) 100vw, 1024px\" \/><\/a><\/p>\n<p><a href=\"https:\/\/d2p6e6u75xmxt8.cloudfront.net\/5\/2017\/03\/Stephen-Roche-LHT_Tue_-178.jpg\"><img loading=\"lazy\" decoding=\"async\" class=\"alignnone size-large wp-image-3070\" src=\"https:\/\/d2p6e6u75xmxt8.cloudfront.net\/5\/2017\/03\/Stephen-Roche-LHT_Tue_-178-1024x684.jpg\" alt=\"\" width=\"1024\" height=\"684\" srcset=\"https:\/\/d2p6e6u75xmxt8.cloudfront.net\/5\/2017\/03\/Stephen-Roche-LHT_Tue_-178-1024x684.jpg 1024w, https:\/\/d2p6e6u75xmxt8.cloudfront.net\/5\/2017\/03\/Stephen-Roche-LHT_Tue_-178-300x200.jpg 300w, https:\/\/d2p6e6u75xmxt8.cloudfront.net\/5\/2017\/03\/Stephen-Roche-LHT_Tue_-178-768x513.jpg 768w, https:\/\/d2p6e6u75xmxt8.cloudfront.net\/5\/2017\/03\/Stephen-Roche-LHT_Tue_-178-272x182.jpg 272w\" sizes=\"auto, (max-width: 1024px) 100vw, 1024px\" \/><\/a><\/p>\n<p><a href=\"https:\/\/d2p6e6u75xmxt8.cloudfront.net\/5\/2017\/03\/Stephen-Roche-LHT_Mon_-197.jpg\"><img loading=\"lazy\" decoding=\"async\" class=\"alignnone size-large wp-image-3071\" src=\"https:\/\/d2p6e6u75xmxt8.cloudfront.net\/5\/2017\/03\/Stephen-Roche-LHT_Mon_-197-1024x684.jpg\" alt=\"\" width=\"1024\" height=\"684\" srcset=\"https:\/\/d2p6e6u75xmxt8.cloudfront.net\/5\/2017\/03\/Stephen-Roche-LHT_Mon_-197-1024x684.jpg 1024w, https:\/\/d2p6e6u75xmxt8.cloudfront.net\/5\/2017\/03\/Stephen-Roche-LHT_Mon_-197-300x200.jpg 300w, https:\/\/d2p6e6u75xmxt8.cloudfront.net\/5\/2017\/03\/Stephen-Roche-LHT_Mon_-197-768x513.jpg 768w, https:\/\/d2p6e6u75xmxt8.cloudfront.net\/5\/2017\/03\/Stephen-Roche-LHT_Mon_-197-272x182.jpg 272w\" sizes=\"auto, (max-width: 1024px) 100vw, 1024px\" \/><\/a><\/p>\n<p><a href=\"https:\/\/d2p6e6u75xmxt8.cloudfront.net\/5\/2017\/03\/Stephen-Roche-LHT_Mon_-204.jpg\"><img loading=\"lazy\" decoding=\"async\" class=\"alignnone size-large wp-image-3072\" src=\"https:\/\/d2p6e6u75xmxt8.cloudfront.net\/5\/2017\/03\/Stephen-Roche-LHT_Mon_-204-1024x684.jpg\" alt=\"\" width=\"1024\" height=\"684\" srcset=\"https:\/\/d2p6e6u75xmxt8.cloudfront.net\/5\/2017\/03\/Stephen-Roche-LHT_Mon_-204-1024x684.jpg 1024w, https:\/\/d2p6e6u75xmxt8.cloudfront.net\/5\/2017\/03\/Stephen-Roche-LHT_Mon_-204-300x200.jpg 300w, https:\/\/d2p6e6u75xmxt8.cloudfront.net\/5\/2017\/03\/Stephen-Roche-LHT_Mon_-204-768x513.jpg 768w, https:\/\/d2p6e6u75xmxt8.cloudfront.net\/5\/2017\/03\/Stephen-Roche-LHT_Mon_-204-272x182.jpg 272w\" sizes=\"auto, (max-width: 1024px) 100vw, 1024px\" \/><\/a><\/p>\n<p><a href=\"https:\/\/d2p6e6u75xmxt8.cloudfront.net\/5\/2017\/03\/Stephen-Roche-LHT_Tue_-118.jpg\"><img loading=\"lazy\" decoding=\"async\" class=\"alignnone size-large wp-image-3073\" src=\"https:\/\/d2p6e6u75xmxt8.cloudfront.net\/5\/2017\/03\/Stephen-Roche-LHT_Tue_-118-1024x684.jpg\" alt=\"\" width=\"1024\" height=\"684\" srcset=\"https:\/\/d2p6e6u75xmxt8.cloudfront.net\/5\/2017\/03\/Stephen-Roche-LHT_Tue_-118-1024x684.jpg 1024w, https:\/\/d2p6e6u75xmxt8.cloudfront.net\/5\/2017\/03\/Stephen-Roche-LHT_Tue_-118-300x200.jpg 300w, https:\/\/d2p6e6u75xmxt8.cloudfront.net\/5\/2017\/03\/Stephen-Roche-LHT_Tue_-118-768x513.jpg 768w, https:\/\/d2p6e6u75xmxt8.cloudfront.net\/5\/2017\/03\/Stephen-Roche-LHT_Tue_-118-272x182.jpg 272w\" sizes=\"auto, (max-width: 1024px) 100vw, 1024px\" \/><br \/>\n<\/a><\/p>\n<p>\u201eMimo \u017ce zaw\u00f3d kolarza jest bardzo ci\u0119\u017cki, a czasem wr\u0119cz okrutny, moja mi\u0142o\u015b\u0107 do roweru pozostaje wci\u0105\u017c taka sama dzi\u015b, jak wtedy gdy odkry\u0142em rower. Jestem przekonany, \u017ce b\u0119d\u0119 je\u017adzi\u0142 na rowerze jeszcze d\u0142ugo po zako\u0144czeniu zawodowej kariery. Nigdy nie zrezygnuj\u0119 z roweru. Widz\u0119 mojego dziadka, kt\u00f3ry ma teraz 70 lat i wci\u0105\u017c je\u017adzi na rowerze po okolicy. To jest dla mnie pi\u0119kne i rower na zawsze musi zosta\u0107 cz\u0119\u015bci\u0105 mojego \u017cycia\u201d \u2013 te s\u0142owa przy\u015bwiecaj\u0105 Stephenowi Roche do dzi\u015b.<\/p>\n<p>Zg\u0142o\u015b swoj\u0105 najlepsz\u0105 tras\u0119 do 23 marca, a mo\u017ce to w\u0142a\u015bnie Ty b\u0119dziesz mie\u0107 zaszczyt trenowania z mistrzem!<\/p>\n<p>Wyniki b\u0119d\u0105 og\u0142oszone 27 marca.<\/p>\n<p>Ju\u017c jutro startujemy z konkursem na Facebooku! Sprawd\u017a na\u00a0<a href=\"https:\/\/www.facebook.com\/skodapolska\/photos\/a.263741030376416.64176.260889647328221\/1272803246136851\/?type=3&amp;theater\">fanpage \u0160koda POLSKA.<\/a><\/p>\n","protected":false},"excerpt":{"rendered":"<p>Masz ju\u017c plany na wiosn\u0119? We\u017a udzia\u0142 w konkursie i wygraj wyjazd na Majork\u0119 z prawdziw\u0105 legend\u0105 kolarstwa \u2013 Stephenem [&hellip;]<\/p>\n","protected":false},"author":76,"featured_media":3066,"comment_status":"open","ping_status":"open","sticky":false,"template":"","format":"standard","meta":{"footnotes":""},"categories":[226],"tags":[53,113,66,112],"global-categories":[],"class_list":["post-3065","post","type-post","status-publish","format-standard","has-post-thumbnail","hentry","category-ciekawostki","tag-konkurs","tag-majorka","tag-skodanapedzarowery","tag-stephan-roche"],"yoast_head":"<!-- This site is optimized with the Yoast SEO Premium plugin v25.3 (Yoast SEO v25.9) - https:\/\/yoast.com\/wordpress\/plugins\/seo\/ -->\n<title>Konkurs: Trenuj ze Stephenem Roche na Majorce! - \u0160koda We Love Cycling - Poland<\/title>\n<meta name=\"robots\" content=\"index, follow, max-snippet:-1, max-image-preview:large, max-video-preview:-1\" \/>\n<link rel=\"canonical\" href=\"https:\/\/www.welovecycling.com\/pl\/2017\/03\/16\/konkurs-trenuj-ze-stephenem-roche-majorce\/\" \/>\n<meta property=\"og:locale\" content=\"pl_PL\" \/>\n<meta property=\"og:type\" content=\"article\" \/>\n<meta property=\"og:title\" content=\"Konkurs: Trenuj ze Stephenem Roche na Majorce!\" \/>\n<meta property=\"og:description\" content=\"Masz ju\u017c plany na wiosn\u0119? We\u017a udzia\u0142 w konkursie i wygraj wyjazd na Majork\u0119 z prawdziw\u0105 legend\u0105 kolarstwa \u2013 Stephenem [&hellip;]\" \/>\n<meta property=\"og:url\" content=\"https:\/\/www.welovecycling.com\/pl\/2017\/03\/16\/konkurs-trenuj-ze-stephenem-roche-majorce\/\" \/>\n<meta property=\"og:site_name\" content=\"\u0160koda We Love Cycling - Poland\" \/>\n<meta property=\"article:published_time\" content=\"2017-03-16T11:36:42+00:00\" \/>\n<meta property=\"article:modified_time\" content=\"2018-04-03T09:32:11+00:00\" \/>\n<meta property=\"og:image\" content=\"https:\/\/d2p6e6u75xmxt8.cloudfront.net\/5\/2017\/03\/Stephen-Roche-LHT_Sun_-109-1024x684.jpg\" \/>\n\t<meta property=\"og:image:width\" content=\"1024\" \/>\n\t<meta property=\"og:image:height\" content=\"684\" \/>\n\t<meta property=\"og:image:type\" content=\"image\/jpeg\" \/>\n<meta name=\"author\" content=\"piotrboczkowski\" \/>\n<meta name=\"twitter:card\" content=\"summary_large_image\" \/>\n<meta name=\"twitter:label1\" content=\"Written by\" \/>\n\t<meta name=\"twitter:data1\" content=\"piotrboczkowski\" \/>\n\t<meta name=\"twitter:label2\" content=\"Est. reading time\" \/>\n\t<meta name=\"twitter:data2\" content=\"1 minute\" \/>\n<script type=\"application\/ld+json\" class=\"yoast-schema-graph\">{\"@context\":\"https:\/\/schema.org\",\"@graph\":[{\"@type\":\"WebPage\",\"@id\":\"https:\/\/www.welovecycling.com\/pl\/2017\/03\/16\/konkurs-trenuj-ze-stephenem-roche-majorce\/\",\"url\":\"https:\/\/www.welovecycling.com\/pl\/2017\/03\/16\/konkurs-trenuj-ze-stephenem-roche-majorce\/\",\"name\":\"Konkurs: Trenuj ze Stephenem Roche na Majorce! - \u0160koda We Love Cycling - Poland\",\"isPartOf\":{\"@id\":\"https:\/\/www.welovecycling.com\/pl\/#website\"},\"primaryImageOfPage\":{\"@id\":\"https:\/\/www.welovecycling.com\/pl\/2017\/03\/16\/konkurs-trenuj-ze-stephenem-roche-majorce\/#primaryimage\"},\"image\":{\"@id\":\"https:\/\/www.welovecycling.com\/pl\/2017\/03\/16\/konkurs-trenuj-ze-stephenem-roche-majorce\/#primaryimage\"},\"thumbnailUrl\":\"https:\/\/d2p6e6u75xmxt8.cloudfront.net\/5\/2017\/03\/Stephen-Roche-LHT_Sun_-109.jpg\",\"datePublished\":\"2017-03-16T11:36:42+00:00\",\"dateModified\":\"2018-04-03T09:32:11+00:00\",\"author\":{\"@id\":\"https:\/\/www.welovecycling.com\/pl\/#\/schema\/person\/0dba2d39da943db9df3fd8f4687e7f23\"},\"breadcrumb\":{\"@id\":\"https:\/\/www.welovecycling.com\/pl\/2017\/03\/16\/konkurs-trenuj-ze-stephenem-roche-majorce\/#breadcrumb\"},\"inLanguage\":\"pl-PL\",\"potentialAction\":[{\"@type\":\"ReadAction\",\"target\":[\"https:\/\/www.welovecycling.com\/pl\/2017\/03\/16\/konkurs-trenuj-ze-stephenem-roche-majorce\/\"]}]},{\"@type\":\"ImageObject\",\"inLanguage\":\"pl-PL\",\"@id\":\"https:\/\/www.welovecycling.com\/pl\/2017\/03\/16\/konkurs-trenuj-ze-stephenem-roche-majorce\/#primaryimage\",\"url\":\"https:\/\/d2p6e6u75xmxt8.cloudfront.net\/5\/2017\/03\/Stephen-Roche-LHT_Sun_-109.jpg\",\"contentUrl\":\"https:\/\/d2p6e6u75xmxt8.cloudfront.net\/5\/2017\/03\/Stephen-Roche-LHT_Sun_-109.jpg\",\"width\":4766,\"height\":3182},{\"@type\":\"BreadcrumbList\",\"@id\":\"https:\/\/www.welovecycling.com\/pl\/2017\/03\/16\/konkurs-trenuj-ze-stephenem-roche-majorce\/#breadcrumb\",\"itemListElement\":[{\"@type\":\"ListItem\",\"position\":1,\"name\":\"Home\",\"item\":\"https:\/\/www.welovecycling.com\/pl\/\"},{\"@type\":\"ListItem\",\"position\":2,\"name\":\"Konkurs: Trenuj ze Stephenem Roche na Majorce!\"}]},{\"@type\":\"WebSite\",\"@id\":\"https:\/\/www.welovecycling.com\/pl\/#website\",\"url\":\"https:\/\/www.welovecycling.com\/pl\/\",\"name\":\"\u0160koda We Love Cycling - Poland\",\"description\":\"\",\"potentialAction\":[{\"@type\":\"SearchAction\",\"target\":{\"@type\":\"EntryPoint\",\"urlTemplate\":\"https:\/\/www.welovecycling.com\/pl\/?s={search_term_string}\"},\"query-input\":{\"@type\":\"PropertyValueSpecification\",\"valueRequired\":true,\"valueName\":\"search_term_string\"}}],\"inLanguage\":\"pl-PL\"},{\"@type\":\"Person\",\"@id\":\"https:\/\/www.welovecycling.com\/pl\/#\/schema\/person\/0dba2d39da943db9df3fd8f4687e7f23\",\"name\":\"piotrboczkowski\",\"image\":{\"@type\":\"ImageObject\",\"inLanguage\":\"pl-PL\",\"@id\":\"https:\/\/www.welovecycling.com\/pl\/#\/schema\/person\/image\/\",\"url\":\"https:\/\/secure.gravatar.com\/avatar\/533caccae14752e03a2ce2d3fd62d1b98b93e1393c3195c27819e53344ca1ace?s=96&d=mm&r=g\",\"contentUrl\":\"https:\/\/secure.gravatar.com\/avatar\/533caccae14752e03a2ce2d3fd62d1b98b93e1393c3195c27819e53344ca1ace?s=96&d=mm&r=g\",\"caption\":\"piotrboczkowski\"},\"url\":\"https:\/\/www.welovecycling.com\/pl\/author\/piotrboczkowski\/\"}]}<\/script>\n<!-- \/ Yoast SEO Premium plugin. -->","yoast_head_json":{"title":"Konkurs: Trenuj ze Stephenem Roche na Majorce! - \u0160koda We Love Cycling - Poland","robots":{"index":"index","follow":"follow","max-snippet":"max-snippet:-1","max-image-preview":"max-image-preview:large","max-video-preview":"max-video-preview:-1"},"canonical":"https:\/\/www.welovecycling.com\/pl\/2017\/03\/16\/konkurs-trenuj-ze-stephenem-roche-majorce\/","og_locale":"pl_PL","og_type":"article","og_title":"Konkurs: Trenuj ze Stephenem Roche na Majorce!","og_description":"Masz ju\u017c plany na wiosn\u0119? We\u017a udzia\u0142 w konkursie i wygraj wyjazd na Majork\u0119 z prawdziw\u0105 legend\u0105 kolarstwa \u2013 Stephenem [&hellip;]","og_url":"https:\/\/www.welovecycling.com\/pl\/2017\/03\/16\/konkurs-trenuj-ze-stephenem-roche-majorce\/","og_site_name":"\u0160koda We Love Cycling - Poland","article_published_time":"2017-03-16T11:36:42+00:00","article_modified_time":"2018-04-03T09:32:11+00:00","og_image":[{"width":1024,"height":684,"url":"https:\/\/d2p6e6u75xmxt8.cloudfront.net\/5\/2017\/03\/Stephen-Roche-LHT_Sun_-109-1024x684.jpg","type":"image\/jpeg"}],"author":"piotrboczkowski","twitter_card":"summary_large_image","twitter_misc":{"Written by":"piotrboczkowski","Est. reading time":"1 minute"},"schema":{"@context":"https:\/\/schema.org","@graph":[{"@type":"WebPage","@id":"https:\/\/www.welovecycling.com\/pl\/2017\/03\/16\/konkurs-trenuj-ze-stephenem-roche-majorce\/","url":"https:\/\/www.welovecycling.com\/pl\/2017\/03\/16\/konkurs-trenuj-ze-stephenem-roche-majorce\/","name":"Konkurs: Trenuj ze Stephenem Roche na Majorce! - \u0160koda We Love Cycling - Poland","isPartOf":{"@id":"https:\/\/www.welovecycling.com\/pl\/#website"},"primaryImageOfPage":{"@id":"https:\/\/www.welovecycling.com\/pl\/2017\/03\/16\/konkurs-trenuj-ze-stephenem-roche-majorce\/#primaryimage"},"image":{"@id":"https:\/\/www.welovecycling.com\/pl\/2017\/03\/16\/konkurs-trenuj-ze-stephenem-roche-majorce\/#primaryimage"},"thumbnailUrl":"https:\/\/d2p6e6u75xmxt8.cloudfront.net\/5\/2017\/03\/Stephen-Roche-LHT_Sun_-109.jpg","datePublished":"2017-03-16T11:36:42+00:00","dateModified":"2018-04-03T09:32:11+00:00","author":{"@id":"https:\/\/www.welovecycling.com\/pl\/#\/schema\/person\/0dba2d39da943db9df3fd8f4687e7f23"},"breadcrumb":{"@id":"https:\/\/www.welovecycling.com\/pl\/2017\/03\/16\/konkurs-trenuj-ze-stephenem-roche-majorce\/#breadcrumb"},"inLanguage":"pl-PL","potentialAction":[{"@type":"ReadAction","target":["https:\/\/www.welovecycling.com\/pl\/2017\/03\/16\/konkurs-trenuj-ze-stephenem-roche-majorce\/"]}]},{"@type":"ImageObject","inLanguage":"pl-PL","@id":"https:\/\/www.welovecycling.com\/pl\/2017\/03\/16\/konkurs-trenuj-ze-stephenem-roche-majorce\/#primaryimage","url":"https:\/\/d2p6e6u75xmxt8.cloudfront.net\/5\/2017\/03\/Stephen-Roche-LHT_Sun_-109.jpg","contentUrl":"https:\/\/d2p6e6u75xmxt8.cloudfront.net\/5\/2017\/03\/Stephen-Roche-LHT_Sun_-109.jpg","width":4766,"height":3182},{"@type":"BreadcrumbList","@id":"https:\/\/www.welovecycling.com\/pl\/2017\/03\/16\/konkurs-trenuj-ze-stephenem-roche-majorce\/#breadcrumb","itemListElement":[{"@type":"ListItem","position":1,"name":"Home","item":"https:\/\/www.welovecycling.com\/pl\/"},{"@type":"ListItem","position":2,"name":"Konkurs: Trenuj ze Stephenem Roche na Majorce!"}]},{"@type":"WebSite","@id":"https:\/\/www.welovecycling.com\/pl\/#website","url":"https:\/\/www.welovecycling.com\/pl\/","name":"\u0160koda We Love Cycling - Poland","description":"","potentialAction":[{"@type":"SearchAction","target":{"@type":"EntryPoint","urlTemplate":"https:\/\/www.welovecycling.com\/pl\/?s={search_term_string}"},"query-input":{"@type":"PropertyValueSpecification","valueRequired":true,"valueName":"search_term_string"}}],"inLanguage":"pl-PL"},{"@type":"Person","@id":"https:\/\/www.welovecycling.com\/pl\/#\/schema\/person\/0dba2d39da943db9df3fd8f4687e7f23","name":"piotrboczkowski","image":{"@type":"ImageObject","inLanguage":"pl-PL","@id":"https:\/\/www.welovecycling.com\/pl\/#\/schema\/person\/image\/","url":"https:\/\/secure.gravatar.com\/avatar\/533caccae14752e03a2ce2d3fd62d1b98b93e1393c3195c27819e53344ca1ace?s=96&d=mm&r=g","contentUrl":"https:\/\/secure.gravatar.com\/avatar\/533caccae14752e03a2ce2d3fd62d1b98b93e1393c3195c27819e53344ca1ace?s=96&d=mm&r=g","caption":"piotrboczkowski"},"url":"https:\/\/www.welovecycling.com\/pl\/author\/piotrboczkowski\/"}]}},"_links":{"self":[{"href":"https:\/\/www.welovecycling.com\/pl\/wp-json\/wp\/v2\/posts\/3065","targetHints":{"allow":["GET"]}}],"collection":[{"href":"https:\/\/www.welovecycling.com\/pl\/wp-json\/wp\/v2\/posts"}],"about":[{"href":"https:\/\/www.welovecycling.com\/pl\/wp-json\/wp\/v2\/types\/post"}],"author":[{"embeddable":true,"href":"https:\/\/www.welovecycling.com\/pl\/wp-json\/wp\/v2\/users\/76"}],"replies":[{"embeddable":true,"href":"https:\/\/www.welovecycling.com\/pl\/wp-json\/wp\/v2\/comments?post=3065"}],"version-history":[{"count":2,"href":"https:\/\/www.welovecycling.com\/pl\/wp-json\/wp\/v2\/posts\/3065\/revisions"}],"predecessor-version":[{"id":3324,"href":"https:\/\/www.welovecycling.com\/pl\/wp-json\/wp\/v2\/posts\/3065\/revisions\/3324"}],"wp:featuredmedia":[{"embeddable":true,"href":"https:\/\/www.welovecycling.com\/pl\/wp-json\/wp\/v2\/media\/3066"}],"wp:attachment":[{"href":"https:\/\/www.welovecycling.com\/pl\/wp-json\/wp\/v2\/media?parent=3065"}],"wp:term":[{"taxonomy":"category","embeddable":true,"href":"https:\/\/www.welovecycling.com\/pl\/wp-json\/wp\/v2\/categories?post=3065"},{"taxonomy":"post_tag","embeddable":true,"href":"https:\/\/www.welovecycling.com\/pl\/wp-json\/wp\/v2\/tags?post=3065"},{"taxonomy":"global-categories","embeddable":true,"href":"https:\/\/www.welovecycling.com\/pl\/wp-json\/wp\/v2\/global-categories?post=3065"}],"curies":[{"name":"wp","href":"https:\/\/api.w.org\/{rel}","templated":true}]}}