{"id":3046,"date":"2017-03-15T21:06:03","date_gmt":"2017-03-15T21:06:03","guid":{"rendered":"https:\/\/www.welovecycling.com\/pl\/?p=3046"},"modified":"2017-04-08T21:10:52","modified_gmt":"2017-04-08T21:10:52","slug":"jazda-rowerze-kopenhadze-oczami-emigranta","status":"publish","type":"post","link":"https:\/\/www.welovecycling.com\/pl\/2017\/03\/15\/jazda-rowerze-kopenhadze-oczami-emigranta\/","title":{"rendered":"Jazda na rowerze w Kopenhadze oczami emigranta"},"content":{"rendered":"<p>Ond\u0159ej Bro\u017e to czeski emigrant mieszkaj\u0105cy w Kopenhadze. Zawsze by\u0142 mi\u0142o\u015bnikiem kolarstwa, ale na rowerze zacz\u0105\u0142 je\u017adzi\u0107 regularnie dopiero na pocz\u0105tku 2015 roku, kiedy kupi\u0142 rower szosowy. Jakie by\u0142y jego pierwsze wra\u017cenia jako rowerzysty po przeprowadzce do Danii? Czy Kopenhaga to naprawd\u0119 miasto przyjazne cyklistom? Ond\u0159ej opowie wam o wszystkim, co musicie wiedzie\u0107 przed wizyt\u0105 w du\u0144skiej stolicy, je\u015bli zamierzacie zwiedzi\u0107 j\u0105 na rowerze.<\/p>\n<p><strong>Ond\u0159ej, co sprowadzi\u0142o ci\u0119 do Danii?<\/strong><\/p>\n<p>Dosta\u0142em ofert\u0119 nowej pracy w Kopenhadze, wi\u0119c postanowi\u0142em opu\u015bci\u0107 Prag\u0119 i skorzysta\u0107 z tej szansy. Pracuj\u0119 w sektorze energetyki wiatrowej, kt\u00f3ry w Danii jest bardzo rozwini\u0119ty. Przeprowadzi\u0142em si\u0119 latem 2016 roku, w sam raz, \u017ceby zd\u0105\u017cy\u0107 przejecha\u0107 si\u0119 kilka razy w kr\u00f3tkim r\u0119kawie i bez getr\u00f3w.<\/p>\n<p><img loading=\"lazy\" decoding=\"async\" class=\"alignnone size-large wp-image-3048\" src=\"https:\/\/d2p6e6u75xmxt8.cloudfront.net\/5\/2017\/03\/IMG_2152-768x1024.jpg\" sizes=\"auto, (max-width: 768px) 100vw, 768px\" srcset=\"https:\/\/d2p6e6u75xmxt8.cloudfront.net\/5\/2017\/03\/IMG_2152-768x1024.jpg 768w, https:\/\/d2p6e6u75xmxt8.cloudfront.net\/5\/2017\/03\/IMG_2152-225x300.jpg 225w, https:\/\/d2p6e6u75xmxt8.cloudfront.net\/5\/2017\/03\/IMG_2152.jpg 810w\" alt=\"\" width=\"768\" height=\"1024\" \/><\/p>\n<p><strong>Zabra\u0142e\u015b ze sob\u0105 w\u0142asny rower?<\/strong><\/p>\n<p>Tak. Spakowa\u0142em dwie torby, walizk\u0119 do transportu roweru i wsiad\u0142em do samolotu. Na pierwsz\u0105 przeja\u017cd\u017ck\u0119 wybra\u0142em\u00a0si\u0119 chyba ju\u017c drugiego dnia mojego pobytu tutaj, a w m\u00f3j pierwszy weekend do\u0142\u0105czy\u0142em do du\u017cej grupowej wyprawy.<\/p>\n<p>Je\u015bli chodzi o kolarstwo szosowe, to jest tu po prostu p\u0142asko, wietrznie i szybko. Jestem przyzwyczajony do g\u00f3rzystych teren\u00f3w pod Prag\u0105, dlatego potrzebowa\u0142em troch\u0119 czasu, \u017ceby przystosowa\u0107 si\u0119 do d\u0142ugiej, szybkiej jazdy przy ma\u0142ym wysi\u0142ku. Tutaj potrzebna jest inna wytrzyma\u0142o\u015b\u0107. Szybko nauczy\u0142em si\u0119 te\u017c, \u017ceby nie je\u017adzi\u0107 samotnie w wietrzne dni.<\/p>\n<p><a href=\"https:\/\/d2p6e6u75xmxt8.cloudfront.net\/5\/2017\/03\/IMG_0035.jpg\"><img loading=\"lazy\" decoding=\"async\" class=\"alignnone size-large wp-image-3049\" src=\"https:\/\/d2p6e6u75xmxt8.cloudfront.net\/5\/2017\/03\/IMG_0035-1024x768.jpg\" sizes=\"auto, (max-width: 1024px) 100vw, 1024px\" srcset=\"https:\/\/d2p6e6u75xmxt8.cloudfront.net\/5\/2017\/03\/IMG_0035-1024x768.jpg 1024w, https:\/\/d2p6e6u75xmxt8.cloudfront.net\/5\/2017\/03\/IMG_0035-300x225.jpg 300w, https:\/\/d2p6e6u75xmxt8.cloudfront.net\/5\/2017\/03\/IMG_0035-768x576.jpg 768w, https:\/\/d2p6e6u75xmxt8.cloudfront.net\/5\/2017\/03\/IMG_0035.jpg 1440w\" alt=\"\" width=\"1024\" height=\"768\" \/><\/a><\/p>\n<p><strong>Kopenhaga jest uwa\u017cana za najbardziej przyjazne dla rowerzyst\u00f3w miasto na \u015bwiecie. Czy to prawda?<\/strong><\/p>\n<p>Tak, my\u015bl\u0119, \u017ce tak. Kultura kolarska jest tu po prostu cz\u0119\u015bci\u0105 \u017cycia codziennego. Naturalnie r\u00f3wny teren, doskona\u0142a infrastruktura rowerowa i fakt, \u017ce Kopenhaga jest stosunkowo niewielka, sprawiaj\u0105, \u017ce jest to miasto idealne dla rowerzyst\u00f3w. To co\u015b, o czym po chwili ju\u017c naprawd\u0119 nie my\u015blisz. Kilka dni temu pada\u0142 \u015bnieg, a ja musia\u0142em za\u0142atwi\u0107 jakie\u015b sprawunki. Odruchowo\u00a0poszed\u0142em na podw\u00f3rko swojego bloku po m\u00f3j miejski rower i ani razu nie pomy\u015bla\u0142em o skorzystaniu z innej formy transportu. Oczywi\u015bcie pomaga to, \u017ce miasto jest zorganizowane pod tym k\u0105tem \u2013 masz pierwsze\u0144stwo na drogach, jest wiele miejsc, w kt\u00f3rych mo\u017cesz przypi\u0105\u0107 rower, biurowce maj\u0105\u00a0szatnie i prysznice itp. Statystyki te\u017c s\u0105 osza\u0142amiaj\u0105ce. Jestem przekonany, \u017ce ka\u017cdego dnia w Kopenhadze ludzie przeje\u017cd\u017caj\u0105 ponad 1 milion kilometr\u00f3w, a oko\u0142o 40% wszystkich mieszka\u0144c\u00f3w doje\u017cd\u017ca do pracy na rowerze.<\/p>\n<p>W mie\u015bcie wyra\u017anie wida\u0107, \u017ce rowery maj\u0105 pierwsze\u0144stwo, a kierowcy samochod\u00f3w to szanuj\u0105. Kilka razy jecha\u0142em samochodem w Kopenhadze, a kierowcy, kt\u00f3rzy nie s\u0105 przyzwyczajeni do jazdy na rowerze, na pewno powinni si\u0119 przystosowa\u0107. Na przyk\u0142ad podczas skr\u0119cania w prawo musisz najpierw przepu\u015bci\u0107 rowerzyst\u00f3w. Kiedy wyjecha\u0142em z Kopenhagi na rowerze szosowym, kierowcy byli uprzejmi i dawali mi wystarczaj\u0105co du\u017co miejsca. Je\u015bli jednak jest \u015bcie\u017cka rowerowa, a korzystasz z jezdni, b\u0119d\u0105 tr\u0105bi\u0107. Zupe\u0142nie inaczej ni\u017c poza Prag\u0105, gdzie niekt\u00f3rzy wciskaj\u0105 klakson, gdy tylko zauwa\u017c\u0105 rowerzyst\u0119.<\/p>\n<p><a href=\"https:\/\/d2p6e6u75xmxt8.cloudfront.net\/5\/2017\/03\/IMG_0032.jpg\"><img loading=\"lazy\" decoding=\"async\" class=\"alignnone size-large wp-image-3050\" src=\"https:\/\/d2p6e6u75xmxt8.cloudfront.net\/5\/2017\/03\/IMG_0032-1024x768.jpg\" sizes=\"auto, (max-width: 1024px) 100vw, 1024px\" srcset=\"https:\/\/d2p6e6u75xmxt8.cloudfront.net\/5\/2017\/03\/IMG_0032-1024x768.jpg 1024w, https:\/\/d2p6e6u75xmxt8.cloudfront.net\/5\/2017\/03\/IMG_0032-300x225.jpg 300w, https:\/\/d2p6e6u75xmxt8.cloudfront.net\/5\/2017\/03\/IMG_0032-768x576.jpg 768w, https:\/\/d2p6e6u75xmxt8.cloudfront.net\/5\/2017\/03\/IMG_0032.jpg 1440w\" alt=\"\" width=\"1024\" height=\"768\" \/><\/a><\/p>\n<p><a href=\"https:\/\/d2p6e6u75xmxt8.cloudfront.net\/5\/2017\/03\/IMG_1197.jpg\"><img loading=\"lazy\" decoding=\"async\" class=\"size-large wp-image-3051\" src=\"https:\/\/d2p6e6u75xmxt8.cloudfront.net\/5\/2017\/03\/IMG_1197-1024x768.jpg\" sizes=\"auto, (max-width: 1024px) 100vw, 1024px\" srcset=\"https:\/\/d2p6e6u75xmxt8.cloudfront.net\/5\/2017\/03\/IMG_1197-1024x768.jpg 1024w, https:\/\/d2p6e6u75xmxt8.cloudfront.net\/5\/2017\/03\/IMG_1197-300x225.jpg 300w, https:\/\/d2p6e6u75xmxt8.cloudfront.net\/5\/2017\/03\/IMG_1197-768x576.jpg 768w, https:\/\/d2p6e6u75xmxt8.cloudfront.net\/5\/2017\/03\/IMG_1197.jpg 1440w\" alt=\"\" width=\"1024\" height=\"768\" \/><\/a><\/p>\n<p><strong>Jaki rower wed\u0142ug ciebie najlepiej nadaje si\u0119 do jazdy w Kopenhadze?<\/strong><\/p>\n<p>Przywioz\u0142em sw\u00f3j normalny rower szosowy z w\u0142\u00f3kna w\u0119glowego, Focus Izalco. By\u0142a tu do\u015b\u0107 \u0142agodna zima, ale niewiele skorzysta\u0142em z kilku wypraw po drogach \u017cwirowych i prze\u0142ajowych, wi\u0119c zdecydowanie b\u0119d\u0119 szuka\u0107 roweru do jazdy po \u017cwirze. Kupi\u0142em te\u017c rower miejski, \u017ceby doje\u017cd\u017ca\u0107 do pracy. Problemem s\u0105 tu kradzie\u017ce, wi\u0119c w przypadku roweru miejskiego zwykle trzeba znale\u017a\u0107 kompromis pomi\u0119dzy jako\u015bci\u0105 a prawdopodobie\u0144stwem, \u017ce b\u0119dzie przyci\u0105ga\u0107 wzrok jakiego\u015b z\u0142odzieja.<\/p>\n<p><strong>Czy zapisa\u0142e\u015b si\u0119 do lokalnego klubu kolarskiego?<\/strong><\/p>\n<p>Jest tu wiele klub\u00f3w i grup, w kt\u00f3rych mo\u017cna je\u017adzi\u0107. Mia\u0142em szcz\u0119\u015bcie, bo dok\u0142adnie w momencie, kiedy przeprowadzi\u0142em si\u0119 do Kopenhagi, otwiera\u0142 si\u0119 tu klub kolarski Rapha Cycling Club, wi\u0119c do\u0142\u0105czy\u0142em do sekcji kolarskiej klubu w Kopenhadze. Jest to mi\u0119dzynarodowa ekipa maj\u0105ca w swych szeregach zar\u00f3wno imigrant\u00f3w, jak i Du\u0144czyk\u00f3w, wi\u0119c bardzo \u0142atwo by\u0142o si\u0119 przy\u0142\u0105czy\u0107 i znale\u017a\u0107 ludzi, z kt\u00f3rymi mo\u017cna poje\u017adzi\u0107. Wspaniale jest r\u00f3wnie\u017c mie\u0107 baz\u0119 i kawiarni\u0119, \u017ceby wypi\u0107 kaw\u0119 przed i po je\u017adzie. Jest wiele innych mo\u017cliwo\u015bci, aby znale\u017a\u0107 grup\u0119 do wsp\u00f3lnej jazdy. Przychodzi mi na my\u015bl na przyk\u0142ad Pas Normal Studios. Poza tym jest wiele \u015bwietnych sklep\u00f3w rowerowych, w kt\u00f3rych mo\u017cna spotka\u0107 si\u0119 z lud\u017ami, kupi\u0107 sprz\u0119t i us\u0142ysze\u0107 cenne wskaz\u00f3wki, na przyk\u0142ad Soigneur lub Velo Pav\u00e8, niedaleko za miastem.<\/p>\n<p><a href=\"https:\/\/d2p6e6u75xmxt8.cloudfront.net\/5\/2017\/03\/IMG_0123.jpg\"><img loading=\"lazy\" decoding=\"async\" class=\"alignnone size-large wp-image-3052\" src=\"https:\/\/d2p6e6u75xmxt8.cloudfront.net\/5\/2017\/03\/IMG_0123-1024x768.jpg\" sizes=\"auto, (max-width: 1024px) 100vw, 1024px\" srcset=\"https:\/\/d2p6e6u75xmxt8.cloudfront.net\/5\/2017\/03\/IMG_0123-1024x768.jpg 1024w, https:\/\/d2p6e6u75xmxt8.cloudfront.net\/5\/2017\/03\/IMG_0123-300x225.jpg 300w, https:\/\/d2p6e6u75xmxt8.cloudfront.net\/5\/2017\/03\/IMG_0123-768x576.jpg 768w, https:\/\/d2p6e6u75xmxt8.cloudfront.net\/5\/2017\/03\/IMG_0123.jpg 1440w\" alt=\"\" width=\"1024\" height=\"768\" \/><\/a><\/p>\n<p><strong>Co og\u00f3lnie lubisz w je\u017adzie na rowerze?<\/strong><\/p>\n<p>Trudno powiedzie\u0107, co lubi\u0119 najbardziej. Wypady indywidualnie, w kt\u00f3rych sprawdzasz w\u0142asne mo\u017cliwo\u015bci, walk\u0119 w sprintach i podjazdach podczas jazd grupowych, ucieczk\u0119 za miasto, oczyszczenie g\u0142owy przez\u00a0kilka godzin w siode\u0142ku, zwiedzanie kraj\u00f3w w trakcie pokonywania znanych tras rowerowych, pi\u0119kne widoki podczas wspinaczki w Alpach, przerwy na kaw\u0119, poczucie kole\u017ce\u0144stwa, m\u00f3g\u0142bym tak wymienia\u0107 dalej&#8230;<\/p>\n<p><strong>Jak je\u017adzi\u0142o si\u0119 po Kopenhadze zim\u0105?<\/strong><\/p>\n<p>Stara\u0142em si\u0119 je\u017adzi\u0107 po kilka kilometr\u00f3w nawet w miesi\u0105cach zimowych. W tym roku pogoda nie by\u0142a taka z\u0142a, ale raz czy dwa razy zdr\u0119twia\u0142y mi palce u n\u00f3g. Zim\u0105 naprawd\u0119 pomocna jest jazda w grupie. W grudniu uda\u0142o mi si\u0119 r\u00f3wnie\u017c znale\u017a\u0107 tani lot na Teneryf\u0119, polecia\u0142em tam na weekend i wjecha\u0142em na szczyt Pico del Teide, \u017ceby przypomnie\u0107 sobie podjazdy i jazd\u0119 na rowerze w s\u0142o\u0144cu. A na naprawd\u0119 kiepskie dni mam w domu rower treningowy.<\/p>\n<p><a href=\"https:\/\/d2p6e6u75xmxt8.cloudfront.net\/5\/2017\/03\/IMG_0027.jpg\"><img loading=\"lazy\" decoding=\"async\" class=\"size-large wp-image-3053\" src=\"https:\/\/d2p6e6u75xmxt8.cloudfront.net\/5\/2017\/03\/IMG_0027-819x1024.jpg\" sizes=\"auto, (max-width: 819px) 100vw, 819px\" srcset=\"https:\/\/d2p6e6u75xmxt8.cloudfront.net\/5\/2017\/03\/IMG_0027-819x1024.jpg 819w, https:\/\/d2p6e6u75xmxt8.cloudfront.net\/5\/2017\/03\/IMG_0027-240x300.jpg 240w, https:\/\/d2p6e6u75xmxt8.cloudfront.net\/5\/2017\/03\/IMG_0027-768x960.jpg 768w, https:\/\/d2p6e6u75xmxt8.cloudfront.net\/5\/2017\/03\/IMG_0027.jpg 864w\" alt=\"\" width=\"819\" height=\"1024\" \/><\/a><\/p>\n<p><a href=\"https:\/\/d2p6e6u75xmxt8.cloudfront.net\/5\/2017\/03\/IMG_0031.jpg\"><img loading=\"lazy\" decoding=\"async\" class=\"size-large wp-image-3056\" src=\"https:\/\/d2p6e6u75xmxt8.cloudfront.net\/5\/2017\/03\/IMG_0031-819x1024.jpg\" sizes=\"auto, (max-width: 819px) 100vw, 819px\" srcset=\"https:\/\/d2p6e6u75xmxt8.cloudfront.net\/5\/2017\/03\/IMG_0031-819x1024.jpg 819w, https:\/\/d2p6e6u75xmxt8.cloudfront.net\/5\/2017\/03\/IMG_0031-240x300.jpg 240w, https:\/\/d2p6e6u75xmxt8.cloudfront.net\/5\/2017\/03\/IMG_0031-768x960.jpg 768w, https:\/\/d2p6e6u75xmxt8.cloudfront.net\/5\/2017\/03\/IMG_0031.jpg 864w\" alt=\"\" width=\"819\" height=\"1024\" \/><\/a><\/p>\n<p><strong>Dania jest znana jako niezwykle r\u00f3wninny kraj. Jaki ma to wp\u0142yw na kolarstwo szosowe?<\/strong><\/p>\n<p>Teren bardzo r\u00f3\u017cni si\u0119 od tego wok\u00f3\u0142 Pragi, do kt\u00f3rego jestem przyzwyczajony. Tam mo\u017cesz \u0142atwo przejecha\u0107 80 kilometr\u00f3w przy zmianie wysoko\u015bci o 1000 metr\u00f3w. W Kopenhadze b\u0119dziesz si\u0119 cieszy\u0107, gdy zrobisz 300-400 metr\u00f3w na 100 kilometr\u00f3w. Je\u017adzi si\u0119 raczej sta\u0142ym tempem i z wi\u0119ksz\u0105 pr\u0119dko\u015bci\u0105. Uczysz si\u0119 te\u017c, \u017ceby sprawdza\u0107 wiatr przed jazd\u0105, jego pr\u0119dko\u015b\u0107 i kierunek, a nast\u0119pnie zdecydowa\u0107, czy jecha\u0107 wzd\u0142u\u017c wybrze\u017ca, czy pr\u00f3bowa\u0107 ukry\u0107 si\u0119 w g\u0142\u0119bi l\u0105du. Opr\u00f3cz tego po prostu zak\u0142adasz dobre ubrania, wskakujesz na rower i wyruszasz, jak w ka\u017cdym innym miejscu.<\/p>\n<p><strong>Co poleci\u0142by\u015b naszym czytelnikom, zanim przyjad\u0105 do Kopenhagi je\u017adzi\u0107 na rowerze?<\/strong><\/p>\n<p>Aby je\u017adzi\u0107 na rowerze po mie\u015bcie, powinni zarejestrowa\u0107 si\u0119 w lokalnym publicznym systemie wypo\u017cyczania rower\u00f3w na bicyklen.dk. Jest to nie tylko wygodny, ale r\u00f3wnie\u017c \u015bwietny spos\u00f3b na zwiedzanie miasta. Je\u015bli chodzi o kolarstwo szosowe, z przyjemno\u015bci\u0105 wybra\u0142bym si\u0119 gdzie\u015b z czytelnikiem We Love Cycling. Rapha i inne grupy, o kt\u00f3rych wspomnia\u0142em, zazwyczaj organizuj\u0105 jak\u0105\u015b form\u0119 regularnych otwartych wypraw i jest to dobry spos\u00f3b na przejechanie wybranych klasycznych p\u0119tli na p\u00f3\u0142noc od Kopenhagi z jej mieszka\u0144cami.<\/p>\n<p><a href=\"https:\/\/d2p6e6u75xmxt8.cloudfront.net\/5\/2017\/03\/IMG_0012.jpg\"><img loading=\"lazy\" decoding=\"async\" class=\"size-large wp-image-3057\" src=\"https:\/\/d2p6e6u75xmxt8.cloudfront.net\/5\/2017\/03\/IMG_0012-1024x768.jpg\" sizes=\"auto, (max-width: 1024px) 100vw, 1024px\" srcset=\"https:\/\/d2p6e6u75xmxt8.cloudfront.net\/5\/2017\/03\/IMG_0012-1024x768.jpg 1024w, https:\/\/d2p6e6u75xmxt8.cloudfront.net\/5\/2017\/03\/IMG_0012-300x225.jpg 300w, https:\/\/d2p6e6u75xmxt8.cloudfront.net\/5\/2017\/03\/IMG_0012-768x576.jpg 768w, https:\/\/d2p6e6u75xmxt8.cloudfront.net\/5\/2017\/03\/IMG_0012.jpg 1440w\" alt=\"\" width=\"1024\" height=\"768\" \/><\/a><\/p>\n<p><a href=\"https:\/\/d2p6e6u75xmxt8.cloudfront.net\/5\/2017\/03\/IMG_0029.jpg\"><img loading=\"lazy\" decoding=\"async\" class=\"size-large wp-image-3058\" src=\"https:\/\/d2p6e6u75xmxt8.cloudfront.net\/5\/2017\/03\/IMG_0029-1024x768.jpg\" sizes=\"auto, (max-width: 1024px) 100vw, 1024px\" srcset=\"https:\/\/d2p6e6u75xmxt8.cloudfront.net\/5\/2017\/03\/IMG_0029-1024x768.jpg 1024w, https:\/\/d2p6e6u75xmxt8.cloudfront.net\/5\/2017\/03\/IMG_0029-300x225.jpg 300w, https:\/\/d2p6e6u75xmxt8.cloudfront.net\/5\/2017\/03\/IMG_0029-768x576.jpg 768w, https:\/\/d2p6e6u75xmxt8.cloudfront.net\/5\/2017\/03\/IMG_0029.jpg 1440w\" alt=\"\" width=\"1024\" height=\"768\" \/><\/a><\/p>\n<p>&nbsp;<\/p>\n<p>(\u017ar\u00f3d\u0142o zdj\u0119\u0107: welovecycling.com)<\/p>\n","protected":false},"excerpt":{"rendered":"<p>Ond\u0159ej Bro\u017e to czeski emigrant mieszkaj\u0105cy w Kopenhadze. Zawsze by\u0142 mi\u0142o\u015bnikiem kolarstwa, ale na rowerze zacz\u0105\u0142 je\u017adzi\u0107 regularnie dopiero na [&hellip;]<\/p>\n","protected":false},"author":76,"featured_media":3047,"comment_status":"open","ping_status":"open","sticky":false,"template":"","format":"standard","meta":{"footnotes":""},"categories":[1],"tags":[110,111],"global-categories":[],"class_list":["post-3046","post","type-post","status-publish","format-standard","has-post-thumbnail","hentry","category-uncategorized","tag-dania","tag-kopenhaga"],"yoast_head":"<!-- This site is optimized with the Yoast SEO Premium plugin v25.3 (Yoast SEO v25.9) - https:\/\/yoast.com\/wordpress\/plugins\/seo\/ -->\n<title>Jazda na rowerze w Kopenhadze oczami emigranta - \u0160koda We Love Cycling - Poland<\/title>\n<meta name=\"robots\" content=\"index, follow, max-snippet:-1, max-image-preview:large, max-video-preview:-1\" \/>\n<link rel=\"canonical\" href=\"https:\/\/www.welovecycling.com\/pl\/2017\/03\/15\/jazda-rowerze-kopenhadze-oczami-emigranta\/\" \/>\n<meta property=\"og:locale\" content=\"pl_PL\" \/>\n<meta property=\"og:type\" content=\"article\" \/>\n<meta property=\"og:title\" content=\"Jazda na rowerze w Kopenhadze oczami emigranta\" \/>\n<meta property=\"og:description\" content=\"Ond\u0159ej Bro\u017e to czeski emigrant mieszkaj\u0105cy w Kopenhadze. Zawsze by\u0142 mi\u0142o\u015bnikiem kolarstwa, ale na rowerze zacz\u0105\u0142 je\u017adzi\u0107 regularnie dopiero na [&hellip;]\" \/>\n<meta property=\"og:url\" content=\"https:\/\/www.welovecycling.com\/pl\/2017\/03\/15\/jazda-rowerze-kopenhadze-oczami-emigranta\/\" \/>\n<meta property=\"og:site_name\" content=\"\u0160koda We Love Cycling - Poland\" \/>\n<meta property=\"article:published_time\" content=\"2017-03-15T21:06:03+00:00\" \/>\n<meta property=\"article:modified_time\" content=\"2017-04-08T21:10:52+00:00\" \/>\n<meta property=\"og:image\" content=\"https:\/\/d2p6e6u75xmxt8.cloudfront.net\/5\/2017\/03\/2244244_24224424.jpg\" \/>\n\t<meta property=\"og:image:width\" content=\"1375\" \/>\n\t<meta property=\"og:image:height\" content=\"600\" \/>\n\t<meta property=\"og:image:type\" content=\"image\/jpeg\" \/>\n<meta name=\"author\" content=\"piotrboczkowski\" \/>\n<meta name=\"twitter:card\" content=\"summary_large_image\" \/>\n<meta name=\"twitter:label1\" content=\"Written by\" \/>\n\t<meta name=\"twitter:data1\" content=\"Adam Marsal\" \/>\n\t<meta name=\"twitter:label2\" content=\"Est. reading time\" \/>\n\t<meta name=\"twitter:data2\" content=\"6 minutes\" \/>\n<script type=\"application\/ld+json\" class=\"yoast-schema-graph\">{\"@context\":\"https:\/\/schema.org\",\"@graph\":[{\"@type\":\"WebPage\",\"@id\":\"https:\/\/www.welovecycling.com\/pl\/2017\/03\/15\/jazda-rowerze-kopenhadze-oczami-emigranta\/\",\"url\":\"https:\/\/www.welovecycling.com\/pl\/2017\/03\/15\/jazda-rowerze-kopenhadze-oczami-emigranta\/\",\"name\":\"Jazda na rowerze w Kopenhadze oczami emigranta - \u0160koda We Love Cycling - Poland\",\"isPartOf\":{\"@id\":\"https:\/\/www.welovecycling.com\/pl\/#website\"},\"primaryImageOfPage\":{\"@id\":\"https:\/\/www.welovecycling.com\/pl\/2017\/03\/15\/jazda-rowerze-kopenhadze-oczami-emigranta\/#primaryimage\"},\"image\":{\"@id\":\"https:\/\/www.welovecycling.com\/pl\/2017\/03\/15\/jazda-rowerze-kopenhadze-oczami-emigranta\/#primaryimage\"},\"thumbnailUrl\":\"https:\/\/d2p6e6u75xmxt8.cloudfront.net\/5\/2017\/03\/2244244_24224424.jpg\",\"datePublished\":\"2017-03-15T21:06:03+00:00\",\"dateModified\":\"2017-04-08T21:10:52+00:00\",\"author\":{\"@id\":\"https:\/\/www.welovecycling.com\/pl\/#\/schema\/person\/0dba2d39da943db9df3fd8f4687e7f23\"},\"breadcrumb\":{\"@id\":\"https:\/\/www.welovecycling.com\/pl\/2017\/03\/15\/jazda-rowerze-kopenhadze-oczami-emigranta\/#breadcrumb\"},\"inLanguage\":\"pl-PL\",\"potentialAction\":[{\"@type\":\"ReadAction\",\"target\":[\"https:\/\/www.welovecycling.com\/pl\/2017\/03\/15\/jazda-rowerze-kopenhadze-oczami-emigranta\/\"]}]},{\"@type\":\"ImageObject\",\"inLanguage\":\"pl-PL\",\"@id\":\"https:\/\/www.welovecycling.com\/pl\/2017\/03\/15\/jazda-rowerze-kopenhadze-oczami-emigranta\/#primaryimage\",\"url\":\"https:\/\/d2p6e6u75xmxt8.cloudfront.net\/5\/2017\/03\/2244244_24224424.jpg\",\"contentUrl\":\"https:\/\/d2p6e6u75xmxt8.cloudfront.net\/5\/2017\/03\/2244244_24224424.jpg\",\"width\":1375,\"height\":600},{\"@type\":\"BreadcrumbList\",\"@id\":\"https:\/\/www.welovecycling.com\/pl\/2017\/03\/15\/jazda-rowerze-kopenhadze-oczami-emigranta\/#breadcrumb\",\"itemListElement\":[{\"@type\":\"ListItem\",\"position\":1,\"name\":\"Home\",\"item\":\"https:\/\/www.welovecycling.com\/pl\/\"},{\"@type\":\"ListItem\",\"position\":2,\"name\":\"Jazda na rowerze w Kopenhadze oczami emigranta\"}]},{\"@type\":\"WebSite\",\"@id\":\"https:\/\/www.welovecycling.com\/pl\/#website\",\"url\":\"https:\/\/www.welovecycling.com\/pl\/\",\"name\":\"\u0160koda We Love Cycling - Poland\",\"description\":\"\",\"potentialAction\":[{\"@type\":\"SearchAction\",\"target\":{\"@type\":\"EntryPoint\",\"urlTemplate\":\"https:\/\/www.welovecycling.com\/pl\/?s={search_term_string}\"},\"query-input\":{\"@type\":\"PropertyValueSpecification\",\"valueRequired\":true,\"valueName\":\"search_term_string\"}}],\"inLanguage\":\"pl-PL\"},{\"@type\":\"Person\",\"@id\":\"https:\/\/www.welovecycling.com\/pl\/#\/schema\/person\/0dba2d39da943db9df3fd8f4687e7f23\",\"name\":\"piotrboczkowski\",\"image\":{\"@type\":\"ImageObject\",\"inLanguage\":\"pl-PL\",\"@id\":\"https:\/\/www.welovecycling.com\/pl\/#\/schema\/person\/image\/\",\"url\":\"https:\/\/secure.gravatar.com\/avatar\/533caccae14752e03a2ce2d3fd62d1b98b93e1393c3195c27819e53344ca1ace?s=96&d=mm&r=g\",\"contentUrl\":\"https:\/\/secure.gravatar.com\/avatar\/533caccae14752e03a2ce2d3fd62d1b98b93e1393c3195c27819e53344ca1ace?s=96&d=mm&r=g\",\"caption\":\"piotrboczkowski\"},\"url\":\"https:\/\/www.welovecycling.com\/pl\/author\/piotrboczkowski\/\"}]}<\/script>\n<!-- \/ Yoast SEO Premium plugin. -->","yoast_head_json":{"title":"Jazda na rowerze w Kopenhadze oczami emigranta - \u0160koda We Love Cycling - Poland","robots":{"index":"index","follow":"follow","max-snippet":"max-snippet:-1","max-image-preview":"max-image-preview:large","max-video-preview":"max-video-preview:-1"},"canonical":"https:\/\/www.welovecycling.com\/pl\/2017\/03\/15\/jazda-rowerze-kopenhadze-oczami-emigranta\/","og_locale":"pl_PL","og_type":"article","og_title":"Jazda na rowerze w Kopenhadze oczami emigranta","og_description":"Ond\u0159ej Bro\u017e to czeski emigrant mieszkaj\u0105cy w Kopenhadze. Zawsze by\u0142 mi\u0142o\u015bnikiem kolarstwa, ale na rowerze zacz\u0105\u0142 je\u017adzi\u0107 regularnie dopiero na [&hellip;]","og_url":"https:\/\/www.welovecycling.com\/pl\/2017\/03\/15\/jazda-rowerze-kopenhadze-oczami-emigranta\/","og_site_name":"\u0160koda We Love Cycling - Poland","article_published_time":"2017-03-15T21:06:03+00:00","article_modified_time":"2017-04-08T21:10:52+00:00","og_image":[{"width":1375,"height":600,"url":"https:\/\/d2p6e6u75xmxt8.cloudfront.net\/5\/2017\/03\/2244244_24224424.jpg","type":"image\/jpeg"}],"author":"piotrboczkowski","twitter_card":"summary_large_image","twitter_misc":{"Written by":"Adam Marsal","Est. reading time":"6 minutes"},"schema":{"@context":"https:\/\/schema.org","@graph":[{"@type":"WebPage","@id":"https:\/\/www.welovecycling.com\/pl\/2017\/03\/15\/jazda-rowerze-kopenhadze-oczami-emigranta\/","url":"https:\/\/www.welovecycling.com\/pl\/2017\/03\/15\/jazda-rowerze-kopenhadze-oczami-emigranta\/","name":"Jazda na rowerze w Kopenhadze oczami emigranta - \u0160koda We Love Cycling - Poland","isPartOf":{"@id":"https:\/\/www.welovecycling.com\/pl\/#website"},"primaryImageOfPage":{"@id":"https:\/\/www.welovecycling.com\/pl\/2017\/03\/15\/jazda-rowerze-kopenhadze-oczami-emigranta\/#primaryimage"},"image":{"@id":"https:\/\/www.welovecycling.com\/pl\/2017\/03\/15\/jazda-rowerze-kopenhadze-oczami-emigranta\/#primaryimage"},"thumbnailUrl":"https:\/\/d2p6e6u75xmxt8.cloudfront.net\/5\/2017\/03\/2244244_24224424.jpg","datePublished":"2017-03-15T21:06:03+00:00","dateModified":"2017-04-08T21:10:52+00:00","author":{"@id":"https:\/\/www.welovecycling.com\/pl\/#\/schema\/person\/0dba2d39da943db9df3fd8f4687e7f23"},"breadcrumb":{"@id":"https:\/\/www.welovecycling.com\/pl\/2017\/03\/15\/jazda-rowerze-kopenhadze-oczami-emigranta\/#breadcrumb"},"inLanguage":"pl-PL","potentialAction":[{"@type":"ReadAction","target":["https:\/\/www.welovecycling.com\/pl\/2017\/03\/15\/jazda-rowerze-kopenhadze-oczami-emigranta\/"]}]},{"@type":"ImageObject","inLanguage":"pl-PL","@id":"https:\/\/www.welovecycling.com\/pl\/2017\/03\/15\/jazda-rowerze-kopenhadze-oczami-emigranta\/#primaryimage","url":"https:\/\/d2p6e6u75xmxt8.cloudfront.net\/5\/2017\/03\/2244244_24224424.jpg","contentUrl":"https:\/\/d2p6e6u75xmxt8.cloudfront.net\/5\/2017\/03\/2244244_24224424.jpg","width":1375,"height":600},{"@type":"BreadcrumbList","@id":"https:\/\/www.welovecycling.com\/pl\/2017\/03\/15\/jazda-rowerze-kopenhadze-oczami-emigranta\/#breadcrumb","itemListElement":[{"@type":"ListItem","position":1,"name":"Home","item":"https:\/\/www.welovecycling.com\/pl\/"},{"@type":"ListItem","position":2,"name":"Jazda na rowerze w Kopenhadze oczami emigranta"}]},{"@type":"WebSite","@id":"https:\/\/www.welovecycling.com\/pl\/#website","url":"https:\/\/www.welovecycling.com\/pl\/","name":"\u0160koda We Love Cycling - Poland","description":"","potentialAction":[{"@type":"SearchAction","target":{"@type":"EntryPoint","urlTemplate":"https:\/\/www.welovecycling.com\/pl\/?s={search_term_string}"},"query-input":{"@type":"PropertyValueSpecification","valueRequired":true,"valueName":"search_term_string"}}],"inLanguage":"pl-PL"},{"@type":"Person","@id":"https:\/\/www.welovecycling.com\/pl\/#\/schema\/person\/0dba2d39da943db9df3fd8f4687e7f23","name":"piotrboczkowski","image":{"@type":"ImageObject","inLanguage":"pl-PL","@id":"https:\/\/www.welovecycling.com\/pl\/#\/schema\/person\/image\/","url":"https:\/\/secure.gravatar.com\/avatar\/533caccae14752e03a2ce2d3fd62d1b98b93e1393c3195c27819e53344ca1ace?s=96&d=mm&r=g","contentUrl":"https:\/\/secure.gravatar.com\/avatar\/533caccae14752e03a2ce2d3fd62d1b98b93e1393c3195c27819e53344ca1ace?s=96&d=mm&r=g","caption":"piotrboczkowski"},"url":"https:\/\/www.welovecycling.com\/pl\/author\/piotrboczkowski\/"}]}},"_links":{"self":[{"href":"https:\/\/www.welovecycling.com\/pl\/wp-json\/wp\/v2\/posts\/3046","targetHints":{"allow":["GET"]}}],"collection":[{"href":"https:\/\/www.welovecycling.com\/pl\/wp-json\/wp\/v2\/posts"}],"about":[{"href":"https:\/\/www.welovecycling.com\/pl\/wp-json\/wp\/v2\/types\/post"}],"author":[{"embeddable":true,"href":"https:\/\/www.welovecycling.com\/pl\/wp-json\/wp\/v2\/users\/76"}],"replies":[{"embeddable":true,"href":"https:\/\/www.welovecycling.com\/pl\/wp-json\/wp\/v2\/comments?post=3046"}],"version-history":[{"count":2,"href":"https:\/\/www.welovecycling.com\/pl\/wp-json\/wp\/v2\/posts\/3046\/revisions"}],"predecessor-version":[{"id":3327,"href":"https:\/\/www.welovecycling.com\/pl\/wp-json\/wp\/v2\/posts\/3046\/revisions\/3327"}],"wp:featuredmedia":[{"embeddable":true,"href":"https:\/\/www.welovecycling.com\/pl\/wp-json\/wp\/v2\/media\/3047"}],"wp:attachment":[{"href":"https:\/\/www.welovecycling.com\/pl\/wp-json\/wp\/v2\/media?parent=3046"}],"wp:term":[{"taxonomy":"category","embeddable":true,"href":"https:\/\/www.welovecycling.com\/pl\/wp-json\/wp\/v2\/categories?post=3046"},{"taxonomy":"post_tag","embeddable":true,"href":"https:\/\/www.welovecycling.com\/pl\/wp-json\/wp\/v2\/tags?post=3046"},{"taxonomy":"global-categories","embeddable":true,"href":"https:\/\/www.welovecycling.com\/pl\/wp-json\/wp\/v2\/global-categories?post=3046"}],"curies":[{"name":"wp","href":"https:\/\/api.w.org\/{rel}","templated":true}]}}