{"id":3023,"date":"2017-03-12T15:36:04","date_gmt":"2017-03-12T15:36:04","guid":{"rendered":"https:\/\/www.welovecycling.com\/pl\/?p=3023"},"modified":"2017-09-05T11:34:50","modified_gmt":"2017-09-05T11:34:50","slug":"zostalem-blogerem-bartosz-huzarski","status":"publish","type":"post","link":"https:\/\/www.welovecycling.com\/pl\/2017\/03\/12\/zostalem-blogerem-bartosz-huzarski\/","title":{"rendered":"Jak zosta\u0142em blogerem. Bartosz Huzarski"},"content":{"rendered":"<p>Dzi\u0119ki wsp\u00f3\u0142pracy ze \u0160koda Polska b\u0119dziemy si\u0119 do\u015b\u0107 cz\u0119sto spotyka\u0107 na stronach portalu WeLoveCycling.pl, gdzie postaram si\u0119 przekaza\u0107 Wam jak najwi\u0119cej wiedzy i porad dotycz\u0105cych kolarskiego rzemios\u0142a, kt\u00f3rego uczy\u0142em si\u0119 od 1994 roku. Chcia\u0142bym, \u017ceby przekazywane przeze mnie informacje trafia\u0142y zar\u00f3wno do tych, kt\u00f3rzy dopiero zaczynaj\u0105 swoj\u0105 przygod\u0119 z dwoma k\u00f3\u0142kami, jak i do tych, kt\u00f3rzy s\u0105 ju\u017c starymi kolarskimi wygami.<\/p>\n<p><a href=\"https:\/\/d2p6e6u75xmxt8.cloudfront.net\/5\/2017\/03\/unnamed-6.jpg\"><img loading=\"lazy\" decoding=\"async\" class=\"alignnone size-large wp-image-3024\" src=\"https:\/\/d2p6e6u75xmxt8.cloudfront.net\/5\/2017\/03\/unnamed-6-1024x682.jpg\" alt=\"\" width=\"1024\" height=\"682\" srcset=\"https:\/\/d2p6e6u75xmxt8.cloudfront.net\/5\/2017\/03\/unnamed-6-1024x682.jpg 1024w, https:\/\/d2p6e6u75xmxt8.cloudfront.net\/5\/2017\/03\/unnamed-6-300x200.jpg 300w, https:\/\/d2p6e6u75xmxt8.cloudfront.net\/5\/2017\/03\/unnamed-6-768x512.jpg 768w, https:\/\/d2p6e6u75xmxt8.cloudfront.net\/5\/2017\/03\/unnamed-6-272x182.jpg 272w, https:\/\/d2p6e6u75xmxt8.cloudfront.net\/5\/2017\/03\/unnamed-6.jpg 1328w\" sizes=\"auto, (max-width: 1024px) 100vw, 1024px\" \/><\/a><\/p>\n<p>W ramach naszego pierwszego spotkania chcia\u0142bym przybli\u017cy\u0107 troch\u0119 moj\u0105 osob\u0119. Ci, kt\u00f3rzy aktywnie uprawiaj\u0105 sport i interesuj\u0105 si\u0119 kolarstwem, z pewno\u015bci\u0105 mnie znaj\u0105, ale wiem, \u017ce moja popularno\u015b\u0107 nie si\u0119ga a\u017c tak daleko i dlatego jestem szcz\u0119\u015bliwy, \u017ce mo\u017cemy pozna\u0107 si\u0119 troch\u0119 lepiej.<\/p>\n<p>Jako m\u0142ody ch\u0142opak wychowywa\u0142em si\u0119 w ma\u0142ym, po\u0142o\u017conym ko\u0142o Wroc\u0142awia miasteczku \u2013 Sob\u00f3tce. Po szkole gania\u0142em z jednych zaj\u0119\u0107 sportowych na drugie i zawsze by\u0142o mi ma\u0142o. Pr\u00f3bowa\u0142em, szuka\u0142em i czerpa\u0142em rado\u015b\u0107 z wysi\u0142ku fizycznego oraz\u00a0doskonalenia swojej techniki. Tak w\u0142a\u015bnie metod\u0105 pr\u00f3b i b\u0142\u0119d\u00f3w trafi\u0142em do klubu kolarskiego w Sob\u00f3tce. Pami\u0119tam to jak dzi\u015b, \u017ce w tzw. dzie\u0144 naborowy zapisa\u0142o si\u0119 40 ch\u0142opak\u00f3w. By\u0142o nas tak du\u017co, \u017ce treningi podzielono by\u0142y na dwie grupy. Osobne zaj\u0119cia mia\u0142a grupa starsza, a osobne grupa m\u0142odsza. Spodoba\u0142o mi si\u0119. Co tu du\u017co m\u00f3wi\u0107, od samego pocz\u0105tku zar\u00f3wno spos\u00f3b prowadzenia trening\u00f3w, jak i sama metodyka i specyfika treningu kolarskiego przypad\u0142y mi do gustu. \u017bo\u0142nierska wr\u0119cz dyscyplina, co\u015b, co ci\u0119\u017cko teraz wyegzekwowa\u0107, wtedy by\u0142o norm\u0105: za trzy nieobecno\u015bci na treningu zabierali rower, stroje i m\u00f3wili do widzenia. To kszta\u0142tuje charakter, uczy pokory, punktualno\u015bci i dyscypliny. Dla m\u0142odego ch\u0142opaka, a mia\u0142em wtedy 14 lat, by\u0142o to du\u017co, ale dawa\u0142em sobie rad\u0119. Od samego pocz\u0105tku sobie radzi\u0142em, walczy\u0142em, cierpia\u0142em, a gdy inni odpadali, ja si\u0119ga\u0142em\u00a0wy\u017cej i wy\u017cej, dalej i dalej.<\/p>\n<p>Zawsze powtarzam, \u017ce nie mia\u0142em talentu do kolarstwa, organizm i zdrowie owszem, mocne ko\u015bci, wytrzyma\u0142e kolana \u2013 to tak. Ale talentu nie mia\u0142em nigdy, pewnie dlatego wygrywa\u0142em ma\u0142o i ju\u017c jako zawodowy kolarz zawsze lepiej czu\u0142em si\u0119 jako pomocnik, jeden z ostatnich pomocnik\u00f3w, wi\u0119c bardzo wa\u017cny, ale jednak pomocnik. Ka\u017cdy najmniejszy sukces sportowy, ka\u017cdy wygrany etap, wy\u015bcig czy klasyfikacja, ka\u017cdy satysfakcjonuj\u0105cy mnie wynik to sk\u0142adowa ci\u0119\u017ckiej, m\u0105drej pracy na treningu, zaanga\u017cowania oraz wyrzecze\u0144 w \u017cyciu codziennym. Z czasem dosz\u0142o te\u017c obycie z peletonem, do\u015bwiadczenie, kt\u00f3re by\u0142o motorem w ci\u0119\u017ckich chwilach zw\u0105tpienia. Poznanie i zrozumienie tego sportu to istoty dodatkowy nap\u0119d. Kiedy czytasz wy\u015bcig i jeste\u015b w stanie go przynajmniej cz\u0119\u015bciowo przewidzie\u0107, jest du\u017co \u0142atwiej i fajniej, bo wiesz, co ci\u0119 czeka i gdzie mo\u017cesz spr\u00f3bowa\u0107 zaatakowa\u0107.<\/p>\n<p>Uwa\u017cam, \u017ce kolarstwu zawdzi\u0119czam bardzo du\u017co. By\u0142em w miejscach, do\u00a0kt\u00f3rych pewnie nigdy bym nie pojecha\u0142. Odwiedzi\u0142em Tybet, Japoni\u0119, Chiny, Australi\u0119, Malezj\u0119 czy Singapur. \u015aciga\u0142em si\u0119 w USA i RPA, a gdy od 2002 roku przeszed\u0142em na zawodowstwo \u2013 objecha\u0142em rowerem ca\u0142\u0105 Europ\u0119. Najlepsze w tym wszystkim jest to, \u017ce nie zap\u0142aci\u0142em ze swoich pieni\u0119dzy za \u017caden bilet lotniczy, bo wszelkie koszty dojazdu grupy kolarskiej na wy\u015bcigi pokrywa organizator lub sponsorzy.<\/p>\n<p>W ci\u0105gu swojej kariery wystartowa\u0142em w setkach wy\u015bcig\u00f3w, przejecha\u0142em najwi\u0119ksze wy\u015bcigi \u015bwiata, trzykrotnie Tour de France, dwukrotnie Giro d\u2019Italia i dwukrotnie hiszpa\u0144sk\u0105 Vuelt\u0119. Do tego kolarskie monumenty w Europie oraz wy\u015bcigi na ca\u0142ym \u015bwiecie.<\/p>\n<p>Mieszka\u0142em i \u015bciga\u0142em si\u0119 dwa lata we W\u0142oszech oraz sze\u015b\u0107 lat w niemieckich zawodowych grupach kolarskich. By\u0142em trenowany przez przer\u00f3\u017cnych trener\u00f3w i zawsze powtarzam, \u017ce przeszed\u0142em niejedn\u0105 kolarsk\u0105 szko\u0142\u0119 i z niejednego pieca chleb jad\u0142em.<\/p>\n<p><a href=\"https:\/\/d2p6e6u75xmxt8.cloudfront.net\/5\/2017\/03\/unnamed-2.jpg\"><img loading=\"lazy\" decoding=\"async\" class=\"alignnone size-full wp-image-3026\" src=\"https:\/\/d2p6e6u75xmxt8.cloudfront.net\/5\/2017\/03\/unnamed-2.jpg\" alt=\"\" width=\"1000\" height=\"667\" srcset=\"https:\/\/d2p6e6u75xmxt8.cloudfront.net\/5\/2017\/03\/unnamed-2.jpg 1000w, https:\/\/d2p6e6u75xmxt8.cloudfront.net\/5\/2017\/03\/unnamed-2-300x200.jpg 300w, https:\/\/d2p6e6u75xmxt8.cloudfront.net\/5\/2017\/03\/unnamed-2-768x512.jpg 768w, https:\/\/d2p6e6u75xmxt8.cloudfront.net\/5\/2017\/03\/unnamed-2-272x182.jpg 272w\" sizes=\"auto, (max-width: 1000px) 100vw, 1000px\" \/><\/a><\/p>\n<p>Od 1\u00a0stycznia tego roku przeszed\u0142em na sportow\u0105 emerytur\u0119. Po 14 latach w zawodowym peletonie mia\u0142em ju\u017c do\u015b\u0107. Musia\u0142em odpocz\u0105\u0107, zwolni\u0107, da\u0107 wytchn\u0105\u0107 organizmowi oraz psychice. Kolarstwo mocno si\u0119 zmieni\u0142o, sta\u0142o si\u0119 bardzo obci\u0105\u017caj\u0105ce psychicznie, du\u017co ci\u0119\u017csze fizycznie. Nacisk k\u0142adziony jest na ka\u017cdy detal, bo teraz najmniejsze szczeg\u00f3\u0142y decyduj\u0105 o by\u0107 albo nie by\u0107.<\/p>\n<p>Od dw\u00f3ch lat prowadz\u0119 sw\u00f3j w\u0142asny projekt akademii kolarskiej. Projekt zbudowany na bazie rowerowych wide\u0142ek: po jednej stronie jest akademia dla dzieci i m\u0142odzie\u017cy w wieku 10\u201318 lat, ucz\u0119szczaj\u0105cych\u00a0do akademii i klubu kolarskiego w Sob\u00f3tce na pozalekcyjne, regularne treningi kolarskie. Po drugiej za\u015b stronie funkcjonuje akademia dla doros\u0142ych, w kt\u00f3rej poka\u017ana grupa os\u00f3b wsp\u00f3lnie trenuje, motywuje si\u0119 do solidnej pracy, je\u017adzi na zgrupowania i wy\u015bcigi. Maj\u0105 oni te\u017c wsparcie mechanika, dietetyka i wszyscy trenuj\u0105 na profesjonalnych planach treningowych opartych na mojej wiedzy i do\u015bwiadczeniu.<\/p>\n<p>Dlatego czuj\u0119 si\u0119 na si\u0142ach, by przekaza\u0107 Wam to, co wiem. By pom\u00f3c zrozumie\u0107 kolarstwo, polubi\u0107 kolarstwo, a mo\u017ce dopiero zarazi\u0107 Was tym pi\u0119knym sportem. Postaramy si\u0119 razem przygotowa\u0107 do naszego wsp\u00f3lnego celu &#8211; wy\u015bcigu \u0160koda Bike Challenge Pozna\u0144, a\u00a0by\u0107 mo\u017ce wystartowa\u0107 ju\u017c za 3 lata w\u00a0oficjalnych mistrzostwach \u015bwiata amator\u00f3w w\u0142a\u015bnie w Poznaniu.<\/p>\n<p>Nasze spotkania b\u0119d\u0105 si\u0119 odbywa\u0107 dwa razy z miesi\u0105cu i zawsze b\u0119dzie to jeden poradnik pisany oraz jeden film, w kt\u00f3rym b\u0119d\u0119 si\u0119 stara\u0142 przedstawi\u0107 i wyja\u015bni\u0107 zagadnienia zwi\u0105zane z treningiem, bezpiecze\u0144stwem, technikami jazdy i og\u00f3lnymi zasadami obowi\u0105zuj\u0105cymi w kolarstwie, zar\u00f3wno podczas treningu, jak i wy\u015bcigu. Porozmawiamy te\u017c na pewno o tym, jak przygotowa\u0107 si\u0119 do wy\u015bcigu, co je\u015b\u0107 dzie\u0144 po oraz w dzie\u0144 startowy. Spr\u00f3bujemy znale\u017a\u0107 spos\u00f3b na organizacj\u0119 samego dnia startu tak, by zaoszcz\u0119dzi\u0107 sobie stresu i marnowania energii, kt\u00f3ra b\u0119dzie nam potrzebna podczas wy\u015bcigu \u2013\u00a0dla jednych tylko po to, by zmierzy\u0107 si\u0119 z tras\u0105, a dla innych, by stawi\u0107 czo\u0142a rywalom.<\/p>\n<p><a href=\"https:\/\/d2p6e6u75xmxt8.cloudfront.net\/5\/2017\/03\/unnamed-7.jpg\"><img loading=\"lazy\" decoding=\"async\" class=\"alignnone size-large wp-image-3025\" src=\"https:\/\/d2p6e6u75xmxt8.cloudfront.net\/5\/2017\/03\/unnamed-7-1024x681.jpg\" alt=\"\" width=\"1024\" height=\"681\" srcset=\"https:\/\/d2p6e6u75xmxt8.cloudfront.net\/5\/2017\/03\/unnamed-7-1024x681.jpg 1024w, https:\/\/d2p6e6u75xmxt8.cloudfront.net\/5\/2017\/03\/unnamed-7-300x200.jpg 300w, https:\/\/d2p6e6u75xmxt8.cloudfront.net\/5\/2017\/03\/unnamed-7-768x511.jpg 768w, https:\/\/d2p6e6u75xmxt8.cloudfront.net\/5\/2017\/03\/unnamed-7-272x182.jpg 272w, https:\/\/d2p6e6u75xmxt8.cloudfront.net\/5\/2017\/03\/unnamed-7.jpg 1330w\" sizes=\"auto, (max-width: 1024px) 100vw, 1024px\" \/><\/a><\/p>\n<p>(\u017ar\u00f3d\u0142o zdj\u0119\u0107: Bartosz Huzarski)<\/p>\n<p>&nbsp;<\/p>\n","protected":false},"excerpt":{"rendered":"<p>Dzi\u0119ki wsp\u00f3\u0142pracy ze \u0160koda Polska b\u0119dziemy si\u0119 do\u015b\u0107 cz\u0119sto spotyka\u0107 na stronach portalu WeLoveCycling.pl, gdzie postaram si\u0119 przekaza\u0107 Wam jak [&hellip;]<\/p>\n","protected":false},"author":76,"featured_media":3085,"comment_status":"open","ping_status":"open","sticky":false,"template":"","format":"standard","meta":{"footnotes":""},"categories":[203],"tags":[108,62],"global-categories":[],"class_list":["post-3023","post","type-post","status-publish","format-standard","has-post-thumbnail","hentry","category-bartosz-huzarski","tag-bartosz-huzarski","tag-porady"],"yoast_head":"<!-- This site is optimized with the Yoast SEO Premium plugin v25.3 (Yoast SEO v25.9) - https:\/\/yoast.com\/wordpress\/plugins\/seo\/ -->\n<title>Jak zosta\u0142em blogerem. Bartosz Huzarski - \u0160koda We Love Cycling - Poland<\/title>\n<meta name=\"robots\" content=\"index, follow, max-snippet:-1, max-image-preview:large, max-video-preview:-1\" \/>\n<link rel=\"canonical\" href=\"https:\/\/www.welovecycling.com\/pl\/2017\/03\/12\/zostalem-blogerem-bartosz-huzarski\/\" \/>\n<meta property=\"og:locale\" content=\"pl_PL\" \/>\n<meta property=\"og:type\" content=\"article\" \/>\n<meta property=\"og:title\" content=\"Jak zosta\u0142em blogerem. Bartosz Huzarski\" \/>\n<meta property=\"og:description\" content=\"Dzi\u0119ki wsp\u00f3\u0142pracy ze \u0160koda Polska b\u0119dziemy si\u0119 do\u015b\u0107 cz\u0119sto spotyka\u0107 na stronach portalu WeLoveCycling.pl, gdzie postaram si\u0119 przekaza\u0107 Wam jak [&hellip;]\" \/>\n<meta property=\"og:url\" content=\"https:\/\/www.welovecycling.com\/pl\/2017\/03\/12\/zostalem-blogerem-bartosz-huzarski\/\" \/>\n<meta property=\"og:site_name\" content=\"\u0160koda We Love Cycling - Poland\" \/>\n<meta property=\"article:published_time\" content=\"2017-03-12T15:36:04+00:00\" \/>\n<meta property=\"article:modified_time\" content=\"2017-09-05T11:34:50+00:00\" \/>\n<meta property=\"og:image\" content=\"https:\/\/d2p6e6u75xmxt8.cloudfront.net\/5\/2017\/03\/skoda_wlc-BH1_banner_1280x600_2017-03-10_bloger-1.png\" \/>\n\t<meta property=\"og:image:width\" content=\"1280\" \/>\n\t<meta property=\"og:image:height\" content=\"600\" \/>\n\t<meta property=\"og:image:type\" content=\"image\/png\" \/>\n<meta name=\"author\" content=\"piotrboczkowski\" \/>\n<meta name=\"twitter:card\" content=\"summary_large_image\" \/>\n<meta name=\"twitter:label1\" content=\"Written by\" \/>\n\t<meta name=\"twitter:data1\" content=\"Bartosz Huzarski\" \/>\n\t<meta name=\"twitter:label2\" content=\"Est. reading time\" \/>\n\t<meta name=\"twitter:data2\" content=\"5 minutes\" \/>\n<script type=\"application\/ld+json\" class=\"yoast-schema-graph\">{\"@context\":\"https:\/\/schema.org\",\"@graph\":[{\"@type\":\"WebPage\",\"@id\":\"https:\/\/www.welovecycling.com\/pl\/2017\/03\/12\/zostalem-blogerem-bartosz-huzarski\/\",\"url\":\"https:\/\/www.welovecycling.com\/pl\/2017\/03\/12\/zostalem-blogerem-bartosz-huzarski\/\",\"name\":\"Jak zosta\u0142em blogerem. Bartosz Huzarski - \u0160koda We Love Cycling - Poland\",\"isPartOf\":{\"@id\":\"https:\/\/www.welovecycling.com\/pl\/#website\"},\"primaryImageOfPage\":{\"@id\":\"https:\/\/www.welovecycling.com\/pl\/2017\/03\/12\/zostalem-blogerem-bartosz-huzarski\/#primaryimage\"},\"image\":{\"@id\":\"https:\/\/www.welovecycling.com\/pl\/2017\/03\/12\/zostalem-blogerem-bartosz-huzarski\/#primaryimage\"},\"thumbnailUrl\":\"https:\/\/d2p6e6u75xmxt8.cloudfront.net\/5\/2017\/03\/skoda_wlc-BH1_banner_1280x600_2017-03-10_bloger-1.png\",\"datePublished\":\"2017-03-12T15:36:04+00:00\",\"dateModified\":\"2017-09-05T11:34:50+00:00\",\"author\":{\"@id\":\"https:\/\/www.welovecycling.com\/pl\/#\/schema\/person\/0dba2d39da943db9df3fd8f4687e7f23\"},\"breadcrumb\":{\"@id\":\"https:\/\/www.welovecycling.com\/pl\/2017\/03\/12\/zostalem-blogerem-bartosz-huzarski\/#breadcrumb\"},\"inLanguage\":\"pl-PL\",\"potentialAction\":[{\"@type\":\"ReadAction\",\"target\":[\"https:\/\/www.welovecycling.com\/pl\/2017\/03\/12\/zostalem-blogerem-bartosz-huzarski\/\"]}]},{\"@type\":\"ImageObject\",\"inLanguage\":\"pl-PL\",\"@id\":\"https:\/\/www.welovecycling.com\/pl\/2017\/03\/12\/zostalem-blogerem-bartosz-huzarski\/#primaryimage\",\"url\":\"https:\/\/d2p6e6u75xmxt8.cloudfront.net\/5\/2017\/03\/skoda_wlc-BH1_banner_1280x600_2017-03-10_bloger-1.png\",\"contentUrl\":\"https:\/\/d2p6e6u75xmxt8.cloudfront.net\/5\/2017\/03\/skoda_wlc-BH1_banner_1280x600_2017-03-10_bloger-1.png\",\"width\":1280,\"height\":600},{\"@type\":\"BreadcrumbList\",\"@id\":\"https:\/\/www.welovecycling.com\/pl\/2017\/03\/12\/zostalem-blogerem-bartosz-huzarski\/#breadcrumb\",\"itemListElement\":[{\"@type\":\"ListItem\",\"position\":1,\"name\":\"Home\",\"item\":\"https:\/\/www.welovecycling.com\/pl\/\"},{\"@type\":\"ListItem\",\"position\":2,\"name\":\"Jak zosta\u0142em blogerem. Bartosz Huzarski\"}]},{\"@type\":\"WebSite\",\"@id\":\"https:\/\/www.welovecycling.com\/pl\/#website\",\"url\":\"https:\/\/www.welovecycling.com\/pl\/\",\"name\":\"\u0160koda We Love Cycling - Poland\",\"description\":\"\",\"potentialAction\":[{\"@type\":\"SearchAction\",\"target\":{\"@type\":\"EntryPoint\",\"urlTemplate\":\"https:\/\/www.welovecycling.com\/pl\/?s={search_term_string}\"},\"query-input\":{\"@type\":\"PropertyValueSpecification\",\"valueRequired\":true,\"valueName\":\"search_term_string\"}}],\"inLanguage\":\"pl-PL\"},{\"@type\":\"Person\",\"@id\":\"https:\/\/www.welovecycling.com\/pl\/#\/schema\/person\/0dba2d39da943db9df3fd8f4687e7f23\",\"name\":\"piotrboczkowski\",\"image\":{\"@type\":\"ImageObject\",\"inLanguage\":\"pl-PL\",\"@id\":\"https:\/\/www.welovecycling.com\/pl\/#\/schema\/person\/image\/\",\"url\":\"https:\/\/secure.gravatar.com\/avatar\/533caccae14752e03a2ce2d3fd62d1b98b93e1393c3195c27819e53344ca1ace?s=96&d=mm&r=g\",\"contentUrl\":\"https:\/\/secure.gravatar.com\/avatar\/533caccae14752e03a2ce2d3fd62d1b98b93e1393c3195c27819e53344ca1ace?s=96&d=mm&r=g\",\"caption\":\"piotrboczkowski\"},\"url\":\"https:\/\/www.welovecycling.com\/pl\/author\/piotrboczkowski\/\"}]}<\/script>\n<!-- \/ Yoast SEO Premium plugin. -->","yoast_head_json":{"title":"Jak zosta\u0142em blogerem. Bartosz Huzarski - \u0160koda We Love Cycling - Poland","robots":{"index":"index","follow":"follow","max-snippet":"max-snippet:-1","max-image-preview":"max-image-preview:large","max-video-preview":"max-video-preview:-1"},"canonical":"https:\/\/www.welovecycling.com\/pl\/2017\/03\/12\/zostalem-blogerem-bartosz-huzarski\/","og_locale":"pl_PL","og_type":"article","og_title":"Jak zosta\u0142em blogerem. Bartosz Huzarski","og_description":"Dzi\u0119ki wsp\u00f3\u0142pracy ze \u0160koda Polska b\u0119dziemy si\u0119 do\u015b\u0107 cz\u0119sto spotyka\u0107 na stronach portalu WeLoveCycling.pl, gdzie postaram si\u0119 przekaza\u0107 Wam jak [&hellip;]","og_url":"https:\/\/www.welovecycling.com\/pl\/2017\/03\/12\/zostalem-blogerem-bartosz-huzarski\/","og_site_name":"\u0160koda We Love Cycling - Poland","article_published_time":"2017-03-12T15:36:04+00:00","article_modified_time":"2017-09-05T11:34:50+00:00","og_image":[{"width":1280,"height":600,"url":"https:\/\/d2p6e6u75xmxt8.cloudfront.net\/5\/2017\/03\/skoda_wlc-BH1_banner_1280x600_2017-03-10_bloger-1.png","type":"image\/png"}],"author":"piotrboczkowski","twitter_card":"summary_large_image","twitter_misc":{"Written by":"Bartosz Huzarski","Est. reading time":"5 minutes"},"schema":{"@context":"https:\/\/schema.org","@graph":[{"@type":"WebPage","@id":"https:\/\/www.welovecycling.com\/pl\/2017\/03\/12\/zostalem-blogerem-bartosz-huzarski\/","url":"https:\/\/www.welovecycling.com\/pl\/2017\/03\/12\/zostalem-blogerem-bartosz-huzarski\/","name":"Jak zosta\u0142em blogerem. Bartosz Huzarski - \u0160koda We Love Cycling - Poland","isPartOf":{"@id":"https:\/\/www.welovecycling.com\/pl\/#website"},"primaryImageOfPage":{"@id":"https:\/\/www.welovecycling.com\/pl\/2017\/03\/12\/zostalem-blogerem-bartosz-huzarski\/#primaryimage"},"image":{"@id":"https:\/\/www.welovecycling.com\/pl\/2017\/03\/12\/zostalem-blogerem-bartosz-huzarski\/#primaryimage"},"thumbnailUrl":"https:\/\/d2p6e6u75xmxt8.cloudfront.net\/5\/2017\/03\/skoda_wlc-BH1_banner_1280x600_2017-03-10_bloger-1.png","datePublished":"2017-03-12T15:36:04+00:00","dateModified":"2017-09-05T11:34:50+00:00","author":{"@id":"https:\/\/www.welovecycling.com\/pl\/#\/schema\/person\/0dba2d39da943db9df3fd8f4687e7f23"},"breadcrumb":{"@id":"https:\/\/www.welovecycling.com\/pl\/2017\/03\/12\/zostalem-blogerem-bartosz-huzarski\/#breadcrumb"},"inLanguage":"pl-PL","potentialAction":[{"@type":"ReadAction","target":["https:\/\/www.welovecycling.com\/pl\/2017\/03\/12\/zostalem-blogerem-bartosz-huzarski\/"]}]},{"@type":"ImageObject","inLanguage":"pl-PL","@id":"https:\/\/www.welovecycling.com\/pl\/2017\/03\/12\/zostalem-blogerem-bartosz-huzarski\/#primaryimage","url":"https:\/\/d2p6e6u75xmxt8.cloudfront.net\/5\/2017\/03\/skoda_wlc-BH1_banner_1280x600_2017-03-10_bloger-1.png","contentUrl":"https:\/\/d2p6e6u75xmxt8.cloudfront.net\/5\/2017\/03\/skoda_wlc-BH1_banner_1280x600_2017-03-10_bloger-1.png","width":1280,"height":600},{"@type":"BreadcrumbList","@id":"https:\/\/www.welovecycling.com\/pl\/2017\/03\/12\/zostalem-blogerem-bartosz-huzarski\/#breadcrumb","itemListElement":[{"@type":"ListItem","position":1,"name":"Home","item":"https:\/\/www.welovecycling.com\/pl\/"},{"@type":"ListItem","position":2,"name":"Jak zosta\u0142em blogerem. Bartosz Huzarski"}]},{"@type":"WebSite","@id":"https:\/\/www.welovecycling.com\/pl\/#website","url":"https:\/\/www.welovecycling.com\/pl\/","name":"\u0160koda We Love Cycling - Poland","description":"","potentialAction":[{"@type":"SearchAction","target":{"@type":"EntryPoint","urlTemplate":"https:\/\/www.welovecycling.com\/pl\/?s={search_term_string}"},"query-input":{"@type":"PropertyValueSpecification","valueRequired":true,"valueName":"search_term_string"}}],"inLanguage":"pl-PL"},{"@type":"Person","@id":"https:\/\/www.welovecycling.com\/pl\/#\/schema\/person\/0dba2d39da943db9df3fd8f4687e7f23","name":"piotrboczkowski","image":{"@type":"ImageObject","inLanguage":"pl-PL","@id":"https:\/\/www.welovecycling.com\/pl\/#\/schema\/person\/image\/","url":"https:\/\/secure.gravatar.com\/avatar\/533caccae14752e03a2ce2d3fd62d1b98b93e1393c3195c27819e53344ca1ace?s=96&d=mm&r=g","contentUrl":"https:\/\/secure.gravatar.com\/avatar\/533caccae14752e03a2ce2d3fd62d1b98b93e1393c3195c27819e53344ca1ace?s=96&d=mm&r=g","caption":"piotrboczkowski"},"url":"https:\/\/www.welovecycling.com\/pl\/author\/piotrboczkowski\/"}]}},"_links":{"self":[{"href":"https:\/\/www.welovecycling.com\/pl\/wp-json\/wp\/v2\/posts\/3023","targetHints":{"allow":["GET"]}}],"collection":[{"href":"https:\/\/www.welovecycling.com\/pl\/wp-json\/wp\/v2\/posts"}],"about":[{"href":"https:\/\/www.welovecycling.com\/pl\/wp-json\/wp\/v2\/types\/post"}],"author":[{"embeddable":true,"href":"https:\/\/www.welovecycling.com\/pl\/wp-json\/wp\/v2\/users\/76"}],"replies":[{"embeddable":true,"href":"https:\/\/www.welovecycling.com\/pl\/wp-json\/wp\/v2\/comments?post=3023"}],"version-history":[{"count":2,"href":"https:\/\/www.welovecycling.com\/pl\/wp-json\/wp\/v2\/posts\/3023\/revisions"}],"predecessor-version":[{"id":3333,"href":"https:\/\/www.welovecycling.com\/pl\/wp-json\/wp\/v2\/posts\/3023\/revisions\/3333"}],"wp:featuredmedia":[{"embeddable":true,"href":"https:\/\/www.welovecycling.com\/pl\/wp-json\/wp\/v2\/media\/3085"}],"wp:attachment":[{"href":"https:\/\/www.welovecycling.com\/pl\/wp-json\/wp\/v2\/media?parent=3023"}],"wp:term":[{"taxonomy":"category","embeddable":true,"href":"https:\/\/www.welovecycling.com\/pl\/wp-json\/wp\/v2\/categories?post=3023"},{"taxonomy":"post_tag","embeddable":true,"href":"https:\/\/www.welovecycling.com\/pl\/wp-json\/wp\/v2\/tags?post=3023"},{"taxonomy":"global-categories","embeddable":true,"href":"https:\/\/www.welovecycling.com\/pl\/wp-json\/wp\/v2\/global-categories?post=3023"}],"curies":[{"name":"wp","href":"https:\/\/api.w.org\/{rel}","templated":true}]}}