{"id":3010,"date":"2017-03-09T21:50:14","date_gmt":"2017-03-09T21:50:14","guid":{"rendered":"https:\/\/www.welovecycling.com\/pl\/?p=3010"},"modified":"2018-04-03T08:55:25","modified_gmt":"2018-04-03T08:55:25","slug":"najlepsze-stukilometrowe-trasy-rowerowe-8-dniowe-letnie-wyprawy-dziecmi","status":"publish","type":"post","link":"https:\/\/www.welovecycling.com\/pl\/2017\/03\/09\/najlepsze-stukilometrowe-trasy-rowerowe-8-dniowe-letnie-wyprawy-dziecmi\/","title":{"rendered":"Trzy najlepsze stukilometrowe trasy rowerowe na o\u015bmiodniowe letnie wyprawy z dzie\u0107mi"},"content":{"rendered":"<p>Gdy postanowisz sp\u0119dzi\u0107 wakacje z dzie\u0107mi na rowerze, musisz uwa\u017cnie wybra\u0107 miejsce docelowe. Nie mo\u017ce by\u0107 zbyt pag\u00f3rkowate ani gor\u0105ce, mile widziane s\u0105 tak\u017ce r\u00f3\u017cne rozrywki, bo najm\u0142odszych bardzo szybko nudzi monotonne peda\u0142owanie.<\/p>\n<p>Po pierwsze, trzeba om\u00f3wi\u0107 tras\u0119 z dzie\u0107mi. Opowiedz im wszystko o miejscu i opisz jak najwi\u0119cej atrakcji, kt\u00f3re pojawi\u0105 si\u0119 po drodze. Je\u015bli nie b\u0119d\u0105 mog\u0142y doczeka\u0107 si\u0119 podr\u00f3\u017cy, wszystko p\u00f3jdzie sprawniej i \u0142atwiej. Gdy zaanga\u017cuj\u0105 si\u0119 w faz\u0119 planowania, ich poczucie odpowiedzialno\u015bci za wypraw\u0119 b\u0119dzie wi\u0119ksze i b\u0119d\u0105 traktowa\u0107 j\u0105 powa\u017cniej. Zawsze lepiej jest widzie\u0107, jak mi\u0142o sp\u0119dzaj\u0105 czas, ni\u017c s\u0142ucha\u0107 szlochania i domagania si\u0119 natychmiastowego zako\u0144czenia jazdy i powrotu do wygodnego domu.<\/p>\n<p>https:\/\/www.instagram.com\/p\/BOFR9SnBIzy\/<\/p>\n<p>Na etapie planowania trzeba r\u00f3wnie\u017c wzi\u0105\u0107 pod uwag\u0119 wytrzyma\u0142o\u015b\u0107 ma\u0142ych podr\u00f3\u017cnik\u00f3w. Zaleca si\u0119, aby zawsze dostosowywa\u0107 d\u0142ugo\u015b\u0107 trasy do najm\u0142odszego dziecka. Na podstawie wcze\u015bniejszych do\u015bwiadcze\u0144 mo\u017cna za\u0142o\u017cy\u0107, \u017ce dzieci w wieku powy\u017cej 6 lat mog\u0105 przejecha\u0107 bez wi\u0119kszego wysi\u0142ku do 30 kilometr\u00f3w dziennie. Im starsze pociechy, tym d\u0142u\u017csz\u0105 przygod\u0119 mo\u017cna zaplanowa\u0107. Z ma\u0142ymi odkrywcami lepiej unika\u0107 stromych zboczy i zjazd\u00f3w, a tak\u017ce dr\u00f3g o lu\u017anej nawierzchni. Je\u015bli mimo wszystko wjedziecie na taki teren, nie panikujcie, poniewa\u017c dzieci radz\u0105 sobie ze wszystkim lepiej, ni\u017c zwykle si\u0119 spodziewamy.<\/p>\n<p>Przed d\u0142u\u017csz\u0105 podr\u00f3\u017c\u0105 pomy\u015bl o skr\u00f3tach i planie awaryjnym na wypadek, gdyby zmieni\u0142a si\u0119 pogoda lub dzieci by\u0142y wyczerpane. Nawet doro\u015bli rowerzy\u015bci mog\u0105 wpa\u015b\u0107 w z\u0142o\u015b\u0107 i podda\u0107 si\u0119, kiedy nagle zrobi\u0105 si\u0119 g\u0142odni lub si\u0119 przegrzej\u0105. Plac zabaw z ci\u0119\u017car\u00f3wk\u0105 z lodami b\u0119dzie wygodnym miejscem na przerw\u0119, kiedy maluchy\u00a0zaczynaj\u0105 marudzi\u0107.<\/p>\n<p>Na pewno s\u0142yszeli\u015bcie ju\u017c o gor\u0105co polecanych wycieczkach rodzinnych po \u015bcie\u017ckach rowerowych wzd\u0142u\u017c Dunaju lub \u0141aby. Tym razem przedstawiamy wam trzy pi\u0119kne, mniej znane trasy.<\/p>\n<p><strong>Niemcy<\/strong><\/p>\n<p>Rodzina wyprawa wzd\u0142u\u017c wybrze\u017ca Ba\u0142tyku (108 kilometr\u00f3w w 8 dni)<\/p>\n<p>Odkryj z dzie\u0107mi najpi\u0119kniejsze miejsca niemieckiego wybrze\u017ca Ba\u0142tyku. Kr\u00f3tkie etapy trasy zostawiaj\u0105 du\u017co czasu na zwiedzanie i odpoczynek. Mo\u017cecie odwiedzi\u0107 zoo w Rostocku z\u00a04,5 tys. zwierz\u0105t, pop\u0142yn\u0105\u0107 \u0142odzi\u0105 w d\u00f3\u0142 rzeki Warnow, dowiedzie\u0107 si\u0119 ciekawych rzeczy w muzeum przyrodniczym Dar\u00dfer Arche. W Stralsundzie czeka na was \u00a0Ozeaneum o niesamowitych rozmiarach oraz\u00a0tropikalny park wodny HanseDom. Wzd\u0142u\u017c trasy znajdziecie kilometry pla\u017c idealnych do p\u0142ywania, zabaw i budowania zamk\u00f3w z piasku. Wasze rowerowe wakacje rozpoczn\u0105 si\u0119 w Rostocku, pobiegn\u0105 dalej \u015bcie\u017ck\u0105 rowerow\u0105 w kierunku wschodnim przez Prerow i Zingst do Stralsundu. Dzienny dystans do przejechania nie przekroczy 30 kilometr\u00f3w.<\/p>\n<p><a href=\"https:\/\/d2p6e6u75xmxt8.cloudfront.net\/5\/2017\/03\/profimedia-0146815677.jpg\"><img loading=\"lazy\" decoding=\"async\" class=\"size-large wp-image-3012\" src=\"https:\/\/d2p6e6u75xmxt8.cloudfront.net\/5\/2017\/03\/profimedia-0146815677-1024x682.jpg\" alt=\"\" width=\"1024\" height=\"682\" srcset=\"https:\/\/d2p6e6u75xmxt8.cloudfront.net\/5\/2017\/03\/profimedia-0146815677-1024x682.jpg 1024w, https:\/\/d2p6e6u75xmxt8.cloudfront.net\/5\/2017\/03\/profimedia-0146815677-300x200.jpg 300w, https:\/\/d2p6e6u75xmxt8.cloudfront.net\/5\/2017\/03\/profimedia-0146815677-768x512.jpg 768w, https:\/\/d2p6e6u75xmxt8.cloudfront.net\/5\/2017\/03\/profimedia-0146815677-272x182.jpg 272w, https:\/\/d2p6e6u75xmxt8.cloudfront.net\/5\/2017\/03\/profimedia-0146815677.jpg 1250w\" sizes=\"auto, (max-width: 1024px) 100vw, 1024px\" \/><\/a><\/p>\n<p><strong>Austria<\/strong><\/p>\n<p>Wok\u00f3\u0142 jezior w regionie Salzkammergut (104 kilometr\u00f3w w 8 dni)<\/p>\n<p>Salzkammergut to popularna kraina jezior po\u0142o\u017cona w jednym z najpi\u0119kniejszych region\u00f3w Austrii. Gdy w grupie rowerzyst\u00f3w s\u0105 dzieci, obowi\u0105zkowym elementem udanej wyprawy jest zapewnienie wielu\u00a0rozrywek. Trasa ta jest pe\u0142na atrakcji, kt\u00f3re mog\u0105 spodoba\u0107 si\u0119 ma\u0142ym podr\u00f3\u017cnikom. Czeka na was np. jazda na letnim bobsleju, p\u0142ywanie statkiem po jeziorze, wizyta w parku rozrywki Abarena lub zej\u015bcie do najstarszej kopalni soli na \u015bwiecie. Wycieczka rozpoczyna si\u0119 w Sankt Gilgen i prowadzi\u00a0bezpiecznymi \u015bcie\u017ckami\u00a0rowerowymi przez Abersee, Bad Goisern i Bad Ischl w Hallstattcie. Opisan\u0105 tras\u0119 uwa\u017camy za najbardziej odpowiedni\u0105 dla dzieci, jednak samemu mo\u017cna wybra\u0107 wycinek z 345 kilometr\u00f3w trasy rowerowej \u201eSalzkammergut Cycle Way\u201d, kt\u00f3ra biegnie w pobli\u017cu 13 jezior i najpi\u0119kniejszych miejscowo\u015bci regionu.<\/p>\n<p><a href=\"https:\/\/d2p6e6u75xmxt8.cloudfront.net\/5\/2017\/03\/profimedia-0150461343.jpg\"><img loading=\"lazy\" decoding=\"async\" class=\"size-large wp-image-3013\" src=\"https:\/\/d2p6e6u75xmxt8.cloudfront.net\/5\/2017\/03\/profimedia-0150461343-1024x683.jpg\" alt=\"\" width=\"1024\" height=\"683\" srcset=\"https:\/\/d2p6e6u75xmxt8.cloudfront.net\/5\/2017\/03\/profimedia-0150461343-1024x683.jpg 1024w, https:\/\/d2p6e6u75xmxt8.cloudfront.net\/5\/2017\/03\/profimedia-0150461343-300x200.jpg 300w, https:\/\/d2p6e6u75xmxt8.cloudfront.net\/5\/2017\/03\/profimedia-0150461343-768x512.jpg 768w, https:\/\/d2p6e6u75xmxt8.cloudfront.net\/5\/2017\/03\/profimedia-0150461343-272x182.jpg 272w, https:\/\/d2p6e6u75xmxt8.cloudfront.net\/5\/2017\/03\/profimedia-0150461343.jpg 1800w\" sizes=\"auto, (max-width: 1024px) 100vw, 1024px\" \/><\/a><\/p>\n<p><strong>Dania<\/strong><\/p>\n<p>Wok\u00f3\u0142 wyspy Bornholm (103 kilometr\u00f3w w 8 dni)<\/p>\n<p>Cho\u0107 Kopenhaga jest uznawana za jedno z najbardziej przyjaznych dla rowerzyst\u00f3w miast w Europie, wielu jej mieszka\u0144c\u00f3w ka\u017cdego lata ucieka z metropolii i zamienia j\u0105 na ba\u0142tycki Bornholm. Na wysp\u0119 mo\u017cna dotrze\u0107 samolotem z lotniska w Kopenhadze (lot trwa oko\u0142o 30 minut) lub promem ze Szwecji i Niemiec. Bornholm jest znany z pla\u017c z bia\u0142ym piaskiem i mistycznych formacji skalnych, kt\u00f3re a\u017c prosz\u0105 si\u0119 o zwiedzanie. Ca\u0142a nadmorska p\u0119tla nr 10 ma nieco ponad 100 kilometr\u00f3w d\u0142ugo\u015bci, a jest to najkr\u00f3tsza krajowa trasa rowerowa w Danii. Kr\u00f3tkie odleg\u0142o\u015bci pomi\u0119dzy ma\u0142ymi wioskami, pi\u0119knymi pla\u017cami, przyjaznymi dla dzieci kempingami oraz doskona\u0142a infrastruktura turystyczna pozwalaj\u0105 cieszy\u0107 si\u0119 dobrze zbilansowanym po\u0142\u0105czeniem jazdy na rowerze i leniuchowania. Poszczeg\u00f3lne etapy s\u0105 cz\u0119sto wytyczone wzd\u0142u\u017c tras bez samochod\u00f3w, jednak nie zawsze, dlatego dzieci je\u017cd\u017c\u0105ce samodzielne powinny zna\u0107 podstawowe zasady bezpiecze\u0144stwa drogowego. Koniecznie nale\u017cy te\u017c pami\u0119ta\u0107, \u017ce wyspa nie jest p\u0142aska i na kilku etapach pojawiaj\u0105 si\u0119 liczne ma\u0142e podjazdy, kt\u00f3re mog\u0105 sprawi\u0107 trudno\u015b\u0107 ma\u0142ym rowerzystom.<\/p>\n<p><a href=\"https:\/\/d2p6e6u75xmxt8.cloudfront.net\/5\/2017\/03\/profimedia-0081951631.jpg\"><img loading=\"lazy\" decoding=\"async\" class=\"size-large wp-image-3014\" src=\"https:\/\/d2p6e6u75xmxt8.cloudfront.net\/5\/2017\/03\/profimedia-0081951631-1024x683.jpg\" alt=\"\" width=\"1024\" height=\"683\" srcset=\"https:\/\/d2p6e6u75xmxt8.cloudfront.net\/5\/2017\/03\/profimedia-0081951631-1024x683.jpg 1024w, https:\/\/d2p6e6u75xmxt8.cloudfront.net\/5\/2017\/03\/profimedia-0081951631-300x200.jpg 300w, https:\/\/d2p6e6u75xmxt8.cloudfront.net\/5\/2017\/03\/profimedia-0081951631-768x512.jpg 768w, https:\/\/d2p6e6u75xmxt8.cloudfront.net\/5\/2017\/03\/profimedia-0081951631-272x182.jpg 272w, https:\/\/d2p6e6u75xmxt8.cloudfront.net\/5\/2017\/03\/profimedia-0081951631.jpg 1800w\" sizes=\"auto, (max-width: 1024px) 100vw, 1024px\" \/><\/a><\/p>\n<p>(\u017ar\u00f3d\u0142o zdj\u0119\u0107: welovecycling.com)<\/p>\n","protected":false},"excerpt":{"rendered":"<p>Gdy postanowisz sp\u0119dzi\u0107 wakacje z dzie\u0107mi na rowerze, musisz uwa\u017cnie wybra\u0107 miejsce docelowe. Nie mo\u017ce by\u0107 zbyt pag\u00f3rkowate ani gor\u0105ce, [&hellip;]<\/p>\n","protected":false},"author":76,"featured_media":3011,"comment_status":"open","ping_status":"open","sticky":false,"template":"","format":"standard","meta":{"footnotes":""},"categories":[6],"tags":[106,107],"global-categories":[],"class_list":["post-3010","post","type-post","status-publish","format-standard","has-post-thumbnail","hentry","category-kolarstwo-szosowe","tag-jazda-na-rowerze-z-dziecmi","tag-trasy-rowerowe"],"yoast_head":"<!-- This site is optimized with the Yoast SEO Premium plugin v25.3 (Yoast SEO v25.9) - https:\/\/yoast.com\/wordpress\/plugins\/seo\/ -->\n<title>Trzy najlepsze stukilometrowe trasy rowerowe na o\u015bmiodniowe letnie wyprawy z dzie\u0107mi - \u0160koda We Love Cycling - Poland<\/title>\n<meta name=\"robots\" content=\"index, follow, max-snippet:-1, max-image-preview:large, max-video-preview:-1\" \/>\n<link rel=\"canonical\" href=\"https:\/\/www.welovecycling.com\/pl\/2017\/03\/09\/najlepsze-stukilometrowe-trasy-rowerowe-8-dniowe-letnie-wyprawy-dziecmi\/\" \/>\n<meta property=\"og:locale\" content=\"pl_PL\" \/>\n<meta property=\"og:type\" content=\"article\" \/>\n<meta property=\"og:title\" content=\"Trzy najlepsze stukilometrowe trasy rowerowe na o\u015bmiodniowe letnie wyprawy z dzie\u0107mi\" \/>\n<meta property=\"og:description\" content=\"Gdy postanowisz sp\u0119dzi\u0107 wakacje z dzie\u0107mi na rowerze, musisz uwa\u017cnie wybra\u0107 miejsce docelowe. Nie mo\u017ce by\u0107 zbyt pag\u00f3rkowate ani gor\u0105ce, [&hellip;]\" \/>\n<meta property=\"og:url\" content=\"https:\/\/www.welovecycling.com\/pl\/2017\/03\/09\/najlepsze-stukilometrowe-trasy-rowerowe-8-dniowe-letnie-wyprawy-dziecmi\/\" \/>\n<meta property=\"og:site_name\" content=\"\u0160koda We Love Cycling - Poland\" \/>\n<meta property=\"article:published_time\" content=\"2017-03-09T21:50:14+00:00\" \/>\n<meta property=\"article:modified_time\" content=\"2018-04-03T08:55:25+00:00\" \/>\n<meta property=\"og:image\" content=\"https:\/\/d2p6e6u75xmxt8.cloudfront.net\/5\/2017\/03\/42424224_2424242431.jpg\" \/>\n\t<meta property=\"og:image:width\" content=\"1375\" \/>\n\t<meta property=\"og:image:height\" content=\"600\" \/>\n\t<meta property=\"og:image:type\" content=\"image\/jpeg\" \/>\n<meta name=\"author\" content=\"piotrboczkowski\" \/>\n<meta name=\"twitter:card\" content=\"summary_large_image\" \/>\n<meta name=\"twitter:label1\" content=\"Written by\" \/>\n\t<meta name=\"twitter:data1\" content=\"Adam Marsal\" \/>\n\t<meta name=\"twitter:label2\" content=\"Est. reading time\" \/>\n\t<meta name=\"twitter:data2\" content=\"4 minutes\" \/>\n<script type=\"application\/ld+json\" class=\"yoast-schema-graph\">{\"@context\":\"https:\/\/schema.org\",\"@graph\":[{\"@type\":\"WebPage\",\"@id\":\"https:\/\/www.welovecycling.com\/pl\/2017\/03\/09\/najlepsze-stukilometrowe-trasy-rowerowe-8-dniowe-letnie-wyprawy-dziecmi\/\",\"url\":\"https:\/\/www.welovecycling.com\/pl\/2017\/03\/09\/najlepsze-stukilometrowe-trasy-rowerowe-8-dniowe-letnie-wyprawy-dziecmi\/\",\"name\":\"Trzy najlepsze stukilometrowe trasy rowerowe na o\u015bmiodniowe letnie wyprawy z dzie\u0107mi - \u0160koda We Love Cycling - Poland\",\"isPartOf\":{\"@id\":\"https:\/\/www.welovecycling.com\/pl\/#website\"},\"primaryImageOfPage\":{\"@id\":\"https:\/\/www.welovecycling.com\/pl\/2017\/03\/09\/najlepsze-stukilometrowe-trasy-rowerowe-8-dniowe-letnie-wyprawy-dziecmi\/#primaryimage\"},\"image\":{\"@id\":\"https:\/\/www.welovecycling.com\/pl\/2017\/03\/09\/najlepsze-stukilometrowe-trasy-rowerowe-8-dniowe-letnie-wyprawy-dziecmi\/#primaryimage\"},\"thumbnailUrl\":\"https:\/\/d2p6e6u75xmxt8.cloudfront.net\/5\/2017\/03\/42424224_2424242431.jpg\",\"datePublished\":\"2017-03-09T21:50:14+00:00\",\"dateModified\":\"2018-04-03T08:55:25+00:00\",\"author\":{\"@id\":\"https:\/\/www.welovecycling.com\/pl\/#\/schema\/person\/0dba2d39da943db9df3fd8f4687e7f23\"},\"breadcrumb\":{\"@id\":\"https:\/\/www.welovecycling.com\/pl\/2017\/03\/09\/najlepsze-stukilometrowe-trasy-rowerowe-8-dniowe-letnie-wyprawy-dziecmi\/#breadcrumb\"},\"inLanguage\":\"pl-PL\",\"potentialAction\":[{\"@type\":\"ReadAction\",\"target\":[\"https:\/\/www.welovecycling.com\/pl\/2017\/03\/09\/najlepsze-stukilometrowe-trasy-rowerowe-8-dniowe-letnie-wyprawy-dziecmi\/\"]}]},{\"@type\":\"ImageObject\",\"inLanguage\":\"pl-PL\",\"@id\":\"https:\/\/www.welovecycling.com\/pl\/2017\/03\/09\/najlepsze-stukilometrowe-trasy-rowerowe-8-dniowe-letnie-wyprawy-dziecmi\/#primaryimage\",\"url\":\"https:\/\/d2p6e6u75xmxt8.cloudfront.net\/5\/2017\/03\/42424224_2424242431.jpg\",\"contentUrl\":\"https:\/\/d2p6e6u75xmxt8.cloudfront.net\/5\/2017\/03\/42424224_2424242431.jpg\",\"width\":1375,\"height\":600},{\"@type\":\"BreadcrumbList\",\"@id\":\"https:\/\/www.welovecycling.com\/pl\/2017\/03\/09\/najlepsze-stukilometrowe-trasy-rowerowe-8-dniowe-letnie-wyprawy-dziecmi\/#breadcrumb\",\"itemListElement\":[{\"@type\":\"ListItem\",\"position\":1,\"name\":\"Home\",\"item\":\"https:\/\/www.welovecycling.com\/pl\/\"},{\"@type\":\"ListItem\",\"position\":2,\"name\":\"Trzy najlepsze stukilometrowe trasy rowerowe na o\u015bmiodniowe letnie wyprawy z dzie\u0107mi\"}]},{\"@type\":\"WebSite\",\"@id\":\"https:\/\/www.welovecycling.com\/pl\/#website\",\"url\":\"https:\/\/www.welovecycling.com\/pl\/\",\"name\":\"\u0160koda We Love Cycling - Poland\",\"description\":\"\",\"potentialAction\":[{\"@type\":\"SearchAction\",\"target\":{\"@type\":\"EntryPoint\",\"urlTemplate\":\"https:\/\/www.welovecycling.com\/pl\/?s={search_term_string}\"},\"query-input\":{\"@type\":\"PropertyValueSpecification\",\"valueRequired\":true,\"valueName\":\"search_term_string\"}}],\"inLanguage\":\"pl-PL\"},{\"@type\":\"Person\",\"@id\":\"https:\/\/www.welovecycling.com\/pl\/#\/schema\/person\/0dba2d39da943db9df3fd8f4687e7f23\",\"name\":\"piotrboczkowski\",\"image\":{\"@type\":\"ImageObject\",\"inLanguage\":\"pl-PL\",\"@id\":\"https:\/\/www.welovecycling.com\/pl\/#\/schema\/person\/image\/\",\"url\":\"https:\/\/secure.gravatar.com\/avatar\/533caccae14752e03a2ce2d3fd62d1b98b93e1393c3195c27819e53344ca1ace?s=96&d=mm&r=g\",\"contentUrl\":\"https:\/\/secure.gravatar.com\/avatar\/533caccae14752e03a2ce2d3fd62d1b98b93e1393c3195c27819e53344ca1ace?s=96&d=mm&r=g\",\"caption\":\"piotrboczkowski\"},\"url\":\"https:\/\/www.welovecycling.com\/pl\/author\/piotrboczkowski\/\"}]}<\/script>\n<!-- \/ Yoast SEO Premium plugin. -->","yoast_head_json":{"title":"Trzy najlepsze stukilometrowe trasy rowerowe na o\u015bmiodniowe letnie wyprawy z dzie\u0107mi - \u0160koda We Love Cycling - Poland","robots":{"index":"index","follow":"follow","max-snippet":"max-snippet:-1","max-image-preview":"max-image-preview:large","max-video-preview":"max-video-preview:-1"},"canonical":"https:\/\/www.welovecycling.com\/pl\/2017\/03\/09\/najlepsze-stukilometrowe-trasy-rowerowe-8-dniowe-letnie-wyprawy-dziecmi\/","og_locale":"pl_PL","og_type":"article","og_title":"Trzy najlepsze stukilometrowe trasy rowerowe na o\u015bmiodniowe letnie wyprawy z dzie\u0107mi","og_description":"Gdy postanowisz sp\u0119dzi\u0107 wakacje z dzie\u0107mi na rowerze, musisz uwa\u017cnie wybra\u0107 miejsce docelowe. Nie mo\u017ce by\u0107 zbyt pag\u00f3rkowate ani gor\u0105ce, [&hellip;]","og_url":"https:\/\/www.welovecycling.com\/pl\/2017\/03\/09\/najlepsze-stukilometrowe-trasy-rowerowe-8-dniowe-letnie-wyprawy-dziecmi\/","og_site_name":"\u0160koda We Love Cycling - Poland","article_published_time":"2017-03-09T21:50:14+00:00","article_modified_time":"2018-04-03T08:55:25+00:00","og_image":[{"width":1375,"height":600,"url":"https:\/\/d2p6e6u75xmxt8.cloudfront.net\/5\/2017\/03\/42424224_2424242431.jpg","type":"image\/jpeg"}],"author":"piotrboczkowski","twitter_card":"summary_large_image","twitter_misc":{"Written by":"Adam Marsal","Est. reading time":"4 minutes"},"schema":{"@context":"https:\/\/schema.org","@graph":[{"@type":"WebPage","@id":"https:\/\/www.welovecycling.com\/pl\/2017\/03\/09\/najlepsze-stukilometrowe-trasy-rowerowe-8-dniowe-letnie-wyprawy-dziecmi\/","url":"https:\/\/www.welovecycling.com\/pl\/2017\/03\/09\/najlepsze-stukilometrowe-trasy-rowerowe-8-dniowe-letnie-wyprawy-dziecmi\/","name":"Trzy najlepsze stukilometrowe trasy rowerowe na o\u015bmiodniowe letnie wyprawy z dzie\u0107mi - \u0160koda We Love Cycling - Poland","isPartOf":{"@id":"https:\/\/www.welovecycling.com\/pl\/#website"},"primaryImageOfPage":{"@id":"https:\/\/www.welovecycling.com\/pl\/2017\/03\/09\/najlepsze-stukilometrowe-trasy-rowerowe-8-dniowe-letnie-wyprawy-dziecmi\/#primaryimage"},"image":{"@id":"https:\/\/www.welovecycling.com\/pl\/2017\/03\/09\/najlepsze-stukilometrowe-trasy-rowerowe-8-dniowe-letnie-wyprawy-dziecmi\/#primaryimage"},"thumbnailUrl":"https:\/\/d2p6e6u75xmxt8.cloudfront.net\/5\/2017\/03\/42424224_2424242431.jpg","datePublished":"2017-03-09T21:50:14+00:00","dateModified":"2018-04-03T08:55:25+00:00","author":{"@id":"https:\/\/www.welovecycling.com\/pl\/#\/schema\/person\/0dba2d39da943db9df3fd8f4687e7f23"},"breadcrumb":{"@id":"https:\/\/www.welovecycling.com\/pl\/2017\/03\/09\/najlepsze-stukilometrowe-trasy-rowerowe-8-dniowe-letnie-wyprawy-dziecmi\/#breadcrumb"},"inLanguage":"pl-PL","potentialAction":[{"@type":"ReadAction","target":["https:\/\/www.welovecycling.com\/pl\/2017\/03\/09\/najlepsze-stukilometrowe-trasy-rowerowe-8-dniowe-letnie-wyprawy-dziecmi\/"]}]},{"@type":"ImageObject","inLanguage":"pl-PL","@id":"https:\/\/www.welovecycling.com\/pl\/2017\/03\/09\/najlepsze-stukilometrowe-trasy-rowerowe-8-dniowe-letnie-wyprawy-dziecmi\/#primaryimage","url":"https:\/\/d2p6e6u75xmxt8.cloudfront.net\/5\/2017\/03\/42424224_2424242431.jpg","contentUrl":"https:\/\/d2p6e6u75xmxt8.cloudfront.net\/5\/2017\/03\/42424224_2424242431.jpg","width":1375,"height":600},{"@type":"BreadcrumbList","@id":"https:\/\/www.welovecycling.com\/pl\/2017\/03\/09\/najlepsze-stukilometrowe-trasy-rowerowe-8-dniowe-letnie-wyprawy-dziecmi\/#breadcrumb","itemListElement":[{"@type":"ListItem","position":1,"name":"Home","item":"https:\/\/www.welovecycling.com\/pl\/"},{"@type":"ListItem","position":2,"name":"Trzy najlepsze stukilometrowe trasy rowerowe na o\u015bmiodniowe letnie wyprawy z dzie\u0107mi"}]},{"@type":"WebSite","@id":"https:\/\/www.welovecycling.com\/pl\/#website","url":"https:\/\/www.welovecycling.com\/pl\/","name":"\u0160koda We Love Cycling - Poland","description":"","potentialAction":[{"@type":"SearchAction","target":{"@type":"EntryPoint","urlTemplate":"https:\/\/www.welovecycling.com\/pl\/?s={search_term_string}"},"query-input":{"@type":"PropertyValueSpecification","valueRequired":true,"valueName":"search_term_string"}}],"inLanguage":"pl-PL"},{"@type":"Person","@id":"https:\/\/www.welovecycling.com\/pl\/#\/schema\/person\/0dba2d39da943db9df3fd8f4687e7f23","name":"piotrboczkowski","image":{"@type":"ImageObject","inLanguage":"pl-PL","@id":"https:\/\/www.welovecycling.com\/pl\/#\/schema\/person\/image\/","url":"https:\/\/secure.gravatar.com\/avatar\/533caccae14752e03a2ce2d3fd62d1b98b93e1393c3195c27819e53344ca1ace?s=96&d=mm&r=g","contentUrl":"https:\/\/secure.gravatar.com\/avatar\/533caccae14752e03a2ce2d3fd62d1b98b93e1393c3195c27819e53344ca1ace?s=96&d=mm&r=g","caption":"piotrboczkowski"},"url":"https:\/\/www.welovecycling.com\/pl\/author\/piotrboczkowski\/"}]}},"_links":{"self":[{"href":"https:\/\/www.welovecycling.com\/pl\/wp-json\/wp\/v2\/posts\/3010","targetHints":{"allow":["GET"]}}],"collection":[{"href":"https:\/\/www.welovecycling.com\/pl\/wp-json\/wp\/v2\/posts"}],"about":[{"href":"https:\/\/www.welovecycling.com\/pl\/wp-json\/wp\/v2\/types\/post"}],"author":[{"embeddable":true,"href":"https:\/\/www.welovecycling.com\/pl\/wp-json\/wp\/v2\/users\/76"}],"replies":[{"embeddable":true,"href":"https:\/\/www.welovecycling.com\/pl\/wp-json\/wp\/v2\/comments?post=3010"}],"version-history":[{"count":2,"href":"https:\/\/www.welovecycling.com\/pl\/wp-json\/wp\/v2\/posts\/3010\/revisions"}],"predecessor-version":[{"id":6784,"href":"https:\/\/www.welovecycling.com\/pl\/wp-json\/wp\/v2\/posts\/3010\/revisions\/6784"}],"wp:featuredmedia":[{"embeddable":true,"href":"https:\/\/www.welovecycling.com\/pl\/wp-json\/wp\/v2\/media\/3011"}],"wp:attachment":[{"href":"https:\/\/www.welovecycling.com\/pl\/wp-json\/wp\/v2\/media?parent=3010"}],"wp:term":[{"taxonomy":"category","embeddable":true,"href":"https:\/\/www.welovecycling.com\/pl\/wp-json\/wp\/v2\/categories?post=3010"},{"taxonomy":"post_tag","embeddable":true,"href":"https:\/\/www.welovecycling.com\/pl\/wp-json\/wp\/v2\/tags?post=3010"},{"taxonomy":"global-categories","embeddable":true,"href":"https:\/\/www.welovecycling.com\/pl\/wp-json\/wp\/v2\/global-categories?post=3010"}],"curies":[{"name":"wp","href":"https:\/\/api.w.org\/{rel}","templated":true}]}}