{"id":3005,"date":"2017-03-09T11:30:35","date_gmt":"2017-03-09T11:30:35","guid":{"rendered":"https:\/\/www.welovecycling.com\/pl\/?p=3005"},"modified":"2017-04-12T06:05:01","modified_gmt":"2017-04-12T06:05:01","slug":"makroelementy-sa-wlasciwe-proporcje","status":"publish","type":"post","link":"https:\/\/www.welovecycling.com\/pl\/2017\/03\/09\/makroelementy-sa-wlasciwe-proporcje\/","title":{"rendered":"Makroelementy \u2013 jakie s\u0105 w\u0142a\u015bciwe proporcje?"},"content":{"rendered":"<div id=\"pl-3005\"  class=\"panel-layout\" ><div id=\"pg-3005-0\"  class=\"panel-grid panel-no-style\" ><div id=\"pgc-3005-0-0\"  class=\"panel-grid-cell\" ><div id=\"panel-3005-0-0-0\" class=\"so-panel widget widget_sow-editor panel-first-child\" data-index=\"0\" ><div\n\t\t\t\n\t\t\tclass=\"so-widget-sow-editor so-widget-sow-editor-base\"\n\t\t\t\n\t\t>\n<div class=\"siteorigin-widget-tinymce textwidget\">\n\t<p>W\u0119glowodany, bia\u0142ka i t\u0142uszcze to trzy g\u0142\u00f3wne makroelementy. Jakiej ilo\u015bci ka\u017cdego z nich potrzebujesz? Niekt\u00f3rzy r\u0119cz\u0105 za diety niskow\u0119glowodanowe, inni uwa\u017caj\u0105, \u017ce najw\u0142a\u015bciwsze s\u0105 niskot\u0142uszczowe, ale sk\u0105d wiadomo, kto ma racj\u0119? Sp\u00f3jrzmy na to, co naturalne i co zalecane, a potem mo\u017cesz samodzielnie zdecydowa\u0107, jakie proporcje s\u0105 dla ciebie dobre.<\/p>\n<p><strong>Bia\u0142ka to element sta\u0142y<\/strong><\/p>\n<p>Kiedy b\u0119dziesz czyta\u0107 online o proporcjach makroelement\u00f3w, dostrze\u017cesz, \u017ce ludzie zwykle k\u0142\u00f3c\u0105 si\u0119 o t\u0142uszcze i w\u0119glowodany. A to dlatego, \u017ce nasze zapotrzebowanie na bia\u0142ko nie r\u00f3\u017cni si\u0119 specjalnie i nie da si\u0119 go niczym innym zast\u0105pi\u0107. Zdrowe spo\u017cycie bia\u0142ka powinno waha\u0107 si\u0119 pomi\u0119dzy 15% a 35% spo\u017cywanych kalorii og\u00f3\u0142em. Je\u015bli nie dostarczysz\u00a0wystarczaj\u0105cej ilo\u015bci bia\u0142ka, twoje cia\u0142o upomni si\u0119 o nie stale rosn\u0105cym g\u0142odem. Ma\u0142o prawdopodobne, aby ktokolwiek z dostatnich kraj\u00f3w cywilizacji zachodniej m\u00f3g\u0142by mie\u0107 niedostatek bia\u0142ka przez d\u0142u\u017cszy czas. Jego nadmiar te\u017c nie zdarza si\u0119 cz\u0119sto. Bia\u0142ko jest bardzo syc\u0105ce, a pokarmy, kt\u00f3re cz\u0119sto spo\u017cywamy w nadmiarze, np. ciastka, s\u0142odycze, chipsy, czekolada lub pizza, nie zawieraj\u0105 go zbyt du\u017co.<\/p>\n<p>https:\/\/www.instagram.com\/p\/BJrMnGzg9lw\/<\/p>\n<p><strong>W\u0119glowodany s\u0105 g\u0142\u00f3wnym \u017ar\u00f3d\u0142em energii, prawda?<\/strong><\/p>\n<p>Wed\u0142ug obecnej wiedzy i zalece\u0144 \u015awiatowej Organizacji Zdrowia (WHO) w\u0119glowodany powinny by\u0107 g\u0142\u00f3wnym \u017ar\u00f3d\u0142em energii. To oznacza, \u017ce powinny stanowi\u0107 oko\u0142o 40\u201360% ca\u0142kowitego spo\u017cycia kalorii, czyli na t\u0142uszcze zostaje oko\u0142o 20\u201330%. Dlaczego zdecydowali\u015bmy, \u017ce w\u0119glowodany b\u0119d\u0105 g\u0142\u00f3wnym makroelementem?<\/p>\n<\/div>\n<\/div><\/div><div id=\"panel-3005-0-0-1\" class=\"so-panel widget widget_ys-post-pinup\" data-index=\"1\" ><div\n\t\t\t\n\t\t\tclass=\"so-widget-ys-post-pinup so-widget-ys-post-pinup-base\"\n\t\t\t\n\t\t><\/div><\/div><div id=\"panel-3005-0-0-2\" class=\"so-panel widget widget_sow-editor panel-last-child\" data-index=\"2\" ><div\n\t\t\t\n\t\t\tclass=\"so-widget-sow-editor so-widget-sow-editor-base\"\n\t\t\t\n\t\t>\n<div class=\"siteorigin-widget-tinymce textwidget\">\n\t<p><strong>Nie tak szybko, zdrowe t\u0142uszcze te\u017c si\u0119 dobrze sprawdz\u0105<\/strong><\/p>\n<p>Teoretycznie wcale nie potrzebujemy w\u0119glowodan\u00f3w w naszej diecie. Organizm mo\u017ce sam wyprodukowa\u0107 potrzebne mu w\u0119glowodany poprzez proces glukoneogenezy. Proces ten jednak wymaga energii, wi\u0119c wydaje si\u0119 sensowne, aby w diecie dostarcza\u0107 do organizmu jakie\u015b w\u0119glowodany (dla funkcji m\u00f3zgu i systemu odporno\u015bciowego). Rzecz w tym, \u017ce nasze mi\u0119\u015bnie mog\u0105 polega\u0107 wy\u0142\u0105cznie na t\u0142uszczach (w formie keton\u00f3w) w niskich, \u015brednich i nawet wysokich nat\u0119\u017ceniach z odpowiedni\u0105 adaptacj\u0105.<\/p>\n<p>https:\/\/www.instagram.com\/p\/BKCyuMcAlEi\/<\/p>\n<p><strong>Jakie s\u0105 naturalne proporcje makroelement\u00f3w?<\/strong><\/p>\n<p>We\u017amy na przyk\u0142ad mleko kobiece: zawiera ono oko\u0142o 54% kalorii w t\u0142uszczu i oko\u0142o 39% w w\u0119glowodanach. Innym interesuj\u0105cym przyk\u0142adem jest post, gdy organizmowi nie dostarcza si\u0119 \u017cadnego dodatkowego paliwa, a cia\u0142o pobiera 64% energii z t\u0142uszcz\u00f3w i 13% z w\u0119glowodan\u00f3w. W kr\u00f3lestwie zwierz\u0105t \u015brednia dieta ssaka zak\u0142ada 70% energii pobieranej z t\u0142uszcz\u00f3w i 10% z w\u0119glowodan\u00f3w. Je\u015bli we\u017amiemy pod uwag\u0119\u00a0na naszych przodk\u00f3w, to wi\u0119kszo\u015b\u0107 z nich dostawa\u0142a oko\u0142o 65% kalorii z t\u0142uszcz\u00f3w i 20% z w\u0119glowodan\u00f3w, chocia\u017c zdarzy\u0142y si\u0119 te\u017c wyj\u0105tki z 50% kalorii z w\u0119glowodan\u00f3w.<\/p>\n<p>Patrz\u0105c na populacje \u017cyj\u0105ce tradycyjnie, obecn\u0105 nauk\u0119 i nasz\u0105 fizjologi\u0119, mo\u017cna stwierdzi\u0107, \u017ce nasz organizm dobrze sobie radzi z t\u0142uszczem jako g\u0142\u00f3wnym \u017ar\u00f3d\u0142em energii. Dop\u00f3ki wybieramy prawdziwe, zdrowe pokarmy, decyzja o tym, czy w\u0119glowodany czy t\u0142uszcze stanowi\u0105 g\u0142\u00f3wne \u017ar\u00f3d\u0142o energii, nale\u017cy do nas. Je\u015bli wci\u0105\u017c nie masz pewno\u015bci, kt\u00f3ra droga jest dla ciebie odpowiednia, nie przejmuj si\u0119. W najbli\u017cszym czasie pojawi si\u0119 kilka artyku\u0142\u00f3w po\u015bwi\u0119conych tematyce makroelement\u00f3w. Ka\u017cdemu z nich przyjrzymy si\u0119 dok\u0142adniej i uzupe\u0142nimy je o bardzo smaczne przepisy!<\/p>\n<p>(\u017ar\u00f3d\u0142o zdj\u0119\u0107: welovecycling.com)<\/p>\n<\/div>\n<\/div><\/div><\/div><\/div><\/div>","protected":false},"excerpt":{"rendered":"<p>W\u0119glowodany, bia\u0142ka i t\u0142uszcze to trzy g\u0142\u00f3wne makroelementy. Jakiej ilo\u015bci ka\u017cdego z nich potrzebujesz? Niekt\u00f3rzy r\u0119cz\u0105 za diety niskow\u0119glowodanowe, inni [&hellip;]<\/p>\n","protected":false},"author":76,"featured_media":3006,"comment_status":"open","ping_status":"open","sticky":false,"template":"","format":"standard","meta":{"footnotes":""},"categories":[4],"tags":[105,16],"global-categories":[],"class_list":["post-3005","post","type-post","status-publish","format-standard","has-post-thumbnail","hentry","category-zdrowie-i-trening","tag-makroelementy","tag-zdrowie"],"yoast_head":"<!-- This site is optimized with the Yoast SEO Premium plugin v25.3 (Yoast SEO v25.9) - https:\/\/yoast.com\/wordpress\/plugins\/seo\/ -->\n<title>Makroelementy \u2013 jakie s\u0105 w\u0142a\u015bciwe proporcje? - \u0160koda We Love Cycling - Poland<\/title>\n<meta name=\"robots\" content=\"index, follow, max-snippet:-1, max-image-preview:large, max-video-preview:-1\" \/>\n<link rel=\"canonical\" href=\"https:\/\/www.welovecycling.com\/pl\/2017\/03\/09\/makroelementy-sa-wlasciwe-proporcje\/\" \/>\n<meta property=\"og:locale\" content=\"pl_PL\" \/>\n<meta property=\"og:type\" content=\"article\" \/>\n<meta property=\"og:title\" content=\"Makroelementy \u2013 jakie s\u0105 w\u0142a\u015bciwe proporcje?\" \/>\n<meta property=\"og:description\" content=\"W\u0119glowodany, bia\u0142ka i t\u0142uszcze to trzy g\u0142\u00f3wne makroelementy. Jakiej ilo\u015bci ka\u017cdego z nich potrzebujesz? Niekt\u00f3rzy r\u0119cz\u0105 za diety niskow\u0119glowodanowe, inni [&hellip;]\" \/>\n<meta property=\"og:url\" content=\"https:\/\/www.welovecycling.com\/pl\/2017\/03\/09\/makroelementy-sa-wlasciwe-proporcje\/\" \/>\n<meta property=\"og:site_name\" content=\"\u0160koda We Love Cycling - Poland\" \/>\n<meta property=\"article:published_time\" content=\"2017-03-09T11:30:35+00:00\" \/>\n<meta property=\"article:modified_time\" content=\"2017-04-12T06:05:01+00:00\" \/>\n<meta property=\"og:image\" content=\"https:\/\/d2p6e6u75xmxt8.cloudfront.net\/5\/2017\/03\/2323232231313.jpg\" \/>\n\t<meta property=\"og:image:width\" content=\"1375\" \/>\n\t<meta property=\"og:image:height\" content=\"600\" \/>\n\t<meta property=\"og:image:type\" content=\"image\/jpeg\" \/>\n<meta name=\"author\" content=\"piotrboczkowski\" \/>\n<meta name=\"twitter:card\" content=\"summary_large_image\" \/>\n<meta name=\"twitter:label1\" content=\"Written by\" \/>\n\t<meta name=\"twitter:data1\" content=\"Jiri Kaloc\" \/>\n\t<meta name=\"twitter:label2\" content=\"Est. reading time\" \/>\n\t<meta name=\"twitter:data2\" content=\"3 minutes\" \/>\n<script type=\"application\/ld+json\" class=\"yoast-schema-graph\">{\"@context\":\"https:\/\/schema.org\",\"@graph\":[{\"@type\":\"WebPage\",\"@id\":\"https:\/\/www.welovecycling.com\/pl\/2017\/03\/09\/makroelementy-sa-wlasciwe-proporcje\/\",\"url\":\"https:\/\/www.welovecycling.com\/pl\/2017\/03\/09\/makroelementy-sa-wlasciwe-proporcje\/\",\"name\":\"Makroelementy \u2013 jakie s\u0105 w\u0142a\u015bciwe proporcje? - \u0160koda We Love Cycling - Poland\",\"isPartOf\":{\"@id\":\"https:\/\/www.welovecycling.com\/pl\/#website\"},\"primaryImageOfPage\":{\"@id\":\"https:\/\/www.welovecycling.com\/pl\/2017\/03\/09\/makroelementy-sa-wlasciwe-proporcje\/#primaryimage\"},\"image\":{\"@id\":\"https:\/\/www.welovecycling.com\/pl\/2017\/03\/09\/makroelementy-sa-wlasciwe-proporcje\/#primaryimage\"},\"thumbnailUrl\":\"https:\/\/d2p6e6u75xmxt8.cloudfront.net\/5\/2017\/03\/2323232231313.jpg\",\"datePublished\":\"2017-03-09T11:30:35+00:00\",\"dateModified\":\"2017-04-12T06:05:01+00:00\",\"author\":{\"@id\":\"https:\/\/www.welovecycling.com\/pl\/#\/schema\/person\/0dba2d39da943db9df3fd8f4687e7f23\"},\"breadcrumb\":{\"@id\":\"https:\/\/www.welovecycling.com\/pl\/2017\/03\/09\/makroelementy-sa-wlasciwe-proporcje\/#breadcrumb\"},\"inLanguage\":\"pl-PL\",\"potentialAction\":[{\"@type\":\"ReadAction\",\"target\":[\"https:\/\/www.welovecycling.com\/pl\/2017\/03\/09\/makroelementy-sa-wlasciwe-proporcje\/\"]}]},{\"@type\":\"ImageObject\",\"inLanguage\":\"pl-PL\",\"@id\":\"https:\/\/www.welovecycling.com\/pl\/2017\/03\/09\/makroelementy-sa-wlasciwe-proporcje\/#primaryimage\",\"url\":\"https:\/\/d2p6e6u75xmxt8.cloudfront.net\/5\/2017\/03\/2323232231313.jpg\",\"contentUrl\":\"https:\/\/d2p6e6u75xmxt8.cloudfront.net\/5\/2017\/03\/2323232231313.jpg\",\"width\":1375,\"height\":600},{\"@type\":\"BreadcrumbList\",\"@id\":\"https:\/\/www.welovecycling.com\/pl\/2017\/03\/09\/makroelementy-sa-wlasciwe-proporcje\/#breadcrumb\",\"itemListElement\":[{\"@type\":\"ListItem\",\"position\":1,\"name\":\"Home\",\"item\":\"https:\/\/www.welovecycling.com\/pl\/\"},{\"@type\":\"ListItem\",\"position\":2,\"name\":\"Makroelementy \u2013 jakie s\u0105 w\u0142a\u015bciwe proporcje?\"}]},{\"@type\":\"WebSite\",\"@id\":\"https:\/\/www.welovecycling.com\/pl\/#website\",\"url\":\"https:\/\/www.welovecycling.com\/pl\/\",\"name\":\"\u0160koda We Love Cycling - Poland\",\"description\":\"\",\"potentialAction\":[{\"@type\":\"SearchAction\",\"target\":{\"@type\":\"EntryPoint\",\"urlTemplate\":\"https:\/\/www.welovecycling.com\/pl\/?s={search_term_string}\"},\"query-input\":{\"@type\":\"PropertyValueSpecification\",\"valueRequired\":true,\"valueName\":\"search_term_string\"}}],\"inLanguage\":\"pl-PL\"},{\"@type\":\"Person\",\"@id\":\"https:\/\/www.welovecycling.com\/pl\/#\/schema\/person\/0dba2d39da943db9df3fd8f4687e7f23\",\"name\":\"piotrboczkowski\",\"image\":{\"@type\":\"ImageObject\",\"inLanguage\":\"pl-PL\",\"@id\":\"https:\/\/www.welovecycling.com\/pl\/#\/schema\/person\/image\/\",\"url\":\"https:\/\/secure.gravatar.com\/avatar\/533caccae14752e03a2ce2d3fd62d1b98b93e1393c3195c27819e53344ca1ace?s=96&d=mm&r=g\",\"contentUrl\":\"https:\/\/secure.gravatar.com\/avatar\/533caccae14752e03a2ce2d3fd62d1b98b93e1393c3195c27819e53344ca1ace?s=96&d=mm&r=g\",\"caption\":\"piotrboczkowski\"},\"url\":\"https:\/\/www.welovecycling.com\/pl\/author\/piotrboczkowski\/\"}]}<\/script>\n<!-- \/ Yoast SEO Premium plugin. -->","yoast_head_json":{"title":"Makroelementy \u2013 jakie s\u0105 w\u0142a\u015bciwe proporcje? - \u0160koda We Love Cycling - Poland","robots":{"index":"index","follow":"follow","max-snippet":"max-snippet:-1","max-image-preview":"max-image-preview:large","max-video-preview":"max-video-preview:-1"},"canonical":"https:\/\/www.welovecycling.com\/pl\/2017\/03\/09\/makroelementy-sa-wlasciwe-proporcje\/","og_locale":"pl_PL","og_type":"article","og_title":"Makroelementy \u2013 jakie s\u0105 w\u0142a\u015bciwe proporcje?","og_description":"W\u0119glowodany, bia\u0142ka i t\u0142uszcze to trzy g\u0142\u00f3wne makroelementy. Jakiej ilo\u015bci ka\u017cdego z nich potrzebujesz? Niekt\u00f3rzy r\u0119cz\u0105 za diety niskow\u0119glowodanowe, inni [&hellip;]","og_url":"https:\/\/www.welovecycling.com\/pl\/2017\/03\/09\/makroelementy-sa-wlasciwe-proporcje\/","og_site_name":"\u0160koda We Love Cycling - Poland","article_published_time":"2017-03-09T11:30:35+00:00","article_modified_time":"2017-04-12T06:05:01+00:00","og_image":[{"width":1375,"height":600,"url":"https:\/\/d2p6e6u75xmxt8.cloudfront.net\/5\/2017\/03\/2323232231313.jpg","type":"image\/jpeg"}],"author":"piotrboczkowski","twitter_card":"summary_large_image","twitter_misc":{"Written by":"Jiri Kaloc","Est. reading time":"3 minutes"},"schema":{"@context":"https:\/\/schema.org","@graph":[{"@type":"WebPage","@id":"https:\/\/www.welovecycling.com\/pl\/2017\/03\/09\/makroelementy-sa-wlasciwe-proporcje\/","url":"https:\/\/www.welovecycling.com\/pl\/2017\/03\/09\/makroelementy-sa-wlasciwe-proporcje\/","name":"Makroelementy \u2013 jakie s\u0105 w\u0142a\u015bciwe proporcje? - \u0160koda We Love Cycling - Poland","isPartOf":{"@id":"https:\/\/www.welovecycling.com\/pl\/#website"},"primaryImageOfPage":{"@id":"https:\/\/www.welovecycling.com\/pl\/2017\/03\/09\/makroelementy-sa-wlasciwe-proporcje\/#primaryimage"},"image":{"@id":"https:\/\/www.welovecycling.com\/pl\/2017\/03\/09\/makroelementy-sa-wlasciwe-proporcje\/#primaryimage"},"thumbnailUrl":"https:\/\/d2p6e6u75xmxt8.cloudfront.net\/5\/2017\/03\/2323232231313.jpg","datePublished":"2017-03-09T11:30:35+00:00","dateModified":"2017-04-12T06:05:01+00:00","author":{"@id":"https:\/\/www.welovecycling.com\/pl\/#\/schema\/person\/0dba2d39da943db9df3fd8f4687e7f23"},"breadcrumb":{"@id":"https:\/\/www.welovecycling.com\/pl\/2017\/03\/09\/makroelementy-sa-wlasciwe-proporcje\/#breadcrumb"},"inLanguage":"pl-PL","potentialAction":[{"@type":"ReadAction","target":["https:\/\/www.welovecycling.com\/pl\/2017\/03\/09\/makroelementy-sa-wlasciwe-proporcje\/"]}]},{"@type":"ImageObject","inLanguage":"pl-PL","@id":"https:\/\/www.welovecycling.com\/pl\/2017\/03\/09\/makroelementy-sa-wlasciwe-proporcje\/#primaryimage","url":"https:\/\/d2p6e6u75xmxt8.cloudfront.net\/5\/2017\/03\/2323232231313.jpg","contentUrl":"https:\/\/d2p6e6u75xmxt8.cloudfront.net\/5\/2017\/03\/2323232231313.jpg","width":1375,"height":600},{"@type":"BreadcrumbList","@id":"https:\/\/www.welovecycling.com\/pl\/2017\/03\/09\/makroelementy-sa-wlasciwe-proporcje\/#breadcrumb","itemListElement":[{"@type":"ListItem","position":1,"name":"Home","item":"https:\/\/www.welovecycling.com\/pl\/"},{"@type":"ListItem","position":2,"name":"Makroelementy \u2013 jakie s\u0105 w\u0142a\u015bciwe proporcje?"}]},{"@type":"WebSite","@id":"https:\/\/www.welovecycling.com\/pl\/#website","url":"https:\/\/www.welovecycling.com\/pl\/","name":"\u0160koda We Love Cycling - Poland","description":"","potentialAction":[{"@type":"SearchAction","target":{"@type":"EntryPoint","urlTemplate":"https:\/\/www.welovecycling.com\/pl\/?s={search_term_string}"},"query-input":{"@type":"PropertyValueSpecification","valueRequired":true,"valueName":"search_term_string"}}],"inLanguage":"pl-PL"},{"@type":"Person","@id":"https:\/\/www.welovecycling.com\/pl\/#\/schema\/person\/0dba2d39da943db9df3fd8f4687e7f23","name":"piotrboczkowski","image":{"@type":"ImageObject","inLanguage":"pl-PL","@id":"https:\/\/www.welovecycling.com\/pl\/#\/schema\/person\/image\/","url":"https:\/\/secure.gravatar.com\/avatar\/533caccae14752e03a2ce2d3fd62d1b98b93e1393c3195c27819e53344ca1ace?s=96&d=mm&r=g","contentUrl":"https:\/\/secure.gravatar.com\/avatar\/533caccae14752e03a2ce2d3fd62d1b98b93e1393c3195c27819e53344ca1ace?s=96&d=mm&r=g","caption":"piotrboczkowski"},"url":"https:\/\/www.welovecycling.com\/pl\/author\/piotrboczkowski\/"}]}},"_links":{"self":[{"href":"https:\/\/www.welovecycling.com\/pl\/wp-json\/wp\/v2\/posts\/3005","targetHints":{"allow":["GET"]}}],"collection":[{"href":"https:\/\/www.welovecycling.com\/pl\/wp-json\/wp\/v2\/posts"}],"about":[{"href":"https:\/\/www.welovecycling.com\/pl\/wp-json\/wp\/v2\/types\/post"}],"author":[{"embeddable":true,"href":"https:\/\/www.welovecycling.com\/pl\/wp-json\/wp\/v2\/users\/76"}],"replies":[{"embeddable":true,"href":"https:\/\/www.welovecycling.com\/pl\/wp-json\/wp\/v2\/comments?post=3005"}],"version-history":[{"count":2,"href":"https:\/\/www.welovecycling.com\/pl\/wp-json\/wp\/v2\/posts\/3005\/revisions"}],"predecessor-version":[{"id":3404,"href":"https:\/\/www.welovecycling.com\/pl\/wp-json\/wp\/v2\/posts\/3005\/revisions\/3404"}],"wp:featuredmedia":[{"embeddable":true,"href":"https:\/\/www.welovecycling.com\/pl\/wp-json\/wp\/v2\/media\/3006"}],"wp:attachment":[{"href":"https:\/\/www.welovecycling.com\/pl\/wp-json\/wp\/v2\/media?parent=3005"}],"wp:term":[{"taxonomy":"category","embeddable":true,"href":"https:\/\/www.welovecycling.com\/pl\/wp-json\/wp\/v2\/categories?post=3005"},{"taxonomy":"post_tag","embeddable":true,"href":"https:\/\/www.welovecycling.com\/pl\/wp-json\/wp\/v2\/tags?post=3005"},{"taxonomy":"global-categories","embeddable":true,"href":"https:\/\/www.welovecycling.com\/pl\/wp-json\/wp\/v2\/global-categories?post=3005"}],"curies":[{"name":"wp","href":"https:\/\/api.w.org\/{rel}","templated":true}]}}