{"id":2990,"date":"2017-03-06T16:03:53","date_gmt":"2017-03-06T16:03:53","guid":{"rendered":"https:\/\/www.welovecycling.com\/pl\/?p=2990"},"modified":"2017-04-12T05:50:04","modified_gmt":"2017-04-12T05:50:04","slug":"zapobiegac-ukladaniu-sie-wlosow-ksztalt-kasku","status":"publish","type":"post","link":"https:\/\/www.welovecycling.com\/pl\/2017\/03\/06\/zapobiegac-ukladaniu-sie-wlosow-ksztalt-kasku\/","title":{"rendered":"Jak zapobiega\u0107 uk\u0142adaniu si\u0119 w\u0142os\u00f3w na kszta\u0142t kasku?"},"content":{"rendered":"<p>&nbsp;<\/p>\n<p>Ogromna wi\u0119kszo\u015b\u0107 z was chce prowadzi\u0107 zdrowy tryb \u017cycia, a zmienienie sposobu, w jaki doje\u017cd\u017camy do pracy, na wymagaj\u0105c\u0105 aktywno\u015bci fizycznej jazd\u0119 na rowerze, jest znakomitym sposobem, aby to robi\u0107. Jednak\u017ce praktyczne uwarunkowania zwi\u0105zane z doje\u017cd\u017caniem do pracy na rowerze i utrzymywanie dobrego wygl\u0105du przez ca\u0142y dzie\u0144 mog\u0105 pozostawa\u0107 ze sob\u0105 w sprzeczno\u015bci, szczeg\u00f3lnie, gdy we\u017amiemy pod uwag\u0119 w\u0142osy uk\u0142adaj\u0105ce si\u0119 na kszta\u0142t kasku (poniewa\u017c jeste\u015b osob\u0105 przestrzegaj\u0105c\u0105 prawa i nienoszenie kasku nie wchodzi w gr\u0119). \u00a0Co wi\u0119c mo\u017cesz z tym zrobi\u0107?<\/p>\n<p><strong>1) U\u017cywaj kasku<\/strong><\/p>\n<p>Magazyn xoVain.com pisze, \u017ce poniewa\u017c ciep\u0142o ma korzystny wp\u0142yw na stylizacj\u0119 twoich w\u0142os\u00f3w, mo\u017cesz u\u017cywa\u0107 kasku dla swojej korzy\u015bci: \u201ePrzed za\u0142o\u017ceniem kasku lubi\u0119 rozpu\u015bci\u0107 w\u0142osy i zaaplikowa\u0107 im troch\u0119 kosmetyk\u00f3w. Zazwyczaj za\u00a0pomoc\u0105 naprawd\u0119 mocnego sprayu do w\u0142os\u00f3w tworz\u0119 mgie\u0142k\u0119 wok\u00f3\u0142 siebie tak, \u017ce w\u0142osy wiedz\u0105, \u017ce chc\u0119 i\u015b\u0107 do pracy\u201d \u2013\u00a0m\u00f3wi\u0105 rozm\u00f3wczynie. Powiedzia\u0142y one r\u00f3wnie\u017c, \u017ce podczas jazdy na rowerze maj\u0105 w\u0142osy u\u0142o\u017cone\u00a0wewn\u0105trz kasku, a nast\u0119pnie &#8211; podczas doje\u017cd\u017cania do miejsca przeznaczenia i zdejmowania kasku &#8211; przywracaj\u0105 w\u0142osom ich pierwotny kszta\u0142t, na\u015bladuj\u0105c\u00a0modelki z reklam L\u2019Or\u00e9al, czyli odgarniaj\u0105 w\u0142osy i potrz\u0105saj\u0105 g\u0142ow\u0105.<\/p>\n<p><a href=\"https:\/\/d2p6e6u75xmxt8.cloudfront.net\/5\/2017\/03\/96380a8569ef5cb715f3346545b617ce.jpg\"><img loading=\"lazy\" decoding=\"async\" class=\"alignnone size-full wp-image-2991\" src=\"https:\/\/d2p6e6u75xmxt8.cloudfront.net\/5\/2017\/03\/96380a8569ef5cb715f3346545b617ce.jpg\" alt=\"\" width=\"564\" height=\"373\" srcset=\"https:\/\/d2p6e6u75xmxt8.cloudfront.net\/5\/2017\/03\/96380a8569ef5cb715f3346545b617ce.jpg 564w, https:\/\/d2p6e6u75xmxt8.cloudfront.net\/5\/2017\/03\/96380a8569ef5cb715f3346545b617ce-300x198.jpg 300w\" sizes=\"auto, (max-width: 564px) 100vw, 564px\" \/><\/a><\/p>\n<p><strong>2) D\u0142ugie w\u0142osy<\/strong><\/p>\n<p>D\u0142ugie w\u0142osy s\u0105 zdecydowanie trudniejsze do ogarni\u0119cia, gdy chodzi o w\u0142osy uk\u0142adaj\u0105ce si\u0119 na kszta\u0142t kasku. Stylistka w\u0142os\u00f3w Beata Nowak sugeruje, \u017ce ciasno splecione warkocze s\u0105 dobrym sposobem na rozwi\u0105zanie tego problemu. Po sko\u0144czonej je\u017adzie na rowerze mo\u017cesz albo w\u0142osy\u00a0rozpu\u015bci\u0107, albo zostawi\u0107 tak, jak s\u0105 &#8211; jak zamierza\u0142a\u015b, \u017ceby wygl\u0105da\u0142y!<\/p>\n<p><a href=\"https:\/\/d2p6e6u75xmxt8.cloudfront.net\/5\/2017\/03\/6d6675d000f701f9712093db48835803.jpg\"><img loading=\"lazy\" decoding=\"async\" class=\"alignnone size-full wp-image-2992\" src=\"https:\/\/d2p6e6u75xmxt8.cloudfront.net\/5\/2017\/03\/6d6675d000f701f9712093db48835803.jpg\" alt=\"\" width=\"547\" height=\"544\" srcset=\"https:\/\/d2p6e6u75xmxt8.cloudfront.net\/5\/2017\/03\/6d6675d000f701f9712093db48835803.jpg 547w, https:\/\/d2p6e6u75xmxt8.cloudfront.net\/5\/2017\/03\/6d6675d000f701f9712093db48835803-150x150.jpg 150w, https:\/\/d2p6e6u75xmxt8.cloudfront.net\/5\/2017\/03\/6d6675d000f701f9712093db48835803-300x298.jpg 300w\" sizes=\"auto, (max-width: 547px) 100vw, 547px\" \/><\/a><\/p>\n<p><strong>3) Kr\u00f3tkie w\u0142osy<\/strong><\/p>\n<p>Gdy chodzi o zapobieganie uk\u0142adaniu si\u0119 w\u0142os\u00f3w na kszta\u0142t kasku przy kr\u00f3tkiej fryzurze, \u017cycie jest o wiele \u0142atwiejsze. Trik w tym wypadku polega na niedopuszczeniu do przylegania w\u0142os\u00f3w do czo\u0142a. Po sko\u0144czonej je\u017adzie na rowerze kosmetyki do w\u0142os\u00f3w b\u0119d\u0105\u00a0twoim przyjacielem, dobrym sposobem\u00a0jest r\u00f3wnie\u017c przeci\u0105gni\u0119cie palcami po w\u0142osach. W przypadku troch\u0119 d\u0142u\u017cszych w\u0142os\u00f3w, kt\u00f3rych wci\u0105\u017c nie mo\u017cesz zwi\u0105za\u0107, spr\u00f3buj u\u017cy\u0107 szerszej opaski na czo\u0142o, aby zapobiec zsuwaniu si\u0119 w\u0142os\u00f3w na twarz podczas jazdy na rowerze. Firma Lululemon ma w ofercie szczeg\u00f3lnie gustown\u0105 kolekcj\u0119, kt\u00f3ra zosta\u0142a zaprojektowana do uprawiania sportu, ale nadaje si\u0119 na ka\u017cd\u0105 okazj\u0119.<\/p>\n<p><a href=\"https:\/\/d2p6e6u75xmxt8.cloudfront.net\/5\/2017\/03\/672c34b1cccf664515f7140348379b66.jpg\"><img loading=\"lazy\" decoding=\"async\" class=\"alignnone size-full wp-image-2993\" src=\"https:\/\/d2p6e6u75xmxt8.cloudfront.net\/5\/2017\/03\/672c34b1cccf664515f7140348379b66.jpg\" alt=\"\" width=\"540\" height=\"670\" srcset=\"https:\/\/d2p6e6u75xmxt8.cloudfront.net\/5\/2017\/03\/672c34b1cccf664515f7140348379b66.jpg 540w, https:\/\/d2p6e6u75xmxt8.cloudfront.net\/5\/2017\/03\/672c34b1cccf664515f7140348379b66-242x300.jpg 242w\" sizes=\"auto, (max-width: 540px) 100vw, 540px\" \/><\/a><\/p>\n<p><strong>4) Przybierz wygl\u0105d pla\u017cowy<\/strong><\/p>\n<p>Wracaj\u0105c do\u00a0d\u0142ugich w\u0142os\u00f3w, mo\u017cemy zdradzi\u0107, \u017ce by\u0107 mo\u017ce jedn\u0105 z najlepszych porad, jakie na sobie wypr\u00f3bowali\u015bmy, jest przyj\u0119cie za\u0142o\u017cenia, \u017ce poprzez noszenie kasku zasadniczo nie zgadzasz si\u0119 na przylizan\u0105 fryzur\u0119, tak wi\u0119c dopasuj odpowiednio sw\u00f3j wygl\u0105d\u00a0i d\u0105\u017c do osi\u0105gni\u0119cia stylu pla\u017cowego. Fashionmagazine.com sugeruje u\u017cycie przed za\u0142o\u017ceniem kasku sprayu pla\u017cowego, takiego jak Apr\u00e8s Beach Wave firmy Oribe. Zr\u00f3b przedzia\u0142ek z boku g\u0142owy, popsikaj w\u0142osy sprayem i zgnie\u0107 je, zanim u\u0142o\u017cysz je w kok na karku, p\u00f3\u017aniej rozpu\u015b\u0107 w\u0142osy, gdy dotrzesz do miejsca przeznaczenia.<\/p>\n<p><a href=\"https:\/\/d2p6e6u75xmxt8.cloudfront.net\/5\/2017\/03\/1c7a228e124b0832562991ce0a81526a.jpg\"><img loading=\"lazy\" decoding=\"async\" class=\"alignnone size-full wp-image-2994\" src=\"https:\/\/d2p6e6u75xmxt8.cloudfront.net\/5\/2017\/03\/1c7a228e124b0832562991ce0a81526a.jpg\" alt=\"\" width=\"564\" height=\"751\" srcset=\"https:\/\/d2p6e6u75xmxt8.cloudfront.net\/5\/2017\/03\/1c7a228e124b0832562991ce0a81526a.jpg 564w, https:\/\/d2p6e6u75xmxt8.cloudfront.net\/5\/2017\/03\/1c7a228e124b0832562991ce0a81526a-225x300.jpg 225w\" sizes=\"auto, (max-width: 564px) 100vw, 564px\" \/><\/a><\/p>\n<p><strong>5) No\u015b zestaw przybor\u00f3w<\/strong><\/p>\n<p>Je\u017celi masz w\u0105tpliwo\u015bci, we\u017a ze sob\u0105 kilka niezb\u0119dnych przybor\u00f3w do poprawiania w\u0142os\u00f3w. Jako rowerzystka jeste\u015b\u00a0ca\u0142kiem niez\u0142ym ekspertem od strategicznego pakowania wszystkiego, co mo\u017ce by\u0107 u\u017cyteczne podczas jazdy, tak wi\u0119c dorzu\u0107 kilka niezb\u0119dnych gad\u017cet\u00f3w do stylizowania w\u0142os\u00f3w, najlepiej w formacie podr\u00f3\u017cnym. We\u017a ze sob\u0105 ten spray pla\u017cowy lub dorzu\u0107 suchy lakier do w\u0142os\u00f3w w sprayu chroni\u0105cy przed wilgoci\u0105, taki jak Suchy Lakier do W\u0142os\u00f3w z Barier\u0105 Przeciw Wilgoci i Pewnie Trzymaj\u0105cy W\u0142osy marki John Frieda (ang. John Frieda\u2019s Moisture Barrier Firm-Hold Hairspray). Suche szampony i nawet podr\u00f3\u017cne prostownice do w\u0142os\u00f3w to r\u00f3wnie\u017c realne opcje &#8211; bezprzewodowe prostownice na baterie Babyliss Pro Cordless s\u0105 szczeg\u00f3lnie u\u017cyteczne, poniewa\u017c nie potrzebujesz nawet gniazdka, \u017ceby ich u\u017cywa\u0107!<\/p>\n<p><a href=\"https:\/\/d2p6e6u75xmxt8.cloudfront.net\/5\/2017\/03\/a8ca59dc90d2791b189fcb6007873bbd.jpg\"><img loading=\"lazy\" decoding=\"async\" class=\"alignnone size-full wp-image-2995\" src=\"https:\/\/d2p6e6u75xmxt8.cloudfront.net\/5\/2017\/03\/a8ca59dc90d2791b189fcb6007873bbd.jpg\" alt=\"\" width=\"300\" height=\"300\" srcset=\"https:\/\/d2p6e6u75xmxt8.cloudfront.net\/5\/2017\/03\/a8ca59dc90d2791b189fcb6007873bbd.jpg 300w, https:\/\/d2p6e6u75xmxt8.cloudfront.net\/5\/2017\/03\/a8ca59dc90d2791b189fcb6007873bbd-150x150.jpg 150w\" sizes=\"auto, (max-width: 300px) 100vw, 300px\" \/><\/a><\/p>\n<p>(\u017ar\u00f3d\u0142o zdj\u0119\u0107: welovecycling.com)<\/p>\n","protected":false},"excerpt":{"rendered":"<p>&nbsp; Ogromna wi\u0119kszo\u015b\u0107 z was chce prowadzi\u0107 zdrowy tryb \u017cycia, a zmienienie sposobu, w jaki doje\u017cd\u017camy do pracy, na wymagaj\u0105c\u0105 [&hellip;]<\/p>\n","protected":false},"author":76,"featured_media":2996,"comment_status":"open","ping_status":"open","sticky":false,"template":"","format":"standard","meta":{"footnotes":""},"categories":[1],"tags":[104],"global-categories":[],"class_list":["post-2990","post","type-post","status-publish","format-standard","has-post-thumbnail","hentry","category-uncategorized","tag-wlosy-pod-kaskiem"],"yoast_head":"<!-- This site is optimized with the Yoast SEO Premium plugin v25.3 (Yoast SEO v25.9) - https:\/\/yoast.com\/wordpress\/plugins\/seo\/ -->\n<title>Jak zapobiega\u0107 uk\u0142adaniu si\u0119 w\u0142os\u00f3w na kszta\u0142t kasku? - \u0160koda We Love Cycling - Poland<\/title>\n<meta name=\"robots\" content=\"index, follow, max-snippet:-1, max-image-preview:large, max-video-preview:-1\" \/>\n<link rel=\"canonical\" href=\"https:\/\/www.welovecycling.com\/pl\/2017\/03\/06\/zapobiegac-ukladaniu-sie-wlosow-ksztalt-kasku\/\" \/>\n<meta property=\"og:locale\" content=\"pl_PL\" \/>\n<meta property=\"og:type\" content=\"article\" \/>\n<meta property=\"og:title\" content=\"Jak zapobiega\u0107 uk\u0142adaniu si\u0119 w\u0142os\u00f3w na kszta\u0142t kasku?\" \/>\n<meta property=\"og:description\" content=\"&nbsp; Ogromna wi\u0119kszo\u015b\u0107 z was chce prowadzi\u0107 zdrowy tryb \u017cycia, a zmienienie sposobu, w jaki doje\u017cd\u017camy do pracy, na wymagaj\u0105c\u0105 [&hellip;]\" \/>\n<meta property=\"og:url\" content=\"https:\/\/www.welovecycling.com\/pl\/2017\/03\/06\/zapobiegac-ukladaniu-sie-wlosow-ksztalt-kasku\/\" \/>\n<meta property=\"og:site_name\" content=\"\u0160koda We Love Cycling - Poland\" \/>\n<meta property=\"article:published_time\" content=\"2017-03-06T16:03:53+00:00\" \/>\n<meta property=\"article:modified_time\" content=\"2017-04-12T05:50:04+00:00\" \/>\n<meta property=\"og:image\" content=\"https:\/\/d2p6e6u75xmxt8.cloudfront.net\/5\/2017\/03\/232332_233223.jpg\" \/>\n\t<meta property=\"og:image:width\" content=\"1375\" \/>\n\t<meta property=\"og:image:height\" content=\"600\" \/>\n\t<meta property=\"og:image:type\" content=\"image\/jpeg\" \/>\n<meta name=\"author\" content=\"piotrboczkowski\" \/>\n<meta name=\"twitter:card\" content=\"summary_large_image\" \/>\n<meta name=\"twitter:label1\" content=\"Written by\" \/>\n\t<meta name=\"twitter:data1\" content=\"Bonnie Friend\" \/>\n\t<meta name=\"twitter:label2\" content=\"Est. reading time\" \/>\n\t<meta name=\"twitter:data2\" content=\"4 minutes\" \/>\n<script type=\"application\/ld+json\" class=\"yoast-schema-graph\">{\"@context\":\"https:\/\/schema.org\",\"@graph\":[{\"@type\":\"WebPage\",\"@id\":\"https:\/\/www.welovecycling.com\/pl\/2017\/03\/06\/zapobiegac-ukladaniu-sie-wlosow-ksztalt-kasku\/\",\"url\":\"https:\/\/www.welovecycling.com\/pl\/2017\/03\/06\/zapobiegac-ukladaniu-sie-wlosow-ksztalt-kasku\/\",\"name\":\"Jak zapobiega\u0107 uk\u0142adaniu si\u0119 w\u0142os\u00f3w na kszta\u0142t kasku? - \u0160koda We Love Cycling - Poland\",\"isPartOf\":{\"@id\":\"https:\/\/www.welovecycling.com\/pl\/#website\"},\"primaryImageOfPage\":{\"@id\":\"https:\/\/www.welovecycling.com\/pl\/2017\/03\/06\/zapobiegac-ukladaniu-sie-wlosow-ksztalt-kasku\/#primaryimage\"},\"image\":{\"@id\":\"https:\/\/www.welovecycling.com\/pl\/2017\/03\/06\/zapobiegac-ukladaniu-sie-wlosow-ksztalt-kasku\/#primaryimage\"},\"thumbnailUrl\":\"https:\/\/d2p6e6u75xmxt8.cloudfront.net\/5\/2017\/03\/232332_233223.jpg\",\"datePublished\":\"2017-03-06T16:03:53+00:00\",\"dateModified\":\"2017-04-12T05:50:04+00:00\",\"author\":{\"@id\":\"https:\/\/www.welovecycling.com\/pl\/#\/schema\/person\/0dba2d39da943db9df3fd8f4687e7f23\"},\"breadcrumb\":{\"@id\":\"https:\/\/www.welovecycling.com\/pl\/2017\/03\/06\/zapobiegac-ukladaniu-sie-wlosow-ksztalt-kasku\/#breadcrumb\"},\"inLanguage\":\"pl-PL\",\"potentialAction\":[{\"@type\":\"ReadAction\",\"target\":[\"https:\/\/www.welovecycling.com\/pl\/2017\/03\/06\/zapobiegac-ukladaniu-sie-wlosow-ksztalt-kasku\/\"]}]},{\"@type\":\"ImageObject\",\"inLanguage\":\"pl-PL\",\"@id\":\"https:\/\/www.welovecycling.com\/pl\/2017\/03\/06\/zapobiegac-ukladaniu-sie-wlosow-ksztalt-kasku\/#primaryimage\",\"url\":\"https:\/\/d2p6e6u75xmxt8.cloudfront.net\/5\/2017\/03\/232332_233223.jpg\",\"contentUrl\":\"https:\/\/d2p6e6u75xmxt8.cloudfront.net\/5\/2017\/03\/232332_233223.jpg\",\"width\":1375,\"height\":600},{\"@type\":\"BreadcrumbList\",\"@id\":\"https:\/\/www.welovecycling.com\/pl\/2017\/03\/06\/zapobiegac-ukladaniu-sie-wlosow-ksztalt-kasku\/#breadcrumb\",\"itemListElement\":[{\"@type\":\"ListItem\",\"position\":1,\"name\":\"Home\",\"item\":\"https:\/\/www.welovecycling.com\/pl\/\"},{\"@type\":\"ListItem\",\"position\":2,\"name\":\"Jak zapobiega\u0107 uk\u0142adaniu si\u0119 w\u0142os\u00f3w na kszta\u0142t kasku?\"}]},{\"@type\":\"WebSite\",\"@id\":\"https:\/\/www.welovecycling.com\/pl\/#website\",\"url\":\"https:\/\/www.welovecycling.com\/pl\/\",\"name\":\"\u0160koda We Love Cycling - Poland\",\"description\":\"\",\"potentialAction\":[{\"@type\":\"SearchAction\",\"target\":{\"@type\":\"EntryPoint\",\"urlTemplate\":\"https:\/\/www.welovecycling.com\/pl\/?s={search_term_string}\"},\"query-input\":{\"@type\":\"PropertyValueSpecification\",\"valueRequired\":true,\"valueName\":\"search_term_string\"}}],\"inLanguage\":\"pl-PL\"},{\"@type\":\"Person\",\"@id\":\"https:\/\/www.welovecycling.com\/pl\/#\/schema\/person\/0dba2d39da943db9df3fd8f4687e7f23\",\"name\":\"piotrboczkowski\",\"image\":{\"@type\":\"ImageObject\",\"inLanguage\":\"pl-PL\",\"@id\":\"https:\/\/www.welovecycling.com\/pl\/#\/schema\/person\/image\/\",\"url\":\"https:\/\/secure.gravatar.com\/avatar\/533caccae14752e03a2ce2d3fd62d1b98b93e1393c3195c27819e53344ca1ace?s=96&d=mm&r=g\",\"contentUrl\":\"https:\/\/secure.gravatar.com\/avatar\/533caccae14752e03a2ce2d3fd62d1b98b93e1393c3195c27819e53344ca1ace?s=96&d=mm&r=g\",\"caption\":\"piotrboczkowski\"},\"url\":\"https:\/\/www.welovecycling.com\/pl\/author\/piotrboczkowski\/\"}]}<\/script>\n<!-- \/ Yoast SEO Premium plugin. -->","yoast_head_json":{"title":"Jak zapobiega\u0107 uk\u0142adaniu si\u0119 w\u0142os\u00f3w na kszta\u0142t kasku? - \u0160koda We Love Cycling - Poland","robots":{"index":"index","follow":"follow","max-snippet":"max-snippet:-1","max-image-preview":"max-image-preview:large","max-video-preview":"max-video-preview:-1"},"canonical":"https:\/\/www.welovecycling.com\/pl\/2017\/03\/06\/zapobiegac-ukladaniu-sie-wlosow-ksztalt-kasku\/","og_locale":"pl_PL","og_type":"article","og_title":"Jak zapobiega\u0107 uk\u0142adaniu si\u0119 w\u0142os\u00f3w na kszta\u0142t kasku?","og_description":"&nbsp; Ogromna wi\u0119kszo\u015b\u0107 z was chce prowadzi\u0107 zdrowy tryb \u017cycia, a zmienienie sposobu, w jaki doje\u017cd\u017camy do pracy, na wymagaj\u0105c\u0105 [&hellip;]","og_url":"https:\/\/www.welovecycling.com\/pl\/2017\/03\/06\/zapobiegac-ukladaniu-sie-wlosow-ksztalt-kasku\/","og_site_name":"\u0160koda We Love Cycling - Poland","article_published_time":"2017-03-06T16:03:53+00:00","article_modified_time":"2017-04-12T05:50:04+00:00","og_image":[{"width":1375,"height":600,"url":"https:\/\/d2p6e6u75xmxt8.cloudfront.net\/5\/2017\/03\/232332_233223.jpg","type":"image\/jpeg"}],"author":"piotrboczkowski","twitter_card":"summary_large_image","twitter_misc":{"Written by":"Bonnie Friend","Est. reading time":"4 minutes"},"schema":{"@context":"https:\/\/schema.org","@graph":[{"@type":"WebPage","@id":"https:\/\/www.welovecycling.com\/pl\/2017\/03\/06\/zapobiegac-ukladaniu-sie-wlosow-ksztalt-kasku\/","url":"https:\/\/www.welovecycling.com\/pl\/2017\/03\/06\/zapobiegac-ukladaniu-sie-wlosow-ksztalt-kasku\/","name":"Jak zapobiega\u0107 uk\u0142adaniu si\u0119 w\u0142os\u00f3w na kszta\u0142t kasku? - \u0160koda We Love Cycling - Poland","isPartOf":{"@id":"https:\/\/www.welovecycling.com\/pl\/#website"},"primaryImageOfPage":{"@id":"https:\/\/www.welovecycling.com\/pl\/2017\/03\/06\/zapobiegac-ukladaniu-sie-wlosow-ksztalt-kasku\/#primaryimage"},"image":{"@id":"https:\/\/www.welovecycling.com\/pl\/2017\/03\/06\/zapobiegac-ukladaniu-sie-wlosow-ksztalt-kasku\/#primaryimage"},"thumbnailUrl":"https:\/\/d2p6e6u75xmxt8.cloudfront.net\/5\/2017\/03\/232332_233223.jpg","datePublished":"2017-03-06T16:03:53+00:00","dateModified":"2017-04-12T05:50:04+00:00","author":{"@id":"https:\/\/www.welovecycling.com\/pl\/#\/schema\/person\/0dba2d39da943db9df3fd8f4687e7f23"},"breadcrumb":{"@id":"https:\/\/www.welovecycling.com\/pl\/2017\/03\/06\/zapobiegac-ukladaniu-sie-wlosow-ksztalt-kasku\/#breadcrumb"},"inLanguage":"pl-PL","potentialAction":[{"@type":"ReadAction","target":["https:\/\/www.welovecycling.com\/pl\/2017\/03\/06\/zapobiegac-ukladaniu-sie-wlosow-ksztalt-kasku\/"]}]},{"@type":"ImageObject","inLanguage":"pl-PL","@id":"https:\/\/www.welovecycling.com\/pl\/2017\/03\/06\/zapobiegac-ukladaniu-sie-wlosow-ksztalt-kasku\/#primaryimage","url":"https:\/\/d2p6e6u75xmxt8.cloudfront.net\/5\/2017\/03\/232332_233223.jpg","contentUrl":"https:\/\/d2p6e6u75xmxt8.cloudfront.net\/5\/2017\/03\/232332_233223.jpg","width":1375,"height":600},{"@type":"BreadcrumbList","@id":"https:\/\/www.welovecycling.com\/pl\/2017\/03\/06\/zapobiegac-ukladaniu-sie-wlosow-ksztalt-kasku\/#breadcrumb","itemListElement":[{"@type":"ListItem","position":1,"name":"Home","item":"https:\/\/www.welovecycling.com\/pl\/"},{"@type":"ListItem","position":2,"name":"Jak zapobiega\u0107 uk\u0142adaniu si\u0119 w\u0142os\u00f3w na kszta\u0142t kasku?"}]},{"@type":"WebSite","@id":"https:\/\/www.welovecycling.com\/pl\/#website","url":"https:\/\/www.welovecycling.com\/pl\/","name":"\u0160koda We Love Cycling - Poland","description":"","potentialAction":[{"@type":"SearchAction","target":{"@type":"EntryPoint","urlTemplate":"https:\/\/www.welovecycling.com\/pl\/?s={search_term_string}"},"query-input":{"@type":"PropertyValueSpecification","valueRequired":true,"valueName":"search_term_string"}}],"inLanguage":"pl-PL"},{"@type":"Person","@id":"https:\/\/www.welovecycling.com\/pl\/#\/schema\/person\/0dba2d39da943db9df3fd8f4687e7f23","name":"piotrboczkowski","image":{"@type":"ImageObject","inLanguage":"pl-PL","@id":"https:\/\/www.welovecycling.com\/pl\/#\/schema\/person\/image\/","url":"https:\/\/secure.gravatar.com\/avatar\/533caccae14752e03a2ce2d3fd62d1b98b93e1393c3195c27819e53344ca1ace?s=96&d=mm&r=g","contentUrl":"https:\/\/secure.gravatar.com\/avatar\/533caccae14752e03a2ce2d3fd62d1b98b93e1393c3195c27819e53344ca1ace?s=96&d=mm&r=g","caption":"piotrboczkowski"},"url":"https:\/\/www.welovecycling.com\/pl\/author\/piotrboczkowski\/"}]}},"_links":{"self":[{"href":"https:\/\/www.welovecycling.com\/pl\/wp-json\/wp\/v2\/posts\/2990","targetHints":{"allow":["GET"]}}],"collection":[{"href":"https:\/\/www.welovecycling.com\/pl\/wp-json\/wp\/v2\/posts"}],"about":[{"href":"https:\/\/www.welovecycling.com\/pl\/wp-json\/wp\/v2\/types\/post"}],"author":[{"embeddable":true,"href":"https:\/\/www.welovecycling.com\/pl\/wp-json\/wp\/v2\/users\/76"}],"replies":[{"embeddable":true,"href":"https:\/\/www.welovecycling.com\/pl\/wp-json\/wp\/v2\/comments?post=2990"}],"version-history":[{"count":2,"href":"https:\/\/www.welovecycling.com\/pl\/wp-json\/wp\/v2\/posts\/2990\/revisions"}],"predecessor-version":[{"id":3403,"href":"https:\/\/www.welovecycling.com\/pl\/wp-json\/wp\/v2\/posts\/2990\/revisions\/3403"}],"wp:featuredmedia":[{"embeddable":true,"href":"https:\/\/www.welovecycling.com\/pl\/wp-json\/wp\/v2\/media\/2996"}],"wp:attachment":[{"href":"https:\/\/www.welovecycling.com\/pl\/wp-json\/wp\/v2\/media?parent=2990"}],"wp:term":[{"taxonomy":"category","embeddable":true,"href":"https:\/\/www.welovecycling.com\/pl\/wp-json\/wp\/v2\/categories?post=2990"},{"taxonomy":"post_tag","embeddable":true,"href":"https:\/\/www.welovecycling.com\/pl\/wp-json\/wp\/v2\/tags?post=2990"},{"taxonomy":"global-categories","embeddable":true,"href":"https:\/\/www.welovecycling.com\/pl\/wp-json\/wp\/v2\/global-categories?post=2990"}],"curies":[{"name":"wp","href":"https:\/\/api.w.org\/{rel}","templated":true}]}}