{"id":2968,"date":"2017-02-27T15:27:51","date_gmt":"2017-02-27T15:27:51","guid":{"rendered":"https:\/\/www.welovecycling.com\/pl\/?p=2968"},"modified":"2018-04-03T09:34:06","modified_gmt":"2018-04-03T09:34:06","slug":"jazda-inspirowana-wiatrem-czyli-przejazdzka-eoliczna-odkryj-nowy-swiatowy-trend","status":"publish","type":"post","link":"https:\/\/www.welovecycling.com\/pl\/2017\/02\/27\/jazda-inspirowana-wiatrem-czyli-przejazdzka-eoliczna-odkryj-nowy-swiatowy-trend\/","title":{"rendered":"Jazda inspirowana wiatrem, czyli przeja\u017cd\u017cka eoliczna. Odkryj nowy, \u015bwiatowy trend"},"content":{"rendered":"<p>Uczestnicy takich przeja\u017cd\u017cek u\u015bmiechaj\u0105 si\u0119\u00a0do siebie szeroko, bo znowu mog\u0105 poczu\u0107 si\u0119 jak dzieci. Przeja\u017cd\u017cki eoliczne to sztuka jazdy na rowerze w specjalnych skafandrach, dzi\u0119ki kt\u00f3rym jeszcze lepiej czu\u0107 wiatr. Rowerzy\u015bci\u00a0wygl\u0105daj\u0105 w nich jak staro\u017cytne rze\u017aby na k\u00f3\u0142kach.<\/p>\n<p>Pierwsza taka wietrzna jazda odby\u0142a si\u0119 na Manhattanie w 2004 roku. Od tego czasu moda na przeja\u017cd\u017cki eoliczne rozpowszechni\u0142a si\u0119 ju\u017c w 20 r\u00f3\u017cnych miastach \u015bwiata. Uczestnicy ubrani w zwiewne kostiumy stworzone ze zrecyklingowanych spadochron\u00f3w kontrastuj\u0105 z miejskim chaosem i korkami. Zobacz wideo poni\u017cej \u2013 to prawdziwa mobilna wystawa sztuki jad\u0105ca ulicami Rio de Janeiro. Organizatorka przejazdu, Jessica Findley, zrobi\u0142a dobr\u0105 robot\u0119!<\/p>\n<p><iframe loading=\"lazy\" src=\"https:\/\/www.youtube-nocookie.com\/embed\/AVWDmHsWpJQ?ecver=1\" width=\"782\" height=\"440\" frameborder=\"0\" allowfullscreen=\"allowfullscreen\"><\/iframe><\/p>\n<p>(\u017ar\u00f3d\u0142o zdj\u0119\u0107: welovecycling.com)<\/p>\n","protected":false},"excerpt":{"rendered":"<p>Uczestnicy takich przeja\u017cd\u017cek u\u015bmiechaj\u0105 si\u0119\u00a0do siebie szeroko, bo znowu mog\u0105 poczu\u0107 si\u0119 jak dzieci. Przeja\u017cd\u017cki eoliczne to sztuka jazdy na [&hellip;]<\/p>\n","protected":false},"author":76,"featured_media":2969,"comment_status":"open","ping_status":"open","sticky":false,"template":"","format":"standard","meta":{"footnotes":""},"categories":[3],"tags":[96,103],"global-categories":[],"class_list":["post-2968","post","type-post","status-publish","format-standard","has-post-thumbnail","hentry","category-adrenalina","tag-jazda-miejska","tag-jazda-wietrzna"],"yoast_head":"<!-- This site is optimized with the Yoast SEO Premium plugin v25.3 (Yoast SEO v25.9) - https:\/\/yoast.com\/wordpress\/plugins\/seo\/ -->\n<title>Jazda inspirowana wiatrem, czyli przeja\u017cd\u017cka eoliczna. Odkryj nowy, \u015bwiatowy trend - \u0160koda We Love Cycling - Poland<\/title>\n<meta name=\"robots\" content=\"index, follow, max-snippet:-1, max-image-preview:large, max-video-preview:-1\" \/>\n<link rel=\"canonical\" href=\"https:\/\/www.welovecycling.com\/pl\/2017\/02\/27\/jazda-inspirowana-wiatrem-czyli-przejazdzka-eoliczna-odkryj-nowy-swiatowy-trend\/\" \/>\n<meta property=\"og:locale\" content=\"pl_PL\" \/>\n<meta property=\"og:type\" content=\"article\" \/>\n<meta property=\"og:title\" content=\"Jazda inspirowana wiatrem, czyli przeja\u017cd\u017cka eoliczna. Odkryj nowy, \u015bwiatowy trend\" \/>\n<meta property=\"og:description\" content=\"Uczestnicy takich przeja\u017cd\u017cek u\u015bmiechaj\u0105 si\u0119\u00a0do siebie szeroko, bo znowu mog\u0105 poczu\u0107 si\u0119 jak dzieci. Przeja\u017cd\u017cki eoliczne to sztuka jazdy na [&hellip;]\" \/>\n<meta property=\"og:url\" content=\"https:\/\/www.welovecycling.com\/pl\/2017\/02\/27\/jazda-inspirowana-wiatrem-czyli-przejazdzka-eoliczna-odkryj-nowy-swiatowy-trend\/\" \/>\n<meta property=\"og:site_name\" content=\"\u0160koda We Love Cycling - Poland\" \/>\n<meta property=\"article:published_time\" content=\"2017-02-27T15:27:51+00:00\" \/>\n<meta property=\"article:modified_time\" content=\"2018-04-03T09:34:06+00:00\" \/>\n<meta property=\"og:image\" content=\"https:\/\/d2p6e6u75xmxt8.cloudfront.net\/5\/2017\/02\/FotorCreated.jpg\" \/>\n\t<meta property=\"og:image:width\" content=\"1375\" \/>\n\t<meta property=\"og:image:height\" content=\"600\" \/>\n\t<meta property=\"og:image:type\" content=\"image\/jpeg\" \/>\n<meta name=\"author\" content=\"piotrboczkowski\" \/>\n<meta name=\"twitter:card\" content=\"summary_large_image\" \/>\n<meta name=\"twitter:label1\" content=\"Written by\" \/>\n\t<meta name=\"twitter:data1\" content=\"Monica Buck\" \/>\n\t<meta name=\"twitter:label2\" content=\"Est. reading time\" \/>\n\t<meta name=\"twitter:data2\" content=\"1 minute\" \/>\n<script type=\"application\/ld+json\" class=\"yoast-schema-graph\">{\"@context\":\"https:\/\/schema.org\",\"@graph\":[{\"@type\":\"WebPage\",\"@id\":\"https:\/\/www.welovecycling.com\/pl\/2017\/02\/27\/jazda-inspirowana-wiatrem-czyli-przejazdzka-eoliczna-odkryj-nowy-swiatowy-trend\/\",\"url\":\"https:\/\/www.welovecycling.com\/pl\/2017\/02\/27\/jazda-inspirowana-wiatrem-czyli-przejazdzka-eoliczna-odkryj-nowy-swiatowy-trend\/\",\"name\":\"Jazda inspirowana wiatrem, czyli przeja\u017cd\u017cka eoliczna. Odkryj nowy, \u015bwiatowy trend - \u0160koda We Love Cycling - Poland\",\"isPartOf\":{\"@id\":\"https:\/\/www.welovecycling.com\/pl\/#website\"},\"primaryImageOfPage\":{\"@id\":\"https:\/\/www.welovecycling.com\/pl\/2017\/02\/27\/jazda-inspirowana-wiatrem-czyli-przejazdzka-eoliczna-odkryj-nowy-swiatowy-trend\/#primaryimage\"},\"image\":{\"@id\":\"https:\/\/www.welovecycling.com\/pl\/2017\/02\/27\/jazda-inspirowana-wiatrem-czyli-przejazdzka-eoliczna-odkryj-nowy-swiatowy-trend\/#primaryimage\"},\"thumbnailUrl\":\"https:\/\/d2p6e6u75xmxt8.cloudfront.net\/5\/2017\/02\/FotorCreated.jpg\",\"datePublished\":\"2017-02-27T15:27:51+00:00\",\"dateModified\":\"2018-04-03T09:34:06+00:00\",\"author\":{\"@id\":\"https:\/\/www.welovecycling.com\/pl\/#\/schema\/person\/0dba2d39da943db9df3fd8f4687e7f23\"},\"breadcrumb\":{\"@id\":\"https:\/\/www.welovecycling.com\/pl\/2017\/02\/27\/jazda-inspirowana-wiatrem-czyli-przejazdzka-eoliczna-odkryj-nowy-swiatowy-trend\/#breadcrumb\"},\"inLanguage\":\"pl-PL\",\"potentialAction\":[{\"@type\":\"ReadAction\",\"target\":[\"https:\/\/www.welovecycling.com\/pl\/2017\/02\/27\/jazda-inspirowana-wiatrem-czyli-przejazdzka-eoliczna-odkryj-nowy-swiatowy-trend\/\"]}]},{\"@type\":\"ImageObject\",\"inLanguage\":\"pl-PL\",\"@id\":\"https:\/\/www.welovecycling.com\/pl\/2017\/02\/27\/jazda-inspirowana-wiatrem-czyli-przejazdzka-eoliczna-odkryj-nowy-swiatowy-trend\/#primaryimage\",\"url\":\"https:\/\/d2p6e6u75xmxt8.cloudfront.net\/5\/2017\/02\/FotorCreated.jpg\",\"contentUrl\":\"https:\/\/d2p6e6u75xmxt8.cloudfront.net\/5\/2017\/02\/FotorCreated.jpg\",\"width\":1375,\"height\":600},{\"@type\":\"BreadcrumbList\",\"@id\":\"https:\/\/www.welovecycling.com\/pl\/2017\/02\/27\/jazda-inspirowana-wiatrem-czyli-przejazdzka-eoliczna-odkryj-nowy-swiatowy-trend\/#breadcrumb\",\"itemListElement\":[{\"@type\":\"ListItem\",\"position\":1,\"name\":\"Home\",\"item\":\"https:\/\/www.welovecycling.com\/pl\/\"},{\"@type\":\"ListItem\",\"position\":2,\"name\":\"Jazda inspirowana wiatrem, czyli przeja\u017cd\u017cka eoliczna. Odkryj nowy, \u015bwiatowy trend\"}]},{\"@type\":\"WebSite\",\"@id\":\"https:\/\/www.welovecycling.com\/pl\/#website\",\"url\":\"https:\/\/www.welovecycling.com\/pl\/\",\"name\":\"\u0160koda We Love Cycling - Poland\",\"description\":\"\",\"potentialAction\":[{\"@type\":\"SearchAction\",\"target\":{\"@type\":\"EntryPoint\",\"urlTemplate\":\"https:\/\/www.welovecycling.com\/pl\/?s={search_term_string}\"},\"query-input\":{\"@type\":\"PropertyValueSpecification\",\"valueRequired\":true,\"valueName\":\"search_term_string\"}}],\"inLanguage\":\"pl-PL\"},{\"@type\":\"Person\",\"@id\":\"https:\/\/www.welovecycling.com\/pl\/#\/schema\/person\/0dba2d39da943db9df3fd8f4687e7f23\",\"name\":\"piotrboczkowski\",\"image\":{\"@type\":\"ImageObject\",\"inLanguage\":\"pl-PL\",\"@id\":\"https:\/\/www.welovecycling.com\/pl\/#\/schema\/person\/image\/\",\"url\":\"https:\/\/secure.gravatar.com\/avatar\/533caccae14752e03a2ce2d3fd62d1b98b93e1393c3195c27819e53344ca1ace?s=96&d=mm&r=g\",\"contentUrl\":\"https:\/\/secure.gravatar.com\/avatar\/533caccae14752e03a2ce2d3fd62d1b98b93e1393c3195c27819e53344ca1ace?s=96&d=mm&r=g\",\"caption\":\"piotrboczkowski\"},\"url\":\"https:\/\/www.welovecycling.com\/pl\/author\/piotrboczkowski\/\"}]}<\/script>\n<!-- \/ Yoast SEO Premium plugin. -->","yoast_head_json":{"title":"Jazda inspirowana wiatrem, czyli przeja\u017cd\u017cka eoliczna. Odkryj nowy, \u015bwiatowy trend - \u0160koda We Love Cycling - Poland","robots":{"index":"index","follow":"follow","max-snippet":"max-snippet:-1","max-image-preview":"max-image-preview:large","max-video-preview":"max-video-preview:-1"},"canonical":"https:\/\/www.welovecycling.com\/pl\/2017\/02\/27\/jazda-inspirowana-wiatrem-czyli-przejazdzka-eoliczna-odkryj-nowy-swiatowy-trend\/","og_locale":"pl_PL","og_type":"article","og_title":"Jazda inspirowana wiatrem, czyli przeja\u017cd\u017cka eoliczna. Odkryj nowy, \u015bwiatowy trend","og_description":"Uczestnicy takich przeja\u017cd\u017cek u\u015bmiechaj\u0105 si\u0119\u00a0do siebie szeroko, bo znowu mog\u0105 poczu\u0107 si\u0119 jak dzieci. Przeja\u017cd\u017cki eoliczne to sztuka jazdy na [&hellip;]","og_url":"https:\/\/www.welovecycling.com\/pl\/2017\/02\/27\/jazda-inspirowana-wiatrem-czyli-przejazdzka-eoliczna-odkryj-nowy-swiatowy-trend\/","og_site_name":"\u0160koda We Love Cycling - Poland","article_published_time":"2017-02-27T15:27:51+00:00","article_modified_time":"2018-04-03T09:34:06+00:00","og_image":[{"width":1375,"height":600,"url":"https:\/\/d2p6e6u75xmxt8.cloudfront.net\/5\/2017\/02\/FotorCreated.jpg","type":"image\/jpeg"}],"author":"piotrboczkowski","twitter_card":"summary_large_image","twitter_misc":{"Written by":"Monica Buck","Est. reading time":"1 minute"},"schema":{"@context":"https:\/\/schema.org","@graph":[{"@type":"WebPage","@id":"https:\/\/www.welovecycling.com\/pl\/2017\/02\/27\/jazda-inspirowana-wiatrem-czyli-przejazdzka-eoliczna-odkryj-nowy-swiatowy-trend\/","url":"https:\/\/www.welovecycling.com\/pl\/2017\/02\/27\/jazda-inspirowana-wiatrem-czyli-przejazdzka-eoliczna-odkryj-nowy-swiatowy-trend\/","name":"Jazda inspirowana wiatrem, czyli przeja\u017cd\u017cka eoliczna. Odkryj nowy, \u015bwiatowy trend - \u0160koda We Love Cycling - Poland","isPartOf":{"@id":"https:\/\/www.welovecycling.com\/pl\/#website"},"primaryImageOfPage":{"@id":"https:\/\/www.welovecycling.com\/pl\/2017\/02\/27\/jazda-inspirowana-wiatrem-czyli-przejazdzka-eoliczna-odkryj-nowy-swiatowy-trend\/#primaryimage"},"image":{"@id":"https:\/\/www.welovecycling.com\/pl\/2017\/02\/27\/jazda-inspirowana-wiatrem-czyli-przejazdzka-eoliczna-odkryj-nowy-swiatowy-trend\/#primaryimage"},"thumbnailUrl":"https:\/\/d2p6e6u75xmxt8.cloudfront.net\/5\/2017\/02\/FotorCreated.jpg","datePublished":"2017-02-27T15:27:51+00:00","dateModified":"2018-04-03T09:34:06+00:00","author":{"@id":"https:\/\/www.welovecycling.com\/pl\/#\/schema\/person\/0dba2d39da943db9df3fd8f4687e7f23"},"breadcrumb":{"@id":"https:\/\/www.welovecycling.com\/pl\/2017\/02\/27\/jazda-inspirowana-wiatrem-czyli-przejazdzka-eoliczna-odkryj-nowy-swiatowy-trend\/#breadcrumb"},"inLanguage":"pl-PL","potentialAction":[{"@type":"ReadAction","target":["https:\/\/www.welovecycling.com\/pl\/2017\/02\/27\/jazda-inspirowana-wiatrem-czyli-przejazdzka-eoliczna-odkryj-nowy-swiatowy-trend\/"]}]},{"@type":"ImageObject","inLanguage":"pl-PL","@id":"https:\/\/www.welovecycling.com\/pl\/2017\/02\/27\/jazda-inspirowana-wiatrem-czyli-przejazdzka-eoliczna-odkryj-nowy-swiatowy-trend\/#primaryimage","url":"https:\/\/d2p6e6u75xmxt8.cloudfront.net\/5\/2017\/02\/FotorCreated.jpg","contentUrl":"https:\/\/d2p6e6u75xmxt8.cloudfront.net\/5\/2017\/02\/FotorCreated.jpg","width":1375,"height":600},{"@type":"BreadcrumbList","@id":"https:\/\/www.welovecycling.com\/pl\/2017\/02\/27\/jazda-inspirowana-wiatrem-czyli-przejazdzka-eoliczna-odkryj-nowy-swiatowy-trend\/#breadcrumb","itemListElement":[{"@type":"ListItem","position":1,"name":"Home","item":"https:\/\/www.welovecycling.com\/pl\/"},{"@type":"ListItem","position":2,"name":"Jazda inspirowana wiatrem, czyli przeja\u017cd\u017cka eoliczna. Odkryj nowy, \u015bwiatowy trend"}]},{"@type":"WebSite","@id":"https:\/\/www.welovecycling.com\/pl\/#website","url":"https:\/\/www.welovecycling.com\/pl\/","name":"\u0160koda We Love Cycling - Poland","description":"","potentialAction":[{"@type":"SearchAction","target":{"@type":"EntryPoint","urlTemplate":"https:\/\/www.welovecycling.com\/pl\/?s={search_term_string}"},"query-input":{"@type":"PropertyValueSpecification","valueRequired":true,"valueName":"search_term_string"}}],"inLanguage":"pl-PL"},{"@type":"Person","@id":"https:\/\/www.welovecycling.com\/pl\/#\/schema\/person\/0dba2d39da943db9df3fd8f4687e7f23","name":"piotrboczkowski","image":{"@type":"ImageObject","inLanguage":"pl-PL","@id":"https:\/\/www.welovecycling.com\/pl\/#\/schema\/person\/image\/","url":"https:\/\/secure.gravatar.com\/avatar\/533caccae14752e03a2ce2d3fd62d1b98b93e1393c3195c27819e53344ca1ace?s=96&d=mm&r=g","contentUrl":"https:\/\/secure.gravatar.com\/avatar\/533caccae14752e03a2ce2d3fd62d1b98b93e1393c3195c27819e53344ca1ace?s=96&d=mm&r=g","caption":"piotrboczkowski"},"url":"https:\/\/www.welovecycling.com\/pl\/author\/piotrboczkowski\/"}]}},"_links":{"self":[{"href":"https:\/\/www.welovecycling.com\/pl\/wp-json\/wp\/v2\/posts\/2968","targetHints":{"allow":["GET"]}}],"collection":[{"href":"https:\/\/www.welovecycling.com\/pl\/wp-json\/wp\/v2\/posts"}],"about":[{"href":"https:\/\/www.welovecycling.com\/pl\/wp-json\/wp\/v2\/types\/post"}],"author":[{"embeddable":true,"href":"https:\/\/www.welovecycling.com\/pl\/wp-json\/wp\/v2\/users\/76"}],"replies":[{"embeddable":true,"href":"https:\/\/www.welovecycling.com\/pl\/wp-json\/wp\/v2\/comments?post=2968"}],"version-history":[{"count":2,"href":"https:\/\/www.welovecycling.com\/pl\/wp-json\/wp\/v2\/posts\/2968\/revisions"}],"predecessor-version":[{"id":3393,"href":"https:\/\/www.welovecycling.com\/pl\/wp-json\/wp\/v2\/posts\/2968\/revisions\/3393"}],"wp:featuredmedia":[{"embeddable":true,"href":"https:\/\/www.welovecycling.com\/pl\/wp-json\/wp\/v2\/media\/2969"}],"wp:attachment":[{"href":"https:\/\/www.welovecycling.com\/pl\/wp-json\/wp\/v2\/media?parent=2968"}],"wp:term":[{"taxonomy":"category","embeddable":true,"href":"https:\/\/www.welovecycling.com\/pl\/wp-json\/wp\/v2\/categories?post=2968"},{"taxonomy":"post_tag","embeddable":true,"href":"https:\/\/www.welovecycling.com\/pl\/wp-json\/wp\/v2\/tags?post=2968"},{"taxonomy":"global-categories","embeddable":true,"href":"https:\/\/www.welovecycling.com\/pl\/wp-json\/wp\/v2\/global-categories?post=2968"}],"curies":[{"name":"wp","href":"https:\/\/api.w.org\/{rel}","templated":true}]}}