{"id":2963,"date":"2017-02-24T15:49:31","date_gmt":"2017-02-24T15:49:31","guid":{"rendered":"https:\/\/www.welovecycling.com\/pl\/?p=2963"},"modified":"2017-04-12T04:54:02","modified_gmt":"2017-04-12T04:54:02","slug":"piatka-dzieci-jednym-rowerze-dla-tej-odwaznej-kobiety-zaden-problem","status":"publish","type":"post","link":"https:\/\/www.welovecycling.com\/pl\/2017\/02\/24\/piatka-dzieci-jednym-rowerze-dla-tej-odwaznej-kobiety-zaden-problem\/","title":{"rendered":"Sz\u00f3stka dzieci na jednym rowerze? Dla tej odwa\u017cnej kobiety to \u017caden problem!"},"content":{"rendered":"<p>Wiele os\u00f3b zmaga si\u0119 z decyzj\u0105 o zamianie samochodu na rower. Wydaje si\u0119, \u017ce wygoda, brak dost\u0119pu i pogoda cz\u0119sto przewa\u017caj\u0105 nad potencjalnymi korzy\u015bciami, takimi jak poprawa kondycji fizycznej i dbanie o\u00a0\u015brodowisko. Ale ci, kt\u00f3rzy zdecydowali si\u0119 zrezygnowa\u0107 z czterech k\u00f3\u0142ek na rzecz dw\u00f3ch, rzadko tego \u017ca\u0142uj\u0105. Mo\u017ce jest co\u015b wi\u0119cej w je\u017adzie na rowerze ni\u017c tylko to, \u017ce mo\u017cemy sobie podnie\u015b\u0107 t\u0119tno i lepiej si\u0119 czu\u0107 dzi\u0119ki temu, \u017ce nie pozostawiamy za sob\u0105\u00a0spalin.<\/p>\n<p>We\u017amy na przyk\u0142ad Emily Finch, mieszkaj\u0105c\u0105 na przedmie\u015bciach matk\u0119 sze\u015bciorga\u00a0dzieci, kt\u00f3ra w 2009 roku zdecydowa\u0142a, \u017ce jest gotowa na zmian\u0119. Nawi\u0105zawszy ponownie bliskie stosunki ze swoim ojcem, Emily zainteresowa\u0142a si\u0119 tematem zr\u00f3wnowa\u017conego rozwoju i i zacz\u0119\u0142a si\u0119 zastanawia\u0107 nad innymi\u00a0mo\u017cliwo\u015bciami dla przysz\u0142o\u015bci swojej rodziny. My\u015bla\u0142a nad tym, jak jej \u017cycie wygl\u0105da\u0142oby bez minivana, i nie trzeba dodawa\u0107, \u017ce uzna\u0142a ten pomys\u0142 za intryguj\u0105cy.<\/p>\n<p><a href=\"https:\/\/d2p6e6u75xmxt8.cloudfront.net\/5\/2017\/02\/BYPbSMUCMAM-TmV.jpg\"><img loading=\"lazy\" decoding=\"async\" class=\"alignnone size-full wp-image-2964\" src=\"https:\/\/d2p6e6u75xmxt8.cloudfront.net\/5\/2017\/02\/BYPbSMUCMAM-TmV.jpg\" alt=\"\" width=\"600\" height=\"600\" srcset=\"https:\/\/d2p6e6u75xmxt8.cloudfront.net\/5\/2017\/02\/BYPbSMUCMAM-TmV.jpg 600w, https:\/\/d2p6e6u75xmxt8.cloudfront.net\/5\/2017\/02\/BYPbSMUCMAM-TmV-150x150.jpg 150w, https:\/\/d2p6e6u75xmxt8.cloudfront.net\/5\/2017\/02\/BYPbSMUCMAM-TmV-300x300.jpg 300w\" sizes=\"auto, (max-width: 600px) 100vw, 600px\" \/><\/a><\/p>\n<p>Oczywi\u015bcie, kiedy ma si\u0119 rodzin\u0119 i sze\u015bcioro\u00a0ma\u0142ych dzieci do przewo\u017cenia, nie jest to tak proste jak wybranie standardowego modelu roweru w lokalnym sklepie rowerowym. Jednak na dow\u00f3d swojej odwagi Emily jednego wieczora usiad\u0142a przy komputerze i wpisa\u0142a \u201erodzinny rower\u201d w wyszukiwark\u0119. Znalaz\u0142a holenderskie rowery transportowe Bakfiet i wszystko si\u0119 zmieni\u0142o.<\/p>\n<p>Rower przys\u0142ano kilka tygodni p\u00f3\u017aniej i tak rozpocz\u0119\u0142a si\u0119 jej przygoda.\u00a0 Pomimo tego, \u017ce Emily by\u0142a podekscytowana mo\u017cliwo\u015bciami, jakie przed sob\u0105 widzia\u0142a, nie by\u0142a to mi\u0142o\u015b\u0107 od pierwszej przeja\u017cd\u017cki. Kiedy sta\u0142a si\u0119 aktywnym ambasadorem rower\u00f3w w mediach spo\u0142eczno\u015bciowych, szczerze opowiada o ogromnym fizycznym wyczerpaniu, jakiego do\u015bwiadczy\u0142a za pierwszym razem, gdy za\u0142adowa\u0142a swoje dzieci i wyjecha\u0142a na ulice. Gdy tak z trudem porusza\u0142a ogromn\u0105 maszyn\u0119 (rower sam w sobie wa\u017cy\u0142 ponad 100 funt\u00f3w), obawia\u0142a si\u0119, \u017ce pope\u0142ni\u0142a b\u0142\u0105d.<\/p>\n<p>https:\/\/twitter.com\/1lessgmsuburban\/status\/302854084514430976\/photo\/1<\/p>\n<p>Jednak\u017ce, zobowi\u0105zuj\u0105c si\u0119 do utrzymania podj\u0119tej decyzji, uzna\u0142a, \u017ce nie ma odwrotu. Wytrwa\u0142a w niej i z ka\u017cd\u0105 kolejn\u0105 przeja\u017cd\u017ck\u0105 stawa\u0142a si\u0119 coraz silniejsza i sprawniejsza. Opracowa\u0142a w\u0142asn\u0105 technik\u0119 jazdy i nauczy\u0142a si\u0119, jak jej cia\u0142o wsp\u00f3\u0142pracuje z rowerem. \u2013 Po prostu wci\u0105\u017c peda\u0142owa\u0142am&#8230; i przywyk\u0142am do tego, a teraz ten rower jest cz\u0119\u015bci\u0105 mnie \u2013 dumnie o\u015bwiadczy\u0142a na swoim Twitterze. Od tamtej pory stawa\u0142a si\u0119 coraz silniejsza i inspirowa\u0142a wszystkich wok\u00f3\u0142 siebie. Jak mo\u017cna przewidzie\u0107, zdarzy\u0142y si\u0119 ci\u0119\u017ckie chwile dla tej rowerowej rodziny, ale nauczyli si\u0119 wsp\u00f3lnie je przezwyci\u0119\u017ca\u0107. Gdy pada, ubieraj\u0105 si\u0119 ciep\u0142o i mokn\u0105. Gdy przychodz\u0105 napady z\u0142o\u015bci, Emily twierdzi, \u017ce liny do skoku na bungee s\u0105 dla niej ratunkiem. Wiele spo\u015br\u00f3d jej przyjaci\u00f3\u0142 r\u00f3wnie\u017c zmotywowa\u0142a do jazdy na rowerze ze swoimi dzie\u0107mi, tworz\u0105c w ten spos\u00f3b spo\u0142eczno\u015b\u0107 i system wsparcia, z kt\u00f3rego wszyscy czerpi\u0105 korzy\u015bci.<\/p>\n<p>W tej opowie\u015bci o przemianie, pomimo sukcesu, pojawi\u0142a si\u0119\u00a0jedna przeszkoda do pokonania . Po tym, jak Emily zaszczepi\u0142a w wielu osobach mi\u0142o\u015b\u0107 do rower\u00f3w \u2013 i jej sz\u00f3stki dzieci \u2013 pewnego ranka pod koniec 2013 roku obudzi\u0142a si\u0119 i zorientowa\u0142a, \u017ce s\u0142ynny rower zosta\u0142 skradziony z domu w Portland. Wywo\u0142a\u0142o to powszechne oburzenie, a ca\u0142a spo\u0142eczno\u015b\u0107 niestrudzenie stara\u0142a si\u0119 pom\u00f3c jej odzyska\u0107 rodzinny \u015brodek transportu. Niestety, nawet ze wsparciem wielu kampanii prowadzonych w mediach spo\u0142eczno\u015bciowych, aby odnale\u017a\u0107 rower Bakfiets i zwr\u00f3ci\u0107 go prawowitej w\u0142a\u015bcicielce, pojazdu nigdy nie odnaleziono.<\/p>\n<div class=\"embed-controller-wrapper\">\n<blockquote class=\"twitter-tweet\" data-width=\"500\" data-dnt=\"true\">\n<p lang=\"en\" dir=\"ltr\">Minor ankle sprain had us riding the bus this week. Yawn. <a href=\"http:\/\/t.co\/GYdPOcm3\">pic.twitter.com\/GYdPOcm3<\/a><\/p>\n<p>&mdash; Emily Finch (@1lessgmsuburban) <a href=\"https:\/\/twitter.com\/1lessgmsuburban\/status\/289180359864774657?ref_src=twsrc%5Etfw\">January 10, 2013<\/a><\/p><\/blockquote>\n<p><script async data-src=\"https:\/\/platform.twitter.com\/widgets.js\" charset=\"utf-8\"><\/script><\/div>\n<p>Czy to powstrzyma\u0142o Emily? Mowy nie ma. Ju\u017c wtedy by\u0142a ona uzale\u017cniona od takiego trybu \u017cycia, a ze wsparciem spo\u0142eczno\u015bci uda\u0142o jej si\u0119 nadal wozi\u0107 dzieci po ulicach Portland na r\u00f3\u017cnych rowerach po\u017cyczanych z lokalnych sklep\u00f3w, a ostatecznie dosta\u0142a pojazd\u00a0dostosowany indywidualnie do jej potrzeb, kt\u00f3ry stworzy\u0142 lokalny robotnik. Od tamtej pory znalaz\u0142a si\u0119 z powrotem na drodze i nie zamierza zwalnia\u0107 ani na chwil\u0119.<\/p>\n<p>Chodzi o to, \u017ce gdy si\u0119 uzale\u017cni\u0142a, to ju\u017c nic nie mog\u0142o jej powstrzyma\u0107 od prowadzenia \u017cycia wed\u0142ug w\u0142asnej wizji.\u00a0 Historia o tym, jak rower sta\u0142 si\u0119 nieroz\u0142\u0105czn\u0105 cz\u0119\u015bci\u0105 \u017cycia Emily i jej rodziny, dowodzi, jak wiele jazda na rowerze mo\u017ce zmieni\u0107 w \u017cyciu ludzi, kt\u00f3rzy si\u0119 na taki styl \u017cycia zdecyduj\u0105. Emily przypisuje je\u017adzie na rowerze zas\u0142ugi za przywr\u00f3cenie jej szcz\u0119\u015bcia i utrzymanie jej zdrowia psychicznego. Je\u017adzi na rowerze, poniewa\u017c to j\u0105 uszcz\u0119\u015bliwia i pomaga jej radzi\u0107 sobie ze stresem, kt\u00f3ry nieuchronnie towarzyszy matce sz\u00f3stki dzieci.<\/p>\n<p>https:\/\/www.instagram.com\/p\/SykZyEycx3\/<\/p>\n<p>Opr\u00f3cz poprawienia jako\u015bci swojego \u017cycia, Emily r\u00f3wnie\u017c \u00a0dzieci\u00a0uczy zdrowych mechanizm\u00f3w radzenia sobie w trudnych sytuacjach i zach\u0119ca je do podejmowania w\u0142asnego, aktywnego piel\u0119gnowania swojej \u015bcie\u017cki \u017cycia. Daj\u0105c wspania\u0142y przyk\u0142ad, pokazuje im, \u017ce znalezienie czasu, aby o siebie codziennie zadba\u0107, jest czym\u015b, w czym nikt inny ich nie wyr\u0119czy. Emily zdecydowanie jest osob\u0105, kt\u00f3ra wie, jak docenia\u0107 proste przyjemno\u015bci w \u017cyciu, czerpa\u0107 rozkosz z satysfakcji, jak\u0105 mo\u017ce da\u0107 rodzina i dobre zdrowie.<\/p>\n<p>Mo\u017ce by\u0107 to zupe\u0142nie inne wyzwanie od zdobywania szczyt\u00f3w g\u00f3r, ale osi\u0105gni\u0119cie rowerowe Emily jest r\u00f3wnie imponuj\u0105ce i inspiruj\u0105ce. \u2013 Kocham m\u00f3j rower \u2013 m\u00f3wi. \u2013 Bo zmieni\u0142 moje \u017cycie. Nie potrafi\u0119 tego do ko\u0144ca wyja\u015bni\u0107. Po prostu, m\u00f3j rower mnie uszcz\u0119\u015bliwia.<\/p>\n<p>Jej historia jest przyk\u0142adem na to, \u017ce ci\u0119\u017cka praca staje si\u0119 \u0142atwiejsza, gdy t\u0119 prac\u0119 zaczynasz wykonywa\u0107 z przyjemno\u015bci\u0105. Jako przypomnienie, \u017ce nigdy nie nale\u017cy lekcewa\u017cy\u0107 warto\u015bci, jak\u0105 ma w sobie robienie tego, co kochasz, historia Emily pokazuje, \u017ce nigdy nie jest za p\u00f3\u017ano, aby co\u015b zmieni\u0107. A jak posiadanie roweru zmieni\u0142o wasze \u017cycie?<\/p>\n<p>(\u017ar\u00f3d\u0142o zdj\u0119\u0107: welovecycing.com)<\/p>\n","protected":false},"excerpt":{"rendered":"<p>Wiele os\u00f3b zmaga si\u0119 z decyzj\u0105 o zamianie samochodu na rower. Wydaje si\u0119, \u017ce wygoda, brak dost\u0119pu i pogoda cz\u0119sto [&hellip;]<\/p>\n","protected":false},"author":76,"featured_media":2965,"comment_status":"open","ping_status":"open","sticky":false,"template":"","format":"standard","meta":{"footnotes":""},"categories":[1],"tags":[],"global-categories":[],"class_list":["post-2963","post","type-post","status-publish","format-standard","has-post-thumbnail","hentry","category-uncategorized"],"yoast_head":"<!-- This site is optimized with the Yoast SEO Premium plugin v25.3 (Yoast SEO v25.9) - https:\/\/yoast.com\/wordpress\/plugins\/seo\/ -->\n<title>Sz\u00f3stka dzieci na jednym rowerze? Dla tej odwa\u017cnej kobiety to \u017caden problem! - \u0160koda We Love Cycling - Poland<\/title>\n<meta name=\"robots\" content=\"index, follow, max-snippet:-1, max-image-preview:large, max-video-preview:-1\" \/>\n<link rel=\"canonical\" href=\"https:\/\/www.welovecycling.com\/pl\/2017\/02\/24\/piatka-dzieci-jednym-rowerze-dla-tej-odwaznej-kobiety-zaden-problem\/\" \/>\n<meta property=\"og:locale\" content=\"pl_PL\" \/>\n<meta property=\"og:type\" content=\"article\" \/>\n<meta property=\"og:title\" content=\"Sz\u00f3stka dzieci na jednym rowerze? Dla tej odwa\u017cnej kobiety to \u017caden problem!\" \/>\n<meta property=\"og:description\" content=\"Wiele os\u00f3b zmaga si\u0119 z decyzj\u0105 o zamianie samochodu na rower. Wydaje si\u0119, \u017ce wygoda, brak dost\u0119pu i pogoda cz\u0119sto [&hellip;]\" \/>\n<meta property=\"og:url\" content=\"https:\/\/www.welovecycling.com\/pl\/2017\/02\/24\/piatka-dzieci-jednym-rowerze-dla-tej-odwaznej-kobiety-zaden-problem\/\" \/>\n<meta property=\"og:site_name\" content=\"\u0160koda We Love Cycling - Poland\" \/>\n<meta property=\"article:published_time\" content=\"2017-02-24T15:49:31+00:00\" \/>\n<meta property=\"article:modified_time\" content=\"2017-04-12T04:54:02+00:00\" \/>\n<meta property=\"og:image\" content=\"https:\/\/d2p6e6u75xmxt8.cloudfront.net\/5\/2017\/02\/4884992_484498984.jpg\" \/>\n\t<meta property=\"og:image:width\" content=\"1375\" \/>\n\t<meta property=\"og:image:height\" content=\"600\" \/>\n\t<meta property=\"og:image:type\" content=\"image\/jpeg\" \/>\n<meta name=\"author\" content=\"piotrboczkowski\" \/>\n<meta name=\"twitter:card\" content=\"summary_large_image\" \/>\n<meta name=\"twitter:label1\" content=\"Written by\" \/>\n\t<meta name=\"twitter:data1\" content=\"WeLoveCycling.com\" \/>\n\t<meta name=\"twitter:label2\" content=\"Est. reading time\" \/>\n\t<meta name=\"twitter:data2\" content=\"5 minutes\" \/>\n<script type=\"application\/ld+json\" class=\"yoast-schema-graph\">{\"@context\":\"https:\/\/schema.org\",\"@graph\":[{\"@type\":\"WebPage\",\"@id\":\"https:\/\/www.welovecycling.com\/pl\/2017\/02\/24\/piatka-dzieci-jednym-rowerze-dla-tej-odwaznej-kobiety-zaden-problem\/\",\"url\":\"https:\/\/www.welovecycling.com\/pl\/2017\/02\/24\/piatka-dzieci-jednym-rowerze-dla-tej-odwaznej-kobiety-zaden-problem\/\",\"name\":\"Sz\u00f3stka dzieci na jednym rowerze? Dla tej odwa\u017cnej kobiety to \u017caden problem! - \u0160koda We Love Cycling - Poland\",\"isPartOf\":{\"@id\":\"https:\/\/www.welovecycling.com\/pl\/#website\"},\"primaryImageOfPage\":{\"@id\":\"https:\/\/www.welovecycling.com\/pl\/2017\/02\/24\/piatka-dzieci-jednym-rowerze-dla-tej-odwaznej-kobiety-zaden-problem\/#primaryimage\"},\"image\":{\"@id\":\"https:\/\/www.welovecycling.com\/pl\/2017\/02\/24\/piatka-dzieci-jednym-rowerze-dla-tej-odwaznej-kobiety-zaden-problem\/#primaryimage\"},\"thumbnailUrl\":\"https:\/\/d2p6e6u75xmxt8.cloudfront.net\/5\/2017\/02\/4884992_484498984.jpg\",\"datePublished\":\"2017-02-24T15:49:31+00:00\",\"dateModified\":\"2017-04-12T04:54:02+00:00\",\"author\":{\"@id\":\"https:\/\/www.welovecycling.com\/pl\/#\/schema\/person\/0dba2d39da943db9df3fd8f4687e7f23\"},\"breadcrumb\":{\"@id\":\"https:\/\/www.welovecycling.com\/pl\/2017\/02\/24\/piatka-dzieci-jednym-rowerze-dla-tej-odwaznej-kobiety-zaden-problem\/#breadcrumb\"},\"inLanguage\":\"pl-PL\",\"potentialAction\":[{\"@type\":\"ReadAction\",\"target\":[\"https:\/\/www.welovecycling.com\/pl\/2017\/02\/24\/piatka-dzieci-jednym-rowerze-dla-tej-odwaznej-kobiety-zaden-problem\/\"]}]},{\"@type\":\"ImageObject\",\"inLanguage\":\"pl-PL\",\"@id\":\"https:\/\/www.welovecycling.com\/pl\/2017\/02\/24\/piatka-dzieci-jednym-rowerze-dla-tej-odwaznej-kobiety-zaden-problem\/#primaryimage\",\"url\":\"https:\/\/d2p6e6u75xmxt8.cloudfront.net\/5\/2017\/02\/4884992_484498984.jpg\",\"contentUrl\":\"https:\/\/d2p6e6u75xmxt8.cloudfront.net\/5\/2017\/02\/4884992_484498984.jpg\",\"width\":1375,\"height\":600},{\"@type\":\"BreadcrumbList\",\"@id\":\"https:\/\/www.welovecycling.com\/pl\/2017\/02\/24\/piatka-dzieci-jednym-rowerze-dla-tej-odwaznej-kobiety-zaden-problem\/#breadcrumb\",\"itemListElement\":[{\"@type\":\"ListItem\",\"position\":1,\"name\":\"Home\",\"item\":\"https:\/\/www.welovecycling.com\/pl\/\"},{\"@type\":\"ListItem\",\"position\":2,\"name\":\"Sz\u00f3stka dzieci na jednym rowerze? Dla tej odwa\u017cnej kobiety to \u017caden problem!\"}]},{\"@type\":\"WebSite\",\"@id\":\"https:\/\/www.welovecycling.com\/pl\/#website\",\"url\":\"https:\/\/www.welovecycling.com\/pl\/\",\"name\":\"\u0160koda We Love Cycling - Poland\",\"description\":\"\",\"potentialAction\":[{\"@type\":\"SearchAction\",\"target\":{\"@type\":\"EntryPoint\",\"urlTemplate\":\"https:\/\/www.welovecycling.com\/pl\/?s={search_term_string}\"},\"query-input\":{\"@type\":\"PropertyValueSpecification\",\"valueRequired\":true,\"valueName\":\"search_term_string\"}}],\"inLanguage\":\"pl-PL\"},{\"@type\":\"Person\",\"@id\":\"https:\/\/www.welovecycling.com\/pl\/#\/schema\/person\/0dba2d39da943db9df3fd8f4687e7f23\",\"name\":\"piotrboczkowski\",\"image\":{\"@type\":\"ImageObject\",\"inLanguage\":\"pl-PL\",\"@id\":\"https:\/\/www.welovecycling.com\/pl\/#\/schema\/person\/image\/\",\"url\":\"https:\/\/secure.gravatar.com\/avatar\/533caccae14752e03a2ce2d3fd62d1b98b93e1393c3195c27819e53344ca1ace?s=96&d=mm&r=g\",\"contentUrl\":\"https:\/\/secure.gravatar.com\/avatar\/533caccae14752e03a2ce2d3fd62d1b98b93e1393c3195c27819e53344ca1ace?s=96&d=mm&r=g\",\"caption\":\"piotrboczkowski\"},\"url\":\"https:\/\/www.welovecycling.com\/pl\/author\/piotrboczkowski\/\"}]}<\/script>\n<!-- \/ Yoast SEO Premium plugin. -->","yoast_head_json":{"title":"Sz\u00f3stka dzieci na jednym rowerze? Dla tej odwa\u017cnej kobiety to \u017caden problem! - \u0160koda We Love Cycling - Poland","robots":{"index":"index","follow":"follow","max-snippet":"max-snippet:-1","max-image-preview":"max-image-preview:large","max-video-preview":"max-video-preview:-1"},"canonical":"https:\/\/www.welovecycling.com\/pl\/2017\/02\/24\/piatka-dzieci-jednym-rowerze-dla-tej-odwaznej-kobiety-zaden-problem\/","og_locale":"pl_PL","og_type":"article","og_title":"Sz\u00f3stka dzieci na jednym rowerze? Dla tej odwa\u017cnej kobiety to \u017caden problem!","og_description":"Wiele os\u00f3b zmaga si\u0119 z decyzj\u0105 o zamianie samochodu na rower. Wydaje si\u0119, \u017ce wygoda, brak dost\u0119pu i pogoda cz\u0119sto [&hellip;]","og_url":"https:\/\/www.welovecycling.com\/pl\/2017\/02\/24\/piatka-dzieci-jednym-rowerze-dla-tej-odwaznej-kobiety-zaden-problem\/","og_site_name":"\u0160koda We Love Cycling - Poland","article_published_time":"2017-02-24T15:49:31+00:00","article_modified_time":"2017-04-12T04:54:02+00:00","og_image":[{"width":1375,"height":600,"url":"https:\/\/d2p6e6u75xmxt8.cloudfront.net\/5\/2017\/02\/4884992_484498984.jpg","type":"image\/jpeg"}],"author":"piotrboczkowski","twitter_card":"summary_large_image","twitter_misc":{"Written by":"WeLoveCycling.com","Est. reading time":"5 minutes"},"schema":{"@context":"https:\/\/schema.org","@graph":[{"@type":"WebPage","@id":"https:\/\/www.welovecycling.com\/pl\/2017\/02\/24\/piatka-dzieci-jednym-rowerze-dla-tej-odwaznej-kobiety-zaden-problem\/","url":"https:\/\/www.welovecycling.com\/pl\/2017\/02\/24\/piatka-dzieci-jednym-rowerze-dla-tej-odwaznej-kobiety-zaden-problem\/","name":"Sz\u00f3stka dzieci na jednym rowerze? Dla tej odwa\u017cnej kobiety to \u017caden problem! - \u0160koda We Love Cycling - Poland","isPartOf":{"@id":"https:\/\/www.welovecycling.com\/pl\/#website"},"primaryImageOfPage":{"@id":"https:\/\/www.welovecycling.com\/pl\/2017\/02\/24\/piatka-dzieci-jednym-rowerze-dla-tej-odwaznej-kobiety-zaden-problem\/#primaryimage"},"image":{"@id":"https:\/\/www.welovecycling.com\/pl\/2017\/02\/24\/piatka-dzieci-jednym-rowerze-dla-tej-odwaznej-kobiety-zaden-problem\/#primaryimage"},"thumbnailUrl":"https:\/\/d2p6e6u75xmxt8.cloudfront.net\/5\/2017\/02\/4884992_484498984.jpg","datePublished":"2017-02-24T15:49:31+00:00","dateModified":"2017-04-12T04:54:02+00:00","author":{"@id":"https:\/\/www.welovecycling.com\/pl\/#\/schema\/person\/0dba2d39da943db9df3fd8f4687e7f23"},"breadcrumb":{"@id":"https:\/\/www.welovecycling.com\/pl\/2017\/02\/24\/piatka-dzieci-jednym-rowerze-dla-tej-odwaznej-kobiety-zaden-problem\/#breadcrumb"},"inLanguage":"pl-PL","potentialAction":[{"@type":"ReadAction","target":["https:\/\/www.welovecycling.com\/pl\/2017\/02\/24\/piatka-dzieci-jednym-rowerze-dla-tej-odwaznej-kobiety-zaden-problem\/"]}]},{"@type":"ImageObject","inLanguage":"pl-PL","@id":"https:\/\/www.welovecycling.com\/pl\/2017\/02\/24\/piatka-dzieci-jednym-rowerze-dla-tej-odwaznej-kobiety-zaden-problem\/#primaryimage","url":"https:\/\/d2p6e6u75xmxt8.cloudfront.net\/5\/2017\/02\/4884992_484498984.jpg","contentUrl":"https:\/\/d2p6e6u75xmxt8.cloudfront.net\/5\/2017\/02\/4884992_484498984.jpg","width":1375,"height":600},{"@type":"BreadcrumbList","@id":"https:\/\/www.welovecycling.com\/pl\/2017\/02\/24\/piatka-dzieci-jednym-rowerze-dla-tej-odwaznej-kobiety-zaden-problem\/#breadcrumb","itemListElement":[{"@type":"ListItem","position":1,"name":"Home","item":"https:\/\/www.welovecycling.com\/pl\/"},{"@type":"ListItem","position":2,"name":"Sz\u00f3stka dzieci na jednym rowerze? Dla tej odwa\u017cnej kobiety to \u017caden problem!"}]},{"@type":"WebSite","@id":"https:\/\/www.welovecycling.com\/pl\/#website","url":"https:\/\/www.welovecycling.com\/pl\/","name":"\u0160koda We Love Cycling - Poland","description":"","potentialAction":[{"@type":"SearchAction","target":{"@type":"EntryPoint","urlTemplate":"https:\/\/www.welovecycling.com\/pl\/?s={search_term_string}"},"query-input":{"@type":"PropertyValueSpecification","valueRequired":true,"valueName":"search_term_string"}}],"inLanguage":"pl-PL"},{"@type":"Person","@id":"https:\/\/www.welovecycling.com\/pl\/#\/schema\/person\/0dba2d39da943db9df3fd8f4687e7f23","name":"piotrboczkowski","image":{"@type":"ImageObject","inLanguage":"pl-PL","@id":"https:\/\/www.welovecycling.com\/pl\/#\/schema\/person\/image\/","url":"https:\/\/secure.gravatar.com\/avatar\/533caccae14752e03a2ce2d3fd62d1b98b93e1393c3195c27819e53344ca1ace?s=96&d=mm&r=g","contentUrl":"https:\/\/secure.gravatar.com\/avatar\/533caccae14752e03a2ce2d3fd62d1b98b93e1393c3195c27819e53344ca1ace?s=96&d=mm&r=g","caption":"piotrboczkowski"},"url":"https:\/\/www.welovecycling.com\/pl\/author\/piotrboczkowski\/"}]}},"_links":{"self":[{"href":"https:\/\/www.welovecycling.com\/pl\/wp-json\/wp\/v2\/posts\/2963","targetHints":{"allow":["GET"]}}],"collection":[{"href":"https:\/\/www.welovecycling.com\/pl\/wp-json\/wp\/v2\/posts"}],"about":[{"href":"https:\/\/www.welovecycling.com\/pl\/wp-json\/wp\/v2\/types\/post"}],"author":[{"embeddable":true,"href":"https:\/\/www.welovecycling.com\/pl\/wp-json\/wp\/v2\/users\/76"}],"replies":[{"embeddable":true,"href":"https:\/\/www.welovecycling.com\/pl\/wp-json\/wp\/v2\/comments?post=2963"}],"version-history":[{"count":2,"href":"https:\/\/www.welovecycling.com\/pl\/wp-json\/wp\/v2\/posts\/2963\/revisions"}],"predecessor-version":[{"id":3391,"href":"https:\/\/www.welovecycling.com\/pl\/wp-json\/wp\/v2\/posts\/2963\/revisions\/3391"}],"wp:featuredmedia":[{"embeddable":true,"href":"https:\/\/www.welovecycling.com\/pl\/wp-json\/wp\/v2\/media\/2965"}],"wp:attachment":[{"href":"https:\/\/www.welovecycling.com\/pl\/wp-json\/wp\/v2\/media?parent=2963"}],"wp:term":[{"taxonomy":"category","embeddable":true,"href":"https:\/\/www.welovecycling.com\/pl\/wp-json\/wp\/v2\/categories?post=2963"},{"taxonomy":"post_tag","embeddable":true,"href":"https:\/\/www.welovecycling.com\/pl\/wp-json\/wp\/v2\/tags?post=2963"},{"taxonomy":"global-categories","embeddable":true,"href":"https:\/\/www.welovecycling.com\/pl\/wp-json\/wp\/v2\/global-categories?post=2963"}],"curies":[{"name":"wp","href":"https:\/\/api.w.org\/{rel}","templated":true}]}}