{"id":2907,"date":"2017-02-17T23:19:43","date_gmt":"2017-02-17T23:19:43","guid":{"rendered":"https:\/\/www.welovecycling.com\/pl\/?p=2907"},"modified":"2017-02-17T23:20:45","modified_gmt":"2017-02-17T23:20:45","slug":"sie-zimy-boimy-czyli-rowerowa-parada-moskwie","status":"publish","type":"post","link":"https:\/\/www.welovecycling.com\/pl\/2017\/02\/17\/sie-zimy-boimy-czyli-rowerowa-parada-moskwie\/","title":{"rendered":"My si\u0119 zimy nie boimy, czyli rowerowa parada w Moskwie"},"content":{"rendered":"<p>&nbsp;<\/p>\n<p>Co zaskakuj\u0105ce, pierwsza parada w tym roku w stolicy Rosji nie mia\u0142a charakteru militarnego. Zosta\u0142a zorganizowana przez Departament Transportu w Moskwie 8 stycznia i mimo mrozu zgromadzi\u0142a ok. 500 rowerzyst\u00f3w. Temperatura tego dnia spad\u0142a do -28\u00b0C, wi\u0119c wydarzenie musia\u0142o by\u0107 zabezpieczone przez s\u0142u\u017cby ratunkowe, ale na szcz\u0119\u015bcie okaza\u0142y si\u0119 one niepotrzebne. Trzeba przyzna\u0107, \u017ce Rosjanie to zahartowana nacja!<\/p>\n<p><iframe loading=\"lazy\" src=\"https:\/\/www.youtube-nocookie.com\/embed\/qMHPV0pGsWk?ecver=1\" width=\"782\" height=\"440\" frameborder=\"0\" allowfullscreen=\"allowfullscreen\"><\/iframe><\/p>\n<p>&nbsp;<\/p>\n<p><img loading=\"lazy\" decoding=\"async\" class=\"size-large wp-image-2909\" src=\"https:\/\/d2p6e6u75xmxt8.cloudfront.net\/5\/2017\/02\/profimedia-0310247282-1024x705.jpg\" alt=\"\" width=\"1024\" height=\"705\" srcset=\"https:\/\/d2p6e6u75xmxt8.cloudfront.net\/5\/2017\/02\/profimedia-0310247282-1024x705.jpg 1024w, https:\/\/d2p6e6u75xmxt8.cloudfront.net\/5\/2017\/02\/profimedia-0310247282-300x207.jpg 300w, https:\/\/d2p6e6u75xmxt8.cloudfront.net\/5\/2017\/02\/profimedia-0310247282-768x529.jpg 768w, https:\/\/d2p6e6u75xmxt8.cloudfront.net\/5\/2017\/02\/profimedia-0310247282.jpg 1800w\" sizes=\"auto, (max-width: 1024px) 100vw, 1024px\" \/><\/p>\n<p><a href=\"https:\/\/d2p6e6u75xmxt8.cloudfront.net\/5\/2017\/02\/profimedia-0310535703.jpg\"><img loading=\"lazy\" decoding=\"async\" class=\"size-large wp-image-2908\" src=\"https:\/\/d2p6e6u75xmxt8.cloudfront.net\/5\/2017\/02\/profimedia-0310535703-1024x683.jpg\" alt=\"\" width=\"1024\" height=\"683\" srcset=\"https:\/\/d2p6e6u75xmxt8.cloudfront.net\/5\/2017\/02\/profimedia-0310535703-1024x683.jpg 1024w, https:\/\/d2p6e6u75xmxt8.cloudfront.net\/5\/2017\/02\/profimedia-0310535703-300x200.jpg 300w, https:\/\/d2p6e6u75xmxt8.cloudfront.net\/5\/2017\/02\/profimedia-0310535703-768x512.jpg 768w, https:\/\/d2p6e6u75xmxt8.cloudfront.net\/5\/2017\/02\/profimedia-0310535703-272x182.jpg 272w, https:\/\/d2p6e6u75xmxt8.cloudfront.net\/5\/2017\/02\/profimedia-0310535703.jpg 1800w\" sizes=\"auto, (max-width: 1024px) 100vw, 1024px\" \/><\/a><\/p>\n<p>&nbsp;<\/p>\n<p><a href=\"https:\/\/d2p6e6u75xmxt8.cloudfront.net\/5\/2017\/02\/profimedia-0310535682.jpg\"><img loading=\"lazy\" decoding=\"async\" class=\"size-large wp-image-2910\" src=\"https:\/\/d2p6e6u75xmxt8.cloudfront.net\/5\/2017\/02\/profimedia-0310535682-1024x683.jpg\" alt=\"\" width=\"1024\" height=\"683\" srcset=\"https:\/\/d2p6e6u75xmxt8.cloudfront.net\/5\/2017\/02\/profimedia-0310535682-1024x683.jpg 1024w, https:\/\/d2p6e6u75xmxt8.cloudfront.net\/5\/2017\/02\/profimedia-0310535682-300x200.jpg 300w, https:\/\/d2p6e6u75xmxt8.cloudfront.net\/5\/2017\/02\/profimedia-0310535682-768x512.jpg 768w, https:\/\/d2p6e6u75xmxt8.cloudfront.net\/5\/2017\/02\/profimedia-0310535682-272x182.jpg 272w, https:\/\/d2p6e6u75xmxt8.cloudfront.net\/5\/2017\/02\/profimedia-0310535682.jpg 1800w\" sizes=\"auto, (max-width: 1024px) 100vw, 1024px\" \/><\/a><\/p>\n<p>&nbsp;<\/p>\n<p><a href=\"https:\/\/d2p6e6u75xmxt8.cloudfront.net\/5\/2017\/02\/profimedia-0310535670.jpg\"><img loading=\"lazy\" decoding=\"async\" class=\"size-large wp-image-2911\" src=\"https:\/\/d2p6e6u75xmxt8.cloudfront.net\/5\/2017\/02\/profimedia-0310535670-1024x683.jpg\" alt=\"\" width=\"1024\" height=\"683\" srcset=\"https:\/\/d2p6e6u75xmxt8.cloudfront.net\/5\/2017\/02\/profimedia-0310535670-1024x683.jpg 1024w, https:\/\/d2p6e6u75xmxt8.cloudfront.net\/5\/2017\/02\/profimedia-0310535670-300x200.jpg 300w, https:\/\/d2p6e6u75xmxt8.cloudfront.net\/5\/2017\/02\/profimedia-0310535670-768x512.jpg 768w, https:\/\/d2p6e6u75xmxt8.cloudfront.net\/5\/2017\/02\/profimedia-0310535670-272x182.jpg 272w, https:\/\/d2p6e6u75xmxt8.cloudfront.net\/5\/2017\/02\/profimedia-0310535670.jpg 1800w\" sizes=\"auto, (max-width: 1024px) 100vw, 1024px\" \/><\/a><\/p>\n<p>&nbsp;<\/p>\n<p>(\u017ar\u00f3d\u0142o zdj\u0119\u0107: welovecycling.com)<\/p>\n","protected":false},"excerpt":{"rendered":"<p>&nbsp; Co zaskakuj\u0105ce, pierwsza parada w tym roku w stolicy Rosji nie mia\u0142a charakteru militarnego. Zosta\u0142a zorganizowana przez Departament Transportu [&hellip;]<\/p>\n","protected":false},"author":76,"featured_media":2913,"comment_status":"open","ping_status":"open","sticky":false,"template":"","format":"standard","meta":{"footnotes":""},"categories":[1],"tags":[101,102],"global-categories":[],"class_list":["post-2907","post","type-post","status-publish","format-standard","has-post-thumbnail","hentry","category-uncategorized","tag-moskwa","tag-parada"],"yoast_head":"<!-- This site is optimized with the Yoast SEO Premium plugin v25.3 (Yoast SEO v25.9) - https:\/\/yoast.com\/wordpress\/plugins\/seo\/ -->\n<title>My si\u0119 zimy nie boimy, czyli rowerowa parada w Moskwie - \u0160koda We Love Cycling - Poland<\/title>\n<meta name=\"robots\" content=\"index, follow, max-snippet:-1, max-image-preview:large, max-video-preview:-1\" \/>\n<link rel=\"canonical\" href=\"https:\/\/www.welovecycling.com\/pl\/2017\/02\/17\/sie-zimy-boimy-czyli-rowerowa-parada-moskwie\/\" \/>\n<meta property=\"og:locale\" content=\"pl_PL\" \/>\n<meta property=\"og:type\" content=\"article\" \/>\n<meta property=\"og:title\" content=\"My si\u0119 zimy nie boimy, czyli rowerowa parada w Moskwie\" \/>\n<meta property=\"og:description\" content=\"&nbsp; Co zaskakuj\u0105ce, pierwsza parada w tym roku w stolicy Rosji nie mia\u0142a charakteru militarnego. Zosta\u0142a zorganizowana przez Departament Transportu [&hellip;]\" \/>\n<meta property=\"og:url\" content=\"https:\/\/www.welovecycling.com\/pl\/2017\/02\/17\/sie-zimy-boimy-czyli-rowerowa-parada-moskwie\/\" \/>\n<meta property=\"og:site_name\" content=\"\u0160koda We Love Cycling - Poland\" \/>\n<meta property=\"article:published_time\" content=\"2017-02-17T23:19:43+00:00\" \/>\n<meta property=\"article:modified_time\" content=\"2017-02-17T23:20:45+00:00\" \/>\n<meta property=\"og:image\" content=\"https:\/\/d2p6e6u75xmxt8.cloudfront.net\/5\/2017\/02\/244224_42422442.jpg\" \/>\n\t<meta property=\"og:image:width\" content=\"1375\" \/>\n\t<meta property=\"og:image:height\" content=\"600\" \/>\n\t<meta property=\"og:image:type\" content=\"image\/jpeg\" \/>\n<meta name=\"author\" content=\"piotrboczkowski\" \/>\n<meta name=\"twitter:card\" content=\"summary_large_image\" \/>\n<meta name=\"twitter:label1\" content=\"Written by\" \/>\n\t<meta name=\"twitter:data1\" content=\"Monica Buck\" \/>\n<script type=\"application\/ld+json\" class=\"yoast-schema-graph\">{\"@context\":\"https:\/\/schema.org\",\"@graph\":[{\"@type\":\"WebPage\",\"@id\":\"https:\/\/www.welovecycling.com\/pl\/2017\/02\/17\/sie-zimy-boimy-czyli-rowerowa-parada-moskwie\/\",\"url\":\"https:\/\/www.welovecycling.com\/pl\/2017\/02\/17\/sie-zimy-boimy-czyli-rowerowa-parada-moskwie\/\",\"name\":\"My si\u0119 zimy nie boimy, czyli rowerowa parada w Moskwie - \u0160koda We Love Cycling - Poland\",\"isPartOf\":{\"@id\":\"https:\/\/www.welovecycling.com\/pl\/#website\"},\"primaryImageOfPage\":{\"@id\":\"https:\/\/www.welovecycling.com\/pl\/2017\/02\/17\/sie-zimy-boimy-czyli-rowerowa-parada-moskwie\/#primaryimage\"},\"image\":{\"@id\":\"https:\/\/www.welovecycling.com\/pl\/2017\/02\/17\/sie-zimy-boimy-czyli-rowerowa-parada-moskwie\/#primaryimage\"},\"thumbnailUrl\":\"https:\/\/d2p6e6u75xmxt8.cloudfront.net\/5\/2017\/02\/244224_42422442.jpg\",\"datePublished\":\"2017-02-17T23:19:43+00:00\",\"dateModified\":\"2017-02-17T23:20:45+00:00\",\"author\":{\"@id\":\"https:\/\/www.welovecycling.com\/pl\/#\/schema\/person\/0dba2d39da943db9df3fd8f4687e7f23\"},\"breadcrumb\":{\"@id\":\"https:\/\/www.welovecycling.com\/pl\/2017\/02\/17\/sie-zimy-boimy-czyli-rowerowa-parada-moskwie\/#breadcrumb\"},\"inLanguage\":\"pl-PL\",\"potentialAction\":[{\"@type\":\"ReadAction\",\"target\":[\"https:\/\/www.welovecycling.com\/pl\/2017\/02\/17\/sie-zimy-boimy-czyli-rowerowa-parada-moskwie\/\"]}]},{\"@type\":\"ImageObject\",\"inLanguage\":\"pl-PL\",\"@id\":\"https:\/\/www.welovecycling.com\/pl\/2017\/02\/17\/sie-zimy-boimy-czyli-rowerowa-parada-moskwie\/#primaryimage\",\"url\":\"https:\/\/d2p6e6u75xmxt8.cloudfront.net\/5\/2017\/02\/244224_42422442.jpg\",\"contentUrl\":\"https:\/\/d2p6e6u75xmxt8.cloudfront.net\/5\/2017\/02\/244224_42422442.jpg\",\"width\":1375,\"height\":600},{\"@type\":\"BreadcrumbList\",\"@id\":\"https:\/\/www.welovecycling.com\/pl\/2017\/02\/17\/sie-zimy-boimy-czyli-rowerowa-parada-moskwie\/#breadcrumb\",\"itemListElement\":[{\"@type\":\"ListItem\",\"position\":1,\"name\":\"Home\",\"item\":\"https:\/\/www.welovecycling.com\/pl\/\"},{\"@type\":\"ListItem\",\"position\":2,\"name\":\"My si\u0119 zimy nie boimy, czyli rowerowa parada w Moskwie\"}]},{\"@type\":\"WebSite\",\"@id\":\"https:\/\/www.welovecycling.com\/pl\/#website\",\"url\":\"https:\/\/www.welovecycling.com\/pl\/\",\"name\":\"\u0160koda We Love Cycling - Poland\",\"description\":\"\",\"potentialAction\":[{\"@type\":\"SearchAction\",\"target\":{\"@type\":\"EntryPoint\",\"urlTemplate\":\"https:\/\/www.welovecycling.com\/pl\/?s={search_term_string}\"},\"query-input\":{\"@type\":\"PropertyValueSpecification\",\"valueRequired\":true,\"valueName\":\"search_term_string\"}}],\"inLanguage\":\"pl-PL\"},{\"@type\":\"Person\",\"@id\":\"https:\/\/www.welovecycling.com\/pl\/#\/schema\/person\/0dba2d39da943db9df3fd8f4687e7f23\",\"name\":\"piotrboczkowski\",\"image\":{\"@type\":\"ImageObject\",\"inLanguage\":\"pl-PL\",\"@id\":\"https:\/\/www.welovecycling.com\/pl\/#\/schema\/person\/image\/\",\"url\":\"https:\/\/secure.gravatar.com\/avatar\/533caccae14752e03a2ce2d3fd62d1b98b93e1393c3195c27819e53344ca1ace?s=96&d=mm&r=g\",\"contentUrl\":\"https:\/\/secure.gravatar.com\/avatar\/533caccae14752e03a2ce2d3fd62d1b98b93e1393c3195c27819e53344ca1ace?s=96&d=mm&r=g\",\"caption\":\"piotrboczkowski\"},\"url\":\"https:\/\/www.welovecycling.com\/pl\/author\/piotrboczkowski\/\"}]}<\/script>\n<!-- \/ Yoast SEO Premium plugin. -->","yoast_head_json":{"title":"My si\u0119 zimy nie boimy, czyli rowerowa parada w Moskwie - \u0160koda We Love Cycling - Poland","robots":{"index":"index","follow":"follow","max-snippet":"max-snippet:-1","max-image-preview":"max-image-preview:large","max-video-preview":"max-video-preview:-1"},"canonical":"https:\/\/www.welovecycling.com\/pl\/2017\/02\/17\/sie-zimy-boimy-czyli-rowerowa-parada-moskwie\/","og_locale":"pl_PL","og_type":"article","og_title":"My si\u0119 zimy nie boimy, czyli rowerowa parada w Moskwie","og_description":"&nbsp; Co zaskakuj\u0105ce, pierwsza parada w tym roku w stolicy Rosji nie mia\u0142a charakteru militarnego. Zosta\u0142a zorganizowana przez Departament Transportu [&hellip;]","og_url":"https:\/\/www.welovecycling.com\/pl\/2017\/02\/17\/sie-zimy-boimy-czyli-rowerowa-parada-moskwie\/","og_site_name":"\u0160koda We Love Cycling - Poland","article_published_time":"2017-02-17T23:19:43+00:00","article_modified_time":"2017-02-17T23:20:45+00:00","og_image":[{"width":1375,"height":600,"url":"https:\/\/d2p6e6u75xmxt8.cloudfront.net\/5\/2017\/02\/244224_42422442.jpg","type":"image\/jpeg"}],"author":"piotrboczkowski","twitter_card":"summary_large_image","twitter_misc":{"Written by":"Monica Buck"},"schema":{"@context":"https:\/\/schema.org","@graph":[{"@type":"WebPage","@id":"https:\/\/www.welovecycling.com\/pl\/2017\/02\/17\/sie-zimy-boimy-czyli-rowerowa-parada-moskwie\/","url":"https:\/\/www.welovecycling.com\/pl\/2017\/02\/17\/sie-zimy-boimy-czyli-rowerowa-parada-moskwie\/","name":"My si\u0119 zimy nie boimy, czyli rowerowa parada w Moskwie - \u0160koda We Love Cycling - Poland","isPartOf":{"@id":"https:\/\/www.welovecycling.com\/pl\/#website"},"primaryImageOfPage":{"@id":"https:\/\/www.welovecycling.com\/pl\/2017\/02\/17\/sie-zimy-boimy-czyli-rowerowa-parada-moskwie\/#primaryimage"},"image":{"@id":"https:\/\/www.welovecycling.com\/pl\/2017\/02\/17\/sie-zimy-boimy-czyli-rowerowa-parada-moskwie\/#primaryimage"},"thumbnailUrl":"https:\/\/d2p6e6u75xmxt8.cloudfront.net\/5\/2017\/02\/244224_42422442.jpg","datePublished":"2017-02-17T23:19:43+00:00","dateModified":"2017-02-17T23:20:45+00:00","author":{"@id":"https:\/\/www.welovecycling.com\/pl\/#\/schema\/person\/0dba2d39da943db9df3fd8f4687e7f23"},"breadcrumb":{"@id":"https:\/\/www.welovecycling.com\/pl\/2017\/02\/17\/sie-zimy-boimy-czyli-rowerowa-parada-moskwie\/#breadcrumb"},"inLanguage":"pl-PL","potentialAction":[{"@type":"ReadAction","target":["https:\/\/www.welovecycling.com\/pl\/2017\/02\/17\/sie-zimy-boimy-czyli-rowerowa-parada-moskwie\/"]}]},{"@type":"ImageObject","inLanguage":"pl-PL","@id":"https:\/\/www.welovecycling.com\/pl\/2017\/02\/17\/sie-zimy-boimy-czyli-rowerowa-parada-moskwie\/#primaryimage","url":"https:\/\/d2p6e6u75xmxt8.cloudfront.net\/5\/2017\/02\/244224_42422442.jpg","contentUrl":"https:\/\/d2p6e6u75xmxt8.cloudfront.net\/5\/2017\/02\/244224_42422442.jpg","width":1375,"height":600},{"@type":"BreadcrumbList","@id":"https:\/\/www.welovecycling.com\/pl\/2017\/02\/17\/sie-zimy-boimy-czyli-rowerowa-parada-moskwie\/#breadcrumb","itemListElement":[{"@type":"ListItem","position":1,"name":"Home","item":"https:\/\/www.welovecycling.com\/pl\/"},{"@type":"ListItem","position":2,"name":"My si\u0119 zimy nie boimy, czyli rowerowa parada w Moskwie"}]},{"@type":"WebSite","@id":"https:\/\/www.welovecycling.com\/pl\/#website","url":"https:\/\/www.welovecycling.com\/pl\/","name":"\u0160koda We Love Cycling - Poland","description":"","potentialAction":[{"@type":"SearchAction","target":{"@type":"EntryPoint","urlTemplate":"https:\/\/www.welovecycling.com\/pl\/?s={search_term_string}"},"query-input":{"@type":"PropertyValueSpecification","valueRequired":true,"valueName":"search_term_string"}}],"inLanguage":"pl-PL"},{"@type":"Person","@id":"https:\/\/www.welovecycling.com\/pl\/#\/schema\/person\/0dba2d39da943db9df3fd8f4687e7f23","name":"piotrboczkowski","image":{"@type":"ImageObject","inLanguage":"pl-PL","@id":"https:\/\/www.welovecycling.com\/pl\/#\/schema\/person\/image\/","url":"https:\/\/secure.gravatar.com\/avatar\/533caccae14752e03a2ce2d3fd62d1b98b93e1393c3195c27819e53344ca1ace?s=96&d=mm&r=g","contentUrl":"https:\/\/secure.gravatar.com\/avatar\/533caccae14752e03a2ce2d3fd62d1b98b93e1393c3195c27819e53344ca1ace?s=96&d=mm&r=g","caption":"piotrboczkowski"},"url":"https:\/\/www.welovecycling.com\/pl\/author\/piotrboczkowski\/"}]}},"_links":{"self":[{"href":"https:\/\/www.welovecycling.com\/pl\/wp-json\/wp\/v2\/posts\/2907","targetHints":{"allow":["GET"]}}],"collection":[{"href":"https:\/\/www.welovecycling.com\/pl\/wp-json\/wp\/v2\/posts"}],"about":[{"href":"https:\/\/www.welovecycling.com\/pl\/wp-json\/wp\/v2\/types\/post"}],"author":[{"embeddable":true,"href":"https:\/\/www.welovecycling.com\/pl\/wp-json\/wp\/v2\/users\/76"}],"replies":[{"embeddable":true,"href":"https:\/\/www.welovecycling.com\/pl\/wp-json\/wp\/v2\/comments?post=2907"}],"version-history":[{"count":1,"href":"https:\/\/www.welovecycling.com\/pl\/wp-json\/wp\/v2\/posts\/2907\/revisions"}],"predecessor-version":[{"id":2912,"href":"https:\/\/www.welovecycling.com\/pl\/wp-json\/wp\/v2\/posts\/2907\/revisions\/2912"}],"wp:featuredmedia":[{"embeddable":true,"href":"https:\/\/www.welovecycling.com\/pl\/wp-json\/wp\/v2\/media\/2913"}],"wp:attachment":[{"href":"https:\/\/www.welovecycling.com\/pl\/wp-json\/wp\/v2\/media?parent=2907"}],"wp:term":[{"taxonomy":"category","embeddable":true,"href":"https:\/\/www.welovecycling.com\/pl\/wp-json\/wp\/v2\/categories?post=2907"},{"taxonomy":"post_tag","embeddable":true,"href":"https:\/\/www.welovecycling.com\/pl\/wp-json\/wp\/v2\/tags?post=2907"},{"taxonomy":"global-categories","embeddable":true,"href":"https:\/\/www.welovecycling.com\/pl\/wp-json\/wp\/v2\/global-categories?post=2907"}],"curies":[{"name":"wp","href":"https:\/\/api.w.org\/{rel}","templated":true}]}}